{"id":64895,"date":"2025-08-12T15:44:41","date_gmt":"2025-08-12T21:44:41","guid":{"rendered":"https:\/\/www.bbmnoticias.com\/labravaradiofm\/2025\/08\/12\/presenta-gobierno-de-oaxaca-caravanas-del-medio-ambiente-layu-stidu\/"},"modified":"2025-08-12T15:44:48","modified_gmt":"2025-08-12T21:44:48","slug":"presenta-gobierno-de-oaxaca-caravanas-del-medio-ambiente-layu-stidu","status":"publish","type":"post","link":"https:\/\/www.bbmnoticias.com\/labravaradiofm\/2025\/08\/12\/presenta-gobierno-de-oaxaca-caravanas-del-medio-ambiente-layu-stidu\/","title":{"rendered":"Presenta Gobierno de Oaxaca Caravanas del Medio Ambiente Lay\u00fa Stidu"},"content":{"rendered":"<div style=\"margin-top: 0px; margin-bottom: 0px;\" class=\"sharethis-inline-share-buttons\" ><\/div>\n<p><strong>Oaxaca de Ju\u00e1rez, Oax. \u2013<\/strong> El Gobierno del Estado present\u00f3 el programa Caravanas del Medio Ambiente Lay\u00fa Stidu, modelo a nivel nacional, con el fin de fortalecer las capacidades municipales y de n\u00facleos agrarios para enfrentar los retos ambientales en el territorio estatal.<\/p>\n\n\n\n<p>Esta estrategia, denominada Lay\u00fa Stidu, en zapoteco \u201cnuestra tierra\u201d, trabaja en seis ejes: Gesti\u00f3n Integral de Cuencas y Recursos H\u00eddricos, Gesti\u00f3n Integral de Residuos S\u00f3lidos, Cambio Clim\u00e1tico y Energ\u00edas Renovables, Gesti\u00f3n de la Calidad del Aire, Educaci\u00f3n Ambiental y Conservaci\u00f3n de los Recursos Naturales.<\/p>\n\n\n\n<p>En el marco del proyecto de transformaci\u00f3n y trabajo en territorio que encabeza el Gobernador Salom\u00f3n Jara Cruz, la titular de la Secretar\u00eda de Medio Ambiente, Karime Unda Harp explic\u00f3 que estas acciones buscan acercar estos servicios p\u00fablicos a las comunidades y brindar, junto con las autoridades municipales, sociedad civil y actores comunitarios, soluciones para un futuro m\u00e1s sostenible.<\/p>\n\n\n\n<p>Detall\u00f3 que mediante visitas programadas a diversos municipios sede, personal t\u00e9cnico de la Secretar\u00eda brindar\u00e1 asistencia t\u00e9cnica, capacitaci\u00f3n y acompa\u00f1amiento directo, sin intermediarios, en temas fundamentales para la gesti\u00f3n ambiental y el desarrollo sostenible.<\/p>\n\n\n\n<p>\u201cEs una estrategia que provee un mecanismo de justicia ambiental territorial y de vinculaci\u00f3n para los 570 municipios; en el que se brindan y acercan las herramientas, conocimientos y soluciones a quienes enfrentan los impactos m\u00e1s profundos del deterioro ambiental; as\u00ed como se promueve una cultura de corresponsabilidad para la sostenibilidad del estado\u201d, refiri\u00f3 la funcionaria.<\/p>\n\n\n\n<p>Indic\u00f3 que estas acciones son parte del compromiso del Mandatario estatal de ejercer un gobierno cercano al pueblo con justicia territorial, por lo que la Secretar\u00eda acude a las localidades para escuchar, orientar y construir atenciones ambientales.<\/p>\n","protected":false},"excerpt":{"rendered":"<p>Oaxaca de Ju\u00e1rez, Oax. \u2013 El Gobierno del Estado present\u00f3 el programa Caravanas del Medio Ambiente Lay\u00fa Stidu, modelo a nivel nacional, con el fin de fortalecer las capacidades municipales y de n\u00facleos agrarios para enfrentar los retos ambientales en el territorio estatal. Esta estrategia, denominada Lay\u00fa Stidu, en zapoteco \u201cnuestra tierra\u201d, trabaja en seis [&hellip;]<\/p>\n","protected":false},"author":2,"featured_media":64897,"comment_status":"closed","ping_status":"","sticky":false,"template":"","format":"standard","meta":{"footnotes":""},"categories":[2],"tags":[],"class_list":{"0":"post-64895","1":"post","2":"type-post","3":"status-publish","4":"format-standard","5":"has-post-thumbnail","7":"category-oaxaca"},"yoast_head":"<!-- This site is optimized with the Yoast SEO plugin v27.4 - https:\/\/yoast.com\/product\/yoast-seo-wordpress\/ -->\n<title>Presenta Gobierno de Oaxaca Caravanas del Medio Ambiente Lay\u00fa Stidu - LA BRAVA RADIO<\/title>\n<meta name=\"robots\" content=\"index, follow, max-snippet:-1, max-image-preview:large, max-video-preview:-1\" \/>\n<link rel=\"canonical\" href=\"https:\/\/www.bbmnoticias.com\/blog\/2025\/08\/12\/presenta-gobierno-de-oaxaca-caravanas-del-medio-ambiente-layu-stidu\/\" \/>\n<meta property=\"og:locale\" content=\"es_MX\" \/>\n<meta property=\"og:type\" content=\"article\" \/>\n<meta property=\"og:title\" content=\"Presenta Gobierno de Oaxaca Caravanas del Medio Ambiente Lay\u00fa Stidu - LA BRAVA RADIO\" \/>\n<meta property=\"og:description\" content=\"Oaxaca de Ju\u00e1rez, Oax. \u2013 El Gobierno del Estado present\u00f3 el programa Caravanas del Medio Ambiente Lay\u00fa Stidu, modelo a nivel nacional, con el fin de fortalecer las capacidades municipales y de n\u00facleos agrarios para enfrentar los retos ambientales en el territorio estatal. Esta estrategia, denominada Lay\u00fa Stidu, en zapoteco \u201cnuestra tierra\u201d, trabaja en seis [&hellip;]\" \/>\n<meta property=\"og:url\" content=\"https:\/\/www.bbmnoticias.com\/blog\/2025\/08\/12\/presenta-gobierno-de-oaxaca-caravanas-del-medio-ambiente-layu-stidu\/\" \/>\n<meta property=\"og:site_name\" content=\"LA BRAVA RADIO\" \/>\n<meta property=\"article:published_time\" content=\"2025-08-12T21:44:41+00:00\" \/>\n<meta property=\"article:modified_time\" content=\"2025-08-12T21:44:48+00:00\" \/>\n<meta property=\"og:image\" content=\"https:\/\/www.bbmnoticias.com\/labravaradiofm\/wp-content\/uploads\/sites\/5\/2025\/08\/thumbnail_Presenta-Gobierno-de-Oaxaca-Caravanas-del-Medio-Ambiente-Layu-Stidu-3.jpg\" \/>\n\t<meta property=\"og:image:width\" content=\"1187\" \/>\n\t<meta property=\"og:image:height\" content=\"768\" \/>\n\t<meta property=\"og:image:type\" content=\"image\/jpeg\" \/>\n<meta name=\"author\" content=\"Staff\" \/>\n<meta name=\"twitter:card\" content=\"summary_large_image\" \/>\n<meta name=\"twitter:label1\" content=\"Escrito por\" \/>\n\t<meta name=\"twitter:data1\" content=\"Staff\" \/>\n\t<meta name=\"twitter:label2\" content=\"Tiempo de lectura\" \/>\n\t<meta name=\"twitter:data2\" content=\"1 minuto\" \/>\n<script type=\"application\/ld+json\" class=\"yoast-schema-graph\">{\"@context\":\"https:\\\/\\\/schema.org\",\"@graph\":[{\"@type\":\"Article\",\"@id\":\"https:\\\/\\\/www.bbmnoticias.com\\\/blog\\\/2025\\\/08\\\/12\\\/presenta-gobierno-de-oaxaca-caravanas-del-medio-ambiente-layu-stidu\\\/#article\",\"isPartOf\":{\"@id\":\"https:\\\/\\\/www.bbmnoticias.com\\\/labravaradiofm\\\/2025\\\/08\\\/12\\\/presenta-gobierno-de-oaxaca-caravanas-del-medio-ambiente-layu-stidu\\\/\"},\"author\":{\"name\":\"Staff\",\"@id\":\"https:\\\/\\\/www.bbmnoticias.com\\\/labravaradiofm\\\/#\\\/schema\\\/person\\\/68a9e9036ef3c5b55aeb2b71dc8bab45\"},\"headline\":\"Presenta Gobierno de Oaxaca Caravanas del Medio Ambiente Lay\u00fa Stidu\",\"datePublished\":\"2025-08-12T21:44:41+00:00\",\"dateModified\":\"2025-08-12T21:44:48+00:00\",\"mainEntityOfPage\":{\"@id\":\"https:\\\/\\\/www.bbmnoticias.com\\\/labravaradiofm\\\/2025\\\/08\\\/12\\\/presenta-gobierno-de-oaxaca-caravanas-del-medio-ambiente-layu-stidu\\\/\"},\"wordCount\":306,\"image\":{\"@id\":\"https:\\\/\\\/www.bbmnoticias.com\\\/blog\\\/2025\\\/08\\\/12\\\/presenta-gobierno-de-oaxaca-caravanas-del-medio-ambiente-layu-stidu\\\/#primaryimage\"},\"thumbnailUrl\":\"https:\\\/\\\/www.bbmnoticias.com\\\/labravaradiofm\\\/wp-content\\\/uploads\\\/sites\\\/5\\\/2025\\\/08\\\/thumbnail_Presenta-Gobierno-de-Oaxaca-Caravanas-del-Medio-Ambiente-Layu-Stidu-3.jpg\",\"articleSection\":[\"LOCAL\"],\"inLanguage\":\"es\"},{\"@type\":\"WebPage\",\"@id\":\"https:\\\/\\\/www.bbmnoticias.com\\\/labravaradiofm\\\/2025\\\/08\\\/12\\\/presenta-gobierno-de-oaxaca-caravanas-del-medio-ambiente-layu-stidu\\\/\",\"url\":\"https:\\\/\\\/www.bbmnoticias.com\\\/blog\\\/2025\\\/08\\\/12\\\/presenta-gobierno-de-oaxaca-caravanas-del-medio-ambiente-layu-stidu\\\/\",\"name\":\"Presenta Gobierno de Oaxaca Caravanas del Medio Ambiente Lay\u00fa Stidu - LA BRAVA RADIO\",\"isPartOf\":{\"@id\":\"https:\\\/\\\/www.bbmnoticias.com\\\/labravaradiofm\\\/#website\"},\"primaryImageOfPage\":{\"@id\":\"https:\\\/\\\/www.bbmnoticias.com\\\/blog\\\/2025\\\/08\\\/12\\\/presenta-gobierno-de-oaxaca-caravanas-del-medio-ambiente-layu-stidu\\\/#primaryimage\"},\"image\":{\"@id\":\"https:\\\/\\\/www.bbmnoticias.com\\\/blog\\\/2025\\\/08\\\/12\\\/presenta-gobierno-de-oaxaca-caravanas-del-medio-ambiente-layu-stidu\\\/#primaryimage\"},\"thumbnailUrl\":\"https:\\\/\\\/www.bbmnoticias.com\\\/labravaradiofm\\\/wp-content\\\/uploads\\\/sites\\\/5\\\/2025\\\/08\\\/thumbnail_Presenta-Gobierno-de-Oaxaca-Caravanas-del-Medio-Ambiente-Layu-Stidu-3.jpg\",\"datePublished\":\"2025-08-12T21:44:41+00:00\",\"dateModified\":\"2025-08-12T21:44:48+00:00\",\"author\":{\"@id\":\"https:\\\/\\\/www.bbmnoticias.com\\\/labravaradiofm\\\/#\\\/schema\\\/person\\\/68a9e9036ef3c5b55aeb2b71dc8bab45\"},\"breadcrumb\":{\"@id\":\"https:\\\/\\\/www.bbmnoticias.com\\\/blog\\\/2025\\\/08\\\/12\\\/presenta-gobierno-de-oaxaca-caravanas-del-medio-ambiente-layu-stidu\\\/#breadcrumb\"},\"inLanguage\":\"es\",\"potentialAction\":[{\"@type\":\"ReadAction\",\"target\":[\"https:\\\/\\\/www.bbmnoticias.com\\\/blog\\\/2025\\\/08\\\/12\\\/presenta-gobierno-de-oaxaca-caravanas-del-medio-ambiente-layu-stidu\\\/\"]}]},{\"@type\":\"ImageObject\",\"inLanguage\":\"es\",\"@id\":\"https:\\\/\\\/www.bbmnoticias.com\\\/blog\\\/2025\\\/08\\\/12\\\/presenta-gobierno-de-oaxaca-caravanas-del-medio-ambiente-layu-stidu\\\/#primaryimage\",\"url\":\"https:\\\/\\\/www.bbmnoticias.com\\\/labravaradiofm\\\/wp-content\\\/uploads\\\/sites\\\/5\\\/2025\\\/08\\\/thumbnail_Presenta-Gobierno-de-Oaxaca-Caravanas-del-Medio-Ambiente-Layu-Stidu-3.jpg\",\"contentUrl\":\"https:\\\/\\\/www.bbmnoticias.com\\\/labravaradiofm\\\/wp-content\\\/uploads\\\/sites\\\/5\\\/2025\\\/08\\\/thumbnail_Presenta-Gobierno-de-Oaxaca-Caravanas-del-Medio-Ambiente-Layu-Stidu-3.jpg\",\"width\":1187,\"height\":768},{\"@type\":\"BreadcrumbList\",\"@id\":\"https:\\\/\\\/www.bbmnoticias.com\\\/blog\\\/2025\\\/08\\\/12\\\/presenta-gobierno-de-oaxaca-caravanas-del-medio-ambiente-layu-stidu\\\/#breadcrumb\",\"itemListElement\":[{\"@type\":\"ListItem\",\"position\":1,\"name\":\"Inicio\",\"item\":\"https:\\\/\\\/www.bbmnoticias.com\\\/labravaradiofm\\\/\"},{\"@type\":\"ListItem\",\"position\":2,\"name\":\"Presenta Gobierno de Oaxaca Caravanas del Medio Ambiente Lay\u00fa Stidu\"}]},{\"@type\":\"WebSite\",\"@id\":\"https:\\\/\\\/www.bbmnoticias.com\\\/labravaradiofm\\\/#website\",\"url\":\"https:\\\/\\\/www.bbmnoticias.com\\\/labravaradiofm\\\/\",\"name\":\"LA BRAVA RADIO\",\"description\":\"Empresa productora de medios, Radiodifusi\u00f3n, Noticias, tendencias y todo lo que necesitas saber de la pol\u00edtica mexicana e internacional; entretenimiento, espect\u00e1culos, salud y mucho m\u00e1s.\",\"potentialAction\":[{\"@type\":\"SearchAction\",\"target\":{\"@type\":\"EntryPoint\",\"urlTemplate\":\"https:\\\/\\\/www.bbmnoticias.com\\\/labravaradiofm\\\/?s={search_term_string}\"},\"query-input\":{\"@type\":\"PropertyValueSpecification\",\"valueRequired\":true,\"valueName\":\"search_term_string\"}}],\"inLanguage\":\"es\"},{\"@type\":\"Person\",\"@id\":\"https:\\\/\\\/www.bbmnoticias.com\\\/labravaradiofm\\\/#\\\/schema\\\/person\\\/68a9e9036ef3c5b55aeb2b71dc8bab45\",\"name\":\"Staff\",\"image\":{\"@type\":\"ImageObject\",\"inLanguage\":\"es\",\"@id\":\"https:\\\/\\\/secure.gravatar.com\\\/avatar\\\/fdd21ad66fd8b98c407f9dee5b5e588cfe7f0d8579ec20fa6527cd59bab7f0f0?s=96&d=mm&r=g\",\"url\":\"https:\\\/\\\/secure.gravatar.com\\\/avatar\\\/fdd21ad66fd8b98c407f9dee5b5e588cfe7f0d8579ec20fa6527cd59bab7f0f0?s=96&d=mm&r=g\",\"contentUrl\":\"https:\\\/\\\/secure.gravatar.com\\\/avatar\\\/fdd21ad66fd8b98c407f9dee5b5e588cfe7f0d8579ec20fa6527cd59bab7f0f0?s=96&d=mm&r=g\",\"caption\":\"Staff\"},\"url\":\"https:\\\/\\\/www.bbmnoticias.com\\\/labravaradiofm\\\/author\\\/redaccion\\\/\"}]}<\/script>\n<!-- \/ Yoast SEO plugin. -->","yoast_head_json":{"title":"Presenta Gobierno de Oaxaca Caravanas del Medio Ambiente Lay\u00fa Stidu - LA BRAVA RADIO","robots":{"index":"index","follow":"follow","max-snippet":"max-snippet:-1","max-image-preview":"max-image-preview:large","max-video-preview":"max-video-preview:-1"},"canonical":"https:\/\/www.bbmnoticias.com\/blog\/2025\/08\/12\/presenta-gobierno-de-oaxaca-caravanas-del-medio-ambiente-layu-stidu\/","og_locale":"es_MX","og_type":"article","og_title":"Presenta Gobierno de Oaxaca Caravanas del Medio Ambiente Lay\u00fa Stidu - LA BRAVA RADIO","og_description":"Oaxaca de Ju\u00e1rez, Oax. \u2013 El Gobierno del Estado present\u00f3 el programa Caravanas del Medio Ambiente Lay\u00fa Stidu, modelo a nivel nacional, con el fin de fortalecer las capacidades municipales y de n\u00facleos agrarios para enfrentar los retos ambientales en el territorio estatal. Esta estrategia, denominada Lay\u00fa Stidu, en zapoteco \u201cnuestra tierra\u201d, trabaja en seis [&hellip;]","og_url":"https:\/\/www.bbmnoticias.com\/blog\/2025\/08\/12\/presenta-gobierno-de-oaxaca-caravanas-del-medio-ambiente-layu-stidu\/","og_site_name":"LA BRAVA RADIO","article_published_time":"2025-08-12T21:44:41+00:00","article_modified_time":"2025-08-12T21:44:48+00:00","og_image":[{"width":1187,"height":768,"url":"https:\/\/www.bbmnoticias.com\/labravaradiofm\/wp-content\/uploads\/sites\/5\/2025\/08\/thumbnail_Presenta-Gobierno-de-Oaxaca-Caravanas-del-Medio-Ambiente-Layu-Stidu-3.jpg","type":"image\/jpeg"}],"author":"Staff","twitter_card":"summary_large_image","twitter_misc":{"Escrito por":"Staff","Tiempo de lectura":"1 minuto"},"schema":{"@context":"https:\/\/schema.org","@graph":[{"@type":"Article","@id":"https:\/\/www.bbmnoticias.com\/blog\/2025\/08\/12\/presenta-gobierno-de-oaxaca-caravanas-del-medio-ambiente-layu-stidu\/#article","isPartOf":{"@id":"https:\/\/www.bbmnoticias.com\/labravaradiofm\/2025\/08\/12\/presenta-gobierno-de-oaxaca-caravanas-del-medio-ambiente-layu-stidu\/"},"author":{"name":"Staff","@id":"https:\/\/www.bbmnoticias.com\/labravaradiofm\/#\/schema\/person\/68a9e9036ef3c5b55aeb2b71dc8bab45"},"headline":"Presenta Gobierno de Oaxaca Caravanas del Medio Ambiente Lay\u00fa Stidu","datePublished":"2025-08-12T21:44:41+00:00","dateModified":"2025-08-12T21:44:48+00:00","mainEntityOfPage":{"@id":"https:\/\/www.bbmnoticias.com\/labravaradiofm\/2025\/08\/12\/presenta-gobierno-de-oaxaca-caravanas-del-medio-ambiente-layu-stidu\/"},"wordCount":306,"image":{"@id":"https:\/\/www.bbmnoticias.com\/blog\/2025\/08\/12\/presenta-gobierno-de-oaxaca-caravanas-del-medio-ambiente-layu-stidu\/#primaryimage"},"thumbnailUrl":"https:\/\/www.bbmnoticias.com\/labravaradiofm\/wp-content\/uploads\/sites\/5\/2025\/08\/thumbnail_Presenta-Gobierno-de-Oaxaca-Caravanas-del-Medio-Ambiente-Layu-Stidu-3.jpg","articleSection":["LOCAL"],"inLanguage":"es"},{"@type":"WebPage","@id":"https:\/\/www.bbmnoticias.com\/labravaradiofm\/2025\/08\/12\/presenta-gobierno-de-oaxaca-caravanas-del-medio-ambiente-layu-stidu\/","url":"https:\/\/www.bbmnoticias.com\/blog\/2025\/08\/12\/presenta-gobierno-de-oaxaca-caravanas-del-medio-ambiente-layu-stidu\/","name":"Presenta Gobierno de Oaxaca Caravanas del Medio Ambiente Lay\u00fa Stidu - LA BRAVA RADIO","isPartOf":{"@id":"https:\/\/www.bbmnoticias.com\/labravaradiofm\/#website"},"primaryImageOfPage":{"@id":"https:\/\/www.bbmnoticias.com\/blog\/2025\/08\/12\/presenta-gobierno-de-oaxaca-caravanas-del-medio-ambiente-layu-stidu\/#primaryimage"},"image":{"@id":"https:\/\/www.bbmnoticias.com\/blog\/2025\/08\/12\/presenta-gobierno-de-oaxaca-caravanas-del-medio-ambiente-layu-stidu\/#primaryimage"},"thumbnailUrl":"https:\/\/www.bbmnoticias.com\/labravaradiofm\/wp-content\/uploads\/sites\/5\/2025\/08\/thumbnail_Presenta-Gobierno-de-Oaxaca-Caravanas-del-Medio-Ambiente-Layu-Stidu-3.jpg","datePublished":"2025-08-12T21:44:41+00:00","dateModified":"2025-08-12T21:44:48+00:00","author":{"@id":"https:\/\/www.bbmnoticias.com\/labravaradiofm\/#\/schema\/person\/68a9e9036ef3c5b55aeb2b71dc8bab45"},"breadcrumb":{"@id":"https:\/\/www.bbmnoticias.com\/blog\/2025\/08\/12\/presenta-gobierno-de-oaxaca-caravanas-del-medio-ambiente-layu-stidu\/#breadcrumb"},"inLanguage":"es","potentialAction":[{"@type":"ReadAction","target":["https:\/\/www.bbmnoticias.com\/blog\/2025\/08\/12\/presenta-gobierno-de-oaxaca-caravanas-del-medio-ambiente-layu-stidu\/"]}]},{"@type":"ImageObject","inLanguage":"es","@id":"https:\/\/www.bbmnoticias.com\/blog\/2025\/08\/12\/presenta-gobierno-de-oaxaca-caravanas-del-medio-ambiente-layu-stidu\/#primaryimage","url":"https:\/\/www.bbmnoticias.com\/labravaradiofm\/wp-content\/uploads\/sites\/5\/2025\/08\/thumbnail_Presenta-Gobierno-de-Oaxaca-Caravanas-del-Medio-Ambiente-Layu-Stidu-3.jpg","contentUrl":"https:\/\/www.bbmnoticias.com\/labravaradiofm\/wp-content\/uploads\/sites\/5\/2025\/08\/thumbnail_Presenta-Gobierno-de-Oaxaca-Caravanas-del-Medio-Ambiente-Layu-Stidu-3.jpg","width":1187,"height":768},{"@type":"BreadcrumbList","@id":"https:\/\/www.bbmnoticias.com\/blog\/2025\/08\/12\/presenta-gobierno-de-oaxaca-caravanas-del-medio-ambiente-layu-stidu\/#breadcrumb","itemListElement":[{"@type":"ListItem","position":1,"name":"Inicio","item":"https:\/\/www.bbmnoticias.com\/labravaradiofm\/"},{"@type":"ListItem","position":2,"name":"Presenta Gobierno de Oaxaca Caravanas del Medio Ambiente Lay\u00fa Stidu"}]},{"@type":"WebSite","@id":"https:\/\/www.bbmnoticias.com\/labravaradiofm\/#website","url":"https:\/\/www.bbmnoticias.com\/labravaradiofm\/","name":"LA BRAVA RADIO","description":"Empresa productora de medios, Radiodifusi\u00f3n, Noticias, tendencias y todo lo que necesitas saber de la pol\u00edtica mexicana e internacional; entretenimiento, espect\u00e1culos, salud y mucho m\u00e1s.","potentialAction":[{"@type":"SearchAction","target":{"@type":"EntryPoint","urlTemplate":"https:\/\/www.bbmnoticias.com\/labravaradiofm\/?s={search_term_string}"},"query-input":{"@type":"PropertyValueSpecification","valueRequired":true,"valueName":"search_term_string"}}],"inLanguage":"es"},{"@type":"Person","@id":"https:\/\/www.bbmnoticias.com\/labravaradiofm\/#\/schema\/person\/68a9e9036ef3c5b55aeb2b71dc8bab45","name":"Staff","image":{"@type":"ImageObject","inLanguage":"es","@id":"https:\/\/secure.gravatar.com\/avatar\/fdd21ad66fd8b98c407f9dee5b5e588cfe7f0d8579ec20fa6527cd59bab7f0f0?s=96&d=mm&r=g","url":"https:\/\/secure.gravatar.com\/avatar\/fdd21ad66fd8b98c407f9dee5b5e588cfe7f0d8579ec20fa6527cd59bab7f0f0?s=96&d=mm&r=g","contentUrl":"https:\/\/secure.gravatar.com\/avatar\/fdd21ad66fd8b98c407f9dee5b5e588cfe7f0d8579ec20fa6527cd59bab7f0f0?s=96&d=mm&r=g","caption":"Staff"},"url":"https:\/\/www.bbmnoticias.com\/labravaradiofm\/author\/redaccion\/"}]}},"_links":{"self":[{"href":"https:\/\/www.bbmnoticias.com\/labravaradiofm\/wp-json\/wp\/v2\/posts\/64895","targetHints":{"allow":["GET"]}}],"collection":[{"href":"https:\/\/www.bbmnoticias.com\/labravaradiofm\/wp-json\/wp\/v2\/posts"}],"about":[{"href":"https:\/\/www.bbmnoticias.com\/labravaradiofm\/wp-json\/wp\/v2\/types\/post"}],"author":[{"embeddable":true,"href":"https:\/\/www.bbmnoticias.com\/labravaradiofm\/wp-json\/wp\/v2\/users\/2"}],"replies":[{"embeddable":true,"href":"https:\/\/www.bbmnoticias.com\/labravaradiofm\/wp-json\/wp\/v2\/comments?post=64895"}],"version-history":[{"count":0,"href":"https:\/\/www.bbmnoticias.com\/labravaradiofm\/wp-json\/wp\/v2\/posts\/64895\/revisions"}],"wp:featuredmedia":[{"embeddable":true,"href":"https:\/\/www.bbmnoticias.com\/labravaradiofm\/wp-json\/wp\/v2\/media\/64897"}],"wp:attachment":[{"href":"https:\/\/www.bbmnoticias.com\/labravaradiofm\/wp-json\/wp\/v2\/media?parent=64895"}],"wp:term":[{"taxonomy":"category","embeddable":true,"href":"https:\/\/www.bbmnoticias.com\/labravaradiofm\/wp-json\/wp\/v2\/categories?post=64895"},{"taxonomy":"post_tag","embeddable":true,"href":"https:\/\/www.bbmnoticias.com\/labravaradiofm\/wp-json\/wp\/v2\/tags?post=64895"}],"curies":[{"name":"wp","href":"https:\/\/api.w.org\/{rel}","templated":true}]}}