{"id":6489,"date":"2021-12-01T16:00:21","date_gmt":"2021-12-01T22:00:21","guid":{"rendered":"https:\/\/www.bbmnoticias.com\/labravaradiofm\/?p=6489"},"modified":"2021-12-01T16:00:22","modified_gmt":"2021-12-01T22:00:22","slug":"imss-celebra-el-dia-mundial-de-la-lucha-contra-el-sida","status":"publish","type":"post","link":"https:\/\/www.bbmnoticias.com\/labravaradiofm\/2021\/12\/01\/imss-celebra-el-dia-mundial-de-la-lucha-contra-el-sida\/","title":{"rendered":"IMSS celebra el D\u00eda Mundial de la Lucha contra el SIDA"},"content":{"rendered":"<div style=\"margin-top: 0px; margin-bottom: 0px;\" class=\"sharethis-inline-share-buttons\" ><\/div>\n<p>El Instituto Mexicano del Seguro Social (IMSS) anunci\u00f3 el Protocolo de Atenci\u00f3n Integral del Virus de Inmunodeficiencia Humana (PAI), que lo pone a la vanguardia para realizar en sus tres niveles de atenci\u00f3n acciones de prevenci\u00f3n, diagn\u00f3stico, tratamiento y reincorporaci\u00f3n, en beneficio de m\u00e1s de 79 mil derechohabientes que son atendidos por VIH en la instituci\u00f3n.<\/p>\n\n\n\n<p>En representaci\u00f3n del director general del IMSS, Maestro Zo\u00e9 Robledo, la directora de Prestaciones M\u00e9dicas, doctora C\u00e9lida Duque Molina, destac\u00f3 que tras 33 a\u00f1os de lucha contra el SIDA, el Instituto es parte del gran esfuerzo para preservar la salud en coordinaci\u00f3n con el sector salud, academia, organismos internacionales, organizaciones civiles y medios de comunicaci\u00f3n, que este a\u00f1o se identifica con el lema: \u201cPoner fin a las desigualdades, poner fin al SIDA y a las pandemias\u201d.<\/p>\n\n\n\n<p>Con motivo del D\u00eda Mundial de la Lucha contra el SIDA, la doctora Duque Molina detall\u00f3 que en diciembre de 2020 se inici\u00f3 con la estrategia Profilaxis a Pre-Exposici\u00f3n viral (PrEP), la cual se ha fortalecido con campa\u00f1as de difusi\u00f3n y que ha beneficiado a mil 384 personas entre abril y octubre de 2021, periodo en el que se han realizado 57 mil 219 tamizajes de VIH en poblaci\u00f3n con pr\u00e1cticas de riesgo.<\/p>\n\n\n\n<p>Subray\u00f3 que la puesta en marcha de la terapia de Profilaxis Post Exposici\u00f3n viral (PEP) otorga tratamiento efectivo y oportuno a derechohabientes con riesgo de contraer el VIH, que al ser administrado en las primeras 72 horas de la exposici\u00f3n a fluidos infectantes reduce hasta en un 80 por ciento el riesgo de adquirir el virus.<\/p>\n\n\n\n<p>La doctora C\u00e9lida Duque se\u00f1al\u00f3 que el Instituto desarrolla herramientas innovadoras con la participaci\u00f3n de expertos, organizaciones civiles y la Direcci\u00f3n de Innovaci\u00f3n y Desarrollo Tecnol\u00f3gico con la Plataforma 360 renovada, que permite la trazabilidad en el seguimiento de casos y estar\u00e1 ligada al Expediente Cl\u00ednico Electr\u00f3nico.<\/p>\n\n\n\n<p>Por su parte, la doctora Oliva L\u00f3pez Arellano, secretaria de Salud de la Ciudad de M\u00e9xico, en representaci\u00f3n de la jefa de Gobierno, Claudia Sheinbaum Pardo, destac\u00f3 la relevancia de contar con el Protocolo de Atenci\u00f3n Integral a fin de hacer un frente com\u00fan, de manera integral, para la promoci\u00f3n de la salud, la prevenci\u00f3n de la enfermedad, la detecci\u00f3n temprana y el seguimiento a los casos de VIH.<\/p>\n\n\n\n<p>Afirm\u00f3 que el Seguro Social es una instituci\u00f3n que ha destacado por garantizar el derecho a la salud de sus derechohabientes y poblaci\u00f3n sin seguridad social.<\/p>\n\n\n\n<p>Indic\u00f3 que el VIH a nivel a mundial ha sido un desaf\u00edo, \u201cenfrentamos el reto de diagnosticar e incorporar a tratamientos a miles de personas, y sobre todo, reducir y eliminar la discriminaci\u00f3n y el estigma\u201d.<\/p>\n\n\n\n<p>En su mensaje, el doctor Arturo Olivares Cerda, Secretario General del Sindicato Nacional de Trabajadores del Seguro Social (SNTSS) se\u00f1al\u00f3 que el Protocolo reafirma al IMSS y sus trabajadores como el centro de las grandes aportaciones m\u00e9dicas para M\u00e9xico y el mundo, y refrenda el compromiso de salvaguardar la salud de los derechohabientes.<\/p>\n\n\n\n<p>Destac\u00f3 que \u201cel Seguro Social es el basti\u00f3n del combate de las enfermedades m\u00e1s severas y complejas; cuenta con los recursos humanos y materiales para hacerlo, con infraestructura de vanguardia para la investigaci\u00f3n m\u00e9dica\u201d, tiene capacidad y liderazgo para encabezar el dise\u00f1o de estrategias que disminuyan los efectos devastadores de padecimientos como el SIDA.<\/p>\n\n\n\n<p>El doctor Olivares Cerda subray\u00f3 que el esfuerzo y talento m\u00e9dico del IMSS han permitido que este padecimiento sea prevenido y controlado gracias a la detecci\u00f3n temprana y los tratamientos.<\/p>\n\n\n\n<p>Por su parte, el director de Atenci\u00f3n Integral del Comit\u00e9 de Atenci\u00f3n del Centro Nacional para la Prevenci\u00f3n y Control del VIH\/SIDA (CENSIDA), doctor Daniel Bernal Serrano, indic\u00f3 que en los \u00faltimos meses se ha trabajado con el gobierno federal para tener un camino homog\u00e9neo en relaci\u00f3n con la Profilaxis post exposici\u00f3n.<\/p>\n\n\n\n<p>Asimismo, celebr\u00f3 este esfuerzo del IMSS por llevar la Profilaxis post exposici\u00f3n a su poblaci\u00f3n derechohabiente. \u201cLo vamos a hacer cada vez mejor para que no haya una persona en M\u00e9xico que no tenga acceso a la PEP, independientemente de la raz\u00f3n por la cual tuvo una exposici\u00f3n de riesgo\u201d.<\/p>\n\n\n\n<p>Subray\u00f3 que en M\u00e9xico, de acuerdo a las \u00faltimas cifras de ONU-SIDA, todav\u00eda falta diagnosticar a poco menos de la mitad de las personas con esta enfermedad, por ello con la implementaci\u00f3n de estos esfuerzos conjuntos ser\u00e1 &#8220;la \u00fanica manera en la cual vamos a poder lograr abatir la pandemia y llegar a las metas que tenemos para el 2030&#8221;.<\/p>\n\n\n\n<p>En su oportunidad, el secretario general de la Conferencia Interamericana de Seguridad Social (CISS), \u00c1lvaro Velarca Hern\u00e1ndez, indic\u00f3 que el VIH es todav\u00eda una de las amenazas sanitarias m\u00e1s desafiantes a nivel global.<\/p>\n\n\n\n<p>Resalt\u00f3 los avances que el IMSS ha implementado para el tratamiento de las personas que viven con VIH, los cuales van desde la PrEP hasta el PEP, antivirales que se suman a este tratamiento profil\u00e1ctico y ponen al Instituto a la vanguardia.<\/p>\n\n\n\n<p>\u201cHoy el IMSS se pone a la vanguardia, es un IMSS que se adapta a las nuevas realidades, con el objetivo de preservar, por sobre todas las cosas, la salud de sus derechohabientes, que es lo m\u00e1s importante. Es un IMSS que responde a la evidencia y a las recomendaciones internacionales, por encima de otras cuestiones ideol\u00f3gicas o incluso prejuicios\u201d, puntualiz\u00f3.<\/p>\n\n\n\n<p>En el acto estuvieron presentes el doctor Jos\u00e9 Halabe Cherem, presidente de la Academia Mexicana de Medicina de M\u00e9xico; el doctor Jos\u00e9 Ignacio Santos Preciado, secretario del Consejo de Salubridad General; representantes del H. Consejo T\u00e9cnico del IMSS; y de manera virtual presenciaron la ceremonia autoridades acad\u00e9micas, del sector salud, directores normativos, directores de Unidades M\u00e9dicas de Alta Especialidad (UMAE) y titulares de las Oficinas de Representaci\u00f3n y jefes de los servicios de prestaciones m\u00e9dicas del IMSS en los estados.<\/p>\n","protected":false},"excerpt":{"rendered":"<p>El Instituto Mexicano del Seguro Social (IMSS) anunci\u00f3 el Protocolo de Atenci\u00f3n Integral del Virus de Inmunodeficiencia Humana (PAI), que lo pone a la vanguardia para realizar en sus tres niveles de atenci\u00f3n acciones de prevenci\u00f3n, diagn\u00f3stico, tratamiento y reincorporaci\u00f3n, en beneficio de m\u00e1s de 79 mil derechohabientes que son atendidos por VIH en la [&hellip;]<\/p>\n","protected":false},"author":2,"featured_media":6490,"comment_status":"closed","ping_status":"closed","sticky":false,"template":"","format":"standard","meta":{"footnotes":""},"categories":[19],"tags":[],"class_list":{"0":"post-6489","1":"post","2":"type-post","3":"status-publish","4":"format-standard","5":"has-post-thumbnail","7":"category-nacional"},"yoast_head":"<!-- This site is optimized with the Yoast SEO plugin v27.4 - https:\/\/yoast.com\/product\/yoast-seo-wordpress\/ -->\n<title>IMSS celebra el D\u00eda Mundial de la Lucha contra el SIDA - LA BRAVA RADIO<\/title>\n<meta name=\"robots\" content=\"index, follow, max-snippet:-1, max-image-preview:large, max-video-preview:-1\" \/>\n<link rel=\"canonical\" href=\"https:\/\/www.bbmnoticias.com\/labravaradiofm\/2021\/12\/01\/imss-celebra-el-dia-mundial-de-la-lucha-contra-el-sida\/\" \/>\n<meta property=\"og:locale\" content=\"es_MX\" \/>\n<meta property=\"og:type\" content=\"article\" \/>\n<meta property=\"og:title\" content=\"IMSS celebra el D\u00eda Mundial de la Lucha contra el SIDA - LA BRAVA RADIO\" \/>\n<meta property=\"og:description\" content=\"El Instituto Mexicano del Seguro Social (IMSS) anunci\u00f3 el Protocolo de Atenci\u00f3n Integral del Virus de Inmunodeficiencia Humana (PAI), que lo pone a la vanguardia para realizar en sus tres niveles de atenci\u00f3n acciones de prevenci\u00f3n, diagn\u00f3stico, tratamiento y reincorporaci\u00f3n, en beneficio de m\u00e1s de 79 mil derechohabientes que son atendidos por VIH en la [&hellip;]\" \/>\n<meta property=\"og:url\" content=\"https:\/\/www.bbmnoticias.com\/labravaradiofm\/2021\/12\/01\/imss-celebra-el-dia-mundial-de-la-lucha-contra-el-sida\/\" \/>\n<meta property=\"og:site_name\" content=\"LA BRAVA RADIO\" \/>\n<meta property=\"article:published_time\" content=\"2021-12-01T22:00:21+00:00\" \/>\n<meta property=\"article:modified_time\" content=\"2021-12-01T22:00:22+00:00\" \/>\n<meta property=\"og:image\" content=\"https:\/\/www.bbmnoticias.com\/labravaradiofm\/wp-content\/uploads\/sites\/5\/2021\/12\/imss01122021.jpg\" \/>\n\t<meta property=\"og:image:width\" content=\"1280\" \/>\n\t<meta property=\"og:image:height\" content=\"881\" \/>\n\t<meta property=\"og:image:type\" content=\"image\/jpeg\" \/>\n<meta name=\"author\" content=\"Staff\" \/>\n<meta name=\"twitter:card\" content=\"summary_large_image\" \/>\n<meta name=\"twitter:label1\" content=\"Escrito por\" \/>\n\t<meta name=\"twitter:data1\" content=\"Staff\" \/>\n\t<meta name=\"twitter:label2\" content=\"Tiempo de lectura\" \/>\n\t<meta name=\"twitter:data2\" content=\"5 minutos\" \/>\n<script type=\"application\/ld+json\" class=\"yoast-schema-graph\">{\"@context\":\"https:\\\/\\\/schema.org\",\"@graph\":[{\"@type\":\"Article\",\"@id\":\"https:\\\/\\\/www.bbmnoticias.com\\\/labravaradiofm\\\/2021\\\/12\\\/01\\\/imss-celebra-el-dia-mundial-de-la-lucha-contra-el-sida\\\/#article\",\"isPartOf\":{\"@id\":\"https:\\\/\\\/www.bbmnoticias.com\\\/labravaradiofm\\\/2021\\\/12\\\/01\\\/imss-celebra-el-dia-mundial-de-la-lucha-contra-el-sida\\\/\"},\"author\":{\"name\":\"Staff\",\"@id\":\"https:\\\/\\\/www.bbmnoticias.com\\\/labravaradiofm\\\/#\\\/schema\\\/person\\\/68a9e9036ef3c5b55aeb2b71dc8bab45\"},\"headline\":\"IMSS celebra el D\u00eda Mundial de la Lucha contra el SIDA\",\"datePublished\":\"2021-12-01T22:00:21+00:00\",\"dateModified\":\"2021-12-01T22:00:22+00:00\",\"mainEntityOfPage\":{\"@id\":\"https:\\\/\\\/www.bbmnoticias.com\\\/labravaradiofm\\\/2021\\\/12\\\/01\\\/imss-celebra-el-dia-mundial-de-la-lucha-contra-el-sida\\\/\"},\"wordCount\":1034,\"image\":{\"@id\":\"https:\\\/\\\/www.bbmnoticias.com\\\/labravaradiofm\\\/2021\\\/12\\\/01\\\/imss-celebra-el-dia-mundial-de-la-lucha-contra-el-sida\\\/#primaryimage\"},\"thumbnailUrl\":\"https:\\\/\\\/www.bbmnoticias.com\\\/labravaradiofm\\\/wp-content\\\/uploads\\\/sites\\\/5\\\/2021\\\/12\\\/imss01122021.jpg\",\"articleSection\":[\"NACIONAL\"],\"inLanguage\":\"es\"},{\"@type\":\"WebPage\",\"@id\":\"https:\\\/\\\/www.bbmnoticias.com\\\/labravaradiofm\\\/2021\\\/12\\\/01\\\/imss-celebra-el-dia-mundial-de-la-lucha-contra-el-sida\\\/\",\"url\":\"https:\\\/\\\/www.bbmnoticias.com\\\/labravaradiofm\\\/2021\\\/12\\\/01\\\/imss-celebra-el-dia-mundial-de-la-lucha-contra-el-sida\\\/\",\"name\":\"IMSS celebra el D\u00eda Mundial de la Lucha contra el SIDA - LA BRAVA RADIO\",\"isPartOf\":{\"@id\":\"https:\\\/\\\/www.bbmnoticias.com\\\/labravaradiofm\\\/#website\"},\"primaryImageOfPage\":{\"@id\":\"https:\\\/\\\/www.bbmnoticias.com\\\/labravaradiofm\\\/2021\\\/12\\\/01\\\/imss-celebra-el-dia-mundial-de-la-lucha-contra-el-sida\\\/#primaryimage\"},\"image\":{\"@id\":\"https:\\\/\\\/www.bbmnoticias.com\\\/labravaradiofm\\\/2021\\\/12\\\/01\\\/imss-celebra-el-dia-mundial-de-la-lucha-contra-el-sida\\\/#primaryimage\"},\"thumbnailUrl\":\"https:\\\/\\\/www.bbmnoticias.com\\\/labravaradiofm\\\/wp-content\\\/uploads\\\/sites\\\/5\\\/2021\\\/12\\\/imss01122021.jpg\",\"datePublished\":\"2021-12-01T22:00:21+00:00\",\"dateModified\":\"2021-12-01T22:00:22+00:00\",\"author\":{\"@id\":\"https:\\\/\\\/www.bbmnoticias.com\\\/labravaradiofm\\\/#\\\/schema\\\/person\\\/68a9e9036ef3c5b55aeb2b71dc8bab45\"},\"breadcrumb\":{\"@id\":\"https:\\\/\\\/www.bbmnoticias.com\\\/labravaradiofm\\\/2021\\\/12\\\/01\\\/imss-celebra-el-dia-mundial-de-la-lucha-contra-el-sida\\\/#breadcrumb\"},\"inLanguage\":\"es\",\"potentialAction\":[{\"@type\":\"ReadAction\",\"target\":[\"https:\\\/\\\/www.bbmnoticias.com\\\/labravaradiofm\\\/2021\\\/12\\\/01\\\/imss-celebra-el-dia-mundial-de-la-lucha-contra-el-sida\\\/\"]}]},{\"@type\":\"ImageObject\",\"inLanguage\":\"es\",\"@id\":\"https:\\\/\\\/www.bbmnoticias.com\\\/labravaradiofm\\\/2021\\\/12\\\/01\\\/imss-celebra-el-dia-mundial-de-la-lucha-contra-el-sida\\\/#primaryimage\",\"url\":\"https:\\\/\\\/www.bbmnoticias.com\\\/labravaradiofm\\\/wp-content\\\/uploads\\\/sites\\\/5\\\/2021\\\/12\\\/imss01122021.jpg\",\"contentUrl\":\"https:\\\/\\\/www.bbmnoticias.com\\\/labravaradiofm\\\/wp-content\\\/uploads\\\/sites\\\/5\\\/2021\\\/12\\\/imss01122021.jpg\",\"width\":1280,\"height\":881},{\"@type\":\"BreadcrumbList\",\"@id\":\"https:\\\/\\\/www.bbmnoticias.com\\\/labravaradiofm\\\/2021\\\/12\\\/01\\\/imss-celebra-el-dia-mundial-de-la-lucha-contra-el-sida\\\/#breadcrumb\",\"itemListElement\":[{\"@type\":\"ListItem\",\"position\":1,\"name\":\"Inicio\",\"item\":\"https:\\\/\\\/www.bbmnoticias.com\\\/labravaradiofm\\\/\"},{\"@type\":\"ListItem\",\"position\":2,\"name\":\"IMSS celebra el D\u00eda Mundial de la Lucha contra el SIDA\"}]},{\"@type\":\"WebSite\",\"@id\":\"https:\\\/\\\/www.bbmnoticias.com\\\/labravaradiofm\\\/#website\",\"url\":\"https:\\\/\\\/www.bbmnoticias.com\\\/labravaradiofm\\\/\",\"name\":\"LA BRAVA RADIO\",\"description\":\"Empresa productora de medios, Radiodifusi\u00f3n, Noticias, tendencias y todo lo que necesitas saber de la pol\u00edtica mexicana e internacional; entretenimiento, espect\u00e1culos, salud y mucho m\u00e1s.\",\"potentialAction\":[{\"@type\":\"SearchAction\",\"target\":{\"@type\":\"EntryPoint\",\"urlTemplate\":\"https:\\\/\\\/www.bbmnoticias.com\\\/labravaradiofm\\\/?s={search_term_string}\"},\"query-input\":{\"@type\":\"PropertyValueSpecification\",\"valueRequired\":true,\"valueName\":\"search_term_string\"}}],\"inLanguage\":\"es\"},{\"@type\":\"Person\",\"@id\":\"https:\\\/\\\/www.bbmnoticias.com\\\/labravaradiofm\\\/#\\\/schema\\\/person\\\/68a9e9036ef3c5b55aeb2b71dc8bab45\",\"name\":\"Staff\",\"image\":{\"@type\":\"ImageObject\",\"inLanguage\":\"es\",\"@id\":\"https:\\\/\\\/secure.gravatar.com\\\/avatar\\\/fdd21ad66fd8b98c407f9dee5b5e588cfe7f0d8579ec20fa6527cd59bab7f0f0?s=96&d=mm&r=g\",\"url\":\"https:\\\/\\\/secure.gravatar.com\\\/avatar\\\/fdd21ad66fd8b98c407f9dee5b5e588cfe7f0d8579ec20fa6527cd59bab7f0f0?s=96&d=mm&r=g\",\"contentUrl\":\"https:\\\/\\\/secure.gravatar.com\\\/avatar\\\/fdd21ad66fd8b98c407f9dee5b5e588cfe7f0d8579ec20fa6527cd59bab7f0f0?s=96&d=mm&r=g\",\"caption\":\"Staff\"},\"url\":\"https:\\\/\\\/www.bbmnoticias.com\\\/labravaradiofm\\\/author\\\/redaccion\\\/\"}]}<\/script>\n<!-- \/ Yoast SEO plugin. -->","yoast_head_json":{"title":"IMSS celebra el D\u00eda Mundial de la Lucha contra el SIDA - LA BRAVA RADIO","robots":{"index":"index","follow":"follow","max-snippet":"max-snippet:-1","max-image-preview":"max-image-preview:large","max-video-preview":"max-video-preview:-1"},"canonical":"https:\/\/www.bbmnoticias.com\/labravaradiofm\/2021\/12\/01\/imss-celebra-el-dia-mundial-de-la-lucha-contra-el-sida\/","og_locale":"es_MX","og_type":"article","og_title":"IMSS celebra el D\u00eda Mundial de la Lucha contra el SIDA - LA BRAVA RADIO","og_description":"El Instituto Mexicano del Seguro Social (IMSS) anunci\u00f3 el Protocolo de Atenci\u00f3n Integral del Virus de Inmunodeficiencia Humana (PAI), que lo pone a la vanguardia para realizar en sus tres niveles de atenci\u00f3n acciones de prevenci\u00f3n, diagn\u00f3stico, tratamiento y reincorporaci\u00f3n, en beneficio de m\u00e1s de 79 mil derechohabientes que son atendidos por VIH en la [&hellip;]","og_url":"https:\/\/www.bbmnoticias.com\/labravaradiofm\/2021\/12\/01\/imss-celebra-el-dia-mundial-de-la-lucha-contra-el-sida\/","og_site_name":"LA BRAVA RADIO","article_published_time":"2021-12-01T22:00:21+00:00","article_modified_time":"2021-12-01T22:00:22+00:00","og_image":[{"width":1280,"height":881,"url":"https:\/\/www.bbmnoticias.com\/labravaradiofm\/wp-content\/uploads\/sites\/5\/2021\/12\/imss01122021.jpg","type":"image\/jpeg"}],"author":"Staff","twitter_card":"summary_large_image","twitter_misc":{"Escrito por":"Staff","Tiempo de lectura":"5 minutos"},"schema":{"@context":"https:\/\/schema.org","@graph":[{"@type":"Article","@id":"https:\/\/www.bbmnoticias.com\/labravaradiofm\/2021\/12\/01\/imss-celebra-el-dia-mundial-de-la-lucha-contra-el-sida\/#article","isPartOf":{"@id":"https:\/\/www.bbmnoticias.com\/labravaradiofm\/2021\/12\/01\/imss-celebra-el-dia-mundial-de-la-lucha-contra-el-sida\/"},"author":{"name":"Staff","@id":"https:\/\/www.bbmnoticias.com\/labravaradiofm\/#\/schema\/person\/68a9e9036ef3c5b55aeb2b71dc8bab45"},"headline":"IMSS celebra el D\u00eda Mundial de la Lucha contra el SIDA","datePublished":"2021-12-01T22:00:21+00:00","dateModified":"2021-12-01T22:00:22+00:00","mainEntityOfPage":{"@id":"https:\/\/www.bbmnoticias.com\/labravaradiofm\/2021\/12\/01\/imss-celebra-el-dia-mundial-de-la-lucha-contra-el-sida\/"},"wordCount":1034,"image":{"@id":"https:\/\/www.bbmnoticias.com\/labravaradiofm\/2021\/12\/01\/imss-celebra-el-dia-mundial-de-la-lucha-contra-el-sida\/#primaryimage"},"thumbnailUrl":"https:\/\/www.bbmnoticias.com\/labravaradiofm\/wp-content\/uploads\/sites\/5\/2021\/12\/imss01122021.jpg","articleSection":["NACIONAL"],"inLanguage":"es"},{"@type":"WebPage","@id":"https:\/\/www.bbmnoticias.com\/labravaradiofm\/2021\/12\/01\/imss-celebra-el-dia-mundial-de-la-lucha-contra-el-sida\/","url":"https:\/\/www.bbmnoticias.com\/labravaradiofm\/2021\/12\/01\/imss-celebra-el-dia-mundial-de-la-lucha-contra-el-sida\/","name":"IMSS celebra el D\u00eda Mundial de la Lucha contra el SIDA - LA BRAVA RADIO","isPartOf":{"@id":"https:\/\/www.bbmnoticias.com\/labravaradiofm\/#website"},"primaryImageOfPage":{"@id":"https:\/\/www.bbmnoticias.com\/labravaradiofm\/2021\/12\/01\/imss-celebra-el-dia-mundial-de-la-lucha-contra-el-sida\/#primaryimage"},"image":{"@id":"https:\/\/www.bbmnoticias.com\/labravaradiofm\/2021\/12\/01\/imss-celebra-el-dia-mundial-de-la-lucha-contra-el-sida\/#primaryimage"},"thumbnailUrl":"https:\/\/www.bbmnoticias.com\/labravaradiofm\/wp-content\/uploads\/sites\/5\/2021\/12\/imss01122021.jpg","datePublished":"2021-12-01T22:00:21+00:00","dateModified":"2021-12-01T22:00:22+00:00","author":{"@id":"https:\/\/www.bbmnoticias.com\/labravaradiofm\/#\/schema\/person\/68a9e9036ef3c5b55aeb2b71dc8bab45"},"breadcrumb":{"@id":"https:\/\/www.bbmnoticias.com\/labravaradiofm\/2021\/12\/01\/imss-celebra-el-dia-mundial-de-la-lucha-contra-el-sida\/#breadcrumb"},"inLanguage":"es","potentialAction":[{"@type":"ReadAction","target":["https:\/\/www.bbmnoticias.com\/labravaradiofm\/2021\/12\/01\/imss-celebra-el-dia-mundial-de-la-lucha-contra-el-sida\/"]}]},{"@type":"ImageObject","inLanguage":"es","@id":"https:\/\/www.bbmnoticias.com\/labravaradiofm\/2021\/12\/01\/imss-celebra-el-dia-mundial-de-la-lucha-contra-el-sida\/#primaryimage","url":"https:\/\/www.bbmnoticias.com\/labravaradiofm\/wp-content\/uploads\/sites\/5\/2021\/12\/imss01122021.jpg","contentUrl":"https:\/\/www.bbmnoticias.com\/labravaradiofm\/wp-content\/uploads\/sites\/5\/2021\/12\/imss01122021.jpg","width":1280,"height":881},{"@type":"BreadcrumbList","@id":"https:\/\/www.bbmnoticias.com\/labravaradiofm\/2021\/12\/01\/imss-celebra-el-dia-mundial-de-la-lucha-contra-el-sida\/#breadcrumb","itemListElement":[{"@type":"ListItem","position":1,"name":"Inicio","item":"https:\/\/www.bbmnoticias.com\/labravaradiofm\/"},{"@type":"ListItem","position":2,"name":"IMSS celebra el D\u00eda Mundial de la Lucha contra el SIDA"}]},{"@type":"WebSite","@id":"https:\/\/www.bbmnoticias.com\/labravaradiofm\/#website","url":"https:\/\/www.bbmnoticias.com\/labravaradiofm\/","name":"LA BRAVA RADIO","description":"Empresa productora de medios, Radiodifusi\u00f3n, Noticias, tendencias y todo lo que necesitas saber de la pol\u00edtica mexicana e internacional; entretenimiento, espect\u00e1culos, salud y mucho m\u00e1s.","potentialAction":[{"@type":"SearchAction","target":{"@type":"EntryPoint","urlTemplate":"https:\/\/www.bbmnoticias.com\/labravaradiofm\/?s={search_term_string}"},"query-input":{"@type":"PropertyValueSpecification","valueRequired":true,"valueName":"search_term_string"}}],"inLanguage":"es"},{"@type":"Person","@id":"https:\/\/www.bbmnoticias.com\/labravaradiofm\/#\/schema\/person\/68a9e9036ef3c5b55aeb2b71dc8bab45","name":"Staff","image":{"@type":"ImageObject","inLanguage":"es","@id":"https:\/\/secure.gravatar.com\/avatar\/fdd21ad66fd8b98c407f9dee5b5e588cfe7f0d8579ec20fa6527cd59bab7f0f0?s=96&d=mm&r=g","url":"https:\/\/secure.gravatar.com\/avatar\/fdd21ad66fd8b98c407f9dee5b5e588cfe7f0d8579ec20fa6527cd59bab7f0f0?s=96&d=mm&r=g","contentUrl":"https:\/\/secure.gravatar.com\/avatar\/fdd21ad66fd8b98c407f9dee5b5e588cfe7f0d8579ec20fa6527cd59bab7f0f0?s=96&d=mm&r=g","caption":"Staff"},"url":"https:\/\/www.bbmnoticias.com\/labravaradiofm\/author\/redaccion\/"}]}},"_links":{"self":[{"href":"https:\/\/www.bbmnoticias.com\/labravaradiofm\/wp-json\/wp\/v2\/posts\/6489","targetHints":{"allow":["GET"]}}],"collection":[{"href":"https:\/\/www.bbmnoticias.com\/labravaradiofm\/wp-json\/wp\/v2\/posts"}],"about":[{"href":"https:\/\/www.bbmnoticias.com\/labravaradiofm\/wp-json\/wp\/v2\/types\/post"}],"author":[{"embeddable":true,"href":"https:\/\/www.bbmnoticias.com\/labravaradiofm\/wp-json\/wp\/v2\/users\/2"}],"replies":[{"embeddable":true,"href":"https:\/\/www.bbmnoticias.com\/labravaradiofm\/wp-json\/wp\/v2\/comments?post=6489"}],"version-history":[{"count":0,"href":"https:\/\/www.bbmnoticias.com\/labravaradiofm\/wp-json\/wp\/v2\/posts\/6489\/revisions"}],"wp:featuredmedia":[{"embeddable":true,"href":"https:\/\/www.bbmnoticias.com\/labravaradiofm\/wp-json\/wp\/v2\/media\/6490"}],"wp:attachment":[{"href":"https:\/\/www.bbmnoticias.com\/labravaradiofm\/wp-json\/wp\/v2\/media?parent=6489"}],"wp:term":[{"taxonomy":"category","embeddable":true,"href":"https:\/\/www.bbmnoticias.com\/labravaradiofm\/wp-json\/wp\/v2\/categories?post=6489"},{"taxonomy":"post_tag","embeddable":true,"href":"https:\/\/www.bbmnoticias.com\/labravaradiofm\/wp-json\/wp\/v2\/tags?post=6489"}],"curies":[{"name":"wp","href":"https:\/\/api.w.org\/{rel}","templated":true}]}}