{"id":64886,"date":"2025-08-12T15:19:07","date_gmt":"2025-08-12T21:19:07","guid":{"rendered":"https:\/\/www.bbmnoticias.com\/labravaradiofm\/2025\/08\/12\/calzado-importado-de-asia-pagara-al-menos-25-de-arancel-ebrard\/"},"modified":"2025-08-12T15:19:45","modified_gmt":"2025-08-12T21:19:45","slug":"calzado-importado-de-asia-pagara-al-menos-25-de-arancel-ebrard","status":"publish","type":"post","link":"https:\/\/www.bbmnoticias.com\/labravaradiofm\/2025\/08\/12\/calzado-importado-de-asia-pagara-al-menos-25-de-arancel-ebrard\/","title":{"rendered":"Calzado importado de Asia pagar\u00e1 al menos 25% de arancel: Ebrard"},"content":{"rendered":"<div style=\"margin-top: 0px; margin-bottom: 0px;\" class=\"sharethis-inline-share-buttons\" ><\/div>\n<p>La <strong>industria del calzado en M\u00e9xico<\/strong> logr\u00f3 que el gobierno de Claudia Sheinbaum tomara la decisi\u00f3n de excluir a la importaci\u00f3n de zapatos terminados del Programa Industria Maquiladora Manufacturera y Servicios de Exportaci\u00f3n (IMMEX) sin pagar impuestos, producto que <strong>proven\u00edan de China<\/strong>, pero ahora pagar\u00e1n arancel de 25%, por lo menos.<\/p>\n\n\n\n<p>El secretario de Econom\u00eda, Marcelo Ebrard, dijo: \u201cYa basta\u2026 Se acab\u00f3. Quienes quieran importar calzado (de Asia principalmente, que ingresaban a costos bajos) deber\u00e1n pagar arancel\u201d, para que no haya condiciones desventajosas para la industria nacional del zapato.<\/p>\n\n\n\n<p>Afirm\u00f3 que ya no habr\u00e1<strong> IMMEX de calzado<\/strong>, como lo hab\u00eda solicitado la industria nacional, luego de que el sector compet\u00eda con el aumento del 159% de zapatos importados.<\/p>\n\n\n\n<p>El presidente de la C\u00e1mara Nacional de la Industria del Calzado (Canaical), Juan Carlos Cashat, agradeci\u00f3 a las autoridades federales por la defensa por la industria nacional, \u201ccelebramos un logro largamente esperado: la exclusi\u00f3n del calzado terminado del Programa IMMEX\u201d.<\/p>\n\n\n\n<p>Precis\u00f3 que tan s\u00f3lo en tres a\u00f1os, las importaciones bajo este esquema pasaron de 3.79 millones de pares en 2022 a m\u00e1s de 40 millones en 2024, con la incertidumbre de que se hubieran realizado los retornos correspondientes.<\/p>\n\n\n\n<p>\u201cEs un d\u00eda que quedar\u00e1 marcado en la historia de nuestra industria\u201d, destac\u00f3 el tambi\u00e9n presidente de CICEG, al recordar que el IMMEX naci\u00f3 con un prop\u00f3sito leg\u00edtimo: importar insumos, transformarlos y exportarlos.<\/p>\n\n\n\n<p>Sin embargo, su uso indebido permiti\u00f3 que grandes vol\u00famenes de calzado terminado ingresaran a M\u00e9xico con beneficios fiscales, evadiendo impuestos y desvi\u00e1ndose al mercado interno.<\/p>\n\n\n\n<p>Durante el evento de Sapica en Le\u00f3n Guanajuato, el secretario de Econom\u00eda resalt\u00f3 que la <strong>industria del calzado es s\u00edmbolo de M\u00e9xico<\/strong>, por lo que el formato de importaci\u00f3n temporal se acab\u00f3 para la industria. Y anunci\u00f3 que el siguiente paso es atacar el contrabando t\u00e9cnico de las importaciones de zapato que \u201cmaquillan\u201d los precios de los productos para comercializarlo en M\u00e9xico.<\/p>\n\n\n\n<p>\u201cEste decreto nos da una oportunidad renovada para que la industria mexicana del calzado compita en igualdad de condiciones, fortalezca su producci\u00f3n y mantenga los empleos que son sustento de miles de familias\u201d, expres\u00f3 el dirigente del <strong>Canaical<\/strong>.<\/p>\n","protected":false},"excerpt":{"rendered":"<p>La industria del calzado en M\u00e9xico logr\u00f3 que el gobierno de Claudia Sheinbaum tomara la decisi\u00f3n de excluir a la importaci\u00f3n de zapatos terminados del Programa Industria Maquiladora Manufacturera y Servicios de Exportaci\u00f3n (IMMEX) sin pagar impuestos, producto que proven\u00edan de China, pero ahora pagar\u00e1n arancel de 25%, por lo menos. El secretario de Econom\u00eda, [&hellip;]<\/p>\n","protected":false},"author":4,"featured_media":64888,"comment_status":"closed","ping_status":"","sticky":false,"template":"","format":"standard","meta":{"footnotes":""},"categories":[2,19],"tags":[],"class_list":{"0":"post-64886","1":"post","2":"type-post","3":"status-publish","4":"format-standard","5":"has-post-thumbnail","7":"category-oaxaca","8":"category-nacional"},"yoast_head":"<!-- This site is optimized with the Yoast SEO plugin v27.4 - https:\/\/yoast.com\/product\/yoast-seo-wordpress\/ -->\n<title>Calzado importado de Asia pagar\u00e1 al menos 25% de arancel: Ebrard - LA BRAVA RADIO<\/title>\n<meta name=\"robots\" content=\"index, follow, max-snippet:-1, max-image-preview:large, max-video-preview:-1\" \/>\n<link rel=\"canonical\" href=\"https:\/\/www.bbmnoticias.com\/blog\/2025\/08\/12\/calzado-importado-de-asia-pagara-al-menos-25-de-arancel-ebrard\/\" \/>\n<meta property=\"og:locale\" content=\"es_MX\" \/>\n<meta property=\"og:type\" content=\"article\" \/>\n<meta property=\"og:title\" content=\"Calzado importado de Asia pagar\u00e1 al menos 25% de arancel: Ebrard - LA BRAVA RADIO\" \/>\n<meta property=\"og:description\" content=\"La industria del calzado en M\u00e9xico logr\u00f3 que el gobierno de Claudia Sheinbaum tomara la decisi\u00f3n de excluir a la importaci\u00f3n de zapatos terminados del Programa Industria Maquiladora Manufacturera y Servicios de Exportaci\u00f3n (IMMEX) sin pagar impuestos, producto que proven\u00edan de China, pero ahora pagar\u00e1n arancel de 25%, por lo menos. El secretario de Econom\u00eda, [&hellip;]\" \/>\n<meta property=\"og:url\" content=\"https:\/\/www.bbmnoticias.com\/blog\/2025\/08\/12\/calzado-importado-de-asia-pagara-al-menos-25-de-arancel-ebrard\/\" \/>\n<meta property=\"og:site_name\" content=\"LA BRAVA RADIO\" \/>\n<meta property=\"article:published_time\" content=\"2025-08-12T21:19:07+00:00\" \/>\n<meta property=\"article:modified_time\" content=\"2025-08-12T21:19:45+00:00\" \/>\n<meta property=\"og:image\" content=\"https:\/\/www.bbmnoticias.com\/labravaradiofm\/wp-content\/uploads\/sites\/5\/2025\/08\/calzado_chino.jpeg\" \/>\n\t<meta property=\"og:image:width\" content=\"1000\" \/>\n\t<meta property=\"og:image:height\" content=\"641\" \/>\n\t<meta property=\"og:image:type\" content=\"image\/jpeg\" \/>\n<meta name=\"author\" content=\"Agencias\" \/>\n<meta name=\"twitter:card\" content=\"summary_large_image\" \/>\n<meta name=\"twitter:label1\" content=\"Escrito por\" \/>\n\t<meta name=\"twitter:data1\" content=\"Agencias\" \/>\n\t<meta name=\"twitter:label2\" content=\"Tiempo de lectura\" \/>\n\t<meta name=\"twitter:data2\" content=\"2 minutos\" \/>\n<script type=\"application\/ld+json\" class=\"yoast-schema-graph\">{\"@context\":\"https:\\\/\\\/schema.org\",\"@graph\":[{\"@type\":\"Article\",\"@id\":\"https:\\\/\\\/www.bbmnoticias.com\\\/blog\\\/2025\\\/08\\\/12\\\/calzado-importado-de-asia-pagara-al-menos-25-de-arancel-ebrard\\\/#article\",\"isPartOf\":{\"@id\":\"https:\\\/\\\/www.bbmnoticias.com\\\/labravaradiofm\\\/2025\\\/08\\\/12\\\/calzado-importado-de-asia-pagara-al-menos-25-de-arancel-ebrard\\\/\"},\"author\":{\"name\":\"Agencias\",\"@id\":\"https:\\\/\\\/www.bbmnoticias.com\\\/labravaradiofm\\\/#\\\/schema\\\/person\\\/000bdaf0a8fb5bff0d537c4d0778e33f\"},\"headline\":\"Calzado importado de Asia pagar\u00e1 al menos 25% de arancel: Ebrard\",\"datePublished\":\"2025-08-12T21:19:07+00:00\",\"dateModified\":\"2025-08-12T21:19:45+00:00\",\"mainEntityOfPage\":{\"@id\":\"https:\\\/\\\/www.bbmnoticias.com\\\/labravaradiofm\\\/2025\\\/08\\\/12\\\/calzado-importado-de-asia-pagara-al-menos-25-de-arancel-ebrard\\\/\"},\"wordCount\":388,\"image\":{\"@id\":\"https:\\\/\\\/www.bbmnoticias.com\\\/blog\\\/2025\\\/08\\\/12\\\/calzado-importado-de-asia-pagara-al-menos-25-de-arancel-ebrard\\\/#primaryimage\"},\"thumbnailUrl\":\"https:\\\/\\\/www.bbmnoticias.com\\\/labravaradiofm\\\/wp-content\\\/uploads\\\/sites\\\/5\\\/2025\\\/08\\\/calzado_chino.jpeg\",\"articleSection\":[\"LOCAL\",\"NACIONAL\"],\"inLanguage\":\"es\"},{\"@type\":\"WebPage\",\"@id\":\"https:\\\/\\\/www.bbmnoticias.com\\\/labravaradiofm\\\/2025\\\/08\\\/12\\\/calzado-importado-de-asia-pagara-al-menos-25-de-arancel-ebrard\\\/\",\"url\":\"https:\\\/\\\/www.bbmnoticias.com\\\/blog\\\/2025\\\/08\\\/12\\\/calzado-importado-de-asia-pagara-al-menos-25-de-arancel-ebrard\\\/\",\"name\":\"Calzado importado de Asia pagar\u00e1 al menos 25% de arancel: Ebrard - LA BRAVA RADIO\",\"isPartOf\":{\"@id\":\"https:\\\/\\\/www.bbmnoticias.com\\\/labravaradiofm\\\/#website\"},\"primaryImageOfPage\":{\"@id\":\"https:\\\/\\\/www.bbmnoticias.com\\\/blog\\\/2025\\\/08\\\/12\\\/calzado-importado-de-asia-pagara-al-menos-25-de-arancel-ebrard\\\/#primaryimage\"},\"image\":{\"@id\":\"https:\\\/\\\/www.bbmnoticias.com\\\/blog\\\/2025\\\/08\\\/12\\\/calzado-importado-de-asia-pagara-al-menos-25-de-arancel-ebrard\\\/#primaryimage\"},\"thumbnailUrl\":\"https:\\\/\\\/www.bbmnoticias.com\\\/labravaradiofm\\\/wp-content\\\/uploads\\\/sites\\\/5\\\/2025\\\/08\\\/calzado_chino.jpeg\",\"datePublished\":\"2025-08-12T21:19:07+00:00\",\"dateModified\":\"2025-08-12T21:19:45+00:00\",\"author\":{\"@id\":\"https:\\\/\\\/www.bbmnoticias.com\\\/labravaradiofm\\\/#\\\/schema\\\/person\\\/000bdaf0a8fb5bff0d537c4d0778e33f\"},\"breadcrumb\":{\"@id\":\"https:\\\/\\\/www.bbmnoticias.com\\\/blog\\\/2025\\\/08\\\/12\\\/calzado-importado-de-asia-pagara-al-menos-25-de-arancel-ebrard\\\/#breadcrumb\"},\"inLanguage\":\"es\",\"potentialAction\":[{\"@type\":\"ReadAction\",\"target\":[\"https:\\\/\\\/www.bbmnoticias.com\\\/blog\\\/2025\\\/08\\\/12\\\/calzado-importado-de-asia-pagara-al-menos-25-de-arancel-ebrard\\\/\"]}]},{\"@type\":\"ImageObject\",\"inLanguage\":\"es\",\"@id\":\"https:\\\/\\\/www.bbmnoticias.com\\\/blog\\\/2025\\\/08\\\/12\\\/calzado-importado-de-asia-pagara-al-menos-25-de-arancel-ebrard\\\/#primaryimage\",\"url\":\"https:\\\/\\\/www.bbmnoticias.com\\\/labravaradiofm\\\/wp-content\\\/uploads\\\/sites\\\/5\\\/2025\\\/08\\\/calzado_chino.jpeg\",\"contentUrl\":\"https:\\\/\\\/www.bbmnoticias.com\\\/labravaradiofm\\\/wp-content\\\/uploads\\\/sites\\\/5\\\/2025\\\/08\\\/calzado_chino.jpeg\",\"width\":1000,\"height\":641},{\"@type\":\"BreadcrumbList\",\"@id\":\"https:\\\/\\\/www.bbmnoticias.com\\\/blog\\\/2025\\\/08\\\/12\\\/calzado-importado-de-asia-pagara-al-menos-25-de-arancel-ebrard\\\/#breadcrumb\",\"itemListElement\":[{\"@type\":\"ListItem\",\"position\":1,\"name\":\"Inicio\",\"item\":\"https:\\\/\\\/www.bbmnoticias.com\\\/labravaradiofm\\\/\"},{\"@type\":\"ListItem\",\"position\":2,\"name\":\"Calzado importado de Asia pagar\u00e1 al menos 25% de arancel: Ebrard\"}]},{\"@type\":\"WebSite\",\"@id\":\"https:\\\/\\\/www.bbmnoticias.com\\\/labravaradiofm\\\/#website\",\"url\":\"https:\\\/\\\/www.bbmnoticias.com\\\/labravaradiofm\\\/\",\"name\":\"LA BRAVA RADIO\",\"description\":\"Empresa productora de medios, Radiodifusi\u00f3n, Noticias, tendencias y todo lo que necesitas saber de la pol\u00edtica mexicana e internacional; entretenimiento, espect\u00e1culos, salud y mucho m\u00e1s.\",\"potentialAction\":[{\"@type\":\"SearchAction\",\"target\":{\"@type\":\"EntryPoint\",\"urlTemplate\":\"https:\\\/\\\/www.bbmnoticias.com\\\/labravaradiofm\\\/?s={search_term_string}\"},\"query-input\":{\"@type\":\"PropertyValueSpecification\",\"valueRequired\":true,\"valueName\":\"search_term_string\"}}],\"inLanguage\":\"es\"},{\"@type\":\"Person\",\"@id\":\"https:\\\/\\\/www.bbmnoticias.com\\\/labravaradiofm\\\/#\\\/schema\\\/person\\\/000bdaf0a8fb5bff0d537c4d0778e33f\",\"name\":\"Agencias\",\"image\":{\"@type\":\"ImageObject\",\"inLanguage\":\"es\",\"@id\":\"https:\\\/\\\/secure.gravatar.com\\\/avatar\\\/739e0b61adf9e398b425c36718c8752286da0e8cd90f20ce9a86678abc26aa0d?s=96&d=mm&r=g\",\"url\":\"https:\\\/\\\/secure.gravatar.com\\\/avatar\\\/739e0b61adf9e398b425c36718c8752286da0e8cd90f20ce9a86678abc26aa0d?s=96&d=mm&r=g\",\"contentUrl\":\"https:\\\/\\\/secure.gravatar.com\\\/avatar\\\/739e0b61adf9e398b425c36718c8752286da0e8cd90f20ce9a86678abc26aa0d?s=96&d=mm&r=g\",\"caption\":\"Agencias\"},\"url\":\"https:\\\/\\\/www.bbmnoticias.com\\\/labravaradiofm\\\/author\\\/agencias\\\/\"}]}<\/script>\n<!-- \/ Yoast SEO plugin. -->","yoast_head_json":{"title":"Calzado importado de Asia pagar\u00e1 al menos 25% de arancel: Ebrard - LA BRAVA RADIO","robots":{"index":"index","follow":"follow","max-snippet":"max-snippet:-1","max-image-preview":"max-image-preview:large","max-video-preview":"max-video-preview:-1"},"canonical":"https:\/\/www.bbmnoticias.com\/blog\/2025\/08\/12\/calzado-importado-de-asia-pagara-al-menos-25-de-arancel-ebrard\/","og_locale":"es_MX","og_type":"article","og_title":"Calzado importado de Asia pagar\u00e1 al menos 25% de arancel: Ebrard - LA BRAVA RADIO","og_description":"La industria del calzado en M\u00e9xico logr\u00f3 que el gobierno de Claudia Sheinbaum tomara la decisi\u00f3n de excluir a la importaci\u00f3n de zapatos terminados del Programa Industria Maquiladora Manufacturera y Servicios de Exportaci\u00f3n (IMMEX) sin pagar impuestos, producto que proven\u00edan de China, pero ahora pagar\u00e1n arancel de 25%, por lo menos. El secretario de Econom\u00eda, [&hellip;]","og_url":"https:\/\/www.bbmnoticias.com\/blog\/2025\/08\/12\/calzado-importado-de-asia-pagara-al-menos-25-de-arancel-ebrard\/","og_site_name":"LA BRAVA RADIO","article_published_time":"2025-08-12T21:19:07+00:00","article_modified_time":"2025-08-12T21:19:45+00:00","og_image":[{"width":1000,"height":641,"url":"https:\/\/www.bbmnoticias.com\/labravaradiofm\/wp-content\/uploads\/sites\/5\/2025\/08\/calzado_chino.jpeg","type":"image\/jpeg"}],"author":"Agencias","twitter_card":"summary_large_image","twitter_misc":{"Escrito por":"Agencias","Tiempo de lectura":"2 minutos"},"schema":{"@context":"https:\/\/schema.org","@graph":[{"@type":"Article","@id":"https:\/\/www.bbmnoticias.com\/blog\/2025\/08\/12\/calzado-importado-de-asia-pagara-al-menos-25-de-arancel-ebrard\/#article","isPartOf":{"@id":"https:\/\/www.bbmnoticias.com\/labravaradiofm\/2025\/08\/12\/calzado-importado-de-asia-pagara-al-menos-25-de-arancel-ebrard\/"},"author":{"name":"Agencias","@id":"https:\/\/www.bbmnoticias.com\/labravaradiofm\/#\/schema\/person\/000bdaf0a8fb5bff0d537c4d0778e33f"},"headline":"Calzado importado de Asia pagar\u00e1 al menos 25% de arancel: Ebrard","datePublished":"2025-08-12T21:19:07+00:00","dateModified":"2025-08-12T21:19:45+00:00","mainEntityOfPage":{"@id":"https:\/\/www.bbmnoticias.com\/labravaradiofm\/2025\/08\/12\/calzado-importado-de-asia-pagara-al-menos-25-de-arancel-ebrard\/"},"wordCount":388,"image":{"@id":"https:\/\/www.bbmnoticias.com\/blog\/2025\/08\/12\/calzado-importado-de-asia-pagara-al-menos-25-de-arancel-ebrard\/#primaryimage"},"thumbnailUrl":"https:\/\/www.bbmnoticias.com\/labravaradiofm\/wp-content\/uploads\/sites\/5\/2025\/08\/calzado_chino.jpeg","articleSection":["LOCAL","NACIONAL"],"inLanguage":"es"},{"@type":"WebPage","@id":"https:\/\/www.bbmnoticias.com\/labravaradiofm\/2025\/08\/12\/calzado-importado-de-asia-pagara-al-menos-25-de-arancel-ebrard\/","url":"https:\/\/www.bbmnoticias.com\/blog\/2025\/08\/12\/calzado-importado-de-asia-pagara-al-menos-25-de-arancel-ebrard\/","name":"Calzado importado de Asia pagar\u00e1 al menos 25% de arancel: Ebrard - LA BRAVA RADIO","isPartOf":{"@id":"https:\/\/www.bbmnoticias.com\/labravaradiofm\/#website"},"primaryImageOfPage":{"@id":"https:\/\/www.bbmnoticias.com\/blog\/2025\/08\/12\/calzado-importado-de-asia-pagara-al-menos-25-de-arancel-ebrard\/#primaryimage"},"image":{"@id":"https:\/\/www.bbmnoticias.com\/blog\/2025\/08\/12\/calzado-importado-de-asia-pagara-al-menos-25-de-arancel-ebrard\/#primaryimage"},"thumbnailUrl":"https:\/\/www.bbmnoticias.com\/labravaradiofm\/wp-content\/uploads\/sites\/5\/2025\/08\/calzado_chino.jpeg","datePublished":"2025-08-12T21:19:07+00:00","dateModified":"2025-08-12T21:19:45+00:00","author":{"@id":"https:\/\/www.bbmnoticias.com\/labravaradiofm\/#\/schema\/person\/000bdaf0a8fb5bff0d537c4d0778e33f"},"breadcrumb":{"@id":"https:\/\/www.bbmnoticias.com\/blog\/2025\/08\/12\/calzado-importado-de-asia-pagara-al-menos-25-de-arancel-ebrard\/#breadcrumb"},"inLanguage":"es","potentialAction":[{"@type":"ReadAction","target":["https:\/\/www.bbmnoticias.com\/blog\/2025\/08\/12\/calzado-importado-de-asia-pagara-al-menos-25-de-arancel-ebrard\/"]}]},{"@type":"ImageObject","inLanguage":"es","@id":"https:\/\/www.bbmnoticias.com\/blog\/2025\/08\/12\/calzado-importado-de-asia-pagara-al-menos-25-de-arancel-ebrard\/#primaryimage","url":"https:\/\/www.bbmnoticias.com\/labravaradiofm\/wp-content\/uploads\/sites\/5\/2025\/08\/calzado_chino.jpeg","contentUrl":"https:\/\/www.bbmnoticias.com\/labravaradiofm\/wp-content\/uploads\/sites\/5\/2025\/08\/calzado_chino.jpeg","width":1000,"height":641},{"@type":"BreadcrumbList","@id":"https:\/\/www.bbmnoticias.com\/blog\/2025\/08\/12\/calzado-importado-de-asia-pagara-al-menos-25-de-arancel-ebrard\/#breadcrumb","itemListElement":[{"@type":"ListItem","position":1,"name":"Inicio","item":"https:\/\/www.bbmnoticias.com\/labravaradiofm\/"},{"@type":"ListItem","position":2,"name":"Calzado importado de Asia pagar\u00e1 al menos 25% de arancel: Ebrard"}]},{"@type":"WebSite","@id":"https:\/\/www.bbmnoticias.com\/labravaradiofm\/#website","url":"https:\/\/www.bbmnoticias.com\/labravaradiofm\/","name":"LA BRAVA RADIO","description":"Empresa productora de medios, Radiodifusi\u00f3n, Noticias, tendencias y todo lo que necesitas saber de la pol\u00edtica mexicana e internacional; entretenimiento, espect\u00e1culos, salud y mucho m\u00e1s.","potentialAction":[{"@type":"SearchAction","target":{"@type":"EntryPoint","urlTemplate":"https:\/\/www.bbmnoticias.com\/labravaradiofm\/?s={search_term_string}"},"query-input":{"@type":"PropertyValueSpecification","valueRequired":true,"valueName":"search_term_string"}}],"inLanguage":"es"},{"@type":"Person","@id":"https:\/\/www.bbmnoticias.com\/labravaradiofm\/#\/schema\/person\/000bdaf0a8fb5bff0d537c4d0778e33f","name":"Agencias","image":{"@type":"ImageObject","inLanguage":"es","@id":"https:\/\/secure.gravatar.com\/avatar\/739e0b61adf9e398b425c36718c8752286da0e8cd90f20ce9a86678abc26aa0d?s=96&d=mm&r=g","url":"https:\/\/secure.gravatar.com\/avatar\/739e0b61adf9e398b425c36718c8752286da0e8cd90f20ce9a86678abc26aa0d?s=96&d=mm&r=g","contentUrl":"https:\/\/secure.gravatar.com\/avatar\/739e0b61adf9e398b425c36718c8752286da0e8cd90f20ce9a86678abc26aa0d?s=96&d=mm&r=g","caption":"Agencias"},"url":"https:\/\/www.bbmnoticias.com\/labravaradiofm\/author\/agencias\/"}]}},"_links":{"self":[{"href":"https:\/\/www.bbmnoticias.com\/labravaradiofm\/wp-json\/wp\/v2\/posts\/64886","targetHints":{"allow":["GET"]}}],"collection":[{"href":"https:\/\/www.bbmnoticias.com\/labravaradiofm\/wp-json\/wp\/v2\/posts"}],"about":[{"href":"https:\/\/www.bbmnoticias.com\/labravaradiofm\/wp-json\/wp\/v2\/types\/post"}],"author":[{"embeddable":true,"href":"https:\/\/www.bbmnoticias.com\/labravaradiofm\/wp-json\/wp\/v2\/users\/4"}],"replies":[{"embeddable":true,"href":"https:\/\/www.bbmnoticias.com\/labravaradiofm\/wp-json\/wp\/v2\/comments?post=64886"}],"version-history":[{"count":0,"href":"https:\/\/www.bbmnoticias.com\/labravaradiofm\/wp-json\/wp\/v2\/posts\/64886\/revisions"}],"wp:featuredmedia":[{"embeddable":true,"href":"https:\/\/www.bbmnoticias.com\/labravaradiofm\/wp-json\/wp\/v2\/media\/64888"}],"wp:attachment":[{"href":"https:\/\/www.bbmnoticias.com\/labravaradiofm\/wp-json\/wp\/v2\/media?parent=64886"}],"wp:term":[{"taxonomy":"category","embeddable":true,"href":"https:\/\/www.bbmnoticias.com\/labravaradiofm\/wp-json\/wp\/v2\/categories?post=64886"},{"taxonomy":"post_tag","embeddable":true,"href":"https:\/\/www.bbmnoticias.com\/labravaradiofm\/wp-json\/wp\/v2\/tags?post=64886"}],"curies":[{"name":"wp","href":"https:\/\/api.w.org\/{rel}","templated":true}]}}