{"id":64879,"date":"2025-08-12T14:04:54","date_gmt":"2025-08-12T20:04:54","guid":{"rendered":"https:\/\/www.bbmnoticias.com\/labravaradiofm\/2025\/08\/12\/avanza-gobierno-de-oaxaca-con-proyecto-de-presa-margarita-maza\/"},"modified":"2025-08-12T14:05:19","modified_gmt":"2025-08-12T20:05:19","slug":"avanza-gobierno-de-oaxaca-con-proyecto-de-presa-margarita-maza","status":"publish","type":"post","link":"https:\/\/www.bbmnoticias.com\/labravaradiofm\/2025\/08\/12\/avanza-gobierno-de-oaxaca-con-proyecto-de-presa-margarita-maza\/","title":{"rendered":"Avanza Gobierno de Oaxaca con proyecto de presa Margarita Maza"},"content":{"rendered":"<div style=\"margin-top: 0px; margin-bottom: 0px;\" class=\"sharethis-inline-share-buttons\" ><\/div>\n<p><strong>Oaxaca de Ju\u00e1rez, Oax., 12 de agosto de 2025.- <\/strong>El Gobierno del Estado de Oaxaca cumpli\u00f3, en tiempo y forma, con la primera parte del proyecto presa Margarita Maza, que comprende la coordinaci\u00f3n, licitaci\u00f3n y supervisi\u00f3n de esta obra h\u00eddrica que beneficiar\u00e1 directamente a la poblaci\u00f3n de Valle Centrales.<\/p>\n\n\n\n<p>El titular de la Comisi\u00f3n Estatal del Agua para el Bienestar (Ceabien), Neftal\u00ed Amigdael L\u00f3pez Hern\u00e1ndez resalt\u00f3 que, gracias al impulso del Gobernador Salom\u00f3n Jara Cruz, este proyecto se ha consolidado como una de las prioridades de la Comisi\u00f3n Nacional del Agua (Conagua).<\/p>\n\n\n\n<p>Entre los trabajos realizados por la Ceabien destacan la topograf\u00eda con tecnolog\u00eda de \u00faltima generaci\u00f3n a trav\u00e9s de drones y sistema LiDAR, tanto para la presa como para el acueducto.<\/p>\n\n\n\n<p>Como parte del enfoque social del proyecto, se ha mantenido un di\u00e1logo constante con las comunidades cercanas, garantizando que el desarrollo del proyecto sea respetuoso con el entorno y los derechos colectivos.<\/p>\n\n\n\n<p>La presa almacenadora tendr\u00e1 la capacidad de 20 millones de metros c\u00fabicos, contar\u00e1 con dos caminos de acceso y suministrar\u00e1 el agua por bloques de alrededor de mil litros por segundo.<\/p>\n\n\n\n<p>L\u00f3pez Hern\u00e1ndez indic\u00f3 que esta infraestructura, ubicada en la localidad de Rancho Viejo de Villa Sola de Vega, cruzar\u00e1 por Yogana y por la Heroica Ciudad de Ejutla de Crespo.<\/p>\n\n\n\n<p>Cabe destacar que la obra no corresponde al mismo proyecto que en a\u00f1os anteriores fue denominado Paso Ancho, toda vez que tiene una ubicaci\u00f3n distinta y est\u00e1 dise\u00f1ada con base en estudios actualizados, realizados con tecnolog\u00eda de punta.<\/p>\n\n\n\n<p>Con proyectos estrat\u00e9gicos como este, el Gobierno de Oaxaca consolida una pol\u00edtica p\u00fablica que coloca al agua como un derecho y no como un privilegio.<\/p>\n\n\n\n<p><\/p>\n","protected":false},"excerpt":{"rendered":"<p>Oaxaca de Ju\u00e1rez, Oax., 12 de agosto de 2025.- El Gobierno del Estado de Oaxaca cumpli\u00f3, en tiempo y forma, con la primera parte del proyecto presa Margarita Maza, que comprende la coordinaci\u00f3n, licitaci\u00f3n y supervisi\u00f3n de esta obra h\u00eddrica que beneficiar\u00e1 directamente a la poblaci\u00f3n de Valle Centrales. El titular de la Comisi\u00f3n Estatal [&hellip;]<\/p>\n","protected":false},"author":2,"featured_media":64881,"comment_status":"closed","ping_status":"","sticky":false,"template":"","format":"standard","meta":{"footnotes":""},"categories":[2],"tags":[],"class_list":{"0":"post-64879","1":"post","2":"type-post","3":"status-publish","4":"format-standard","5":"has-post-thumbnail","7":"category-oaxaca"},"yoast_head":"<!-- This site is optimized with the Yoast SEO plugin v27.4 - https:\/\/yoast.com\/product\/yoast-seo-wordpress\/ -->\n<title>Avanza Gobierno de Oaxaca con proyecto de presa Margarita Maza - LA BRAVA RADIO<\/title>\n<meta name=\"robots\" content=\"index, follow, max-snippet:-1, max-image-preview:large, max-video-preview:-1\" \/>\n<link rel=\"canonical\" href=\"https:\/\/www.bbmnoticias.com\/blog\/2025\/08\/12\/avanza-gobierno-de-oaxaca-con-proyecto-de-presa-margarita-maza\/\" \/>\n<meta property=\"og:locale\" content=\"es_MX\" \/>\n<meta property=\"og:type\" content=\"article\" \/>\n<meta property=\"og:title\" content=\"Avanza Gobierno de Oaxaca con proyecto de presa Margarita Maza - LA BRAVA RADIO\" \/>\n<meta property=\"og:description\" content=\"Oaxaca de Ju\u00e1rez, Oax., 12 de agosto de 2025.- El Gobierno del Estado de Oaxaca cumpli\u00f3, en tiempo y forma, con la primera parte del proyecto presa Margarita Maza, que comprende la coordinaci\u00f3n, licitaci\u00f3n y supervisi\u00f3n de esta obra h\u00eddrica que beneficiar\u00e1 directamente a la poblaci\u00f3n de Valle Centrales. El titular de la Comisi\u00f3n Estatal [&hellip;]\" \/>\n<meta property=\"og:url\" content=\"https:\/\/www.bbmnoticias.com\/blog\/2025\/08\/12\/avanza-gobierno-de-oaxaca-con-proyecto-de-presa-margarita-maza\/\" \/>\n<meta property=\"og:site_name\" content=\"LA BRAVA RADIO\" \/>\n<meta property=\"article:published_time\" content=\"2025-08-12T20:04:54+00:00\" \/>\n<meta property=\"article:modified_time\" content=\"2025-08-12T20:05:19+00:00\" \/>\n<meta property=\"og:image\" content=\"https:\/\/www.bbmnoticias.com\/labravaradiofm\/wp-content\/uploads\/sites\/5\/2025\/08\/presa_margarita_maza.jpg\" \/>\n\t<meta property=\"og:image:width\" content=\"800\" \/>\n\t<meta property=\"og:image:height\" content=\"600\" \/>\n\t<meta property=\"og:image:type\" content=\"image\/jpeg\" \/>\n<meta name=\"author\" content=\"Staff\" \/>\n<meta name=\"twitter:card\" content=\"summary_large_image\" \/>\n<meta name=\"twitter:label1\" content=\"Escrito por\" \/>\n\t<meta name=\"twitter:data1\" content=\"Staff\" \/>\n\t<meta name=\"twitter:label2\" content=\"Tiempo de lectura\" \/>\n\t<meta name=\"twitter:data2\" content=\"2 minutos\" \/>\n<script type=\"application\/ld+json\" class=\"yoast-schema-graph\">{\"@context\":\"https:\\\/\\\/schema.org\",\"@graph\":[{\"@type\":\"Article\",\"@id\":\"https:\\\/\\\/www.bbmnoticias.com\\\/blog\\\/2025\\\/08\\\/12\\\/avanza-gobierno-de-oaxaca-con-proyecto-de-presa-margarita-maza\\\/#article\",\"isPartOf\":{\"@id\":\"https:\\\/\\\/www.bbmnoticias.com\\\/labravaradiofm\\\/2025\\\/08\\\/12\\\/avanza-gobierno-de-oaxaca-con-proyecto-de-presa-margarita-maza\\\/\"},\"author\":{\"name\":\"Staff\",\"@id\":\"https:\\\/\\\/www.bbmnoticias.com\\\/labravaradiofm\\\/#\\\/schema\\\/person\\\/68a9e9036ef3c5b55aeb2b71dc8bab45\"},\"headline\":\"Avanza Gobierno de Oaxaca con proyecto de presa Margarita Maza\",\"datePublished\":\"2025-08-12T20:04:54+00:00\",\"dateModified\":\"2025-08-12T20:05:19+00:00\",\"mainEntityOfPage\":{\"@id\":\"https:\\\/\\\/www.bbmnoticias.com\\\/labravaradiofm\\\/2025\\\/08\\\/12\\\/avanza-gobierno-de-oaxaca-con-proyecto-de-presa-margarita-maza\\\/\"},\"wordCount\":312,\"image\":{\"@id\":\"https:\\\/\\\/www.bbmnoticias.com\\\/blog\\\/2025\\\/08\\\/12\\\/avanza-gobierno-de-oaxaca-con-proyecto-de-presa-margarita-maza\\\/#primaryimage\"},\"thumbnailUrl\":\"https:\\\/\\\/www.bbmnoticias.com\\\/labravaradiofm\\\/wp-content\\\/uploads\\\/sites\\\/5\\\/2025\\\/08\\\/presa_margarita_maza.jpg\",\"articleSection\":[\"LOCAL\"],\"inLanguage\":\"es\"},{\"@type\":\"WebPage\",\"@id\":\"https:\\\/\\\/www.bbmnoticias.com\\\/labravaradiofm\\\/2025\\\/08\\\/12\\\/avanza-gobierno-de-oaxaca-con-proyecto-de-presa-margarita-maza\\\/\",\"url\":\"https:\\\/\\\/www.bbmnoticias.com\\\/blog\\\/2025\\\/08\\\/12\\\/avanza-gobierno-de-oaxaca-con-proyecto-de-presa-margarita-maza\\\/\",\"name\":\"Avanza Gobierno de Oaxaca con proyecto de presa Margarita Maza - LA BRAVA RADIO\",\"isPartOf\":{\"@id\":\"https:\\\/\\\/www.bbmnoticias.com\\\/labravaradiofm\\\/#website\"},\"primaryImageOfPage\":{\"@id\":\"https:\\\/\\\/www.bbmnoticias.com\\\/blog\\\/2025\\\/08\\\/12\\\/avanza-gobierno-de-oaxaca-con-proyecto-de-presa-margarita-maza\\\/#primaryimage\"},\"image\":{\"@id\":\"https:\\\/\\\/www.bbmnoticias.com\\\/blog\\\/2025\\\/08\\\/12\\\/avanza-gobierno-de-oaxaca-con-proyecto-de-presa-margarita-maza\\\/#primaryimage\"},\"thumbnailUrl\":\"https:\\\/\\\/www.bbmnoticias.com\\\/labravaradiofm\\\/wp-content\\\/uploads\\\/sites\\\/5\\\/2025\\\/08\\\/presa_margarita_maza.jpg\",\"datePublished\":\"2025-08-12T20:04:54+00:00\",\"dateModified\":\"2025-08-12T20:05:19+00:00\",\"author\":{\"@id\":\"https:\\\/\\\/www.bbmnoticias.com\\\/labravaradiofm\\\/#\\\/schema\\\/person\\\/68a9e9036ef3c5b55aeb2b71dc8bab45\"},\"breadcrumb\":{\"@id\":\"https:\\\/\\\/www.bbmnoticias.com\\\/blog\\\/2025\\\/08\\\/12\\\/avanza-gobierno-de-oaxaca-con-proyecto-de-presa-margarita-maza\\\/#breadcrumb\"},\"inLanguage\":\"es\",\"potentialAction\":[{\"@type\":\"ReadAction\",\"target\":[\"https:\\\/\\\/www.bbmnoticias.com\\\/blog\\\/2025\\\/08\\\/12\\\/avanza-gobierno-de-oaxaca-con-proyecto-de-presa-margarita-maza\\\/\"]}]},{\"@type\":\"ImageObject\",\"inLanguage\":\"es\",\"@id\":\"https:\\\/\\\/www.bbmnoticias.com\\\/blog\\\/2025\\\/08\\\/12\\\/avanza-gobierno-de-oaxaca-con-proyecto-de-presa-margarita-maza\\\/#primaryimage\",\"url\":\"https:\\\/\\\/www.bbmnoticias.com\\\/labravaradiofm\\\/wp-content\\\/uploads\\\/sites\\\/5\\\/2025\\\/08\\\/presa_margarita_maza.jpg\",\"contentUrl\":\"https:\\\/\\\/www.bbmnoticias.com\\\/labravaradiofm\\\/wp-content\\\/uploads\\\/sites\\\/5\\\/2025\\\/08\\\/presa_margarita_maza.jpg\",\"width\":800,\"height\":600},{\"@type\":\"BreadcrumbList\",\"@id\":\"https:\\\/\\\/www.bbmnoticias.com\\\/blog\\\/2025\\\/08\\\/12\\\/avanza-gobierno-de-oaxaca-con-proyecto-de-presa-margarita-maza\\\/#breadcrumb\",\"itemListElement\":[{\"@type\":\"ListItem\",\"position\":1,\"name\":\"Inicio\",\"item\":\"https:\\\/\\\/www.bbmnoticias.com\\\/labravaradiofm\\\/\"},{\"@type\":\"ListItem\",\"position\":2,\"name\":\"Avanza Gobierno de Oaxaca con proyecto de presa Margarita Maza\"}]},{\"@type\":\"WebSite\",\"@id\":\"https:\\\/\\\/www.bbmnoticias.com\\\/labravaradiofm\\\/#website\",\"url\":\"https:\\\/\\\/www.bbmnoticias.com\\\/labravaradiofm\\\/\",\"name\":\"LA BRAVA RADIO\",\"description\":\"Empresa productora de medios, Radiodifusi\u00f3n, Noticias, tendencias y todo lo que necesitas saber de la pol\u00edtica mexicana e internacional; entretenimiento, espect\u00e1culos, salud y mucho m\u00e1s.\",\"potentialAction\":[{\"@type\":\"SearchAction\",\"target\":{\"@type\":\"EntryPoint\",\"urlTemplate\":\"https:\\\/\\\/www.bbmnoticias.com\\\/labravaradiofm\\\/?s={search_term_string}\"},\"query-input\":{\"@type\":\"PropertyValueSpecification\",\"valueRequired\":true,\"valueName\":\"search_term_string\"}}],\"inLanguage\":\"es\"},{\"@type\":\"Person\",\"@id\":\"https:\\\/\\\/www.bbmnoticias.com\\\/labravaradiofm\\\/#\\\/schema\\\/person\\\/68a9e9036ef3c5b55aeb2b71dc8bab45\",\"name\":\"Staff\",\"image\":{\"@type\":\"ImageObject\",\"inLanguage\":\"es\",\"@id\":\"https:\\\/\\\/secure.gravatar.com\\\/avatar\\\/fdd21ad66fd8b98c407f9dee5b5e588cfe7f0d8579ec20fa6527cd59bab7f0f0?s=96&d=mm&r=g\",\"url\":\"https:\\\/\\\/secure.gravatar.com\\\/avatar\\\/fdd21ad66fd8b98c407f9dee5b5e588cfe7f0d8579ec20fa6527cd59bab7f0f0?s=96&d=mm&r=g\",\"contentUrl\":\"https:\\\/\\\/secure.gravatar.com\\\/avatar\\\/fdd21ad66fd8b98c407f9dee5b5e588cfe7f0d8579ec20fa6527cd59bab7f0f0?s=96&d=mm&r=g\",\"caption\":\"Staff\"},\"url\":\"https:\\\/\\\/www.bbmnoticias.com\\\/labravaradiofm\\\/author\\\/redaccion\\\/\"}]}<\/script>\n<!-- \/ Yoast SEO plugin. -->","yoast_head_json":{"title":"Avanza Gobierno de Oaxaca con proyecto de presa Margarita Maza - LA BRAVA RADIO","robots":{"index":"index","follow":"follow","max-snippet":"max-snippet:-1","max-image-preview":"max-image-preview:large","max-video-preview":"max-video-preview:-1"},"canonical":"https:\/\/www.bbmnoticias.com\/blog\/2025\/08\/12\/avanza-gobierno-de-oaxaca-con-proyecto-de-presa-margarita-maza\/","og_locale":"es_MX","og_type":"article","og_title":"Avanza Gobierno de Oaxaca con proyecto de presa Margarita Maza - LA BRAVA RADIO","og_description":"Oaxaca de Ju\u00e1rez, Oax., 12 de agosto de 2025.- El Gobierno del Estado de Oaxaca cumpli\u00f3, en tiempo y forma, con la primera parte del proyecto presa Margarita Maza, que comprende la coordinaci\u00f3n, licitaci\u00f3n y supervisi\u00f3n de esta obra h\u00eddrica que beneficiar\u00e1 directamente a la poblaci\u00f3n de Valle Centrales. El titular de la Comisi\u00f3n Estatal [&hellip;]","og_url":"https:\/\/www.bbmnoticias.com\/blog\/2025\/08\/12\/avanza-gobierno-de-oaxaca-con-proyecto-de-presa-margarita-maza\/","og_site_name":"LA BRAVA RADIO","article_published_time":"2025-08-12T20:04:54+00:00","article_modified_time":"2025-08-12T20:05:19+00:00","og_image":[{"width":800,"height":600,"url":"https:\/\/www.bbmnoticias.com\/labravaradiofm\/wp-content\/uploads\/sites\/5\/2025\/08\/presa_margarita_maza.jpg","type":"image\/jpeg"}],"author":"Staff","twitter_card":"summary_large_image","twitter_misc":{"Escrito por":"Staff","Tiempo de lectura":"2 minutos"},"schema":{"@context":"https:\/\/schema.org","@graph":[{"@type":"Article","@id":"https:\/\/www.bbmnoticias.com\/blog\/2025\/08\/12\/avanza-gobierno-de-oaxaca-con-proyecto-de-presa-margarita-maza\/#article","isPartOf":{"@id":"https:\/\/www.bbmnoticias.com\/labravaradiofm\/2025\/08\/12\/avanza-gobierno-de-oaxaca-con-proyecto-de-presa-margarita-maza\/"},"author":{"name":"Staff","@id":"https:\/\/www.bbmnoticias.com\/labravaradiofm\/#\/schema\/person\/68a9e9036ef3c5b55aeb2b71dc8bab45"},"headline":"Avanza Gobierno de Oaxaca con proyecto de presa Margarita Maza","datePublished":"2025-08-12T20:04:54+00:00","dateModified":"2025-08-12T20:05:19+00:00","mainEntityOfPage":{"@id":"https:\/\/www.bbmnoticias.com\/labravaradiofm\/2025\/08\/12\/avanza-gobierno-de-oaxaca-con-proyecto-de-presa-margarita-maza\/"},"wordCount":312,"image":{"@id":"https:\/\/www.bbmnoticias.com\/blog\/2025\/08\/12\/avanza-gobierno-de-oaxaca-con-proyecto-de-presa-margarita-maza\/#primaryimage"},"thumbnailUrl":"https:\/\/www.bbmnoticias.com\/labravaradiofm\/wp-content\/uploads\/sites\/5\/2025\/08\/presa_margarita_maza.jpg","articleSection":["LOCAL"],"inLanguage":"es"},{"@type":"WebPage","@id":"https:\/\/www.bbmnoticias.com\/labravaradiofm\/2025\/08\/12\/avanza-gobierno-de-oaxaca-con-proyecto-de-presa-margarita-maza\/","url":"https:\/\/www.bbmnoticias.com\/blog\/2025\/08\/12\/avanza-gobierno-de-oaxaca-con-proyecto-de-presa-margarita-maza\/","name":"Avanza Gobierno de Oaxaca con proyecto de presa Margarita Maza - LA BRAVA RADIO","isPartOf":{"@id":"https:\/\/www.bbmnoticias.com\/labravaradiofm\/#website"},"primaryImageOfPage":{"@id":"https:\/\/www.bbmnoticias.com\/blog\/2025\/08\/12\/avanza-gobierno-de-oaxaca-con-proyecto-de-presa-margarita-maza\/#primaryimage"},"image":{"@id":"https:\/\/www.bbmnoticias.com\/blog\/2025\/08\/12\/avanza-gobierno-de-oaxaca-con-proyecto-de-presa-margarita-maza\/#primaryimage"},"thumbnailUrl":"https:\/\/www.bbmnoticias.com\/labravaradiofm\/wp-content\/uploads\/sites\/5\/2025\/08\/presa_margarita_maza.jpg","datePublished":"2025-08-12T20:04:54+00:00","dateModified":"2025-08-12T20:05:19+00:00","author":{"@id":"https:\/\/www.bbmnoticias.com\/labravaradiofm\/#\/schema\/person\/68a9e9036ef3c5b55aeb2b71dc8bab45"},"breadcrumb":{"@id":"https:\/\/www.bbmnoticias.com\/blog\/2025\/08\/12\/avanza-gobierno-de-oaxaca-con-proyecto-de-presa-margarita-maza\/#breadcrumb"},"inLanguage":"es","potentialAction":[{"@type":"ReadAction","target":["https:\/\/www.bbmnoticias.com\/blog\/2025\/08\/12\/avanza-gobierno-de-oaxaca-con-proyecto-de-presa-margarita-maza\/"]}]},{"@type":"ImageObject","inLanguage":"es","@id":"https:\/\/www.bbmnoticias.com\/blog\/2025\/08\/12\/avanza-gobierno-de-oaxaca-con-proyecto-de-presa-margarita-maza\/#primaryimage","url":"https:\/\/www.bbmnoticias.com\/labravaradiofm\/wp-content\/uploads\/sites\/5\/2025\/08\/presa_margarita_maza.jpg","contentUrl":"https:\/\/www.bbmnoticias.com\/labravaradiofm\/wp-content\/uploads\/sites\/5\/2025\/08\/presa_margarita_maza.jpg","width":800,"height":600},{"@type":"BreadcrumbList","@id":"https:\/\/www.bbmnoticias.com\/blog\/2025\/08\/12\/avanza-gobierno-de-oaxaca-con-proyecto-de-presa-margarita-maza\/#breadcrumb","itemListElement":[{"@type":"ListItem","position":1,"name":"Inicio","item":"https:\/\/www.bbmnoticias.com\/labravaradiofm\/"},{"@type":"ListItem","position":2,"name":"Avanza Gobierno de Oaxaca con proyecto de presa Margarita Maza"}]},{"@type":"WebSite","@id":"https:\/\/www.bbmnoticias.com\/labravaradiofm\/#website","url":"https:\/\/www.bbmnoticias.com\/labravaradiofm\/","name":"LA BRAVA RADIO","description":"Empresa productora de medios, Radiodifusi\u00f3n, Noticias, tendencias y todo lo que necesitas saber de la pol\u00edtica mexicana e internacional; entretenimiento, espect\u00e1culos, salud y mucho m\u00e1s.","potentialAction":[{"@type":"SearchAction","target":{"@type":"EntryPoint","urlTemplate":"https:\/\/www.bbmnoticias.com\/labravaradiofm\/?s={search_term_string}"},"query-input":{"@type":"PropertyValueSpecification","valueRequired":true,"valueName":"search_term_string"}}],"inLanguage":"es"},{"@type":"Person","@id":"https:\/\/www.bbmnoticias.com\/labravaradiofm\/#\/schema\/person\/68a9e9036ef3c5b55aeb2b71dc8bab45","name":"Staff","image":{"@type":"ImageObject","inLanguage":"es","@id":"https:\/\/secure.gravatar.com\/avatar\/fdd21ad66fd8b98c407f9dee5b5e588cfe7f0d8579ec20fa6527cd59bab7f0f0?s=96&d=mm&r=g","url":"https:\/\/secure.gravatar.com\/avatar\/fdd21ad66fd8b98c407f9dee5b5e588cfe7f0d8579ec20fa6527cd59bab7f0f0?s=96&d=mm&r=g","contentUrl":"https:\/\/secure.gravatar.com\/avatar\/fdd21ad66fd8b98c407f9dee5b5e588cfe7f0d8579ec20fa6527cd59bab7f0f0?s=96&d=mm&r=g","caption":"Staff"},"url":"https:\/\/www.bbmnoticias.com\/labravaradiofm\/author\/redaccion\/"}]}},"_links":{"self":[{"href":"https:\/\/www.bbmnoticias.com\/labravaradiofm\/wp-json\/wp\/v2\/posts\/64879","targetHints":{"allow":["GET"]}}],"collection":[{"href":"https:\/\/www.bbmnoticias.com\/labravaradiofm\/wp-json\/wp\/v2\/posts"}],"about":[{"href":"https:\/\/www.bbmnoticias.com\/labravaradiofm\/wp-json\/wp\/v2\/types\/post"}],"author":[{"embeddable":true,"href":"https:\/\/www.bbmnoticias.com\/labravaradiofm\/wp-json\/wp\/v2\/users\/2"}],"replies":[{"embeddable":true,"href":"https:\/\/www.bbmnoticias.com\/labravaradiofm\/wp-json\/wp\/v2\/comments?post=64879"}],"version-history":[{"count":0,"href":"https:\/\/www.bbmnoticias.com\/labravaradiofm\/wp-json\/wp\/v2\/posts\/64879\/revisions"}],"wp:featuredmedia":[{"embeddable":true,"href":"https:\/\/www.bbmnoticias.com\/labravaradiofm\/wp-json\/wp\/v2\/media\/64881"}],"wp:attachment":[{"href":"https:\/\/www.bbmnoticias.com\/labravaradiofm\/wp-json\/wp\/v2\/media?parent=64879"}],"wp:term":[{"taxonomy":"category","embeddable":true,"href":"https:\/\/www.bbmnoticias.com\/labravaradiofm\/wp-json\/wp\/v2\/categories?post=64879"},{"taxonomy":"post_tag","embeddable":true,"href":"https:\/\/www.bbmnoticias.com\/labravaradiofm\/wp-json\/wp\/v2\/tags?post=64879"}],"curies":[{"name":"wp","href":"https:\/\/api.w.org\/{rel}","templated":true}]}}