{"id":64870,"date":"2025-08-12T12:50:09","date_gmt":"2025-08-12T18:50:09","guid":{"rendered":"https:\/\/www.bbmnoticias.com\/labravaradiofm\/2025\/08\/12\/oaxaca-confirma-construccion-de-teleferico-en-la-capital-conectara-con-sistema-de-transporte-integral-binnibus\/"},"modified":"2025-08-12T12:50:17","modified_gmt":"2025-08-12T18:50:17","slug":"oaxaca-confirma-construccion-de-teleferico-en-la-capital-conectara-con-sistema-de-transporte-integral-binnibus","status":"publish","type":"post","link":"https:\/\/www.bbmnoticias.com\/labravaradiofm\/2025\/08\/12\/oaxaca-confirma-construccion-de-teleferico-en-la-capital-conectara-con-sistema-de-transporte-integral-binnibus\/","title":{"rendered":"Oaxaca confirma construcci\u00f3n de telef\u00e9rico en la capital, conectar\u00e1 con Sistema de Transporte Integral BinniBus"},"content":{"rendered":"<div style=\"margin-top: 0px; margin-bottom: 0px;\" class=\"sharethis-inline-share-buttons\" ><\/div>\n<p>El gobernador <strong>Salom\u00f3n Jara Cruz<\/strong> inform\u00f3 que ser\u00e1 en un lapso de 30 a 45 d\u00edas cuando presente el proyecto del telef\u00e9rico para la zona urbana de la capital oaxaque\u00f1a, mismo que conectar\u00eda a las <strong>rutas <\/strong>del Sistema de Transporte Integral BinniBus.&nbsp;<\/p>\n\n\n\n<p>El <strong>mandatario <\/strong>estatal precis\u00f3 que se tienen algunos estudios sobre la viabilidad del <strong>proyecto <\/strong>y las zonas en donde se podr\u00eda construir, esto tras solicitar a sus hom\u00f3logos, que cuentan con este tipo de transportes, algunos consejos y sugerencias.&nbsp;<\/p>\n\n\n\n<figure class=\"wp-block-pullquote\"><blockquote><p>\u201cPlatiqu\u00e9 con algunos amigos gobernadores para que nos comentaran el costo de estas obras, ellos me recomendaron algunos estudios que se mandaron hacer\u201d, agreg\u00f3 Jara Cruz quien expuso que el telef\u00e9rico podr\u00eda conectar con algunas rutas del BinniBus, el cual ser\u00e1 puesto en marcha en septiembre pr\u00f3ximo. \u00a0<\/p><\/blockquote><\/figure>\n\n\n\n<figure class=\"wp-block-image\"><img decoding=\"async\" src=\"https:\/\/heraldodemexico.com.mx\/u\/fotografias\/m\/2025\/7\/12\/f768x1-1154821_1154948_5050.jpg\" alt=\"\"\/><figcaption class=\"wp-element-caption\">Planean poner rutas en marcha en diciembre<br>FOTO: Especial<\/figcaption><\/figure>\n\n\n\n<h2 class=\"wp-block-heading\">Conectar\u00e1 con sitios tur\u00edsticos de Oaxaca<\/h2>\n\n\n\n<p>Pero adem\u00e1s se\u00f1al\u00f3 que el transbordador servir\u00eda para dos fines: un atractivo tur\u00edstico y un medio de <strong>transporte <\/strong>colectivo. &nbsp;\u201cOriginalmente hab\u00eda pensado que el telef\u00e9rico podr\u00eda conectar del Cerro del Fort\u00edn a San Juanito, pero vamos a analizarlo\u201d, sostuvo.<\/p>\n\n\n\n<p>Aunque no habl\u00f3 a\u00fan de costos, el <strong>gobernador <\/strong>insisti\u00f3 que ser\u00e1 en un lapso de 30 a 45 d\u00edas cuando presente el proyecto y su viabilidad. Aunado a ello inform\u00f3 que ser\u00e1 el 9 de septiembre cuando se ponga en marcha Sistema de Transporte Integral <strong>BinniBus<\/strong>.&nbsp; &nbsp;Con dicho proyecto se mejorar\u00e1 las condiciones de movilidad de miles de oaxaque\u00f1os adem\u00e1s de que se podr\u00e1 contar con un <strong>transporte<\/strong> digno y de calidad, por lo que Jara Cruz inform\u00f3 que se han adquirido cerca de 280 unidades de motor nuevas. &nbsp;<\/p>\n\n\n\n<p>\u201cLas rutas se pondr\u00e1n en marcha de manera escalonada para que en diciembre se tengan cubiertas todas\u201d, agreg\u00f3 el mandatario estatal.<\/p>\n","protected":false},"excerpt":{"rendered":"<p>El gobernador Salom\u00f3n Jara Cruz inform\u00f3 que ser\u00e1 en un lapso de 30 a 45 d\u00edas cuando presente el proyecto del telef\u00e9rico para la zona urbana de la capital oaxaque\u00f1a, mismo que conectar\u00eda a las rutas del Sistema de Transporte Integral BinniBus.&nbsp; El mandatario estatal precis\u00f3 que se tienen algunos estudios sobre la viabilidad del [&hellip;]<\/p>\n","protected":false},"author":15,"featured_media":64872,"comment_status":"closed","ping_status":"","sticky":false,"template":"","format":"standard","meta":{"footnotes":""},"categories":[2],"tags":[],"class_list":{"0":"post-64870","1":"post","2":"type-post","3":"status-publish","4":"format-standard","5":"has-post-thumbnail","7":"category-oaxaca"},"yoast_head":"<!-- This site is optimized with the Yoast SEO plugin v27.4 - https:\/\/yoast.com\/product\/yoast-seo-wordpress\/ -->\n<title>Oaxaca confirma construcci\u00f3n de telef\u00e9rico en la capital, conectar\u00e1 con Sistema de Transporte Integral BinniBus - LA BRAVA RADIO<\/title>\n<meta name=\"robots\" content=\"index, follow, max-snippet:-1, max-image-preview:large, max-video-preview:-1\" \/>\n<link rel=\"canonical\" href=\"https:\/\/www.bbmnoticias.com\/blog\/2025\/08\/12\/oaxaca-confirma-construccion-de-teleferico-en-la-capital-conectara-con-sistema-de-transporte-integral-binnibus\/\" \/>\n<meta property=\"og:locale\" content=\"es_MX\" \/>\n<meta property=\"og:type\" content=\"article\" \/>\n<meta property=\"og:title\" content=\"Oaxaca confirma construcci\u00f3n de telef\u00e9rico en la capital, conectar\u00e1 con Sistema de Transporte Integral BinniBus - LA BRAVA RADIO\" \/>\n<meta property=\"og:description\" content=\"El gobernador Salom\u00f3n Jara Cruz inform\u00f3 que ser\u00e1 en un lapso de 30 a 45 d\u00edas cuando presente el proyecto del telef\u00e9rico para la zona urbana de la capital oaxaque\u00f1a, mismo que conectar\u00eda a las rutas del Sistema de Transporte Integral BinniBus.&nbsp; El mandatario estatal precis\u00f3 que se tienen algunos estudios sobre la viabilidad del [&hellip;]\" \/>\n<meta property=\"og:url\" content=\"https:\/\/www.bbmnoticias.com\/blog\/2025\/08\/12\/oaxaca-confirma-construccion-de-teleferico-en-la-capital-conectara-con-sistema-de-transporte-integral-binnibus\/\" \/>\n<meta property=\"og:site_name\" content=\"LA BRAVA RADIO\" \/>\n<meta property=\"article:published_time\" content=\"2025-08-12T18:50:09+00:00\" \/>\n<meta property=\"article:modified_time\" content=\"2025-08-12T18:50:17+00:00\" \/>\n<meta property=\"og:image\" content=\"https:\/\/www.bbmnoticias.com\/labravaradiofm\/wp-content\/uploads\/sites\/5\/2025\/08\/teleferico_oaxaca.jpg\" \/>\n\t<meta property=\"og:image:width\" content=\"848\" \/>\n\t<meta property=\"og:image:height\" content=\"477\" \/>\n\t<meta property=\"og:image:type\" content=\"image\/jpeg\" \/>\n<meta name=\"author\" content=\"El Heraldo\" \/>\n<meta name=\"twitter:card\" content=\"summary_large_image\" \/>\n<meta name=\"twitter:label1\" content=\"Escrito por\" \/>\n\t<meta name=\"twitter:data1\" content=\"El Heraldo\" \/>\n\t<meta name=\"twitter:label2\" content=\"Tiempo de lectura\" \/>\n\t<meta name=\"twitter:data2\" content=\"2 minutos\" \/>\n<script type=\"application\/ld+json\" class=\"yoast-schema-graph\">{\"@context\":\"https:\\\/\\\/schema.org\",\"@graph\":[{\"@type\":\"Article\",\"@id\":\"https:\\\/\\\/www.bbmnoticias.com\\\/blog\\\/2025\\\/08\\\/12\\\/oaxaca-confirma-construccion-de-teleferico-en-la-capital-conectara-con-sistema-de-transporte-integral-binnibus\\\/#article\",\"isPartOf\":{\"@id\":\"https:\\\/\\\/www.bbmnoticias.com\\\/labravaradiofm\\\/2025\\\/08\\\/12\\\/oaxaca-confirma-construccion-de-teleferico-en-la-capital-conectara-con-sistema-de-transporte-integral-binnibus\\\/\"},\"author\":{\"name\":\"El Heraldo\",\"@id\":\"https:\\\/\\\/www.bbmnoticias.com\\\/labravaradiofm\\\/#\\\/schema\\\/person\\\/78ff63fb371c799850071f4b5feb0b7a\"},\"headline\":\"Oaxaca confirma construcci\u00f3n de telef\u00e9rico en la capital, conectar\u00e1 con Sistema de Transporte Integral BinniBus\",\"datePublished\":\"2025-08-12T18:50:09+00:00\",\"dateModified\":\"2025-08-12T18:50:17+00:00\",\"mainEntityOfPage\":{\"@id\":\"https:\\\/\\\/www.bbmnoticias.com\\\/labravaradiofm\\\/2025\\\/08\\\/12\\\/oaxaca-confirma-construccion-de-teleferico-en-la-capital-conectara-con-sistema-de-transporte-integral-binnibus\\\/\"},\"wordCount\":332,\"image\":{\"@id\":\"https:\\\/\\\/www.bbmnoticias.com\\\/blog\\\/2025\\\/08\\\/12\\\/oaxaca-confirma-construccion-de-teleferico-en-la-capital-conectara-con-sistema-de-transporte-integral-binnibus\\\/#primaryimage\"},\"thumbnailUrl\":\"https:\\\/\\\/www.bbmnoticias.com\\\/labravaradiofm\\\/wp-content\\\/uploads\\\/sites\\\/5\\\/2025\\\/08\\\/teleferico_oaxaca.jpg\",\"articleSection\":[\"LOCAL\"],\"inLanguage\":\"es\"},{\"@type\":\"WebPage\",\"@id\":\"https:\\\/\\\/www.bbmnoticias.com\\\/labravaradiofm\\\/2025\\\/08\\\/12\\\/oaxaca-confirma-construccion-de-teleferico-en-la-capital-conectara-con-sistema-de-transporte-integral-binnibus\\\/\",\"url\":\"https:\\\/\\\/www.bbmnoticias.com\\\/blog\\\/2025\\\/08\\\/12\\\/oaxaca-confirma-construccion-de-teleferico-en-la-capital-conectara-con-sistema-de-transporte-integral-binnibus\\\/\",\"name\":\"Oaxaca confirma construcci\u00f3n de telef\u00e9rico en la capital, conectar\u00e1 con Sistema de Transporte Integral BinniBus - LA BRAVA RADIO\",\"isPartOf\":{\"@id\":\"https:\\\/\\\/www.bbmnoticias.com\\\/labravaradiofm\\\/#website\"},\"primaryImageOfPage\":{\"@id\":\"https:\\\/\\\/www.bbmnoticias.com\\\/blog\\\/2025\\\/08\\\/12\\\/oaxaca-confirma-construccion-de-teleferico-en-la-capital-conectara-con-sistema-de-transporte-integral-binnibus\\\/#primaryimage\"},\"image\":{\"@id\":\"https:\\\/\\\/www.bbmnoticias.com\\\/blog\\\/2025\\\/08\\\/12\\\/oaxaca-confirma-construccion-de-teleferico-en-la-capital-conectara-con-sistema-de-transporte-integral-binnibus\\\/#primaryimage\"},\"thumbnailUrl\":\"https:\\\/\\\/www.bbmnoticias.com\\\/labravaradiofm\\\/wp-content\\\/uploads\\\/sites\\\/5\\\/2025\\\/08\\\/teleferico_oaxaca.jpg\",\"datePublished\":\"2025-08-12T18:50:09+00:00\",\"dateModified\":\"2025-08-12T18:50:17+00:00\",\"author\":{\"@id\":\"https:\\\/\\\/www.bbmnoticias.com\\\/labravaradiofm\\\/#\\\/schema\\\/person\\\/78ff63fb371c799850071f4b5feb0b7a\"},\"breadcrumb\":{\"@id\":\"https:\\\/\\\/www.bbmnoticias.com\\\/blog\\\/2025\\\/08\\\/12\\\/oaxaca-confirma-construccion-de-teleferico-en-la-capital-conectara-con-sistema-de-transporte-integral-binnibus\\\/#breadcrumb\"},\"inLanguage\":\"es\",\"potentialAction\":[{\"@type\":\"ReadAction\",\"target\":[\"https:\\\/\\\/www.bbmnoticias.com\\\/blog\\\/2025\\\/08\\\/12\\\/oaxaca-confirma-construccion-de-teleferico-en-la-capital-conectara-con-sistema-de-transporte-integral-binnibus\\\/\"]}]},{\"@type\":\"ImageObject\",\"inLanguage\":\"es\",\"@id\":\"https:\\\/\\\/www.bbmnoticias.com\\\/blog\\\/2025\\\/08\\\/12\\\/oaxaca-confirma-construccion-de-teleferico-en-la-capital-conectara-con-sistema-de-transporte-integral-binnibus\\\/#primaryimage\",\"url\":\"https:\\\/\\\/www.bbmnoticias.com\\\/labravaradiofm\\\/wp-content\\\/uploads\\\/sites\\\/5\\\/2025\\\/08\\\/teleferico_oaxaca.jpg\",\"contentUrl\":\"https:\\\/\\\/www.bbmnoticias.com\\\/labravaradiofm\\\/wp-content\\\/uploads\\\/sites\\\/5\\\/2025\\\/08\\\/teleferico_oaxaca.jpg\",\"width\":848,\"height\":477},{\"@type\":\"BreadcrumbList\",\"@id\":\"https:\\\/\\\/www.bbmnoticias.com\\\/blog\\\/2025\\\/08\\\/12\\\/oaxaca-confirma-construccion-de-teleferico-en-la-capital-conectara-con-sistema-de-transporte-integral-binnibus\\\/#breadcrumb\",\"itemListElement\":[{\"@type\":\"ListItem\",\"position\":1,\"name\":\"Inicio\",\"item\":\"https:\\\/\\\/www.bbmnoticias.com\\\/labravaradiofm\\\/\"},{\"@type\":\"ListItem\",\"position\":2,\"name\":\"Oaxaca confirma construcci\u00f3n de telef\u00e9rico en la capital, conectar\u00e1 con Sistema de Transporte Integral BinniBus\"}]},{\"@type\":\"WebSite\",\"@id\":\"https:\\\/\\\/www.bbmnoticias.com\\\/labravaradiofm\\\/#website\",\"url\":\"https:\\\/\\\/www.bbmnoticias.com\\\/labravaradiofm\\\/\",\"name\":\"LA BRAVA RADIO\",\"description\":\"Empresa productora de medios, Radiodifusi\u00f3n, Noticias, tendencias y todo lo que necesitas saber de la pol\u00edtica mexicana e internacional; entretenimiento, espect\u00e1culos, salud y mucho m\u00e1s.\",\"potentialAction\":[{\"@type\":\"SearchAction\",\"target\":{\"@type\":\"EntryPoint\",\"urlTemplate\":\"https:\\\/\\\/www.bbmnoticias.com\\\/labravaradiofm\\\/?s={search_term_string}\"},\"query-input\":{\"@type\":\"PropertyValueSpecification\",\"valueRequired\":true,\"valueName\":\"search_term_string\"}}],\"inLanguage\":\"es\"},{\"@type\":\"Person\",\"@id\":\"https:\\\/\\\/www.bbmnoticias.com\\\/labravaradiofm\\\/#\\\/schema\\\/person\\\/78ff63fb371c799850071f4b5feb0b7a\",\"name\":\"El Heraldo\",\"image\":{\"@type\":\"ImageObject\",\"inLanguage\":\"es\",\"@id\":\"https:\\\/\\\/secure.gravatar.com\\\/avatar\\\/463017be041288b5a196814ef7242bd62699b857f306e4b5b61b533e8a87f404?s=96&d=mm&r=g\",\"url\":\"https:\\\/\\\/secure.gravatar.com\\\/avatar\\\/463017be041288b5a196814ef7242bd62699b857f306e4b5b61b533e8a87f404?s=96&d=mm&r=g\",\"contentUrl\":\"https:\\\/\\\/secure.gravatar.com\\\/avatar\\\/463017be041288b5a196814ef7242bd62699b857f306e4b5b61b533e8a87f404?s=96&d=mm&r=g\",\"caption\":\"El Heraldo\"},\"url\":\"https:\\\/\\\/www.bbmnoticias.com\\\/labravaradiofm\\\/author\\\/heraldo\\\/\"}]}<\/script>\n<!-- \/ Yoast SEO plugin. -->","yoast_head_json":{"title":"Oaxaca confirma construcci\u00f3n de telef\u00e9rico en la capital, conectar\u00e1 con Sistema de Transporte Integral BinniBus - LA BRAVA RADIO","robots":{"index":"index","follow":"follow","max-snippet":"max-snippet:-1","max-image-preview":"max-image-preview:large","max-video-preview":"max-video-preview:-1"},"canonical":"https:\/\/www.bbmnoticias.com\/blog\/2025\/08\/12\/oaxaca-confirma-construccion-de-teleferico-en-la-capital-conectara-con-sistema-de-transporte-integral-binnibus\/","og_locale":"es_MX","og_type":"article","og_title":"Oaxaca confirma construcci\u00f3n de telef\u00e9rico en la capital, conectar\u00e1 con Sistema de Transporte Integral BinniBus - LA BRAVA RADIO","og_description":"El gobernador Salom\u00f3n Jara Cruz inform\u00f3 que ser\u00e1 en un lapso de 30 a 45 d\u00edas cuando presente el proyecto del telef\u00e9rico para la zona urbana de la capital oaxaque\u00f1a, mismo que conectar\u00eda a las rutas del Sistema de Transporte Integral BinniBus.&nbsp; El mandatario estatal precis\u00f3 que se tienen algunos estudios sobre la viabilidad del [&hellip;]","og_url":"https:\/\/www.bbmnoticias.com\/blog\/2025\/08\/12\/oaxaca-confirma-construccion-de-teleferico-en-la-capital-conectara-con-sistema-de-transporte-integral-binnibus\/","og_site_name":"LA BRAVA RADIO","article_published_time":"2025-08-12T18:50:09+00:00","article_modified_time":"2025-08-12T18:50:17+00:00","og_image":[{"width":848,"height":477,"url":"https:\/\/www.bbmnoticias.com\/labravaradiofm\/wp-content\/uploads\/sites\/5\/2025\/08\/teleferico_oaxaca.jpg","type":"image\/jpeg"}],"author":"El Heraldo","twitter_card":"summary_large_image","twitter_misc":{"Escrito por":"El Heraldo","Tiempo de lectura":"2 minutos"},"schema":{"@context":"https:\/\/schema.org","@graph":[{"@type":"Article","@id":"https:\/\/www.bbmnoticias.com\/blog\/2025\/08\/12\/oaxaca-confirma-construccion-de-teleferico-en-la-capital-conectara-con-sistema-de-transporte-integral-binnibus\/#article","isPartOf":{"@id":"https:\/\/www.bbmnoticias.com\/labravaradiofm\/2025\/08\/12\/oaxaca-confirma-construccion-de-teleferico-en-la-capital-conectara-con-sistema-de-transporte-integral-binnibus\/"},"author":{"name":"El Heraldo","@id":"https:\/\/www.bbmnoticias.com\/labravaradiofm\/#\/schema\/person\/78ff63fb371c799850071f4b5feb0b7a"},"headline":"Oaxaca confirma construcci\u00f3n de telef\u00e9rico en la capital, conectar\u00e1 con Sistema de Transporte Integral BinniBus","datePublished":"2025-08-12T18:50:09+00:00","dateModified":"2025-08-12T18:50:17+00:00","mainEntityOfPage":{"@id":"https:\/\/www.bbmnoticias.com\/labravaradiofm\/2025\/08\/12\/oaxaca-confirma-construccion-de-teleferico-en-la-capital-conectara-con-sistema-de-transporte-integral-binnibus\/"},"wordCount":332,"image":{"@id":"https:\/\/www.bbmnoticias.com\/blog\/2025\/08\/12\/oaxaca-confirma-construccion-de-teleferico-en-la-capital-conectara-con-sistema-de-transporte-integral-binnibus\/#primaryimage"},"thumbnailUrl":"https:\/\/www.bbmnoticias.com\/labravaradiofm\/wp-content\/uploads\/sites\/5\/2025\/08\/teleferico_oaxaca.jpg","articleSection":["LOCAL"],"inLanguage":"es"},{"@type":"WebPage","@id":"https:\/\/www.bbmnoticias.com\/labravaradiofm\/2025\/08\/12\/oaxaca-confirma-construccion-de-teleferico-en-la-capital-conectara-con-sistema-de-transporte-integral-binnibus\/","url":"https:\/\/www.bbmnoticias.com\/blog\/2025\/08\/12\/oaxaca-confirma-construccion-de-teleferico-en-la-capital-conectara-con-sistema-de-transporte-integral-binnibus\/","name":"Oaxaca confirma construcci\u00f3n de telef\u00e9rico en la capital, conectar\u00e1 con Sistema de Transporte Integral BinniBus - LA BRAVA RADIO","isPartOf":{"@id":"https:\/\/www.bbmnoticias.com\/labravaradiofm\/#website"},"primaryImageOfPage":{"@id":"https:\/\/www.bbmnoticias.com\/blog\/2025\/08\/12\/oaxaca-confirma-construccion-de-teleferico-en-la-capital-conectara-con-sistema-de-transporte-integral-binnibus\/#primaryimage"},"image":{"@id":"https:\/\/www.bbmnoticias.com\/blog\/2025\/08\/12\/oaxaca-confirma-construccion-de-teleferico-en-la-capital-conectara-con-sistema-de-transporte-integral-binnibus\/#primaryimage"},"thumbnailUrl":"https:\/\/www.bbmnoticias.com\/labravaradiofm\/wp-content\/uploads\/sites\/5\/2025\/08\/teleferico_oaxaca.jpg","datePublished":"2025-08-12T18:50:09+00:00","dateModified":"2025-08-12T18:50:17+00:00","author":{"@id":"https:\/\/www.bbmnoticias.com\/labravaradiofm\/#\/schema\/person\/78ff63fb371c799850071f4b5feb0b7a"},"breadcrumb":{"@id":"https:\/\/www.bbmnoticias.com\/blog\/2025\/08\/12\/oaxaca-confirma-construccion-de-teleferico-en-la-capital-conectara-con-sistema-de-transporte-integral-binnibus\/#breadcrumb"},"inLanguage":"es","potentialAction":[{"@type":"ReadAction","target":["https:\/\/www.bbmnoticias.com\/blog\/2025\/08\/12\/oaxaca-confirma-construccion-de-teleferico-en-la-capital-conectara-con-sistema-de-transporte-integral-binnibus\/"]}]},{"@type":"ImageObject","inLanguage":"es","@id":"https:\/\/www.bbmnoticias.com\/blog\/2025\/08\/12\/oaxaca-confirma-construccion-de-teleferico-en-la-capital-conectara-con-sistema-de-transporte-integral-binnibus\/#primaryimage","url":"https:\/\/www.bbmnoticias.com\/labravaradiofm\/wp-content\/uploads\/sites\/5\/2025\/08\/teleferico_oaxaca.jpg","contentUrl":"https:\/\/www.bbmnoticias.com\/labravaradiofm\/wp-content\/uploads\/sites\/5\/2025\/08\/teleferico_oaxaca.jpg","width":848,"height":477},{"@type":"BreadcrumbList","@id":"https:\/\/www.bbmnoticias.com\/blog\/2025\/08\/12\/oaxaca-confirma-construccion-de-teleferico-en-la-capital-conectara-con-sistema-de-transporte-integral-binnibus\/#breadcrumb","itemListElement":[{"@type":"ListItem","position":1,"name":"Inicio","item":"https:\/\/www.bbmnoticias.com\/labravaradiofm\/"},{"@type":"ListItem","position":2,"name":"Oaxaca confirma construcci\u00f3n de telef\u00e9rico en la capital, conectar\u00e1 con Sistema de Transporte Integral BinniBus"}]},{"@type":"WebSite","@id":"https:\/\/www.bbmnoticias.com\/labravaradiofm\/#website","url":"https:\/\/www.bbmnoticias.com\/labravaradiofm\/","name":"LA BRAVA RADIO","description":"Empresa productora de medios, Radiodifusi\u00f3n, Noticias, tendencias y todo lo que necesitas saber de la pol\u00edtica mexicana e internacional; entretenimiento, espect\u00e1culos, salud y mucho m\u00e1s.","potentialAction":[{"@type":"SearchAction","target":{"@type":"EntryPoint","urlTemplate":"https:\/\/www.bbmnoticias.com\/labravaradiofm\/?s={search_term_string}"},"query-input":{"@type":"PropertyValueSpecification","valueRequired":true,"valueName":"search_term_string"}}],"inLanguage":"es"},{"@type":"Person","@id":"https:\/\/www.bbmnoticias.com\/labravaradiofm\/#\/schema\/person\/78ff63fb371c799850071f4b5feb0b7a","name":"El Heraldo","image":{"@type":"ImageObject","inLanguage":"es","@id":"https:\/\/secure.gravatar.com\/avatar\/463017be041288b5a196814ef7242bd62699b857f306e4b5b61b533e8a87f404?s=96&d=mm&r=g","url":"https:\/\/secure.gravatar.com\/avatar\/463017be041288b5a196814ef7242bd62699b857f306e4b5b61b533e8a87f404?s=96&d=mm&r=g","contentUrl":"https:\/\/secure.gravatar.com\/avatar\/463017be041288b5a196814ef7242bd62699b857f306e4b5b61b533e8a87f404?s=96&d=mm&r=g","caption":"El Heraldo"},"url":"https:\/\/www.bbmnoticias.com\/labravaradiofm\/author\/heraldo\/"}]}},"_links":{"self":[{"href":"https:\/\/www.bbmnoticias.com\/labravaradiofm\/wp-json\/wp\/v2\/posts\/64870","targetHints":{"allow":["GET"]}}],"collection":[{"href":"https:\/\/www.bbmnoticias.com\/labravaradiofm\/wp-json\/wp\/v2\/posts"}],"about":[{"href":"https:\/\/www.bbmnoticias.com\/labravaradiofm\/wp-json\/wp\/v2\/types\/post"}],"author":[{"embeddable":true,"href":"https:\/\/www.bbmnoticias.com\/labravaradiofm\/wp-json\/wp\/v2\/users\/15"}],"replies":[{"embeddable":true,"href":"https:\/\/www.bbmnoticias.com\/labravaradiofm\/wp-json\/wp\/v2\/comments?post=64870"}],"version-history":[{"count":0,"href":"https:\/\/www.bbmnoticias.com\/labravaradiofm\/wp-json\/wp\/v2\/posts\/64870\/revisions"}],"wp:featuredmedia":[{"embeddable":true,"href":"https:\/\/www.bbmnoticias.com\/labravaradiofm\/wp-json\/wp\/v2\/media\/64872"}],"wp:attachment":[{"href":"https:\/\/www.bbmnoticias.com\/labravaradiofm\/wp-json\/wp\/v2\/media?parent=64870"}],"wp:term":[{"taxonomy":"category","embeddable":true,"href":"https:\/\/www.bbmnoticias.com\/labravaradiofm\/wp-json\/wp\/v2\/categories?post=64870"},{"taxonomy":"post_tag","embeddable":true,"href":"https:\/\/www.bbmnoticias.com\/labravaradiofm\/wp-json\/wp\/v2\/tags?post=64870"}],"curies":[{"name":"wp","href":"https:\/\/api.w.org\/{rel}","templated":true}]}}