{"id":64861,"date":"2025-08-12T10:16:54","date_gmt":"2025-08-12T16:16:54","guid":{"rendered":"https:\/\/www.bbmnoticias.com\/labravaradiofm\/2025\/08\/12\/exconsejeros-del-ine-pueden-participar-en-debate-de-reforma-electoral-pero-no-estan-por-encima-de-nadie-sheinbaum\/"},"modified":"2025-08-12T10:17:02","modified_gmt":"2025-08-12T16:17:02","slug":"exconsejeros-del-ine-pueden-participar-en-debate-de-reforma-electoral-pero-no-estan-por-encima-de-nadie-sheinbaum","status":"publish","type":"post","link":"https:\/\/www.bbmnoticias.com\/labravaradiofm\/2025\/08\/12\/exconsejeros-del-ine-pueden-participar-en-debate-de-reforma-electoral-pero-no-estan-por-encima-de-nadie-sheinbaum\/","title":{"rendered":"Exconsejeros del INE pueden participar en debate de reforma electoral, pero no est\u00e1n por encima de nadie: Sheinbaum"},"content":{"rendered":"<div style=\"margin-top: 0px; margin-bottom: 0px;\" class=\"sharethis-inline-share-buttons\" ><\/div>\n<p>La presidenta <strong>Claudia Sheinbaum Pardo<\/strong> dej\u00f3 en claro que <strong>exconsejeros electorales<\/strong> pueden participar en la discusi\u00f3n de la <strong>reforma electoral<\/strong>, sin embargo apunt\u00f3 que no est\u00e1n por encima de nadie ni que son la \u201c<strong>\u00e9lite de la democracia<\/strong>\u201c.<\/p>\n\n\n\n<figure class=\"wp-block-embed is-type-video is-provider-youtube wp-block-embed-youtube wp-embed-aspect-16-9 wp-has-aspect-ratio\"><div class=\"wp-block-embed__wrapper\">\n<iframe loading=\"lazy\" title=\"#Ma\u00f1aneraDelPueblo desde Palacio Nacional. Martes 12 de agosto 2025\" width=\"696\" height=\"392\" src=\"https:\/\/www.youtube.com\/embed\/FsrJX2oKaRM?feature=oembed\" frameborder=\"0\" allow=\"accelerometer; autoplay; clipboard-write; encrypted-media; gyroscope; picture-in-picture; web-share\" referrerpolicy=\"strict-origin-when-cross-origin\" allowfullscreen><\/iframe>\n<\/div><\/figure>\n\n\n\n<p>En la conferencia matutina de Palacio Nacional, Sheinbaum Pardo expuso que hay exconsejeros como <strong>Lorenzo C\u00f3rdova <\/strong>y<strong> Luis Carlos Ugalde<\/strong>&nbsp;que se sienten por encima del pueblo de M\u00e9xico, lo que no es as\u00ed.<\/p>\n\n\n\n<p>\u201cPrimero tienen derecho a participar, va a haber foros, va a haber consultas. Claro, ellos se sienten superiores, se sienten que est\u00e1n por encima del pueblo de M\u00e9xico y que debe considerarse su opini\u00f3n como algo especial\u201d, dijo.<\/p>\n\n\n\n<figure class=\"wp-block-pullquote\"><blockquote><p>Pueden participar como cualquier otra persona, y ni son m\u00e1s ni son menos, como cualquier persona pueden tener su propuesta de qu\u00e9 debe incluirse en esta reforma electoral que estamos planteando\u201d, puntualiz\u00f3.<\/p><\/blockquote><\/figure>\n\n\n\n<p>\u201cPueden participar, nadie les niega la participaci\u00f3n, pero por qu\u00e9 ellos van a presentar una propuesta como si fuera una \u00e9lite, la \u00e9lite de la supuesta democracia en M\u00e9xico, no, ellos son igual que todos los dem\u00e1s. Aquel que se siente por encima de otros tiene un problema, todos somos iguales, cada uno con una responsabilidad distinta\u201d, refiri\u00f3.<\/p>\n\n\n\n<p>La mandataria mexicana cuestion\u00f3 los argumentos de exconsejeros electorales, a quienes les cuestion\u00f3 sus dichos de que en M\u00e9xico hay autoritarismo.<\/p>\n\n\n\n<p>\u201cLlama la atenci\u00f3n, uno, Lorenzo C\u00f3rdova, (Luis Carlos) Ugalde en particular, que hablen de autoritarismo, que ya M\u00e9xico es autoritario por definici\u00f3n seg\u00fan ellos, y que la reforma pretende hacer de M\u00e9xico hacer un pa\u00eds m\u00e1s autoritario. \u00bfQu\u00e9 evidencia tiene de que hay autoritarismo en el Gobierno?\u201d, argumento.<\/p>\n\n\n\n<p>\u201c\u00bfQu\u00e9 queremos? Que haya representaci\u00f3n del pueblo, que no les cueste tanto al pueblo de M\u00e9xico las elecciones, no tienen por qu\u00e9 costar tanto. Que los partidos pol\u00edticos que hoy reciben 7 mil mdp del erario, y me refiero desde morena hasta el PRI, reciben recursos p\u00fablicos del erario para su operaci\u00f3n normal, no solo para las elecciones\u201d, indic\u00f3.<\/p>\n\n\n\n<p>Hace una semana, exconsejeros y exmagistrados electorales hicieron un llamado para que se realice una un di\u00e1logo nacional de cara a la reforma electoral que pretende el Gobierno de M\u00e9xico.<\/p>\n\n\n\n<p>Un total de 86 exfuncionarios de los institutos Federal Electoral (IFE) y Nacional Electoral (INE), firmaron un comunicado en donde pidieron una reforma electoral con consenso y sin imposiciones.<\/p>\n\n\n\n<figure class=\"wp-block-embed is-type-rich is-provider-twitter wp-block-embed-twitter\"><div class=\"wp-block-embed__wrapper\">\n<blockquote class=\"twitter-tweet\" data-width=\"550\" data-dnt=\"true\"><p lang=\"es\" dir=\"ltr\">Frente al anuncio de una nueva reforma electoral, hacemos un llamado abierto y a la ciudadan\u00eda, organizaciones sociales, acad\u00e9micas, empresariales y pol\u00edticas a sumarse a un gran di\u00e1logo nacional por una reforma electoral leg\u00edtima, t\u00e9cnica e incluyente. <a href=\"https:\/\/twitter.com\/hashtag\/ConsensoElectoral?src=hash&amp;ref_src=twsrc%5Etfw\">#ConsensoElectoral<\/a> <a href=\"https:\/\/t.co\/tw3hsMjGVS\">pic.twitter.com\/tw3hsMjGVS<\/a><\/p>&mdash; Alejandra Latapi (@AleLatapi) <a href=\"https:\/\/twitter.com\/AleLatapi\/status\/1952167018351747496?ref_src=twsrc%5Etfw\">August 4, 2025<\/a><\/blockquote><script async src=\"https:\/\/platform.twitter.com\/widgets.js\" charset=\"utf-8\"><\/script>\n<\/div><\/figure>\n\n\n\n<p>\u201cCoincidimos en la necesidad de una reforma electoral que garantice el apego a los m\u00e1s altos est\u00e1ndares de integridad electoral que exige todo r\u00e9gimen democr\u00e1tico y que sea fruto del m\u00e1s amplio consenso\u201d, indicaron.<\/p>\n\n\n\n<p>\u201cUna reforma electoral, como ha sido el caso en las \u00faltimas d\u00e9cadas, debe ser fruto de una amplia deliberaci\u00f3n y acuerdos. No solo importan los votos en el Congreso, sino la voz de todos, incluyendo las minor\u00edas. Una democracia se fortalece cuando todos tienen cabida, aunque tengan menos votos\u201d, puntualizaron<\/p>\n","protected":false},"excerpt":{"rendered":"<p>La presidenta Claudia Sheinbaum Pardo dej\u00f3 en claro que exconsejeros electorales pueden participar en la discusi\u00f3n de la reforma electoral, sin embargo apunt\u00f3 que no est\u00e1n por encima de nadie ni que son la \u201c\u00e9lite de la democracia\u201c. En la conferencia matutina de Palacio Nacional, Sheinbaum Pardo expuso que hay exconsejeros como Lorenzo C\u00f3rdova y [&hellip;]<\/p>\n","protected":false},"author":2,"featured_media":64863,"comment_status":"closed","ping_status":"","sticky":false,"template":"","format":"standard","meta":{"footnotes":""},"categories":[2,19],"tags":[],"class_list":{"0":"post-64861","1":"post","2":"type-post","3":"status-publish","4":"format-standard","5":"has-post-thumbnail","7":"category-oaxaca","8":"category-nacional"},"yoast_head":"<!-- This site is optimized with the Yoast SEO plugin v27.4 - https:\/\/yoast.com\/product\/yoast-seo-wordpress\/ -->\n<title>Exconsejeros del INE pueden participar en debate de reforma electoral, pero no est\u00e1n por encima de nadie: Sheinbaum - LA BRAVA RADIO<\/title>\n<meta name=\"robots\" content=\"index, follow, max-snippet:-1, max-image-preview:large, max-video-preview:-1\" \/>\n<link rel=\"canonical\" href=\"https:\/\/www.bbmnoticias.com\/blog\/2025\/08\/12\/exconsejeros-del-ine-pueden-participar-en-debate-de-reforma-electoral-pero-no-estan-por-encima-de-nadie-sheinbaum\/\" \/>\n<meta property=\"og:locale\" content=\"es_MX\" \/>\n<meta property=\"og:type\" content=\"article\" \/>\n<meta property=\"og:title\" content=\"Exconsejeros del INE pueden participar en debate de reforma electoral, pero no est\u00e1n por encima de nadie: Sheinbaum - LA BRAVA RADIO\" \/>\n<meta property=\"og:description\" content=\"La presidenta Claudia Sheinbaum Pardo dej\u00f3 en claro que exconsejeros electorales pueden participar en la discusi\u00f3n de la reforma electoral, sin embargo apunt\u00f3 que no est\u00e1n por encima de nadie ni que son la \u201c\u00e9lite de la democracia\u201c. En la conferencia matutina de Palacio Nacional, Sheinbaum Pardo expuso que hay exconsejeros como Lorenzo C\u00f3rdova y [&hellip;]\" \/>\n<meta property=\"og:url\" content=\"https:\/\/www.bbmnoticias.com\/blog\/2025\/08\/12\/exconsejeros-del-ine-pueden-participar-en-debate-de-reforma-electoral-pero-no-estan-por-encima-de-nadie-sheinbaum\/\" \/>\n<meta property=\"og:site_name\" content=\"LA BRAVA RADIO\" \/>\n<meta property=\"article:published_time\" content=\"2025-08-12T16:16:54+00:00\" \/>\n<meta property=\"article:modified_time\" content=\"2025-08-12T16:17:02+00:00\" \/>\n<meta property=\"og:image\" content=\"https:\/\/www.bbmnoticias.com\/labravaradiofm\/wp-content\/uploads\/sites\/5\/2025\/08\/sheinbaum-exconsejeros-electorales.jpg\" \/>\n\t<meta property=\"og:image:width\" content=\"1536\" \/>\n\t<meta property=\"og:image:height\" content=\"1024\" \/>\n\t<meta property=\"og:image:type\" content=\"image\/jpeg\" \/>\n<meta name=\"author\" content=\"Staff\" \/>\n<meta name=\"twitter:card\" content=\"summary_large_image\" \/>\n<meta name=\"twitter:label1\" content=\"Escrito por\" \/>\n\t<meta name=\"twitter:data1\" content=\"Staff\" \/>\n\t<meta name=\"twitter:label2\" content=\"Tiempo de lectura\" \/>\n\t<meta name=\"twitter:data2\" content=\"3 minutos\" \/>\n<script type=\"application\/ld+json\" class=\"yoast-schema-graph\">{\"@context\":\"https:\\\/\\\/schema.org\",\"@graph\":[{\"@type\":\"Article\",\"@id\":\"https:\\\/\\\/www.bbmnoticias.com\\\/blog\\\/2025\\\/08\\\/12\\\/exconsejeros-del-ine-pueden-participar-en-debate-de-reforma-electoral-pero-no-estan-por-encima-de-nadie-sheinbaum\\\/#article\",\"isPartOf\":{\"@id\":\"https:\\\/\\\/www.bbmnoticias.com\\\/labravaradiofm\\\/2025\\\/08\\\/12\\\/exconsejeros-del-ine-pueden-participar-en-debate-de-reforma-electoral-pero-no-estan-por-encima-de-nadie-sheinbaum\\\/\"},\"author\":{\"name\":\"Staff\",\"@id\":\"https:\\\/\\\/www.bbmnoticias.com\\\/labravaradiofm\\\/#\\\/schema\\\/person\\\/68a9e9036ef3c5b55aeb2b71dc8bab45\"},\"headline\":\"Exconsejeros del INE pueden participar en debate de reforma electoral, pero no est\u00e1n por encima de nadie: Sheinbaum\",\"datePublished\":\"2025-08-12T16:16:54+00:00\",\"dateModified\":\"2025-08-12T16:17:02+00:00\",\"mainEntityOfPage\":{\"@id\":\"https:\\\/\\\/www.bbmnoticias.com\\\/labravaradiofm\\\/2025\\\/08\\\/12\\\/exconsejeros-del-ine-pueden-participar-en-debate-de-reforma-electoral-pero-no-estan-por-encima-de-nadie-sheinbaum\\\/\"},\"wordCount\":534,\"image\":{\"@id\":\"https:\\\/\\\/www.bbmnoticias.com\\\/blog\\\/2025\\\/08\\\/12\\\/exconsejeros-del-ine-pueden-participar-en-debate-de-reforma-electoral-pero-no-estan-por-encima-de-nadie-sheinbaum\\\/#primaryimage\"},\"thumbnailUrl\":\"https:\\\/\\\/www.bbmnoticias.com\\\/labravaradiofm\\\/wp-content\\\/uploads\\\/sites\\\/5\\\/2025\\\/08\\\/sheinbaum-exconsejeros-electorales.jpg\",\"articleSection\":[\"LOCAL\",\"NACIONAL\"],\"inLanguage\":\"es\"},{\"@type\":\"WebPage\",\"@id\":\"https:\\\/\\\/www.bbmnoticias.com\\\/labravaradiofm\\\/2025\\\/08\\\/12\\\/exconsejeros-del-ine-pueden-participar-en-debate-de-reforma-electoral-pero-no-estan-por-encima-de-nadie-sheinbaum\\\/\",\"url\":\"https:\\\/\\\/www.bbmnoticias.com\\\/blog\\\/2025\\\/08\\\/12\\\/exconsejeros-del-ine-pueden-participar-en-debate-de-reforma-electoral-pero-no-estan-por-encima-de-nadie-sheinbaum\\\/\",\"name\":\"Exconsejeros del INE pueden participar en debate de reforma electoral, pero no est\u00e1n por encima de nadie: Sheinbaum - LA BRAVA RADIO\",\"isPartOf\":{\"@id\":\"https:\\\/\\\/www.bbmnoticias.com\\\/labravaradiofm\\\/#website\"},\"primaryImageOfPage\":{\"@id\":\"https:\\\/\\\/www.bbmnoticias.com\\\/blog\\\/2025\\\/08\\\/12\\\/exconsejeros-del-ine-pueden-participar-en-debate-de-reforma-electoral-pero-no-estan-por-encima-de-nadie-sheinbaum\\\/#primaryimage\"},\"image\":{\"@id\":\"https:\\\/\\\/www.bbmnoticias.com\\\/blog\\\/2025\\\/08\\\/12\\\/exconsejeros-del-ine-pueden-participar-en-debate-de-reforma-electoral-pero-no-estan-por-encima-de-nadie-sheinbaum\\\/#primaryimage\"},\"thumbnailUrl\":\"https:\\\/\\\/www.bbmnoticias.com\\\/labravaradiofm\\\/wp-content\\\/uploads\\\/sites\\\/5\\\/2025\\\/08\\\/sheinbaum-exconsejeros-electorales.jpg\",\"datePublished\":\"2025-08-12T16:16:54+00:00\",\"dateModified\":\"2025-08-12T16:17:02+00:00\",\"author\":{\"@id\":\"https:\\\/\\\/www.bbmnoticias.com\\\/labravaradiofm\\\/#\\\/schema\\\/person\\\/68a9e9036ef3c5b55aeb2b71dc8bab45\"},\"breadcrumb\":{\"@id\":\"https:\\\/\\\/www.bbmnoticias.com\\\/blog\\\/2025\\\/08\\\/12\\\/exconsejeros-del-ine-pueden-participar-en-debate-de-reforma-electoral-pero-no-estan-por-encima-de-nadie-sheinbaum\\\/#breadcrumb\"},\"inLanguage\":\"es\",\"potentialAction\":[{\"@type\":\"ReadAction\",\"target\":[\"https:\\\/\\\/www.bbmnoticias.com\\\/blog\\\/2025\\\/08\\\/12\\\/exconsejeros-del-ine-pueden-participar-en-debate-de-reforma-electoral-pero-no-estan-por-encima-de-nadie-sheinbaum\\\/\"]}]},{\"@type\":\"ImageObject\",\"inLanguage\":\"es\",\"@id\":\"https:\\\/\\\/www.bbmnoticias.com\\\/blog\\\/2025\\\/08\\\/12\\\/exconsejeros-del-ine-pueden-participar-en-debate-de-reforma-electoral-pero-no-estan-por-encima-de-nadie-sheinbaum\\\/#primaryimage\",\"url\":\"https:\\\/\\\/www.bbmnoticias.com\\\/labravaradiofm\\\/wp-content\\\/uploads\\\/sites\\\/5\\\/2025\\\/08\\\/sheinbaum-exconsejeros-electorales.jpg\",\"contentUrl\":\"https:\\\/\\\/www.bbmnoticias.com\\\/labravaradiofm\\\/wp-content\\\/uploads\\\/sites\\\/5\\\/2025\\\/08\\\/sheinbaum-exconsejeros-electorales.jpg\",\"width\":1536,\"height\":1024},{\"@type\":\"BreadcrumbList\",\"@id\":\"https:\\\/\\\/www.bbmnoticias.com\\\/blog\\\/2025\\\/08\\\/12\\\/exconsejeros-del-ine-pueden-participar-en-debate-de-reforma-electoral-pero-no-estan-por-encima-de-nadie-sheinbaum\\\/#breadcrumb\",\"itemListElement\":[{\"@type\":\"ListItem\",\"position\":1,\"name\":\"Inicio\",\"item\":\"https:\\\/\\\/www.bbmnoticias.com\\\/labravaradiofm\\\/\"},{\"@type\":\"ListItem\",\"position\":2,\"name\":\"Exconsejeros del INE pueden participar en debate de reforma electoral, pero no est\u00e1n por encima de nadie: Sheinbaum\"}]},{\"@type\":\"WebSite\",\"@id\":\"https:\\\/\\\/www.bbmnoticias.com\\\/labravaradiofm\\\/#website\",\"url\":\"https:\\\/\\\/www.bbmnoticias.com\\\/labravaradiofm\\\/\",\"name\":\"LA BRAVA RADIO\",\"description\":\"Empresa productora de medios, Radiodifusi\u00f3n, Noticias, tendencias y todo lo que necesitas saber de la pol\u00edtica mexicana e internacional; entretenimiento, espect\u00e1culos, salud y mucho m\u00e1s.\",\"potentialAction\":[{\"@type\":\"SearchAction\",\"target\":{\"@type\":\"EntryPoint\",\"urlTemplate\":\"https:\\\/\\\/www.bbmnoticias.com\\\/labravaradiofm\\\/?s={search_term_string}\"},\"query-input\":{\"@type\":\"PropertyValueSpecification\",\"valueRequired\":true,\"valueName\":\"search_term_string\"}}],\"inLanguage\":\"es\"},{\"@type\":\"Person\",\"@id\":\"https:\\\/\\\/www.bbmnoticias.com\\\/labravaradiofm\\\/#\\\/schema\\\/person\\\/68a9e9036ef3c5b55aeb2b71dc8bab45\",\"name\":\"Staff\",\"image\":{\"@type\":\"ImageObject\",\"inLanguage\":\"es\",\"@id\":\"https:\\\/\\\/secure.gravatar.com\\\/avatar\\\/fdd21ad66fd8b98c407f9dee5b5e588cfe7f0d8579ec20fa6527cd59bab7f0f0?s=96&d=mm&r=g\",\"url\":\"https:\\\/\\\/secure.gravatar.com\\\/avatar\\\/fdd21ad66fd8b98c407f9dee5b5e588cfe7f0d8579ec20fa6527cd59bab7f0f0?s=96&d=mm&r=g\",\"contentUrl\":\"https:\\\/\\\/secure.gravatar.com\\\/avatar\\\/fdd21ad66fd8b98c407f9dee5b5e588cfe7f0d8579ec20fa6527cd59bab7f0f0?s=96&d=mm&r=g\",\"caption\":\"Staff\"},\"url\":\"https:\\\/\\\/www.bbmnoticias.com\\\/labravaradiofm\\\/author\\\/redaccion\\\/\"}]}<\/script>\n<!-- \/ Yoast SEO plugin. -->","yoast_head_json":{"title":"Exconsejeros del INE pueden participar en debate de reforma electoral, pero no est\u00e1n por encima de nadie: Sheinbaum - LA BRAVA RADIO","robots":{"index":"index","follow":"follow","max-snippet":"max-snippet:-1","max-image-preview":"max-image-preview:large","max-video-preview":"max-video-preview:-1"},"canonical":"https:\/\/www.bbmnoticias.com\/blog\/2025\/08\/12\/exconsejeros-del-ine-pueden-participar-en-debate-de-reforma-electoral-pero-no-estan-por-encima-de-nadie-sheinbaum\/","og_locale":"es_MX","og_type":"article","og_title":"Exconsejeros del INE pueden participar en debate de reforma electoral, pero no est\u00e1n por encima de nadie: Sheinbaum - LA BRAVA RADIO","og_description":"La presidenta Claudia Sheinbaum Pardo dej\u00f3 en claro que exconsejeros electorales pueden participar en la discusi\u00f3n de la reforma electoral, sin embargo apunt\u00f3 que no est\u00e1n por encima de nadie ni que son la \u201c\u00e9lite de la democracia\u201c. En la conferencia matutina de Palacio Nacional, Sheinbaum Pardo expuso que hay exconsejeros como Lorenzo C\u00f3rdova y [&hellip;]","og_url":"https:\/\/www.bbmnoticias.com\/blog\/2025\/08\/12\/exconsejeros-del-ine-pueden-participar-en-debate-de-reforma-electoral-pero-no-estan-por-encima-de-nadie-sheinbaum\/","og_site_name":"LA BRAVA RADIO","article_published_time":"2025-08-12T16:16:54+00:00","article_modified_time":"2025-08-12T16:17:02+00:00","og_image":[{"width":1536,"height":1024,"url":"https:\/\/www.bbmnoticias.com\/labravaradiofm\/wp-content\/uploads\/sites\/5\/2025\/08\/sheinbaum-exconsejeros-electorales.jpg","type":"image\/jpeg"}],"author":"Staff","twitter_card":"summary_large_image","twitter_misc":{"Escrito por":"Staff","Tiempo de lectura":"3 minutos"},"schema":{"@context":"https:\/\/schema.org","@graph":[{"@type":"Article","@id":"https:\/\/www.bbmnoticias.com\/blog\/2025\/08\/12\/exconsejeros-del-ine-pueden-participar-en-debate-de-reforma-electoral-pero-no-estan-por-encima-de-nadie-sheinbaum\/#article","isPartOf":{"@id":"https:\/\/www.bbmnoticias.com\/labravaradiofm\/2025\/08\/12\/exconsejeros-del-ine-pueden-participar-en-debate-de-reforma-electoral-pero-no-estan-por-encima-de-nadie-sheinbaum\/"},"author":{"name":"Staff","@id":"https:\/\/www.bbmnoticias.com\/labravaradiofm\/#\/schema\/person\/68a9e9036ef3c5b55aeb2b71dc8bab45"},"headline":"Exconsejeros del INE pueden participar en debate de reforma electoral, pero no est\u00e1n por encima de nadie: Sheinbaum","datePublished":"2025-08-12T16:16:54+00:00","dateModified":"2025-08-12T16:17:02+00:00","mainEntityOfPage":{"@id":"https:\/\/www.bbmnoticias.com\/labravaradiofm\/2025\/08\/12\/exconsejeros-del-ine-pueden-participar-en-debate-de-reforma-electoral-pero-no-estan-por-encima-de-nadie-sheinbaum\/"},"wordCount":534,"image":{"@id":"https:\/\/www.bbmnoticias.com\/blog\/2025\/08\/12\/exconsejeros-del-ine-pueden-participar-en-debate-de-reforma-electoral-pero-no-estan-por-encima-de-nadie-sheinbaum\/#primaryimage"},"thumbnailUrl":"https:\/\/www.bbmnoticias.com\/labravaradiofm\/wp-content\/uploads\/sites\/5\/2025\/08\/sheinbaum-exconsejeros-electorales.jpg","articleSection":["LOCAL","NACIONAL"],"inLanguage":"es"},{"@type":"WebPage","@id":"https:\/\/www.bbmnoticias.com\/labravaradiofm\/2025\/08\/12\/exconsejeros-del-ine-pueden-participar-en-debate-de-reforma-electoral-pero-no-estan-por-encima-de-nadie-sheinbaum\/","url":"https:\/\/www.bbmnoticias.com\/blog\/2025\/08\/12\/exconsejeros-del-ine-pueden-participar-en-debate-de-reforma-electoral-pero-no-estan-por-encima-de-nadie-sheinbaum\/","name":"Exconsejeros del INE pueden participar en debate de reforma electoral, pero no est\u00e1n por encima de nadie: Sheinbaum - LA BRAVA RADIO","isPartOf":{"@id":"https:\/\/www.bbmnoticias.com\/labravaradiofm\/#website"},"primaryImageOfPage":{"@id":"https:\/\/www.bbmnoticias.com\/blog\/2025\/08\/12\/exconsejeros-del-ine-pueden-participar-en-debate-de-reforma-electoral-pero-no-estan-por-encima-de-nadie-sheinbaum\/#primaryimage"},"image":{"@id":"https:\/\/www.bbmnoticias.com\/blog\/2025\/08\/12\/exconsejeros-del-ine-pueden-participar-en-debate-de-reforma-electoral-pero-no-estan-por-encima-de-nadie-sheinbaum\/#primaryimage"},"thumbnailUrl":"https:\/\/www.bbmnoticias.com\/labravaradiofm\/wp-content\/uploads\/sites\/5\/2025\/08\/sheinbaum-exconsejeros-electorales.jpg","datePublished":"2025-08-12T16:16:54+00:00","dateModified":"2025-08-12T16:17:02+00:00","author":{"@id":"https:\/\/www.bbmnoticias.com\/labravaradiofm\/#\/schema\/person\/68a9e9036ef3c5b55aeb2b71dc8bab45"},"breadcrumb":{"@id":"https:\/\/www.bbmnoticias.com\/blog\/2025\/08\/12\/exconsejeros-del-ine-pueden-participar-en-debate-de-reforma-electoral-pero-no-estan-por-encima-de-nadie-sheinbaum\/#breadcrumb"},"inLanguage":"es","potentialAction":[{"@type":"ReadAction","target":["https:\/\/www.bbmnoticias.com\/blog\/2025\/08\/12\/exconsejeros-del-ine-pueden-participar-en-debate-de-reforma-electoral-pero-no-estan-por-encima-de-nadie-sheinbaum\/"]}]},{"@type":"ImageObject","inLanguage":"es","@id":"https:\/\/www.bbmnoticias.com\/blog\/2025\/08\/12\/exconsejeros-del-ine-pueden-participar-en-debate-de-reforma-electoral-pero-no-estan-por-encima-de-nadie-sheinbaum\/#primaryimage","url":"https:\/\/www.bbmnoticias.com\/labravaradiofm\/wp-content\/uploads\/sites\/5\/2025\/08\/sheinbaum-exconsejeros-electorales.jpg","contentUrl":"https:\/\/www.bbmnoticias.com\/labravaradiofm\/wp-content\/uploads\/sites\/5\/2025\/08\/sheinbaum-exconsejeros-electorales.jpg","width":1536,"height":1024},{"@type":"BreadcrumbList","@id":"https:\/\/www.bbmnoticias.com\/blog\/2025\/08\/12\/exconsejeros-del-ine-pueden-participar-en-debate-de-reforma-electoral-pero-no-estan-por-encima-de-nadie-sheinbaum\/#breadcrumb","itemListElement":[{"@type":"ListItem","position":1,"name":"Inicio","item":"https:\/\/www.bbmnoticias.com\/labravaradiofm\/"},{"@type":"ListItem","position":2,"name":"Exconsejeros del INE pueden participar en debate de reforma electoral, pero no est\u00e1n por encima de nadie: Sheinbaum"}]},{"@type":"WebSite","@id":"https:\/\/www.bbmnoticias.com\/labravaradiofm\/#website","url":"https:\/\/www.bbmnoticias.com\/labravaradiofm\/","name":"LA BRAVA RADIO","description":"Empresa productora de medios, Radiodifusi\u00f3n, Noticias, tendencias y todo lo que necesitas saber de la pol\u00edtica mexicana e internacional; entretenimiento, espect\u00e1culos, salud y mucho m\u00e1s.","potentialAction":[{"@type":"SearchAction","target":{"@type":"EntryPoint","urlTemplate":"https:\/\/www.bbmnoticias.com\/labravaradiofm\/?s={search_term_string}"},"query-input":{"@type":"PropertyValueSpecification","valueRequired":true,"valueName":"search_term_string"}}],"inLanguage":"es"},{"@type":"Person","@id":"https:\/\/www.bbmnoticias.com\/labravaradiofm\/#\/schema\/person\/68a9e9036ef3c5b55aeb2b71dc8bab45","name":"Staff","image":{"@type":"ImageObject","inLanguage":"es","@id":"https:\/\/secure.gravatar.com\/avatar\/fdd21ad66fd8b98c407f9dee5b5e588cfe7f0d8579ec20fa6527cd59bab7f0f0?s=96&d=mm&r=g","url":"https:\/\/secure.gravatar.com\/avatar\/fdd21ad66fd8b98c407f9dee5b5e588cfe7f0d8579ec20fa6527cd59bab7f0f0?s=96&d=mm&r=g","contentUrl":"https:\/\/secure.gravatar.com\/avatar\/fdd21ad66fd8b98c407f9dee5b5e588cfe7f0d8579ec20fa6527cd59bab7f0f0?s=96&d=mm&r=g","caption":"Staff"},"url":"https:\/\/www.bbmnoticias.com\/labravaradiofm\/author\/redaccion\/"}]}},"_links":{"self":[{"href":"https:\/\/www.bbmnoticias.com\/labravaradiofm\/wp-json\/wp\/v2\/posts\/64861","targetHints":{"allow":["GET"]}}],"collection":[{"href":"https:\/\/www.bbmnoticias.com\/labravaradiofm\/wp-json\/wp\/v2\/posts"}],"about":[{"href":"https:\/\/www.bbmnoticias.com\/labravaradiofm\/wp-json\/wp\/v2\/types\/post"}],"author":[{"embeddable":true,"href":"https:\/\/www.bbmnoticias.com\/labravaradiofm\/wp-json\/wp\/v2\/users\/2"}],"replies":[{"embeddable":true,"href":"https:\/\/www.bbmnoticias.com\/labravaradiofm\/wp-json\/wp\/v2\/comments?post=64861"}],"version-history":[{"count":0,"href":"https:\/\/www.bbmnoticias.com\/labravaradiofm\/wp-json\/wp\/v2\/posts\/64861\/revisions"}],"wp:featuredmedia":[{"embeddable":true,"href":"https:\/\/www.bbmnoticias.com\/labravaradiofm\/wp-json\/wp\/v2\/media\/64863"}],"wp:attachment":[{"href":"https:\/\/www.bbmnoticias.com\/labravaradiofm\/wp-json\/wp\/v2\/media?parent=64861"}],"wp:term":[{"taxonomy":"category","embeddable":true,"href":"https:\/\/www.bbmnoticias.com\/labravaradiofm\/wp-json\/wp\/v2\/categories?post=64861"},{"taxonomy":"post_tag","embeddable":true,"href":"https:\/\/www.bbmnoticias.com\/labravaradiofm\/wp-json\/wp\/v2\/tags?post=64861"}],"curies":[{"name":"wp","href":"https:\/\/api.w.org\/{rel}","templated":true}]}}