{"id":64855,"date":"2025-08-12T09:27:03","date_gmt":"2025-08-12T15:27:03","guid":{"rendered":"https:\/\/www.bbmnoticias.com\/labravaradiofm\/2025\/08\/12\/homicidios-bajan-25-3-desde-el-inicio-de-la-administracion-de-claudia-sheinbaum\/"},"modified":"2025-08-12T09:27:17","modified_gmt":"2025-08-12T15:27:17","slug":"homicidios-bajan-25-3-desde-el-inicio-de-la-administracion-de-claudia-sheinbaum","status":"publish","type":"post","link":"https:\/\/www.bbmnoticias.com\/labravaradiofm\/2025\/08\/12\/homicidios-bajan-25-3-desde-el-inicio-de-la-administracion-de-claudia-sheinbaum\/","title":{"rendered":"Homicidios bajan 25.3 % desde el inicio de la Administraci\u00f3n de Claudia Sheinbaum"},"content":{"rendered":"<div style=\"margin-top: 0px; margin-bottom: 0px;\" class=\"sharethis-inline-share-buttons\" ><\/div>\n<p><strong>Marcela Figueroa<\/strong>, titular del Secretariado Ejecutivo del Sistema Nacional de Seguridad P\u00fablica (<strong>SESNSP<\/strong>), detall\u00f3 una disminuci\u00f3n del 25.3 por ciento en los<strong> homicidios dolosos<\/strong> desde el inicio de la Administraci\u00f3n de <strong>Claudia Sheinbaum<\/strong>.<\/p>\n\n\n\n<figure class=\"wp-block-embed is-type-video is-provider-youtube wp-block-embed-youtube wp-embed-aspect-16-9 wp-has-aspect-ratio\"><div class=\"wp-block-embed__wrapper\">\n<iframe loading=\"lazy\" title=\"#Ma\u00f1aneraDelPueblo desde Palacio Nacional. Martes 12 de agosto 2025\" width=\"696\" height=\"392\" src=\"https:\/\/www.youtube.com\/embed\/FsrJX2oKaRM?feature=oembed\" frameborder=\"0\" allow=\"accelerometer; autoplay; clipboard-write; encrypted-media; gyroscope; picture-in-picture; web-share\" referrerpolicy=\"strict-origin-when-cross-origin\" allowfullscreen><\/iframe>\n<\/div><\/figure>\n\n\n\n<p>En la conferencia matutina de Palacio Nacional, Figueroa franco apunt\u00f3 que esto representa una disminuci\u00f3n de 22 <strong>asesinatos<\/strong> diarios.<\/p>\n\n\n\n<figure class=\"wp-block-pullquote\"><blockquote><p>Destaca una disminuci\u00f3n del 25.3 por ciento del inicio de la Administraci\u00f3n de la presidenta Claudia Sheinbaum\u201d, detall\u00f3.<\/p><\/blockquote><\/figure>\n\n\n\n<p>\u201cEn septiembre de 2024 se tuvo un promedio diario de 86.9 <strong>homicidios<\/strong> dolosos diarios, en julio la cifra fue de 64.9 homicidios diarios. Esto es una reducci\u00f3n de 22 homicidios menos diarios en promedio\u201d, extern\u00f3.<\/p>\n\n\n\n<p>\u201cTal como puede verse en esta l\u00e1mina,&nbsp;hay una diferencia de 22 homicidios menos por d\u00eda en promedio. Es una tendencia clara que refleja el esfuerzo coordinado entre instituciones\u201d, sostuvo.<\/p>\n\n\n\n<p>Se indic\u00f3 que de enero a julio de 2025 siete estados concentran el 51.5 por ciento de los homicidios en el pa\u00eds: <strong>Guanajuato<\/strong>, con el 11.96 por ciento (mil 761 casos); <strong>Chihuahua<\/strong>, 7.2 por ciento (mil 69); &nbsp;<strong>Sinaloa<\/strong>, 7.2 por ciento (mil 63); <strong>Baja California<\/strong>, 7.1 por ciento (mil 52); <strong>Estado de M\u00e9xico<\/strong>, 6.6 por ciento (974); <strong>Guerrero<\/strong>, 5.9 por ciento (870),&nbsp;adem\u00e1s de&nbsp;<strong>Michoac\u00e1n<\/strong>, con el 5.6 por ciento (820).<\/p>\n\n\n\n<p>La funcionaria federal tambi\u00e9n apunt\u00f3 que julio de 2025 es el mes m\u00e1s bajo en asesinatos desde el a\u00f1o 2015.<\/p>\n\n\n\n<p>Tambi\u00e9n anot\u00f3 que los <strong>delitos de alto impacto <\/strong>disminuyeron un 20.8por ciento desde octubre de 2024 a julio de 2025.<\/p>\n","protected":false},"excerpt":{"rendered":"<p>Marcela Figueroa, titular del Secretariado Ejecutivo del Sistema Nacional de Seguridad P\u00fablica (SESNSP), detall\u00f3 una disminuci\u00f3n del 25.3 por ciento en los homicidios dolosos desde el inicio de la Administraci\u00f3n de Claudia Sheinbaum. En la conferencia matutina de Palacio Nacional, Figueroa franco apunt\u00f3 que esto representa una disminuci\u00f3n de 22 asesinatos diarios. Destaca una disminuci\u00f3n [&hellip;]<\/p>\n","protected":false},"author":4,"featured_media":64857,"comment_status":"closed","ping_status":"","sticky":false,"template":"","format":"standard","meta":{"footnotes":""},"categories":[2,19],"tags":[],"class_list":{"0":"post-64855","1":"post","2":"type-post","3":"status-publish","4":"format-standard","5":"has-post-thumbnail","7":"category-oaxaca","8":"category-nacional"},"yoast_head":"<!-- This site is optimized with the Yoast SEO plugin v27.4 - https:\/\/yoast.com\/product\/yoast-seo-wordpress\/ -->\n<title>Homicidios bajan 25.3 % desde el inicio de la Administraci\u00f3n de Claudia Sheinbaum - LA BRAVA RADIO<\/title>\n<meta name=\"robots\" content=\"index, follow, max-snippet:-1, max-image-preview:large, max-video-preview:-1\" \/>\n<link rel=\"canonical\" href=\"https:\/\/www.bbmnoticias.com\/blog\/2025\/08\/12\/homicidios-bajan-25-3-desde-el-inicio-de-la-administracion-de-claudia-sheinbaum\/\" \/>\n<meta property=\"og:locale\" content=\"es_MX\" \/>\n<meta property=\"og:type\" content=\"article\" \/>\n<meta property=\"og:title\" content=\"Homicidios bajan 25.3 % desde el inicio de la Administraci\u00f3n de Claudia Sheinbaum - LA BRAVA RADIO\" \/>\n<meta property=\"og:description\" content=\"Marcela Figueroa, titular del Secretariado Ejecutivo del Sistema Nacional de Seguridad P\u00fablica (SESNSP), detall\u00f3 una disminuci\u00f3n del 25.3 por ciento en los homicidios dolosos desde el inicio de la Administraci\u00f3n de Claudia Sheinbaum. En la conferencia matutina de Palacio Nacional, Figueroa franco apunt\u00f3 que esto representa una disminuci\u00f3n de 22 asesinatos diarios. Destaca una disminuci\u00f3n [&hellip;]\" \/>\n<meta property=\"og:url\" content=\"https:\/\/www.bbmnoticias.com\/blog\/2025\/08\/12\/homicidios-bajan-25-3-desde-el-inicio-de-la-administracion-de-claudia-sheinbaum\/\" \/>\n<meta property=\"og:site_name\" content=\"LA BRAVA RADIO\" \/>\n<meta property=\"article:published_time\" content=\"2025-08-12T15:27:03+00:00\" \/>\n<meta property=\"article:modified_time\" content=\"2025-08-12T15:27:17+00:00\" \/>\n<meta property=\"og:image\" content=\"https:\/\/www.bbmnoticias.com\/labravaradiofm\/wp-content\/uploads\/sites\/5\/2025\/08\/violencia-homicidios-asesinatos-mexico-1536x1024-1.jpg\" \/>\n\t<meta property=\"og:image:width\" content=\"1536\" \/>\n\t<meta property=\"og:image:height\" content=\"1024\" \/>\n\t<meta property=\"og:image:type\" content=\"image\/jpeg\" \/>\n<meta name=\"author\" content=\"Agencias\" \/>\n<meta name=\"twitter:card\" content=\"summary_large_image\" \/>\n<meta name=\"twitter:label1\" content=\"Escrito por\" \/>\n\t<meta name=\"twitter:data1\" content=\"Agencias\" \/>\n\t<meta name=\"twitter:label2\" content=\"Tiempo de lectura\" \/>\n\t<meta name=\"twitter:data2\" content=\"1 minuto\" \/>\n<script type=\"application\/ld+json\" class=\"yoast-schema-graph\">{\"@context\":\"https:\\\/\\\/schema.org\",\"@graph\":[{\"@type\":\"Article\",\"@id\":\"https:\\\/\\\/www.bbmnoticias.com\\\/blog\\\/2025\\\/08\\\/12\\\/homicidios-bajan-25-3-desde-el-inicio-de-la-administracion-de-claudia-sheinbaum\\\/#article\",\"isPartOf\":{\"@id\":\"https:\\\/\\\/www.bbmnoticias.com\\\/labravaradiofm\\\/2025\\\/08\\\/12\\\/homicidios-bajan-25-3-desde-el-inicio-de-la-administracion-de-claudia-sheinbaum\\\/\"},\"author\":{\"name\":\"Agencias\",\"@id\":\"https:\\\/\\\/www.bbmnoticias.com\\\/labravaradiofm\\\/#\\\/schema\\\/person\\\/000bdaf0a8fb5bff0d537c4d0778e33f\"},\"headline\":\"Homicidios bajan 25.3 % desde el inicio de la Administraci\u00f3n de Claudia Sheinbaum\",\"datePublished\":\"2025-08-12T15:27:03+00:00\",\"dateModified\":\"2025-08-12T15:27:17+00:00\",\"mainEntityOfPage\":{\"@id\":\"https:\\\/\\\/www.bbmnoticias.com\\\/labravaradiofm\\\/2025\\\/08\\\/12\\\/homicidios-bajan-25-3-desde-el-inicio-de-la-administracion-de-claudia-sheinbaum\\\/\"},\"wordCount\":256,\"image\":{\"@id\":\"https:\\\/\\\/www.bbmnoticias.com\\\/blog\\\/2025\\\/08\\\/12\\\/homicidios-bajan-25-3-desde-el-inicio-de-la-administracion-de-claudia-sheinbaum\\\/#primaryimage\"},\"thumbnailUrl\":\"https:\\\/\\\/www.bbmnoticias.com\\\/labravaradiofm\\\/wp-content\\\/uploads\\\/sites\\\/5\\\/2025\\\/08\\\/violencia-homicidios-asesinatos-mexico-1536x1024-1.jpg\",\"articleSection\":[\"LOCAL\",\"NACIONAL\"],\"inLanguage\":\"es\"},{\"@type\":\"WebPage\",\"@id\":\"https:\\\/\\\/www.bbmnoticias.com\\\/labravaradiofm\\\/2025\\\/08\\\/12\\\/homicidios-bajan-25-3-desde-el-inicio-de-la-administracion-de-claudia-sheinbaum\\\/\",\"url\":\"https:\\\/\\\/www.bbmnoticias.com\\\/blog\\\/2025\\\/08\\\/12\\\/homicidios-bajan-25-3-desde-el-inicio-de-la-administracion-de-claudia-sheinbaum\\\/\",\"name\":\"Homicidios bajan 25.3 % desde el inicio de la Administraci\u00f3n de Claudia Sheinbaum - LA BRAVA RADIO\",\"isPartOf\":{\"@id\":\"https:\\\/\\\/www.bbmnoticias.com\\\/labravaradiofm\\\/#website\"},\"primaryImageOfPage\":{\"@id\":\"https:\\\/\\\/www.bbmnoticias.com\\\/blog\\\/2025\\\/08\\\/12\\\/homicidios-bajan-25-3-desde-el-inicio-de-la-administracion-de-claudia-sheinbaum\\\/#primaryimage\"},\"image\":{\"@id\":\"https:\\\/\\\/www.bbmnoticias.com\\\/blog\\\/2025\\\/08\\\/12\\\/homicidios-bajan-25-3-desde-el-inicio-de-la-administracion-de-claudia-sheinbaum\\\/#primaryimage\"},\"thumbnailUrl\":\"https:\\\/\\\/www.bbmnoticias.com\\\/labravaradiofm\\\/wp-content\\\/uploads\\\/sites\\\/5\\\/2025\\\/08\\\/violencia-homicidios-asesinatos-mexico-1536x1024-1.jpg\",\"datePublished\":\"2025-08-12T15:27:03+00:00\",\"dateModified\":\"2025-08-12T15:27:17+00:00\",\"author\":{\"@id\":\"https:\\\/\\\/www.bbmnoticias.com\\\/labravaradiofm\\\/#\\\/schema\\\/person\\\/000bdaf0a8fb5bff0d537c4d0778e33f\"},\"breadcrumb\":{\"@id\":\"https:\\\/\\\/www.bbmnoticias.com\\\/blog\\\/2025\\\/08\\\/12\\\/homicidios-bajan-25-3-desde-el-inicio-de-la-administracion-de-claudia-sheinbaum\\\/#breadcrumb\"},\"inLanguage\":\"es\",\"potentialAction\":[{\"@type\":\"ReadAction\",\"target\":[\"https:\\\/\\\/www.bbmnoticias.com\\\/blog\\\/2025\\\/08\\\/12\\\/homicidios-bajan-25-3-desde-el-inicio-de-la-administracion-de-claudia-sheinbaum\\\/\"]}]},{\"@type\":\"ImageObject\",\"inLanguage\":\"es\",\"@id\":\"https:\\\/\\\/www.bbmnoticias.com\\\/blog\\\/2025\\\/08\\\/12\\\/homicidios-bajan-25-3-desde-el-inicio-de-la-administracion-de-claudia-sheinbaum\\\/#primaryimage\",\"url\":\"https:\\\/\\\/www.bbmnoticias.com\\\/labravaradiofm\\\/wp-content\\\/uploads\\\/sites\\\/5\\\/2025\\\/08\\\/violencia-homicidios-asesinatos-mexico-1536x1024-1.jpg\",\"contentUrl\":\"https:\\\/\\\/www.bbmnoticias.com\\\/labravaradiofm\\\/wp-content\\\/uploads\\\/sites\\\/5\\\/2025\\\/08\\\/violencia-homicidios-asesinatos-mexico-1536x1024-1.jpg\",\"width\":1536,\"height\":1024},{\"@type\":\"BreadcrumbList\",\"@id\":\"https:\\\/\\\/www.bbmnoticias.com\\\/blog\\\/2025\\\/08\\\/12\\\/homicidios-bajan-25-3-desde-el-inicio-de-la-administracion-de-claudia-sheinbaum\\\/#breadcrumb\",\"itemListElement\":[{\"@type\":\"ListItem\",\"position\":1,\"name\":\"Inicio\",\"item\":\"https:\\\/\\\/www.bbmnoticias.com\\\/labravaradiofm\\\/\"},{\"@type\":\"ListItem\",\"position\":2,\"name\":\"Homicidios bajan 25.3 % desde el inicio de la Administraci\u00f3n de Claudia Sheinbaum\"}]},{\"@type\":\"WebSite\",\"@id\":\"https:\\\/\\\/www.bbmnoticias.com\\\/labravaradiofm\\\/#website\",\"url\":\"https:\\\/\\\/www.bbmnoticias.com\\\/labravaradiofm\\\/\",\"name\":\"LA BRAVA RADIO\",\"description\":\"Empresa productora de medios, Radiodifusi\u00f3n, Noticias, tendencias y todo lo que necesitas saber de la pol\u00edtica mexicana e internacional; entretenimiento, espect\u00e1culos, salud y mucho m\u00e1s.\",\"potentialAction\":[{\"@type\":\"SearchAction\",\"target\":{\"@type\":\"EntryPoint\",\"urlTemplate\":\"https:\\\/\\\/www.bbmnoticias.com\\\/labravaradiofm\\\/?s={search_term_string}\"},\"query-input\":{\"@type\":\"PropertyValueSpecification\",\"valueRequired\":true,\"valueName\":\"search_term_string\"}}],\"inLanguage\":\"es\"},{\"@type\":\"Person\",\"@id\":\"https:\\\/\\\/www.bbmnoticias.com\\\/labravaradiofm\\\/#\\\/schema\\\/person\\\/000bdaf0a8fb5bff0d537c4d0778e33f\",\"name\":\"Agencias\",\"image\":{\"@type\":\"ImageObject\",\"inLanguage\":\"es\",\"@id\":\"https:\\\/\\\/secure.gravatar.com\\\/avatar\\\/739e0b61adf9e398b425c36718c8752286da0e8cd90f20ce9a86678abc26aa0d?s=96&d=mm&r=g\",\"url\":\"https:\\\/\\\/secure.gravatar.com\\\/avatar\\\/739e0b61adf9e398b425c36718c8752286da0e8cd90f20ce9a86678abc26aa0d?s=96&d=mm&r=g\",\"contentUrl\":\"https:\\\/\\\/secure.gravatar.com\\\/avatar\\\/739e0b61adf9e398b425c36718c8752286da0e8cd90f20ce9a86678abc26aa0d?s=96&d=mm&r=g\",\"caption\":\"Agencias\"},\"url\":\"https:\\\/\\\/www.bbmnoticias.com\\\/labravaradiofm\\\/author\\\/agencias\\\/\"}]}<\/script>\n<!-- \/ Yoast SEO plugin. -->","yoast_head_json":{"title":"Homicidios bajan 25.3 % desde el inicio de la Administraci\u00f3n de Claudia Sheinbaum - LA BRAVA RADIO","robots":{"index":"index","follow":"follow","max-snippet":"max-snippet:-1","max-image-preview":"max-image-preview:large","max-video-preview":"max-video-preview:-1"},"canonical":"https:\/\/www.bbmnoticias.com\/blog\/2025\/08\/12\/homicidios-bajan-25-3-desde-el-inicio-de-la-administracion-de-claudia-sheinbaum\/","og_locale":"es_MX","og_type":"article","og_title":"Homicidios bajan 25.3 % desde el inicio de la Administraci\u00f3n de Claudia Sheinbaum - LA BRAVA RADIO","og_description":"Marcela Figueroa, titular del Secretariado Ejecutivo del Sistema Nacional de Seguridad P\u00fablica (SESNSP), detall\u00f3 una disminuci\u00f3n del 25.3 por ciento en los homicidios dolosos desde el inicio de la Administraci\u00f3n de Claudia Sheinbaum. En la conferencia matutina de Palacio Nacional, Figueroa franco apunt\u00f3 que esto representa una disminuci\u00f3n de 22 asesinatos diarios. Destaca una disminuci\u00f3n [&hellip;]","og_url":"https:\/\/www.bbmnoticias.com\/blog\/2025\/08\/12\/homicidios-bajan-25-3-desde-el-inicio-de-la-administracion-de-claudia-sheinbaum\/","og_site_name":"LA BRAVA RADIO","article_published_time":"2025-08-12T15:27:03+00:00","article_modified_time":"2025-08-12T15:27:17+00:00","og_image":[{"width":1536,"height":1024,"url":"https:\/\/www.bbmnoticias.com\/labravaradiofm\/wp-content\/uploads\/sites\/5\/2025\/08\/violencia-homicidios-asesinatos-mexico-1536x1024-1.jpg","type":"image\/jpeg"}],"author":"Agencias","twitter_card":"summary_large_image","twitter_misc":{"Escrito por":"Agencias","Tiempo de lectura":"1 minuto"},"schema":{"@context":"https:\/\/schema.org","@graph":[{"@type":"Article","@id":"https:\/\/www.bbmnoticias.com\/blog\/2025\/08\/12\/homicidios-bajan-25-3-desde-el-inicio-de-la-administracion-de-claudia-sheinbaum\/#article","isPartOf":{"@id":"https:\/\/www.bbmnoticias.com\/labravaradiofm\/2025\/08\/12\/homicidios-bajan-25-3-desde-el-inicio-de-la-administracion-de-claudia-sheinbaum\/"},"author":{"name":"Agencias","@id":"https:\/\/www.bbmnoticias.com\/labravaradiofm\/#\/schema\/person\/000bdaf0a8fb5bff0d537c4d0778e33f"},"headline":"Homicidios bajan 25.3 % desde el inicio de la Administraci\u00f3n de Claudia Sheinbaum","datePublished":"2025-08-12T15:27:03+00:00","dateModified":"2025-08-12T15:27:17+00:00","mainEntityOfPage":{"@id":"https:\/\/www.bbmnoticias.com\/labravaradiofm\/2025\/08\/12\/homicidios-bajan-25-3-desde-el-inicio-de-la-administracion-de-claudia-sheinbaum\/"},"wordCount":256,"image":{"@id":"https:\/\/www.bbmnoticias.com\/blog\/2025\/08\/12\/homicidios-bajan-25-3-desde-el-inicio-de-la-administracion-de-claudia-sheinbaum\/#primaryimage"},"thumbnailUrl":"https:\/\/www.bbmnoticias.com\/labravaradiofm\/wp-content\/uploads\/sites\/5\/2025\/08\/violencia-homicidios-asesinatos-mexico-1536x1024-1.jpg","articleSection":["LOCAL","NACIONAL"],"inLanguage":"es"},{"@type":"WebPage","@id":"https:\/\/www.bbmnoticias.com\/labravaradiofm\/2025\/08\/12\/homicidios-bajan-25-3-desde-el-inicio-de-la-administracion-de-claudia-sheinbaum\/","url":"https:\/\/www.bbmnoticias.com\/blog\/2025\/08\/12\/homicidios-bajan-25-3-desde-el-inicio-de-la-administracion-de-claudia-sheinbaum\/","name":"Homicidios bajan 25.3 % desde el inicio de la Administraci\u00f3n de Claudia Sheinbaum - LA BRAVA RADIO","isPartOf":{"@id":"https:\/\/www.bbmnoticias.com\/labravaradiofm\/#website"},"primaryImageOfPage":{"@id":"https:\/\/www.bbmnoticias.com\/blog\/2025\/08\/12\/homicidios-bajan-25-3-desde-el-inicio-de-la-administracion-de-claudia-sheinbaum\/#primaryimage"},"image":{"@id":"https:\/\/www.bbmnoticias.com\/blog\/2025\/08\/12\/homicidios-bajan-25-3-desde-el-inicio-de-la-administracion-de-claudia-sheinbaum\/#primaryimage"},"thumbnailUrl":"https:\/\/www.bbmnoticias.com\/labravaradiofm\/wp-content\/uploads\/sites\/5\/2025\/08\/violencia-homicidios-asesinatos-mexico-1536x1024-1.jpg","datePublished":"2025-08-12T15:27:03+00:00","dateModified":"2025-08-12T15:27:17+00:00","author":{"@id":"https:\/\/www.bbmnoticias.com\/labravaradiofm\/#\/schema\/person\/000bdaf0a8fb5bff0d537c4d0778e33f"},"breadcrumb":{"@id":"https:\/\/www.bbmnoticias.com\/blog\/2025\/08\/12\/homicidios-bajan-25-3-desde-el-inicio-de-la-administracion-de-claudia-sheinbaum\/#breadcrumb"},"inLanguage":"es","potentialAction":[{"@type":"ReadAction","target":["https:\/\/www.bbmnoticias.com\/blog\/2025\/08\/12\/homicidios-bajan-25-3-desde-el-inicio-de-la-administracion-de-claudia-sheinbaum\/"]}]},{"@type":"ImageObject","inLanguage":"es","@id":"https:\/\/www.bbmnoticias.com\/blog\/2025\/08\/12\/homicidios-bajan-25-3-desde-el-inicio-de-la-administracion-de-claudia-sheinbaum\/#primaryimage","url":"https:\/\/www.bbmnoticias.com\/labravaradiofm\/wp-content\/uploads\/sites\/5\/2025\/08\/violencia-homicidios-asesinatos-mexico-1536x1024-1.jpg","contentUrl":"https:\/\/www.bbmnoticias.com\/labravaradiofm\/wp-content\/uploads\/sites\/5\/2025\/08\/violencia-homicidios-asesinatos-mexico-1536x1024-1.jpg","width":1536,"height":1024},{"@type":"BreadcrumbList","@id":"https:\/\/www.bbmnoticias.com\/blog\/2025\/08\/12\/homicidios-bajan-25-3-desde-el-inicio-de-la-administracion-de-claudia-sheinbaum\/#breadcrumb","itemListElement":[{"@type":"ListItem","position":1,"name":"Inicio","item":"https:\/\/www.bbmnoticias.com\/labravaradiofm\/"},{"@type":"ListItem","position":2,"name":"Homicidios bajan 25.3 % desde el inicio de la Administraci\u00f3n de Claudia Sheinbaum"}]},{"@type":"WebSite","@id":"https:\/\/www.bbmnoticias.com\/labravaradiofm\/#website","url":"https:\/\/www.bbmnoticias.com\/labravaradiofm\/","name":"LA BRAVA RADIO","description":"Empresa productora de medios, Radiodifusi\u00f3n, Noticias, tendencias y todo lo que necesitas saber de la pol\u00edtica mexicana e internacional; entretenimiento, espect\u00e1culos, salud y mucho m\u00e1s.","potentialAction":[{"@type":"SearchAction","target":{"@type":"EntryPoint","urlTemplate":"https:\/\/www.bbmnoticias.com\/labravaradiofm\/?s={search_term_string}"},"query-input":{"@type":"PropertyValueSpecification","valueRequired":true,"valueName":"search_term_string"}}],"inLanguage":"es"},{"@type":"Person","@id":"https:\/\/www.bbmnoticias.com\/labravaradiofm\/#\/schema\/person\/000bdaf0a8fb5bff0d537c4d0778e33f","name":"Agencias","image":{"@type":"ImageObject","inLanguage":"es","@id":"https:\/\/secure.gravatar.com\/avatar\/739e0b61adf9e398b425c36718c8752286da0e8cd90f20ce9a86678abc26aa0d?s=96&d=mm&r=g","url":"https:\/\/secure.gravatar.com\/avatar\/739e0b61adf9e398b425c36718c8752286da0e8cd90f20ce9a86678abc26aa0d?s=96&d=mm&r=g","contentUrl":"https:\/\/secure.gravatar.com\/avatar\/739e0b61adf9e398b425c36718c8752286da0e8cd90f20ce9a86678abc26aa0d?s=96&d=mm&r=g","caption":"Agencias"},"url":"https:\/\/www.bbmnoticias.com\/labravaradiofm\/author\/agencias\/"}]}},"_links":{"self":[{"href":"https:\/\/www.bbmnoticias.com\/labravaradiofm\/wp-json\/wp\/v2\/posts\/64855","targetHints":{"allow":["GET"]}}],"collection":[{"href":"https:\/\/www.bbmnoticias.com\/labravaradiofm\/wp-json\/wp\/v2\/posts"}],"about":[{"href":"https:\/\/www.bbmnoticias.com\/labravaradiofm\/wp-json\/wp\/v2\/types\/post"}],"author":[{"embeddable":true,"href":"https:\/\/www.bbmnoticias.com\/labravaradiofm\/wp-json\/wp\/v2\/users\/4"}],"replies":[{"embeddable":true,"href":"https:\/\/www.bbmnoticias.com\/labravaradiofm\/wp-json\/wp\/v2\/comments?post=64855"}],"version-history":[{"count":0,"href":"https:\/\/www.bbmnoticias.com\/labravaradiofm\/wp-json\/wp\/v2\/posts\/64855\/revisions"}],"wp:featuredmedia":[{"embeddable":true,"href":"https:\/\/www.bbmnoticias.com\/labravaradiofm\/wp-json\/wp\/v2\/media\/64857"}],"wp:attachment":[{"href":"https:\/\/www.bbmnoticias.com\/labravaradiofm\/wp-json\/wp\/v2\/media?parent=64855"}],"wp:term":[{"taxonomy":"category","embeddable":true,"href":"https:\/\/www.bbmnoticias.com\/labravaradiofm\/wp-json\/wp\/v2\/categories?post=64855"},{"taxonomy":"post_tag","embeddable":true,"href":"https:\/\/www.bbmnoticias.com\/labravaradiofm\/wp-json\/wp\/v2\/tags?post=64855"}],"curies":[{"name":"wp","href":"https:\/\/api.w.org\/{rel}","templated":true}]}}