{"id":64849,"date":"2025-08-11T19:40:37","date_gmt":"2025-08-12T01:40:37","guid":{"rendered":"https:\/\/www.bbmnoticias.com\/labravaradiofm\/2025\/08\/11\/maestra-irma-murio-por-tortura-fiscalia-de-veracruz\/"},"modified":"2025-08-11T19:40:47","modified_gmt":"2025-08-12T01:40:47","slug":"maestra-irma-murio-por-tortura-fiscalia-de-veracruz","status":"publish","type":"post","link":"https:\/\/www.bbmnoticias.com\/labravaradiofm\/2025\/08\/11\/maestra-irma-murio-por-tortura-fiscalia-de-veracruz\/","title":{"rendered":"Maestra Irma muri\u00f3 por tortura: Fiscal\u00eda de Veracruz"},"content":{"rendered":"<div style=\"margin-top: 0px; margin-bottom: 0px;\" class=\"sharethis-inline-share-buttons\" ><\/div>\n<p>La docente jubilada y taxista, <strong>Irma Hern\u00e1ndez<\/strong>, muri\u00f3 debido a que sufri\u00f3 tortura, asegur\u00f3 la titular de la Fiscal\u00eda General del Estado, Ver\u00f3nica Hern\u00e1ndez, en una conferencia de prensa realizada en las oficinas centrales de la dependencia estatal, en la ciudad de Xalapa.&nbsp;<\/p>\n\n\n\n<p>Este lunes, la fiscal general dio detalles sobre el caso y proyect\u00f3 un video donde se informa que Irma fue <strong>secuestrada<\/strong> por varias personas que la tuvieron en cautiverio, donde la torturaron, ocasion\u00e1ndole la muerte.&nbsp;<\/p>\n\n\n\n<p>Ver\u00f3nica Hern\u00e1ndez indic\u00f3 que los cuatro detenidos por este caso fueron vinculados a proceso debido a su probable responsabilidad en el delito de secuestro agravado. Se trata de Octavio \u201cN\u201d, Jeana Paola \u201cN\u201d, V\u00edctor Manuel \u201cN\u201d y Jos\u00e9 Eduardo \u201cN\u201d, quienes presuntamente cometieron dicho <strong>delito<\/strong> y enfrentan la prisi\u00f3n preventiva oficiosa.<\/p>\n\n\n\n<figure class=\"wp-block-pullquote\"><blockquote><p>\u201cLa imputaci\u00f3n se realiz\u00f3 tomando en consideraci\u00f3n que la privaci\u00f3n de la libertad de la v\u00edctima, quien era mayor de 60 a\u00f1os, fue llevada a cabo por dos o m\u00e1s personas, de manera violenta y con el prop\u00f3sito de obtener un beneficio, alterando su salud por la agresi\u00f3n, tortura y violencia ejercida durante su cautiverio, lo cual ocasion\u00f3 su muerte\u201d, <strong>se\u00f1al\u00f3<\/strong>.\u00a0<\/p><\/blockquote><\/figure>\n\n\n\n<h2 class=\"wp-block-heading\">Identifican a v\u00edctimas cuyos cuerpos fueron abandonados en Papantla<\/h2>\n\n\n\n<p>En otro tema, dio a conocer que un total de seis personas fueron asesinadas, mutiladas y sus restos abandonados sobre la carretera <strong>Poza Rica-Cazones de Herrera<\/strong>, a la altura del municipio de Papantla, al norte del estado de Veracruz, en hechos ocurridos el pasado 4 de agosto.&nbsp;<\/p>\n\n\n\n<p>La funcionaria revel\u00f3 que cinco v\u00edctimas ya fueron identificadas y una m\u00e1s permanece en calidad de desconocida. Uno de ellos era Juan Santiago, elemento de la <strong>Direcci\u00f3n de Tr\u00e1nsito Municipal de Tuxpan<\/strong>, quien no se hab\u00eda presentado a laborar desde el pasado 1 de agosto.&nbsp;<\/p>\n\n\n\n<figure class=\"wp-block-pullquote\"><blockquote><p>\u201cFueron seis personas que se localizaron sin vida, despu\u00e9s de hacer la asociaci\u00f3n correspondiente, hasta el momento se han entregado cinco, uno sigue sin identificar, se hizo todo el protocolo pericial correspondiente para poder hacer la entrega a sus familiares\u201d, <strong>detall\u00f3<\/strong>.\u00a0<\/p><\/blockquote><\/figure>\n\n\n\n<p>Las <strong>v\u00edctimas<\/strong> son: Vicente Hern\u00e1ndez Molina, \u00c1ngel Vicente Hern\u00e1ndez Flores, \u00c1ngel Francisco Garc\u00eda Saucedo, Liliana Sol\u00eds Almora y Juan Carlos Santiago Casco. Hern\u00e1ndez indic\u00f3 que se ampli\u00f3 la investigaci\u00f3n y ahora hay avances importantes para determinar el m\u00f3vil de este multihomicidio que constern\u00f3 a la poblaci\u00f3n veracruzana.&nbsp;<\/p>\n\n\n\n<p>La fiscal record\u00f3 que el ayuntamiento de <strong>Tuxpan<\/strong> confirm\u00f3 que Santiago Casco se desempe\u00f1aba como elemento de Tr\u00e1nsito Municipal desde abril de 2023 y que a partir del 1 de agosto no se hab\u00eda presentado a laborar.<\/p>\n\n\n\n<h2 class=\"wp-block-heading\">Mueren nueve tras mot\u00edn en penal de Tuxpan<\/h2>\n\n\n\n<p>La funcionaria tambi\u00e9n refiri\u00f3 que la <strong>Fiscal\u00eda General de la Rep\u00fablica<\/strong> no ha atra\u00eddo el caso del mot\u00edn en el penal de Tuxpan que dej\u00f3 a nueve reclusos fallecidos y otros 10 heridos, pese a la sospecha de que esto sucedi\u00f3 por la presunta disputa entre bandas del crimen organizado que operan en la zona norte del estado de Veracruz.&nbsp;<\/p>\n\n\n\n<p>Cinco de las v\u00edctimas eran de origen <strong>guatemalteco<\/strong> y, desde un inicio, las autoridades tuvieron acercamiento con sus familiares para la realizaci\u00f3n de los tr\u00e1mites correspondientes. Hern\u00e1ndez explic\u00f3 que siete v\u00edctimas murieron al interior del Centro de Readaptaci\u00f3n Social de Tuxpan y dos m\u00e1s en hospitales de la localidad por la gravedad de las lesiones.&nbsp;<\/p>\n\n\n\n<figure class=\"wp-block-pullquote\"><blockquote><p>\u201cEn caso de que las investigaciones que lleve a cabo la Fiscal\u00eda General del Estado advierta que la l\u00ednea de investigaci\u00f3n o la causa de estos eventos, de los cuales nosotros somos competentes para conocer, se tuviera ligada a un conflicto entre grupos de la delincuencia organizada, se har\u00e1 el desglose correspondiente a la Fiscal\u00eda General de la Rep\u00fablica\u201d, <strong>a\u00f1adi\u00f3<\/strong>.<\/p><\/blockquote><\/figure>\n","protected":false},"excerpt":{"rendered":"<p>La docente jubilada y taxista, Irma Hern\u00e1ndez, muri\u00f3 debido a que sufri\u00f3 tortura, asegur\u00f3 la titular de la Fiscal\u00eda General del Estado, Ver\u00f3nica Hern\u00e1ndez, en una conferencia de prensa realizada en las oficinas centrales de la dependencia estatal, en la ciudad de Xalapa.&nbsp; Este lunes, la fiscal general dio detalles sobre el caso y proyect\u00f3 [&hellip;]<\/p>\n","protected":false},"author":2,"featured_media":64851,"comment_status":"closed","ping_status":"","sticky":false,"template":"","format":"standard","meta":{"footnotes":""},"categories":[2,19],"tags":[],"class_list":{"0":"post-64849","1":"post","2":"type-post","3":"status-publish","4":"format-standard","5":"has-post-thumbnail","7":"category-oaxaca","8":"category-nacional"},"yoast_head":"<!-- This site is optimized with the Yoast SEO plugin v27.4 - https:\/\/yoast.com\/product\/yoast-seo-wordpress\/ -->\n<title>Maestra Irma muri\u00f3 por tortura: Fiscal\u00eda de Veracruz - LA BRAVA RADIO<\/title>\n<meta name=\"robots\" content=\"index, follow, max-snippet:-1, max-image-preview:large, max-video-preview:-1\" \/>\n<link rel=\"canonical\" href=\"https:\/\/www.bbmnoticias.com\/blog\/2025\/08\/11\/maestra-irma-murio-por-tortura-fiscalia-de-veracruz\/\" \/>\n<meta property=\"og:locale\" content=\"es_MX\" \/>\n<meta property=\"og:type\" content=\"article\" \/>\n<meta property=\"og:title\" content=\"Maestra Irma muri\u00f3 por tortura: Fiscal\u00eda de Veracruz - LA BRAVA RADIO\" \/>\n<meta property=\"og:description\" content=\"La docente jubilada y taxista, Irma Hern\u00e1ndez, muri\u00f3 debido a que sufri\u00f3 tortura, asegur\u00f3 la titular de la Fiscal\u00eda General del Estado, Ver\u00f3nica Hern\u00e1ndez, en una conferencia de prensa realizada en las oficinas centrales de la dependencia estatal, en la ciudad de Xalapa.&nbsp; Este lunes, la fiscal general dio detalles sobre el caso y proyect\u00f3 [&hellip;]\" \/>\n<meta property=\"og:url\" content=\"https:\/\/www.bbmnoticias.com\/blog\/2025\/08\/11\/maestra-irma-murio-por-tortura-fiscalia-de-veracruz\/\" \/>\n<meta property=\"og:site_name\" content=\"LA BRAVA RADIO\" \/>\n<meta property=\"article:published_time\" content=\"2025-08-12T01:40:37+00:00\" \/>\n<meta property=\"article:modified_time\" content=\"2025-08-12T01:40:47+00:00\" \/>\n<meta property=\"og:image\" content=\"https:\/\/www.bbmnoticias.com\/labravaradiofm\/wp-content\/uploads\/sites\/5\/2025\/08\/fiscalia_veracruz.jpeg\" \/>\n\t<meta property=\"og:image:width\" content=\"848\" \/>\n\t<meta property=\"og:image:height\" content=\"477\" \/>\n\t<meta property=\"og:image:type\" content=\"image\/jpeg\" \/>\n<meta name=\"author\" content=\"Staff\" \/>\n<meta name=\"twitter:card\" content=\"summary_large_image\" \/>\n<meta name=\"twitter:label1\" content=\"Escrito por\" \/>\n\t<meta name=\"twitter:data1\" content=\"Staff\" \/>\n\t<meta name=\"twitter:label2\" content=\"Tiempo de lectura\" \/>\n\t<meta name=\"twitter:data2\" content=\"3 minutos\" \/>\n<script type=\"application\/ld+json\" class=\"yoast-schema-graph\">{\"@context\":\"https:\\\/\\\/schema.org\",\"@graph\":[{\"@type\":\"Article\",\"@id\":\"https:\\\/\\\/www.bbmnoticias.com\\\/blog\\\/2025\\\/08\\\/11\\\/maestra-irma-murio-por-tortura-fiscalia-de-veracruz\\\/#article\",\"isPartOf\":{\"@id\":\"https:\\\/\\\/www.bbmnoticias.com\\\/labravaradiofm\\\/2025\\\/08\\\/11\\\/maestra-irma-murio-por-tortura-fiscalia-de-veracruz\\\/\"},\"author\":{\"name\":\"Staff\",\"@id\":\"https:\\\/\\\/www.bbmnoticias.com\\\/labravaradiofm\\\/#\\\/schema\\\/person\\\/68a9e9036ef3c5b55aeb2b71dc8bab45\"},\"headline\":\"Maestra Irma muri\u00f3 por tortura: Fiscal\u00eda de Veracruz\",\"datePublished\":\"2025-08-12T01:40:37+00:00\",\"dateModified\":\"2025-08-12T01:40:47+00:00\",\"mainEntityOfPage\":{\"@id\":\"https:\\\/\\\/www.bbmnoticias.com\\\/labravaradiofm\\\/2025\\\/08\\\/11\\\/maestra-irma-murio-por-tortura-fiscalia-de-veracruz\\\/\"},\"wordCount\":666,\"image\":{\"@id\":\"https:\\\/\\\/www.bbmnoticias.com\\\/blog\\\/2025\\\/08\\\/11\\\/maestra-irma-murio-por-tortura-fiscalia-de-veracruz\\\/#primaryimage\"},\"thumbnailUrl\":\"https:\\\/\\\/www.bbmnoticias.com\\\/labravaradiofm\\\/wp-content\\\/uploads\\\/sites\\\/5\\\/2025\\\/08\\\/fiscalia_veracruz.jpeg\",\"articleSection\":[\"LOCAL\",\"NACIONAL\"],\"inLanguage\":\"es\"},{\"@type\":\"WebPage\",\"@id\":\"https:\\\/\\\/www.bbmnoticias.com\\\/labravaradiofm\\\/2025\\\/08\\\/11\\\/maestra-irma-murio-por-tortura-fiscalia-de-veracruz\\\/\",\"url\":\"https:\\\/\\\/www.bbmnoticias.com\\\/blog\\\/2025\\\/08\\\/11\\\/maestra-irma-murio-por-tortura-fiscalia-de-veracruz\\\/\",\"name\":\"Maestra Irma muri\u00f3 por tortura: Fiscal\u00eda de Veracruz - LA BRAVA RADIO\",\"isPartOf\":{\"@id\":\"https:\\\/\\\/www.bbmnoticias.com\\\/labravaradiofm\\\/#website\"},\"primaryImageOfPage\":{\"@id\":\"https:\\\/\\\/www.bbmnoticias.com\\\/blog\\\/2025\\\/08\\\/11\\\/maestra-irma-murio-por-tortura-fiscalia-de-veracruz\\\/#primaryimage\"},\"image\":{\"@id\":\"https:\\\/\\\/www.bbmnoticias.com\\\/blog\\\/2025\\\/08\\\/11\\\/maestra-irma-murio-por-tortura-fiscalia-de-veracruz\\\/#primaryimage\"},\"thumbnailUrl\":\"https:\\\/\\\/www.bbmnoticias.com\\\/labravaradiofm\\\/wp-content\\\/uploads\\\/sites\\\/5\\\/2025\\\/08\\\/fiscalia_veracruz.jpeg\",\"datePublished\":\"2025-08-12T01:40:37+00:00\",\"dateModified\":\"2025-08-12T01:40:47+00:00\",\"author\":{\"@id\":\"https:\\\/\\\/www.bbmnoticias.com\\\/labravaradiofm\\\/#\\\/schema\\\/person\\\/68a9e9036ef3c5b55aeb2b71dc8bab45\"},\"breadcrumb\":{\"@id\":\"https:\\\/\\\/www.bbmnoticias.com\\\/blog\\\/2025\\\/08\\\/11\\\/maestra-irma-murio-por-tortura-fiscalia-de-veracruz\\\/#breadcrumb\"},\"inLanguage\":\"es\",\"potentialAction\":[{\"@type\":\"ReadAction\",\"target\":[\"https:\\\/\\\/www.bbmnoticias.com\\\/blog\\\/2025\\\/08\\\/11\\\/maestra-irma-murio-por-tortura-fiscalia-de-veracruz\\\/\"]}]},{\"@type\":\"ImageObject\",\"inLanguage\":\"es\",\"@id\":\"https:\\\/\\\/www.bbmnoticias.com\\\/blog\\\/2025\\\/08\\\/11\\\/maestra-irma-murio-por-tortura-fiscalia-de-veracruz\\\/#primaryimage\",\"url\":\"https:\\\/\\\/www.bbmnoticias.com\\\/labravaradiofm\\\/wp-content\\\/uploads\\\/sites\\\/5\\\/2025\\\/08\\\/fiscalia_veracruz.jpeg\",\"contentUrl\":\"https:\\\/\\\/www.bbmnoticias.com\\\/labravaradiofm\\\/wp-content\\\/uploads\\\/sites\\\/5\\\/2025\\\/08\\\/fiscalia_veracruz.jpeg\",\"width\":848,\"height\":477},{\"@type\":\"BreadcrumbList\",\"@id\":\"https:\\\/\\\/www.bbmnoticias.com\\\/blog\\\/2025\\\/08\\\/11\\\/maestra-irma-murio-por-tortura-fiscalia-de-veracruz\\\/#breadcrumb\",\"itemListElement\":[{\"@type\":\"ListItem\",\"position\":1,\"name\":\"Inicio\",\"item\":\"https:\\\/\\\/www.bbmnoticias.com\\\/labravaradiofm\\\/\"},{\"@type\":\"ListItem\",\"position\":2,\"name\":\"Maestra Irma muri\u00f3 por tortura: Fiscal\u00eda de Veracruz\"}]},{\"@type\":\"WebSite\",\"@id\":\"https:\\\/\\\/www.bbmnoticias.com\\\/labravaradiofm\\\/#website\",\"url\":\"https:\\\/\\\/www.bbmnoticias.com\\\/labravaradiofm\\\/\",\"name\":\"LA BRAVA RADIO\",\"description\":\"Empresa productora de medios, Radiodifusi\u00f3n, Noticias, tendencias y todo lo que necesitas saber de la pol\u00edtica mexicana e internacional; entretenimiento, espect\u00e1culos, salud y mucho m\u00e1s.\",\"potentialAction\":[{\"@type\":\"SearchAction\",\"target\":{\"@type\":\"EntryPoint\",\"urlTemplate\":\"https:\\\/\\\/www.bbmnoticias.com\\\/labravaradiofm\\\/?s={search_term_string}\"},\"query-input\":{\"@type\":\"PropertyValueSpecification\",\"valueRequired\":true,\"valueName\":\"search_term_string\"}}],\"inLanguage\":\"es\"},{\"@type\":\"Person\",\"@id\":\"https:\\\/\\\/www.bbmnoticias.com\\\/labravaradiofm\\\/#\\\/schema\\\/person\\\/68a9e9036ef3c5b55aeb2b71dc8bab45\",\"name\":\"Staff\",\"image\":{\"@type\":\"ImageObject\",\"inLanguage\":\"es\",\"@id\":\"https:\\\/\\\/secure.gravatar.com\\\/avatar\\\/fdd21ad66fd8b98c407f9dee5b5e588cfe7f0d8579ec20fa6527cd59bab7f0f0?s=96&d=mm&r=g\",\"url\":\"https:\\\/\\\/secure.gravatar.com\\\/avatar\\\/fdd21ad66fd8b98c407f9dee5b5e588cfe7f0d8579ec20fa6527cd59bab7f0f0?s=96&d=mm&r=g\",\"contentUrl\":\"https:\\\/\\\/secure.gravatar.com\\\/avatar\\\/fdd21ad66fd8b98c407f9dee5b5e588cfe7f0d8579ec20fa6527cd59bab7f0f0?s=96&d=mm&r=g\",\"caption\":\"Staff\"},\"url\":\"https:\\\/\\\/www.bbmnoticias.com\\\/labravaradiofm\\\/author\\\/redaccion\\\/\"}]}<\/script>\n<!-- \/ Yoast SEO plugin. -->","yoast_head_json":{"title":"Maestra Irma muri\u00f3 por tortura: Fiscal\u00eda de Veracruz - LA BRAVA RADIO","robots":{"index":"index","follow":"follow","max-snippet":"max-snippet:-1","max-image-preview":"max-image-preview:large","max-video-preview":"max-video-preview:-1"},"canonical":"https:\/\/www.bbmnoticias.com\/blog\/2025\/08\/11\/maestra-irma-murio-por-tortura-fiscalia-de-veracruz\/","og_locale":"es_MX","og_type":"article","og_title":"Maestra Irma muri\u00f3 por tortura: Fiscal\u00eda de Veracruz - LA BRAVA RADIO","og_description":"La docente jubilada y taxista, Irma Hern\u00e1ndez, muri\u00f3 debido a que sufri\u00f3 tortura, asegur\u00f3 la titular de la Fiscal\u00eda General del Estado, Ver\u00f3nica Hern\u00e1ndez, en una conferencia de prensa realizada en las oficinas centrales de la dependencia estatal, en la ciudad de Xalapa.&nbsp; Este lunes, la fiscal general dio detalles sobre el caso y proyect\u00f3 [&hellip;]","og_url":"https:\/\/www.bbmnoticias.com\/blog\/2025\/08\/11\/maestra-irma-murio-por-tortura-fiscalia-de-veracruz\/","og_site_name":"LA BRAVA RADIO","article_published_time":"2025-08-12T01:40:37+00:00","article_modified_time":"2025-08-12T01:40:47+00:00","og_image":[{"width":848,"height":477,"url":"https:\/\/www.bbmnoticias.com\/labravaradiofm\/wp-content\/uploads\/sites\/5\/2025\/08\/fiscalia_veracruz.jpeg","type":"image\/jpeg"}],"author":"Staff","twitter_card":"summary_large_image","twitter_misc":{"Escrito por":"Staff","Tiempo de lectura":"3 minutos"},"schema":{"@context":"https:\/\/schema.org","@graph":[{"@type":"Article","@id":"https:\/\/www.bbmnoticias.com\/blog\/2025\/08\/11\/maestra-irma-murio-por-tortura-fiscalia-de-veracruz\/#article","isPartOf":{"@id":"https:\/\/www.bbmnoticias.com\/labravaradiofm\/2025\/08\/11\/maestra-irma-murio-por-tortura-fiscalia-de-veracruz\/"},"author":{"name":"Staff","@id":"https:\/\/www.bbmnoticias.com\/labravaradiofm\/#\/schema\/person\/68a9e9036ef3c5b55aeb2b71dc8bab45"},"headline":"Maestra Irma muri\u00f3 por tortura: Fiscal\u00eda de Veracruz","datePublished":"2025-08-12T01:40:37+00:00","dateModified":"2025-08-12T01:40:47+00:00","mainEntityOfPage":{"@id":"https:\/\/www.bbmnoticias.com\/labravaradiofm\/2025\/08\/11\/maestra-irma-murio-por-tortura-fiscalia-de-veracruz\/"},"wordCount":666,"image":{"@id":"https:\/\/www.bbmnoticias.com\/blog\/2025\/08\/11\/maestra-irma-murio-por-tortura-fiscalia-de-veracruz\/#primaryimage"},"thumbnailUrl":"https:\/\/www.bbmnoticias.com\/labravaradiofm\/wp-content\/uploads\/sites\/5\/2025\/08\/fiscalia_veracruz.jpeg","articleSection":["LOCAL","NACIONAL"],"inLanguage":"es"},{"@type":"WebPage","@id":"https:\/\/www.bbmnoticias.com\/labravaradiofm\/2025\/08\/11\/maestra-irma-murio-por-tortura-fiscalia-de-veracruz\/","url":"https:\/\/www.bbmnoticias.com\/blog\/2025\/08\/11\/maestra-irma-murio-por-tortura-fiscalia-de-veracruz\/","name":"Maestra Irma muri\u00f3 por tortura: Fiscal\u00eda de Veracruz - LA BRAVA RADIO","isPartOf":{"@id":"https:\/\/www.bbmnoticias.com\/labravaradiofm\/#website"},"primaryImageOfPage":{"@id":"https:\/\/www.bbmnoticias.com\/blog\/2025\/08\/11\/maestra-irma-murio-por-tortura-fiscalia-de-veracruz\/#primaryimage"},"image":{"@id":"https:\/\/www.bbmnoticias.com\/blog\/2025\/08\/11\/maestra-irma-murio-por-tortura-fiscalia-de-veracruz\/#primaryimage"},"thumbnailUrl":"https:\/\/www.bbmnoticias.com\/labravaradiofm\/wp-content\/uploads\/sites\/5\/2025\/08\/fiscalia_veracruz.jpeg","datePublished":"2025-08-12T01:40:37+00:00","dateModified":"2025-08-12T01:40:47+00:00","author":{"@id":"https:\/\/www.bbmnoticias.com\/labravaradiofm\/#\/schema\/person\/68a9e9036ef3c5b55aeb2b71dc8bab45"},"breadcrumb":{"@id":"https:\/\/www.bbmnoticias.com\/blog\/2025\/08\/11\/maestra-irma-murio-por-tortura-fiscalia-de-veracruz\/#breadcrumb"},"inLanguage":"es","potentialAction":[{"@type":"ReadAction","target":["https:\/\/www.bbmnoticias.com\/blog\/2025\/08\/11\/maestra-irma-murio-por-tortura-fiscalia-de-veracruz\/"]}]},{"@type":"ImageObject","inLanguage":"es","@id":"https:\/\/www.bbmnoticias.com\/blog\/2025\/08\/11\/maestra-irma-murio-por-tortura-fiscalia-de-veracruz\/#primaryimage","url":"https:\/\/www.bbmnoticias.com\/labravaradiofm\/wp-content\/uploads\/sites\/5\/2025\/08\/fiscalia_veracruz.jpeg","contentUrl":"https:\/\/www.bbmnoticias.com\/labravaradiofm\/wp-content\/uploads\/sites\/5\/2025\/08\/fiscalia_veracruz.jpeg","width":848,"height":477},{"@type":"BreadcrumbList","@id":"https:\/\/www.bbmnoticias.com\/blog\/2025\/08\/11\/maestra-irma-murio-por-tortura-fiscalia-de-veracruz\/#breadcrumb","itemListElement":[{"@type":"ListItem","position":1,"name":"Inicio","item":"https:\/\/www.bbmnoticias.com\/labravaradiofm\/"},{"@type":"ListItem","position":2,"name":"Maestra Irma muri\u00f3 por tortura: Fiscal\u00eda de Veracruz"}]},{"@type":"WebSite","@id":"https:\/\/www.bbmnoticias.com\/labravaradiofm\/#website","url":"https:\/\/www.bbmnoticias.com\/labravaradiofm\/","name":"LA BRAVA RADIO","description":"Empresa productora de medios, Radiodifusi\u00f3n, Noticias, tendencias y todo lo que necesitas saber de la pol\u00edtica mexicana e internacional; entretenimiento, espect\u00e1culos, salud y mucho m\u00e1s.","potentialAction":[{"@type":"SearchAction","target":{"@type":"EntryPoint","urlTemplate":"https:\/\/www.bbmnoticias.com\/labravaradiofm\/?s={search_term_string}"},"query-input":{"@type":"PropertyValueSpecification","valueRequired":true,"valueName":"search_term_string"}}],"inLanguage":"es"},{"@type":"Person","@id":"https:\/\/www.bbmnoticias.com\/labravaradiofm\/#\/schema\/person\/68a9e9036ef3c5b55aeb2b71dc8bab45","name":"Staff","image":{"@type":"ImageObject","inLanguage":"es","@id":"https:\/\/secure.gravatar.com\/avatar\/fdd21ad66fd8b98c407f9dee5b5e588cfe7f0d8579ec20fa6527cd59bab7f0f0?s=96&d=mm&r=g","url":"https:\/\/secure.gravatar.com\/avatar\/fdd21ad66fd8b98c407f9dee5b5e588cfe7f0d8579ec20fa6527cd59bab7f0f0?s=96&d=mm&r=g","contentUrl":"https:\/\/secure.gravatar.com\/avatar\/fdd21ad66fd8b98c407f9dee5b5e588cfe7f0d8579ec20fa6527cd59bab7f0f0?s=96&d=mm&r=g","caption":"Staff"},"url":"https:\/\/www.bbmnoticias.com\/labravaradiofm\/author\/redaccion\/"}]}},"_links":{"self":[{"href":"https:\/\/www.bbmnoticias.com\/labravaradiofm\/wp-json\/wp\/v2\/posts\/64849","targetHints":{"allow":["GET"]}}],"collection":[{"href":"https:\/\/www.bbmnoticias.com\/labravaradiofm\/wp-json\/wp\/v2\/posts"}],"about":[{"href":"https:\/\/www.bbmnoticias.com\/labravaradiofm\/wp-json\/wp\/v2\/types\/post"}],"author":[{"embeddable":true,"href":"https:\/\/www.bbmnoticias.com\/labravaradiofm\/wp-json\/wp\/v2\/users\/2"}],"replies":[{"embeddable":true,"href":"https:\/\/www.bbmnoticias.com\/labravaradiofm\/wp-json\/wp\/v2\/comments?post=64849"}],"version-history":[{"count":0,"href":"https:\/\/www.bbmnoticias.com\/labravaradiofm\/wp-json\/wp\/v2\/posts\/64849\/revisions"}],"wp:featuredmedia":[{"embeddable":true,"href":"https:\/\/www.bbmnoticias.com\/labravaradiofm\/wp-json\/wp\/v2\/media\/64851"}],"wp:attachment":[{"href":"https:\/\/www.bbmnoticias.com\/labravaradiofm\/wp-json\/wp\/v2\/media?parent=64849"}],"wp:term":[{"taxonomy":"category","embeddable":true,"href":"https:\/\/www.bbmnoticias.com\/labravaradiofm\/wp-json\/wp\/v2\/categories?post=64849"},{"taxonomy":"post_tag","embeddable":true,"href":"https:\/\/www.bbmnoticias.com\/labravaradiofm\/wp-json\/wp\/v2\/tags?post=64849"}],"curies":[{"name":"wp","href":"https:\/\/api.w.org\/{rel}","templated":true}]}}