{"id":64846,"date":"2025-08-11T19:38:17","date_gmt":"2025-08-12T01:38:17","guid":{"rendered":"https:\/\/www.bbmnoticias.com\/labravaradiofm\/2025\/08\/11\/estados-unidos-autoriza-a-el-chapo-guzman-ver-a-su-abogado-dentro-del-penal-en-colorado\/"},"modified":"2025-08-11T19:38:25","modified_gmt":"2025-08-12T01:38:25","slug":"estados-unidos-autoriza-a-el-chapo-guzman-ver-a-su-abogado-dentro-del-penal-en-colorado","status":"publish","type":"post","link":"https:\/\/www.bbmnoticias.com\/labravaradiofm\/2025\/08\/11\/estados-unidos-autoriza-a-el-chapo-guzman-ver-a-su-abogado-dentro-del-penal-en-colorado\/","title":{"rendered":"Estados Unidos autoriza a &#8216;El Chapo&#8217; Guzm\u00e1n ver a su abogado dentro del penal en Colorado"},"content":{"rendered":"<div style=\"margin-top: 0px; margin-bottom: 0px;\" class=\"sharethis-inline-share-buttons\" ><\/div>\n<p>El gobierno de<strong> Estados Unidos<\/strong> autoriz\u00f3 que Joaqu\u00edn &#8220;El Chapo&#8221; Guzm\u00e1n pueda reunirse con su abogado Israel Jos\u00e9 Encinosa dentro del penal de m\u00e1xima seguridad de <strong>Colorado<\/strong> donde est\u00e1 recluido, esto tras una solicitud del exl\u00edder del Cartel de Sinaloa que emiti\u00f3 denunciando que le imped\u00edan el contacto por m\u00e1s de 10 meses.&nbsp;<\/p>\n\n\n\n<p>El capo mexicano cuenta con cadena perpetua y lleva las medidas m\u00e1s extremas por el tipo de caso relacionado al narcotr\u00e1fico tras ser extraditado desde M\u00e9xico por el<strong> tr\u00e1fico de drogas.<\/strong> Fue la defensa de Guzm\u00e1n quien solicit\u00f3 la posibilidad de mantener comunicaci\u00f3n con su cliente.&nbsp;<\/p>\n\n\n\n<p>El juez <strong>Brian Cogan <\/strong>a quien le hab\u00edan dirigido la primera carta a pu\u00f1o y letra pidi\u00f3 esta condici\u00f3n que el abogado deb\u00eda solicitarlo y que \u00e9l no estaba a cargo de revisar sus condiciones dentro de prisi\u00f3n.&nbsp;<\/p>\n\n\n\n<figure class=\"wp-block-image\"><img decoding=\"async\" src=\"https:\/\/heraldodemexico.com.mx\/u\/fotografias\/m\/2025\/8\/11\/f768x1-1167776_1167903_5050.jpg\" alt=\"\"\/><figcaption class=\"wp-element-caption\">Foto: Encinosa Law P.A.<\/figcaption><\/figure>\n","protected":false},"excerpt":{"rendered":"<p>El gobierno de Estados Unidos autoriz\u00f3 que Joaqu\u00edn &#8220;El Chapo&#8221; Guzm\u00e1n pueda reunirse con su abogado Israel Jos\u00e9 Encinosa dentro del penal de m\u00e1xima seguridad de Colorado donde est\u00e1 recluido, esto tras una solicitud del exl\u00edder del Cartel de Sinaloa que emiti\u00f3 denunciando que le imped\u00edan el contacto por m\u00e1s de 10 meses.&nbsp; El capo [&hellip;]<\/p>\n","protected":false},"author":2,"featured_media":64848,"comment_status":"closed","ping_status":"","sticky":false,"template":"","format":"standard","meta":{"footnotes":""},"categories":[2,19],"tags":[],"class_list":{"0":"post-64846","1":"post","2":"type-post","3":"status-publish","4":"format-standard","5":"has-post-thumbnail","7":"category-oaxaca","8":"category-nacional"},"yoast_head":"<!-- This site is optimized with the Yoast SEO plugin v27.4 - https:\/\/yoast.com\/product\/yoast-seo-wordpress\/ -->\n<title>Estados Unidos autoriza a &#039;El Chapo&#039; Guzm\u00e1n ver a su abogado dentro del penal en Colorado - LA BRAVA RADIO<\/title>\n<meta name=\"robots\" content=\"index, follow, max-snippet:-1, max-image-preview:large, max-video-preview:-1\" \/>\n<link rel=\"canonical\" href=\"https:\/\/www.bbmnoticias.com\/blog\/2025\/08\/11\/estados-unidos-autoriza-a-el-chapo-guzman-ver-a-su-abogado-dentro-del-penal-en-colorado\/\" \/>\n<meta property=\"og:locale\" content=\"es_MX\" \/>\n<meta property=\"og:type\" content=\"article\" \/>\n<meta property=\"og:title\" content=\"Estados Unidos autoriza a &#039;El Chapo&#039; Guzm\u00e1n ver a su abogado dentro del penal en Colorado - LA BRAVA RADIO\" \/>\n<meta property=\"og:description\" content=\"El gobierno de Estados Unidos autoriz\u00f3 que Joaqu\u00edn &#8220;El Chapo&#8221; Guzm\u00e1n pueda reunirse con su abogado Israel Jos\u00e9 Encinosa dentro del penal de m\u00e1xima seguridad de Colorado donde est\u00e1 recluido, esto tras una solicitud del exl\u00edder del Cartel de Sinaloa que emiti\u00f3 denunciando que le imped\u00edan el contacto por m\u00e1s de 10 meses.&nbsp; El capo [&hellip;]\" \/>\n<meta property=\"og:url\" content=\"https:\/\/www.bbmnoticias.com\/blog\/2025\/08\/11\/estados-unidos-autoriza-a-el-chapo-guzman-ver-a-su-abogado-dentro-del-penal-en-colorado\/\" \/>\n<meta property=\"og:site_name\" content=\"LA BRAVA RADIO\" \/>\n<meta property=\"article:published_time\" content=\"2025-08-12T01:38:17+00:00\" \/>\n<meta property=\"article:modified_time\" content=\"2025-08-12T01:38:25+00:00\" \/>\n<meta property=\"og:image\" content=\"https:\/\/www.bbmnoticias.com\/labravaradiofm\/wp-content\/uploads\/sites\/5\/2025\/08\/chapo_detenido.jpg\" \/>\n\t<meta property=\"og:image:width\" content=\"848\" \/>\n\t<meta property=\"og:image:height\" content=\"477\" \/>\n\t<meta property=\"og:image:type\" content=\"image\/jpeg\" \/>\n<meta name=\"author\" content=\"Staff\" \/>\n<meta name=\"twitter:card\" content=\"summary_large_image\" \/>\n<meta name=\"twitter:label1\" content=\"Escrito por\" \/>\n\t<meta name=\"twitter:data1\" content=\"Staff\" \/>\n\t<meta name=\"twitter:label2\" content=\"Tiempo de lectura\" \/>\n\t<meta name=\"twitter:data2\" content=\"1 minuto\" \/>\n<script type=\"application\/ld+json\" class=\"yoast-schema-graph\">{\"@context\":\"https:\\\/\\\/schema.org\",\"@graph\":[{\"@type\":\"Article\",\"@id\":\"https:\\\/\\\/www.bbmnoticias.com\\\/blog\\\/2025\\\/08\\\/11\\\/estados-unidos-autoriza-a-el-chapo-guzman-ver-a-su-abogado-dentro-del-penal-en-colorado\\\/#article\",\"isPartOf\":{\"@id\":\"https:\\\/\\\/www.bbmnoticias.com\\\/labravaradiofm\\\/2025\\\/08\\\/11\\\/estados-unidos-autoriza-a-el-chapo-guzman-ver-a-su-abogado-dentro-del-penal-en-colorado\\\/\"},\"author\":{\"name\":\"Staff\",\"@id\":\"https:\\\/\\\/www.bbmnoticias.com\\\/labravaradiofm\\\/#\\\/schema\\\/person\\\/68a9e9036ef3c5b55aeb2b71dc8bab45\"},\"headline\":\"Estados Unidos autoriza a &#8216;El Chapo&#8217; Guzm\u00e1n ver a su abogado dentro del penal en Colorado\",\"datePublished\":\"2025-08-12T01:38:17+00:00\",\"dateModified\":\"2025-08-12T01:38:25+00:00\",\"mainEntityOfPage\":{\"@id\":\"https:\\\/\\\/www.bbmnoticias.com\\\/labravaradiofm\\\/2025\\\/08\\\/11\\\/estados-unidos-autoriza-a-el-chapo-guzman-ver-a-su-abogado-dentro-del-penal-en-colorado\\\/\"},\"wordCount\":178,\"image\":{\"@id\":\"https:\\\/\\\/www.bbmnoticias.com\\\/blog\\\/2025\\\/08\\\/11\\\/estados-unidos-autoriza-a-el-chapo-guzman-ver-a-su-abogado-dentro-del-penal-en-colorado\\\/#primaryimage\"},\"thumbnailUrl\":\"https:\\\/\\\/www.bbmnoticias.com\\\/labravaradiofm\\\/wp-content\\\/uploads\\\/sites\\\/5\\\/2025\\\/08\\\/chapo_detenido.jpg\",\"articleSection\":[\"LOCAL\",\"NACIONAL\"],\"inLanguage\":\"es\"},{\"@type\":\"WebPage\",\"@id\":\"https:\\\/\\\/www.bbmnoticias.com\\\/labravaradiofm\\\/2025\\\/08\\\/11\\\/estados-unidos-autoriza-a-el-chapo-guzman-ver-a-su-abogado-dentro-del-penal-en-colorado\\\/\",\"url\":\"https:\\\/\\\/www.bbmnoticias.com\\\/blog\\\/2025\\\/08\\\/11\\\/estados-unidos-autoriza-a-el-chapo-guzman-ver-a-su-abogado-dentro-del-penal-en-colorado\\\/\",\"name\":\"Estados Unidos autoriza a 'El Chapo' Guzm\u00e1n ver a su abogado dentro del penal en Colorado - LA BRAVA RADIO\",\"isPartOf\":{\"@id\":\"https:\\\/\\\/www.bbmnoticias.com\\\/labravaradiofm\\\/#website\"},\"primaryImageOfPage\":{\"@id\":\"https:\\\/\\\/www.bbmnoticias.com\\\/blog\\\/2025\\\/08\\\/11\\\/estados-unidos-autoriza-a-el-chapo-guzman-ver-a-su-abogado-dentro-del-penal-en-colorado\\\/#primaryimage\"},\"image\":{\"@id\":\"https:\\\/\\\/www.bbmnoticias.com\\\/blog\\\/2025\\\/08\\\/11\\\/estados-unidos-autoriza-a-el-chapo-guzman-ver-a-su-abogado-dentro-del-penal-en-colorado\\\/#primaryimage\"},\"thumbnailUrl\":\"https:\\\/\\\/www.bbmnoticias.com\\\/labravaradiofm\\\/wp-content\\\/uploads\\\/sites\\\/5\\\/2025\\\/08\\\/chapo_detenido.jpg\",\"datePublished\":\"2025-08-12T01:38:17+00:00\",\"dateModified\":\"2025-08-12T01:38:25+00:00\",\"author\":{\"@id\":\"https:\\\/\\\/www.bbmnoticias.com\\\/labravaradiofm\\\/#\\\/schema\\\/person\\\/68a9e9036ef3c5b55aeb2b71dc8bab45\"},\"breadcrumb\":{\"@id\":\"https:\\\/\\\/www.bbmnoticias.com\\\/blog\\\/2025\\\/08\\\/11\\\/estados-unidos-autoriza-a-el-chapo-guzman-ver-a-su-abogado-dentro-del-penal-en-colorado\\\/#breadcrumb\"},\"inLanguage\":\"es\",\"potentialAction\":[{\"@type\":\"ReadAction\",\"target\":[\"https:\\\/\\\/www.bbmnoticias.com\\\/blog\\\/2025\\\/08\\\/11\\\/estados-unidos-autoriza-a-el-chapo-guzman-ver-a-su-abogado-dentro-del-penal-en-colorado\\\/\"]}]},{\"@type\":\"ImageObject\",\"inLanguage\":\"es\",\"@id\":\"https:\\\/\\\/www.bbmnoticias.com\\\/blog\\\/2025\\\/08\\\/11\\\/estados-unidos-autoriza-a-el-chapo-guzman-ver-a-su-abogado-dentro-del-penal-en-colorado\\\/#primaryimage\",\"url\":\"https:\\\/\\\/www.bbmnoticias.com\\\/labravaradiofm\\\/wp-content\\\/uploads\\\/sites\\\/5\\\/2025\\\/08\\\/chapo_detenido.jpg\",\"contentUrl\":\"https:\\\/\\\/www.bbmnoticias.com\\\/labravaradiofm\\\/wp-content\\\/uploads\\\/sites\\\/5\\\/2025\\\/08\\\/chapo_detenido.jpg\",\"width\":848,\"height\":477},{\"@type\":\"BreadcrumbList\",\"@id\":\"https:\\\/\\\/www.bbmnoticias.com\\\/blog\\\/2025\\\/08\\\/11\\\/estados-unidos-autoriza-a-el-chapo-guzman-ver-a-su-abogado-dentro-del-penal-en-colorado\\\/#breadcrumb\",\"itemListElement\":[{\"@type\":\"ListItem\",\"position\":1,\"name\":\"Inicio\",\"item\":\"https:\\\/\\\/www.bbmnoticias.com\\\/labravaradiofm\\\/\"},{\"@type\":\"ListItem\",\"position\":2,\"name\":\"Estados Unidos autoriza a &#8216;El Chapo&#8217; Guzm\u00e1n ver a su abogado dentro del penal en Colorado\"}]},{\"@type\":\"WebSite\",\"@id\":\"https:\\\/\\\/www.bbmnoticias.com\\\/labravaradiofm\\\/#website\",\"url\":\"https:\\\/\\\/www.bbmnoticias.com\\\/labravaradiofm\\\/\",\"name\":\"LA BRAVA RADIO\",\"description\":\"Empresa productora de medios, Radiodifusi\u00f3n, Noticias, tendencias y todo lo que necesitas saber de la pol\u00edtica mexicana e internacional; entretenimiento, espect\u00e1culos, salud y mucho m\u00e1s.\",\"potentialAction\":[{\"@type\":\"SearchAction\",\"target\":{\"@type\":\"EntryPoint\",\"urlTemplate\":\"https:\\\/\\\/www.bbmnoticias.com\\\/labravaradiofm\\\/?s={search_term_string}\"},\"query-input\":{\"@type\":\"PropertyValueSpecification\",\"valueRequired\":true,\"valueName\":\"search_term_string\"}}],\"inLanguage\":\"es\"},{\"@type\":\"Person\",\"@id\":\"https:\\\/\\\/www.bbmnoticias.com\\\/labravaradiofm\\\/#\\\/schema\\\/person\\\/68a9e9036ef3c5b55aeb2b71dc8bab45\",\"name\":\"Staff\",\"image\":{\"@type\":\"ImageObject\",\"inLanguage\":\"es\",\"@id\":\"https:\\\/\\\/secure.gravatar.com\\\/avatar\\\/fdd21ad66fd8b98c407f9dee5b5e588cfe7f0d8579ec20fa6527cd59bab7f0f0?s=96&d=mm&r=g\",\"url\":\"https:\\\/\\\/secure.gravatar.com\\\/avatar\\\/fdd21ad66fd8b98c407f9dee5b5e588cfe7f0d8579ec20fa6527cd59bab7f0f0?s=96&d=mm&r=g\",\"contentUrl\":\"https:\\\/\\\/secure.gravatar.com\\\/avatar\\\/fdd21ad66fd8b98c407f9dee5b5e588cfe7f0d8579ec20fa6527cd59bab7f0f0?s=96&d=mm&r=g\",\"caption\":\"Staff\"},\"url\":\"https:\\\/\\\/www.bbmnoticias.com\\\/labravaradiofm\\\/author\\\/redaccion\\\/\"}]}<\/script>\n<!-- \/ Yoast SEO plugin. -->","yoast_head_json":{"title":"Estados Unidos autoriza a 'El Chapo' Guzm\u00e1n ver a su abogado dentro del penal en Colorado - LA BRAVA RADIO","robots":{"index":"index","follow":"follow","max-snippet":"max-snippet:-1","max-image-preview":"max-image-preview:large","max-video-preview":"max-video-preview:-1"},"canonical":"https:\/\/www.bbmnoticias.com\/blog\/2025\/08\/11\/estados-unidos-autoriza-a-el-chapo-guzman-ver-a-su-abogado-dentro-del-penal-en-colorado\/","og_locale":"es_MX","og_type":"article","og_title":"Estados Unidos autoriza a 'El Chapo' Guzm\u00e1n ver a su abogado dentro del penal en Colorado - LA BRAVA RADIO","og_description":"El gobierno de Estados Unidos autoriz\u00f3 que Joaqu\u00edn &#8220;El Chapo&#8221; Guzm\u00e1n pueda reunirse con su abogado Israel Jos\u00e9 Encinosa dentro del penal de m\u00e1xima seguridad de Colorado donde est\u00e1 recluido, esto tras una solicitud del exl\u00edder del Cartel de Sinaloa que emiti\u00f3 denunciando que le imped\u00edan el contacto por m\u00e1s de 10 meses.&nbsp; El capo [&hellip;]","og_url":"https:\/\/www.bbmnoticias.com\/blog\/2025\/08\/11\/estados-unidos-autoriza-a-el-chapo-guzman-ver-a-su-abogado-dentro-del-penal-en-colorado\/","og_site_name":"LA BRAVA RADIO","article_published_time":"2025-08-12T01:38:17+00:00","article_modified_time":"2025-08-12T01:38:25+00:00","og_image":[{"width":848,"height":477,"url":"https:\/\/www.bbmnoticias.com\/labravaradiofm\/wp-content\/uploads\/sites\/5\/2025\/08\/chapo_detenido.jpg","type":"image\/jpeg"}],"author":"Staff","twitter_card":"summary_large_image","twitter_misc":{"Escrito por":"Staff","Tiempo de lectura":"1 minuto"},"schema":{"@context":"https:\/\/schema.org","@graph":[{"@type":"Article","@id":"https:\/\/www.bbmnoticias.com\/blog\/2025\/08\/11\/estados-unidos-autoriza-a-el-chapo-guzman-ver-a-su-abogado-dentro-del-penal-en-colorado\/#article","isPartOf":{"@id":"https:\/\/www.bbmnoticias.com\/labravaradiofm\/2025\/08\/11\/estados-unidos-autoriza-a-el-chapo-guzman-ver-a-su-abogado-dentro-del-penal-en-colorado\/"},"author":{"name":"Staff","@id":"https:\/\/www.bbmnoticias.com\/labravaradiofm\/#\/schema\/person\/68a9e9036ef3c5b55aeb2b71dc8bab45"},"headline":"Estados Unidos autoriza a &#8216;El Chapo&#8217; Guzm\u00e1n ver a su abogado dentro del penal en Colorado","datePublished":"2025-08-12T01:38:17+00:00","dateModified":"2025-08-12T01:38:25+00:00","mainEntityOfPage":{"@id":"https:\/\/www.bbmnoticias.com\/labravaradiofm\/2025\/08\/11\/estados-unidos-autoriza-a-el-chapo-guzman-ver-a-su-abogado-dentro-del-penal-en-colorado\/"},"wordCount":178,"image":{"@id":"https:\/\/www.bbmnoticias.com\/blog\/2025\/08\/11\/estados-unidos-autoriza-a-el-chapo-guzman-ver-a-su-abogado-dentro-del-penal-en-colorado\/#primaryimage"},"thumbnailUrl":"https:\/\/www.bbmnoticias.com\/labravaradiofm\/wp-content\/uploads\/sites\/5\/2025\/08\/chapo_detenido.jpg","articleSection":["LOCAL","NACIONAL"],"inLanguage":"es"},{"@type":"WebPage","@id":"https:\/\/www.bbmnoticias.com\/labravaradiofm\/2025\/08\/11\/estados-unidos-autoriza-a-el-chapo-guzman-ver-a-su-abogado-dentro-del-penal-en-colorado\/","url":"https:\/\/www.bbmnoticias.com\/blog\/2025\/08\/11\/estados-unidos-autoriza-a-el-chapo-guzman-ver-a-su-abogado-dentro-del-penal-en-colorado\/","name":"Estados Unidos autoriza a 'El Chapo' Guzm\u00e1n ver a su abogado dentro del penal en Colorado - LA BRAVA RADIO","isPartOf":{"@id":"https:\/\/www.bbmnoticias.com\/labravaradiofm\/#website"},"primaryImageOfPage":{"@id":"https:\/\/www.bbmnoticias.com\/blog\/2025\/08\/11\/estados-unidos-autoriza-a-el-chapo-guzman-ver-a-su-abogado-dentro-del-penal-en-colorado\/#primaryimage"},"image":{"@id":"https:\/\/www.bbmnoticias.com\/blog\/2025\/08\/11\/estados-unidos-autoriza-a-el-chapo-guzman-ver-a-su-abogado-dentro-del-penal-en-colorado\/#primaryimage"},"thumbnailUrl":"https:\/\/www.bbmnoticias.com\/labravaradiofm\/wp-content\/uploads\/sites\/5\/2025\/08\/chapo_detenido.jpg","datePublished":"2025-08-12T01:38:17+00:00","dateModified":"2025-08-12T01:38:25+00:00","author":{"@id":"https:\/\/www.bbmnoticias.com\/labravaradiofm\/#\/schema\/person\/68a9e9036ef3c5b55aeb2b71dc8bab45"},"breadcrumb":{"@id":"https:\/\/www.bbmnoticias.com\/blog\/2025\/08\/11\/estados-unidos-autoriza-a-el-chapo-guzman-ver-a-su-abogado-dentro-del-penal-en-colorado\/#breadcrumb"},"inLanguage":"es","potentialAction":[{"@type":"ReadAction","target":["https:\/\/www.bbmnoticias.com\/blog\/2025\/08\/11\/estados-unidos-autoriza-a-el-chapo-guzman-ver-a-su-abogado-dentro-del-penal-en-colorado\/"]}]},{"@type":"ImageObject","inLanguage":"es","@id":"https:\/\/www.bbmnoticias.com\/blog\/2025\/08\/11\/estados-unidos-autoriza-a-el-chapo-guzman-ver-a-su-abogado-dentro-del-penal-en-colorado\/#primaryimage","url":"https:\/\/www.bbmnoticias.com\/labravaradiofm\/wp-content\/uploads\/sites\/5\/2025\/08\/chapo_detenido.jpg","contentUrl":"https:\/\/www.bbmnoticias.com\/labravaradiofm\/wp-content\/uploads\/sites\/5\/2025\/08\/chapo_detenido.jpg","width":848,"height":477},{"@type":"BreadcrumbList","@id":"https:\/\/www.bbmnoticias.com\/blog\/2025\/08\/11\/estados-unidos-autoriza-a-el-chapo-guzman-ver-a-su-abogado-dentro-del-penal-en-colorado\/#breadcrumb","itemListElement":[{"@type":"ListItem","position":1,"name":"Inicio","item":"https:\/\/www.bbmnoticias.com\/labravaradiofm\/"},{"@type":"ListItem","position":2,"name":"Estados Unidos autoriza a &#8216;El Chapo&#8217; Guzm\u00e1n ver a su abogado dentro del penal en Colorado"}]},{"@type":"WebSite","@id":"https:\/\/www.bbmnoticias.com\/labravaradiofm\/#website","url":"https:\/\/www.bbmnoticias.com\/labravaradiofm\/","name":"LA BRAVA RADIO","description":"Empresa productora de medios, Radiodifusi\u00f3n, Noticias, tendencias y todo lo que necesitas saber de la pol\u00edtica mexicana e internacional; entretenimiento, espect\u00e1culos, salud y mucho m\u00e1s.","potentialAction":[{"@type":"SearchAction","target":{"@type":"EntryPoint","urlTemplate":"https:\/\/www.bbmnoticias.com\/labravaradiofm\/?s={search_term_string}"},"query-input":{"@type":"PropertyValueSpecification","valueRequired":true,"valueName":"search_term_string"}}],"inLanguage":"es"},{"@type":"Person","@id":"https:\/\/www.bbmnoticias.com\/labravaradiofm\/#\/schema\/person\/68a9e9036ef3c5b55aeb2b71dc8bab45","name":"Staff","image":{"@type":"ImageObject","inLanguage":"es","@id":"https:\/\/secure.gravatar.com\/avatar\/fdd21ad66fd8b98c407f9dee5b5e588cfe7f0d8579ec20fa6527cd59bab7f0f0?s=96&d=mm&r=g","url":"https:\/\/secure.gravatar.com\/avatar\/fdd21ad66fd8b98c407f9dee5b5e588cfe7f0d8579ec20fa6527cd59bab7f0f0?s=96&d=mm&r=g","contentUrl":"https:\/\/secure.gravatar.com\/avatar\/fdd21ad66fd8b98c407f9dee5b5e588cfe7f0d8579ec20fa6527cd59bab7f0f0?s=96&d=mm&r=g","caption":"Staff"},"url":"https:\/\/www.bbmnoticias.com\/labravaradiofm\/author\/redaccion\/"}]}},"_links":{"self":[{"href":"https:\/\/www.bbmnoticias.com\/labravaradiofm\/wp-json\/wp\/v2\/posts\/64846","targetHints":{"allow":["GET"]}}],"collection":[{"href":"https:\/\/www.bbmnoticias.com\/labravaradiofm\/wp-json\/wp\/v2\/posts"}],"about":[{"href":"https:\/\/www.bbmnoticias.com\/labravaradiofm\/wp-json\/wp\/v2\/types\/post"}],"author":[{"embeddable":true,"href":"https:\/\/www.bbmnoticias.com\/labravaradiofm\/wp-json\/wp\/v2\/users\/2"}],"replies":[{"embeddable":true,"href":"https:\/\/www.bbmnoticias.com\/labravaradiofm\/wp-json\/wp\/v2\/comments?post=64846"}],"version-history":[{"count":0,"href":"https:\/\/www.bbmnoticias.com\/labravaradiofm\/wp-json\/wp\/v2\/posts\/64846\/revisions"}],"wp:featuredmedia":[{"embeddable":true,"href":"https:\/\/www.bbmnoticias.com\/labravaradiofm\/wp-json\/wp\/v2\/media\/64848"}],"wp:attachment":[{"href":"https:\/\/www.bbmnoticias.com\/labravaradiofm\/wp-json\/wp\/v2\/media?parent=64846"}],"wp:term":[{"taxonomy":"category","embeddable":true,"href":"https:\/\/www.bbmnoticias.com\/labravaradiofm\/wp-json\/wp\/v2\/categories?post=64846"},{"taxonomy":"post_tag","embeddable":true,"href":"https:\/\/www.bbmnoticias.com\/labravaradiofm\/wp-json\/wp\/v2\/tags?post=64846"}],"curies":[{"name":"wp","href":"https:\/\/api.w.org\/{rel}","templated":true}]}}