{"id":64825,"date":"2025-08-11T14:17:09","date_gmt":"2025-08-11T20:17:09","guid":{"rendered":"https:\/\/www.bbmnoticias.com\/labravaradiofm\/2025\/08\/11\/de-borracheras-y-campanas-anticipadas-el-sueno-termino-reaparecio-la-peste-ni-a-cual-irle-pedro-botero\/"},"modified":"2025-08-11T14:18:32","modified_gmt":"2025-08-11T20:18:32","slug":"de-borracheras-y-campanas-anticipadas-el-sueno-termino-reaparecio-la-peste-ni-a-cual-irle-pedro-botero","status":"publish","type":"post","link":"https:\/\/www.bbmnoticias.com\/labravaradiofm\/2025\/08\/11\/de-borracheras-y-campanas-anticipadas-el-sueno-termino-reaparecio-la-peste-ni-a-cual-irle-pedro-botero\/","title":{"rendered":"DE borracheras y campa\u00f1as anticipadas. *El sue\u00f1o termin\u00f3. Reapareci\u00f3 la peste. * Ni a cual irle &#8211; Pedro Botero"},"content":{"rendered":"<div style=\"margin-top: 0px; margin-bottom: 0px;\" class=\"sharethis-inline-share-buttons\" ><\/div>\n<p>El lunes 11 de agosto, los oaxaque\u00f1os, nos amanecimos con<strong> dos notas de nuestras\u00a0 Senadoras<\/strong>. Una titular y la otra suplente de otra senadora que aspira a la candidatura de su partido Morena a gobernadora.\u00a0\u00a0<\/p>\n\n\n\n<p><strong>El diario la Jornada<\/strong>, donde presuntamente es&nbsp; accionista <strong>el ex gobernador Jos\u00e9 Murat<\/strong>, le dedica una <strong>plana en nota de Elena Poniatowska<\/strong>. Tema: el concierto que ofrecer\u00e1 la cantante <strong>Senadora Susana Harp<\/strong> en beneficio de una comunidad afromexicana afectada por el Hurac\u00e1n \u201cErick\u201d. Afectaci\u00f3n, que, hasta el momento, la aprobaci\u00f3n del dictamen para que se declare desastre natural no llega. <strong>Son muchos los d\u00edas, y no hay declaratoria de emergencia todav\u00eda.&nbsp;<\/strong>&nbsp;<\/p>\n\n\n\n<p>El concierto y la plana de la <strong>Senadora Susana Harp, tiene m\u00e1s tinte electoral<\/strong> que una <strong>acci\u00f3n salida de lo m\u00e1s profundo del coraz\u00f3n de la Senadora-cantante&nbsp;<\/strong> por los lastimados y afectados por el Hurac\u00e1n. <strong>UNA PLANA\u2026uff<\/strong>&nbsp;<\/p>\n\n\n\n<p>Recordemos, los tiempos de la pandemia del COVID 19, la <strong>Senadora Susana, fue designada<\/strong> por el entonces presidente <strong>Andr\u00e9s Manuel L\u00f3pez Obrador<\/strong>, como super delegada federal para coordinar los trabajos sobre el Covid en Oaxaca.&nbsp;&nbsp;<\/p>\n\n\n\n<p><strong><em>\u201cHay un caso de una senadora que va a pedir permiso, Susana Harp que va a Oaxaca a ayudar\u201d<\/em><\/strong>, anunci\u00f3 Andr\u00e9s Manuel. \u00bfLo recuerdan?&nbsp;<\/p>\n\n\n\n<p><strong>En Oaxaca, tuvimos entre 30 a 40 mil personas que murieron, muchas de ellas, por falta de atenci\u00f3n<\/strong>. Prefer\u00edan morir en sus casas, que, en los hospitales, que no fueron notificadas como tales, as\u00ed como aquellas causadas por otras enfermedades que no pudieron ser atendidas debido a la sobrecarga que sufrieron los sistemas sanitarios<strong>.&nbsp; Una tragedia por mala planeaci\u00f3n y politiquer\u00eda.&nbsp;<\/strong>&nbsp;<\/p>\n\n\n\n<p>Una pandemia manejada <strong>irresponsablemente<\/strong> desde palacio nacional por Andr\u00e9s Manuel. En lugar de <strong>mandar como super delegada a un M\u00e9dico<\/strong>, envi\u00f3 a una cantante pensando en convertirse en candidata para gobernar Oaxaca. La politiquer\u00eda por el conocimiento. Cuanta <strong>irresponsabilidad<\/strong>, caray. Los resultados, todos los conocemos.&nbsp;&nbsp;<\/p>\n\n\n\n<p><strong>En el caso del Dr. Muerte, L\u00f3pez Gatell<\/strong>, a quien le urge <strong>impunidad<\/strong>, lo premian como representante de M\u00e9xico ante la Organizaci\u00f3n Mundial de la Salud (OMS). Cuando es un <strong>\u201casesino protegido\u201d<\/strong> por el expresidente Andr\u00e9s Manuel, como lo se\u00f1al\u00f3 la oposici\u00f3n en el Senado de la Rep\u00fablica.&nbsp;&nbsp;<\/p>\n\n\n\n<p><strong>La plana del diario La Jornada y el concierto, tiene m\u00e1s tinte de una campa\u00f1a adelantada,<\/strong> que una acci\u00f3n salida del coraz\u00f3n por y para los afectados de la comunidad <strong>afromexicana<\/strong>.&nbsp;&nbsp;<\/p>\n\n\n\n<p>&nbsp;Recuerden, las largas filas en los panteones en la entidad oaxaque\u00f1a. Hermanos, amigos, compadres, vecinos, a cuantos perdimos en la pandemia del COVID, por la <strong>irresponsabilidad, nombramientos pol\u00edticos en lugar de m\u00e9dicos y mal manejo de la crisis.<\/strong> Que lamentable.&nbsp;&nbsp;<\/p>\n\n\n\n<p>El otro caso que nos ocupa <strong>es el de la Senadora Nataly Ch\u00e1vez, suplente de la Senadora Luisa Cortes de Morena por Oaxaca<\/strong>, quien en completo estado de <strong>ebriedad<\/strong> fue detenida en un operativo de alcohol\u00edmetro en la capital del estado. La Senadora, intent\u00f3 escapar \u201c<strong>charoleando\u201d a los polic\u00edas, alegando que ten\u00eda FUERO: \u201cVengamos o no borrachos tenemos fuero.\u201d<\/strong>&nbsp;<\/p>\n\n\n\n<p><strong>Las benditas redes sociales, <\/strong>hicieron su lo suyo, fijando su postura de que la senadora es una ciudadana m\u00e1s en nuestro pa\u00eds y no puede infringir la ley, por lo que debe ser juzgada igual que todo ciudadano. <strong>\u201c\u00daltimamente esos de morena empiezan a sacar el cobre\u201d,<\/strong> entre miles de cuestionamientos.&nbsp;&nbsp;<\/p>\n\n\n\n<p>Es cierto, que <strong>los Senadores titulares, no son responsables<\/strong> de los abusos cometidos por su suplente, sin embargo, s\u00ed pueden <strong>existir responsabilidades pol\u00edticas o \u00e9ticas<\/strong> en ciertos casos. En este caso la responsabilidad recae en <strong>la suplente Nataly<\/strong>, quien hizo uso de la charola en ausencia de la titular.&nbsp;&nbsp;<\/p>\n\n\n\n<p><strong>Desconocemos,&nbsp; si la Senadora Luisa Cort\u00e9s, conoc\u00eda de los gustos et\u00edlicos de su suplente<\/strong>, si es as\u00ed, debi\u00f3 precisarle que cuando se <strong>ponga como cabus (vag\u00f3n que va hasta atr\u00e1s) de tren, tome un taxi<\/strong> y lleve chofer designado. <strong>S\u00ed, la Senadora Luisa Cort\u00e9s<\/strong>, design\u00f3 a la suplente, podr\u00eda ser responsable de no tomar medidas para prevenir o detener el abuso.&nbsp;&nbsp;<\/p>\n\n\n\n<p><strong>\u201cEn resumen:<\/strong> La responsabilidad principal por los abusos de un suplente recae sobre el <strong>propio suplente<\/strong>.\u202fSin embargo, <strong>el senador titular podr\u00eda tener alguna responsabilidad<\/strong> pol\u00edtica o \u00e9tica dependiendo de las circunstancias espec\u00edficas.\u202f<strong>La ley mexicana no establece<\/strong> una responsabilidad directa del senador por los actos de su suplente<strong>, pero la \u00e9tica y la pol\u00edtica podr\u00edan generar consecuencias\u201d.&nbsp;<\/strong>&nbsp;<\/p>\n\n\n\n<p><strong>Pd.- La Senadora Luisa Cort\u00e9s, si aspira a gobernar el estado, deber\u00e1 estar ENTERADA de lo que haga o deje de hacer su SUPLENTE que podr\u00eda convertirse en titular, si es que pide licencia. Cosa de imaginar, que su sue\u00f1o se le haga realidad, y como gobernadora no se entere lo que hacen sus subordinados. Uff.&nbsp; Y la otra\u2026 imaginemos la Senadora de la Rep\u00fablica que nos puede usted heredar, si siendo suplente&nbsp; es PREPOTENTE, INFLUYENTE e&nbsp; infringe la ley y quiere abusar del cargo, imaginemos cuando sea titular. Recontra uff&nbsp;<\/strong>&nbsp;<\/p>\n\n\n\n<p><strong>El sue\u00f1o termin\u00f3. Reapareci\u00f3 la peste.&nbsp;&nbsp;<\/strong>&nbsp;<\/p>\n\n\n\n<p><strong>En el sexenio de Andr\u00e9s Manuel L\u00f3pez Obrador y sus obras del Corredor Interoce\u00e1nico (CIIT);<\/strong> le escollera del puerto petrolero y la construcci\u00f3n de la planta Coquizadora en Pemex, y la super Mitla-Tehuantepec con todo y sus prisas y obras mal hechas, quedaron terminadas;&nbsp; Salina Cruz y municipios vecinos vivieron tiempos de <strong>bonanza<\/strong>.&nbsp;&nbsp;<\/p>\n\n\n\n<p>2025, concluy\u00f3 la escollera, el Corredor interoce\u00e1nico qued\u00f3 a medias; la planta coquizadora apenas lleg\u00f3 a un 60% ; la Mitla Tehuantepec, cerrada por la mala calidad de la obra, los miles de empleos emigraron. <strong>M\u00e1s de 10 mil trabajadores al desempleo.&nbsp;<\/strong>&nbsp;<\/p>\n\n\n\n<p><strong>Mercados, familias que construyeron cuartos de habitaci\u00f3n, invirtieron sus ahorros abriendo<\/strong> restaurantes, bares h hasta hoteles, hoy lucen vac\u00edos y sin clientes. La esperanza, entre los istme\u00f1os, <strong>esperanza que muere a lo \u00faltimo, hoy est\u00e1 intubada.&nbsp;<\/strong>&nbsp;<\/p>\n\n\n\n<p>Por hoy es tocho. Recuerden, cuando el B\u00faho canta el indio muere. <strong>Pd.- Ni a cual irle!&#8230;<\/strong> Nos espantamos de los <strong>escandalosos<\/strong> actos de pol\u00edticos de Morena, muchos de ellos ex pri\u00edstas, pero no nos acordamos, de <strong>esc\u00e1ndalos iguales o peores de pri\u00edstas que est\u00e1n \u201cretirados\u201d<\/strong> del escenario pol\u00edtico. Existen, quienes sus residencias las <strong>convirtieron en gigantescas cajas fuertes&nbsp; de seguridad, donde guardan centenarios, d\u00f3lares, libras, esterlinas, euros, Francos Suizos,<\/strong> pinturas de artistas famosos que cuestan millones, etc, etc. As\u00ed se las gastan. <strong>Dinero, que toda su vida, no les alcanzar\u00e1 a gastar\u2026 ni terceras, ni cuartas generaciones. Pobre Oaxaca.&nbsp;<\/strong>&nbsp;<\/p>\n\n\n\n<p class=\"has-text-align-center\"><strong>Esc\u00fachanos de 06:00 a 07:00 horas y de 21:00 a 22:00\u00a0 horas en el 106.5 FM Heraldo Istmo y 97.7 Fm Heraldo Oaxaca.\u00a0 BBM Noticias y Heraldo Interoce\u00e1nico.\u00a0\u00a0<\/strong>\u00a0<br><strong>X \/ Twitter @buho_botero<\/strong>\u00a0<br><strong>@bbmnoticias1\u00a0<\/strong>\u00a0<br><strong>Facebook Pedro Botero y Bbmnoticias Oaxaca.\u00a0<\/strong>\u00a0<br><a href=\"http:\/\/www.elheraldodemexico.com\" target=\"_blank\" rel=\"noreferrer noopener\"><strong>www.elheraldodemexico.com<\/strong><\/a><strong>\u00a0<\/strong>\u00a0<br><a href=\"http:\/\/www.bbmnoticias.com\" target=\"_blank\" rel=\"noreferrer noopener\"><strong>www.bbmnoticias.com<\/strong><\/a>\u00a0<br><a href=\"http:\/\/www.labravaradiofm.com\" target=\"_blank\" rel=\"noreferrer noopener\"><strong>www.labravaradiofm.com<\/strong><\/a><strong>\u00a0<\/strong>\u00a0<\/p>\n","protected":false},"excerpt":{"rendered":"<p>El lunes 11 de agosto, los oaxaque\u00f1os, nos amanecimos con dos notas de nuestras\u00a0 Senadoras. Una titular y la otra suplente de otra senadora que aspira a la candidatura de su partido Morena a gobernadora.\u00a0\u00a0 El diario la Jornada, donde presuntamente es&nbsp; accionista el ex gobernador Jos\u00e9 Murat, le dedica una plana en nota de [&hellip;]<\/p>\n","protected":false},"author":18,"featured_media":64827,"comment_status":"closed","ping_status":"","sticky":false,"template":"","format":"standard","meta":{"footnotes":""},"categories":[950,2],"tags":[],"class_list":{"0":"post-64825","1":"post","2":"type-post","3":"status-publish","4":"format-standard","5":"has-post-thumbnail","7":"category-el-canto-del-buho","8":"category-oaxaca"},"yoast_head":"<!-- This site is optimized with the Yoast SEO plugin v27.4 - https:\/\/yoast.com\/product\/yoast-seo-wordpress\/ -->\n<title>DE borracheras y campa\u00f1as anticipadas. *El sue\u00f1o termin\u00f3. Reapareci\u00f3 la peste. * Ni a cual irle - Pedro Botero - LA BRAVA RADIO<\/title>\n<meta name=\"robots\" content=\"index, follow, max-snippet:-1, max-image-preview:large, max-video-preview:-1\" \/>\n<link rel=\"canonical\" href=\"https:\/\/www.bbmnoticias.com\/blog\/2025\/08\/11\/de-borracheras-y-campanas-anticipadas-el-sueno-termino-reaparecio-la-peste-ni-a-cual-irle-pedro-botero\/\" \/>\n<meta property=\"og:locale\" content=\"es_MX\" \/>\n<meta property=\"og:type\" content=\"article\" \/>\n<meta property=\"og:title\" content=\"DE borracheras y campa\u00f1as anticipadas. *El sue\u00f1o termin\u00f3. Reapareci\u00f3 la peste. * Ni a cual irle - Pedro Botero - LA BRAVA RADIO\" \/>\n<meta property=\"og:description\" content=\"El lunes 11 de agosto, los oaxaque\u00f1os, nos amanecimos con dos notas de nuestras\u00a0 Senadoras. Una titular y la otra suplente de otra senadora que aspira a la candidatura de su partido Morena a gobernadora.\u00a0\u00a0 El diario la Jornada, donde presuntamente es&nbsp; accionista el ex gobernador Jos\u00e9 Murat, le dedica una plana en nota de [&hellip;]\" \/>\n<meta property=\"og:url\" content=\"https:\/\/www.bbmnoticias.com\/blog\/2025\/08\/11\/de-borracheras-y-campanas-anticipadas-el-sueno-termino-reaparecio-la-peste-ni-a-cual-irle-pedro-botero\/\" \/>\n<meta property=\"og:site_name\" content=\"LA BRAVA RADIO\" \/>\n<meta property=\"article:published_time\" content=\"2025-08-11T20:17:09+00:00\" \/>\n<meta property=\"article:modified_time\" content=\"2025-08-11T20:18:32+00:00\" \/>\n<meta property=\"og:image\" content=\"https:\/\/www.bbmnoticias.com\/labravaradiofm\/wp-content\/uploads\/sites\/5\/2025\/08\/elcanto11082025.jpg\" \/>\n\t<meta property=\"og:image:width\" content=\"800\" \/>\n\t<meta property=\"og:image:height\" content=\"443\" \/>\n\t<meta property=\"og:image:type\" content=\"image\/jpeg\" \/>\n<meta name=\"author\" content=\"Pedro Botero\" \/>\n<meta name=\"twitter:card\" content=\"summary_large_image\" \/>\n<meta name=\"twitter:label1\" content=\"Escrito por\" \/>\n\t<meta name=\"twitter:data1\" content=\"Pedro Botero\" \/>\n\t<meta name=\"twitter:label2\" content=\"Tiempo de lectura\" \/>\n\t<meta name=\"twitter:data2\" content=\"6 minutos\" \/>\n<script type=\"application\/ld+json\" class=\"yoast-schema-graph\">{\"@context\":\"https:\\\/\\\/schema.org\",\"@graph\":[{\"@type\":\"Article\",\"@id\":\"https:\\\/\\\/www.bbmnoticias.com\\\/blog\\\/2025\\\/08\\\/11\\\/de-borracheras-y-campanas-anticipadas-el-sueno-termino-reaparecio-la-peste-ni-a-cual-irle-pedro-botero\\\/#article\",\"isPartOf\":{\"@id\":\"https:\\\/\\\/www.bbmnoticias.com\\\/labravaradiofm\\\/2025\\\/08\\\/11\\\/de-borracheras-y-campanas-anticipadas-el-sueno-termino-reaparecio-la-peste-ni-a-cual-irle-pedro-botero\\\/\"},\"author\":{\"name\":\"Pedro Botero\",\"@id\":\"https:\\\/\\\/www.bbmnoticias.com\\\/labravaradiofm\\\/#\\\/schema\\\/person\\\/b1f24ff43a407a5f7093af0d867e2717\"},\"headline\":\"DE borracheras y campa\u00f1as anticipadas. *El sue\u00f1o termin\u00f3. Reapareci\u00f3 la peste. * Ni a cual irle &#8211; Pedro Botero\",\"datePublished\":\"2025-08-11T20:17:09+00:00\",\"dateModified\":\"2025-08-11T20:18:32+00:00\",\"mainEntityOfPage\":{\"@id\":\"https:\\\/\\\/www.bbmnoticias.com\\\/labravaradiofm\\\/2025\\\/08\\\/11\\\/de-borracheras-y-campanas-anticipadas-el-sueno-termino-reaparecio-la-peste-ni-a-cual-irle-pedro-botero\\\/\"},\"wordCount\":1216,\"image\":{\"@id\":\"https:\\\/\\\/www.bbmnoticias.com\\\/blog\\\/2025\\\/08\\\/11\\\/de-borracheras-y-campanas-anticipadas-el-sueno-termino-reaparecio-la-peste-ni-a-cual-irle-pedro-botero\\\/#primaryimage\"},\"thumbnailUrl\":\"https:\\\/\\\/www.bbmnoticias.com\\\/labravaradiofm\\\/wp-content\\\/uploads\\\/sites\\\/5\\\/2025\\\/08\\\/elcanto11082025.jpg\",\"articleSection\":[\"EL CANTO DEL B\u00daHO\",\"LOCAL\"],\"inLanguage\":\"es\"},{\"@type\":\"WebPage\",\"@id\":\"https:\\\/\\\/www.bbmnoticias.com\\\/labravaradiofm\\\/2025\\\/08\\\/11\\\/de-borracheras-y-campanas-anticipadas-el-sueno-termino-reaparecio-la-peste-ni-a-cual-irle-pedro-botero\\\/\",\"url\":\"https:\\\/\\\/www.bbmnoticias.com\\\/blog\\\/2025\\\/08\\\/11\\\/de-borracheras-y-campanas-anticipadas-el-sueno-termino-reaparecio-la-peste-ni-a-cual-irle-pedro-botero\\\/\",\"name\":\"DE borracheras y campa\u00f1as anticipadas. *El sue\u00f1o termin\u00f3. Reapareci\u00f3 la peste. * Ni a cual irle - Pedro Botero - LA BRAVA RADIO\",\"isPartOf\":{\"@id\":\"https:\\\/\\\/www.bbmnoticias.com\\\/labravaradiofm\\\/#website\"},\"primaryImageOfPage\":{\"@id\":\"https:\\\/\\\/www.bbmnoticias.com\\\/blog\\\/2025\\\/08\\\/11\\\/de-borracheras-y-campanas-anticipadas-el-sueno-termino-reaparecio-la-peste-ni-a-cual-irle-pedro-botero\\\/#primaryimage\"},\"image\":{\"@id\":\"https:\\\/\\\/www.bbmnoticias.com\\\/blog\\\/2025\\\/08\\\/11\\\/de-borracheras-y-campanas-anticipadas-el-sueno-termino-reaparecio-la-peste-ni-a-cual-irle-pedro-botero\\\/#primaryimage\"},\"thumbnailUrl\":\"https:\\\/\\\/www.bbmnoticias.com\\\/labravaradiofm\\\/wp-content\\\/uploads\\\/sites\\\/5\\\/2025\\\/08\\\/elcanto11082025.jpg\",\"datePublished\":\"2025-08-11T20:17:09+00:00\",\"dateModified\":\"2025-08-11T20:18:32+00:00\",\"author\":{\"@id\":\"https:\\\/\\\/www.bbmnoticias.com\\\/labravaradiofm\\\/#\\\/schema\\\/person\\\/b1f24ff43a407a5f7093af0d867e2717\"},\"breadcrumb\":{\"@id\":\"https:\\\/\\\/www.bbmnoticias.com\\\/blog\\\/2025\\\/08\\\/11\\\/de-borracheras-y-campanas-anticipadas-el-sueno-termino-reaparecio-la-peste-ni-a-cual-irle-pedro-botero\\\/#breadcrumb\"},\"inLanguage\":\"es\",\"potentialAction\":[{\"@type\":\"ReadAction\",\"target\":[\"https:\\\/\\\/www.bbmnoticias.com\\\/blog\\\/2025\\\/08\\\/11\\\/de-borracheras-y-campanas-anticipadas-el-sueno-termino-reaparecio-la-peste-ni-a-cual-irle-pedro-botero\\\/\"]}]},{\"@type\":\"ImageObject\",\"inLanguage\":\"es\",\"@id\":\"https:\\\/\\\/www.bbmnoticias.com\\\/blog\\\/2025\\\/08\\\/11\\\/de-borracheras-y-campanas-anticipadas-el-sueno-termino-reaparecio-la-peste-ni-a-cual-irle-pedro-botero\\\/#primaryimage\",\"url\":\"https:\\\/\\\/www.bbmnoticias.com\\\/labravaradiofm\\\/wp-content\\\/uploads\\\/sites\\\/5\\\/2025\\\/08\\\/elcanto11082025.jpg\",\"contentUrl\":\"https:\\\/\\\/www.bbmnoticias.com\\\/labravaradiofm\\\/wp-content\\\/uploads\\\/sites\\\/5\\\/2025\\\/08\\\/elcanto11082025.jpg\",\"width\":800,\"height\":443},{\"@type\":\"BreadcrumbList\",\"@id\":\"https:\\\/\\\/www.bbmnoticias.com\\\/blog\\\/2025\\\/08\\\/11\\\/de-borracheras-y-campanas-anticipadas-el-sueno-termino-reaparecio-la-peste-ni-a-cual-irle-pedro-botero\\\/#breadcrumb\",\"itemListElement\":[{\"@type\":\"ListItem\",\"position\":1,\"name\":\"Inicio\",\"item\":\"https:\\\/\\\/www.bbmnoticias.com\\\/labravaradiofm\\\/\"},{\"@type\":\"ListItem\",\"position\":2,\"name\":\"DE borracheras y campa\u00f1as anticipadas. *El sue\u00f1o termin\u00f3. Reapareci\u00f3 la peste. * Ni a cual irle &#8211; Pedro Botero\"}]},{\"@type\":\"WebSite\",\"@id\":\"https:\\\/\\\/www.bbmnoticias.com\\\/labravaradiofm\\\/#website\",\"url\":\"https:\\\/\\\/www.bbmnoticias.com\\\/labravaradiofm\\\/\",\"name\":\"LA BRAVA RADIO\",\"description\":\"Empresa productora de medios, Radiodifusi\u00f3n, Noticias, tendencias y todo lo que necesitas saber de la pol\u00edtica mexicana e internacional; entretenimiento, espect\u00e1culos, salud y mucho m\u00e1s.\",\"potentialAction\":[{\"@type\":\"SearchAction\",\"target\":{\"@type\":\"EntryPoint\",\"urlTemplate\":\"https:\\\/\\\/www.bbmnoticias.com\\\/labravaradiofm\\\/?s={search_term_string}\"},\"query-input\":{\"@type\":\"PropertyValueSpecification\",\"valueRequired\":true,\"valueName\":\"search_term_string\"}}],\"inLanguage\":\"es\"},{\"@type\":\"Person\",\"@id\":\"https:\\\/\\\/www.bbmnoticias.com\\\/labravaradiofm\\\/#\\\/schema\\\/person\\\/b1f24ff43a407a5f7093af0d867e2717\",\"name\":\"Pedro Botero\",\"image\":{\"@type\":\"ImageObject\",\"inLanguage\":\"es\",\"@id\":\"https:\\\/\\\/secure.gravatar.com\\\/avatar\\\/3e1604f74223697b158b4f0509f030050c1609806bd1c24b9ac5d9759b30b353?s=96&d=mm&r=g\",\"url\":\"https:\\\/\\\/secure.gravatar.com\\\/avatar\\\/3e1604f74223697b158b4f0509f030050c1609806bd1c24b9ac5d9759b30b353?s=96&d=mm&r=g\",\"contentUrl\":\"https:\\\/\\\/secure.gravatar.com\\\/avatar\\\/3e1604f74223697b158b4f0509f030050c1609806bd1c24b9ac5d9759b30b353?s=96&d=mm&r=g\",\"caption\":\"Pedro Botero\"},\"sameAs\":[\"http:\\\/\\\/www.bbmnoticias.com\"],\"url\":\"https:\\\/\\\/www.bbmnoticias.com\\\/labravaradiofm\\\/author\\\/pedrobotero\\\/\"}]}<\/script>\n<!-- \/ Yoast SEO plugin. -->","yoast_head_json":{"title":"DE borracheras y campa\u00f1as anticipadas. *El sue\u00f1o termin\u00f3. Reapareci\u00f3 la peste. * Ni a cual irle - Pedro Botero - LA BRAVA RADIO","robots":{"index":"index","follow":"follow","max-snippet":"max-snippet:-1","max-image-preview":"max-image-preview:large","max-video-preview":"max-video-preview:-1"},"canonical":"https:\/\/www.bbmnoticias.com\/blog\/2025\/08\/11\/de-borracheras-y-campanas-anticipadas-el-sueno-termino-reaparecio-la-peste-ni-a-cual-irle-pedro-botero\/","og_locale":"es_MX","og_type":"article","og_title":"DE borracheras y campa\u00f1as anticipadas. *El sue\u00f1o termin\u00f3. Reapareci\u00f3 la peste. * Ni a cual irle - Pedro Botero - LA BRAVA RADIO","og_description":"El lunes 11 de agosto, los oaxaque\u00f1os, nos amanecimos con dos notas de nuestras\u00a0 Senadoras. Una titular y la otra suplente de otra senadora que aspira a la candidatura de su partido Morena a gobernadora.\u00a0\u00a0 El diario la Jornada, donde presuntamente es&nbsp; accionista el ex gobernador Jos\u00e9 Murat, le dedica una plana en nota de [&hellip;]","og_url":"https:\/\/www.bbmnoticias.com\/blog\/2025\/08\/11\/de-borracheras-y-campanas-anticipadas-el-sueno-termino-reaparecio-la-peste-ni-a-cual-irle-pedro-botero\/","og_site_name":"LA BRAVA RADIO","article_published_time":"2025-08-11T20:17:09+00:00","article_modified_time":"2025-08-11T20:18:32+00:00","og_image":[{"width":800,"height":443,"url":"https:\/\/www.bbmnoticias.com\/labravaradiofm\/wp-content\/uploads\/sites\/5\/2025\/08\/elcanto11082025.jpg","type":"image\/jpeg"}],"author":"Pedro Botero","twitter_card":"summary_large_image","twitter_misc":{"Escrito por":"Pedro Botero","Tiempo de lectura":"6 minutos"},"schema":{"@context":"https:\/\/schema.org","@graph":[{"@type":"Article","@id":"https:\/\/www.bbmnoticias.com\/blog\/2025\/08\/11\/de-borracheras-y-campanas-anticipadas-el-sueno-termino-reaparecio-la-peste-ni-a-cual-irle-pedro-botero\/#article","isPartOf":{"@id":"https:\/\/www.bbmnoticias.com\/labravaradiofm\/2025\/08\/11\/de-borracheras-y-campanas-anticipadas-el-sueno-termino-reaparecio-la-peste-ni-a-cual-irle-pedro-botero\/"},"author":{"name":"Pedro Botero","@id":"https:\/\/www.bbmnoticias.com\/labravaradiofm\/#\/schema\/person\/b1f24ff43a407a5f7093af0d867e2717"},"headline":"DE borracheras y campa\u00f1as anticipadas. *El sue\u00f1o termin\u00f3. Reapareci\u00f3 la peste. * Ni a cual irle &#8211; Pedro Botero","datePublished":"2025-08-11T20:17:09+00:00","dateModified":"2025-08-11T20:18:32+00:00","mainEntityOfPage":{"@id":"https:\/\/www.bbmnoticias.com\/labravaradiofm\/2025\/08\/11\/de-borracheras-y-campanas-anticipadas-el-sueno-termino-reaparecio-la-peste-ni-a-cual-irle-pedro-botero\/"},"wordCount":1216,"image":{"@id":"https:\/\/www.bbmnoticias.com\/blog\/2025\/08\/11\/de-borracheras-y-campanas-anticipadas-el-sueno-termino-reaparecio-la-peste-ni-a-cual-irle-pedro-botero\/#primaryimage"},"thumbnailUrl":"https:\/\/www.bbmnoticias.com\/labravaradiofm\/wp-content\/uploads\/sites\/5\/2025\/08\/elcanto11082025.jpg","articleSection":["EL CANTO DEL B\u00daHO","LOCAL"],"inLanguage":"es"},{"@type":"WebPage","@id":"https:\/\/www.bbmnoticias.com\/labravaradiofm\/2025\/08\/11\/de-borracheras-y-campanas-anticipadas-el-sueno-termino-reaparecio-la-peste-ni-a-cual-irle-pedro-botero\/","url":"https:\/\/www.bbmnoticias.com\/blog\/2025\/08\/11\/de-borracheras-y-campanas-anticipadas-el-sueno-termino-reaparecio-la-peste-ni-a-cual-irle-pedro-botero\/","name":"DE borracheras y campa\u00f1as anticipadas. *El sue\u00f1o termin\u00f3. Reapareci\u00f3 la peste. * Ni a cual irle - Pedro Botero - LA BRAVA RADIO","isPartOf":{"@id":"https:\/\/www.bbmnoticias.com\/labravaradiofm\/#website"},"primaryImageOfPage":{"@id":"https:\/\/www.bbmnoticias.com\/blog\/2025\/08\/11\/de-borracheras-y-campanas-anticipadas-el-sueno-termino-reaparecio-la-peste-ni-a-cual-irle-pedro-botero\/#primaryimage"},"image":{"@id":"https:\/\/www.bbmnoticias.com\/blog\/2025\/08\/11\/de-borracheras-y-campanas-anticipadas-el-sueno-termino-reaparecio-la-peste-ni-a-cual-irle-pedro-botero\/#primaryimage"},"thumbnailUrl":"https:\/\/www.bbmnoticias.com\/labravaradiofm\/wp-content\/uploads\/sites\/5\/2025\/08\/elcanto11082025.jpg","datePublished":"2025-08-11T20:17:09+00:00","dateModified":"2025-08-11T20:18:32+00:00","author":{"@id":"https:\/\/www.bbmnoticias.com\/labravaradiofm\/#\/schema\/person\/b1f24ff43a407a5f7093af0d867e2717"},"breadcrumb":{"@id":"https:\/\/www.bbmnoticias.com\/blog\/2025\/08\/11\/de-borracheras-y-campanas-anticipadas-el-sueno-termino-reaparecio-la-peste-ni-a-cual-irle-pedro-botero\/#breadcrumb"},"inLanguage":"es","potentialAction":[{"@type":"ReadAction","target":["https:\/\/www.bbmnoticias.com\/blog\/2025\/08\/11\/de-borracheras-y-campanas-anticipadas-el-sueno-termino-reaparecio-la-peste-ni-a-cual-irle-pedro-botero\/"]}]},{"@type":"ImageObject","inLanguage":"es","@id":"https:\/\/www.bbmnoticias.com\/blog\/2025\/08\/11\/de-borracheras-y-campanas-anticipadas-el-sueno-termino-reaparecio-la-peste-ni-a-cual-irle-pedro-botero\/#primaryimage","url":"https:\/\/www.bbmnoticias.com\/labravaradiofm\/wp-content\/uploads\/sites\/5\/2025\/08\/elcanto11082025.jpg","contentUrl":"https:\/\/www.bbmnoticias.com\/labravaradiofm\/wp-content\/uploads\/sites\/5\/2025\/08\/elcanto11082025.jpg","width":800,"height":443},{"@type":"BreadcrumbList","@id":"https:\/\/www.bbmnoticias.com\/blog\/2025\/08\/11\/de-borracheras-y-campanas-anticipadas-el-sueno-termino-reaparecio-la-peste-ni-a-cual-irle-pedro-botero\/#breadcrumb","itemListElement":[{"@type":"ListItem","position":1,"name":"Inicio","item":"https:\/\/www.bbmnoticias.com\/labravaradiofm\/"},{"@type":"ListItem","position":2,"name":"DE borracheras y campa\u00f1as anticipadas. *El sue\u00f1o termin\u00f3. Reapareci\u00f3 la peste. * Ni a cual irle &#8211; Pedro Botero"}]},{"@type":"WebSite","@id":"https:\/\/www.bbmnoticias.com\/labravaradiofm\/#website","url":"https:\/\/www.bbmnoticias.com\/labravaradiofm\/","name":"LA BRAVA RADIO","description":"Empresa productora de medios, Radiodifusi\u00f3n, Noticias, tendencias y todo lo que necesitas saber de la pol\u00edtica mexicana e internacional; entretenimiento, espect\u00e1culos, salud y mucho m\u00e1s.","potentialAction":[{"@type":"SearchAction","target":{"@type":"EntryPoint","urlTemplate":"https:\/\/www.bbmnoticias.com\/labravaradiofm\/?s={search_term_string}"},"query-input":{"@type":"PropertyValueSpecification","valueRequired":true,"valueName":"search_term_string"}}],"inLanguage":"es"},{"@type":"Person","@id":"https:\/\/www.bbmnoticias.com\/labravaradiofm\/#\/schema\/person\/b1f24ff43a407a5f7093af0d867e2717","name":"Pedro Botero","image":{"@type":"ImageObject","inLanguage":"es","@id":"https:\/\/secure.gravatar.com\/avatar\/3e1604f74223697b158b4f0509f030050c1609806bd1c24b9ac5d9759b30b353?s=96&d=mm&r=g","url":"https:\/\/secure.gravatar.com\/avatar\/3e1604f74223697b158b4f0509f030050c1609806bd1c24b9ac5d9759b30b353?s=96&d=mm&r=g","contentUrl":"https:\/\/secure.gravatar.com\/avatar\/3e1604f74223697b158b4f0509f030050c1609806bd1c24b9ac5d9759b30b353?s=96&d=mm&r=g","caption":"Pedro Botero"},"sameAs":["http:\/\/www.bbmnoticias.com"],"url":"https:\/\/www.bbmnoticias.com\/labravaradiofm\/author\/pedrobotero\/"}]}},"_links":{"self":[{"href":"https:\/\/www.bbmnoticias.com\/labravaradiofm\/wp-json\/wp\/v2\/posts\/64825","targetHints":{"allow":["GET"]}}],"collection":[{"href":"https:\/\/www.bbmnoticias.com\/labravaradiofm\/wp-json\/wp\/v2\/posts"}],"about":[{"href":"https:\/\/www.bbmnoticias.com\/labravaradiofm\/wp-json\/wp\/v2\/types\/post"}],"author":[{"embeddable":true,"href":"https:\/\/www.bbmnoticias.com\/labravaradiofm\/wp-json\/wp\/v2\/users\/18"}],"replies":[{"embeddable":true,"href":"https:\/\/www.bbmnoticias.com\/labravaradiofm\/wp-json\/wp\/v2\/comments?post=64825"}],"version-history":[{"count":0,"href":"https:\/\/www.bbmnoticias.com\/labravaradiofm\/wp-json\/wp\/v2\/posts\/64825\/revisions"}],"wp:featuredmedia":[{"embeddable":true,"href":"https:\/\/www.bbmnoticias.com\/labravaradiofm\/wp-json\/wp\/v2\/media\/64827"}],"wp:attachment":[{"href":"https:\/\/www.bbmnoticias.com\/labravaradiofm\/wp-json\/wp\/v2\/media?parent=64825"}],"wp:term":[{"taxonomy":"category","embeddable":true,"href":"https:\/\/www.bbmnoticias.com\/labravaradiofm\/wp-json\/wp\/v2\/categories?post=64825"},{"taxonomy":"post_tag","embeddable":true,"href":"https:\/\/www.bbmnoticias.com\/labravaradiofm\/wp-json\/wp\/v2\/tags?post=64825"}],"curies":[{"name":"wp","href":"https:\/\/api.w.org\/{rel}","templated":true}]}}