{"id":64822,"date":"2025-08-11T12:53:36","date_gmt":"2025-08-11T18:53:36","guid":{"rendered":"https:\/\/www.bbmnoticias.com\/labravaradiofm\/2025\/08\/11\/esta-es-la-potencia-mundial-que-dominara-la-industria-automotriz-en-2040-segun-estudio\/"},"modified":"2025-08-11T12:53:57","modified_gmt":"2025-08-11T18:53:57","slug":"esta-es-la-potencia-mundial-que-dominara-la-industria-automotriz-en-2040-segun-estudio","status":"publish","type":"post","link":"https:\/\/www.bbmnoticias.com\/labravaradiofm\/2025\/08\/11\/esta-es-la-potencia-mundial-que-dominara-la-industria-automotriz-en-2040-segun-estudio\/","title":{"rendered":"Esta es la potencia mundial que dominar\u00e1 la industria automotriz en 2040, seg\u00fan estudio"},"content":{"rendered":"<div style=\"margin-top: 0px; margin-bottom: 0px;\" class=\"sharethis-inline-share-buttons\" ><\/div>\n<p>Desde hace tiempo, China se consolid\u00f3 como el <strong>mayor exportador mundial de veh\u00edculos<\/strong>, y marcas como el Grupo Chery, due\u00f1o de Omoda y Jaecoo, est\u00e1n marcando nuevos hitos. A finales de julio de 2025, Chery ya hab\u00eda superado los 5,17 millones de autos exportados, lo que la convierte en la primera automotriz china en alcanzar esta cifra.<\/p>\n\n\n\n<figure class=\"wp-block-image\"><img decoding=\"async\" src=\"https:\/\/heraldodemexico.com.mx\/u\/fotografias\/m\/2025\/8\/11\/f768x1-1167533_1167660_5050.png\" alt=\"\"\/><figcaption class=\"wp-element-caption\">Fabricaci\u00f3n de autos en China. Fuente: Archivo<\/figcaption><\/figure>\n\n\n\n<p>Estos datos reflejan un c<strong>ambio estructural en el panorama automotor. <\/strong>La expansi\u00f3n del <a href=\"https:\/\/es.wikipedia.org\/wiki\/Autom%C3%B3vil_el%C3%A9ctrico\" target=\"_blank\" rel=\"noreferrer noopener\">coche el\u00e9ctrico<\/a>, con un enfoque cada vez m\u00e1s centrado en el software, y el ascenso de nuevos protagonistas globales est\u00e1n modificando el mapa del mercado automotriz. Un tercio del mismo quedar\u00e1 en manos de empresas emergentes, muchas de ellas chinas.<\/p>\n\n\n\n<figure class=\"wp-block-image\"><img decoding=\"async\" src=\"https:\/\/heraldodemexico.com.mx\/u\/fotografias\/m\/2025\/8\/11\/f768x1-1167536_1167663_5050.png\" alt=\"\"\/><figcaption class=\"wp-element-caption\">Industria automotriz en China. Fuente: Archivo<\/figcaption><\/figure>\n\n\n\n<h2 class=\"wp-block-heading\">LAS CLAVES DEL CRECIMIENTO DE CHINA EN LA INDUSTRIA AUTOMOTRIZ<\/h2>\n\n\n\n<p>En su informe <strong>Automotive Outlook 2040<\/strong>, la consultora Roland Berger analiza c\u00f3mo se perfila el futuro del sector. La clave, aseguran, est\u00e1 en la redistribuci\u00f3n geogr\u00e1fica del mercado: mientras los <strong>pa\u00edses del sur y China ver\u00e1n un gran aumento en las ventas \u2014representando hasta un 60% del mercado global<\/strong>\u2014, los mercados tradicionales de Occidente ya han alcanzado su punto m\u00e1ximo de crecimiento, lo que llaman el \u201cpico automotriz\u201d.<\/p>\n\n\n\n<p>Adem\u00e1s, el estudio anticipa que la expansi\u00f3n china continuar\u00e1. Para 2040, los fabricantes chinos podr\u00edan ocupar entre el 25% y el 34% del mercado mundial, y al menos seis de las veinte mayores compa\u00f1\u00edas automotrices proceder\u00e1n de China. Sin embargo, esto no implica un dominio absoluto, ya que todav\u00eda existe margen para que otros jugadores globales reaccionen.<\/p>\n\n\n\n<p>En este \u00faltimo escenario, la clave estar\u00eda en que los fabricantes europeos cambien su estrategia, apostando por plataformas estandarizadas de hardware y software de terceros \u2014como ya lo han hecho marcas como Renault y Volvo, que integran Android Automotive en sus autos\u2014. Si logran reducir costos y mejorar su competitividad, podr\u00eda surgir un nuevo equilibrio global en el que todos los actores tengan oportunidades de crecimiento sostenido hasta 2040.<\/p>\n","protected":false},"excerpt":{"rendered":"<p>Desde hace tiempo, China se consolid\u00f3 como el mayor exportador mundial de veh\u00edculos, y marcas como el Grupo Chery, due\u00f1o de Omoda y Jaecoo, est\u00e1n marcando nuevos hitos. A finales de julio de 2025, Chery ya hab\u00eda superado los 5,17 millones de autos exportados, lo que la convierte en la primera automotriz china en alcanzar [&hellip;]<\/p>\n","protected":false},"author":4,"featured_media":64824,"comment_status":"closed","ping_status":"","sticky":false,"template":"","format":"standard","meta":{"footnotes":""},"categories":[948,2],"tags":[],"class_list":{"0":"post-64822","1":"post","2":"type-post","3":"status-publish","4":"format-standard","5":"has-post-thumbnail","7":"category-internacional","8":"category-oaxaca"},"yoast_head":"<!-- This site is optimized with the Yoast SEO plugin v27.4 - https:\/\/yoast.com\/product\/yoast-seo-wordpress\/ -->\n<title>Esta es la potencia mundial que dominar\u00e1 la industria automotriz en 2040, seg\u00fan estudio - LA BRAVA RADIO<\/title>\n<meta name=\"robots\" content=\"index, follow, max-snippet:-1, max-image-preview:large, max-video-preview:-1\" \/>\n<link rel=\"canonical\" href=\"https:\/\/www.bbmnoticias.com\/blog\/2025\/08\/11\/esta-es-la-potencia-mundial-que-dominara-la-industria-automotriz-en-2040-segun-estudio\/\" \/>\n<meta property=\"og:locale\" content=\"es_MX\" \/>\n<meta property=\"og:type\" content=\"article\" \/>\n<meta property=\"og:title\" content=\"Esta es la potencia mundial que dominar\u00e1 la industria automotriz en 2040, seg\u00fan estudio - LA BRAVA RADIO\" \/>\n<meta property=\"og:description\" content=\"Desde hace tiempo, China se consolid\u00f3 como el mayor exportador mundial de veh\u00edculos, y marcas como el Grupo Chery, due\u00f1o de Omoda y Jaecoo, est\u00e1n marcando nuevos hitos. A finales de julio de 2025, Chery ya hab\u00eda superado los 5,17 millones de autos exportados, lo que la convierte en la primera automotriz china en alcanzar [&hellip;]\" \/>\n<meta property=\"og:url\" content=\"https:\/\/www.bbmnoticias.com\/blog\/2025\/08\/11\/esta-es-la-potencia-mundial-que-dominara-la-industria-automotriz-en-2040-segun-estudio\/\" \/>\n<meta property=\"og:site_name\" content=\"LA BRAVA RADIO\" \/>\n<meta property=\"article:published_time\" content=\"2025-08-11T18:53:36+00:00\" \/>\n<meta property=\"article:modified_time\" content=\"2025-08-11T18:53:57+00:00\" \/>\n<meta property=\"og:image\" content=\"https:\/\/www.bbmnoticias.com\/labravaradiofm\/wp-content\/uploads\/sites\/5\/2025\/08\/potencia_autos.jpg\" \/>\n\t<meta property=\"og:image:width\" content=\"848\" \/>\n\t<meta property=\"og:image:height\" content=\"477\" \/>\n\t<meta property=\"og:image:type\" content=\"image\/jpeg\" \/>\n<meta name=\"author\" content=\"Agencias\" \/>\n<meta name=\"twitter:card\" content=\"summary_large_image\" \/>\n<meta name=\"twitter:label1\" content=\"Escrito por\" \/>\n\t<meta name=\"twitter:data1\" content=\"Agencias\" \/>\n\t<meta name=\"twitter:label2\" content=\"Tiempo de lectura\" \/>\n\t<meta name=\"twitter:data2\" content=\"2 minutos\" \/>\n<script type=\"application\/ld+json\" class=\"yoast-schema-graph\">{\"@context\":\"https:\\\/\\\/schema.org\",\"@graph\":[{\"@type\":\"Article\",\"@id\":\"https:\\\/\\\/www.bbmnoticias.com\\\/blog\\\/2025\\\/08\\\/11\\\/esta-es-la-potencia-mundial-que-dominara-la-industria-automotriz-en-2040-segun-estudio\\\/#article\",\"isPartOf\":{\"@id\":\"https:\\\/\\\/www.bbmnoticias.com\\\/labravaradiofm\\\/2025\\\/08\\\/11\\\/esta-es-la-potencia-mundial-que-dominara-la-industria-automotriz-en-2040-segun-estudio\\\/\"},\"author\":{\"name\":\"Agencias\",\"@id\":\"https:\\\/\\\/www.bbmnoticias.com\\\/labravaradiofm\\\/#\\\/schema\\\/person\\\/000bdaf0a8fb5bff0d537c4d0778e33f\"},\"headline\":\"Esta es la potencia mundial que dominar\u00e1 la industria automotriz en 2040, seg\u00fan estudio\",\"datePublished\":\"2025-08-11T18:53:36+00:00\",\"dateModified\":\"2025-08-11T18:53:57+00:00\",\"mainEntityOfPage\":{\"@id\":\"https:\\\/\\\/www.bbmnoticias.com\\\/labravaradiofm\\\/2025\\\/08\\\/11\\\/esta-es-la-potencia-mundial-que-dominara-la-industria-automotriz-en-2040-segun-estudio\\\/\"},\"wordCount\":356,\"image\":{\"@id\":\"https:\\\/\\\/www.bbmnoticias.com\\\/blog\\\/2025\\\/08\\\/11\\\/esta-es-la-potencia-mundial-que-dominara-la-industria-automotriz-en-2040-segun-estudio\\\/#primaryimage\"},\"thumbnailUrl\":\"https:\\\/\\\/www.bbmnoticias.com\\\/labravaradiofm\\\/wp-content\\\/uploads\\\/sites\\\/5\\\/2025\\\/08\\\/potencia_autos.jpg\",\"articleSection\":[\"INTERNACIONAL\",\"LOCAL\"],\"inLanguage\":\"es\"},{\"@type\":\"WebPage\",\"@id\":\"https:\\\/\\\/www.bbmnoticias.com\\\/labravaradiofm\\\/2025\\\/08\\\/11\\\/esta-es-la-potencia-mundial-que-dominara-la-industria-automotriz-en-2040-segun-estudio\\\/\",\"url\":\"https:\\\/\\\/www.bbmnoticias.com\\\/blog\\\/2025\\\/08\\\/11\\\/esta-es-la-potencia-mundial-que-dominara-la-industria-automotriz-en-2040-segun-estudio\\\/\",\"name\":\"Esta es la potencia mundial que dominar\u00e1 la industria automotriz en 2040, seg\u00fan estudio - LA BRAVA RADIO\",\"isPartOf\":{\"@id\":\"https:\\\/\\\/www.bbmnoticias.com\\\/labravaradiofm\\\/#website\"},\"primaryImageOfPage\":{\"@id\":\"https:\\\/\\\/www.bbmnoticias.com\\\/blog\\\/2025\\\/08\\\/11\\\/esta-es-la-potencia-mundial-que-dominara-la-industria-automotriz-en-2040-segun-estudio\\\/#primaryimage\"},\"image\":{\"@id\":\"https:\\\/\\\/www.bbmnoticias.com\\\/blog\\\/2025\\\/08\\\/11\\\/esta-es-la-potencia-mundial-que-dominara-la-industria-automotriz-en-2040-segun-estudio\\\/#primaryimage\"},\"thumbnailUrl\":\"https:\\\/\\\/www.bbmnoticias.com\\\/labravaradiofm\\\/wp-content\\\/uploads\\\/sites\\\/5\\\/2025\\\/08\\\/potencia_autos.jpg\",\"datePublished\":\"2025-08-11T18:53:36+00:00\",\"dateModified\":\"2025-08-11T18:53:57+00:00\",\"author\":{\"@id\":\"https:\\\/\\\/www.bbmnoticias.com\\\/labravaradiofm\\\/#\\\/schema\\\/person\\\/000bdaf0a8fb5bff0d537c4d0778e33f\"},\"breadcrumb\":{\"@id\":\"https:\\\/\\\/www.bbmnoticias.com\\\/blog\\\/2025\\\/08\\\/11\\\/esta-es-la-potencia-mundial-que-dominara-la-industria-automotriz-en-2040-segun-estudio\\\/#breadcrumb\"},\"inLanguage\":\"es\",\"potentialAction\":[{\"@type\":\"ReadAction\",\"target\":[\"https:\\\/\\\/www.bbmnoticias.com\\\/blog\\\/2025\\\/08\\\/11\\\/esta-es-la-potencia-mundial-que-dominara-la-industria-automotriz-en-2040-segun-estudio\\\/\"]}]},{\"@type\":\"ImageObject\",\"inLanguage\":\"es\",\"@id\":\"https:\\\/\\\/www.bbmnoticias.com\\\/blog\\\/2025\\\/08\\\/11\\\/esta-es-la-potencia-mundial-que-dominara-la-industria-automotriz-en-2040-segun-estudio\\\/#primaryimage\",\"url\":\"https:\\\/\\\/www.bbmnoticias.com\\\/labravaradiofm\\\/wp-content\\\/uploads\\\/sites\\\/5\\\/2025\\\/08\\\/potencia_autos.jpg\",\"contentUrl\":\"https:\\\/\\\/www.bbmnoticias.com\\\/labravaradiofm\\\/wp-content\\\/uploads\\\/sites\\\/5\\\/2025\\\/08\\\/potencia_autos.jpg\",\"width\":848,\"height\":477},{\"@type\":\"BreadcrumbList\",\"@id\":\"https:\\\/\\\/www.bbmnoticias.com\\\/blog\\\/2025\\\/08\\\/11\\\/esta-es-la-potencia-mundial-que-dominara-la-industria-automotriz-en-2040-segun-estudio\\\/#breadcrumb\",\"itemListElement\":[{\"@type\":\"ListItem\",\"position\":1,\"name\":\"Inicio\",\"item\":\"https:\\\/\\\/www.bbmnoticias.com\\\/labravaradiofm\\\/\"},{\"@type\":\"ListItem\",\"position\":2,\"name\":\"Esta es la potencia mundial que dominar\u00e1 la industria automotriz en 2040, seg\u00fan estudio\"}]},{\"@type\":\"WebSite\",\"@id\":\"https:\\\/\\\/www.bbmnoticias.com\\\/labravaradiofm\\\/#website\",\"url\":\"https:\\\/\\\/www.bbmnoticias.com\\\/labravaradiofm\\\/\",\"name\":\"LA BRAVA RADIO\",\"description\":\"Empresa productora de medios, Radiodifusi\u00f3n, Noticias, tendencias y todo lo que necesitas saber de la pol\u00edtica mexicana e internacional; entretenimiento, espect\u00e1culos, salud y mucho m\u00e1s.\",\"potentialAction\":[{\"@type\":\"SearchAction\",\"target\":{\"@type\":\"EntryPoint\",\"urlTemplate\":\"https:\\\/\\\/www.bbmnoticias.com\\\/labravaradiofm\\\/?s={search_term_string}\"},\"query-input\":{\"@type\":\"PropertyValueSpecification\",\"valueRequired\":true,\"valueName\":\"search_term_string\"}}],\"inLanguage\":\"es\"},{\"@type\":\"Person\",\"@id\":\"https:\\\/\\\/www.bbmnoticias.com\\\/labravaradiofm\\\/#\\\/schema\\\/person\\\/000bdaf0a8fb5bff0d537c4d0778e33f\",\"name\":\"Agencias\",\"image\":{\"@type\":\"ImageObject\",\"inLanguage\":\"es\",\"@id\":\"https:\\\/\\\/secure.gravatar.com\\\/avatar\\\/739e0b61adf9e398b425c36718c8752286da0e8cd90f20ce9a86678abc26aa0d?s=96&d=mm&r=g\",\"url\":\"https:\\\/\\\/secure.gravatar.com\\\/avatar\\\/739e0b61adf9e398b425c36718c8752286da0e8cd90f20ce9a86678abc26aa0d?s=96&d=mm&r=g\",\"contentUrl\":\"https:\\\/\\\/secure.gravatar.com\\\/avatar\\\/739e0b61adf9e398b425c36718c8752286da0e8cd90f20ce9a86678abc26aa0d?s=96&d=mm&r=g\",\"caption\":\"Agencias\"},\"url\":\"https:\\\/\\\/www.bbmnoticias.com\\\/labravaradiofm\\\/author\\\/agencias\\\/\"}]}<\/script>\n<!-- \/ Yoast SEO plugin. -->","yoast_head_json":{"title":"Esta es la potencia mundial que dominar\u00e1 la industria automotriz en 2040, seg\u00fan estudio - LA BRAVA RADIO","robots":{"index":"index","follow":"follow","max-snippet":"max-snippet:-1","max-image-preview":"max-image-preview:large","max-video-preview":"max-video-preview:-1"},"canonical":"https:\/\/www.bbmnoticias.com\/blog\/2025\/08\/11\/esta-es-la-potencia-mundial-que-dominara-la-industria-automotriz-en-2040-segun-estudio\/","og_locale":"es_MX","og_type":"article","og_title":"Esta es la potencia mundial que dominar\u00e1 la industria automotriz en 2040, seg\u00fan estudio - LA BRAVA RADIO","og_description":"Desde hace tiempo, China se consolid\u00f3 como el mayor exportador mundial de veh\u00edculos, y marcas como el Grupo Chery, due\u00f1o de Omoda y Jaecoo, est\u00e1n marcando nuevos hitos. A finales de julio de 2025, Chery ya hab\u00eda superado los 5,17 millones de autos exportados, lo que la convierte en la primera automotriz china en alcanzar [&hellip;]","og_url":"https:\/\/www.bbmnoticias.com\/blog\/2025\/08\/11\/esta-es-la-potencia-mundial-que-dominara-la-industria-automotriz-en-2040-segun-estudio\/","og_site_name":"LA BRAVA RADIO","article_published_time":"2025-08-11T18:53:36+00:00","article_modified_time":"2025-08-11T18:53:57+00:00","og_image":[{"width":848,"height":477,"url":"https:\/\/www.bbmnoticias.com\/labravaradiofm\/wp-content\/uploads\/sites\/5\/2025\/08\/potencia_autos.jpg","type":"image\/jpeg"}],"author":"Agencias","twitter_card":"summary_large_image","twitter_misc":{"Escrito por":"Agencias","Tiempo de lectura":"2 minutos"},"schema":{"@context":"https:\/\/schema.org","@graph":[{"@type":"Article","@id":"https:\/\/www.bbmnoticias.com\/blog\/2025\/08\/11\/esta-es-la-potencia-mundial-que-dominara-la-industria-automotriz-en-2040-segun-estudio\/#article","isPartOf":{"@id":"https:\/\/www.bbmnoticias.com\/labravaradiofm\/2025\/08\/11\/esta-es-la-potencia-mundial-que-dominara-la-industria-automotriz-en-2040-segun-estudio\/"},"author":{"name":"Agencias","@id":"https:\/\/www.bbmnoticias.com\/labravaradiofm\/#\/schema\/person\/000bdaf0a8fb5bff0d537c4d0778e33f"},"headline":"Esta es la potencia mundial que dominar\u00e1 la industria automotriz en 2040, seg\u00fan estudio","datePublished":"2025-08-11T18:53:36+00:00","dateModified":"2025-08-11T18:53:57+00:00","mainEntityOfPage":{"@id":"https:\/\/www.bbmnoticias.com\/labravaradiofm\/2025\/08\/11\/esta-es-la-potencia-mundial-que-dominara-la-industria-automotriz-en-2040-segun-estudio\/"},"wordCount":356,"image":{"@id":"https:\/\/www.bbmnoticias.com\/blog\/2025\/08\/11\/esta-es-la-potencia-mundial-que-dominara-la-industria-automotriz-en-2040-segun-estudio\/#primaryimage"},"thumbnailUrl":"https:\/\/www.bbmnoticias.com\/labravaradiofm\/wp-content\/uploads\/sites\/5\/2025\/08\/potencia_autos.jpg","articleSection":["INTERNACIONAL","LOCAL"],"inLanguage":"es"},{"@type":"WebPage","@id":"https:\/\/www.bbmnoticias.com\/labravaradiofm\/2025\/08\/11\/esta-es-la-potencia-mundial-que-dominara-la-industria-automotriz-en-2040-segun-estudio\/","url":"https:\/\/www.bbmnoticias.com\/blog\/2025\/08\/11\/esta-es-la-potencia-mundial-que-dominara-la-industria-automotriz-en-2040-segun-estudio\/","name":"Esta es la potencia mundial que dominar\u00e1 la industria automotriz en 2040, seg\u00fan estudio - LA BRAVA RADIO","isPartOf":{"@id":"https:\/\/www.bbmnoticias.com\/labravaradiofm\/#website"},"primaryImageOfPage":{"@id":"https:\/\/www.bbmnoticias.com\/blog\/2025\/08\/11\/esta-es-la-potencia-mundial-que-dominara-la-industria-automotriz-en-2040-segun-estudio\/#primaryimage"},"image":{"@id":"https:\/\/www.bbmnoticias.com\/blog\/2025\/08\/11\/esta-es-la-potencia-mundial-que-dominara-la-industria-automotriz-en-2040-segun-estudio\/#primaryimage"},"thumbnailUrl":"https:\/\/www.bbmnoticias.com\/labravaradiofm\/wp-content\/uploads\/sites\/5\/2025\/08\/potencia_autos.jpg","datePublished":"2025-08-11T18:53:36+00:00","dateModified":"2025-08-11T18:53:57+00:00","author":{"@id":"https:\/\/www.bbmnoticias.com\/labravaradiofm\/#\/schema\/person\/000bdaf0a8fb5bff0d537c4d0778e33f"},"breadcrumb":{"@id":"https:\/\/www.bbmnoticias.com\/blog\/2025\/08\/11\/esta-es-la-potencia-mundial-que-dominara-la-industria-automotriz-en-2040-segun-estudio\/#breadcrumb"},"inLanguage":"es","potentialAction":[{"@type":"ReadAction","target":["https:\/\/www.bbmnoticias.com\/blog\/2025\/08\/11\/esta-es-la-potencia-mundial-que-dominara-la-industria-automotriz-en-2040-segun-estudio\/"]}]},{"@type":"ImageObject","inLanguage":"es","@id":"https:\/\/www.bbmnoticias.com\/blog\/2025\/08\/11\/esta-es-la-potencia-mundial-que-dominara-la-industria-automotriz-en-2040-segun-estudio\/#primaryimage","url":"https:\/\/www.bbmnoticias.com\/labravaradiofm\/wp-content\/uploads\/sites\/5\/2025\/08\/potencia_autos.jpg","contentUrl":"https:\/\/www.bbmnoticias.com\/labravaradiofm\/wp-content\/uploads\/sites\/5\/2025\/08\/potencia_autos.jpg","width":848,"height":477},{"@type":"BreadcrumbList","@id":"https:\/\/www.bbmnoticias.com\/blog\/2025\/08\/11\/esta-es-la-potencia-mundial-que-dominara-la-industria-automotriz-en-2040-segun-estudio\/#breadcrumb","itemListElement":[{"@type":"ListItem","position":1,"name":"Inicio","item":"https:\/\/www.bbmnoticias.com\/labravaradiofm\/"},{"@type":"ListItem","position":2,"name":"Esta es la potencia mundial que dominar\u00e1 la industria automotriz en 2040, seg\u00fan estudio"}]},{"@type":"WebSite","@id":"https:\/\/www.bbmnoticias.com\/labravaradiofm\/#website","url":"https:\/\/www.bbmnoticias.com\/labravaradiofm\/","name":"LA BRAVA RADIO","description":"Empresa productora de medios, Radiodifusi\u00f3n, Noticias, tendencias y todo lo que necesitas saber de la pol\u00edtica mexicana e internacional; entretenimiento, espect\u00e1culos, salud y mucho m\u00e1s.","potentialAction":[{"@type":"SearchAction","target":{"@type":"EntryPoint","urlTemplate":"https:\/\/www.bbmnoticias.com\/labravaradiofm\/?s={search_term_string}"},"query-input":{"@type":"PropertyValueSpecification","valueRequired":true,"valueName":"search_term_string"}}],"inLanguage":"es"},{"@type":"Person","@id":"https:\/\/www.bbmnoticias.com\/labravaradiofm\/#\/schema\/person\/000bdaf0a8fb5bff0d537c4d0778e33f","name":"Agencias","image":{"@type":"ImageObject","inLanguage":"es","@id":"https:\/\/secure.gravatar.com\/avatar\/739e0b61adf9e398b425c36718c8752286da0e8cd90f20ce9a86678abc26aa0d?s=96&d=mm&r=g","url":"https:\/\/secure.gravatar.com\/avatar\/739e0b61adf9e398b425c36718c8752286da0e8cd90f20ce9a86678abc26aa0d?s=96&d=mm&r=g","contentUrl":"https:\/\/secure.gravatar.com\/avatar\/739e0b61adf9e398b425c36718c8752286da0e8cd90f20ce9a86678abc26aa0d?s=96&d=mm&r=g","caption":"Agencias"},"url":"https:\/\/www.bbmnoticias.com\/labravaradiofm\/author\/agencias\/"}]}},"_links":{"self":[{"href":"https:\/\/www.bbmnoticias.com\/labravaradiofm\/wp-json\/wp\/v2\/posts\/64822","targetHints":{"allow":["GET"]}}],"collection":[{"href":"https:\/\/www.bbmnoticias.com\/labravaradiofm\/wp-json\/wp\/v2\/posts"}],"about":[{"href":"https:\/\/www.bbmnoticias.com\/labravaradiofm\/wp-json\/wp\/v2\/types\/post"}],"author":[{"embeddable":true,"href":"https:\/\/www.bbmnoticias.com\/labravaradiofm\/wp-json\/wp\/v2\/users\/4"}],"replies":[{"embeddable":true,"href":"https:\/\/www.bbmnoticias.com\/labravaradiofm\/wp-json\/wp\/v2\/comments?post=64822"}],"version-history":[{"count":0,"href":"https:\/\/www.bbmnoticias.com\/labravaradiofm\/wp-json\/wp\/v2\/posts\/64822\/revisions"}],"wp:featuredmedia":[{"embeddable":true,"href":"https:\/\/www.bbmnoticias.com\/labravaradiofm\/wp-json\/wp\/v2\/media\/64824"}],"wp:attachment":[{"href":"https:\/\/www.bbmnoticias.com\/labravaradiofm\/wp-json\/wp\/v2\/media?parent=64822"}],"wp:term":[{"taxonomy":"category","embeddable":true,"href":"https:\/\/www.bbmnoticias.com\/labravaradiofm\/wp-json\/wp\/v2\/categories?post=64822"},{"taxonomy":"post_tag","embeddable":true,"href":"https:\/\/www.bbmnoticias.com\/labravaradiofm\/wp-json\/wp\/v2\/tags?post=64822"}],"curies":[{"name":"wp","href":"https:\/\/api.w.org\/{rel}","templated":true}]}}