{"id":64813,"date":"2025-08-11T10:48:44","date_gmt":"2025-08-11T16:48:44","guid":{"rendered":"https:\/\/www.bbmnoticias.com\/labravaradiofm\/2025\/08\/11\/se-encuentra-a-salvo-la-mezquita-catedral-de-cordoba\/"},"modified":"2025-08-11T10:49:16","modified_gmt":"2025-08-11T16:49:16","slug":"se-encuentra-a-salvo-la-mezquita-catedral-de-cordoba","status":"publish","type":"post","link":"https:\/\/www.bbmnoticias.com\/labravaradiofm\/2025\/08\/11\/se-encuentra-a-salvo-la-mezquita-catedral-de-cordoba\/","title":{"rendered":"Se encuentra a salvo la Mezquita\u00a0 Catedral de C\u00f3rdoba"},"content":{"rendered":"<div style=\"margin-top: 0px; margin-bottom: 0px;\" class=\"sharethis-inline-share-buttons\" ><\/div>\n<p><strong>C\u00f3rdoba, Espa\u00f1a.- <\/strong>&nbsp;Gracias a la r\u00e1pida actuaci\u00f3n de los bomberos , la Mezquita- Catedral de C\u00f3rdoba, monumento declarado patrimonio de la humanidad por la UNESCO en 1984,&nbsp; se mantiene a salvo tras el incendio que tuvo. Las investigaciones iniciales siguen apuntando a un cortocircuito de una de esas barredoras que se almacenaban en una de las capillas afectadas por el fuego.<\/p>\n\n\n\n<p>Son&nbsp; tres capillas del complejo y en una&nbsp; de ellas el techo&nbsp; se derrumb\u00f3, han informado autoridades de la catedral. Una de estas tres capillas, pertenecientes a la ampliaci\u00f3n que llev\u00f3 a cabo Almanzor en el interior de la Mezquita entre los a\u00f1os 976 y 1002, y de ah\u00ed salt\u00f3 a las cubiertas del edificio. La capilla cuyo techo ha colapsado es la denominada de la Anunciaci\u00f3n.<\/p>\n\n\n\n<p>En un bolet\u00edn\u00a0 la Junta de Andaluc\u00eda informaron\u00a0 de la inmediata visita de autoridades entre ellos, la consejera de Cultura y Deporte, Patricia del Pozo,\u00a0 ha resaltado que \u201cla r\u00e1pida actuaci\u00f3n conforme a los protocolos establecidos permiti\u00f3 extinguir las llamas y perimetrar el fuego evitando su expansi\u00f3n a otras zonas del monumento\u201d.\u00a0<\/p>\n\n\n\n<p>En este sentido, ha agradecido la gesti\u00f3n del Cabildo-Catedral y la labor de los bomberos y de las Fuerzas y Cuerpos de Seguridad por su \u201cpronta respuesta ante la situaci\u00f3n de emergencia\u201d.<\/p>\n\n\n\n<p>\u201cEl sistema de autoprotecci\u00f3n de la Mezquita-Catedral, que se controla peri\u00f3dicamente en colaboraci\u00f3n con el Cuerpo de Bomberos de C\u00f3rdoba y que est\u00e1 sujeto a permanente revisi\u00f3n, ha funcionado\u201d, ha indicado Del Pozo. Dicho sistema contempla, entre otras medidas, un procedimiento de detecci\u00f3n y una red de hidrantes en las cubiertas que permite la actuaci\u00f3n de los equipos de extinci\u00f3n.<\/p>\n\n\n\n<p>Indican que&nbsp; \u201cla Junta de Andaluc\u00eda mantiene una colaboraci\u00f3n estrecha y permanente con los titulares de los bienes patrimoniales declarados Patrimonio Mundial\u201d, al tiempo que ha mostrado \u201ctoda la disposici\u00f3n para colaborar en las tareas de limpieza y reconstrucci\u00f3n que haya que realizar en el principal monumento cordob\u00e9s\u201d.<\/p>\n\n\n\n<figure class=\"wp-block-image size-large\"><img decoding=\"async\" src=\"https:\/\/www.bbmnoticias.com\/wp-content\/uploads\/2025\/08\/la_mezquita02-1024x684.jpeg\" alt=\"\" class=\"wp-image-65271\"\/><\/figure>\n\n\n\n<p>Del Pozo ha recordado que, a ra\u00edz del incendio de la catedral de Notre-Dame en Par\u00eds, en 2019, se realiz\u00f3 una exhaustiva campa\u00f1a de revisi\u00f3n de los sistemas de extinci\u00f3n en los bienes de titularidad de la Junta\u201d y que \u201cesta labor se ha extendido a fen\u00f3menos naturales como los terremotos, tal como ocurri\u00f3 con el simulacro llevado a cabo el pasado abril en el Conjunto Arqueol\u00f3gico D\u00f3lmenes de Antequera, tambi\u00e9n declarado Patrimonio Mundial\u201d.<\/p>\n\n\n\n<p>La Mezquita-Catedral de C\u00f3rdoba en su informaci\u00f3n tur\u00edstica indica que&nbsp; \u201cla bella complejidad que supone la integraci\u00f3n de los m\u00e1s diversos estilos y soportes art\u00edsticos. Desde el Helenismo hasta el Barroco, pasando por el esplendor califal, este edificio nos brinda una completa e irrepetible visi\u00f3n de la Historia del Arte, un rico di\u00e1logo entre culturas.<\/p>\n\n\n\n<p>Su trayectoria, como primitiva bas\u00edlica visigoda, Aljama y posterior Catedral, da buena cuenta de que nos encontramos ante un edificio vivo, un edificio que se ha perpetuado a s\u00ed mismo a lo largo de los siglos. Nos situamos ante una arquitectura excepcional y prodigiosa que sigue provocando la emoci\u00f3n y perplejidad de todo aquel que la contempla\u201d.<\/p>\n","protected":false},"excerpt":{"rendered":"<p>C\u00f3rdoba, Espa\u00f1a.- &nbsp;Gracias a la r\u00e1pida actuaci\u00f3n de los bomberos , la Mezquita- Catedral de C\u00f3rdoba, monumento declarado patrimonio de la humanidad por la UNESCO en 1984,&nbsp; se mantiene a salvo tras el incendio que tuvo. Las investigaciones iniciales siguen apuntando a un cortocircuito de una de esas barredoras que se almacenaban en una de [&hellip;]<\/p>\n","protected":false},"author":6,"featured_media":64815,"comment_status":"closed","ping_status":"","sticky":false,"template":"","format":"standard","meta":{"footnotes":""},"categories":[949,2],"tags":[],"class_list":{"0":"post-64813","1":"post","2":"type-post","3":"status-publish","4":"format-standard","5":"has-post-thumbnail","7":"category-espectaculos","8":"category-oaxaca"},"yoast_head":"<!-- This site is optimized with the Yoast SEO plugin v27.4 - https:\/\/yoast.com\/product\/yoast-seo-wordpress\/ -->\n<title>Se encuentra a salvo la Mezquita\u00a0 Catedral de C\u00f3rdoba - LA BRAVA RADIO<\/title>\n<meta name=\"robots\" content=\"index, follow, max-snippet:-1, max-image-preview:large, max-video-preview:-1\" \/>\n<link rel=\"canonical\" href=\"https:\/\/www.bbmnoticias.com\/blog\/2025\/08\/11\/se-encuentra-a-salvo-la-mezquita-catedral-de-cordoba\/\" \/>\n<meta property=\"og:locale\" content=\"es_MX\" \/>\n<meta property=\"og:type\" content=\"article\" \/>\n<meta property=\"og:title\" content=\"Se encuentra a salvo la Mezquita\u00a0 Catedral de C\u00f3rdoba - LA BRAVA RADIO\" \/>\n<meta property=\"og:description\" content=\"C\u00f3rdoba, Espa\u00f1a.- &nbsp;Gracias a la r\u00e1pida actuaci\u00f3n de los bomberos , la Mezquita- Catedral de C\u00f3rdoba, monumento declarado patrimonio de la humanidad por la UNESCO en 1984,&nbsp; se mantiene a salvo tras el incendio que tuvo. Las investigaciones iniciales siguen apuntando a un cortocircuito de una de esas barredoras que se almacenaban en una de [&hellip;]\" \/>\n<meta property=\"og:url\" content=\"https:\/\/www.bbmnoticias.com\/blog\/2025\/08\/11\/se-encuentra-a-salvo-la-mezquita-catedral-de-cordoba\/\" \/>\n<meta property=\"og:site_name\" content=\"LA BRAVA RADIO\" \/>\n<meta property=\"article:published_time\" content=\"2025-08-11T16:48:44+00:00\" \/>\n<meta property=\"article:modified_time\" content=\"2025-08-11T16:49:16+00:00\" \/>\n<meta property=\"og:image\" content=\"https:\/\/www.bbmnoticias.com\/labravaradiofm\/wp-content\/uploads\/sites\/5\/2025\/08\/la_mezquita01.jpeg\" \/>\n\t<meta property=\"og:image:width\" content=\"1280\" \/>\n\t<meta property=\"og:image:height\" content=\"855\" \/>\n\t<meta property=\"og:image:type\" content=\"image\/jpeg\" \/>\n<meta name=\"author\" content=\"Mar\u00eda Esther Beltr\u00e1n Mart\u00ednez\" \/>\n<meta name=\"twitter:card\" content=\"summary_large_image\" \/>\n<meta name=\"twitter:label1\" content=\"Escrito por\" \/>\n\t<meta name=\"twitter:data1\" content=\"Mar\u00eda Esther Beltr\u00e1n Mart\u00ednez\" \/>\n\t<meta name=\"twitter:label2\" content=\"Tiempo de lectura\" \/>\n\t<meta name=\"twitter:data2\" content=\"3 minutos\" \/>\n<script type=\"application\/ld+json\" class=\"yoast-schema-graph\">{\"@context\":\"https:\\\/\\\/schema.org\",\"@graph\":[{\"@type\":\"Article\",\"@id\":\"https:\\\/\\\/www.bbmnoticias.com\\\/blog\\\/2025\\\/08\\\/11\\\/se-encuentra-a-salvo-la-mezquita-catedral-de-cordoba\\\/#article\",\"isPartOf\":{\"@id\":\"https:\\\/\\\/www.bbmnoticias.com\\\/labravaradiofm\\\/2025\\\/08\\\/11\\\/se-encuentra-a-salvo-la-mezquita-catedral-de-cordoba\\\/\"},\"author\":{\"name\":\"Mar\u00eda Esther Beltr\u00e1n Mart\u00ednez\",\"@id\":\"https:\\\/\\\/www.bbmnoticias.com\\\/labravaradiofm\\\/#\\\/schema\\\/person\\\/ff037dabcc375d1b25289b6fd3902bd6\"},\"headline\":\"Se encuentra a salvo la Mezquita\u00a0 Catedral de C\u00f3rdoba\",\"datePublished\":\"2025-08-11T16:48:44+00:00\",\"dateModified\":\"2025-08-11T16:49:16+00:00\",\"mainEntityOfPage\":{\"@id\":\"https:\\\/\\\/www.bbmnoticias.com\\\/labravaradiofm\\\/2025\\\/08\\\/11\\\/se-encuentra-a-salvo-la-mezquita-catedral-de-cordoba\\\/\"},\"wordCount\":566,\"image\":{\"@id\":\"https:\\\/\\\/www.bbmnoticias.com\\\/blog\\\/2025\\\/08\\\/11\\\/se-encuentra-a-salvo-la-mezquita-catedral-de-cordoba\\\/#primaryimage\"},\"thumbnailUrl\":\"https:\\\/\\\/www.bbmnoticias.com\\\/labravaradiofm\\\/wp-content\\\/uploads\\\/sites\\\/5\\\/2025\\\/08\\\/la_mezquita01.jpeg\",\"articleSection\":[\"ESPECT\u00c1CULOS\",\"LOCAL\"],\"inLanguage\":\"es\"},{\"@type\":\"WebPage\",\"@id\":\"https:\\\/\\\/www.bbmnoticias.com\\\/labravaradiofm\\\/2025\\\/08\\\/11\\\/se-encuentra-a-salvo-la-mezquita-catedral-de-cordoba\\\/\",\"url\":\"https:\\\/\\\/www.bbmnoticias.com\\\/blog\\\/2025\\\/08\\\/11\\\/se-encuentra-a-salvo-la-mezquita-catedral-de-cordoba\\\/\",\"name\":\"Se encuentra a salvo la Mezquita\u00a0 Catedral de C\u00f3rdoba - LA BRAVA RADIO\",\"isPartOf\":{\"@id\":\"https:\\\/\\\/www.bbmnoticias.com\\\/labravaradiofm\\\/#website\"},\"primaryImageOfPage\":{\"@id\":\"https:\\\/\\\/www.bbmnoticias.com\\\/blog\\\/2025\\\/08\\\/11\\\/se-encuentra-a-salvo-la-mezquita-catedral-de-cordoba\\\/#primaryimage\"},\"image\":{\"@id\":\"https:\\\/\\\/www.bbmnoticias.com\\\/blog\\\/2025\\\/08\\\/11\\\/se-encuentra-a-salvo-la-mezquita-catedral-de-cordoba\\\/#primaryimage\"},\"thumbnailUrl\":\"https:\\\/\\\/www.bbmnoticias.com\\\/labravaradiofm\\\/wp-content\\\/uploads\\\/sites\\\/5\\\/2025\\\/08\\\/la_mezquita01.jpeg\",\"datePublished\":\"2025-08-11T16:48:44+00:00\",\"dateModified\":\"2025-08-11T16:49:16+00:00\",\"author\":{\"@id\":\"https:\\\/\\\/www.bbmnoticias.com\\\/labravaradiofm\\\/#\\\/schema\\\/person\\\/ff037dabcc375d1b25289b6fd3902bd6\"},\"breadcrumb\":{\"@id\":\"https:\\\/\\\/www.bbmnoticias.com\\\/blog\\\/2025\\\/08\\\/11\\\/se-encuentra-a-salvo-la-mezquita-catedral-de-cordoba\\\/#breadcrumb\"},\"inLanguage\":\"es\",\"potentialAction\":[{\"@type\":\"ReadAction\",\"target\":[\"https:\\\/\\\/www.bbmnoticias.com\\\/blog\\\/2025\\\/08\\\/11\\\/se-encuentra-a-salvo-la-mezquita-catedral-de-cordoba\\\/\"]}]},{\"@type\":\"ImageObject\",\"inLanguage\":\"es\",\"@id\":\"https:\\\/\\\/www.bbmnoticias.com\\\/blog\\\/2025\\\/08\\\/11\\\/se-encuentra-a-salvo-la-mezquita-catedral-de-cordoba\\\/#primaryimage\",\"url\":\"https:\\\/\\\/www.bbmnoticias.com\\\/labravaradiofm\\\/wp-content\\\/uploads\\\/sites\\\/5\\\/2025\\\/08\\\/la_mezquita01.jpeg\",\"contentUrl\":\"https:\\\/\\\/www.bbmnoticias.com\\\/labravaradiofm\\\/wp-content\\\/uploads\\\/sites\\\/5\\\/2025\\\/08\\\/la_mezquita01.jpeg\",\"width\":1280,\"height\":855},{\"@type\":\"BreadcrumbList\",\"@id\":\"https:\\\/\\\/www.bbmnoticias.com\\\/blog\\\/2025\\\/08\\\/11\\\/se-encuentra-a-salvo-la-mezquita-catedral-de-cordoba\\\/#breadcrumb\",\"itemListElement\":[{\"@type\":\"ListItem\",\"position\":1,\"name\":\"Inicio\",\"item\":\"https:\\\/\\\/www.bbmnoticias.com\\\/labravaradiofm\\\/\"},{\"@type\":\"ListItem\",\"position\":2,\"name\":\"Se encuentra a salvo la Mezquita\u00a0 Catedral de C\u00f3rdoba\"}]},{\"@type\":\"WebSite\",\"@id\":\"https:\\\/\\\/www.bbmnoticias.com\\\/labravaradiofm\\\/#website\",\"url\":\"https:\\\/\\\/www.bbmnoticias.com\\\/labravaradiofm\\\/\",\"name\":\"LA BRAVA RADIO\",\"description\":\"Empresa productora de medios, Radiodifusi\u00f3n, Noticias, tendencias y todo lo que necesitas saber de la pol\u00edtica mexicana e internacional; entretenimiento, espect\u00e1culos, salud y mucho m\u00e1s.\",\"potentialAction\":[{\"@type\":\"SearchAction\",\"target\":{\"@type\":\"EntryPoint\",\"urlTemplate\":\"https:\\\/\\\/www.bbmnoticias.com\\\/labravaradiofm\\\/?s={search_term_string}\"},\"query-input\":{\"@type\":\"PropertyValueSpecification\",\"valueRequired\":true,\"valueName\":\"search_term_string\"}}],\"inLanguage\":\"es\"},{\"@type\":\"Person\",\"@id\":\"https:\\\/\\\/www.bbmnoticias.com\\\/labravaradiofm\\\/#\\\/schema\\\/person\\\/ff037dabcc375d1b25289b6fd3902bd6\",\"name\":\"Mar\u00eda Esther Beltr\u00e1n Mart\u00ednez\",\"image\":{\"@type\":\"ImageObject\",\"inLanguage\":\"es\",\"@id\":\"https:\\\/\\\/secure.gravatar.com\\\/avatar\\\/50efe5915c3eac137dcc550ff1c590bc6054705eb482a33520c9501c8eec550f?s=96&d=mm&r=g\",\"url\":\"https:\\\/\\\/secure.gravatar.com\\\/avatar\\\/50efe5915c3eac137dcc550ff1c590bc6054705eb482a33520c9501c8eec550f?s=96&d=mm&r=g\",\"contentUrl\":\"https:\\\/\\\/secure.gravatar.com\\\/avatar\\\/50efe5915c3eac137dcc550ff1c590bc6054705eb482a33520c9501c8eec550f?s=96&d=mm&r=g\",\"caption\":\"Mar\u00eda Esther Beltr\u00e1n Mart\u00ednez\"},\"url\":\"https:\\\/\\\/www.bbmnoticias.com\\\/labravaradiofm\\\/author\\\/maria\\\/\"}]}<\/script>\n<!-- \/ Yoast SEO plugin. -->","yoast_head_json":{"title":"Se encuentra a salvo la Mezquita\u00a0 Catedral de C\u00f3rdoba - LA BRAVA RADIO","robots":{"index":"index","follow":"follow","max-snippet":"max-snippet:-1","max-image-preview":"max-image-preview:large","max-video-preview":"max-video-preview:-1"},"canonical":"https:\/\/www.bbmnoticias.com\/blog\/2025\/08\/11\/se-encuentra-a-salvo-la-mezquita-catedral-de-cordoba\/","og_locale":"es_MX","og_type":"article","og_title":"Se encuentra a salvo la Mezquita\u00a0 Catedral de C\u00f3rdoba - LA BRAVA RADIO","og_description":"C\u00f3rdoba, Espa\u00f1a.- &nbsp;Gracias a la r\u00e1pida actuaci\u00f3n de los bomberos , la Mezquita- Catedral de C\u00f3rdoba, monumento declarado patrimonio de la humanidad por la UNESCO en 1984,&nbsp; se mantiene a salvo tras el incendio que tuvo. Las investigaciones iniciales siguen apuntando a un cortocircuito de una de esas barredoras que se almacenaban en una de [&hellip;]","og_url":"https:\/\/www.bbmnoticias.com\/blog\/2025\/08\/11\/se-encuentra-a-salvo-la-mezquita-catedral-de-cordoba\/","og_site_name":"LA BRAVA RADIO","article_published_time":"2025-08-11T16:48:44+00:00","article_modified_time":"2025-08-11T16:49:16+00:00","og_image":[{"width":1280,"height":855,"url":"https:\/\/www.bbmnoticias.com\/labravaradiofm\/wp-content\/uploads\/sites\/5\/2025\/08\/la_mezquita01.jpeg","type":"image\/jpeg"}],"author":"Mar\u00eda Esther Beltr\u00e1n Mart\u00ednez","twitter_card":"summary_large_image","twitter_misc":{"Escrito por":"Mar\u00eda Esther Beltr\u00e1n Mart\u00ednez","Tiempo de lectura":"3 minutos"},"schema":{"@context":"https:\/\/schema.org","@graph":[{"@type":"Article","@id":"https:\/\/www.bbmnoticias.com\/blog\/2025\/08\/11\/se-encuentra-a-salvo-la-mezquita-catedral-de-cordoba\/#article","isPartOf":{"@id":"https:\/\/www.bbmnoticias.com\/labravaradiofm\/2025\/08\/11\/se-encuentra-a-salvo-la-mezquita-catedral-de-cordoba\/"},"author":{"name":"Mar\u00eda Esther Beltr\u00e1n Mart\u00ednez","@id":"https:\/\/www.bbmnoticias.com\/labravaradiofm\/#\/schema\/person\/ff037dabcc375d1b25289b6fd3902bd6"},"headline":"Se encuentra a salvo la Mezquita\u00a0 Catedral de C\u00f3rdoba","datePublished":"2025-08-11T16:48:44+00:00","dateModified":"2025-08-11T16:49:16+00:00","mainEntityOfPage":{"@id":"https:\/\/www.bbmnoticias.com\/labravaradiofm\/2025\/08\/11\/se-encuentra-a-salvo-la-mezquita-catedral-de-cordoba\/"},"wordCount":566,"image":{"@id":"https:\/\/www.bbmnoticias.com\/blog\/2025\/08\/11\/se-encuentra-a-salvo-la-mezquita-catedral-de-cordoba\/#primaryimage"},"thumbnailUrl":"https:\/\/www.bbmnoticias.com\/labravaradiofm\/wp-content\/uploads\/sites\/5\/2025\/08\/la_mezquita01.jpeg","articleSection":["ESPECT\u00c1CULOS","LOCAL"],"inLanguage":"es"},{"@type":"WebPage","@id":"https:\/\/www.bbmnoticias.com\/labravaradiofm\/2025\/08\/11\/se-encuentra-a-salvo-la-mezquita-catedral-de-cordoba\/","url":"https:\/\/www.bbmnoticias.com\/blog\/2025\/08\/11\/se-encuentra-a-salvo-la-mezquita-catedral-de-cordoba\/","name":"Se encuentra a salvo la Mezquita\u00a0 Catedral de C\u00f3rdoba - LA BRAVA RADIO","isPartOf":{"@id":"https:\/\/www.bbmnoticias.com\/labravaradiofm\/#website"},"primaryImageOfPage":{"@id":"https:\/\/www.bbmnoticias.com\/blog\/2025\/08\/11\/se-encuentra-a-salvo-la-mezquita-catedral-de-cordoba\/#primaryimage"},"image":{"@id":"https:\/\/www.bbmnoticias.com\/blog\/2025\/08\/11\/se-encuentra-a-salvo-la-mezquita-catedral-de-cordoba\/#primaryimage"},"thumbnailUrl":"https:\/\/www.bbmnoticias.com\/labravaradiofm\/wp-content\/uploads\/sites\/5\/2025\/08\/la_mezquita01.jpeg","datePublished":"2025-08-11T16:48:44+00:00","dateModified":"2025-08-11T16:49:16+00:00","author":{"@id":"https:\/\/www.bbmnoticias.com\/labravaradiofm\/#\/schema\/person\/ff037dabcc375d1b25289b6fd3902bd6"},"breadcrumb":{"@id":"https:\/\/www.bbmnoticias.com\/blog\/2025\/08\/11\/se-encuentra-a-salvo-la-mezquita-catedral-de-cordoba\/#breadcrumb"},"inLanguage":"es","potentialAction":[{"@type":"ReadAction","target":["https:\/\/www.bbmnoticias.com\/blog\/2025\/08\/11\/se-encuentra-a-salvo-la-mezquita-catedral-de-cordoba\/"]}]},{"@type":"ImageObject","inLanguage":"es","@id":"https:\/\/www.bbmnoticias.com\/blog\/2025\/08\/11\/se-encuentra-a-salvo-la-mezquita-catedral-de-cordoba\/#primaryimage","url":"https:\/\/www.bbmnoticias.com\/labravaradiofm\/wp-content\/uploads\/sites\/5\/2025\/08\/la_mezquita01.jpeg","contentUrl":"https:\/\/www.bbmnoticias.com\/labravaradiofm\/wp-content\/uploads\/sites\/5\/2025\/08\/la_mezquita01.jpeg","width":1280,"height":855},{"@type":"BreadcrumbList","@id":"https:\/\/www.bbmnoticias.com\/blog\/2025\/08\/11\/se-encuentra-a-salvo-la-mezquita-catedral-de-cordoba\/#breadcrumb","itemListElement":[{"@type":"ListItem","position":1,"name":"Inicio","item":"https:\/\/www.bbmnoticias.com\/labravaradiofm\/"},{"@type":"ListItem","position":2,"name":"Se encuentra a salvo la Mezquita\u00a0 Catedral de C\u00f3rdoba"}]},{"@type":"WebSite","@id":"https:\/\/www.bbmnoticias.com\/labravaradiofm\/#website","url":"https:\/\/www.bbmnoticias.com\/labravaradiofm\/","name":"LA BRAVA RADIO","description":"Empresa productora de medios, Radiodifusi\u00f3n, Noticias, tendencias y todo lo que necesitas saber de la pol\u00edtica mexicana e internacional; entretenimiento, espect\u00e1culos, salud y mucho m\u00e1s.","potentialAction":[{"@type":"SearchAction","target":{"@type":"EntryPoint","urlTemplate":"https:\/\/www.bbmnoticias.com\/labravaradiofm\/?s={search_term_string}"},"query-input":{"@type":"PropertyValueSpecification","valueRequired":true,"valueName":"search_term_string"}}],"inLanguage":"es"},{"@type":"Person","@id":"https:\/\/www.bbmnoticias.com\/labravaradiofm\/#\/schema\/person\/ff037dabcc375d1b25289b6fd3902bd6","name":"Mar\u00eda Esther Beltr\u00e1n Mart\u00ednez","image":{"@type":"ImageObject","inLanguage":"es","@id":"https:\/\/secure.gravatar.com\/avatar\/50efe5915c3eac137dcc550ff1c590bc6054705eb482a33520c9501c8eec550f?s=96&d=mm&r=g","url":"https:\/\/secure.gravatar.com\/avatar\/50efe5915c3eac137dcc550ff1c590bc6054705eb482a33520c9501c8eec550f?s=96&d=mm&r=g","contentUrl":"https:\/\/secure.gravatar.com\/avatar\/50efe5915c3eac137dcc550ff1c590bc6054705eb482a33520c9501c8eec550f?s=96&d=mm&r=g","caption":"Mar\u00eda Esther Beltr\u00e1n Mart\u00ednez"},"url":"https:\/\/www.bbmnoticias.com\/labravaradiofm\/author\/maria\/"}]}},"_links":{"self":[{"href":"https:\/\/www.bbmnoticias.com\/labravaradiofm\/wp-json\/wp\/v2\/posts\/64813","targetHints":{"allow":["GET"]}}],"collection":[{"href":"https:\/\/www.bbmnoticias.com\/labravaradiofm\/wp-json\/wp\/v2\/posts"}],"about":[{"href":"https:\/\/www.bbmnoticias.com\/labravaradiofm\/wp-json\/wp\/v2\/types\/post"}],"author":[{"embeddable":true,"href":"https:\/\/www.bbmnoticias.com\/labravaradiofm\/wp-json\/wp\/v2\/users\/6"}],"replies":[{"embeddable":true,"href":"https:\/\/www.bbmnoticias.com\/labravaradiofm\/wp-json\/wp\/v2\/comments?post=64813"}],"version-history":[{"count":0,"href":"https:\/\/www.bbmnoticias.com\/labravaradiofm\/wp-json\/wp\/v2\/posts\/64813\/revisions"}],"wp:featuredmedia":[{"embeddable":true,"href":"https:\/\/www.bbmnoticias.com\/labravaradiofm\/wp-json\/wp\/v2\/media\/64815"}],"wp:attachment":[{"href":"https:\/\/www.bbmnoticias.com\/labravaradiofm\/wp-json\/wp\/v2\/media?parent=64813"}],"wp:term":[{"taxonomy":"category","embeddable":true,"href":"https:\/\/www.bbmnoticias.com\/labravaradiofm\/wp-json\/wp\/v2\/categories?post=64813"},{"taxonomy":"post_tag","embeddable":true,"href":"https:\/\/www.bbmnoticias.com\/labravaradiofm\/wp-json\/wp\/v2\/tags?post=64813"}],"curies":[{"name":"wp","href":"https:\/\/api.w.org\/{rel}","templated":true}]}}