{"id":64807,"date":"2025-08-11T08:34:33","date_gmt":"2025-08-11T14:34:33","guid":{"rendered":"https:\/\/www.bbmnoticias.com\/labravaradiofm\/2025\/08\/11\/utiles-escolares-2025-profeco-pide-comparar-precios-en-este-regreso-a-clases\/"},"modified":"2025-08-11T08:34:42","modified_gmt":"2025-08-11T14:34:42","slug":"utiles-escolares-2025-profeco-pide-comparar-precios-en-este-regreso-a-clases","status":"publish","type":"post","link":"https:\/\/www.bbmnoticias.com\/labravaradiofm\/2025\/08\/11\/utiles-escolares-2025-profeco-pide-comparar-precios-en-este-regreso-a-clases\/","title":{"rendered":"\u00datiles escolares 2025: Profeco pide comparar precios en este regreso a clases"},"content":{"rendered":"<div style=\"margin-top: 0px; margin-bottom: 0px;\" class=\"sharethis-inline-share-buttons\" ><\/div>\n<p><strong>C\u00e9sar Iv\u00e1n Escalante Ruiz<\/strong>, <strong>procurador Federal del Consumidor<\/strong>, llam\u00f3 a <strong>comparar precios<\/strong> para este <strong>regreso a clases.<\/strong>\u00a0En la conferencia de prensa matutina, record\u00f3 que el <strong>16 de agosto<\/strong> se llevar\u00e1 a cabo en la Ciudad de M\u00e9xico la <strong>Feria de Regreso a Clases 2025<\/strong>.<\/p>\n\n\n\n<p>El <strong>titular de Profeco<\/strong> inform\u00f3 que el <strong>precio del litro de la gasolina<\/strong> <strong>regular<\/strong> es de<strong> 23.56 pesos<\/strong> y <strong>Finabien<\/strong> &nbsp;ya es primera opci\u00f3n para el envi\u00f3 de remesas desde <strong>Estados Unidos<\/strong>.<\/p>\n\n\n\n<p>Refiri\u00f3 que el <strong>Laboratorio Nacional de Protecci\u00f3n al Consumidor<\/strong> que est\u00e1 publicado en la&nbsp;<strong>revista El Consumidor<\/strong> de agosto se hizo un estudio de calidad de 105 productos que integran la <strong>lista de \u00fatiles escolares<\/strong> por poner se cuenta con art\u00edculos de muy similares caracter\u00edsticas y con precios diferentes.<\/p>\n\n\n\n<p>Se\u00f1al\u00f3 que en <strong>modalidad<\/strong> impresa en l\u00ednea se puedan revisar todos los estudios que se hicieron los <strong>precios promedio<\/strong> de cada uno de estos art\u00edculos para poder tomar una mejor decisi\u00f3n al momento de adquirir estos productos en el regreso a clases.\u00a0<\/p>\n\n\n\n<figure class=\"wp-block-image\"><img decoding=\"async\" src=\"https:\/\/heraldodemexico.com.mx\/u\/fotografias\/m\/2025\/8\/11\/f768x1-1167517_1167644_5050.jpg\" alt=\"\"\/><figcaption class=\"wp-element-caption\">Llama a comparar precios de \u00fatiles escolares. Foto: Cuartoscuro<\/figcaption><\/figure>\n\n\n\n<h2 class=\"wp-block-heading\">Precios de \u00fatiles escolares<\/h2>\n\n\n\n<p>Puso como ejemplo que una<strong> barra adhesiva<\/strong> en un <strong>establecimiento<\/strong> el mismo producto puede estar entre 10 y hasta 17 pesos, en <strong>pegamento l\u00edquido<\/strong> va de <strong>17.90 pesos<\/strong> hasta<strong> 39 pesos<\/strong>.<\/p>\n\n\n\n<p>El <strong>titula de Profeco<\/strong> inform\u00f3 que el operativo de regreso a clases finaliza el 31 de agosto por lo que recorridos, <strong>vigilancia<\/strong>, <strong>monitoreo<\/strong> de precios y atenci\u00f3n a personas consumidoras.<\/p>\n\n\n\n<figure class=\"wp-block-pullquote\"><blockquote><p>\u201cY recordarles tambi\u00e9n que el pr\u00f3ximo s\u00e1bado 16 de agosto tenemos nuestra feria de regreso a clases en la Ciudad de M\u00e9xico y hay 41 ferias en todo el pa\u00eds de manera tambi\u00e9n coordinada con con muchas autoridades estatales, municipales y con c\u00e1maras de comercio\u201d, recalc\u00f3.<\/p><\/blockquote><\/figure>\n\n\n\n<p>De los consejos <strong>Profeco<\/strong> de la semana &nbsp;est\u00e1 que \u201c1. <strong>Finabien<\/strong> ya es la opci\u00f3n n\u00famero 1 para cobrar el dinero que te env\u00edan a trav\u00e9s de dep\u00f3sito a cuenta o transferencia hay mil 700 sucursales en todo el pa\u00eds\u201d.<\/p>\n\n\n\n<figure class=\"wp-block-pullquote\"><blockquote><p>\u201c2. El precio promedio de litro de gasolina regular est\u00e1 en 23.56 pesos consulta el mapa virtual y ubica las estaciones de servicio con precios justos. 3. Antes de adquirir los \u00fatiles escolares revise el estudio de calidad de la revista del consumidor para hacer compras informadas. 4. Consulta en nuestra p\u00e1gina de internet las fechas de las ferias de regreso a clases 2025 que se llevan a cabo en todo el pa\u00eds. El 16 de agosto ser\u00e1 en la Ciudad de M\u00e9xico\u201d, afirm\u00f3.<\/p><\/blockquote><\/figure>\n","protected":false},"excerpt":{"rendered":"<p>C\u00e9sar Iv\u00e1n Escalante Ruiz, procurador Federal del Consumidor, llam\u00f3 a comparar precios para este regreso a clases.\u00a0En la conferencia de prensa matutina, record\u00f3 que el 16 de agosto se llevar\u00e1 a cabo en la Ciudad de M\u00e9xico la Feria de Regreso a Clases 2025. El titular de Profeco inform\u00f3 que el precio del litro de [&hellip;]<\/p>\n","protected":false},"author":15,"featured_media":64809,"comment_status":"closed","ping_status":"","sticky":false,"template":"","format":"standard","meta":{"footnotes":""},"categories":[2,19],"tags":[],"class_list":{"0":"post-64807","1":"post","2":"type-post","3":"status-publish","4":"format-standard","5":"has-post-thumbnail","7":"category-oaxaca","8":"category-nacional"},"yoast_head":"<!-- This site is optimized with the Yoast SEO plugin v27.4 - https:\/\/yoast.com\/product\/yoast-seo-wordpress\/ -->\n<title>\u00datiles escolares 2025: Profeco pide comparar precios en este regreso a clases - LA BRAVA RADIO<\/title>\n<meta name=\"robots\" content=\"index, follow, max-snippet:-1, max-image-preview:large, max-video-preview:-1\" \/>\n<link rel=\"canonical\" href=\"https:\/\/www.bbmnoticias.com\/blog\/2025\/08\/11\/utiles-escolares-2025-profeco-pide-comparar-precios-en-este-regreso-a-clases\/\" \/>\n<meta property=\"og:locale\" content=\"es_MX\" \/>\n<meta property=\"og:type\" content=\"article\" \/>\n<meta property=\"og:title\" content=\"\u00datiles escolares 2025: Profeco pide comparar precios en este regreso a clases - LA BRAVA RADIO\" \/>\n<meta property=\"og:description\" content=\"C\u00e9sar Iv\u00e1n Escalante Ruiz, procurador Federal del Consumidor, llam\u00f3 a comparar precios para este regreso a clases.\u00a0En la conferencia de prensa matutina, record\u00f3 que el 16 de agosto se llevar\u00e1 a cabo en la Ciudad de M\u00e9xico la Feria de Regreso a Clases 2025. El titular de Profeco inform\u00f3 que el precio del litro de [&hellip;]\" \/>\n<meta property=\"og:url\" content=\"https:\/\/www.bbmnoticias.com\/blog\/2025\/08\/11\/utiles-escolares-2025-profeco-pide-comparar-precios-en-este-regreso-a-clases\/\" \/>\n<meta property=\"og:site_name\" content=\"LA BRAVA RADIO\" \/>\n<meta property=\"article:published_time\" content=\"2025-08-11T14:34:33+00:00\" \/>\n<meta property=\"article:modified_time\" content=\"2025-08-11T14:34:42+00:00\" \/>\n<meta property=\"og:image\" content=\"https:\/\/www.bbmnoticias.com\/labravaradiofm\/wp-content\/uploads\/sites\/5\/2025\/08\/regreso_clases.jpg\" \/>\n\t<meta property=\"og:image:width\" content=\"1456\" \/>\n\t<meta property=\"og:image:height\" content=\"819\" \/>\n\t<meta property=\"og:image:type\" content=\"image\/jpeg\" \/>\n<meta name=\"author\" content=\"El Heraldo\" \/>\n<meta name=\"twitter:card\" content=\"summary_large_image\" \/>\n<meta name=\"twitter:label1\" content=\"Escrito por\" \/>\n\t<meta name=\"twitter:data1\" content=\"El Heraldo\" \/>\n\t<meta name=\"twitter:label2\" content=\"Tiempo de lectura\" \/>\n\t<meta name=\"twitter:data2\" content=\"2 minutos\" \/>\n<script type=\"application\/ld+json\" class=\"yoast-schema-graph\">{\"@context\":\"https:\\\/\\\/schema.org\",\"@graph\":[{\"@type\":\"Article\",\"@id\":\"https:\\\/\\\/www.bbmnoticias.com\\\/blog\\\/2025\\\/08\\\/11\\\/utiles-escolares-2025-profeco-pide-comparar-precios-en-este-regreso-a-clases\\\/#article\",\"isPartOf\":{\"@id\":\"https:\\\/\\\/www.bbmnoticias.com\\\/labravaradiofm\\\/2025\\\/08\\\/11\\\/utiles-escolares-2025-profeco-pide-comparar-precios-en-este-regreso-a-clases\\\/\"},\"author\":{\"name\":\"El Heraldo\",\"@id\":\"https:\\\/\\\/www.bbmnoticias.com\\\/labravaradiofm\\\/#\\\/schema\\\/person\\\/78ff63fb371c799850071f4b5feb0b7a\"},\"headline\":\"\u00datiles escolares 2025: Profeco pide comparar precios en este regreso a clases\",\"datePublished\":\"2025-08-11T14:34:33+00:00\",\"dateModified\":\"2025-08-11T14:34:42+00:00\",\"mainEntityOfPage\":{\"@id\":\"https:\\\/\\\/www.bbmnoticias.com\\\/labravaradiofm\\\/2025\\\/08\\\/11\\\/utiles-escolares-2025-profeco-pide-comparar-precios-en-este-regreso-a-clases\\\/\"},\"wordCount\":435,\"image\":{\"@id\":\"https:\\\/\\\/www.bbmnoticias.com\\\/blog\\\/2025\\\/08\\\/11\\\/utiles-escolares-2025-profeco-pide-comparar-precios-en-este-regreso-a-clases\\\/#primaryimage\"},\"thumbnailUrl\":\"https:\\\/\\\/www.bbmnoticias.com\\\/labravaradiofm\\\/wp-content\\\/uploads\\\/sites\\\/5\\\/2025\\\/08\\\/regreso_clases.jpg\",\"articleSection\":[\"LOCAL\",\"NACIONAL\"],\"inLanguage\":\"es\"},{\"@type\":\"WebPage\",\"@id\":\"https:\\\/\\\/www.bbmnoticias.com\\\/labravaradiofm\\\/2025\\\/08\\\/11\\\/utiles-escolares-2025-profeco-pide-comparar-precios-en-este-regreso-a-clases\\\/\",\"url\":\"https:\\\/\\\/www.bbmnoticias.com\\\/blog\\\/2025\\\/08\\\/11\\\/utiles-escolares-2025-profeco-pide-comparar-precios-en-este-regreso-a-clases\\\/\",\"name\":\"\u00datiles escolares 2025: Profeco pide comparar precios en este regreso a clases - LA BRAVA RADIO\",\"isPartOf\":{\"@id\":\"https:\\\/\\\/www.bbmnoticias.com\\\/labravaradiofm\\\/#website\"},\"primaryImageOfPage\":{\"@id\":\"https:\\\/\\\/www.bbmnoticias.com\\\/blog\\\/2025\\\/08\\\/11\\\/utiles-escolares-2025-profeco-pide-comparar-precios-en-este-regreso-a-clases\\\/#primaryimage\"},\"image\":{\"@id\":\"https:\\\/\\\/www.bbmnoticias.com\\\/blog\\\/2025\\\/08\\\/11\\\/utiles-escolares-2025-profeco-pide-comparar-precios-en-este-regreso-a-clases\\\/#primaryimage\"},\"thumbnailUrl\":\"https:\\\/\\\/www.bbmnoticias.com\\\/labravaradiofm\\\/wp-content\\\/uploads\\\/sites\\\/5\\\/2025\\\/08\\\/regreso_clases.jpg\",\"datePublished\":\"2025-08-11T14:34:33+00:00\",\"dateModified\":\"2025-08-11T14:34:42+00:00\",\"author\":{\"@id\":\"https:\\\/\\\/www.bbmnoticias.com\\\/labravaradiofm\\\/#\\\/schema\\\/person\\\/78ff63fb371c799850071f4b5feb0b7a\"},\"breadcrumb\":{\"@id\":\"https:\\\/\\\/www.bbmnoticias.com\\\/blog\\\/2025\\\/08\\\/11\\\/utiles-escolares-2025-profeco-pide-comparar-precios-en-este-regreso-a-clases\\\/#breadcrumb\"},\"inLanguage\":\"es\",\"potentialAction\":[{\"@type\":\"ReadAction\",\"target\":[\"https:\\\/\\\/www.bbmnoticias.com\\\/blog\\\/2025\\\/08\\\/11\\\/utiles-escolares-2025-profeco-pide-comparar-precios-en-este-regreso-a-clases\\\/\"]}]},{\"@type\":\"ImageObject\",\"inLanguage\":\"es\",\"@id\":\"https:\\\/\\\/www.bbmnoticias.com\\\/blog\\\/2025\\\/08\\\/11\\\/utiles-escolares-2025-profeco-pide-comparar-precios-en-este-regreso-a-clases\\\/#primaryimage\",\"url\":\"https:\\\/\\\/www.bbmnoticias.com\\\/labravaradiofm\\\/wp-content\\\/uploads\\\/sites\\\/5\\\/2025\\\/08\\\/regreso_clases.jpg\",\"contentUrl\":\"https:\\\/\\\/www.bbmnoticias.com\\\/labravaradiofm\\\/wp-content\\\/uploads\\\/sites\\\/5\\\/2025\\\/08\\\/regreso_clases.jpg\",\"width\":1456,\"height\":819},{\"@type\":\"BreadcrumbList\",\"@id\":\"https:\\\/\\\/www.bbmnoticias.com\\\/blog\\\/2025\\\/08\\\/11\\\/utiles-escolares-2025-profeco-pide-comparar-precios-en-este-regreso-a-clases\\\/#breadcrumb\",\"itemListElement\":[{\"@type\":\"ListItem\",\"position\":1,\"name\":\"Inicio\",\"item\":\"https:\\\/\\\/www.bbmnoticias.com\\\/labravaradiofm\\\/\"},{\"@type\":\"ListItem\",\"position\":2,\"name\":\"\u00datiles escolares 2025: Profeco pide comparar precios en este regreso a clases\"}]},{\"@type\":\"WebSite\",\"@id\":\"https:\\\/\\\/www.bbmnoticias.com\\\/labravaradiofm\\\/#website\",\"url\":\"https:\\\/\\\/www.bbmnoticias.com\\\/labravaradiofm\\\/\",\"name\":\"LA BRAVA RADIO\",\"description\":\"Empresa productora de medios, Radiodifusi\u00f3n, Noticias, tendencias y todo lo que necesitas saber de la pol\u00edtica mexicana e internacional; entretenimiento, espect\u00e1culos, salud y mucho m\u00e1s.\",\"potentialAction\":[{\"@type\":\"SearchAction\",\"target\":{\"@type\":\"EntryPoint\",\"urlTemplate\":\"https:\\\/\\\/www.bbmnoticias.com\\\/labravaradiofm\\\/?s={search_term_string}\"},\"query-input\":{\"@type\":\"PropertyValueSpecification\",\"valueRequired\":true,\"valueName\":\"search_term_string\"}}],\"inLanguage\":\"es\"},{\"@type\":\"Person\",\"@id\":\"https:\\\/\\\/www.bbmnoticias.com\\\/labravaradiofm\\\/#\\\/schema\\\/person\\\/78ff63fb371c799850071f4b5feb0b7a\",\"name\":\"El Heraldo\",\"image\":{\"@type\":\"ImageObject\",\"inLanguage\":\"es\",\"@id\":\"https:\\\/\\\/secure.gravatar.com\\\/avatar\\\/463017be041288b5a196814ef7242bd62699b857f306e4b5b61b533e8a87f404?s=96&d=mm&r=g\",\"url\":\"https:\\\/\\\/secure.gravatar.com\\\/avatar\\\/463017be041288b5a196814ef7242bd62699b857f306e4b5b61b533e8a87f404?s=96&d=mm&r=g\",\"contentUrl\":\"https:\\\/\\\/secure.gravatar.com\\\/avatar\\\/463017be041288b5a196814ef7242bd62699b857f306e4b5b61b533e8a87f404?s=96&d=mm&r=g\",\"caption\":\"El Heraldo\"},\"url\":\"https:\\\/\\\/www.bbmnoticias.com\\\/labravaradiofm\\\/author\\\/heraldo\\\/\"}]}<\/script>\n<!-- \/ Yoast SEO plugin. -->","yoast_head_json":{"title":"\u00datiles escolares 2025: Profeco pide comparar precios en este regreso a clases - LA BRAVA RADIO","robots":{"index":"index","follow":"follow","max-snippet":"max-snippet:-1","max-image-preview":"max-image-preview:large","max-video-preview":"max-video-preview:-1"},"canonical":"https:\/\/www.bbmnoticias.com\/blog\/2025\/08\/11\/utiles-escolares-2025-profeco-pide-comparar-precios-en-este-regreso-a-clases\/","og_locale":"es_MX","og_type":"article","og_title":"\u00datiles escolares 2025: Profeco pide comparar precios en este regreso a clases - LA BRAVA RADIO","og_description":"C\u00e9sar Iv\u00e1n Escalante Ruiz, procurador Federal del Consumidor, llam\u00f3 a comparar precios para este regreso a clases.\u00a0En la conferencia de prensa matutina, record\u00f3 que el 16 de agosto se llevar\u00e1 a cabo en la Ciudad de M\u00e9xico la Feria de Regreso a Clases 2025. El titular de Profeco inform\u00f3 que el precio del litro de [&hellip;]","og_url":"https:\/\/www.bbmnoticias.com\/blog\/2025\/08\/11\/utiles-escolares-2025-profeco-pide-comparar-precios-en-este-regreso-a-clases\/","og_site_name":"LA BRAVA RADIO","article_published_time":"2025-08-11T14:34:33+00:00","article_modified_time":"2025-08-11T14:34:42+00:00","og_image":[{"width":1456,"height":819,"url":"https:\/\/www.bbmnoticias.com\/labravaradiofm\/wp-content\/uploads\/sites\/5\/2025\/08\/regreso_clases.jpg","type":"image\/jpeg"}],"author":"El Heraldo","twitter_card":"summary_large_image","twitter_misc":{"Escrito por":"El Heraldo","Tiempo de lectura":"2 minutos"},"schema":{"@context":"https:\/\/schema.org","@graph":[{"@type":"Article","@id":"https:\/\/www.bbmnoticias.com\/blog\/2025\/08\/11\/utiles-escolares-2025-profeco-pide-comparar-precios-en-este-regreso-a-clases\/#article","isPartOf":{"@id":"https:\/\/www.bbmnoticias.com\/labravaradiofm\/2025\/08\/11\/utiles-escolares-2025-profeco-pide-comparar-precios-en-este-regreso-a-clases\/"},"author":{"name":"El Heraldo","@id":"https:\/\/www.bbmnoticias.com\/labravaradiofm\/#\/schema\/person\/78ff63fb371c799850071f4b5feb0b7a"},"headline":"\u00datiles escolares 2025: Profeco pide comparar precios en este regreso a clases","datePublished":"2025-08-11T14:34:33+00:00","dateModified":"2025-08-11T14:34:42+00:00","mainEntityOfPage":{"@id":"https:\/\/www.bbmnoticias.com\/labravaradiofm\/2025\/08\/11\/utiles-escolares-2025-profeco-pide-comparar-precios-en-este-regreso-a-clases\/"},"wordCount":435,"image":{"@id":"https:\/\/www.bbmnoticias.com\/blog\/2025\/08\/11\/utiles-escolares-2025-profeco-pide-comparar-precios-en-este-regreso-a-clases\/#primaryimage"},"thumbnailUrl":"https:\/\/www.bbmnoticias.com\/labravaradiofm\/wp-content\/uploads\/sites\/5\/2025\/08\/regreso_clases.jpg","articleSection":["LOCAL","NACIONAL"],"inLanguage":"es"},{"@type":"WebPage","@id":"https:\/\/www.bbmnoticias.com\/labravaradiofm\/2025\/08\/11\/utiles-escolares-2025-profeco-pide-comparar-precios-en-este-regreso-a-clases\/","url":"https:\/\/www.bbmnoticias.com\/blog\/2025\/08\/11\/utiles-escolares-2025-profeco-pide-comparar-precios-en-este-regreso-a-clases\/","name":"\u00datiles escolares 2025: Profeco pide comparar precios en este regreso a clases - LA BRAVA RADIO","isPartOf":{"@id":"https:\/\/www.bbmnoticias.com\/labravaradiofm\/#website"},"primaryImageOfPage":{"@id":"https:\/\/www.bbmnoticias.com\/blog\/2025\/08\/11\/utiles-escolares-2025-profeco-pide-comparar-precios-en-este-regreso-a-clases\/#primaryimage"},"image":{"@id":"https:\/\/www.bbmnoticias.com\/blog\/2025\/08\/11\/utiles-escolares-2025-profeco-pide-comparar-precios-en-este-regreso-a-clases\/#primaryimage"},"thumbnailUrl":"https:\/\/www.bbmnoticias.com\/labravaradiofm\/wp-content\/uploads\/sites\/5\/2025\/08\/regreso_clases.jpg","datePublished":"2025-08-11T14:34:33+00:00","dateModified":"2025-08-11T14:34:42+00:00","author":{"@id":"https:\/\/www.bbmnoticias.com\/labravaradiofm\/#\/schema\/person\/78ff63fb371c799850071f4b5feb0b7a"},"breadcrumb":{"@id":"https:\/\/www.bbmnoticias.com\/blog\/2025\/08\/11\/utiles-escolares-2025-profeco-pide-comparar-precios-en-este-regreso-a-clases\/#breadcrumb"},"inLanguage":"es","potentialAction":[{"@type":"ReadAction","target":["https:\/\/www.bbmnoticias.com\/blog\/2025\/08\/11\/utiles-escolares-2025-profeco-pide-comparar-precios-en-este-regreso-a-clases\/"]}]},{"@type":"ImageObject","inLanguage":"es","@id":"https:\/\/www.bbmnoticias.com\/blog\/2025\/08\/11\/utiles-escolares-2025-profeco-pide-comparar-precios-en-este-regreso-a-clases\/#primaryimage","url":"https:\/\/www.bbmnoticias.com\/labravaradiofm\/wp-content\/uploads\/sites\/5\/2025\/08\/regreso_clases.jpg","contentUrl":"https:\/\/www.bbmnoticias.com\/labravaradiofm\/wp-content\/uploads\/sites\/5\/2025\/08\/regreso_clases.jpg","width":1456,"height":819},{"@type":"BreadcrumbList","@id":"https:\/\/www.bbmnoticias.com\/blog\/2025\/08\/11\/utiles-escolares-2025-profeco-pide-comparar-precios-en-este-regreso-a-clases\/#breadcrumb","itemListElement":[{"@type":"ListItem","position":1,"name":"Inicio","item":"https:\/\/www.bbmnoticias.com\/labravaradiofm\/"},{"@type":"ListItem","position":2,"name":"\u00datiles escolares 2025: Profeco pide comparar precios en este regreso a clases"}]},{"@type":"WebSite","@id":"https:\/\/www.bbmnoticias.com\/labravaradiofm\/#website","url":"https:\/\/www.bbmnoticias.com\/labravaradiofm\/","name":"LA BRAVA RADIO","description":"Empresa productora de medios, Radiodifusi\u00f3n, Noticias, tendencias y todo lo que necesitas saber de la pol\u00edtica mexicana e internacional; entretenimiento, espect\u00e1culos, salud y mucho m\u00e1s.","potentialAction":[{"@type":"SearchAction","target":{"@type":"EntryPoint","urlTemplate":"https:\/\/www.bbmnoticias.com\/labravaradiofm\/?s={search_term_string}"},"query-input":{"@type":"PropertyValueSpecification","valueRequired":true,"valueName":"search_term_string"}}],"inLanguage":"es"},{"@type":"Person","@id":"https:\/\/www.bbmnoticias.com\/labravaradiofm\/#\/schema\/person\/78ff63fb371c799850071f4b5feb0b7a","name":"El Heraldo","image":{"@type":"ImageObject","inLanguage":"es","@id":"https:\/\/secure.gravatar.com\/avatar\/463017be041288b5a196814ef7242bd62699b857f306e4b5b61b533e8a87f404?s=96&d=mm&r=g","url":"https:\/\/secure.gravatar.com\/avatar\/463017be041288b5a196814ef7242bd62699b857f306e4b5b61b533e8a87f404?s=96&d=mm&r=g","contentUrl":"https:\/\/secure.gravatar.com\/avatar\/463017be041288b5a196814ef7242bd62699b857f306e4b5b61b533e8a87f404?s=96&d=mm&r=g","caption":"El Heraldo"},"url":"https:\/\/www.bbmnoticias.com\/labravaradiofm\/author\/heraldo\/"}]}},"_links":{"self":[{"href":"https:\/\/www.bbmnoticias.com\/labravaradiofm\/wp-json\/wp\/v2\/posts\/64807","targetHints":{"allow":["GET"]}}],"collection":[{"href":"https:\/\/www.bbmnoticias.com\/labravaradiofm\/wp-json\/wp\/v2\/posts"}],"about":[{"href":"https:\/\/www.bbmnoticias.com\/labravaradiofm\/wp-json\/wp\/v2\/types\/post"}],"author":[{"embeddable":true,"href":"https:\/\/www.bbmnoticias.com\/labravaradiofm\/wp-json\/wp\/v2\/users\/15"}],"replies":[{"embeddable":true,"href":"https:\/\/www.bbmnoticias.com\/labravaradiofm\/wp-json\/wp\/v2\/comments?post=64807"}],"version-history":[{"count":0,"href":"https:\/\/www.bbmnoticias.com\/labravaradiofm\/wp-json\/wp\/v2\/posts\/64807\/revisions"}],"wp:featuredmedia":[{"embeddable":true,"href":"https:\/\/www.bbmnoticias.com\/labravaradiofm\/wp-json\/wp\/v2\/media\/64809"}],"wp:attachment":[{"href":"https:\/\/www.bbmnoticias.com\/labravaradiofm\/wp-json\/wp\/v2\/media?parent=64807"}],"wp:term":[{"taxonomy":"category","embeddable":true,"href":"https:\/\/www.bbmnoticias.com\/labravaradiofm\/wp-json\/wp\/v2\/categories?post=64807"},{"taxonomy":"post_tag","embeddable":true,"href":"https:\/\/www.bbmnoticias.com\/labravaradiofm\/wp-json\/wp\/v2\/tags?post=64807"}],"curies":[{"name":"wp","href":"https:\/\/api.w.org\/{rel}","templated":true}]}}