{"id":6410,"date":"2021-11-30T13:32:02","date_gmt":"2021-11-30T19:32:02","guid":{"rendered":"https:\/\/www.bbmnoticias.com\/labravaradiofm\/?p=6410"},"modified":"2021-11-30T13:32:03","modified_gmt":"2021-11-30T19:32:03","slug":"renuncia-francisco-angel-villarreal-al-ieepo","status":"publish","type":"post","link":"https:\/\/www.bbmnoticias.com\/labravaradiofm\/2021\/11\/30\/renuncia-francisco-angel-villarreal-al-ieepo\/","title":{"rendered":"Renuncia Francisco \u00c1ngel Villarreal al IEEPO"},"content":{"rendered":"<div style=\"margin-top: 0px; margin-bottom: 0px;\" class=\"sharethis-inline-share-buttons\" ><\/div>\n<p><strong>OAXACA, Oax.-<\/strong> El director general del Instituto Estatal de Educaci\u00f3n P\u00fablica de Oaxaca (IEEPO) Francisco \u00c1ngel Villarreal present\u00f3 este martes su renuncia tras cuatro a\u00f1os de gesti\u00f3n como parte del gabinete del gobernador de Oaxaca, Alejandro Murat Hinojosa.<\/p>\n\n\n\n<p>Aunque la dependencia no ha confirmado su dimisi\u00f3n, en un video de Facebook el hasta hoy funcionario estatal agradeci\u00f3 la confianza y la oportunidad brindada por el jefe del Ejecutivo para dirigir la dependencia.<\/p>\n\n\n\n<p>\u201cHace cuatro a\u00f1os comenz\u00f3 una de las oportunidades m\u00e1s importantes de mi vida profesional, ser el responsable de la educaci\u00f3n de las y los oaxaque\u00f1os. Los retos de estar al frente del IEEPO no eran menores; en treinta a\u00f1os no se hab\u00eda logrado superar la confrontaci\u00f3n entre el magisterio y la instituci\u00f3n, exist\u00eda un rezago sistem\u00e1tico que afectaba directamente el futuro de nuestras ni\u00f1as y ni\u00f1os. Con resultados, nos ganamos la confianza de las y los maestros, se logr\u00f3 la colaboraci\u00f3n con los padres y madres de familia y se refrend\u00f3 el compromiso de todos lo que conformamos este instituto.<\/p>\n\n\n\n<figure class=\"wp-block-embed is-type-rich is-provider-twitter wp-block-embed-twitter\"><div class=\"wp-block-embed__wrapper\">\n<blockquote class=\"twitter-tweet\" data-width=\"550\" data-dnt=\"true\"><p lang=\"es\" dir=\"ltr\">Hoy he decidido concluir mi etapa como director de Educaci\u00f3n P\u00fablica en el <a href=\"https:\/\/twitter.com\/IEEPOGobOax?ref_src=twsrc%5Etfw\">@IEEPOGobOax<\/a>.Quiero agradecer a nuestro gobernador <a href=\"https:\/\/twitter.com\/alejandromurat?ref_src=twsrc%5Etfw\">@alejandromurat<\/a> por depositar su confianza en m\u00ed y a cada una de las personas que ayudaron a resguardar y fortalecer la educaci\u00f3n de las y los oaxaque\u00f1os. <a href=\"https:\/\/t.co\/h9gsGa8cEQ\">pic.twitter.com\/h9gsGa8cEQ<\/a><\/p>&mdash; Francisco Villarreal (@VillarrealPaco) <a href=\"https:\/\/twitter.com\/VillarrealPaco\/status\/1465752513831972869?ref_src=twsrc%5Etfw\">November 30, 2021<\/a><\/blockquote><script async src=\"https:\/\/platform.twitter.com\/widgets.js\" charset=\"utf-8\"><\/script>\n<\/div><\/figure>\n\n\n\n<p>Sumando la voluntad de las y los estudiantes, la vocaci\u00f3n de las y los maestros, el esfuerzo de las y los trabajadores concluimos tres ciclos escolares consecutivos; hicimos el mayor equipamiento de escuelas de la \u00faltima d\u00e9cada, implementamos la estrategia para impulsar y preservar la educaci\u00f3n ind\u00edgena, echamos a andar programas de educaci\u00f3n por radio y televisi\u00f3n y, recientemente, obtuvimos la primera certificaci\u00f3n en materia de igualdad laboral y no discriminaci\u00f3n para una instituci\u00f3n gubernamental\u201d, se\u00f1al\u00f3 Francisco \u00c1ngel Villarreal.<\/p>\n\n\n\n<p>Entre los resultados que Francisco Villarreal entreg\u00f3 a frente de la instituci\u00f3n, est\u00e1 la gesti\u00f3n para el pago de la totalidad de las incidencias administrativas correspondientes a los tr\u00e1mites de ascenso, promoci\u00f3n y horas adicionales de trabajo solicitadas por los maestros de Oaxaca en 2014 y 2015 que no procedieron por la entrada en vigor de la Reforma Educativa.&nbsp;<\/p>\n\n\n\n<p>Adicionalmente, bajo su gesti\u00f3n se establecieron v\u00ednculos con m\u00e1s de once pa\u00edses para la definici\u00f3n de programas conjuntos y herramientas que permitan mejorar la calidad educativa en un escenario post pandemia.<\/p>\n\n\n\n<p>Igualmente, el IEEPO obtuvo bajo la direcci\u00f3n de Francisco Villarreal la Certificaci\u00f3n Voluntaria NMX-R-025-SCFI-2015 en Igualdad Laboral y No Discriminaci\u00f3n, convirti\u00e9ndose en el \u00fanico Organismo Descentralizado de Educaci\u00f3n estatal en M\u00e9xico que ha recibido este certificado.<\/p>\n\n\n\n<p>Entre las acciones encaminadas a erradicar la discriminaci\u00f3n y fomentar la igualdad de oportunidades que se pusieron en marcha en el instituto se encuentran la conformaci\u00f3n de grupos de trabajo mixtos; tareas de sensibilizaci\u00f3n para todo el personal; el uso obligatorio de un lenguaje incluyente, no sexista y accesible; la flexibilizaci\u00f3n de horarios de trabajo y licencias de paternidad; la creaci\u00f3n de salas de lactancia y espacios de f\u00e1cil acceso para discapacitados; as\u00ed como la implementaci\u00f3n de mecanismos para medir el clima laboral y prevenir la violencia dentro de sus instalaciones.<\/p>\n\n\n\n<p>Por \u00faltimo, Francisco \u00c1ngel Villarreal agradeci\u00f3 \u201ca todas y todos los que se han sumado por la educaci\u00f3n de Oaxaca, los padres y madres de familia, profesores, directores, equipos de mantenimiento e intendencia, administrativos, capacitadores y todos aquellos que dieron lo mejor de s\u00ed para garantizar el futuro de nuestro Estado\u201d.<\/p>\n","protected":false},"excerpt":{"rendered":"<p>OAXACA, Oax.- El director general del Instituto Estatal de Educaci\u00f3n P\u00fablica de Oaxaca (IEEPO) Francisco \u00c1ngel Villarreal present\u00f3 este martes su renuncia tras cuatro a\u00f1os de gesti\u00f3n como parte del gabinete del gobernador de Oaxaca, Alejandro Murat Hinojosa. Aunque la dependencia no ha confirmado su dimisi\u00f3n, en un video de Facebook el hasta hoy funcionario [&hellip;]<\/p>\n","protected":false},"author":5,"featured_media":6411,"comment_status":"closed","ping_status":"closed","sticky":false,"template":"","format":"standard","meta":{"footnotes":""},"categories":[2],"tags":[],"class_list":{"0":"post-6410","1":"post","2":"type-post","3":"status-publish","4":"format-standard","5":"has-post-thumbnail","7":"category-oaxaca"},"yoast_head":"<!-- This site is optimized with the Yoast SEO plugin v27.4 - https:\/\/yoast.com\/product\/yoast-seo-wordpress\/ -->\n<title>Renuncia Francisco \u00c1ngel Villarreal al IEEPO - LA BRAVA RADIO<\/title>\n<meta name=\"robots\" content=\"index, follow, max-snippet:-1, max-image-preview:large, max-video-preview:-1\" \/>\n<link rel=\"canonical\" href=\"https:\/\/www.bbmnoticias.com\/labravaradiofm\/2021\/11\/30\/renuncia-francisco-angel-villarreal-al-ieepo\/\" \/>\n<meta property=\"og:locale\" content=\"es_MX\" \/>\n<meta property=\"og:type\" content=\"article\" \/>\n<meta property=\"og:title\" content=\"Renuncia Francisco \u00c1ngel Villarreal al IEEPO - LA BRAVA RADIO\" \/>\n<meta property=\"og:description\" content=\"OAXACA, Oax.- El director general del Instituto Estatal de Educaci\u00f3n P\u00fablica de Oaxaca (IEEPO) Francisco \u00c1ngel Villarreal present\u00f3 este martes su renuncia tras cuatro a\u00f1os de gesti\u00f3n como parte del gabinete del gobernador de Oaxaca, Alejandro Murat Hinojosa. Aunque la dependencia no ha confirmado su dimisi\u00f3n, en un video de Facebook el hasta hoy funcionario [&hellip;]\" \/>\n<meta property=\"og:url\" content=\"https:\/\/www.bbmnoticias.com\/labravaradiofm\/2021\/11\/30\/renuncia-francisco-angel-villarreal-al-ieepo\/\" \/>\n<meta property=\"og:site_name\" content=\"LA BRAVA RADIO\" \/>\n<meta property=\"article:published_time\" content=\"2021-11-30T19:32:02+00:00\" \/>\n<meta property=\"article:modified_time\" content=\"2021-11-30T19:32:03+00:00\" \/>\n<meta property=\"og:image\" content=\"https:\/\/www.bbmnoticias.com\/labravaradiofm\/wp-content\/uploads\/sites\/5\/2021\/11\/francisco-villareal30112021.jpg\" \/>\n\t<meta property=\"og:image:width\" content=\"600\" \/>\n\t<meta property=\"og:image:height\" content=\"397\" \/>\n\t<meta property=\"og:image:type\" content=\"image\/jpeg\" \/>\n<meta name=\"author\" content=\"Quadratin\" \/>\n<meta name=\"twitter:card\" content=\"summary_large_image\" \/>\n<meta name=\"twitter:label1\" content=\"Escrito por\" \/>\n\t<meta name=\"twitter:data1\" content=\"Quadratin\" \/>\n\t<meta name=\"twitter:label2\" content=\"Tiempo de lectura\" \/>\n\t<meta name=\"twitter:data2\" content=\"3 minutos\" \/>\n<script type=\"application\/ld+json\" class=\"yoast-schema-graph\">{\"@context\":\"https:\\\/\\\/schema.org\",\"@graph\":[{\"@type\":\"Article\",\"@id\":\"https:\\\/\\\/www.bbmnoticias.com\\\/labravaradiofm\\\/2021\\\/11\\\/30\\\/renuncia-francisco-angel-villarreal-al-ieepo\\\/#article\",\"isPartOf\":{\"@id\":\"https:\\\/\\\/www.bbmnoticias.com\\\/labravaradiofm\\\/2021\\\/11\\\/30\\\/renuncia-francisco-angel-villarreal-al-ieepo\\\/\"},\"author\":{\"name\":\"Quadratin\",\"@id\":\"https:\\\/\\\/www.bbmnoticias.com\\\/labravaradiofm\\\/#\\\/schema\\\/person\\\/c316b6f6c03640cce5d9482ba5a8e5c2\"},\"headline\":\"Renuncia Francisco \u00c1ngel Villarreal al IEEPO\",\"datePublished\":\"2021-11-30T19:32:02+00:00\",\"dateModified\":\"2021-11-30T19:32:03+00:00\",\"mainEntityOfPage\":{\"@id\":\"https:\\\/\\\/www.bbmnoticias.com\\\/labravaradiofm\\\/2021\\\/11\\\/30\\\/renuncia-francisco-angel-villarreal-al-ieepo\\\/\"},\"wordCount\":582,\"image\":{\"@id\":\"https:\\\/\\\/www.bbmnoticias.com\\\/labravaradiofm\\\/2021\\\/11\\\/30\\\/renuncia-francisco-angel-villarreal-al-ieepo\\\/#primaryimage\"},\"thumbnailUrl\":\"https:\\\/\\\/www.bbmnoticias.com\\\/labravaradiofm\\\/wp-content\\\/uploads\\\/sites\\\/5\\\/2021\\\/11\\\/francisco-villareal30112021.jpg\",\"articleSection\":[\"LOCAL\"],\"inLanguage\":\"es\"},{\"@type\":\"WebPage\",\"@id\":\"https:\\\/\\\/www.bbmnoticias.com\\\/labravaradiofm\\\/2021\\\/11\\\/30\\\/renuncia-francisco-angel-villarreal-al-ieepo\\\/\",\"url\":\"https:\\\/\\\/www.bbmnoticias.com\\\/labravaradiofm\\\/2021\\\/11\\\/30\\\/renuncia-francisco-angel-villarreal-al-ieepo\\\/\",\"name\":\"Renuncia Francisco \u00c1ngel Villarreal al IEEPO - LA BRAVA RADIO\",\"isPartOf\":{\"@id\":\"https:\\\/\\\/www.bbmnoticias.com\\\/labravaradiofm\\\/#website\"},\"primaryImageOfPage\":{\"@id\":\"https:\\\/\\\/www.bbmnoticias.com\\\/labravaradiofm\\\/2021\\\/11\\\/30\\\/renuncia-francisco-angel-villarreal-al-ieepo\\\/#primaryimage\"},\"image\":{\"@id\":\"https:\\\/\\\/www.bbmnoticias.com\\\/labravaradiofm\\\/2021\\\/11\\\/30\\\/renuncia-francisco-angel-villarreal-al-ieepo\\\/#primaryimage\"},\"thumbnailUrl\":\"https:\\\/\\\/www.bbmnoticias.com\\\/labravaradiofm\\\/wp-content\\\/uploads\\\/sites\\\/5\\\/2021\\\/11\\\/francisco-villareal30112021.jpg\",\"datePublished\":\"2021-11-30T19:32:02+00:00\",\"dateModified\":\"2021-11-30T19:32:03+00:00\",\"author\":{\"@id\":\"https:\\\/\\\/www.bbmnoticias.com\\\/labravaradiofm\\\/#\\\/schema\\\/person\\\/c316b6f6c03640cce5d9482ba5a8e5c2\"},\"breadcrumb\":{\"@id\":\"https:\\\/\\\/www.bbmnoticias.com\\\/labravaradiofm\\\/2021\\\/11\\\/30\\\/renuncia-francisco-angel-villarreal-al-ieepo\\\/#breadcrumb\"},\"inLanguage\":\"es\",\"potentialAction\":[{\"@type\":\"ReadAction\",\"target\":[\"https:\\\/\\\/www.bbmnoticias.com\\\/labravaradiofm\\\/2021\\\/11\\\/30\\\/renuncia-francisco-angel-villarreal-al-ieepo\\\/\"]}]},{\"@type\":\"ImageObject\",\"inLanguage\":\"es\",\"@id\":\"https:\\\/\\\/www.bbmnoticias.com\\\/labravaradiofm\\\/2021\\\/11\\\/30\\\/renuncia-francisco-angel-villarreal-al-ieepo\\\/#primaryimage\",\"url\":\"https:\\\/\\\/www.bbmnoticias.com\\\/labravaradiofm\\\/wp-content\\\/uploads\\\/sites\\\/5\\\/2021\\\/11\\\/francisco-villareal30112021.jpg\",\"contentUrl\":\"https:\\\/\\\/www.bbmnoticias.com\\\/labravaradiofm\\\/wp-content\\\/uploads\\\/sites\\\/5\\\/2021\\\/11\\\/francisco-villareal30112021.jpg\",\"width\":600,\"height\":397},{\"@type\":\"BreadcrumbList\",\"@id\":\"https:\\\/\\\/www.bbmnoticias.com\\\/labravaradiofm\\\/2021\\\/11\\\/30\\\/renuncia-francisco-angel-villarreal-al-ieepo\\\/#breadcrumb\",\"itemListElement\":[{\"@type\":\"ListItem\",\"position\":1,\"name\":\"Inicio\",\"item\":\"https:\\\/\\\/www.bbmnoticias.com\\\/labravaradiofm\\\/\"},{\"@type\":\"ListItem\",\"position\":2,\"name\":\"Renuncia Francisco \u00c1ngel Villarreal al IEEPO\"}]},{\"@type\":\"WebSite\",\"@id\":\"https:\\\/\\\/www.bbmnoticias.com\\\/labravaradiofm\\\/#website\",\"url\":\"https:\\\/\\\/www.bbmnoticias.com\\\/labravaradiofm\\\/\",\"name\":\"LA BRAVA RADIO\",\"description\":\"Empresa productora de medios, Radiodifusi\u00f3n, Noticias, tendencias y todo lo que necesitas saber de la pol\u00edtica mexicana e internacional; entretenimiento, espect\u00e1culos, salud y mucho m\u00e1s.\",\"potentialAction\":[{\"@type\":\"SearchAction\",\"target\":{\"@type\":\"EntryPoint\",\"urlTemplate\":\"https:\\\/\\\/www.bbmnoticias.com\\\/labravaradiofm\\\/?s={search_term_string}\"},\"query-input\":{\"@type\":\"PropertyValueSpecification\",\"valueRequired\":true,\"valueName\":\"search_term_string\"}}],\"inLanguage\":\"es\"},{\"@type\":\"Person\",\"@id\":\"https:\\\/\\\/www.bbmnoticias.com\\\/labravaradiofm\\\/#\\\/schema\\\/person\\\/c316b6f6c03640cce5d9482ba5a8e5c2\",\"name\":\"Quadratin\",\"image\":{\"@type\":\"ImageObject\",\"inLanguage\":\"es\",\"@id\":\"https:\\\/\\\/secure.gravatar.com\\\/avatar\\\/34008d7d72488432d6a74f81e839efc9f754b118786ca32cf39d9d5508a68f63?s=96&d=mm&r=g\",\"url\":\"https:\\\/\\\/secure.gravatar.com\\\/avatar\\\/34008d7d72488432d6a74f81e839efc9f754b118786ca32cf39d9d5508a68f63?s=96&d=mm&r=g\",\"contentUrl\":\"https:\\\/\\\/secure.gravatar.com\\\/avatar\\\/34008d7d72488432d6a74f81e839efc9f754b118786ca32cf39d9d5508a68f63?s=96&d=mm&r=g\",\"caption\":\"Quadratin\"},\"url\":\"https:\\\/\\\/www.bbmnoticias.com\\\/labravaradiofm\\\/author\\\/quadratin\\\/\"}]}<\/script>\n<!-- \/ Yoast SEO plugin. -->","yoast_head_json":{"title":"Renuncia Francisco \u00c1ngel Villarreal al IEEPO - LA BRAVA RADIO","robots":{"index":"index","follow":"follow","max-snippet":"max-snippet:-1","max-image-preview":"max-image-preview:large","max-video-preview":"max-video-preview:-1"},"canonical":"https:\/\/www.bbmnoticias.com\/labravaradiofm\/2021\/11\/30\/renuncia-francisco-angel-villarreal-al-ieepo\/","og_locale":"es_MX","og_type":"article","og_title":"Renuncia Francisco \u00c1ngel Villarreal al IEEPO - LA BRAVA RADIO","og_description":"OAXACA, Oax.- El director general del Instituto Estatal de Educaci\u00f3n P\u00fablica de Oaxaca (IEEPO) Francisco \u00c1ngel Villarreal present\u00f3 este martes su renuncia tras cuatro a\u00f1os de gesti\u00f3n como parte del gabinete del gobernador de Oaxaca, Alejandro Murat Hinojosa. Aunque la dependencia no ha confirmado su dimisi\u00f3n, en un video de Facebook el hasta hoy funcionario [&hellip;]","og_url":"https:\/\/www.bbmnoticias.com\/labravaradiofm\/2021\/11\/30\/renuncia-francisco-angel-villarreal-al-ieepo\/","og_site_name":"LA BRAVA RADIO","article_published_time":"2021-11-30T19:32:02+00:00","article_modified_time":"2021-11-30T19:32:03+00:00","og_image":[{"width":600,"height":397,"url":"https:\/\/www.bbmnoticias.com\/labravaradiofm\/wp-content\/uploads\/sites\/5\/2021\/11\/francisco-villareal30112021.jpg","type":"image\/jpeg"}],"author":"Quadratin","twitter_card":"summary_large_image","twitter_misc":{"Escrito por":"Quadratin","Tiempo de lectura":"3 minutos"},"schema":{"@context":"https:\/\/schema.org","@graph":[{"@type":"Article","@id":"https:\/\/www.bbmnoticias.com\/labravaradiofm\/2021\/11\/30\/renuncia-francisco-angel-villarreal-al-ieepo\/#article","isPartOf":{"@id":"https:\/\/www.bbmnoticias.com\/labravaradiofm\/2021\/11\/30\/renuncia-francisco-angel-villarreal-al-ieepo\/"},"author":{"name":"Quadratin","@id":"https:\/\/www.bbmnoticias.com\/labravaradiofm\/#\/schema\/person\/c316b6f6c03640cce5d9482ba5a8e5c2"},"headline":"Renuncia Francisco \u00c1ngel Villarreal al IEEPO","datePublished":"2021-11-30T19:32:02+00:00","dateModified":"2021-11-30T19:32:03+00:00","mainEntityOfPage":{"@id":"https:\/\/www.bbmnoticias.com\/labravaradiofm\/2021\/11\/30\/renuncia-francisco-angel-villarreal-al-ieepo\/"},"wordCount":582,"image":{"@id":"https:\/\/www.bbmnoticias.com\/labravaradiofm\/2021\/11\/30\/renuncia-francisco-angel-villarreal-al-ieepo\/#primaryimage"},"thumbnailUrl":"https:\/\/www.bbmnoticias.com\/labravaradiofm\/wp-content\/uploads\/sites\/5\/2021\/11\/francisco-villareal30112021.jpg","articleSection":["LOCAL"],"inLanguage":"es"},{"@type":"WebPage","@id":"https:\/\/www.bbmnoticias.com\/labravaradiofm\/2021\/11\/30\/renuncia-francisco-angel-villarreal-al-ieepo\/","url":"https:\/\/www.bbmnoticias.com\/labravaradiofm\/2021\/11\/30\/renuncia-francisco-angel-villarreal-al-ieepo\/","name":"Renuncia Francisco \u00c1ngel Villarreal al IEEPO - LA BRAVA RADIO","isPartOf":{"@id":"https:\/\/www.bbmnoticias.com\/labravaradiofm\/#website"},"primaryImageOfPage":{"@id":"https:\/\/www.bbmnoticias.com\/labravaradiofm\/2021\/11\/30\/renuncia-francisco-angel-villarreal-al-ieepo\/#primaryimage"},"image":{"@id":"https:\/\/www.bbmnoticias.com\/labravaradiofm\/2021\/11\/30\/renuncia-francisco-angel-villarreal-al-ieepo\/#primaryimage"},"thumbnailUrl":"https:\/\/www.bbmnoticias.com\/labravaradiofm\/wp-content\/uploads\/sites\/5\/2021\/11\/francisco-villareal30112021.jpg","datePublished":"2021-11-30T19:32:02+00:00","dateModified":"2021-11-30T19:32:03+00:00","author":{"@id":"https:\/\/www.bbmnoticias.com\/labravaradiofm\/#\/schema\/person\/c316b6f6c03640cce5d9482ba5a8e5c2"},"breadcrumb":{"@id":"https:\/\/www.bbmnoticias.com\/labravaradiofm\/2021\/11\/30\/renuncia-francisco-angel-villarreal-al-ieepo\/#breadcrumb"},"inLanguage":"es","potentialAction":[{"@type":"ReadAction","target":["https:\/\/www.bbmnoticias.com\/labravaradiofm\/2021\/11\/30\/renuncia-francisco-angel-villarreal-al-ieepo\/"]}]},{"@type":"ImageObject","inLanguage":"es","@id":"https:\/\/www.bbmnoticias.com\/labravaradiofm\/2021\/11\/30\/renuncia-francisco-angel-villarreal-al-ieepo\/#primaryimage","url":"https:\/\/www.bbmnoticias.com\/labravaradiofm\/wp-content\/uploads\/sites\/5\/2021\/11\/francisco-villareal30112021.jpg","contentUrl":"https:\/\/www.bbmnoticias.com\/labravaradiofm\/wp-content\/uploads\/sites\/5\/2021\/11\/francisco-villareal30112021.jpg","width":600,"height":397},{"@type":"BreadcrumbList","@id":"https:\/\/www.bbmnoticias.com\/labravaradiofm\/2021\/11\/30\/renuncia-francisco-angel-villarreal-al-ieepo\/#breadcrumb","itemListElement":[{"@type":"ListItem","position":1,"name":"Inicio","item":"https:\/\/www.bbmnoticias.com\/labravaradiofm\/"},{"@type":"ListItem","position":2,"name":"Renuncia Francisco \u00c1ngel Villarreal al IEEPO"}]},{"@type":"WebSite","@id":"https:\/\/www.bbmnoticias.com\/labravaradiofm\/#website","url":"https:\/\/www.bbmnoticias.com\/labravaradiofm\/","name":"LA BRAVA RADIO","description":"Empresa productora de medios, Radiodifusi\u00f3n, Noticias, tendencias y todo lo que necesitas saber de la pol\u00edtica mexicana e internacional; entretenimiento, espect\u00e1culos, salud y mucho m\u00e1s.","potentialAction":[{"@type":"SearchAction","target":{"@type":"EntryPoint","urlTemplate":"https:\/\/www.bbmnoticias.com\/labravaradiofm\/?s={search_term_string}"},"query-input":{"@type":"PropertyValueSpecification","valueRequired":true,"valueName":"search_term_string"}}],"inLanguage":"es"},{"@type":"Person","@id":"https:\/\/www.bbmnoticias.com\/labravaradiofm\/#\/schema\/person\/c316b6f6c03640cce5d9482ba5a8e5c2","name":"Quadratin","image":{"@type":"ImageObject","inLanguage":"es","@id":"https:\/\/secure.gravatar.com\/avatar\/34008d7d72488432d6a74f81e839efc9f754b118786ca32cf39d9d5508a68f63?s=96&d=mm&r=g","url":"https:\/\/secure.gravatar.com\/avatar\/34008d7d72488432d6a74f81e839efc9f754b118786ca32cf39d9d5508a68f63?s=96&d=mm&r=g","contentUrl":"https:\/\/secure.gravatar.com\/avatar\/34008d7d72488432d6a74f81e839efc9f754b118786ca32cf39d9d5508a68f63?s=96&d=mm&r=g","caption":"Quadratin"},"url":"https:\/\/www.bbmnoticias.com\/labravaradiofm\/author\/quadratin\/"}]}},"_links":{"self":[{"href":"https:\/\/www.bbmnoticias.com\/labravaradiofm\/wp-json\/wp\/v2\/posts\/6410","targetHints":{"allow":["GET"]}}],"collection":[{"href":"https:\/\/www.bbmnoticias.com\/labravaradiofm\/wp-json\/wp\/v2\/posts"}],"about":[{"href":"https:\/\/www.bbmnoticias.com\/labravaradiofm\/wp-json\/wp\/v2\/types\/post"}],"author":[{"embeddable":true,"href":"https:\/\/www.bbmnoticias.com\/labravaradiofm\/wp-json\/wp\/v2\/users\/5"}],"replies":[{"embeddable":true,"href":"https:\/\/www.bbmnoticias.com\/labravaradiofm\/wp-json\/wp\/v2\/comments?post=6410"}],"version-history":[{"count":0,"href":"https:\/\/www.bbmnoticias.com\/labravaradiofm\/wp-json\/wp\/v2\/posts\/6410\/revisions"}],"wp:featuredmedia":[{"embeddable":true,"href":"https:\/\/www.bbmnoticias.com\/labravaradiofm\/wp-json\/wp\/v2\/media\/6411"}],"wp:attachment":[{"href":"https:\/\/www.bbmnoticias.com\/labravaradiofm\/wp-json\/wp\/v2\/media?parent=6410"}],"wp:term":[{"taxonomy":"category","embeddable":true,"href":"https:\/\/www.bbmnoticias.com\/labravaradiofm\/wp-json\/wp\/v2\/categories?post=6410"},{"taxonomy":"post_tag","embeddable":true,"href":"https:\/\/www.bbmnoticias.com\/labravaradiofm\/wp-json\/wp\/v2\/tags?post=6410"}],"curies":[{"name":"wp","href":"https:\/\/api.w.org\/{rel}","templated":true}]}}