{"id":6405,"date":"2021-11-30T13:20:26","date_gmt":"2021-11-30T19:20:26","guid":{"rendered":"https:\/\/www.bbmnoticias.com\/labravaradiofm\/?p=6405"},"modified":"2021-11-30T13:20:27","modified_gmt":"2021-11-30T19:20:27","slug":"emma-coronel-recibe-sentencia-a-3-anos-de-prision-en-estados-unidos","status":"publish","type":"post","link":"https:\/\/www.bbmnoticias.com\/labravaradiofm\/2021\/11\/30\/emma-coronel-recibe-sentencia-a-3-anos-de-prision-en-estados-unidos\/","title":{"rendered":"Emma Coronel recibe sentencia a 3 a\u00f1os de prisi\u00f3n en Estados Unidos"},"content":{"rendered":"<div style=\"margin-top: 0px; margin-bottom: 0px;\" class=\"sharethis-inline-share-buttons\" ><\/div>\n<p><strong>Emma Coronel Aispuro<\/strong>, <strong>esposa de Joaqu\u00edn \u201cEl Chapo\u201d Guzm\u00e1n, l\u00edder del C\u00e1rtel de Sinaloa<\/strong>, fue <strong>sentenciada a 36 meses de prisi\u00f3n<\/strong>, es decir, <strong>tres a\u00f1os<\/strong>.<\/p>\n\n\n\n<p>De 31 a\u00f1os de edad, Emma Coronel se declar\u00f3 culpable de los delitos de<strong> lavado de dinero y narcotr\u00e1fico <\/strong>para el C\u00e1rtel de Sinaloa.<\/p>\n\n\n\n<p>Con esta sentencia, Emma Coronel <strong>quedar\u00e1 libre en febrero de 2024<\/strong>, adem\u00e1s, al tener ciudadan\u00eda estadounidense no ser\u00e1 deportada a M\u00e9xico.<\/p>\n\n\n\n<p>Emma Coronel fue detenida en febrero de este a\u00f1o y declarada culpable cuatro meses despu\u00e9s, en junio pasado.<\/p>\n\n\n\n<p>La esposa de \u201cEl Chapo\u201d colabor\u00f3 con las autoridades estadounidenses, lo que le facilit\u00f3 la sentencia m\u00ednima.<\/p>\n\n\n\n<p>Se ha especulado que Coronel Aispuro se entreg\u00f3 a las autoridades estadounidense, las cuales ya le segu\u00edan la pista.<\/p>\n\n\n\n<p><\/p>\n\n\n\n<figure class=\"wp-block-image size-large\"><img loading=\"lazy\" decoding=\"async\" width=\"1200\" height=\"1511\" src=\"https:\/\/www.bbmnoticias.com\/labravaradiofm\/wp-content\/uploads\/sites\/5\/2021\/11\/emma-coronel30112021-2.webp\" alt=\"\" class=\"wp-image-6407\" srcset=\"https:\/\/www.bbmnoticias.com\/labravaradiofm\/wp-content\/uploads\/sites\/5\/2021\/11\/emma-coronel30112021-2.webp 1200w, https:\/\/www.bbmnoticias.com\/labravaradiofm\/wp-content\/uploads\/sites\/5\/2021\/11\/emma-coronel30112021-2-238x300.webp 238w, https:\/\/www.bbmnoticias.com\/labravaradiofm\/wp-content\/uploads\/sites\/5\/2021\/11\/emma-coronel30112021-2-813x1024.webp 813w, https:\/\/www.bbmnoticias.com\/labravaradiofm\/wp-content\/uploads\/sites\/5\/2021\/11\/emma-coronel30112021-2-768x967.webp 768w, https:\/\/www.bbmnoticias.com\/labravaradiofm\/wp-content\/uploads\/sites\/5\/2021\/11\/emma-coronel30112021-2-334x420.webp 334w, https:\/\/www.bbmnoticias.com\/labravaradiofm\/wp-content\/uploads\/sites\/5\/2021\/11\/emma-coronel30112021-2-640x806.webp 640w, https:\/\/www.bbmnoticias.com\/labravaradiofm\/wp-content\/uploads\/sites\/5\/2021\/11\/emma-coronel30112021-2-681x857.webp 681w\" sizes=\"auto, (max-width: 1200px) 100vw, 1200px\" \/><\/figure>\n\n\n\n<h2 class=\"wp-block-heading\"><strong>Emma Coronel pidi\u00f3 perd\u00f3n al juez<\/strong><\/h2>\n\n\n\n<p>Durante la audiencia de sentencia, Emma Coronel pidi\u00f3 perd\u00f3n al juez por los cargos en su contra.<\/p>\n\n\n\n<p>Coronel Aispuro solicit\u00f3 una sentencia m\u00ednima para que sus hijas no crezcan sin sus dos padres.<\/p>\n\n\n\n<p>Cabe mencionar que Emma Coronel tuvo gemelas con Joaqu\u00edn Guzm\u00e1n, que actualmente tienen nueve a\u00f1os de edad.<\/p>\n\n\n\n<p>Si Emma Coronel recib\u00eda una sentencia alta y con \u201cEl Chapo\u201d Guzm\u00e1n sentenciado a cadena perpet\u00faa, sus hijas crecer\u00edan sin sus padres.<\/p>\n\n\n\n<p><\/p>\n\n\n\n<figure class=\"wp-block-image size-large\"><img loading=\"lazy\" decoding=\"async\" width=\"1200\" height=\"802\" src=\"https:\/\/www.bbmnoticias.com\/labravaradiofm\/wp-content\/uploads\/sites\/5\/2021\/11\/emma-coronel30112021-3.jpg\" alt=\"\" class=\"wp-image-6408\" srcset=\"https:\/\/www.bbmnoticias.com\/labravaradiofm\/wp-content\/uploads\/sites\/5\/2021\/11\/emma-coronel30112021-3.jpg 1200w, https:\/\/www.bbmnoticias.com\/labravaradiofm\/wp-content\/uploads\/sites\/5\/2021\/11\/emma-coronel30112021-3-300x201.jpg 300w, https:\/\/www.bbmnoticias.com\/labravaradiofm\/wp-content\/uploads\/sites\/5\/2021\/11\/emma-coronel30112021-3-1024x684.jpg 1024w, https:\/\/www.bbmnoticias.com\/labravaradiofm\/wp-content\/uploads\/sites\/5\/2021\/11\/emma-coronel30112021-3-768x513.jpg 768w, https:\/\/www.bbmnoticias.com\/labravaradiofm\/wp-content\/uploads\/sites\/5\/2021\/11\/emma-coronel30112021-3-628x420.jpg 628w, https:\/\/www.bbmnoticias.com\/labravaradiofm\/wp-content\/uploads\/sites\/5\/2021\/11\/emma-coronel30112021-3-537x360.jpg 537w, https:\/\/www.bbmnoticias.com\/labravaradiofm\/wp-content\/uploads\/sites\/5\/2021\/11\/emma-coronel30112021-3-640x428.jpg 640w, https:\/\/www.bbmnoticias.com\/labravaradiofm\/wp-content\/uploads\/sites\/5\/2021\/11\/emma-coronel30112021-3-681x455.jpg 681w\" sizes=\"auto, (max-width: 1200px) 100vw, 1200px\" \/><\/figure>\n\n\n\n<h2 class=\"wp-block-heading\"><strong>Fiscal\u00eda minimiz\u00f3 la participaci\u00f3n de Emma Coronel en el c\u00e1rtel<\/strong><\/h2>\n\n\n\n<p>La fiscal\u00eda estadounidense apoy\u00f3 la postura de Emma Coronel de una sentencia m\u00ednima en su contra.<\/p>\n\n\n\n<p>El fiscal Anthony Nardozzi argument\u00f3 que Coronel Aispuro no era un jefe o l\u00edder del C\u00e1rtel de Sinaloa, sino un peque\u00f1o engranaje en la enorme organizaci\u00f3n<\/p>\n\n\n\n<p>La fiscal\u00eda estadounidense preparaba el terreno para una sentencia menor contra Emma Coronel.<\/p>\n\n\n\n<p>El juez, sin embargo, solicit\u00f3 casos espec\u00edficos de miembros del C\u00e1rtel de Sinaloa que est\u00e9n al mismo nivel de Emma Coronel para as\u00ed tener una base de sentencia en su contra.<\/p>\n\n\n\n<p>El fiscal estadounidense pidi\u00f3 hablar de eso con el juez en privado. Parec\u00eda que el juez se resist\u00eda a la sentencia m\u00ednima.<\/p>\n\n\n\n<p>A\u00fan as\u00ed, el juez termin\u00f3 dando una sentencia menor a la que ped\u00eda la fiscal\u00eda contra Emma Coronel.<\/p>\n","protected":false},"excerpt":{"rendered":"<p>Emma Coronel Aispuro, esposa de Joaqu\u00edn \u201cEl Chapo\u201d Guzm\u00e1n, l\u00edder del C\u00e1rtel de Sinaloa, fue sentenciada a 36 meses de prisi\u00f3n, es decir, tres a\u00f1os. De 31 a\u00f1os de edad, Emma Coronel se declar\u00f3 culpable de los delitos de lavado de dinero y narcotr\u00e1fico para el C\u00e1rtel de Sinaloa. Con esta sentencia, Emma Coronel quedar\u00e1 [&hellip;]<\/p>\n","protected":false},"author":12,"featured_media":6406,"comment_status":"closed","ping_status":"closed","sticky":false,"template":"","format":"standard","meta":{"footnotes":""},"categories":[19],"tags":[],"class_list":{"0":"post-6405","1":"post","2":"type-post","3":"status-publish","4":"format-standard","5":"has-post-thumbnail","7":"category-nacional"},"yoast_head":"<!-- This site is optimized with the Yoast SEO plugin v27.4 - https:\/\/yoast.com\/product\/yoast-seo-wordpress\/ -->\n<title>Emma Coronel recibe sentencia a 3 a\u00f1os de prisi\u00f3n en Estados Unidos - LA BRAVA RADIO<\/title>\n<meta name=\"robots\" content=\"index, follow, max-snippet:-1, max-image-preview:large, max-video-preview:-1\" \/>\n<link rel=\"canonical\" href=\"https:\/\/www.bbmnoticias.com\/labravaradiofm\/2021\/11\/30\/emma-coronel-recibe-sentencia-a-3-anos-de-prision-en-estados-unidos\/\" \/>\n<meta property=\"og:locale\" content=\"es_MX\" \/>\n<meta property=\"og:type\" content=\"article\" \/>\n<meta property=\"og:title\" content=\"Emma Coronel recibe sentencia a 3 a\u00f1os de prisi\u00f3n en Estados Unidos - LA BRAVA RADIO\" \/>\n<meta property=\"og:description\" content=\"Emma Coronel Aispuro, esposa de Joaqu\u00edn \u201cEl Chapo\u201d Guzm\u00e1n, l\u00edder del C\u00e1rtel de Sinaloa, fue sentenciada a 36 meses de prisi\u00f3n, es decir, tres a\u00f1os. De 31 a\u00f1os de edad, Emma Coronel se declar\u00f3 culpable de los delitos de lavado de dinero y narcotr\u00e1fico para el C\u00e1rtel de Sinaloa. Con esta sentencia, Emma Coronel quedar\u00e1 [&hellip;]\" \/>\n<meta property=\"og:url\" content=\"https:\/\/www.bbmnoticias.com\/labravaradiofm\/2021\/11\/30\/emma-coronel-recibe-sentencia-a-3-anos-de-prision-en-estados-unidos\/\" \/>\n<meta property=\"og:site_name\" content=\"LA BRAVA RADIO\" \/>\n<meta property=\"article:published_time\" content=\"2021-11-30T19:20:26+00:00\" \/>\n<meta property=\"article:modified_time\" content=\"2021-11-30T19:20:27+00:00\" \/>\n<meta property=\"og:image\" content=\"https:\/\/www.bbmnoticias.com\/labravaradiofm\/wp-content\/uploads\/sites\/5\/2021\/11\/emma-coronel30112021.jpg\" \/>\n\t<meta property=\"og:image:width\" content=\"640\" \/>\n\t<meta property=\"og:image:height\" content=\"360\" \/>\n\t<meta property=\"og:image:type\" content=\"image\/jpeg\" \/>\n<meta name=\"author\" content=\"SDPnoticias\" \/>\n<meta name=\"twitter:card\" content=\"summary_large_image\" \/>\n<meta name=\"twitter:label1\" content=\"Escrito por\" \/>\n\t<meta name=\"twitter:data1\" content=\"SDPnoticias\" \/>\n\t<meta name=\"twitter:label2\" content=\"Tiempo de lectura\" \/>\n\t<meta name=\"twitter:data2\" content=\"2 minutos\" \/>\n<script type=\"application\/ld+json\" class=\"yoast-schema-graph\">{\"@context\":\"https:\\\/\\\/schema.org\",\"@graph\":[{\"@type\":\"Article\",\"@id\":\"https:\\\/\\\/www.bbmnoticias.com\\\/labravaradiofm\\\/2021\\\/11\\\/30\\\/emma-coronel-recibe-sentencia-a-3-anos-de-prision-en-estados-unidos\\\/#article\",\"isPartOf\":{\"@id\":\"https:\\\/\\\/www.bbmnoticias.com\\\/labravaradiofm\\\/2021\\\/11\\\/30\\\/emma-coronel-recibe-sentencia-a-3-anos-de-prision-en-estados-unidos\\\/\"},\"author\":{\"name\":\"SDPnoticias\",\"@id\":\"https:\\\/\\\/www.bbmnoticias.com\\\/labravaradiofm\\\/#\\\/schema\\\/person\\\/baf240d77a345f5fbc3dc146f9161af9\"},\"headline\":\"Emma Coronel recibe sentencia a 3 a\u00f1os de prisi\u00f3n en Estados Unidos\",\"datePublished\":\"2021-11-30T19:20:26+00:00\",\"dateModified\":\"2021-11-30T19:20:27+00:00\",\"mainEntityOfPage\":{\"@id\":\"https:\\\/\\\/www.bbmnoticias.com\\\/labravaradiofm\\\/2021\\\/11\\\/30\\\/emma-coronel-recibe-sentencia-a-3-anos-de-prision-en-estados-unidos\\\/\"},\"wordCount\":393,\"image\":{\"@id\":\"https:\\\/\\\/www.bbmnoticias.com\\\/labravaradiofm\\\/2021\\\/11\\\/30\\\/emma-coronel-recibe-sentencia-a-3-anos-de-prision-en-estados-unidos\\\/#primaryimage\"},\"thumbnailUrl\":\"https:\\\/\\\/www.bbmnoticias.com\\\/labravaradiofm\\\/wp-content\\\/uploads\\\/sites\\\/5\\\/2021\\\/11\\\/emma-coronel30112021.jpg\",\"articleSection\":[\"NACIONAL\"],\"inLanguage\":\"es\"},{\"@type\":\"WebPage\",\"@id\":\"https:\\\/\\\/www.bbmnoticias.com\\\/labravaradiofm\\\/2021\\\/11\\\/30\\\/emma-coronel-recibe-sentencia-a-3-anos-de-prision-en-estados-unidos\\\/\",\"url\":\"https:\\\/\\\/www.bbmnoticias.com\\\/labravaradiofm\\\/2021\\\/11\\\/30\\\/emma-coronel-recibe-sentencia-a-3-anos-de-prision-en-estados-unidos\\\/\",\"name\":\"Emma Coronel recibe sentencia a 3 a\u00f1os de prisi\u00f3n en Estados Unidos - LA BRAVA RADIO\",\"isPartOf\":{\"@id\":\"https:\\\/\\\/www.bbmnoticias.com\\\/labravaradiofm\\\/#website\"},\"primaryImageOfPage\":{\"@id\":\"https:\\\/\\\/www.bbmnoticias.com\\\/labravaradiofm\\\/2021\\\/11\\\/30\\\/emma-coronel-recibe-sentencia-a-3-anos-de-prision-en-estados-unidos\\\/#primaryimage\"},\"image\":{\"@id\":\"https:\\\/\\\/www.bbmnoticias.com\\\/labravaradiofm\\\/2021\\\/11\\\/30\\\/emma-coronel-recibe-sentencia-a-3-anos-de-prision-en-estados-unidos\\\/#primaryimage\"},\"thumbnailUrl\":\"https:\\\/\\\/www.bbmnoticias.com\\\/labravaradiofm\\\/wp-content\\\/uploads\\\/sites\\\/5\\\/2021\\\/11\\\/emma-coronel30112021.jpg\",\"datePublished\":\"2021-11-30T19:20:26+00:00\",\"dateModified\":\"2021-11-30T19:20:27+00:00\",\"author\":{\"@id\":\"https:\\\/\\\/www.bbmnoticias.com\\\/labravaradiofm\\\/#\\\/schema\\\/person\\\/baf240d77a345f5fbc3dc146f9161af9\"},\"breadcrumb\":{\"@id\":\"https:\\\/\\\/www.bbmnoticias.com\\\/labravaradiofm\\\/2021\\\/11\\\/30\\\/emma-coronel-recibe-sentencia-a-3-anos-de-prision-en-estados-unidos\\\/#breadcrumb\"},\"inLanguage\":\"es\",\"potentialAction\":[{\"@type\":\"ReadAction\",\"target\":[\"https:\\\/\\\/www.bbmnoticias.com\\\/labravaradiofm\\\/2021\\\/11\\\/30\\\/emma-coronel-recibe-sentencia-a-3-anos-de-prision-en-estados-unidos\\\/\"]}]},{\"@type\":\"ImageObject\",\"inLanguage\":\"es\",\"@id\":\"https:\\\/\\\/www.bbmnoticias.com\\\/labravaradiofm\\\/2021\\\/11\\\/30\\\/emma-coronel-recibe-sentencia-a-3-anos-de-prision-en-estados-unidos\\\/#primaryimage\",\"url\":\"https:\\\/\\\/www.bbmnoticias.com\\\/labravaradiofm\\\/wp-content\\\/uploads\\\/sites\\\/5\\\/2021\\\/11\\\/emma-coronel30112021.jpg\",\"contentUrl\":\"https:\\\/\\\/www.bbmnoticias.com\\\/labravaradiofm\\\/wp-content\\\/uploads\\\/sites\\\/5\\\/2021\\\/11\\\/emma-coronel30112021.jpg\",\"width\":640,\"height\":360},{\"@type\":\"BreadcrumbList\",\"@id\":\"https:\\\/\\\/www.bbmnoticias.com\\\/labravaradiofm\\\/2021\\\/11\\\/30\\\/emma-coronel-recibe-sentencia-a-3-anos-de-prision-en-estados-unidos\\\/#breadcrumb\",\"itemListElement\":[{\"@type\":\"ListItem\",\"position\":1,\"name\":\"Inicio\",\"item\":\"https:\\\/\\\/www.bbmnoticias.com\\\/labravaradiofm\\\/\"},{\"@type\":\"ListItem\",\"position\":2,\"name\":\"Emma Coronel recibe sentencia a 3 a\u00f1os de prisi\u00f3n en Estados Unidos\"}]},{\"@type\":\"WebSite\",\"@id\":\"https:\\\/\\\/www.bbmnoticias.com\\\/labravaradiofm\\\/#website\",\"url\":\"https:\\\/\\\/www.bbmnoticias.com\\\/labravaradiofm\\\/\",\"name\":\"LA BRAVA RADIO\",\"description\":\"Empresa productora de medios, Radiodifusi\u00f3n, Noticias, tendencias y todo lo que necesitas saber de la pol\u00edtica mexicana e internacional; entretenimiento, espect\u00e1culos, salud y mucho m\u00e1s.\",\"potentialAction\":[{\"@type\":\"SearchAction\",\"target\":{\"@type\":\"EntryPoint\",\"urlTemplate\":\"https:\\\/\\\/www.bbmnoticias.com\\\/labravaradiofm\\\/?s={search_term_string}\"},\"query-input\":{\"@type\":\"PropertyValueSpecification\",\"valueRequired\":true,\"valueName\":\"search_term_string\"}}],\"inLanguage\":\"es\"},{\"@type\":\"Person\",\"@id\":\"https:\\\/\\\/www.bbmnoticias.com\\\/labravaradiofm\\\/#\\\/schema\\\/person\\\/baf240d77a345f5fbc3dc146f9161af9\",\"name\":\"SDPnoticias\",\"image\":{\"@type\":\"ImageObject\",\"inLanguage\":\"es\",\"@id\":\"https:\\\/\\\/secure.gravatar.com\\\/avatar\\\/015ede9175a06d999d8b2b09e108b48c9e008e4ee44a647956086b51bbce326c?s=96&d=mm&r=g\",\"url\":\"https:\\\/\\\/secure.gravatar.com\\\/avatar\\\/015ede9175a06d999d8b2b09e108b48c9e008e4ee44a647956086b51bbce326c?s=96&d=mm&r=g\",\"contentUrl\":\"https:\\\/\\\/secure.gravatar.com\\\/avatar\\\/015ede9175a06d999d8b2b09e108b48c9e008e4ee44a647956086b51bbce326c?s=96&d=mm&r=g\",\"caption\":\"SDPnoticias\"},\"url\":\"https:\\\/\\\/www.bbmnoticias.com\\\/labravaradiofm\\\/author\\\/sdpnoticias\\\/\"}]}<\/script>\n<!-- \/ Yoast SEO plugin. -->","yoast_head_json":{"title":"Emma Coronel recibe sentencia a 3 a\u00f1os de prisi\u00f3n en Estados Unidos - LA BRAVA RADIO","robots":{"index":"index","follow":"follow","max-snippet":"max-snippet:-1","max-image-preview":"max-image-preview:large","max-video-preview":"max-video-preview:-1"},"canonical":"https:\/\/www.bbmnoticias.com\/labravaradiofm\/2021\/11\/30\/emma-coronel-recibe-sentencia-a-3-anos-de-prision-en-estados-unidos\/","og_locale":"es_MX","og_type":"article","og_title":"Emma Coronel recibe sentencia a 3 a\u00f1os de prisi\u00f3n en Estados Unidos - LA BRAVA RADIO","og_description":"Emma Coronel Aispuro, esposa de Joaqu\u00edn \u201cEl Chapo\u201d Guzm\u00e1n, l\u00edder del C\u00e1rtel de Sinaloa, fue sentenciada a 36 meses de prisi\u00f3n, es decir, tres a\u00f1os. De 31 a\u00f1os de edad, Emma Coronel se declar\u00f3 culpable de los delitos de lavado de dinero y narcotr\u00e1fico para el C\u00e1rtel de Sinaloa. Con esta sentencia, Emma Coronel quedar\u00e1 [&hellip;]","og_url":"https:\/\/www.bbmnoticias.com\/labravaradiofm\/2021\/11\/30\/emma-coronel-recibe-sentencia-a-3-anos-de-prision-en-estados-unidos\/","og_site_name":"LA BRAVA RADIO","article_published_time":"2021-11-30T19:20:26+00:00","article_modified_time":"2021-11-30T19:20:27+00:00","og_image":[{"width":640,"height":360,"url":"https:\/\/www.bbmnoticias.com\/labravaradiofm\/wp-content\/uploads\/sites\/5\/2021\/11\/emma-coronel30112021.jpg","type":"image\/jpeg"}],"author":"SDPnoticias","twitter_card":"summary_large_image","twitter_misc":{"Escrito por":"SDPnoticias","Tiempo de lectura":"2 minutos"},"schema":{"@context":"https:\/\/schema.org","@graph":[{"@type":"Article","@id":"https:\/\/www.bbmnoticias.com\/labravaradiofm\/2021\/11\/30\/emma-coronel-recibe-sentencia-a-3-anos-de-prision-en-estados-unidos\/#article","isPartOf":{"@id":"https:\/\/www.bbmnoticias.com\/labravaradiofm\/2021\/11\/30\/emma-coronel-recibe-sentencia-a-3-anos-de-prision-en-estados-unidos\/"},"author":{"name":"SDPnoticias","@id":"https:\/\/www.bbmnoticias.com\/labravaradiofm\/#\/schema\/person\/baf240d77a345f5fbc3dc146f9161af9"},"headline":"Emma Coronel recibe sentencia a 3 a\u00f1os de prisi\u00f3n en Estados Unidos","datePublished":"2021-11-30T19:20:26+00:00","dateModified":"2021-11-30T19:20:27+00:00","mainEntityOfPage":{"@id":"https:\/\/www.bbmnoticias.com\/labravaradiofm\/2021\/11\/30\/emma-coronel-recibe-sentencia-a-3-anos-de-prision-en-estados-unidos\/"},"wordCount":393,"image":{"@id":"https:\/\/www.bbmnoticias.com\/labravaradiofm\/2021\/11\/30\/emma-coronel-recibe-sentencia-a-3-anos-de-prision-en-estados-unidos\/#primaryimage"},"thumbnailUrl":"https:\/\/www.bbmnoticias.com\/labravaradiofm\/wp-content\/uploads\/sites\/5\/2021\/11\/emma-coronel30112021.jpg","articleSection":["NACIONAL"],"inLanguage":"es"},{"@type":"WebPage","@id":"https:\/\/www.bbmnoticias.com\/labravaradiofm\/2021\/11\/30\/emma-coronel-recibe-sentencia-a-3-anos-de-prision-en-estados-unidos\/","url":"https:\/\/www.bbmnoticias.com\/labravaradiofm\/2021\/11\/30\/emma-coronel-recibe-sentencia-a-3-anos-de-prision-en-estados-unidos\/","name":"Emma Coronel recibe sentencia a 3 a\u00f1os de prisi\u00f3n en Estados Unidos - LA BRAVA RADIO","isPartOf":{"@id":"https:\/\/www.bbmnoticias.com\/labravaradiofm\/#website"},"primaryImageOfPage":{"@id":"https:\/\/www.bbmnoticias.com\/labravaradiofm\/2021\/11\/30\/emma-coronel-recibe-sentencia-a-3-anos-de-prision-en-estados-unidos\/#primaryimage"},"image":{"@id":"https:\/\/www.bbmnoticias.com\/labravaradiofm\/2021\/11\/30\/emma-coronel-recibe-sentencia-a-3-anos-de-prision-en-estados-unidos\/#primaryimage"},"thumbnailUrl":"https:\/\/www.bbmnoticias.com\/labravaradiofm\/wp-content\/uploads\/sites\/5\/2021\/11\/emma-coronel30112021.jpg","datePublished":"2021-11-30T19:20:26+00:00","dateModified":"2021-11-30T19:20:27+00:00","author":{"@id":"https:\/\/www.bbmnoticias.com\/labravaradiofm\/#\/schema\/person\/baf240d77a345f5fbc3dc146f9161af9"},"breadcrumb":{"@id":"https:\/\/www.bbmnoticias.com\/labravaradiofm\/2021\/11\/30\/emma-coronel-recibe-sentencia-a-3-anos-de-prision-en-estados-unidos\/#breadcrumb"},"inLanguage":"es","potentialAction":[{"@type":"ReadAction","target":["https:\/\/www.bbmnoticias.com\/labravaradiofm\/2021\/11\/30\/emma-coronel-recibe-sentencia-a-3-anos-de-prision-en-estados-unidos\/"]}]},{"@type":"ImageObject","inLanguage":"es","@id":"https:\/\/www.bbmnoticias.com\/labravaradiofm\/2021\/11\/30\/emma-coronel-recibe-sentencia-a-3-anos-de-prision-en-estados-unidos\/#primaryimage","url":"https:\/\/www.bbmnoticias.com\/labravaradiofm\/wp-content\/uploads\/sites\/5\/2021\/11\/emma-coronel30112021.jpg","contentUrl":"https:\/\/www.bbmnoticias.com\/labravaradiofm\/wp-content\/uploads\/sites\/5\/2021\/11\/emma-coronel30112021.jpg","width":640,"height":360},{"@type":"BreadcrumbList","@id":"https:\/\/www.bbmnoticias.com\/labravaradiofm\/2021\/11\/30\/emma-coronel-recibe-sentencia-a-3-anos-de-prision-en-estados-unidos\/#breadcrumb","itemListElement":[{"@type":"ListItem","position":1,"name":"Inicio","item":"https:\/\/www.bbmnoticias.com\/labravaradiofm\/"},{"@type":"ListItem","position":2,"name":"Emma Coronel recibe sentencia a 3 a\u00f1os de prisi\u00f3n en Estados Unidos"}]},{"@type":"WebSite","@id":"https:\/\/www.bbmnoticias.com\/labravaradiofm\/#website","url":"https:\/\/www.bbmnoticias.com\/labravaradiofm\/","name":"LA BRAVA RADIO","description":"Empresa productora de medios, Radiodifusi\u00f3n, Noticias, tendencias y todo lo que necesitas saber de la pol\u00edtica mexicana e internacional; entretenimiento, espect\u00e1culos, salud y mucho m\u00e1s.","potentialAction":[{"@type":"SearchAction","target":{"@type":"EntryPoint","urlTemplate":"https:\/\/www.bbmnoticias.com\/labravaradiofm\/?s={search_term_string}"},"query-input":{"@type":"PropertyValueSpecification","valueRequired":true,"valueName":"search_term_string"}}],"inLanguage":"es"},{"@type":"Person","@id":"https:\/\/www.bbmnoticias.com\/labravaradiofm\/#\/schema\/person\/baf240d77a345f5fbc3dc146f9161af9","name":"SDPnoticias","image":{"@type":"ImageObject","inLanguage":"es","@id":"https:\/\/secure.gravatar.com\/avatar\/015ede9175a06d999d8b2b09e108b48c9e008e4ee44a647956086b51bbce326c?s=96&d=mm&r=g","url":"https:\/\/secure.gravatar.com\/avatar\/015ede9175a06d999d8b2b09e108b48c9e008e4ee44a647956086b51bbce326c?s=96&d=mm&r=g","contentUrl":"https:\/\/secure.gravatar.com\/avatar\/015ede9175a06d999d8b2b09e108b48c9e008e4ee44a647956086b51bbce326c?s=96&d=mm&r=g","caption":"SDPnoticias"},"url":"https:\/\/www.bbmnoticias.com\/labravaradiofm\/author\/sdpnoticias\/"}]}},"_links":{"self":[{"href":"https:\/\/www.bbmnoticias.com\/labravaradiofm\/wp-json\/wp\/v2\/posts\/6405","targetHints":{"allow":["GET"]}}],"collection":[{"href":"https:\/\/www.bbmnoticias.com\/labravaradiofm\/wp-json\/wp\/v2\/posts"}],"about":[{"href":"https:\/\/www.bbmnoticias.com\/labravaradiofm\/wp-json\/wp\/v2\/types\/post"}],"author":[{"embeddable":true,"href":"https:\/\/www.bbmnoticias.com\/labravaradiofm\/wp-json\/wp\/v2\/users\/12"}],"replies":[{"embeddable":true,"href":"https:\/\/www.bbmnoticias.com\/labravaradiofm\/wp-json\/wp\/v2\/comments?post=6405"}],"version-history":[{"count":0,"href":"https:\/\/www.bbmnoticias.com\/labravaradiofm\/wp-json\/wp\/v2\/posts\/6405\/revisions"}],"wp:featuredmedia":[{"embeddable":true,"href":"https:\/\/www.bbmnoticias.com\/labravaradiofm\/wp-json\/wp\/v2\/media\/6406"}],"wp:attachment":[{"href":"https:\/\/www.bbmnoticias.com\/labravaradiofm\/wp-json\/wp\/v2\/media?parent=6405"}],"wp:term":[{"taxonomy":"category","embeddable":true,"href":"https:\/\/www.bbmnoticias.com\/labravaradiofm\/wp-json\/wp\/v2\/categories?post=6405"},{"taxonomy":"post_tag","embeddable":true,"href":"https:\/\/www.bbmnoticias.com\/labravaradiofm\/wp-json\/wp\/v2\/tags?post=6405"}],"curies":[{"name":"wp","href":"https:\/\/api.w.org\/{rel}","templated":true}]}}