{"id":6379,"date":"2021-11-30T09:46:31","date_gmt":"2021-11-30T15:46:31","guid":{"rendered":"https:\/\/www.bbmnoticias.com\/labravaradiofm\/?p=6379"},"modified":"2021-11-30T09:46:32","modified_gmt":"2021-11-30T15:46:32","slug":"amlo-la-nueva-variante-omicron-no-es-terrible","status":"publish","type":"post","link":"https:\/\/www.bbmnoticias.com\/labravaradiofm\/2021\/11\/30\/amlo-la-nueva-variante-omicron-no-es-terrible\/","title":{"rendered":"AMLO: La nueva variante \u00d3micron \u201cno es terrible\u201d"},"content":{"rendered":"<div style=\"margin-top: 0px; margin-bottom: 0px;\" class=\"sharethis-inline-share-buttons\" ><\/div>\n<p>El presidente Andr\u00e9s Manuel L\u00f3pez Obrador (<strong>AMLO<\/strong>) asegur\u00f3 que la <strong>variante \u00d3micron<\/strong> \u201cno es terrible\u201d pero se origin\u00f3 por abandonar, en cuesti\u00f3n de vacunas, a los pobres.<\/p>\n\n\n\n<p>El mandatario asegur\u00f3 que la nueva variante de Covid-19 se debe a no han llegado vacunas a \u00c1frica, lo que ha provocado que, de cada 100 personas vacunadas, 6 lo hayan sido en dicho continente.<\/p>\n\n\n\n<p>Desde la conferencia ma\u00f1anera del 30 de noviembre, AMLO acus\u00f3 que el temor ocasionado por<strong> \u00d3micron<\/strong> se debe al abandono a \u201clos pobres del mundo\u201d.<\/p>\n\n\n\n<figure class=\"wp-block-pullquote\"><blockquote><p>\u201cLo que est\u00e1 pasando con la nueva variante es que no llegaron las vacunas a \u00c1frica. De cada 100 vacunados, en \u00c1frica 6, en promedio. No es que sea terrible la nueva variante, es que se abandon\u00f3 a los pobres del mundo\u201d AMLO<\/p><\/blockquote><\/figure>\n\n\n\n<h2 class=\"wp-block-heading\"><strong>Verg\u00fcenza que Covax distribuyera el 5% de las vacunas aplicadas en el mundo : AMLO<\/strong><\/h2>\n\n\n\n<p><strong>AMLO<\/strong> record\u00f3 que se creo el mecanismo Covax para que los pa\u00edses pobres pudieran contar con vacunas durante la pandemia.<\/p>\n\n\n\n<p>Sin embargo, calific\u00f3 como una verg\u00fcenza que dicho mecanismo s\u00f3lo haya podido distribuir el 5% de todas las vacunas aplicadas en el mundo.<\/p>\n\n\n\n<figure class=\"wp-block-pullquote\"><blockquote><p>\u201cResulta que al d\u00eda de hoy, ese mecanismo ha distribuido el 5% de todas las vacunas aplicadas. Es una verg\u00fcenza. El 95% son vacunas de los grandes laboratorios, de las grandes empresas farmac\u00e9uticas\u201dAMLO<\/p><\/blockquote><\/figure>\n\n\n\n<p>AMLO adem\u00e1s reclam\u00f3 la desigualdad que existe en la distribuci\u00f3n de los biol\u00f3gicos y comparti\u00f3 la entrevista a una cient\u00edfica de \u00c1frica que habla de las consecuencias de la falta de vacunas.<\/p>\n\n\n\n<p>El mandatario explic\u00f3 que en la entrevista, la cient\u00edfica calific\u00f3 de injusto el bloqueo a los pa\u00edses del continente por la <strong>variante \u00d3micron<\/strong> y asever\u00f3 que, si el Covid-19 hubiera estado s\u00f3lo en \u00c1frica, hubieran cercado los pa\u00edses \u201cy aventado la llave\u201d,<\/p>\n\n\n\n<p>Por ello, AMLO asegur\u00f3 que busca que nadie se quede sin el biol\u00f3gico en M\u00e9xico y resalt\u00f3 el \u00e9xito del plan de vacunaci\u00f3n.<\/p>\n\n\n\n<h2 class=\"wp-block-heading\"><strong>AMLO no descarta refuerzo para adultos mayores y maestros<\/strong><\/h2>\n\n\n\n<p>El presidente asever\u00f3 que su gobierno no ha descartado la posibilidad de aplicar un refuerzo de la vacuna contra Covid-19 a adultos mayores por la<strong> variante \u00d3micron<\/strong>.<\/p>\n\n\n\n<p>Adem\u00e1s, asegur\u00f3 que el refuerzo para maestros y personal educativo que recibieron la dosis de CanSino ser\u00e1 aplicado como se prometi\u00f3.<\/p>\n\n\n\n<figure class=\"wp-block-pullquote\"><blockquote><p>\u201cNo se descarta el refuerzo para adultos mayores, lo mismo (para maestros). Se va a reforzar en algunas vacunas que, de acuerdo a las investigaciones, necesitan ese refuerzo\u201d AMLO<\/p><\/blockquote><\/figure>\n\n\n\n<p><strong>AMLO<\/strong> asegur\u00f3 que para todas las personas que hayan recibido biol\u00f3gicos que estudios muestren que se requiera un refuerzo lo recibir\u00e1n y \u201cno tardar\u00e1 mucho\u201d, sentenci\u00f3.<\/p>\n\n\n\n<p>Aclar\u00f3 adem\u00e1s que el pa\u00eds cuenta con vacunas para todo el plan de reforzamiento de vacunaci\u00f3n, as\u00ed como para la aplicaci\u00f3n de los biol\u00f3gicos para los j\u00f3venes.<\/p>\n\n\n\n<p>Asimismo, resalt\u00f3 que \u201clo m\u00e1s importante\u201d es que todos est\u00e9n vacunados, y aclar\u00f3 que no hay pruebas de que \u00e9stas no sirvan contra la nueva <strong>variante \u00d3micron<\/strong>.<\/p>\n\n\n\n<figure class=\"wp-block-pullquote\"><blockquote><p>\u201cQue la vacuna no sirva ante la nueva variante, como llegaron a decir, eso no est\u00e1 demostrado, eso es una volada. Para no alarmar, tenemos que actuar con mucha responsabilidad\u201d AMLO<\/p><\/blockquote><\/figure>\n","protected":false},"excerpt":{"rendered":"<p>El presidente Andr\u00e9s Manuel L\u00f3pez Obrador (AMLO) asegur\u00f3 que la variante \u00d3micron \u201cno es terrible\u201d pero se origin\u00f3 por abandonar, en cuesti\u00f3n de vacunas, a los pobres. El mandatario asegur\u00f3 que la nueva variante de Covid-19 se debe a no han llegado vacunas a \u00c1frica, lo que ha provocado que, de cada 100 personas vacunadas, [&hellip;]<\/p>\n","protected":false},"author":2,"featured_media":6380,"comment_status":"closed","ping_status":"closed","sticky":false,"template":"","format":"standard","meta":{"footnotes":""},"categories":[19],"tags":[],"class_list":{"0":"post-6379","1":"post","2":"type-post","3":"status-publish","4":"format-standard","5":"has-post-thumbnail","7":"category-nacional"},"yoast_head":"<!-- This site is optimized with the Yoast SEO plugin v27.4 - https:\/\/yoast.com\/product\/yoast-seo-wordpress\/ -->\n<title>AMLO: La nueva variante \u00d3micron \u201cno es terrible\u201d - LA BRAVA RADIO<\/title>\n<meta name=\"robots\" content=\"index, follow, max-snippet:-1, max-image-preview:large, max-video-preview:-1\" \/>\n<link rel=\"canonical\" href=\"https:\/\/www.bbmnoticias.com\/labravaradiofm\/2021\/11\/30\/amlo-la-nueva-variante-omicron-no-es-terrible\/\" \/>\n<meta property=\"og:locale\" content=\"es_MX\" \/>\n<meta property=\"og:type\" content=\"article\" \/>\n<meta property=\"og:title\" content=\"AMLO: La nueva variante \u00d3micron \u201cno es terrible\u201d - LA BRAVA RADIO\" \/>\n<meta property=\"og:description\" content=\"El presidente Andr\u00e9s Manuel L\u00f3pez Obrador (AMLO) asegur\u00f3 que la variante \u00d3micron \u201cno es terrible\u201d pero se origin\u00f3 por abandonar, en cuesti\u00f3n de vacunas, a los pobres. El mandatario asegur\u00f3 que la nueva variante de Covid-19 se debe a no han llegado vacunas a \u00c1frica, lo que ha provocado que, de cada 100 personas vacunadas, [&hellip;]\" \/>\n<meta property=\"og:url\" content=\"https:\/\/www.bbmnoticias.com\/labravaradiofm\/2021\/11\/30\/amlo-la-nueva-variante-omicron-no-es-terrible\/\" \/>\n<meta property=\"og:site_name\" content=\"LA BRAVA RADIO\" \/>\n<meta property=\"article:published_time\" content=\"2021-11-30T15:46:31+00:00\" \/>\n<meta property=\"article:modified_time\" content=\"2021-11-30T15:46:32+00:00\" \/>\n<meta property=\"og:image\" content=\"https:\/\/www.bbmnoticias.com\/labravaradiofm\/wp-content\/uploads\/sites\/5\/2021\/11\/amlo-omicron.jpeg\" \/>\n\t<meta property=\"og:image:width\" content=\"640\" \/>\n\t<meta property=\"og:image:height\" content=\"360\" \/>\n\t<meta property=\"og:image:type\" content=\"image\/jpeg\" \/>\n<meta name=\"author\" content=\"Staff\" \/>\n<meta name=\"twitter:card\" content=\"summary_large_image\" \/>\n<meta name=\"twitter:label1\" content=\"Escrito por\" \/>\n\t<meta name=\"twitter:data1\" content=\"Staff\" \/>\n\t<meta name=\"twitter:label2\" content=\"Tiempo de lectura\" \/>\n\t<meta name=\"twitter:data2\" content=\"3 minutos\" \/>\n<script type=\"application\/ld+json\" class=\"yoast-schema-graph\">{\"@context\":\"https:\\\/\\\/schema.org\",\"@graph\":[{\"@type\":\"Article\",\"@id\":\"https:\\\/\\\/www.bbmnoticias.com\\\/labravaradiofm\\\/2021\\\/11\\\/30\\\/amlo-la-nueva-variante-omicron-no-es-terrible\\\/#article\",\"isPartOf\":{\"@id\":\"https:\\\/\\\/www.bbmnoticias.com\\\/labravaradiofm\\\/2021\\\/11\\\/30\\\/amlo-la-nueva-variante-omicron-no-es-terrible\\\/\"},\"author\":{\"name\":\"Staff\",\"@id\":\"https:\\\/\\\/www.bbmnoticias.com\\\/labravaradiofm\\\/#\\\/schema\\\/person\\\/68a9e9036ef3c5b55aeb2b71dc8bab45\"},\"headline\":\"AMLO: La nueva variante \u00d3micron \u201cno es terrible\u201d\",\"datePublished\":\"2021-11-30T15:46:31+00:00\",\"dateModified\":\"2021-11-30T15:46:32+00:00\",\"mainEntityOfPage\":{\"@id\":\"https:\\\/\\\/www.bbmnoticias.com\\\/labravaradiofm\\\/2021\\\/11\\\/30\\\/amlo-la-nueva-variante-omicron-no-es-terrible\\\/\"},\"wordCount\":547,\"image\":{\"@id\":\"https:\\\/\\\/www.bbmnoticias.com\\\/labravaradiofm\\\/2021\\\/11\\\/30\\\/amlo-la-nueva-variante-omicron-no-es-terrible\\\/#primaryimage\"},\"thumbnailUrl\":\"https:\\\/\\\/www.bbmnoticias.com\\\/labravaradiofm\\\/wp-content\\\/uploads\\\/sites\\\/5\\\/2021\\\/11\\\/amlo-omicron.jpeg\",\"articleSection\":[\"NACIONAL\"],\"inLanguage\":\"es\"},{\"@type\":\"WebPage\",\"@id\":\"https:\\\/\\\/www.bbmnoticias.com\\\/labravaradiofm\\\/2021\\\/11\\\/30\\\/amlo-la-nueva-variante-omicron-no-es-terrible\\\/\",\"url\":\"https:\\\/\\\/www.bbmnoticias.com\\\/labravaradiofm\\\/2021\\\/11\\\/30\\\/amlo-la-nueva-variante-omicron-no-es-terrible\\\/\",\"name\":\"AMLO: La nueva variante \u00d3micron \u201cno es terrible\u201d - LA BRAVA RADIO\",\"isPartOf\":{\"@id\":\"https:\\\/\\\/www.bbmnoticias.com\\\/labravaradiofm\\\/#website\"},\"primaryImageOfPage\":{\"@id\":\"https:\\\/\\\/www.bbmnoticias.com\\\/labravaradiofm\\\/2021\\\/11\\\/30\\\/amlo-la-nueva-variante-omicron-no-es-terrible\\\/#primaryimage\"},\"image\":{\"@id\":\"https:\\\/\\\/www.bbmnoticias.com\\\/labravaradiofm\\\/2021\\\/11\\\/30\\\/amlo-la-nueva-variante-omicron-no-es-terrible\\\/#primaryimage\"},\"thumbnailUrl\":\"https:\\\/\\\/www.bbmnoticias.com\\\/labravaradiofm\\\/wp-content\\\/uploads\\\/sites\\\/5\\\/2021\\\/11\\\/amlo-omicron.jpeg\",\"datePublished\":\"2021-11-30T15:46:31+00:00\",\"dateModified\":\"2021-11-30T15:46:32+00:00\",\"author\":{\"@id\":\"https:\\\/\\\/www.bbmnoticias.com\\\/labravaradiofm\\\/#\\\/schema\\\/person\\\/68a9e9036ef3c5b55aeb2b71dc8bab45\"},\"breadcrumb\":{\"@id\":\"https:\\\/\\\/www.bbmnoticias.com\\\/labravaradiofm\\\/2021\\\/11\\\/30\\\/amlo-la-nueva-variante-omicron-no-es-terrible\\\/#breadcrumb\"},\"inLanguage\":\"es\",\"potentialAction\":[{\"@type\":\"ReadAction\",\"target\":[\"https:\\\/\\\/www.bbmnoticias.com\\\/labravaradiofm\\\/2021\\\/11\\\/30\\\/amlo-la-nueva-variante-omicron-no-es-terrible\\\/\"]}]},{\"@type\":\"ImageObject\",\"inLanguage\":\"es\",\"@id\":\"https:\\\/\\\/www.bbmnoticias.com\\\/labravaradiofm\\\/2021\\\/11\\\/30\\\/amlo-la-nueva-variante-omicron-no-es-terrible\\\/#primaryimage\",\"url\":\"https:\\\/\\\/www.bbmnoticias.com\\\/labravaradiofm\\\/wp-content\\\/uploads\\\/sites\\\/5\\\/2021\\\/11\\\/amlo-omicron.jpeg\",\"contentUrl\":\"https:\\\/\\\/www.bbmnoticias.com\\\/labravaradiofm\\\/wp-content\\\/uploads\\\/sites\\\/5\\\/2021\\\/11\\\/amlo-omicron.jpeg\",\"width\":640,\"height\":360},{\"@type\":\"BreadcrumbList\",\"@id\":\"https:\\\/\\\/www.bbmnoticias.com\\\/labravaradiofm\\\/2021\\\/11\\\/30\\\/amlo-la-nueva-variante-omicron-no-es-terrible\\\/#breadcrumb\",\"itemListElement\":[{\"@type\":\"ListItem\",\"position\":1,\"name\":\"Inicio\",\"item\":\"https:\\\/\\\/www.bbmnoticias.com\\\/labravaradiofm\\\/\"},{\"@type\":\"ListItem\",\"position\":2,\"name\":\"AMLO: La nueva variante \u00d3micron \u201cno es terrible\u201d\"}]},{\"@type\":\"WebSite\",\"@id\":\"https:\\\/\\\/www.bbmnoticias.com\\\/labravaradiofm\\\/#website\",\"url\":\"https:\\\/\\\/www.bbmnoticias.com\\\/labravaradiofm\\\/\",\"name\":\"LA BRAVA RADIO\",\"description\":\"Empresa productora de medios, Radiodifusi\u00f3n, Noticias, tendencias y todo lo que necesitas saber de la pol\u00edtica mexicana e internacional; entretenimiento, espect\u00e1culos, salud y mucho m\u00e1s.\",\"potentialAction\":[{\"@type\":\"SearchAction\",\"target\":{\"@type\":\"EntryPoint\",\"urlTemplate\":\"https:\\\/\\\/www.bbmnoticias.com\\\/labravaradiofm\\\/?s={search_term_string}\"},\"query-input\":{\"@type\":\"PropertyValueSpecification\",\"valueRequired\":true,\"valueName\":\"search_term_string\"}}],\"inLanguage\":\"es\"},{\"@type\":\"Person\",\"@id\":\"https:\\\/\\\/www.bbmnoticias.com\\\/labravaradiofm\\\/#\\\/schema\\\/person\\\/68a9e9036ef3c5b55aeb2b71dc8bab45\",\"name\":\"Staff\",\"image\":{\"@type\":\"ImageObject\",\"inLanguage\":\"es\",\"@id\":\"https:\\\/\\\/secure.gravatar.com\\\/avatar\\\/fdd21ad66fd8b98c407f9dee5b5e588cfe7f0d8579ec20fa6527cd59bab7f0f0?s=96&d=mm&r=g\",\"url\":\"https:\\\/\\\/secure.gravatar.com\\\/avatar\\\/fdd21ad66fd8b98c407f9dee5b5e588cfe7f0d8579ec20fa6527cd59bab7f0f0?s=96&d=mm&r=g\",\"contentUrl\":\"https:\\\/\\\/secure.gravatar.com\\\/avatar\\\/fdd21ad66fd8b98c407f9dee5b5e588cfe7f0d8579ec20fa6527cd59bab7f0f0?s=96&d=mm&r=g\",\"caption\":\"Staff\"},\"url\":\"https:\\\/\\\/www.bbmnoticias.com\\\/labravaradiofm\\\/author\\\/redaccion\\\/\"}]}<\/script>\n<!-- \/ Yoast SEO plugin. -->","yoast_head_json":{"title":"AMLO: La nueva variante \u00d3micron \u201cno es terrible\u201d - LA BRAVA RADIO","robots":{"index":"index","follow":"follow","max-snippet":"max-snippet:-1","max-image-preview":"max-image-preview:large","max-video-preview":"max-video-preview:-1"},"canonical":"https:\/\/www.bbmnoticias.com\/labravaradiofm\/2021\/11\/30\/amlo-la-nueva-variante-omicron-no-es-terrible\/","og_locale":"es_MX","og_type":"article","og_title":"AMLO: La nueva variante \u00d3micron \u201cno es terrible\u201d - LA BRAVA RADIO","og_description":"El presidente Andr\u00e9s Manuel L\u00f3pez Obrador (AMLO) asegur\u00f3 que la variante \u00d3micron \u201cno es terrible\u201d pero se origin\u00f3 por abandonar, en cuesti\u00f3n de vacunas, a los pobres. El mandatario asegur\u00f3 que la nueva variante de Covid-19 se debe a no han llegado vacunas a \u00c1frica, lo que ha provocado que, de cada 100 personas vacunadas, [&hellip;]","og_url":"https:\/\/www.bbmnoticias.com\/labravaradiofm\/2021\/11\/30\/amlo-la-nueva-variante-omicron-no-es-terrible\/","og_site_name":"LA BRAVA RADIO","article_published_time":"2021-11-30T15:46:31+00:00","article_modified_time":"2021-11-30T15:46:32+00:00","og_image":[{"width":640,"height":360,"url":"https:\/\/www.bbmnoticias.com\/labravaradiofm\/wp-content\/uploads\/sites\/5\/2021\/11\/amlo-omicron.jpeg","type":"image\/jpeg"}],"author":"Staff","twitter_card":"summary_large_image","twitter_misc":{"Escrito por":"Staff","Tiempo de lectura":"3 minutos"},"schema":{"@context":"https:\/\/schema.org","@graph":[{"@type":"Article","@id":"https:\/\/www.bbmnoticias.com\/labravaradiofm\/2021\/11\/30\/amlo-la-nueva-variante-omicron-no-es-terrible\/#article","isPartOf":{"@id":"https:\/\/www.bbmnoticias.com\/labravaradiofm\/2021\/11\/30\/amlo-la-nueva-variante-omicron-no-es-terrible\/"},"author":{"name":"Staff","@id":"https:\/\/www.bbmnoticias.com\/labravaradiofm\/#\/schema\/person\/68a9e9036ef3c5b55aeb2b71dc8bab45"},"headline":"AMLO: La nueva variante \u00d3micron \u201cno es terrible\u201d","datePublished":"2021-11-30T15:46:31+00:00","dateModified":"2021-11-30T15:46:32+00:00","mainEntityOfPage":{"@id":"https:\/\/www.bbmnoticias.com\/labravaradiofm\/2021\/11\/30\/amlo-la-nueva-variante-omicron-no-es-terrible\/"},"wordCount":547,"image":{"@id":"https:\/\/www.bbmnoticias.com\/labravaradiofm\/2021\/11\/30\/amlo-la-nueva-variante-omicron-no-es-terrible\/#primaryimage"},"thumbnailUrl":"https:\/\/www.bbmnoticias.com\/labravaradiofm\/wp-content\/uploads\/sites\/5\/2021\/11\/amlo-omicron.jpeg","articleSection":["NACIONAL"],"inLanguage":"es"},{"@type":"WebPage","@id":"https:\/\/www.bbmnoticias.com\/labravaradiofm\/2021\/11\/30\/amlo-la-nueva-variante-omicron-no-es-terrible\/","url":"https:\/\/www.bbmnoticias.com\/labravaradiofm\/2021\/11\/30\/amlo-la-nueva-variante-omicron-no-es-terrible\/","name":"AMLO: La nueva variante \u00d3micron \u201cno es terrible\u201d - LA BRAVA RADIO","isPartOf":{"@id":"https:\/\/www.bbmnoticias.com\/labravaradiofm\/#website"},"primaryImageOfPage":{"@id":"https:\/\/www.bbmnoticias.com\/labravaradiofm\/2021\/11\/30\/amlo-la-nueva-variante-omicron-no-es-terrible\/#primaryimage"},"image":{"@id":"https:\/\/www.bbmnoticias.com\/labravaradiofm\/2021\/11\/30\/amlo-la-nueva-variante-omicron-no-es-terrible\/#primaryimage"},"thumbnailUrl":"https:\/\/www.bbmnoticias.com\/labravaradiofm\/wp-content\/uploads\/sites\/5\/2021\/11\/amlo-omicron.jpeg","datePublished":"2021-11-30T15:46:31+00:00","dateModified":"2021-11-30T15:46:32+00:00","author":{"@id":"https:\/\/www.bbmnoticias.com\/labravaradiofm\/#\/schema\/person\/68a9e9036ef3c5b55aeb2b71dc8bab45"},"breadcrumb":{"@id":"https:\/\/www.bbmnoticias.com\/labravaradiofm\/2021\/11\/30\/amlo-la-nueva-variante-omicron-no-es-terrible\/#breadcrumb"},"inLanguage":"es","potentialAction":[{"@type":"ReadAction","target":["https:\/\/www.bbmnoticias.com\/labravaradiofm\/2021\/11\/30\/amlo-la-nueva-variante-omicron-no-es-terrible\/"]}]},{"@type":"ImageObject","inLanguage":"es","@id":"https:\/\/www.bbmnoticias.com\/labravaradiofm\/2021\/11\/30\/amlo-la-nueva-variante-omicron-no-es-terrible\/#primaryimage","url":"https:\/\/www.bbmnoticias.com\/labravaradiofm\/wp-content\/uploads\/sites\/5\/2021\/11\/amlo-omicron.jpeg","contentUrl":"https:\/\/www.bbmnoticias.com\/labravaradiofm\/wp-content\/uploads\/sites\/5\/2021\/11\/amlo-omicron.jpeg","width":640,"height":360},{"@type":"BreadcrumbList","@id":"https:\/\/www.bbmnoticias.com\/labravaradiofm\/2021\/11\/30\/amlo-la-nueva-variante-omicron-no-es-terrible\/#breadcrumb","itemListElement":[{"@type":"ListItem","position":1,"name":"Inicio","item":"https:\/\/www.bbmnoticias.com\/labravaradiofm\/"},{"@type":"ListItem","position":2,"name":"AMLO: La nueva variante \u00d3micron \u201cno es terrible\u201d"}]},{"@type":"WebSite","@id":"https:\/\/www.bbmnoticias.com\/labravaradiofm\/#website","url":"https:\/\/www.bbmnoticias.com\/labravaradiofm\/","name":"LA BRAVA RADIO","description":"Empresa productora de medios, Radiodifusi\u00f3n, Noticias, tendencias y todo lo que necesitas saber de la pol\u00edtica mexicana e internacional; entretenimiento, espect\u00e1culos, salud y mucho m\u00e1s.","potentialAction":[{"@type":"SearchAction","target":{"@type":"EntryPoint","urlTemplate":"https:\/\/www.bbmnoticias.com\/labravaradiofm\/?s={search_term_string}"},"query-input":{"@type":"PropertyValueSpecification","valueRequired":true,"valueName":"search_term_string"}}],"inLanguage":"es"},{"@type":"Person","@id":"https:\/\/www.bbmnoticias.com\/labravaradiofm\/#\/schema\/person\/68a9e9036ef3c5b55aeb2b71dc8bab45","name":"Staff","image":{"@type":"ImageObject","inLanguage":"es","@id":"https:\/\/secure.gravatar.com\/avatar\/fdd21ad66fd8b98c407f9dee5b5e588cfe7f0d8579ec20fa6527cd59bab7f0f0?s=96&d=mm&r=g","url":"https:\/\/secure.gravatar.com\/avatar\/fdd21ad66fd8b98c407f9dee5b5e588cfe7f0d8579ec20fa6527cd59bab7f0f0?s=96&d=mm&r=g","contentUrl":"https:\/\/secure.gravatar.com\/avatar\/fdd21ad66fd8b98c407f9dee5b5e588cfe7f0d8579ec20fa6527cd59bab7f0f0?s=96&d=mm&r=g","caption":"Staff"},"url":"https:\/\/www.bbmnoticias.com\/labravaradiofm\/author\/redaccion\/"}]}},"_links":{"self":[{"href":"https:\/\/www.bbmnoticias.com\/labravaradiofm\/wp-json\/wp\/v2\/posts\/6379","targetHints":{"allow":["GET"]}}],"collection":[{"href":"https:\/\/www.bbmnoticias.com\/labravaradiofm\/wp-json\/wp\/v2\/posts"}],"about":[{"href":"https:\/\/www.bbmnoticias.com\/labravaradiofm\/wp-json\/wp\/v2\/types\/post"}],"author":[{"embeddable":true,"href":"https:\/\/www.bbmnoticias.com\/labravaradiofm\/wp-json\/wp\/v2\/users\/2"}],"replies":[{"embeddable":true,"href":"https:\/\/www.bbmnoticias.com\/labravaradiofm\/wp-json\/wp\/v2\/comments?post=6379"}],"version-history":[{"count":0,"href":"https:\/\/www.bbmnoticias.com\/labravaradiofm\/wp-json\/wp\/v2\/posts\/6379\/revisions"}],"wp:featuredmedia":[{"embeddable":true,"href":"https:\/\/www.bbmnoticias.com\/labravaradiofm\/wp-json\/wp\/v2\/media\/6380"}],"wp:attachment":[{"href":"https:\/\/www.bbmnoticias.com\/labravaradiofm\/wp-json\/wp\/v2\/media?parent=6379"}],"wp:term":[{"taxonomy":"category","embeddable":true,"href":"https:\/\/www.bbmnoticias.com\/labravaradiofm\/wp-json\/wp\/v2\/categories?post=6379"},{"taxonomy":"post_tag","embeddable":true,"href":"https:\/\/www.bbmnoticias.com\/labravaradiofm\/wp-json\/wp\/v2\/tags?post=6379"}],"curies":[{"name":"wp","href":"https:\/\/api.w.org\/{rel}","templated":true}]}}