{"id":636,"date":"2021-08-24T09:24:16","date_gmt":"2021-08-24T14:24:16","guid":{"rendered":"https:\/\/www.bbmnoticias.com\/labravaradiofm\/?p=636"},"modified":"2021-08-24T09:33:24","modified_gmt":"2021-08-24T14:33:24","slug":"lopez-gatell-no-descarta-mas-olas-de-covid-19-en-mexico","status":"publish","type":"post","link":"https:\/\/www.bbmnoticias.com\/labravaradiofm\/2021\/08\/24\/lopez-gatell-no-descarta-mas-olas-de-covid-19-en-mexico\/","title":{"rendered":"L\u00f3pez-Gatell no descarta m\u00e1s olas de covid-19 en M\u00e9xico"},"content":{"rendered":"<div style=\"margin-top: 0px; margin-bottom: 0px;\" class=\"sharethis-inline-share-buttons\" ><\/div>\n<p>L\u00f3pez-Gatell apunt\u00f3 que, a pesar de la tendencia a la baja de la pandemia en M\u00e9xico, siempre que \u00e9sta exista en el mundo habr\u00e1 la posibilidad de que los contagios contin\u00faen. Sin embargo, apunt\u00f3 que estos datos no son suficientes para predecir c\u00f3mo se comportar\u00e1 el virus en un futuro, por lo que no descart\u00f3 que existan m\u00e1s olas de contagios.&nbsp;<\/p>\n\n\n\n<figure class=\"wp-block-pullquote\"><blockquote><p>\u201cMientras exista la pandemia en el mundo, todos los pa\u00edses tienen la posibilidad de tener cuarta y quinta ola. En este momento en Europa varios pa\u00edses ya tienen la quinta y la sexta, Estados Unidos va en su cuarta, casi quina ola, en cualquier momento puede ocurrir y hay que estar muy pendiente\u201d, declar\u00f3.<\/p><\/blockquote><\/figure>\n\n\n\n<p><\/p>\n","protected":false},"excerpt":{"rendered":"<p>L\u00f3pez-Gatell apunt\u00f3 que, a pesar de la tendencia a la baja de la pandemia en M\u00e9xico, siempre que \u00e9sta exista en el mundo habr\u00e1 la posibilidad de que los contagios contin\u00faen. Sin embargo, apunt\u00f3 que estos datos no son suficientes para predecir c\u00f3mo se comportar\u00e1 el virus en un futuro, por lo que no descart\u00f3 [&hellip;]<\/p>\n","protected":false},"author":4,"featured_media":642,"comment_status":"closed","ping_status":"closed","sticky":false,"template":"","format":"standard","meta":{"footnotes":""},"categories":[1],"tags":[],"class_list":{"0":"post-636","1":"post","2":"type-post","3":"status-publish","4":"format-standard","5":"has-post-thumbnail","7":"category-sin-categoria"},"yoast_head":"<!-- This site is optimized with the Yoast SEO plugin v27.4 - https:\/\/yoast.com\/product\/yoast-seo-wordpress\/ -->\n<title>L\u00f3pez-Gatell no descarta m\u00e1s olas de covid-19 en M\u00e9xico - LA BRAVA RADIO<\/title>\n<meta name=\"robots\" content=\"index, follow, max-snippet:-1, max-image-preview:large, max-video-preview:-1\" \/>\n<link rel=\"canonical\" href=\"https:\/\/www.bbmnoticias.com\/labravaradiofm\/2021\/08\/24\/lopez-gatell-no-descarta-mas-olas-de-covid-19-en-mexico\/\" \/>\n<meta property=\"og:locale\" content=\"es_MX\" \/>\n<meta property=\"og:type\" content=\"article\" \/>\n<meta property=\"og:title\" content=\"L\u00f3pez-Gatell no descarta m\u00e1s olas de covid-19 en M\u00e9xico - LA BRAVA RADIO\" \/>\n<meta property=\"og:description\" content=\"L\u00f3pez-Gatell apunt\u00f3 que, a pesar de la tendencia a la baja de la pandemia en M\u00e9xico, siempre que \u00e9sta exista en el mundo habr\u00e1 la posibilidad de que los contagios contin\u00faen. Sin embargo, apunt\u00f3 que estos datos no son suficientes para predecir c\u00f3mo se comportar\u00e1 el virus en un futuro, por lo que no descart\u00f3 [&hellip;]\" \/>\n<meta property=\"og:url\" content=\"https:\/\/www.bbmnoticias.com\/labravaradiofm\/2021\/08\/24\/lopez-gatell-no-descarta-mas-olas-de-covid-19-en-mexico\/\" \/>\n<meta property=\"og:site_name\" content=\"LA BRAVA RADIO\" \/>\n<meta property=\"article:published_time\" content=\"2021-08-24T14:24:16+00:00\" \/>\n<meta property=\"article:modified_time\" content=\"2021-08-24T14:33:24+00:00\" \/>\n<meta property=\"og:image\" content=\"https:\/\/www.bbmnoticias.com\/labravaradiofm\/wp-content\/uploads\/sites\/5\/2021\/08\/nacional24082021-12.jpg\" \/>\n\t<meta property=\"og:image:width\" content=\"1140\" \/>\n\t<meta property=\"og:image:height\" content=\"640\" \/>\n\t<meta property=\"og:image:type\" content=\"image\/jpeg\" \/>\n<meta name=\"author\" content=\"Agencias\" \/>\n<meta name=\"twitter:card\" content=\"summary_large_image\" \/>\n<meta name=\"twitter:label1\" content=\"Escrito por\" \/>\n\t<meta name=\"twitter:data1\" content=\"Agencias\" \/>\n\t<meta name=\"twitter:label2\" content=\"Tiempo de lectura\" \/>\n\t<meta name=\"twitter:data2\" content=\"1 minuto\" \/>\n<script type=\"application\/ld+json\" class=\"yoast-schema-graph\">{\"@context\":\"https:\\\/\\\/schema.org\",\"@graph\":[{\"@type\":\"Article\",\"@id\":\"https:\\\/\\\/www.bbmnoticias.com\\\/labravaradiofm\\\/2021\\\/08\\\/24\\\/lopez-gatell-no-descarta-mas-olas-de-covid-19-en-mexico\\\/#article\",\"isPartOf\":{\"@id\":\"https:\\\/\\\/www.bbmnoticias.com\\\/labravaradiofm\\\/2021\\\/08\\\/24\\\/lopez-gatell-no-descarta-mas-olas-de-covid-19-en-mexico\\\/\"},\"author\":{\"name\":\"Agencias\",\"@id\":\"https:\\\/\\\/www.bbmnoticias.com\\\/labravaradiofm\\\/#\\\/schema\\\/person\\\/857a3daf5c8142f29919023f377fbfad\"},\"headline\":\"L\u00f3pez-Gatell no descarta m\u00e1s olas de covid-19 en M\u00e9xico\",\"datePublished\":\"2021-08-24T14:24:16+00:00\",\"dateModified\":\"2021-08-24T14:33:24+00:00\",\"mainEntityOfPage\":{\"@id\":\"https:\\\/\\\/www.bbmnoticias.com\\\/labravaradiofm\\\/2021\\\/08\\\/24\\\/lopez-gatell-no-descarta-mas-olas-de-covid-19-en-mexico\\\/\"},\"wordCount\":135,\"image\":{\"@id\":\"https:\\\/\\\/www.bbmnoticias.com\\\/labravaradiofm\\\/2021\\\/08\\\/24\\\/lopez-gatell-no-descarta-mas-olas-de-covid-19-en-mexico\\\/#primaryimage\"},\"thumbnailUrl\":\"https:\\\/\\\/www.bbmnoticias.com\\\/labravaradiofm\\\/wp-content\\\/uploads\\\/sites\\\/5\\\/2021\\\/08\\\/nacional24082021-12.jpg\",\"inLanguage\":\"es\"},{\"@type\":\"WebPage\",\"@id\":\"https:\\\/\\\/www.bbmnoticias.com\\\/labravaradiofm\\\/2021\\\/08\\\/24\\\/lopez-gatell-no-descarta-mas-olas-de-covid-19-en-mexico\\\/\",\"url\":\"https:\\\/\\\/www.bbmnoticias.com\\\/labravaradiofm\\\/2021\\\/08\\\/24\\\/lopez-gatell-no-descarta-mas-olas-de-covid-19-en-mexico\\\/\",\"name\":\"L\u00f3pez-Gatell no descarta m\u00e1s olas de covid-19 en M\u00e9xico - LA BRAVA RADIO\",\"isPartOf\":{\"@id\":\"https:\\\/\\\/www.bbmnoticias.com\\\/labravaradiofm\\\/#website\"},\"primaryImageOfPage\":{\"@id\":\"https:\\\/\\\/www.bbmnoticias.com\\\/labravaradiofm\\\/2021\\\/08\\\/24\\\/lopez-gatell-no-descarta-mas-olas-de-covid-19-en-mexico\\\/#primaryimage\"},\"image\":{\"@id\":\"https:\\\/\\\/www.bbmnoticias.com\\\/labravaradiofm\\\/2021\\\/08\\\/24\\\/lopez-gatell-no-descarta-mas-olas-de-covid-19-en-mexico\\\/#primaryimage\"},\"thumbnailUrl\":\"https:\\\/\\\/www.bbmnoticias.com\\\/labravaradiofm\\\/wp-content\\\/uploads\\\/sites\\\/5\\\/2021\\\/08\\\/nacional24082021-12.jpg\",\"datePublished\":\"2021-08-24T14:24:16+00:00\",\"dateModified\":\"2021-08-24T14:33:24+00:00\",\"author\":{\"@id\":\"https:\\\/\\\/www.bbmnoticias.com\\\/labravaradiofm\\\/#\\\/schema\\\/person\\\/857a3daf5c8142f29919023f377fbfad\"},\"breadcrumb\":{\"@id\":\"https:\\\/\\\/www.bbmnoticias.com\\\/labravaradiofm\\\/2021\\\/08\\\/24\\\/lopez-gatell-no-descarta-mas-olas-de-covid-19-en-mexico\\\/#breadcrumb\"},\"inLanguage\":\"es\",\"potentialAction\":[{\"@type\":\"ReadAction\",\"target\":[\"https:\\\/\\\/www.bbmnoticias.com\\\/labravaradiofm\\\/2021\\\/08\\\/24\\\/lopez-gatell-no-descarta-mas-olas-de-covid-19-en-mexico\\\/\"]}]},{\"@type\":\"ImageObject\",\"inLanguage\":\"es\",\"@id\":\"https:\\\/\\\/www.bbmnoticias.com\\\/labravaradiofm\\\/2021\\\/08\\\/24\\\/lopez-gatell-no-descarta-mas-olas-de-covid-19-en-mexico\\\/#primaryimage\",\"url\":\"https:\\\/\\\/www.bbmnoticias.com\\\/labravaradiofm\\\/wp-content\\\/uploads\\\/sites\\\/5\\\/2021\\\/08\\\/nacional24082021-12.jpg\",\"contentUrl\":\"https:\\\/\\\/www.bbmnoticias.com\\\/labravaradiofm\\\/wp-content\\\/uploads\\\/sites\\\/5\\\/2021\\\/08\\\/nacional24082021-12.jpg\",\"width\":1140,\"height\":640},{\"@type\":\"BreadcrumbList\",\"@id\":\"https:\\\/\\\/www.bbmnoticias.com\\\/labravaradiofm\\\/2021\\\/08\\\/24\\\/lopez-gatell-no-descarta-mas-olas-de-covid-19-en-mexico\\\/#breadcrumb\",\"itemListElement\":[{\"@type\":\"ListItem\",\"position\":1,\"name\":\"Inicio\",\"item\":\"https:\\\/\\\/www.bbmnoticias.com\\\/labravaradiofm\\\/\"},{\"@type\":\"ListItem\",\"position\":2,\"name\":\"L\u00f3pez-Gatell no descarta m\u00e1s olas de covid-19 en M\u00e9xico\"}]},{\"@type\":\"WebSite\",\"@id\":\"https:\\\/\\\/www.bbmnoticias.com\\\/labravaradiofm\\\/#website\",\"url\":\"https:\\\/\\\/www.bbmnoticias.com\\\/labravaradiofm\\\/\",\"name\":\"LA BRAVA RADIO\",\"description\":\"Empresa productora de medios, Radiodifusi\u00f3n, Noticias, tendencias y todo lo que necesitas saber de la pol\u00edtica mexicana e internacional; entretenimiento, espect\u00e1culos, salud y mucho m\u00e1s.\",\"potentialAction\":[{\"@type\":\"SearchAction\",\"target\":{\"@type\":\"EntryPoint\",\"urlTemplate\":\"https:\\\/\\\/www.bbmnoticias.com\\\/labravaradiofm\\\/?s={search_term_string}\"},\"query-input\":{\"@type\":\"PropertyValueSpecification\",\"valueRequired\":true,\"valueName\":\"search_term_string\"}}],\"inLanguage\":\"es\"},{\"@type\":\"Person\",\"@id\":\"https:\\\/\\\/www.bbmnoticias.com\\\/labravaradiofm\\\/#\\\/schema\\\/person\\\/857a3daf5c8142f29919023f377fbfad\",\"name\":\"Agencias\",\"image\":{\"@type\":\"ImageObject\",\"inLanguage\":\"es\",\"@id\":\"https:\\\/\\\/secure.gravatar.com\\\/avatar\\\/739e0b61adf9e398b425c36718c8752286da0e8cd90f20ce9a86678abc26aa0d?s=96&d=mm&r=g\",\"url\":\"https:\\\/\\\/secure.gravatar.com\\\/avatar\\\/739e0b61adf9e398b425c36718c8752286da0e8cd90f20ce9a86678abc26aa0d?s=96&d=mm&r=g\",\"contentUrl\":\"https:\\\/\\\/secure.gravatar.com\\\/avatar\\\/739e0b61adf9e398b425c36718c8752286da0e8cd90f20ce9a86678abc26aa0d?s=96&d=mm&r=g\",\"caption\":\"Agencias\"},\"url\":\"https:\\\/\\\/www.bbmnoticias.com\\\/labravaradiofm\\\/author\\\/agencias\\\/\"}]}<\/script>\n<!-- \/ Yoast SEO plugin. -->","yoast_head_json":{"title":"L\u00f3pez-Gatell no descarta m\u00e1s olas de covid-19 en M\u00e9xico - LA BRAVA RADIO","robots":{"index":"index","follow":"follow","max-snippet":"max-snippet:-1","max-image-preview":"max-image-preview:large","max-video-preview":"max-video-preview:-1"},"canonical":"https:\/\/www.bbmnoticias.com\/labravaradiofm\/2021\/08\/24\/lopez-gatell-no-descarta-mas-olas-de-covid-19-en-mexico\/","og_locale":"es_MX","og_type":"article","og_title":"L\u00f3pez-Gatell no descarta m\u00e1s olas de covid-19 en M\u00e9xico - LA BRAVA RADIO","og_description":"L\u00f3pez-Gatell apunt\u00f3 que, a pesar de la tendencia a la baja de la pandemia en M\u00e9xico, siempre que \u00e9sta exista en el mundo habr\u00e1 la posibilidad de que los contagios contin\u00faen. Sin embargo, apunt\u00f3 que estos datos no son suficientes para predecir c\u00f3mo se comportar\u00e1 el virus en un futuro, por lo que no descart\u00f3 [&hellip;]","og_url":"https:\/\/www.bbmnoticias.com\/labravaradiofm\/2021\/08\/24\/lopez-gatell-no-descarta-mas-olas-de-covid-19-en-mexico\/","og_site_name":"LA BRAVA RADIO","article_published_time":"2021-08-24T14:24:16+00:00","article_modified_time":"2021-08-24T14:33:24+00:00","og_image":[{"width":1140,"height":640,"url":"https:\/\/www.bbmnoticias.com\/labravaradiofm\/wp-content\/uploads\/sites\/5\/2021\/08\/nacional24082021-12.jpg","type":"image\/jpeg"}],"author":"Agencias","twitter_card":"summary_large_image","twitter_misc":{"Escrito por":"Agencias","Tiempo de lectura":"1 minuto"},"schema":{"@context":"https:\/\/schema.org","@graph":[{"@type":"Article","@id":"https:\/\/www.bbmnoticias.com\/labravaradiofm\/2021\/08\/24\/lopez-gatell-no-descarta-mas-olas-de-covid-19-en-mexico\/#article","isPartOf":{"@id":"https:\/\/www.bbmnoticias.com\/labravaradiofm\/2021\/08\/24\/lopez-gatell-no-descarta-mas-olas-de-covid-19-en-mexico\/"},"author":{"name":"Agencias","@id":"https:\/\/www.bbmnoticias.com\/labravaradiofm\/#\/schema\/person\/857a3daf5c8142f29919023f377fbfad"},"headline":"L\u00f3pez-Gatell no descarta m\u00e1s olas de covid-19 en M\u00e9xico","datePublished":"2021-08-24T14:24:16+00:00","dateModified":"2021-08-24T14:33:24+00:00","mainEntityOfPage":{"@id":"https:\/\/www.bbmnoticias.com\/labravaradiofm\/2021\/08\/24\/lopez-gatell-no-descarta-mas-olas-de-covid-19-en-mexico\/"},"wordCount":135,"image":{"@id":"https:\/\/www.bbmnoticias.com\/labravaradiofm\/2021\/08\/24\/lopez-gatell-no-descarta-mas-olas-de-covid-19-en-mexico\/#primaryimage"},"thumbnailUrl":"https:\/\/www.bbmnoticias.com\/labravaradiofm\/wp-content\/uploads\/sites\/5\/2021\/08\/nacional24082021-12.jpg","inLanguage":"es"},{"@type":"WebPage","@id":"https:\/\/www.bbmnoticias.com\/labravaradiofm\/2021\/08\/24\/lopez-gatell-no-descarta-mas-olas-de-covid-19-en-mexico\/","url":"https:\/\/www.bbmnoticias.com\/labravaradiofm\/2021\/08\/24\/lopez-gatell-no-descarta-mas-olas-de-covid-19-en-mexico\/","name":"L\u00f3pez-Gatell no descarta m\u00e1s olas de covid-19 en M\u00e9xico - LA BRAVA RADIO","isPartOf":{"@id":"https:\/\/www.bbmnoticias.com\/labravaradiofm\/#website"},"primaryImageOfPage":{"@id":"https:\/\/www.bbmnoticias.com\/labravaradiofm\/2021\/08\/24\/lopez-gatell-no-descarta-mas-olas-de-covid-19-en-mexico\/#primaryimage"},"image":{"@id":"https:\/\/www.bbmnoticias.com\/labravaradiofm\/2021\/08\/24\/lopez-gatell-no-descarta-mas-olas-de-covid-19-en-mexico\/#primaryimage"},"thumbnailUrl":"https:\/\/www.bbmnoticias.com\/labravaradiofm\/wp-content\/uploads\/sites\/5\/2021\/08\/nacional24082021-12.jpg","datePublished":"2021-08-24T14:24:16+00:00","dateModified":"2021-08-24T14:33:24+00:00","author":{"@id":"https:\/\/www.bbmnoticias.com\/labravaradiofm\/#\/schema\/person\/857a3daf5c8142f29919023f377fbfad"},"breadcrumb":{"@id":"https:\/\/www.bbmnoticias.com\/labravaradiofm\/2021\/08\/24\/lopez-gatell-no-descarta-mas-olas-de-covid-19-en-mexico\/#breadcrumb"},"inLanguage":"es","potentialAction":[{"@type":"ReadAction","target":["https:\/\/www.bbmnoticias.com\/labravaradiofm\/2021\/08\/24\/lopez-gatell-no-descarta-mas-olas-de-covid-19-en-mexico\/"]}]},{"@type":"ImageObject","inLanguage":"es","@id":"https:\/\/www.bbmnoticias.com\/labravaradiofm\/2021\/08\/24\/lopez-gatell-no-descarta-mas-olas-de-covid-19-en-mexico\/#primaryimage","url":"https:\/\/www.bbmnoticias.com\/labravaradiofm\/wp-content\/uploads\/sites\/5\/2021\/08\/nacional24082021-12.jpg","contentUrl":"https:\/\/www.bbmnoticias.com\/labravaradiofm\/wp-content\/uploads\/sites\/5\/2021\/08\/nacional24082021-12.jpg","width":1140,"height":640},{"@type":"BreadcrumbList","@id":"https:\/\/www.bbmnoticias.com\/labravaradiofm\/2021\/08\/24\/lopez-gatell-no-descarta-mas-olas-de-covid-19-en-mexico\/#breadcrumb","itemListElement":[{"@type":"ListItem","position":1,"name":"Inicio","item":"https:\/\/www.bbmnoticias.com\/labravaradiofm\/"},{"@type":"ListItem","position":2,"name":"L\u00f3pez-Gatell no descarta m\u00e1s olas de covid-19 en M\u00e9xico"}]},{"@type":"WebSite","@id":"https:\/\/www.bbmnoticias.com\/labravaradiofm\/#website","url":"https:\/\/www.bbmnoticias.com\/labravaradiofm\/","name":"LA BRAVA RADIO","description":"Empresa productora de medios, Radiodifusi\u00f3n, Noticias, tendencias y todo lo que necesitas saber de la pol\u00edtica mexicana e internacional; entretenimiento, espect\u00e1culos, salud y mucho m\u00e1s.","potentialAction":[{"@type":"SearchAction","target":{"@type":"EntryPoint","urlTemplate":"https:\/\/www.bbmnoticias.com\/labravaradiofm\/?s={search_term_string}"},"query-input":{"@type":"PropertyValueSpecification","valueRequired":true,"valueName":"search_term_string"}}],"inLanguage":"es"},{"@type":"Person","@id":"https:\/\/www.bbmnoticias.com\/labravaradiofm\/#\/schema\/person\/857a3daf5c8142f29919023f377fbfad","name":"Agencias","image":{"@type":"ImageObject","inLanguage":"es","@id":"https:\/\/secure.gravatar.com\/avatar\/739e0b61adf9e398b425c36718c8752286da0e8cd90f20ce9a86678abc26aa0d?s=96&d=mm&r=g","url":"https:\/\/secure.gravatar.com\/avatar\/739e0b61adf9e398b425c36718c8752286da0e8cd90f20ce9a86678abc26aa0d?s=96&d=mm&r=g","contentUrl":"https:\/\/secure.gravatar.com\/avatar\/739e0b61adf9e398b425c36718c8752286da0e8cd90f20ce9a86678abc26aa0d?s=96&d=mm&r=g","caption":"Agencias"},"url":"https:\/\/www.bbmnoticias.com\/labravaradiofm\/author\/agencias\/"}]}},"_links":{"self":[{"href":"https:\/\/www.bbmnoticias.com\/labravaradiofm\/wp-json\/wp\/v2\/posts\/636","targetHints":{"allow":["GET"]}}],"collection":[{"href":"https:\/\/www.bbmnoticias.com\/labravaradiofm\/wp-json\/wp\/v2\/posts"}],"about":[{"href":"https:\/\/www.bbmnoticias.com\/labravaradiofm\/wp-json\/wp\/v2\/types\/post"}],"author":[{"embeddable":true,"href":"https:\/\/www.bbmnoticias.com\/labravaradiofm\/wp-json\/wp\/v2\/users\/4"}],"replies":[{"embeddable":true,"href":"https:\/\/www.bbmnoticias.com\/labravaradiofm\/wp-json\/wp\/v2\/comments?post=636"}],"version-history":[{"count":0,"href":"https:\/\/www.bbmnoticias.com\/labravaradiofm\/wp-json\/wp\/v2\/posts\/636\/revisions"}],"wp:featuredmedia":[{"embeddable":true,"href":"https:\/\/www.bbmnoticias.com\/labravaradiofm\/wp-json\/wp\/v2\/media\/642"}],"wp:attachment":[{"href":"https:\/\/www.bbmnoticias.com\/labravaradiofm\/wp-json\/wp\/v2\/media?parent=636"}],"wp:term":[{"taxonomy":"category","embeddable":true,"href":"https:\/\/www.bbmnoticias.com\/labravaradiofm\/wp-json\/wp\/v2\/categories?post=636"},{"taxonomy":"post_tag","embeddable":true,"href":"https:\/\/www.bbmnoticias.com\/labravaradiofm\/wp-json\/wp\/v2\/tags?post=636"}],"curies":[{"name":"wp","href":"https:\/\/api.w.org\/{rel}","templated":true}]}}