{"id":6276,"date":"2021-11-26T15:19:08","date_gmt":"2021-11-26T21:19:08","guid":{"rendered":"https:\/\/www.bbmnoticias.com\/labravaradiofm\/?p=6276"},"modified":"2021-11-26T15:19:09","modified_gmt":"2021-11-26T21:19:09","slug":"oms-nombra-omicron-y-clasifica-como-preocupante-a-nueva-variante-de-covid-19","status":"publish","type":"post","link":"https:\/\/www.bbmnoticias.com\/labravaradiofm\/2021\/11\/26\/oms-nombra-omicron-y-clasifica-como-preocupante-a-nueva-variante-de-covid-19\/","title":{"rendered":"OMS nombra \u201cOmicron\u201d y clasifica como \u201cpreocupante\u201d a nueva variante de Covid-19"},"content":{"rendered":"<div style=\"margin-top: 0px; margin-bottom: 0px;\" class=\"sharethis-inline-share-buttons\" ><\/div>\n<p>La Organizaci\u00f3n Mundial de la Salud (<strong>OMS<\/strong>) denomin\u00f3 a la <strong>nueva variante B.1.1.529 <\/strong>de <strong>Covid-19 <\/strong>con el nombre de \u201c<strong>Omicron<\/strong>\u201d.<\/p>\n\n\n\n<p>En reuni\u00f3n del viernes 26 de noviembre, la OMS clasific\u00f3 la nueva variante Omicron como \u201cpreocupante\u201d.<\/p>\n\n\n\n<p>La nueva variante B.1.1.529, ahora nombrada Omicron, fue notificada por primera vez a la OMS por Sud\u00e1frica el pasado 24 de noviembre.<\/p>\n\n\n\n<p>Sobre la primera infecci\u00f3n confirmada conocida de la variante Omicron, la OMS dijo que se obtuvo de una muestra recolectada el 9 de noviembre de 2021.<\/p>\n\n\n\n<p>El organismo destac\u00f3 que en las \u00faltimas semanas, en Sud\u00e1frica han aumentado significativamente los contagios por Covid-19, lo que coincide con la detecci\u00f3n de la nueva variante Omicron.<\/p>\n\n\n\n<h2 class=\"wp-block-heading\">OMS: La variante Omicron tendr\u00eda un mayor riesgo de reinfecci\u00f3n<\/h2>\n\n\n\n<p>Seg\u00fan el grupo de expertos de la <strong>OMS<\/strong> encargados de seguir la evoluci\u00f3n del virus, la <strong>variante Omicron <\/strong>tiene un gran n\u00famero de mutaciones, algunas de las cuales son preocupantes.<\/p>\n\n\n\n<p>Adem\u00e1s, el organismo indic\u00f3 que la evidencia preliminar sugiere un mayor riesgo de reinfecci\u00f3n con esta variante, en comparaci\u00f3n con otros.<\/p>\n\n\n\n<p>La OMS sostuvo que el n\u00famero de casos de esta variante parece estar aumentando en casi todas las provincias de Sud\u00e1frica, por lo que estima que la variante Omicron podr\u00eda ser m\u00e1s contagiosa que las anteriores.<\/p>\n\n\n\n<h2 class=\"wp-block-heading\">Primeros casos de la variante Omicron fuera de Sud\u00e1frica<\/h2>\n\n\n\n<p>B\u00e9lgica se convirti\u00f3 este viernes en el primer pa\u00eds europeo en anunciar que hab\u00eda detectado un caso de la nueva <strong>variante Omicron<\/strong>.<\/p>\n\n\n\n<p>Hasta ahora, tambi\u00e9n se han detectado casos de la variante Omicron en:<\/p>\n\n\n\n<ul class=\"wp-block-list\"><li>Hong Kong (1)<\/li><li>Israel (1)<\/li><li>B\u00e9lgica (1)<\/li><\/ul>\n\n\n\n<p>Tras el anuncio de la nueva variante, diversos pa\u00edses comenzaron con las restricciones o cancelaci\u00f3n de vuelos procedentes de Sud\u00e1frica. Entre los que optaron por esta medida est\u00e1n:<\/p>\n\n\n\n<ul class=\"wp-block-list\"><li>Reino Unido<\/li><li>Italia<\/li><li>Alemania<\/li><li>Singapur<\/li><\/ul>\n\n\n\n<h2 class=\"wp-block-heading\">Recomendaciones de la OMS ante nueva variante Omicron<\/h2>\n\n\n\n<p>La <strong>OMS<\/strong> record\u00f3 que ante la aparici\u00f3n de la <strong>variante Omicron <\/strong>recomienda tomar medidas para reducir el riesgo de contagio de <strong>Covid-19<\/strong>.<\/p>\n\n\n\n<p>Algunas de las recomendaciones son:<\/p>\n\n\n\n<ul class=\"wp-block-list\"><li>usar cubrebocas bien ajustado<\/li><li>higiene de manos<\/li><li>distanciamiento f\u00edsico<\/li><li>mejorar la ventilaci\u00f3n de los espacios interiores<\/li><li>evitar espacios abarrotados<\/li><li>vacunarse<\/li><\/ul>\n","protected":false},"excerpt":{"rendered":"<p>La Organizaci\u00f3n Mundial de la Salud (OMS) denomin\u00f3 a la nueva variante B.1.1.529 de Covid-19 con el nombre de \u201cOmicron\u201d. En reuni\u00f3n del viernes 26 de noviembre, la OMS clasific\u00f3 la nueva variante Omicron como \u201cpreocupante\u201d. La nueva variante B.1.1.529, ahora nombrada Omicron, fue notificada por primera vez a la OMS por Sud\u00e1frica el pasado [&hellip;]<\/p>\n","protected":false},"author":4,"featured_media":6277,"comment_status":"closed","ping_status":"closed","sticky":false,"template":"","format":"standard","meta":{"footnotes":""},"categories":[19],"tags":[],"class_list":{"0":"post-6276","1":"post","2":"type-post","3":"status-publish","4":"format-standard","5":"has-post-thumbnail","7":"category-nacional"},"yoast_head":"<!-- This site is optimized with the Yoast SEO plugin v27.4 - https:\/\/yoast.com\/product\/yoast-seo-wordpress\/ -->\n<title>OMS nombra \u201cOmicron\u201d y clasifica como \u201cpreocupante\u201d a nueva variante de Covid-19 - LA BRAVA RADIO<\/title>\n<meta name=\"robots\" content=\"index, follow, max-snippet:-1, max-image-preview:large, max-video-preview:-1\" \/>\n<link rel=\"canonical\" href=\"https:\/\/www.bbmnoticias.com\/labravaradiofm\/2021\/11\/26\/oms-nombra-omicron-y-clasifica-como-preocupante-a-nueva-variante-de-covid-19\/\" \/>\n<meta property=\"og:locale\" content=\"es_MX\" \/>\n<meta property=\"og:type\" content=\"article\" \/>\n<meta property=\"og:title\" content=\"OMS nombra \u201cOmicron\u201d y clasifica como \u201cpreocupante\u201d a nueva variante de Covid-19 - LA BRAVA RADIO\" \/>\n<meta property=\"og:description\" content=\"La Organizaci\u00f3n Mundial de la Salud (OMS) denomin\u00f3 a la nueva variante B.1.1.529 de Covid-19 con el nombre de \u201cOmicron\u201d. En reuni\u00f3n del viernes 26 de noviembre, la OMS clasific\u00f3 la nueva variante Omicron como \u201cpreocupante\u201d. La nueva variante B.1.1.529, ahora nombrada Omicron, fue notificada por primera vez a la OMS por Sud\u00e1frica el pasado [&hellip;]\" \/>\n<meta property=\"og:url\" content=\"https:\/\/www.bbmnoticias.com\/labravaradiofm\/2021\/11\/26\/oms-nombra-omicron-y-clasifica-como-preocupante-a-nueva-variante-de-covid-19\/\" \/>\n<meta property=\"og:site_name\" content=\"LA BRAVA RADIO\" \/>\n<meta property=\"article:published_time\" content=\"2021-11-26T21:19:08+00:00\" \/>\n<meta property=\"article:modified_time\" content=\"2021-11-26T21:19:09+00:00\" \/>\n<meta property=\"og:image\" content=\"https:\/\/www.bbmnoticias.com\/labravaradiofm\/wp-content\/uploads\/sites\/5\/2021\/11\/omicron26112021.jpg\" \/>\n\t<meta property=\"og:image:width\" content=\"640\" \/>\n\t<meta property=\"og:image:height\" content=\"360\" \/>\n\t<meta property=\"og:image:type\" content=\"image\/jpeg\" \/>\n<meta name=\"author\" content=\"Agencias\" \/>\n<meta name=\"twitter:card\" content=\"summary_large_image\" \/>\n<meta name=\"twitter:label1\" content=\"Escrito por\" \/>\n\t<meta name=\"twitter:data1\" content=\"Agencias\" \/>\n\t<meta name=\"twitter:label2\" content=\"Tiempo de lectura\" \/>\n\t<meta name=\"twitter:data2\" content=\"2 minutos\" \/>\n<script type=\"application\/ld+json\" class=\"yoast-schema-graph\">{\"@context\":\"https:\\\/\\\/schema.org\",\"@graph\":[{\"@type\":\"Article\",\"@id\":\"https:\\\/\\\/www.bbmnoticias.com\\\/labravaradiofm\\\/2021\\\/11\\\/26\\\/oms-nombra-omicron-y-clasifica-como-preocupante-a-nueva-variante-de-covid-19\\\/#article\",\"isPartOf\":{\"@id\":\"https:\\\/\\\/www.bbmnoticias.com\\\/labravaradiofm\\\/2021\\\/11\\\/26\\\/oms-nombra-omicron-y-clasifica-como-preocupante-a-nueva-variante-de-covid-19\\\/\"},\"author\":{\"name\":\"Agencias\",\"@id\":\"https:\\\/\\\/www.bbmnoticias.com\\\/labravaradiofm\\\/#\\\/schema\\\/person\\\/000bdaf0a8fb5bff0d537c4d0778e33f\"},\"headline\":\"OMS nombra \u201cOmicron\u201d y clasifica como \u201cpreocupante\u201d a nueva variante de Covid-19\",\"datePublished\":\"2021-11-26T21:19:08+00:00\",\"dateModified\":\"2021-11-26T21:19:09+00:00\",\"mainEntityOfPage\":{\"@id\":\"https:\\\/\\\/www.bbmnoticias.com\\\/labravaradiofm\\\/2021\\\/11\\\/26\\\/oms-nombra-omicron-y-clasifica-como-preocupante-a-nueva-variante-de-covid-19\\\/\"},\"wordCount\":383,\"image\":{\"@id\":\"https:\\\/\\\/www.bbmnoticias.com\\\/labravaradiofm\\\/2021\\\/11\\\/26\\\/oms-nombra-omicron-y-clasifica-como-preocupante-a-nueva-variante-de-covid-19\\\/#primaryimage\"},\"thumbnailUrl\":\"https:\\\/\\\/www.bbmnoticias.com\\\/labravaradiofm\\\/wp-content\\\/uploads\\\/sites\\\/5\\\/2021\\\/11\\\/omicron26112021.jpg\",\"articleSection\":[\"NACIONAL\"],\"inLanguage\":\"es\"},{\"@type\":\"WebPage\",\"@id\":\"https:\\\/\\\/www.bbmnoticias.com\\\/labravaradiofm\\\/2021\\\/11\\\/26\\\/oms-nombra-omicron-y-clasifica-como-preocupante-a-nueva-variante-de-covid-19\\\/\",\"url\":\"https:\\\/\\\/www.bbmnoticias.com\\\/labravaradiofm\\\/2021\\\/11\\\/26\\\/oms-nombra-omicron-y-clasifica-como-preocupante-a-nueva-variante-de-covid-19\\\/\",\"name\":\"OMS nombra \u201cOmicron\u201d y clasifica como \u201cpreocupante\u201d a nueva variante de Covid-19 - LA BRAVA RADIO\",\"isPartOf\":{\"@id\":\"https:\\\/\\\/www.bbmnoticias.com\\\/labravaradiofm\\\/#website\"},\"primaryImageOfPage\":{\"@id\":\"https:\\\/\\\/www.bbmnoticias.com\\\/labravaradiofm\\\/2021\\\/11\\\/26\\\/oms-nombra-omicron-y-clasifica-como-preocupante-a-nueva-variante-de-covid-19\\\/#primaryimage\"},\"image\":{\"@id\":\"https:\\\/\\\/www.bbmnoticias.com\\\/labravaradiofm\\\/2021\\\/11\\\/26\\\/oms-nombra-omicron-y-clasifica-como-preocupante-a-nueva-variante-de-covid-19\\\/#primaryimage\"},\"thumbnailUrl\":\"https:\\\/\\\/www.bbmnoticias.com\\\/labravaradiofm\\\/wp-content\\\/uploads\\\/sites\\\/5\\\/2021\\\/11\\\/omicron26112021.jpg\",\"datePublished\":\"2021-11-26T21:19:08+00:00\",\"dateModified\":\"2021-11-26T21:19:09+00:00\",\"author\":{\"@id\":\"https:\\\/\\\/www.bbmnoticias.com\\\/labravaradiofm\\\/#\\\/schema\\\/person\\\/000bdaf0a8fb5bff0d537c4d0778e33f\"},\"breadcrumb\":{\"@id\":\"https:\\\/\\\/www.bbmnoticias.com\\\/labravaradiofm\\\/2021\\\/11\\\/26\\\/oms-nombra-omicron-y-clasifica-como-preocupante-a-nueva-variante-de-covid-19\\\/#breadcrumb\"},\"inLanguage\":\"es\",\"potentialAction\":[{\"@type\":\"ReadAction\",\"target\":[\"https:\\\/\\\/www.bbmnoticias.com\\\/labravaradiofm\\\/2021\\\/11\\\/26\\\/oms-nombra-omicron-y-clasifica-como-preocupante-a-nueva-variante-de-covid-19\\\/\"]}]},{\"@type\":\"ImageObject\",\"inLanguage\":\"es\",\"@id\":\"https:\\\/\\\/www.bbmnoticias.com\\\/labravaradiofm\\\/2021\\\/11\\\/26\\\/oms-nombra-omicron-y-clasifica-como-preocupante-a-nueva-variante-de-covid-19\\\/#primaryimage\",\"url\":\"https:\\\/\\\/www.bbmnoticias.com\\\/labravaradiofm\\\/wp-content\\\/uploads\\\/sites\\\/5\\\/2021\\\/11\\\/omicron26112021.jpg\",\"contentUrl\":\"https:\\\/\\\/www.bbmnoticias.com\\\/labravaradiofm\\\/wp-content\\\/uploads\\\/sites\\\/5\\\/2021\\\/11\\\/omicron26112021.jpg\",\"width\":640,\"height\":360},{\"@type\":\"BreadcrumbList\",\"@id\":\"https:\\\/\\\/www.bbmnoticias.com\\\/labravaradiofm\\\/2021\\\/11\\\/26\\\/oms-nombra-omicron-y-clasifica-como-preocupante-a-nueva-variante-de-covid-19\\\/#breadcrumb\",\"itemListElement\":[{\"@type\":\"ListItem\",\"position\":1,\"name\":\"Inicio\",\"item\":\"https:\\\/\\\/www.bbmnoticias.com\\\/labravaradiofm\\\/\"},{\"@type\":\"ListItem\",\"position\":2,\"name\":\"OMS nombra \u201cOmicron\u201d y clasifica como \u201cpreocupante\u201d a nueva variante de Covid-19\"}]},{\"@type\":\"WebSite\",\"@id\":\"https:\\\/\\\/www.bbmnoticias.com\\\/labravaradiofm\\\/#website\",\"url\":\"https:\\\/\\\/www.bbmnoticias.com\\\/labravaradiofm\\\/\",\"name\":\"LA BRAVA RADIO\",\"description\":\"Empresa productora de medios, Radiodifusi\u00f3n, Noticias, tendencias y todo lo que necesitas saber de la pol\u00edtica mexicana e internacional; entretenimiento, espect\u00e1culos, salud y mucho m\u00e1s.\",\"potentialAction\":[{\"@type\":\"SearchAction\",\"target\":{\"@type\":\"EntryPoint\",\"urlTemplate\":\"https:\\\/\\\/www.bbmnoticias.com\\\/labravaradiofm\\\/?s={search_term_string}\"},\"query-input\":{\"@type\":\"PropertyValueSpecification\",\"valueRequired\":true,\"valueName\":\"search_term_string\"}}],\"inLanguage\":\"es\"},{\"@type\":\"Person\",\"@id\":\"https:\\\/\\\/www.bbmnoticias.com\\\/labravaradiofm\\\/#\\\/schema\\\/person\\\/000bdaf0a8fb5bff0d537c4d0778e33f\",\"name\":\"Agencias\",\"image\":{\"@type\":\"ImageObject\",\"inLanguage\":\"es\",\"@id\":\"https:\\\/\\\/secure.gravatar.com\\\/avatar\\\/739e0b61adf9e398b425c36718c8752286da0e8cd90f20ce9a86678abc26aa0d?s=96&d=mm&r=g\",\"url\":\"https:\\\/\\\/secure.gravatar.com\\\/avatar\\\/739e0b61adf9e398b425c36718c8752286da0e8cd90f20ce9a86678abc26aa0d?s=96&d=mm&r=g\",\"contentUrl\":\"https:\\\/\\\/secure.gravatar.com\\\/avatar\\\/739e0b61adf9e398b425c36718c8752286da0e8cd90f20ce9a86678abc26aa0d?s=96&d=mm&r=g\",\"caption\":\"Agencias\"},\"url\":\"https:\\\/\\\/www.bbmnoticias.com\\\/labravaradiofm\\\/author\\\/agencias\\\/\"}]}<\/script>\n<!-- \/ Yoast SEO plugin. -->","yoast_head_json":{"title":"OMS nombra \u201cOmicron\u201d y clasifica como \u201cpreocupante\u201d a nueva variante de Covid-19 - LA BRAVA RADIO","robots":{"index":"index","follow":"follow","max-snippet":"max-snippet:-1","max-image-preview":"max-image-preview:large","max-video-preview":"max-video-preview:-1"},"canonical":"https:\/\/www.bbmnoticias.com\/labravaradiofm\/2021\/11\/26\/oms-nombra-omicron-y-clasifica-como-preocupante-a-nueva-variante-de-covid-19\/","og_locale":"es_MX","og_type":"article","og_title":"OMS nombra \u201cOmicron\u201d y clasifica como \u201cpreocupante\u201d a nueva variante de Covid-19 - LA BRAVA RADIO","og_description":"La Organizaci\u00f3n Mundial de la Salud (OMS) denomin\u00f3 a la nueva variante B.1.1.529 de Covid-19 con el nombre de \u201cOmicron\u201d. En reuni\u00f3n del viernes 26 de noviembre, la OMS clasific\u00f3 la nueva variante Omicron como \u201cpreocupante\u201d. La nueva variante B.1.1.529, ahora nombrada Omicron, fue notificada por primera vez a la OMS por Sud\u00e1frica el pasado [&hellip;]","og_url":"https:\/\/www.bbmnoticias.com\/labravaradiofm\/2021\/11\/26\/oms-nombra-omicron-y-clasifica-como-preocupante-a-nueva-variante-de-covid-19\/","og_site_name":"LA BRAVA RADIO","article_published_time":"2021-11-26T21:19:08+00:00","article_modified_time":"2021-11-26T21:19:09+00:00","og_image":[{"width":640,"height":360,"url":"https:\/\/www.bbmnoticias.com\/labravaradiofm\/wp-content\/uploads\/sites\/5\/2021\/11\/omicron26112021.jpg","type":"image\/jpeg"}],"author":"Agencias","twitter_card":"summary_large_image","twitter_misc":{"Escrito por":"Agencias","Tiempo de lectura":"2 minutos"},"schema":{"@context":"https:\/\/schema.org","@graph":[{"@type":"Article","@id":"https:\/\/www.bbmnoticias.com\/labravaradiofm\/2021\/11\/26\/oms-nombra-omicron-y-clasifica-como-preocupante-a-nueva-variante-de-covid-19\/#article","isPartOf":{"@id":"https:\/\/www.bbmnoticias.com\/labravaradiofm\/2021\/11\/26\/oms-nombra-omicron-y-clasifica-como-preocupante-a-nueva-variante-de-covid-19\/"},"author":{"name":"Agencias","@id":"https:\/\/www.bbmnoticias.com\/labravaradiofm\/#\/schema\/person\/000bdaf0a8fb5bff0d537c4d0778e33f"},"headline":"OMS nombra \u201cOmicron\u201d y clasifica como \u201cpreocupante\u201d a nueva variante de Covid-19","datePublished":"2021-11-26T21:19:08+00:00","dateModified":"2021-11-26T21:19:09+00:00","mainEntityOfPage":{"@id":"https:\/\/www.bbmnoticias.com\/labravaradiofm\/2021\/11\/26\/oms-nombra-omicron-y-clasifica-como-preocupante-a-nueva-variante-de-covid-19\/"},"wordCount":383,"image":{"@id":"https:\/\/www.bbmnoticias.com\/labravaradiofm\/2021\/11\/26\/oms-nombra-omicron-y-clasifica-como-preocupante-a-nueva-variante-de-covid-19\/#primaryimage"},"thumbnailUrl":"https:\/\/www.bbmnoticias.com\/labravaradiofm\/wp-content\/uploads\/sites\/5\/2021\/11\/omicron26112021.jpg","articleSection":["NACIONAL"],"inLanguage":"es"},{"@type":"WebPage","@id":"https:\/\/www.bbmnoticias.com\/labravaradiofm\/2021\/11\/26\/oms-nombra-omicron-y-clasifica-como-preocupante-a-nueva-variante-de-covid-19\/","url":"https:\/\/www.bbmnoticias.com\/labravaradiofm\/2021\/11\/26\/oms-nombra-omicron-y-clasifica-como-preocupante-a-nueva-variante-de-covid-19\/","name":"OMS nombra \u201cOmicron\u201d y clasifica como \u201cpreocupante\u201d a nueva variante de Covid-19 - LA BRAVA RADIO","isPartOf":{"@id":"https:\/\/www.bbmnoticias.com\/labravaradiofm\/#website"},"primaryImageOfPage":{"@id":"https:\/\/www.bbmnoticias.com\/labravaradiofm\/2021\/11\/26\/oms-nombra-omicron-y-clasifica-como-preocupante-a-nueva-variante-de-covid-19\/#primaryimage"},"image":{"@id":"https:\/\/www.bbmnoticias.com\/labravaradiofm\/2021\/11\/26\/oms-nombra-omicron-y-clasifica-como-preocupante-a-nueva-variante-de-covid-19\/#primaryimage"},"thumbnailUrl":"https:\/\/www.bbmnoticias.com\/labravaradiofm\/wp-content\/uploads\/sites\/5\/2021\/11\/omicron26112021.jpg","datePublished":"2021-11-26T21:19:08+00:00","dateModified":"2021-11-26T21:19:09+00:00","author":{"@id":"https:\/\/www.bbmnoticias.com\/labravaradiofm\/#\/schema\/person\/000bdaf0a8fb5bff0d537c4d0778e33f"},"breadcrumb":{"@id":"https:\/\/www.bbmnoticias.com\/labravaradiofm\/2021\/11\/26\/oms-nombra-omicron-y-clasifica-como-preocupante-a-nueva-variante-de-covid-19\/#breadcrumb"},"inLanguage":"es","potentialAction":[{"@type":"ReadAction","target":["https:\/\/www.bbmnoticias.com\/labravaradiofm\/2021\/11\/26\/oms-nombra-omicron-y-clasifica-como-preocupante-a-nueva-variante-de-covid-19\/"]}]},{"@type":"ImageObject","inLanguage":"es","@id":"https:\/\/www.bbmnoticias.com\/labravaradiofm\/2021\/11\/26\/oms-nombra-omicron-y-clasifica-como-preocupante-a-nueva-variante-de-covid-19\/#primaryimage","url":"https:\/\/www.bbmnoticias.com\/labravaradiofm\/wp-content\/uploads\/sites\/5\/2021\/11\/omicron26112021.jpg","contentUrl":"https:\/\/www.bbmnoticias.com\/labravaradiofm\/wp-content\/uploads\/sites\/5\/2021\/11\/omicron26112021.jpg","width":640,"height":360},{"@type":"BreadcrumbList","@id":"https:\/\/www.bbmnoticias.com\/labravaradiofm\/2021\/11\/26\/oms-nombra-omicron-y-clasifica-como-preocupante-a-nueva-variante-de-covid-19\/#breadcrumb","itemListElement":[{"@type":"ListItem","position":1,"name":"Inicio","item":"https:\/\/www.bbmnoticias.com\/labravaradiofm\/"},{"@type":"ListItem","position":2,"name":"OMS nombra \u201cOmicron\u201d y clasifica como \u201cpreocupante\u201d a nueva variante de Covid-19"}]},{"@type":"WebSite","@id":"https:\/\/www.bbmnoticias.com\/labravaradiofm\/#website","url":"https:\/\/www.bbmnoticias.com\/labravaradiofm\/","name":"LA BRAVA RADIO","description":"Empresa productora de medios, Radiodifusi\u00f3n, Noticias, tendencias y todo lo que necesitas saber de la pol\u00edtica mexicana e internacional; entretenimiento, espect\u00e1culos, salud y mucho m\u00e1s.","potentialAction":[{"@type":"SearchAction","target":{"@type":"EntryPoint","urlTemplate":"https:\/\/www.bbmnoticias.com\/labravaradiofm\/?s={search_term_string}"},"query-input":{"@type":"PropertyValueSpecification","valueRequired":true,"valueName":"search_term_string"}}],"inLanguage":"es"},{"@type":"Person","@id":"https:\/\/www.bbmnoticias.com\/labravaradiofm\/#\/schema\/person\/000bdaf0a8fb5bff0d537c4d0778e33f","name":"Agencias","image":{"@type":"ImageObject","inLanguage":"es","@id":"https:\/\/secure.gravatar.com\/avatar\/739e0b61adf9e398b425c36718c8752286da0e8cd90f20ce9a86678abc26aa0d?s=96&d=mm&r=g","url":"https:\/\/secure.gravatar.com\/avatar\/739e0b61adf9e398b425c36718c8752286da0e8cd90f20ce9a86678abc26aa0d?s=96&d=mm&r=g","contentUrl":"https:\/\/secure.gravatar.com\/avatar\/739e0b61adf9e398b425c36718c8752286da0e8cd90f20ce9a86678abc26aa0d?s=96&d=mm&r=g","caption":"Agencias"},"url":"https:\/\/www.bbmnoticias.com\/labravaradiofm\/author\/agencias\/"}]}},"_links":{"self":[{"href":"https:\/\/www.bbmnoticias.com\/labravaradiofm\/wp-json\/wp\/v2\/posts\/6276","targetHints":{"allow":["GET"]}}],"collection":[{"href":"https:\/\/www.bbmnoticias.com\/labravaradiofm\/wp-json\/wp\/v2\/posts"}],"about":[{"href":"https:\/\/www.bbmnoticias.com\/labravaradiofm\/wp-json\/wp\/v2\/types\/post"}],"author":[{"embeddable":true,"href":"https:\/\/www.bbmnoticias.com\/labravaradiofm\/wp-json\/wp\/v2\/users\/4"}],"replies":[{"embeddable":true,"href":"https:\/\/www.bbmnoticias.com\/labravaradiofm\/wp-json\/wp\/v2\/comments?post=6276"}],"version-history":[{"count":0,"href":"https:\/\/www.bbmnoticias.com\/labravaradiofm\/wp-json\/wp\/v2\/posts\/6276\/revisions"}],"wp:featuredmedia":[{"embeddable":true,"href":"https:\/\/www.bbmnoticias.com\/labravaradiofm\/wp-json\/wp\/v2\/media\/6277"}],"wp:attachment":[{"href":"https:\/\/www.bbmnoticias.com\/labravaradiofm\/wp-json\/wp\/v2\/media?parent=6276"}],"wp:term":[{"taxonomy":"category","embeddable":true,"href":"https:\/\/www.bbmnoticias.com\/labravaradiofm\/wp-json\/wp\/v2\/categories?post=6276"},{"taxonomy":"post_tag","embeddable":true,"href":"https:\/\/www.bbmnoticias.com\/labravaradiofm\/wp-json\/wp\/v2\/tags?post=6276"}],"curies":[{"name":"wp","href":"https:\/\/api.w.org\/{rel}","templated":true}]}}