{"id":6272,"date":"2021-11-26T15:15:41","date_gmt":"2021-11-26T21:15:41","guid":{"rendered":"https:\/\/www.bbmnoticias.com\/labravaradiofm\/?p=6272"},"modified":"2021-11-26T15:15:43","modified_gmt":"2021-11-26T21:15:43","slug":"estados-unidos-y-canada-toman-medidas-por-la-nueva-variante-de-covid-19","status":"publish","type":"post","link":"https:\/\/www.bbmnoticias.com\/labravaradiofm\/2021\/11\/26\/estados-unidos-y-canada-toman-medidas-por-la-nueva-variante-de-covid-19\/","title":{"rendered":"Estados Unidos y Canad\u00e1 toman medidas por la nueva variante de Covid-19"},"content":{"rendered":"<div style=\"margin-top: 0px; margin-bottom: 0px;\" class=\"sharethis-inline-share-buttons\" ><\/div>\n<p><strong>Estados Unidos<\/strong> y Canad\u00e1 toman medidas por Omicron, la <strong>nueva variante de Covid-19 <\/strong>identificada preliminarmente como B.1.1.529 en Sud\u00e1frica.<\/p>\n\n\n\n<p>La nueva variante del virus de Covid-19,<strong> Omicron<\/strong>, preocupa a los gobiernos de Estados Unidos y <strong>Canad\u00e1 <\/strong>por las m\u00e1s de treinta de mutaciones que presenta, es decir, su r\u00e1pida capacidad de transmisi\u00f3n.<\/p>\n\n\n\n<h2 class=\"wp-block-heading\">Estados Unidos y Canad\u00e1 toman medidas con viajeros y viajes al sur de \u00c1frica<\/h2>\n\n\n\n<p>Ante la preocupaci\u00f3n por la nueva variante de Covid-19 llamada Omicron, el gobierno de <strong>Estados Unidos <\/strong>a trav\u00e9s de un comunicado emitido por la Casa Blanca inform\u00f3 que se ha comenzado a limitar los viajes de pa\u00edses con direcci\u00f3n al sur de \u00c1frica o viceversa.<\/p>\n\n\n\n<p>Por su parte, el ministro de Canad\u00e1, <strong>Justin Trudeau<\/strong> ha detallado que se impedir\u00e1 la entrada de viajeros de siete pa\u00edses de \u00c1frica.<\/p>\n\n\n\n<p>El ministro de Canad\u00e1, <strong>Justin Trudeau <\/strong>explic\u00f3 que su gobierno debe actuar de manera r\u00e1pida y eficaz para salvaguardar a integridad de todos los canadienses.<\/p>\n\n\n\n<figure class=\"wp-block-image size-large\"><img loading=\"lazy\" decoding=\"async\" width=\"1200\" height=\"800\" src=\"https:\/\/www.bbmnoticias.com\/labravaradiofm\/wp-content\/uploads\/sites\/5\/2021\/11\/usa-canada26112021-2.webp\" alt=\"\" class=\"wp-image-6274\" srcset=\"https:\/\/www.bbmnoticias.com\/labravaradiofm\/wp-content\/uploads\/sites\/5\/2021\/11\/usa-canada26112021-2.webp 1200w, https:\/\/www.bbmnoticias.com\/labravaradiofm\/wp-content\/uploads\/sites\/5\/2021\/11\/usa-canada26112021-2-300x200.webp 300w, https:\/\/www.bbmnoticias.com\/labravaradiofm\/wp-content\/uploads\/sites\/5\/2021\/11\/usa-canada26112021-2-1024x683.webp 1024w, https:\/\/www.bbmnoticias.com\/labravaradiofm\/wp-content\/uploads\/sites\/5\/2021\/11\/usa-canada26112021-2-768x512.webp 768w, https:\/\/www.bbmnoticias.com\/labravaradiofm\/wp-content\/uploads\/sites\/5\/2021\/11\/usa-canada26112021-2-630x420.webp 630w, https:\/\/www.bbmnoticias.com\/labravaradiofm\/wp-content\/uploads\/sites\/5\/2021\/11\/usa-canada26112021-2-640x427.webp 640w, https:\/\/www.bbmnoticias.com\/labravaradiofm\/wp-content\/uploads\/sites\/5\/2021\/11\/usa-canada26112021-2-681x454.webp 681w\" sizes=\"auto, (max-width: 1200px) 100vw, 1200px\" \/><\/figure>\n\n\n\n<p>No solo Estados Unidos y Canad\u00e1 han expresado su preocupaci\u00f3n ante la nueva variante sudafricana de Covid-19 sino tambi\u00e9n pa\u00edses como:<\/p>\n\n\n\n<ul class=\"wp-block-list\"><li>Jap\u00f3n<\/li><li>Espa\u00f1a<\/li><li>Reino Unido.<\/li><\/ul>\n\n\n\n<p>Los gobiernos de <strong>Jap\u00f3n, Espa\u00f1a y Reino Unido<\/strong> han optado por endurecer sus <strong>controles fronterizos para viajeros provenientes del sur de \u00c1frica <\/strong>o incluso se han cancelado vuelos, espec\u00edficamente hac\u00eda <strong>Sud\u00e1frica y Botsuana<\/strong>.<\/p>\n\n\n\n<h2 class=\"wp-block-heading\">Omicron: Nueva variante sudafricana de Covid-19<\/h2>\n\n\n\n<p>La Organizaci\u00f3n Mundial de la Salud (<strong>OMS<\/strong>) nombr\u00f3 Omicron a la <strong>nueva variante de Covid-19<\/strong> identificada en Sud\u00e1frica como Omicron.<\/p>\n\n\n\n<p><strong>Omicron<\/strong>, la nueva variante de Covid-19 fue descubierta en Botsuana el 11 de noviembre del 2021, registrando hasta el momento pocos casos.<\/p>\n\n\n\n<p>Sin embargo, los expertos han manifestado su preocupaci\u00f3n porque la variante <strong>B.1.1.529 <\/strong>muestra una cantidad inusual de mutaciones.<\/p>\n\n\n\n<p>Al momento se han contabilizado 32 mutaciones de la variante sudafricana, contraste considerablemente alto con la variante Delta, de la que se ubicaron ocho.<\/p>\n\n\n\n<p>Pese a que las mutaciones no son indicadores de peligrosidad, lo que s\u00ed implican es que el sistema inmune humano puede tener m\u00e1s dificultades para defenderse.<\/p>\n","protected":false},"excerpt":{"rendered":"<p>Estados Unidos y Canad\u00e1 toman medidas por Omicron, la nueva variante de Covid-19 identificada preliminarmente como B.1.1.529 en Sud\u00e1frica. La nueva variante del virus de Covid-19, Omicron, preocupa a los gobiernos de Estados Unidos y Canad\u00e1 por las m\u00e1s de treinta de mutaciones que presenta, es decir, su r\u00e1pida capacidad de transmisi\u00f3n. Estados Unidos y [&hellip;]<\/p>\n","protected":false},"author":12,"featured_media":6273,"comment_status":"closed","ping_status":"closed","sticky":false,"template":"","format":"standard","meta":{"footnotes":""},"categories":[1],"tags":[],"class_list":{"0":"post-6272","1":"post","2":"type-post","3":"status-publish","4":"format-standard","5":"has-post-thumbnail","7":"category-sin-categoria"},"yoast_head":"<!-- This site is optimized with the Yoast SEO plugin v27.4 - https:\/\/yoast.com\/product\/yoast-seo-wordpress\/ -->\n<title>Estados Unidos y Canad\u00e1 toman medidas por la nueva variante de Covid-19 - LA BRAVA RADIO<\/title>\n<meta name=\"robots\" content=\"index, follow, max-snippet:-1, max-image-preview:large, max-video-preview:-1\" \/>\n<link rel=\"canonical\" href=\"https:\/\/www.bbmnoticias.com\/labravaradiofm\/2021\/11\/26\/estados-unidos-y-canada-toman-medidas-por-la-nueva-variante-de-covid-19\/\" \/>\n<meta property=\"og:locale\" content=\"es_MX\" \/>\n<meta property=\"og:type\" content=\"article\" \/>\n<meta property=\"og:title\" content=\"Estados Unidos y Canad\u00e1 toman medidas por la nueva variante de Covid-19 - LA BRAVA RADIO\" \/>\n<meta property=\"og:description\" content=\"Estados Unidos y Canad\u00e1 toman medidas por Omicron, la nueva variante de Covid-19 identificada preliminarmente como B.1.1.529 en Sud\u00e1frica. La nueva variante del virus de Covid-19, Omicron, preocupa a los gobiernos de Estados Unidos y Canad\u00e1 por las m\u00e1s de treinta de mutaciones que presenta, es decir, su r\u00e1pida capacidad de transmisi\u00f3n. Estados Unidos y [&hellip;]\" \/>\n<meta property=\"og:url\" content=\"https:\/\/www.bbmnoticias.com\/labravaradiofm\/2021\/11\/26\/estados-unidos-y-canada-toman-medidas-por-la-nueva-variante-de-covid-19\/\" \/>\n<meta property=\"og:site_name\" content=\"LA BRAVA RADIO\" \/>\n<meta property=\"article:published_time\" content=\"2021-11-26T21:15:41+00:00\" \/>\n<meta property=\"article:modified_time\" content=\"2021-11-26T21:15:43+00:00\" \/>\n<meta property=\"og:image\" content=\"https:\/\/www.bbmnoticias.com\/labravaradiofm\/wp-content\/uploads\/sites\/5\/2021\/11\/usa-canada26112021-1.jpg\" \/>\n\t<meta property=\"og:image:width\" content=\"640\" \/>\n\t<meta property=\"og:image:height\" content=\"360\" \/>\n\t<meta property=\"og:image:type\" content=\"image\/jpeg\" \/>\n<meta name=\"author\" content=\"SDPnoticias\" \/>\n<meta name=\"twitter:card\" content=\"summary_large_image\" \/>\n<meta name=\"twitter:label1\" content=\"Escrito por\" \/>\n\t<meta name=\"twitter:data1\" content=\"SDPnoticias\" \/>\n\t<meta name=\"twitter:label2\" content=\"Tiempo de lectura\" \/>\n\t<meta name=\"twitter:data2\" content=\"2 minutos\" \/>\n<script type=\"application\/ld+json\" class=\"yoast-schema-graph\">{\"@context\":\"https:\\\/\\\/schema.org\",\"@graph\":[{\"@type\":\"Article\",\"@id\":\"https:\\\/\\\/www.bbmnoticias.com\\\/labravaradiofm\\\/2021\\\/11\\\/26\\\/estados-unidos-y-canada-toman-medidas-por-la-nueva-variante-de-covid-19\\\/#article\",\"isPartOf\":{\"@id\":\"https:\\\/\\\/www.bbmnoticias.com\\\/labravaradiofm\\\/2021\\\/11\\\/26\\\/estados-unidos-y-canada-toman-medidas-por-la-nueva-variante-de-covid-19\\\/\"},\"author\":{\"name\":\"SDPnoticias\",\"@id\":\"https:\\\/\\\/www.bbmnoticias.com\\\/labravaradiofm\\\/#\\\/schema\\\/person\\\/baf240d77a345f5fbc3dc146f9161af9\"},\"headline\":\"Estados Unidos y Canad\u00e1 toman medidas por la nueva variante de Covid-19\",\"datePublished\":\"2021-11-26T21:15:41+00:00\",\"dateModified\":\"2021-11-26T21:15:43+00:00\",\"mainEntityOfPage\":{\"@id\":\"https:\\\/\\\/www.bbmnoticias.com\\\/labravaradiofm\\\/2021\\\/11\\\/26\\\/estados-unidos-y-canada-toman-medidas-por-la-nueva-variante-de-covid-19\\\/\"},\"wordCount\":366,\"image\":{\"@id\":\"https:\\\/\\\/www.bbmnoticias.com\\\/labravaradiofm\\\/2021\\\/11\\\/26\\\/estados-unidos-y-canada-toman-medidas-por-la-nueva-variante-de-covid-19\\\/#primaryimage\"},\"thumbnailUrl\":\"https:\\\/\\\/www.bbmnoticias.com\\\/labravaradiofm\\\/wp-content\\\/uploads\\\/sites\\\/5\\\/2021\\\/11\\\/usa-canada26112021-1.jpg\",\"inLanguage\":\"es\"},{\"@type\":\"WebPage\",\"@id\":\"https:\\\/\\\/www.bbmnoticias.com\\\/labravaradiofm\\\/2021\\\/11\\\/26\\\/estados-unidos-y-canada-toman-medidas-por-la-nueva-variante-de-covid-19\\\/\",\"url\":\"https:\\\/\\\/www.bbmnoticias.com\\\/labravaradiofm\\\/2021\\\/11\\\/26\\\/estados-unidos-y-canada-toman-medidas-por-la-nueva-variante-de-covid-19\\\/\",\"name\":\"Estados Unidos y Canad\u00e1 toman medidas por la nueva variante de Covid-19 - LA BRAVA RADIO\",\"isPartOf\":{\"@id\":\"https:\\\/\\\/www.bbmnoticias.com\\\/labravaradiofm\\\/#website\"},\"primaryImageOfPage\":{\"@id\":\"https:\\\/\\\/www.bbmnoticias.com\\\/labravaradiofm\\\/2021\\\/11\\\/26\\\/estados-unidos-y-canada-toman-medidas-por-la-nueva-variante-de-covid-19\\\/#primaryimage\"},\"image\":{\"@id\":\"https:\\\/\\\/www.bbmnoticias.com\\\/labravaradiofm\\\/2021\\\/11\\\/26\\\/estados-unidos-y-canada-toman-medidas-por-la-nueva-variante-de-covid-19\\\/#primaryimage\"},\"thumbnailUrl\":\"https:\\\/\\\/www.bbmnoticias.com\\\/labravaradiofm\\\/wp-content\\\/uploads\\\/sites\\\/5\\\/2021\\\/11\\\/usa-canada26112021-1.jpg\",\"datePublished\":\"2021-11-26T21:15:41+00:00\",\"dateModified\":\"2021-11-26T21:15:43+00:00\",\"author\":{\"@id\":\"https:\\\/\\\/www.bbmnoticias.com\\\/labravaradiofm\\\/#\\\/schema\\\/person\\\/baf240d77a345f5fbc3dc146f9161af9\"},\"breadcrumb\":{\"@id\":\"https:\\\/\\\/www.bbmnoticias.com\\\/labravaradiofm\\\/2021\\\/11\\\/26\\\/estados-unidos-y-canada-toman-medidas-por-la-nueva-variante-de-covid-19\\\/#breadcrumb\"},\"inLanguage\":\"es\",\"potentialAction\":[{\"@type\":\"ReadAction\",\"target\":[\"https:\\\/\\\/www.bbmnoticias.com\\\/labravaradiofm\\\/2021\\\/11\\\/26\\\/estados-unidos-y-canada-toman-medidas-por-la-nueva-variante-de-covid-19\\\/\"]}]},{\"@type\":\"ImageObject\",\"inLanguage\":\"es\",\"@id\":\"https:\\\/\\\/www.bbmnoticias.com\\\/labravaradiofm\\\/2021\\\/11\\\/26\\\/estados-unidos-y-canada-toman-medidas-por-la-nueva-variante-de-covid-19\\\/#primaryimage\",\"url\":\"https:\\\/\\\/www.bbmnoticias.com\\\/labravaradiofm\\\/wp-content\\\/uploads\\\/sites\\\/5\\\/2021\\\/11\\\/usa-canada26112021-1.jpg\",\"contentUrl\":\"https:\\\/\\\/www.bbmnoticias.com\\\/labravaradiofm\\\/wp-content\\\/uploads\\\/sites\\\/5\\\/2021\\\/11\\\/usa-canada26112021-1.jpg\",\"width\":640,\"height\":360},{\"@type\":\"BreadcrumbList\",\"@id\":\"https:\\\/\\\/www.bbmnoticias.com\\\/labravaradiofm\\\/2021\\\/11\\\/26\\\/estados-unidos-y-canada-toman-medidas-por-la-nueva-variante-de-covid-19\\\/#breadcrumb\",\"itemListElement\":[{\"@type\":\"ListItem\",\"position\":1,\"name\":\"Inicio\",\"item\":\"https:\\\/\\\/www.bbmnoticias.com\\\/labravaradiofm\\\/\"},{\"@type\":\"ListItem\",\"position\":2,\"name\":\"Estados Unidos y Canad\u00e1 toman medidas por la nueva variante de Covid-19\"}]},{\"@type\":\"WebSite\",\"@id\":\"https:\\\/\\\/www.bbmnoticias.com\\\/labravaradiofm\\\/#website\",\"url\":\"https:\\\/\\\/www.bbmnoticias.com\\\/labravaradiofm\\\/\",\"name\":\"LA BRAVA RADIO\",\"description\":\"Empresa productora de medios, Radiodifusi\u00f3n, Noticias, tendencias y todo lo que necesitas saber de la pol\u00edtica mexicana e internacional; entretenimiento, espect\u00e1culos, salud y mucho m\u00e1s.\",\"potentialAction\":[{\"@type\":\"SearchAction\",\"target\":{\"@type\":\"EntryPoint\",\"urlTemplate\":\"https:\\\/\\\/www.bbmnoticias.com\\\/labravaradiofm\\\/?s={search_term_string}\"},\"query-input\":{\"@type\":\"PropertyValueSpecification\",\"valueRequired\":true,\"valueName\":\"search_term_string\"}}],\"inLanguage\":\"es\"},{\"@type\":\"Person\",\"@id\":\"https:\\\/\\\/www.bbmnoticias.com\\\/labravaradiofm\\\/#\\\/schema\\\/person\\\/baf240d77a345f5fbc3dc146f9161af9\",\"name\":\"SDPnoticias\",\"image\":{\"@type\":\"ImageObject\",\"inLanguage\":\"es\",\"@id\":\"https:\\\/\\\/secure.gravatar.com\\\/avatar\\\/015ede9175a06d999d8b2b09e108b48c9e008e4ee44a647956086b51bbce326c?s=96&d=mm&r=g\",\"url\":\"https:\\\/\\\/secure.gravatar.com\\\/avatar\\\/015ede9175a06d999d8b2b09e108b48c9e008e4ee44a647956086b51bbce326c?s=96&d=mm&r=g\",\"contentUrl\":\"https:\\\/\\\/secure.gravatar.com\\\/avatar\\\/015ede9175a06d999d8b2b09e108b48c9e008e4ee44a647956086b51bbce326c?s=96&d=mm&r=g\",\"caption\":\"SDPnoticias\"},\"url\":\"https:\\\/\\\/www.bbmnoticias.com\\\/labravaradiofm\\\/author\\\/sdpnoticias\\\/\"}]}<\/script>\n<!-- \/ Yoast SEO plugin. -->","yoast_head_json":{"title":"Estados Unidos y Canad\u00e1 toman medidas por la nueva variante de Covid-19 - LA BRAVA RADIO","robots":{"index":"index","follow":"follow","max-snippet":"max-snippet:-1","max-image-preview":"max-image-preview:large","max-video-preview":"max-video-preview:-1"},"canonical":"https:\/\/www.bbmnoticias.com\/labravaradiofm\/2021\/11\/26\/estados-unidos-y-canada-toman-medidas-por-la-nueva-variante-de-covid-19\/","og_locale":"es_MX","og_type":"article","og_title":"Estados Unidos y Canad\u00e1 toman medidas por la nueva variante de Covid-19 - LA BRAVA RADIO","og_description":"Estados Unidos y Canad\u00e1 toman medidas por Omicron, la nueva variante de Covid-19 identificada preliminarmente como B.1.1.529 en Sud\u00e1frica. La nueva variante del virus de Covid-19, Omicron, preocupa a los gobiernos de Estados Unidos y Canad\u00e1 por las m\u00e1s de treinta de mutaciones que presenta, es decir, su r\u00e1pida capacidad de transmisi\u00f3n. Estados Unidos y [&hellip;]","og_url":"https:\/\/www.bbmnoticias.com\/labravaradiofm\/2021\/11\/26\/estados-unidos-y-canada-toman-medidas-por-la-nueva-variante-de-covid-19\/","og_site_name":"LA BRAVA RADIO","article_published_time":"2021-11-26T21:15:41+00:00","article_modified_time":"2021-11-26T21:15:43+00:00","og_image":[{"width":640,"height":360,"url":"https:\/\/www.bbmnoticias.com\/labravaradiofm\/wp-content\/uploads\/sites\/5\/2021\/11\/usa-canada26112021-1.jpg","type":"image\/jpeg"}],"author":"SDPnoticias","twitter_card":"summary_large_image","twitter_misc":{"Escrito por":"SDPnoticias","Tiempo de lectura":"2 minutos"},"schema":{"@context":"https:\/\/schema.org","@graph":[{"@type":"Article","@id":"https:\/\/www.bbmnoticias.com\/labravaradiofm\/2021\/11\/26\/estados-unidos-y-canada-toman-medidas-por-la-nueva-variante-de-covid-19\/#article","isPartOf":{"@id":"https:\/\/www.bbmnoticias.com\/labravaradiofm\/2021\/11\/26\/estados-unidos-y-canada-toman-medidas-por-la-nueva-variante-de-covid-19\/"},"author":{"name":"SDPnoticias","@id":"https:\/\/www.bbmnoticias.com\/labravaradiofm\/#\/schema\/person\/baf240d77a345f5fbc3dc146f9161af9"},"headline":"Estados Unidos y Canad\u00e1 toman medidas por la nueva variante de Covid-19","datePublished":"2021-11-26T21:15:41+00:00","dateModified":"2021-11-26T21:15:43+00:00","mainEntityOfPage":{"@id":"https:\/\/www.bbmnoticias.com\/labravaradiofm\/2021\/11\/26\/estados-unidos-y-canada-toman-medidas-por-la-nueva-variante-de-covid-19\/"},"wordCount":366,"image":{"@id":"https:\/\/www.bbmnoticias.com\/labravaradiofm\/2021\/11\/26\/estados-unidos-y-canada-toman-medidas-por-la-nueva-variante-de-covid-19\/#primaryimage"},"thumbnailUrl":"https:\/\/www.bbmnoticias.com\/labravaradiofm\/wp-content\/uploads\/sites\/5\/2021\/11\/usa-canada26112021-1.jpg","inLanguage":"es"},{"@type":"WebPage","@id":"https:\/\/www.bbmnoticias.com\/labravaradiofm\/2021\/11\/26\/estados-unidos-y-canada-toman-medidas-por-la-nueva-variante-de-covid-19\/","url":"https:\/\/www.bbmnoticias.com\/labravaradiofm\/2021\/11\/26\/estados-unidos-y-canada-toman-medidas-por-la-nueva-variante-de-covid-19\/","name":"Estados Unidos y Canad\u00e1 toman medidas por la nueva variante de Covid-19 - LA BRAVA RADIO","isPartOf":{"@id":"https:\/\/www.bbmnoticias.com\/labravaradiofm\/#website"},"primaryImageOfPage":{"@id":"https:\/\/www.bbmnoticias.com\/labravaradiofm\/2021\/11\/26\/estados-unidos-y-canada-toman-medidas-por-la-nueva-variante-de-covid-19\/#primaryimage"},"image":{"@id":"https:\/\/www.bbmnoticias.com\/labravaradiofm\/2021\/11\/26\/estados-unidos-y-canada-toman-medidas-por-la-nueva-variante-de-covid-19\/#primaryimage"},"thumbnailUrl":"https:\/\/www.bbmnoticias.com\/labravaradiofm\/wp-content\/uploads\/sites\/5\/2021\/11\/usa-canada26112021-1.jpg","datePublished":"2021-11-26T21:15:41+00:00","dateModified":"2021-11-26T21:15:43+00:00","author":{"@id":"https:\/\/www.bbmnoticias.com\/labravaradiofm\/#\/schema\/person\/baf240d77a345f5fbc3dc146f9161af9"},"breadcrumb":{"@id":"https:\/\/www.bbmnoticias.com\/labravaradiofm\/2021\/11\/26\/estados-unidos-y-canada-toman-medidas-por-la-nueva-variante-de-covid-19\/#breadcrumb"},"inLanguage":"es","potentialAction":[{"@type":"ReadAction","target":["https:\/\/www.bbmnoticias.com\/labravaradiofm\/2021\/11\/26\/estados-unidos-y-canada-toman-medidas-por-la-nueva-variante-de-covid-19\/"]}]},{"@type":"ImageObject","inLanguage":"es","@id":"https:\/\/www.bbmnoticias.com\/labravaradiofm\/2021\/11\/26\/estados-unidos-y-canada-toman-medidas-por-la-nueva-variante-de-covid-19\/#primaryimage","url":"https:\/\/www.bbmnoticias.com\/labravaradiofm\/wp-content\/uploads\/sites\/5\/2021\/11\/usa-canada26112021-1.jpg","contentUrl":"https:\/\/www.bbmnoticias.com\/labravaradiofm\/wp-content\/uploads\/sites\/5\/2021\/11\/usa-canada26112021-1.jpg","width":640,"height":360},{"@type":"BreadcrumbList","@id":"https:\/\/www.bbmnoticias.com\/labravaradiofm\/2021\/11\/26\/estados-unidos-y-canada-toman-medidas-por-la-nueva-variante-de-covid-19\/#breadcrumb","itemListElement":[{"@type":"ListItem","position":1,"name":"Inicio","item":"https:\/\/www.bbmnoticias.com\/labravaradiofm\/"},{"@type":"ListItem","position":2,"name":"Estados Unidos y Canad\u00e1 toman medidas por la nueva variante de Covid-19"}]},{"@type":"WebSite","@id":"https:\/\/www.bbmnoticias.com\/labravaradiofm\/#website","url":"https:\/\/www.bbmnoticias.com\/labravaradiofm\/","name":"LA BRAVA RADIO","description":"Empresa productora de medios, Radiodifusi\u00f3n, Noticias, tendencias y todo lo que necesitas saber de la pol\u00edtica mexicana e internacional; entretenimiento, espect\u00e1culos, salud y mucho m\u00e1s.","potentialAction":[{"@type":"SearchAction","target":{"@type":"EntryPoint","urlTemplate":"https:\/\/www.bbmnoticias.com\/labravaradiofm\/?s={search_term_string}"},"query-input":{"@type":"PropertyValueSpecification","valueRequired":true,"valueName":"search_term_string"}}],"inLanguage":"es"},{"@type":"Person","@id":"https:\/\/www.bbmnoticias.com\/labravaradiofm\/#\/schema\/person\/baf240d77a345f5fbc3dc146f9161af9","name":"SDPnoticias","image":{"@type":"ImageObject","inLanguage":"es","@id":"https:\/\/secure.gravatar.com\/avatar\/015ede9175a06d999d8b2b09e108b48c9e008e4ee44a647956086b51bbce326c?s=96&d=mm&r=g","url":"https:\/\/secure.gravatar.com\/avatar\/015ede9175a06d999d8b2b09e108b48c9e008e4ee44a647956086b51bbce326c?s=96&d=mm&r=g","contentUrl":"https:\/\/secure.gravatar.com\/avatar\/015ede9175a06d999d8b2b09e108b48c9e008e4ee44a647956086b51bbce326c?s=96&d=mm&r=g","caption":"SDPnoticias"},"url":"https:\/\/www.bbmnoticias.com\/labravaradiofm\/author\/sdpnoticias\/"}]}},"_links":{"self":[{"href":"https:\/\/www.bbmnoticias.com\/labravaradiofm\/wp-json\/wp\/v2\/posts\/6272","targetHints":{"allow":["GET"]}}],"collection":[{"href":"https:\/\/www.bbmnoticias.com\/labravaradiofm\/wp-json\/wp\/v2\/posts"}],"about":[{"href":"https:\/\/www.bbmnoticias.com\/labravaradiofm\/wp-json\/wp\/v2\/types\/post"}],"author":[{"embeddable":true,"href":"https:\/\/www.bbmnoticias.com\/labravaradiofm\/wp-json\/wp\/v2\/users\/12"}],"replies":[{"embeddable":true,"href":"https:\/\/www.bbmnoticias.com\/labravaradiofm\/wp-json\/wp\/v2\/comments?post=6272"}],"version-history":[{"count":0,"href":"https:\/\/www.bbmnoticias.com\/labravaradiofm\/wp-json\/wp\/v2\/posts\/6272\/revisions"}],"wp:featuredmedia":[{"embeddable":true,"href":"https:\/\/www.bbmnoticias.com\/labravaradiofm\/wp-json\/wp\/v2\/media\/6273"}],"wp:attachment":[{"href":"https:\/\/www.bbmnoticias.com\/labravaradiofm\/wp-json\/wp\/v2\/media?parent=6272"}],"wp:term":[{"taxonomy":"category","embeddable":true,"href":"https:\/\/www.bbmnoticias.com\/labravaradiofm\/wp-json\/wp\/v2\/categories?post=6272"},{"taxonomy":"post_tag","embeddable":true,"href":"https:\/\/www.bbmnoticias.com\/labravaradiofm\/wp-json\/wp\/v2\/tags?post=6272"}],"curies":[{"name":"wp","href":"https:\/\/api.w.org\/{rel}","templated":true}]}}