{"id":6260,"date":"2021-11-26T13:43:54","date_gmt":"2021-11-26T19:43:54","guid":{"rendered":"https:\/\/www.bbmnoticias.com\/labravaradiofm\/?p=6260"},"modified":"2021-11-26T13:44:37","modified_gmt":"2021-11-26T19:44:37","slug":"al-primer-actor-jose-sacristan-le-entregaran-el-goya-de-honor-2022","status":"publish","type":"post","link":"https:\/\/www.bbmnoticias.com\/labravaradiofm\/2021\/11\/26\/al-primer-actor-jose-sacristan-le-entregaran-el-goya-de-honor-2022\/","title":{"rendered":"Al primer actor Jos\u00e9 Sacrist\u00e1n le entregar\u00e1n el Goya de Honor 2022"},"content":{"rendered":"<div style=\"margin-top: 0px; margin-bottom: 0px;\" class=\"sharethis-inline-share-buttons\" ><\/div>\n<p><strong>Madrid, Espa\u00f1a.- <\/strong>&#8220;Mi carrera ha sido el gozo del cr\u00edo que ha visto cumplido su prop\u00f3sito, el de hacer creer a la gente que era el estudiante, el pregonero, el recluta, el emigrante, el abogado, el m\u00e9dico\u2026 y que la gente se lo creyera. Y la suerte de que en todo este recorrido mis mejores amigos y la gente m\u00e1s querida para m\u00ed, al margen de mi familia, est\u00e1 en la profesi\u00f3n. \u00a1Qu\u00e9 m\u00e1s puedo pedir!&#8221;, manifest\u00f3 el actor al conocer la noticia que recibir\u00e1 el Goya de Honor 2022, el pr\u00f3ximo 12 de febrero en Les Arts de Valencia.<\/p>\n\n\n\n<p>En un comunicado&nbsp; la Junta Directiva de la Academia de cine Espa\u00f1ol inform\u00f3 la decisi\u00f3n de otorgar este premio honor\u00edfico al veterano y querido actor &#8220;por ser un modelo de entrega, pasi\u00f3n, \u00e9tica y profesionalidad para todos los cineastas j\u00f3venes. Por ser el rostro y la voz del cine espa\u00f1ol de las \u00faltimas seis d\u00e9cadas. Por saber representarnos de forma \u00fanica en tantos t\u00edtulos inolvidables que forman parte de nuestra memoria \u00edntima. Y por haber sabido adelantar desde el reflejo que nos ha devuelto en la pantalla algunos de los grandes cambios que hemos vivido en nuestro cine y en nuestra sociedad&#8221;.<\/p>\n\n\n\n<p>Agregan que recibir\u00e1 el reconocimiento de la profesi\u00f3n por &#8220;representarnos de forma \u00fanica en tantos t\u00edtulos inolvidables que forman parte de nuestra memoria \u00edntima&#8221; y &#8220;por adelantar desde la pantalla algunos de los grandes cambios que vivimos en nuestro cine y en nuestra sociedad&#8221;.<\/p>\n\n\n\n<p>&#8220;Muy emocionado&#8221; por el Goya de Honor \u2013&#8221;la cosecha est\u00e1 siendo buena. Van pasando los a\u00f1os y me pone muy contento porque algo informa de que el camino no estaba tan equivocado&#8221;\u2013, tiene &#8220;m\u00e1s o menos&#8221; previsto el discurso que pronunciar\u00e1 en Valencia. Y da una pista: &#8220;echar\u00e9 una ojeada al sitio y a la gente de donde vengo&#8221;.<\/p>\n\n\n\n<p>Sacrist\u00e1n (Chinch\u00f3n, 1937), un profesional con discurso y compromiso pol\u00edtico que se siente joven porque tiene curiosidad y conserva esa parte del juego y del trabajo en equipo que es el cine. &#8220;Lo de la continuidad me lo ense\u00f1\u00f3 Fernando Fern\u00e1n-G\u00f3mez. Luego, cuantos m\u00e1s reconocimientos y m\u00e1s cosas tengas, mejor, pero lo fundamental es la aprobaci\u00f3n o no de mi trabajo por la gente que lo compra&#8221;.<\/p>\n\n\n\n<p>Sabe que la profesi\u00f3n es insegura y reconoce que &#8220;ser\u00eda un miserable si me quejase porque nunca me ha faltado trabajo. En ocasiones, lo que ganaba no era suficiente para cubrir mis obligaciones, pero ese era mi problema. Me lo he currado, pero hay un factor suerte que me ha acompa\u00f1ado. Reconozco y agradezco el privilegio, no se me escapa&#8221;, subraya.<\/p>\n\n\n\n<p>En el a\u00f1o en que celebramos el centenario de los maestros Berlanga y Fern\u00e1n-G\u00f3mez, llega el Goya de Honor para este actor que cre\u00f3 para ambos personajes inolvidables, y que tambi\u00e9n comparti\u00f3 su talento con tantos otros grandes nombres del cine espa\u00f1ol.<\/p>\n\n\n\n<p>Debut\u00f3 en el cine con Fernando Palacios en La familia\u2026 y uno m\u00e1s, y, hasta el momento, su \u00faltima aparici\u00f3n en la gran pantalla es con Fernando Colomo en Cuidado con lo que deseas. Y entre Palacios y Colomo ha trabajado con Mario Camus, Roberto Bodegas, Pedro Olea, Gonzalo Su\u00e1rez, Jos\u00e9 Luis Garci, Adolfo Aristarain, Pilar Mir\u00f3, Eloy de la Iglesia, Manuel Guti\u00e9rrez Arag\u00f3n, Pedro L\u00e1zaga, Mariano Ozores, Jaime Camino, Gillo Pontecorvo, Pedro Mas\u00f3, Francisco Regueiro, David Trueba&#8230;Una extensa lista a la que se suman nuevas generaciones de cineastas como Javier Rebollo, Pau Dur\u00e0, Jos\u00e9 Skaf, Kike Ma\u00edllo, Isaki Lacuesta, Carlos Vermut y Bernab\u00e9 Rico.Sacrist\u00e1n ha participado en m\u00e1s de 125 pel\u00edculas, algunas de ellas muy populares como<em> Don erre que erre, La tonta del bote, Soltera y madre en la vida, Vente a Alemania, Pepe, El abuelo tiene un plan\u2026<\/em>&#8220;que fueron mi escuela de trabajo y de vida. Ah\u00ed aprend\u00ed lo poco o mucho que s\u00e9&#8221;, ha manifestado el actor, que tambi\u00e9n se ha puesto detr\u00e1s de la c\u00e1mara en <em>Soldados de plomo, Cara de acelga y Yo me bajo en la pr\u00f3xima, \u00bfy usted?&nbsp;<\/em><em>&nbsp;<\/em><\/p>\n","protected":false},"excerpt":{"rendered":"<p>Madrid, Espa\u00f1a.- &#8220;Mi carrera ha sido el gozo del cr\u00edo que ha visto cumplido su prop\u00f3sito, el de hacer creer a la gente que era el estudiante, el pregonero, el recluta, el emigrante, el abogado, el m\u00e9dico\u2026 y que la gente se lo creyera. Y la suerte de que en todo este recorrido mis mejores [&hellip;]<\/p>\n","protected":false},"author":6,"featured_media":6261,"comment_status":"closed","ping_status":"closed","sticky":false,"template":"","format":"standard","meta":{"footnotes":""},"categories":[1],"tags":[],"class_list":{"0":"post-6260","1":"post","2":"type-post","3":"status-publish","4":"format-standard","5":"has-post-thumbnail","7":"category-sin-categoria"},"yoast_head":"<!-- This site is optimized with the Yoast SEO plugin v27.4 - https:\/\/yoast.com\/product\/yoast-seo-wordpress\/ -->\n<title>Al primer actor Jos\u00e9 Sacrist\u00e1n le entregar\u00e1n el Goya de Honor 2022 - LA BRAVA RADIO<\/title>\n<meta name=\"robots\" content=\"index, follow, max-snippet:-1, max-image-preview:large, max-video-preview:-1\" \/>\n<link rel=\"canonical\" href=\"https:\/\/www.bbmnoticias.com\/labravaradiofm\/2021\/11\/26\/al-primer-actor-jose-sacristan-le-entregaran-el-goya-de-honor-2022\/\" \/>\n<meta property=\"og:locale\" content=\"es_MX\" \/>\n<meta property=\"og:type\" content=\"article\" \/>\n<meta property=\"og:title\" content=\"Al primer actor Jos\u00e9 Sacrist\u00e1n le entregar\u00e1n el Goya de Honor 2022 - LA BRAVA RADIO\" \/>\n<meta property=\"og:description\" content=\"Madrid, Espa\u00f1a.- &#8220;Mi carrera ha sido el gozo del cr\u00edo que ha visto cumplido su prop\u00f3sito, el de hacer creer a la gente que era el estudiante, el pregonero, el recluta, el emigrante, el abogado, el m\u00e9dico\u2026 y que la gente se lo creyera. Y la suerte de que en todo este recorrido mis mejores [&hellip;]\" \/>\n<meta property=\"og:url\" content=\"https:\/\/www.bbmnoticias.com\/labravaradiofm\/2021\/11\/26\/al-primer-actor-jose-sacristan-le-entregaran-el-goya-de-honor-2022\/\" \/>\n<meta property=\"og:site_name\" content=\"LA BRAVA RADIO\" \/>\n<meta property=\"article:published_time\" content=\"2021-11-26T19:43:54+00:00\" \/>\n<meta property=\"article:modified_time\" content=\"2021-11-26T19:44:37+00:00\" \/>\n<meta property=\"og:image\" content=\"https:\/\/www.bbmnoticias.com\/labravaradiofm\/wp-content\/uploads\/sites\/5\/2021\/11\/josesacristan26112021.jpg\" \/>\n\t<meta property=\"og:image:width\" content=\"670\" \/>\n\t<meta property=\"og:image:height\" content=\"639\" \/>\n\t<meta property=\"og:image:type\" content=\"image\/jpeg\" \/>\n<meta name=\"author\" content=\"Mar\u00eda Esther Beltr\u00e1n Mart\u00ednez\" \/>\n<meta name=\"twitter:card\" content=\"summary_large_image\" \/>\n<meta name=\"twitter:label1\" content=\"Escrito por\" \/>\n\t<meta name=\"twitter:data1\" content=\"Mar\u00eda Esther Beltr\u00e1n Mart\u00ednez\" \/>\n\t<meta name=\"twitter:label2\" content=\"Tiempo de lectura\" \/>\n\t<meta name=\"twitter:data2\" content=\"3 minutos\" \/>\n<script type=\"application\/ld+json\" class=\"yoast-schema-graph\">{\"@context\":\"https:\\\/\\\/schema.org\",\"@graph\":[{\"@type\":\"Article\",\"@id\":\"https:\\\/\\\/www.bbmnoticias.com\\\/labravaradiofm\\\/2021\\\/11\\\/26\\\/al-primer-actor-jose-sacristan-le-entregaran-el-goya-de-honor-2022\\\/#article\",\"isPartOf\":{\"@id\":\"https:\\\/\\\/www.bbmnoticias.com\\\/labravaradiofm\\\/2021\\\/11\\\/26\\\/al-primer-actor-jose-sacristan-le-entregaran-el-goya-de-honor-2022\\\/\"},\"author\":{\"name\":\"Mar\u00eda Esther Beltr\u00e1n Mart\u00ednez\",\"@id\":\"https:\\\/\\\/www.bbmnoticias.com\\\/labravaradiofm\\\/#\\\/schema\\\/person\\\/ff037dabcc375d1b25289b6fd3902bd6\"},\"headline\":\"Al primer actor Jos\u00e9 Sacrist\u00e1n le entregar\u00e1n el Goya de Honor 2022\",\"datePublished\":\"2021-11-26T19:43:54+00:00\",\"dateModified\":\"2021-11-26T19:44:37+00:00\",\"mainEntityOfPage\":{\"@id\":\"https:\\\/\\\/www.bbmnoticias.com\\\/labravaradiofm\\\/2021\\\/11\\\/26\\\/al-primer-actor-jose-sacristan-le-entregaran-el-goya-de-honor-2022\\\/\"},\"wordCount\":727,\"image\":{\"@id\":\"https:\\\/\\\/www.bbmnoticias.com\\\/labravaradiofm\\\/2021\\\/11\\\/26\\\/al-primer-actor-jose-sacristan-le-entregaran-el-goya-de-honor-2022\\\/#primaryimage\"},\"thumbnailUrl\":\"https:\\\/\\\/www.bbmnoticias.com\\\/labravaradiofm\\\/wp-content\\\/uploads\\\/sites\\\/5\\\/2021\\\/11\\\/josesacristan26112021.jpg\",\"inLanguage\":\"es\"},{\"@type\":\"WebPage\",\"@id\":\"https:\\\/\\\/www.bbmnoticias.com\\\/labravaradiofm\\\/2021\\\/11\\\/26\\\/al-primer-actor-jose-sacristan-le-entregaran-el-goya-de-honor-2022\\\/\",\"url\":\"https:\\\/\\\/www.bbmnoticias.com\\\/labravaradiofm\\\/2021\\\/11\\\/26\\\/al-primer-actor-jose-sacristan-le-entregaran-el-goya-de-honor-2022\\\/\",\"name\":\"Al primer actor Jos\u00e9 Sacrist\u00e1n le entregar\u00e1n el Goya de Honor 2022 - LA BRAVA RADIO\",\"isPartOf\":{\"@id\":\"https:\\\/\\\/www.bbmnoticias.com\\\/labravaradiofm\\\/#website\"},\"primaryImageOfPage\":{\"@id\":\"https:\\\/\\\/www.bbmnoticias.com\\\/labravaradiofm\\\/2021\\\/11\\\/26\\\/al-primer-actor-jose-sacristan-le-entregaran-el-goya-de-honor-2022\\\/#primaryimage\"},\"image\":{\"@id\":\"https:\\\/\\\/www.bbmnoticias.com\\\/labravaradiofm\\\/2021\\\/11\\\/26\\\/al-primer-actor-jose-sacristan-le-entregaran-el-goya-de-honor-2022\\\/#primaryimage\"},\"thumbnailUrl\":\"https:\\\/\\\/www.bbmnoticias.com\\\/labravaradiofm\\\/wp-content\\\/uploads\\\/sites\\\/5\\\/2021\\\/11\\\/josesacristan26112021.jpg\",\"datePublished\":\"2021-11-26T19:43:54+00:00\",\"dateModified\":\"2021-11-26T19:44:37+00:00\",\"author\":{\"@id\":\"https:\\\/\\\/www.bbmnoticias.com\\\/labravaradiofm\\\/#\\\/schema\\\/person\\\/ff037dabcc375d1b25289b6fd3902bd6\"},\"breadcrumb\":{\"@id\":\"https:\\\/\\\/www.bbmnoticias.com\\\/labravaradiofm\\\/2021\\\/11\\\/26\\\/al-primer-actor-jose-sacristan-le-entregaran-el-goya-de-honor-2022\\\/#breadcrumb\"},\"inLanguage\":\"es\",\"potentialAction\":[{\"@type\":\"ReadAction\",\"target\":[\"https:\\\/\\\/www.bbmnoticias.com\\\/labravaradiofm\\\/2021\\\/11\\\/26\\\/al-primer-actor-jose-sacristan-le-entregaran-el-goya-de-honor-2022\\\/\"]}]},{\"@type\":\"ImageObject\",\"inLanguage\":\"es\",\"@id\":\"https:\\\/\\\/www.bbmnoticias.com\\\/labravaradiofm\\\/2021\\\/11\\\/26\\\/al-primer-actor-jose-sacristan-le-entregaran-el-goya-de-honor-2022\\\/#primaryimage\",\"url\":\"https:\\\/\\\/www.bbmnoticias.com\\\/labravaradiofm\\\/wp-content\\\/uploads\\\/sites\\\/5\\\/2021\\\/11\\\/josesacristan26112021.jpg\",\"contentUrl\":\"https:\\\/\\\/www.bbmnoticias.com\\\/labravaradiofm\\\/wp-content\\\/uploads\\\/sites\\\/5\\\/2021\\\/11\\\/josesacristan26112021.jpg\",\"width\":670,\"height\":639},{\"@type\":\"BreadcrumbList\",\"@id\":\"https:\\\/\\\/www.bbmnoticias.com\\\/labravaradiofm\\\/2021\\\/11\\\/26\\\/al-primer-actor-jose-sacristan-le-entregaran-el-goya-de-honor-2022\\\/#breadcrumb\",\"itemListElement\":[{\"@type\":\"ListItem\",\"position\":1,\"name\":\"Inicio\",\"item\":\"https:\\\/\\\/www.bbmnoticias.com\\\/labravaradiofm\\\/\"},{\"@type\":\"ListItem\",\"position\":2,\"name\":\"Al primer actor Jos\u00e9 Sacrist\u00e1n le entregar\u00e1n el Goya de Honor 2022\"}]},{\"@type\":\"WebSite\",\"@id\":\"https:\\\/\\\/www.bbmnoticias.com\\\/labravaradiofm\\\/#website\",\"url\":\"https:\\\/\\\/www.bbmnoticias.com\\\/labravaradiofm\\\/\",\"name\":\"LA BRAVA RADIO\",\"description\":\"Empresa productora de medios, Radiodifusi\u00f3n, Noticias, tendencias y todo lo que necesitas saber de la pol\u00edtica mexicana e internacional; entretenimiento, espect\u00e1culos, salud y mucho m\u00e1s.\",\"potentialAction\":[{\"@type\":\"SearchAction\",\"target\":{\"@type\":\"EntryPoint\",\"urlTemplate\":\"https:\\\/\\\/www.bbmnoticias.com\\\/labravaradiofm\\\/?s={search_term_string}\"},\"query-input\":{\"@type\":\"PropertyValueSpecification\",\"valueRequired\":true,\"valueName\":\"search_term_string\"}}],\"inLanguage\":\"es\"},{\"@type\":\"Person\",\"@id\":\"https:\\\/\\\/www.bbmnoticias.com\\\/labravaradiofm\\\/#\\\/schema\\\/person\\\/ff037dabcc375d1b25289b6fd3902bd6\",\"name\":\"Mar\u00eda Esther Beltr\u00e1n Mart\u00ednez\",\"image\":{\"@type\":\"ImageObject\",\"inLanguage\":\"es\",\"@id\":\"https:\\\/\\\/secure.gravatar.com\\\/avatar\\\/50efe5915c3eac137dcc550ff1c590bc6054705eb482a33520c9501c8eec550f?s=96&d=mm&r=g\",\"url\":\"https:\\\/\\\/secure.gravatar.com\\\/avatar\\\/50efe5915c3eac137dcc550ff1c590bc6054705eb482a33520c9501c8eec550f?s=96&d=mm&r=g\",\"contentUrl\":\"https:\\\/\\\/secure.gravatar.com\\\/avatar\\\/50efe5915c3eac137dcc550ff1c590bc6054705eb482a33520c9501c8eec550f?s=96&d=mm&r=g\",\"caption\":\"Mar\u00eda Esther Beltr\u00e1n Mart\u00ednez\"},\"url\":\"https:\\\/\\\/www.bbmnoticias.com\\\/labravaradiofm\\\/author\\\/maria\\\/\"}]}<\/script>\n<!-- \/ Yoast SEO plugin. -->","yoast_head_json":{"title":"Al primer actor Jos\u00e9 Sacrist\u00e1n le entregar\u00e1n el Goya de Honor 2022 - LA BRAVA RADIO","robots":{"index":"index","follow":"follow","max-snippet":"max-snippet:-1","max-image-preview":"max-image-preview:large","max-video-preview":"max-video-preview:-1"},"canonical":"https:\/\/www.bbmnoticias.com\/labravaradiofm\/2021\/11\/26\/al-primer-actor-jose-sacristan-le-entregaran-el-goya-de-honor-2022\/","og_locale":"es_MX","og_type":"article","og_title":"Al primer actor Jos\u00e9 Sacrist\u00e1n le entregar\u00e1n el Goya de Honor 2022 - LA BRAVA RADIO","og_description":"Madrid, Espa\u00f1a.- &#8220;Mi carrera ha sido el gozo del cr\u00edo que ha visto cumplido su prop\u00f3sito, el de hacer creer a la gente que era el estudiante, el pregonero, el recluta, el emigrante, el abogado, el m\u00e9dico\u2026 y que la gente se lo creyera. Y la suerte de que en todo este recorrido mis mejores [&hellip;]","og_url":"https:\/\/www.bbmnoticias.com\/labravaradiofm\/2021\/11\/26\/al-primer-actor-jose-sacristan-le-entregaran-el-goya-de-honor-2022\/","og_site_name":"LA BRAVA RADIO","article_published_time":"2021-11-26T19:43:54+00:00","article_modified_time":"2021-11-26T19:44:37+00:00","og_image":[{"width":670,"height":639,"url":"https:\/\/www.bbmnoticias.com\/labravaradiofm\/wp-content\/uploads\/sites\/5\/2021\/11\/josesacristan26112021.jpg","type":"image\/jpeg"}],"author":"Mar\u00eda Esther Beltr\u00e1n Mart\u00ednez","twitter_card":"summary_large_image","twitter_misc":{"Escrito por":"Mar\u00eda Esther Beltr\u00e1n Mart\u00ednez","Tiempo de lectura":"3 minutos"},"schema":{"@context":"https:\/\/schema.org","@graph":[{"@type":"Article","@id":"https:\/\/www.bbmnoticias.com\/labravaradiofm\/2021\/11\/26\/al-primer-actor-jose-sacristan-le-entregaran-el-goya-de-honor-2022\/#article","isPartOf":{"@id":"https:\/\/www.bbmnoticias.com\/labravaradiofm\/2021\/11\/26\/al-primer-actor-jose-sacristan-le-entregaran-el-goya-de-honor-2022\/"},"author":{"name":"Mar\u00eda Esther Beltr\u00e1n Mart\u00ednez","@id":"https:\/\/www.bbmnoticias.com\/labravaradiofm\/#\/schema\/person\/ff037dabcc375d1b25289b6fd3902bd6"},"headline":"Al primer actor Jos\u00e9 Sacrist\u00e1n le entregar\u00e1n el Goya de Honor 2022","datePublished":"2021-11-26T19:43:54+00:00","dateModified":"2021-11-26T19:44:37+00:00","mainEntityOfPage":{"@id":"https:\/\/www.bbmnoticias.com\/labravaradiofm\/2021\/11\/26\/al-primer-actor-jose-sacristan-le-entregaran-el-goya-de-honor-2022\/"},"wordCount":727,"image":{"@id":"https:\/\/www.bbmnoticias.com\/labravaradiofm\/2021\/11\/26\/al-primer-actor-jose-sacristan-le-entregaran-el-goya-de-honor-2022\/#primaryimage"},"thumbnailUrl":"https:\/\/www.bbmnoticias.com\/labravaradiofm\/wp-content\/uploads\/sites\/5\/2021\/11\/josesacristan26112021.jpg","inLanguage":"es"},{"@type":"WebPage","@id":"https:\/\/www.bbmnoticias.com\/labravaradiofm\/2021\/11\/26\/al-primer-actor-jose-sacristan-le-entregaran-el-goya-de-honor-2022\/","url":"https:\/\/www.bbmnoticias.com\/labravaradiofm\/2021\/11\/26\/al-primer-actor-jose-sacristan-le-entregaran-el-goya-de-honor-2022\/","name":"Al primer actor Jos\u00e9 Sacrist\u00e1n le entregar\u00e1n el Goya de Honor 2022 - LA BRAVA RADIO","isPartOf":{"@id":"https:\/\/www.bbmnoticias.com\/labravaradiofm\/#website"},"primaryImageOfPage":{"@id":"https:\/\/www.bbmnoticias.com\/labravaradiofm\/2021\/11\/26\/al-primer-actor-jose-sacristan-le-entregaran-el-goya-de-honor-2022\/#primaryimage"},"image":{"@id":"https:\/\/www.bbmnoticias.com\/labravaradiofm\/2021\/11\/26\/al-primer-actor-jose-sacristan-le-entregaran-el-goya-de-honor-2022\/#primaryimage"},"thumbnailUrl":"https:\/\/www.bbmnoticias.com\/labravaradiofm\/wp-content\/uploads\/sites\/5\/2021\/11\/josesacristan26112021.jpg","datePublished":"2021-11-26T19:43:54+00:00","dateModified":"2021-11-26T19:44:37+00:00","author":{"@id":"https:\/\/www.bbmnoticias.com\/labravaradiofm\/#\/schema\/person\/ff037dabcc375d1b25289b6fd3902bd6"},"breadcrumb":{"@id":"https:\/\/www.bbmnoticias.com\/labravaradiofm\/2021\/11\/26\/al-primer-actor-jose-sacristan-le-entregaran-el-goya-de-honor-2022\/#breadcrumb"},"inLanguage":"es","potentialAction":[{"@type":"ReadAction","target":["https:\/\/www.bbmnoticias.com\/labravaradiofm\/2021\/11\/26\/al-primer-actor-jose-sacristan-le-entregaran-el-goya-de-honor-2022\/"]}]},{"@type":"ImageObject","inLanguage":"es","@id":"https:\/\/www.bbmnoticias.com\/labravaradiofm\/2021\/11\/26\/al-primer-actor-jose-sacristan-le-entregaran-el-goya-de-honor-2022\/#primaryimage","url":"https:\/\/www.bbmnoticias.com\/labravaradiofm\/wp-content\/uploads\/sites\/5\/2021\/11\/josesacristan26112021.jpg","contentUrl":"https:\/\/www.bbmnoticias.com\/labravaradiofm\/wp-content\/uploads\/sites\/5\/2021\/11\/josesacristan26112021.jpg","width":670,"height":639},{"@type":"BreadcrumbList","@id":"https:\/\/www.bbmnoticias.com\/labravaradiofm\/2021\/11\/26\/al-primer-actor-jose-sacristan-le-entregaran-el-goya-de-honor-2022\/#breadcrumb","itemListElement":[{"@type":"ListItem","position":1,"name":"Inicio","item":"https:\/\/www.bbmnoticias.com\/labravaradiofm\/"},{"@type":"ListItem","position":2,"name":"Al primer actor Jos\u00e9 Sacrist\u00e1n le entregar\u00e1n el Goya de Honor 2022"}]},{"@type":"WebSite","@id":"https:\/\/www.bbmnoticias.com\/labravaradiofm\/#website","url":"https:\/\/www.bbmnoticias.com\/labravaradiofm\/","name":"LA BRAVA RADIO","description":"Empresa productora de medios, Radiodifusi\u00f3n, Noticias, tendencias y todo lo que necesitas saber de la pol\u00edtica mexicana e internacional; entretenimiento, espect\u00e1culos, salud y mucho m\u00e1s.","potentialAction":[{"@type":"SearchAction","target":{"@type":"EntryPoint","urlTemplate":"https:\/\/www.bbmnoticias.com\/labravaradiofm\/?s={search_term_string}"},"query-input":{"@type":"PropertyValueSpecification","valueRequired":true,"valueName":"search_term_string"}}],"inLanguage":"es"},{"@type":"Person","@id":"https:\/\/www.bbmnoticias.com\/labravaradiofm\/#\/schema\/person\/ff037dabcc375d1b25289b6fd3902bd6","name":"Mar\u00eda Esther Beltr\u00e1n Mart\u00ednez","image":{"@type":"ImageObject","inLanguage":"es","@id":"https:\/\/secure.gravatar.com\/avatar\/50efe5915c3eac137dcc550ff1c590bc6054705eb482a33520c9501c8eec550f?s=96&d=mm&r=g","url":"https:\/\/secure.gravatar.com\/avatar\/50efe5915c3eac137dcc550ff1c590bc6054705eb482a33520c9501c8eec550f?s=96&d=mm&r=g","contentUrl":"https:\/\/secure.gravatar.com\/avatar\/50efe5915c3eac137dcc550ff1c590bc6054705eb482a33520c9501c8eec550f?s=96&d=mm&r=g","caption":"Mar\u00eda Esther Beltr\u00e1n Mart\u00ednez"},"url":"https:\/\/www.bbmnoticias.com\/labravaradiofm\/author\/maria\/"}]}},"_links":{"self":[{"href":"https:\/\/www.bbmnoticias.com\/labravaradiofm\/wp-json\/wp\/v2\/posts\/6260","targetHints":{"allow":["GET"]}}],"collection":[{"href":"https:\/\/www.bbmnoticias.com\/labravaradiofm\/wp-json\/wp\/v2\/posts"}],"about":[{"href":"https:\/\/www.bbmnoticias.com\/labravaradiofm\/wp-json\/wp\/v2\/types\/post"}],"author":[{"embeddable":true,"href":"https:\/\/www.bbmnoticias.com\/labravaradiofm\/wp-json\/wp\/v2\/users\/6"}],"replies":[{"embeddable":true,"href":"https:\/\/www.bbmnoticias.com\/labravaradiofm\/wp-json\/wp\/v2\/comments?post=6260"}],"version-history":[{"count":0,"href":"https:\/\/www.bbmnoticias.com\/labravaradiofm\/wp-json\/wp\/v2\/posts\/6260\/revisions"}],"wp:featuredmedia":[{"embeddable":true,"href":"https:\/\/www.bbmnoticias.com\/labravaradiofm\/wp-json\/wp\/v2\/media\/6261"}],"wp:attachment":[{"href":"https:\/\/www.bbmnoticias.com\/labravaradiofm\/wp-json\/wp\/v2\/media?parent=6260"}],"wp:term":[{"taxonomy":"category","embeddable":true,"href":"https:\/\/www.bbmnoticias.com\/labravaradiofm\/wp-json\/wp\/v2\/categories?post=6260"},{"taxonomy":"post_tag","embeddable":true,"href":"https:\/\/www.bbmnoticias.com\/labravaradiofm\/wp-json\/wp\/v2\/tags?post=6260"}],"curies":[{"name":"wp","href":"https:\/\/api.w.org\/{rel}","templated":true}]}}