{"id":6254,"date":"2021-11-26T13:36:40","date_gmt":"2021-11-26T19:36:40","guid":{"rendered":"https:\/\/www.bbmnoticias.com\/labravaradiofm\/?p=6254"},"modified":"2021-11-26T13:36:41","modified_gmt":"2021-11-26T19:36:41","slug":"sentenciado-a-5-anos-de-prision-contra-responsable-de-violencia-familiar-en-la-cuenca","status":"publish","type":"post","link":"https:\/\/www.bbmnoticias.com\/labravaradiofm\/2021\/11\/26\/sentenciado-a-5-anos-de-prision-contra-responsable-de-violencia-familiar-en-la-cuenca\/","title":{"rendered":"Sentenciado a 5 a\u00f1os de prisi\u00f3n contra responsable de violencia familiar en la Cuenca"},"content":{"rendered":"<div style=\"margin-top: 0px; margin-bottom: 0px;\" class=\"sharethis-inline-share-buttons\" ><\/div>\n<p><strong>Oaxaca de Ju\u00e1rez, Oax.-<\/strong> La Fiscal\u00eda General del Estado de Oaxaca (FGEO) obtuvo, del Juez de Control, sentencia condenatoria de 5 a\u00f1os de prisi\u00f3n contra la persona del sexo masculino identificada como J. M. V., responsable del delito de violencia familiar en agravio de una mujer identificada como G. F. G., cometido en San Juan Bautista Tuxtepec, en la regi\u00f3n de la Cuenca del Papaloapan.<\/p>\n\n\n\n<p>De acuerdo con la causa penal 202\/2021, en la madrugada del 3 de julio de 2021, el responsable agredi\u00f3 de manera verbal y f\u00edsica a la v\u00edctima cuando se encontraba en su domicilio particular, ubicado en la colonia Nueva Florencia, perteneciente al referido municipio.<\/p>\n\n\n\n<p>Ante este hecho y tras la denuncia presentada, la Instituci\u00f3n de procuraci\u00f3n de justicia inici\u00f3 las investigaciones correspondientes -a trav\u00e9s de la Vicefiscal\u00eda Regional de la Cuenca-, logrando presentar al imputado ante el Juez de la causa, quien determin\u00f3 vincularlo a proceso.<\/p>\n\n\n\n<p>En audiencia de procedimiento abreviado, el Juez de Control dict\u00f3 sentencia condenatoria contra J. M. V., imponiendo la pena de 5 a\u00f1os y cuatro meses de prisi\u00f3n, adem\u00e1s que orden\u00f3 el pago de m\u00e1s de 32 mil pesos por concepto de multa y reparaci\u00f3n del da\u00f1o.<\/p>\n\n\n\n<p>Asimismo, por otro hecho de violencia familiar cometido en agosto de 2019 en San Juan Bautista Tuxtepec, en audiencia de procedimiento abreviado, el Juez de Control dict\u00f3 sentencia condenatoria contra E. O. P., imponiendo la pena de 2 a\u00f1os de prisi\u00f3n para quien agredi\u00f3 de forma f\u00edsica a la v\u00edctima identificada como S. G. J. Hecho asentado en la causa penal 190\/2020.<\/p>\n","protected":false},"excerpt":{"rendered":"<p>Oaxaca de Ju\u00e1rez, Oax.- La Fiscal\u00eda General del Estado de Oaxaca (FGEO) obtuvo, del Juez de Control, sentencia condenatoria de 5 a\u00f1os de prisi\u00f3n contra la persona del sexo masculino identificada como J. M. V., responsable del delito de violencia familiar en agravio de una mujer identificada como G. F. G., cometido en San Juan [&hellip;]<\/p>\n","protected":false},"author":2,"featured_media":6255,"comment_status":"closed","ping_status":"closed","sticky":false,"template":"","format":"standard","meta":{"footnotes":""},"categories":[20],"tags":[],"class_list":{"0":"post-6254","1":"post","2":"type-post","3":"status-publish","4":"format-standard","5":"has-post-thumbnail","7":"category-policiaca"},"yoast_head":"<!-- This site is optimized with the Yoast SEO plugin v27.4 - https:\/\/yoast.com\/product\/yoast-seo-wordpress\/ -->\n<title>Sentenciado a 5 a\u00f1os de prisi\u00f3n contra responsable de violencia familiar en la Cuenca - LA BRAVA RADIO<\/title>\n<meta name=\"robots\" content=\"index, follow, max-snippet:-1, max-image-preview:large, max-video-preview:-1\" \/>\n<link rel=\"canonical\" href=\"https:\/\/www.bbmnoticias.com\/labravaradiofm\/2021\/11\/26\/sentenciado-a-5-anos-de-prision-contra-responsable-de-violencia-familiar-en-la-cuenca\/\" \/>\n<meta property=\"og:locale\" content=\"es_MX\" \/>\n<meta property=\"og:type\" content=\"article\" \/>\n<meta property=\"og:title\" content=\"Sentenciado a 5 a\u00f1os de prisi\u00f3n contra responsable de violencia familiar en la Cuenca - LA BRAVA RADIO\" \/>\n<meta property=\"og:description\" content=\"Oaxaca de Ju\u00e1rez, Oax.- La Fiscal\u00eda General del Estado de Oaxaca (FGEO) obtuvo, del Juez de Control, sentencia condenatoria de 5 a\u00f1os de prisi\u00f3n contra la persona del sexo masculino identificada como J. M. V., responsable del delito de violencia familiar en agravio de una mujer identificada como G. F. G., cometido en San Juan [&hellip;]\" \/>\n<meta property=\"og:url\" content=\"https:\/\/www.bbmnoticias.com\/labravaradiofm\/2021\/11\/26\/sentenciado-a-5-anos-de-prision-contra-responsable-de-violencia-familiar-en-la-cuenca\/\" \/>\n<meta property=\"og:site_name\" content=\"LA BRAVA RADIO\" \/>\n<meta property=\"article:published_time\" content=\"2021-11-26T19:36:40+00:00\" \/>\n<meta property=\"article:modified_time\" content=\"2021-11-26T19:36:41+00:00\" \/>\n<meta property=\"og:image\" content=\"https:\/\/www.bbmnoticias.com\/labravaradiofm\/wp-content\/uploads\/sites\/5\/2021\/11\/sentenciado26112021-1.jpg\" \/>\n\t<meta property=\"og:image:width\" content=\"800\" \/>\n\t<meta property=\"og:image:height\" content=\"450\" \/>\n\t<meta property=\"og:image:type\" content=\"image\/jpeg\" \/>\n<meta name=\"author\" content=\"Staff\" \/>\n<meta name=\"twitter:card\" content=\"summary_large_image\" \/>\n<meta name=\"twitter:label1\" content=\"Escrito por\" \/>\n\t<meta name=\"twitter:data1\" content=\"Staff\" \/>\n\t<meta name=\"twitter:label2\" content=\"Tiempo de lectura\" \/>\n\t<meta name=\"twitter:data2\" content=\"2 minutos\" \/>\n<script type=\"application\/ld+json\" class=\"yoast-schema-graph\">{\"@context\":\"https:\\\/\\\/schema.org\",\"@graph\":[{\"@type\":\"Article\",\"@id\":\"https:\\\/\\\/www.bbmnoticias.com\\\/labravaradiofm\\\/2021\\\/11\\\/26\\\/sentenciado-a-5-anos-de-prision-contra-responsable-de-violencia-familiar-en-la-cuenca\\\/#article\",\"isPartOf\":{\"@id\":\"https:\\\/\\\/www.bbmnoticias.com\\\/labravaradiofm\\\/2021\\\/11\\\/26\\\/sentenciado-a-5-anos-de-prision-contra-responsable-de-violencia-familiar-en-la-cuenca\\\/\"},\"author\":{\"name\":\"Staff\",\"@id\":\"https:\\\/\\\/www.bbmnoticias.com\\\/labravaradiofm\\\/#\\\/schema\\\/person\\\/68a9e9036ef3c5b55aeb2b71dc8bab45\"},\"headline\":\"Sentenciado a 5 a\u00f1os de prisi\u00f3n contra responsable de violencia familiar en la Cuenca\",\"datePublished\":\"2021-11-26T19:36:40+00:00\",\"dateModified\":\"2021-11-26T19:36:41+00:00\",\"mainEntityOfPage\":{\"@id\":\"https:\\\/\\\/www.bbmnoticias.com\\\/labravaradiofm\\\/2021\\\/11\\\/26\\\/sentenciado-a-5-anos-de-prision-contra-responsable-de-violencia-familiar-en-la-cuenca\\\/\"},\"wordCount\":287,\"image\":{\"@id\":\"https:\\\/\\\/www.bbmnoticias.com\\\/labravaradiofm\\\/2021\\\/11\\\/26\\\/sentenciado-a-5-anos-de-prision-contra-responsable-de-violencia-familiar-en-la-cuenca\\\/#primaryimage\"},\"thumbnailUrl\":\"https:\\\/\\\/www.bbmnoticias.com\\\/labravaradiofm\\\/wp-content\\\/uploads\\\/sites\\\/5\\\/2021\\\/11\\\/sentenciado26112021-1.jpg\",\"articleSection\":[\"POLICIACA\"],\"inLanguage\":\"es\"},{\"@type\":\"WebPage\",\"@id\":\"https:\\\/\\\/www.bbmnoticias.com\\\/labravaradiofm\\\/2021\\\/11\\\/26\\\/sentenciado-a-5-anos-de-prision-contra-responsable-de-violencia-familiar-en-la-cuenca\\\/\",\"url\":\"https:\\\/\\\/www.bbmnoticias.com\\\/labravaradiofm\\\/2021\\\/11\\\/26\\\/sentenciado-a-5-anos-de-prision-contra-responsable-de-violencia-familiar-en-la-cuenca\\\/\",\"name\":\"Sentenciado a 5 a\u00f1os de prisi\u00f3n contra responsable de violencia familiar en la Cuenca - LA BRAVA RADIO\",\"isPartOf\":{\"@id\":\"https:\\\/\\\/www.bbmnoticias.com\\\/labravaradiofm\\\/#website\"},\"primaryImageOfPage\":{\"@id\":\"https:\\\/\\\/www.bbmnoticias.com\\\/labravaradiofm\\\/2021\\\/11\\\/26\\\/sentenciado-a-5-anos-de-prision-contra-responsable-de-violencia-familiar-en-la-cuenca\\\/#primaryimage\"},\"image\":{\"@id\":\"https:\\\/\\\/www.bbmnoticias.com\\\/labravaradiofm\\\/2021\\\/11\\\/26\\\/sentenciado-a-5-anos-de-prision-contra-responsable-de-violencia-familiar-en-la-cuenca\\\/#primaryimage\"},\"thumbnailUrl\":\"https:\\\/\\\/www.bbmnoticias.com\\\/labravaradiofm\\\/wp-content\\\/uploads\\\/sites\\\/5\\\/2021\\\/11\\\/sentenciado26112021-1.jpg\",\"datePublished\":\"2021-11-26T19:36:40+00:00\",\"dateModified\":\"2021-11-26T19:36:41+00:00\",\"author\":{\"@id\":\"https:\\\/\\\/www.bbmnoticias.com\\\/labravaradiofm\\\/#\\\/schema\\\/person\\\/68a9e9036ef3c5b55aeb2b71dc8bab45\"},\"breadcrumb\":{\"@id\":\"https:\\\/\\\/www.bbmnoticias.com\\\/labravaradiofm\\\/2021\\\/11\\\/26\\\/sentenciado-a-5-anos-de-prision-contra-responsable-de-violencia-familiar-en-la-cuenca\\\/#breadcrumb\"},\"inLanguage\":\"es\",\"potentialAction\":[{\"@type\":\"ReadAction\",\"target\":[\"https:\\\/\\\/www.bbmnoticias.com\\\/labravaradiofm\\\/2021\\\/11\\\/26\\\/sentenciado-a-5-anos-de-prision-contra-responsable-de-violencia-familiar-en-la-cuenca\\\/\"]}]},{\"@type\":\"ImageObject\",\"inLanguage\":\"es\",\"@id\":\"https:\\\/\\\/www.bbmnoticias.com\\\/labravaradiofm\\\/2021\\\/11\\\/26\\\/sentenciado-a-5-anos-de-prision-contra-responsable-de-violencia-familiar-en-la-cuenca\\\/#primaryimage\",\"url\":\"https:\\\/\\\/www.bbmnoticias.com\\\/labravaradiofm\\\/wp-content\\\/uploads\\\/sites\\\/5\\\/2021\\\/11\\\/sentenciado26112021-1.jpg\",\"contentUrl\":\"https:\\\/\\\/www.bbmnoticias.com\\\/labravaradiofm\\\/wp-content\\\/uploads\\\/sites\\\/5\\\/2021\\\/11\\\/sentenciado26112021-1.jpg\",\"width\":800,\"height\":450},{\"@type\":\"BreadcrumbList\",\"@id\":\"https:\\\/\\\/www.bbmnoticias.com\\\/labravaradiofm\\\/2021\\\/11\\\/26\\\/sentenciado-a-5-anos-de-prision-contra-responsable-de-violencia-familiar-en-la-cuenca\\\/#breadcrumb\",\"itemListElement\":[{\"@type\":\"ListItem\",\"position\":1,\"name\":\"Inicio\",\"item\":\"https:\\\/\\\/www.bbmnoticias.com\\\/labravaradiofm\\\/\"},{\"@type\":\"ListItem\",\"position\":2,\"name\":\"Sentenciado a 5 a\u00f1os de prisi\u00f3n contra responsable de violencia familiar en la Cuenca\"}]},{\"@type\":\"WebSite\",\"@id\":\"https:\\\/\\\/www.bbmnoticias.com\\\/labravaradiofm\\\/#website\",\"url\":\"https:\\\/\\\/www.bbmnoticias.com\\\/labravaradiofm\\\/\",\"name\":\"LA BRAVA RADIO\",\"description\":\"Empresa productora de medios, Radiodifusi\u00f3n, Noticias, tendencias y todo lo que necesitas saber de la pol\u00edtica mexicana e internacional; entretenimiento, espect\u00e1culos, salud y mucho m\u00e1s.\",\"potentialAction\":[{\"@type\":\"SearchAction\",\"target\":{\"@type\":\"EntryPoint\",\"urlTemplate\":\"https:\\\/\\\/www.bbmnoticias.com\\\/labravaradiofm\\\/?s={search_term_string}\"},\"query-input\":{\"@type\":\"PropertyValueSpecification\",\"valueRequired\":true,\"valueName\":\"search_term_string\"}}],\"inLanguage\":\"es\"},{\"@type\":\"Person\",\"@id\":\"https:\\\/\\\/www.bbmnoticias.com\\\/labravaradiofm\\\/#\\\/schema\\\/person\\\/68a9e9036ef3c5b55aeb2b71dc8bab45\",\"name\":\"Staff\",\"image\":{\"@type\":\"ImageObject\",\"inLanguage\":\"es\",\"@id\":\"https:\\\/\\\/secure.gravatar.com\\\/avatar\\\/fdd21ad66fd8b98c407f9dee5b5e588cfe7f0d8579ec20fa6527cd59bab7f0f0?s=96&d=mm&r=g\",\"url\":\"https:\\\/\\\/secure.gravatar.com\\\/avatar\\\/fdd21ad66fd8b98c407f9dee5b5e588cfe7f0d8579ec20fa6527cd59bab7f0f0?s=96&d=mm&r=g\",\"contentUrl\":\"https:\\\/\\\/secure.gravatar.com\\\/avatar\\\/fdd21ad66fd8b98c407f9dee5b5e588cfe7f0d8579ec20fa6527cd59bab7f0f0?s=96&d=mm&r=g\",\"caption\":\"Staff\"},\"url\":\"https:\\\/\\\/www.bbmnoticias.com\\\/labravaradiofm\\\/author\\\/redaccion\\\/\"}]}<\/script>\n<!-- \/ Yoast SEO plugin. -->","yoast_head_json":{"title":"Sentenciado a 5 a\u00f1os de prisi\u00f3n contra responsable de violencia familiar en la Cuenca - LA BRAVA RADIO","robots":{"index":"index","follow":"follow","max-snippet":"max-snippet:-1","max-image-preview":"max-image-preview:large","max-video-preview":"max-video-preview:-1"},"canonical":"https:\/\/www.bbmnoticias.com\/labravaradiofm\/2021\/11\/26\/sentenciado-a-5-anos-de-prision-contra-responsable-de-violencia-familiar-en-la-cuenca\/","og_locale":"es_MX","og_type":"article","og_title":"Sentenciado a 5 a\u00f1os de prisi\u00f3n contra responsable de violencia familiar en la Cuenca - LA BRAVA RADIO","og_description":"Oaxaca de Ju\u00e1rez, Oax.- La Fiscal\u00eda General del Estado de Oaxaca (FGEO) obtuvo, del Juez de Control, sentencia condenatoria de 5 a\u00f1os de prisi\u00f3n contra la persona del sexo masculino identificada como J. M. V., responsable del delito de violencia familiar en agravio de una mujer identificada como G. F. G., cometido en San Juan [&hellip;]","og_url":"https:\/\/www.bbmnoticias.com\/labravaradiofm\/2021\/11\/26\/sentenciado-a-5-anos-de-prision-contra-responsable-de-violencia-familiar-en-la-cuenca\/","og_site_name":"LA BRAVA RADIO","article_published_time":"2021-11-26T19:36:40+00:00","article_modified_time":"2021-11-26T19:36:41+00:00","og_image":[{"width":800,"height":450,"url":"https:\/\/www.bbmnoticias.com\/labravaradiofm\/wp-content\/uploads\/sites\/5\/2021\/11\/sentenciado26112021-1.jpg","type":"image\/jpeg"}],"author":"Staff","twitter_card":"summary_large_image","twitter_misc":{"Escrito por":"Staff","Tiempo de lectura":"2 minutos"},"schema":{"@context":"https:\/\/schema.org","@graph":[{"@type":"Article","@id":"https:\/\/www.bbmnoticias.com\/labravaradiofm\/2021\/11\/26\/sentenciado-a-5-anos-de-prision-contra-responsable-de-violencia-familiar-en-la-cuenca\/#article","isPartOf":{"@id":"https:\/\/www.bbmnoticias.com\/labravaradiofm\/2021\/11\/26\/sentenciado-a-5-anos-de-prision-contra-responsable-de-violencia-familiar-en-la-cuenca\/"},"author":{"name":"Staff","@id":"https:\/\/www.bbmnoticias.com\/labravaradiofm\/#\/schema\/person\/68a9e9036ef3c5b55aeb2b71dc8bab45"},"headline":"Sentenciado a 5 a\u00f1os de prisi\u00f3n contra responsable de violencia familiar en la Cuenca","datePublished":"2021-11-26T19:36:40+00:00","dateModified":"2021-11-26T19:36:41+00:00","mainEntityOfPage":{"@id":"https:\/\/www.bbmnoticias.com\/labravaradiofm\/2021\/11\/26\/sentenciado-a-5-anos-de-prision-contra-responsable-de-violencia-familiar-en-la-cuenca\/"},"wordCount":287,"image":{"@id":"https:\/\/www.bbmnoticias.com\/labravaradiofm\/2021\/11\/26\/sentenciado-a-5-anos-de-prision-contra-responsable-de-violencia-familiar-en-la-cuenca\/#primaryimage"},"thumbnailUrl":"https:\/\/www.bbmnoticias.com\/labravaradiofm\/wp-content\/uploads\/sites\/5\/2021\/11\/sentenciado26112021-1.jpg","articleSection":["POLICIACA"],"inLanguage":"es"},{"@type":"WebPage","@id":"https:\/\/www.bbmnoticias.com\/labravaradiofm\/2021\/11\/26\/sentenciado-a-5-anos-de-prision-contra-responsable-de-violencia-familiar-en-la-cuenca\/","url":"https:\/\/www.bbmnoticias.com\/labravaradiofm\/2021\/11\/26\/sentenciado-a-5-anos-de-prision-contra-responsable-de-violencia-familiar-en-la-cuenca\/","name":"Sentenciado a 5 a\u00f1os de prisi\u00f3n contra responsable de violencia familiar en la Cuenca - LA BRAVA RADIO","isPartOf":{"@id":"https:\/\/www.bbmnoticias.com\/labravaradiofm\/#website"},"primaryImageOfPage":{"@id":"https:\/\/www.bbmnoticias.com\/labravaradiofm\/2021\/11\/26\/sentenciado-a-5-anos-de-prision-contra-responsable-de-violencia-familiar-en-la-cuenca\/#primaryimage"},"image":{"@id":"https:\/\/www.bbmnoticias.com\/labravaradiofm\/2021\/11\/26\/sentenciado-a-5-anos-de-prision-contra-responsable-de-violencia-familiar-en-la-cuenca\/#primaryimage"},"thumbnailUrl":"https:\/\/www.bbmnoticias.com\/labravaradiofm\/wp-content\/uploads\/sites\/5\/2021\/11\/sentenciado26112021-1.jpg","datePublished":"2021-11-26T19:36:40+00:00","dateModified":"2021-11-26T19:36:41+00:00","author":{"@id":"https:\/\/www.bbmnoticias.com\/labravaradiofm\/#\/schema\/person\/68a9e9036ef3c5b55aeb2b71dc8bab45"},"breadcrumb":{"@id":"https:\/\/www.bbmnoticias.com\/labravaradiofm\/2021\/11\/26\/sentenciado-a-5-anos-de-prision-contra-responsable-de-violencia-familiar-en-la-cuenca\/#breadcrumb"},"inLanguage":"es","potentialAction":[{"@type":"ReadAction","target":["https:\/\/www.bbmnoticias.com\/labravaradiofm\/2021\/11\/26\/sentenciado-a-5-anos-de-prision-contra-responsable-de-violencia-familiar-en-la-cuenca\/"]}]},{"@type":"ImageObject","inLanguage":"es","@id":"https:\/\/www.bbmnoticias.com\/labravaradiofm\/2021\/11\/26\/sentenciado-a-5-anos-de-prision-contra-responsable-de-violencia-familiar-en-la-cuenca\/#primaryimage","url":"https:\/\/www.bbmnoticias.com\/labravaradiofm\/wp-content\/uploads\/sites\/5\/2021\/11\/sentenciado26112021-1.jpg","contentUrl":"https:\/\/www.bbmnoticias.com\/labravaradiofm\/wp-content\/uploads\/sites\/5\/2021\/11\/sentenciado26112021-1.jpg","width":800,"height":450},{"@type":"BreadcrumbList","@id":"https:\/\/www.bbmnoticias.com\/labravaradiofm\/2021\/11\/26\/sentenciado-a-5-anos-de-prision-contra-responsable-de-violencia-familiar-en-la-cuenca\/#breadcrumb","itemListElement":[{"@type":"ListItem","position":1,"name":"Inicio","item":"https:\/\/www.bbmnoticias.com\/labravaradiofm\/"},{"@type":"ListItem","position":2,"name":"Sentenciado a 5 a\u00f1os de prisi\u00f3n contra responsable de violencia familiar en la Cuenca"}]},{"@type":"WebSite","@id":"https:\/\/www.bbmnoticias.com\/labravaradiofm\/#website","url":"https:\/\/www.bbmnoticias.com\/labravaradiofm\/","name":"LA BRAVA RADIO","description":"Empresa productora de medios, Radiodifusi\u00f3n, Noticias, tendencias y todo lo que necesitas saber de la pol\u00edtica mexicana e internacional; entretenimiento, espect\u00e1culos, salud y mucho m\u00e1s.","potentialAction":[{"@type":"SearchAction","target":{"@type":"EntryPoint","urlTemplate":"https:\/\/www.bbmnoticias.com\/labravaradiofm\/?s={search_term_string}"},"query-input":{"@type":"PropertyValueSpecification","valueRequired":true,"valueName":"search_term_string"}}],"inLanguage":"es"},{"@type":"Person","@id":"https:\/\/www.bbmnoticias.com\/labravaradiofm\/#\/schema\/person\/68a9e9036ef3c5b55aeb2b71dc8bab45","name":"Staff","image":{"@type":"ImageObject","inLanguage":"es","@id":"https:\/\/secure.gravatar.com\/avatar\/fdd21ad66fd8b98c407f9dee5b5e588cfe7f0d8579ec20fa6527cd59bab7f0f0?s=96&d=mm&r=g","url":"https:\/\/secure.gravatar.com\/avatar\/fdd21ad66fd8b98c407f9dee5b5e588cfe7f0d8579ec20fa6527cd59bab7f0f0?s=96&d=mm&r=g","contentUrl":"https:\/\/secure.gravatar.com\/avatar\/fdd21ad66fd8b98c407f9dee5b5e588cfe7f0d8579ec20fa6527cd59bab7f0f0?s=96&d=mm&r=g","caption":"Staff"},"url":"https:\/\/www.bbmnoticias.com\/labravaradiofm\/author\/redaccion\/"}]}},"_links":{"self":[{"href":"https:\/\/www.bbmnoticias.com\/labravaradiofm\/wp-json\/wp\/v2\/posts\/6254","targetHints":{"allow":["GET"]}}],"collection":[{"href":"https:\/\/www.bbmnoticias.com\/labravaradiofm\/wp-json\/wp\/v2\/posts"}],"about":[{"href":"https:\/\/www.bbmnoticias.com\/labravaradiofm\/wp-json\/wp\/v2\/types\/post"}],"author":[{"embeddable":true,"href":"https:\/\/www.bbmnoticias.com\/labravaradiofm\/wp-json\/wp\/v2\/users\/2"}],"replies":[{"embeddable":true,"href":"https:\/\/www.bbmnoticias.com\/labravaradiofm\/wp-json\/wp\/v2\/comments?post=6254"}],"version-history":[{"count":0,"href":"https:\/\/www.bbmnoticias.com\/labravaradiofm\/wp-json\/wp\/v2\/posts\/6254\/revisions"}],"wp:featuredmedia":[{"embeddable":true,"href":"https:\/\/www.bbmnoticias.com\/labravaradiofm\/wp-json\/wp\/v2\/media\/6255"}],"wp:attachment":[{"href":"https:\/\/www.bbmnoticias.com\/labravaradiofm\/wp-json\/wp\/v2\/media?parent=6254"}],"wp:term":[{"taxonomy":"category","embeddable":true,"href":"https:\/\/www.bbmnoticias.com\/labravaradiofm\/wp-json\/wp\/v2\/categories?post=6254"},{"taxonomy":"post_tag","embeddable":true,"href":"https:\/\/www.bbmnoticias.com\/labravaradiofm\/wp-json\/wp\/v2\/tags?post=6254"}],"curies":[{"name":"wp","href":"https:\/\/api.w.org\/{rel}","templated":true}]}}