{"id":6229,"date":"2021-11-26T08:53:47","date_gmt":"2021-11-26T14:53:47","guid":{"rendered":"https:\/\/www.bbmnoticias.com\/labravaradiofm\/?p=6229"},"modified":"2021-11-26T08:53:48","modified_gmt":"2021-11-26T14:53:48","slug":"la-barra-oaxaquena-de-abogados-impulsan-la-profesionalizacion-en-genetica-forense","status":"publish","type":"post","link":"https:\/\/www.bbmnoticias.com\/labravaradiofm\/2021\/11\/26\/la-barra-oaxaquena-de-abogados-impulsan-la-profesionalizacion-en-genetica-forense\/","title":{"rendered":"La Barra Oaxaque\u00f1a de Abogados impulsan la profesionalizaci\u00f3n en Gen\u00e9tica Forense\u00a0"},"content":{"rendered":"<div style=\"margin-top: 0px; margin-bottom: 0px;\" class=\"sharethis-inline-share-buttons\" ><\/div>\n<p><strong>Oaxaca, Oax.-<\/strong> Como parte de los acuerdos para dignificar la labor y facilitar el crecimiento profesional entre sus agremiados por medio de talleres, capacitaciones, conferencias, pl\u00e1ticas y convenios, la Barra Oaxaque\u00f1a de Abogados y Pasantes de Derecho Independientes A. C., firm\u00f3 un convenio de colaboraci\u00f3n con la Academia Mexicana de Gen\u00e9tica Forense (AMGF).&nbsp;<\/p>\n\n\n\n<p>El Presidente Estatal de la Barra Oaxaque\u00f1a de Abogados, Lic. Sa\u00fal Alberto \u00c1ngel Villarreal y el Presidente de la AMGF, Mtro. Ra\u00fal Adri\u00e1n Mart\u00ednez Fuentes, puntualizaron que el objetivo central de esta suma de esfuerzos busca consolidar acciones conjuntas en materia de Gen\u00e9tica Forense con perspectiva jur\u00eddica en la comunidad oaxaque\u00f1a y dem\u00e1s acciones de inter\u00e9s mutuo.&nbsp;<\/p>\n\n\n\n<p>En ese sentido acordaron dise\u00f1ar y organizar cursos, conferencias, simposium, seminarios, investigaciones, talleres, mesas redondas, congresos, presentaciones de libros y cualquier otra modalidad de capacitaci\u00f3n relacionado con la Barra de Abogados, adem\u00e1s de crear espacios de an\u00e1lisis y reflexi\u00f3n en temas jur\u00eddicos relacionados con la Gen\u00e9tica Forense.&nbsp;<\/p>\n\n\n\n<p>En su mensaje, el Lic. Sa\u00fal Alberto \u00c1ngel Villarreal recalc\u00f3 que&nbsp; signar este acuerdo es de vital importancia, dado que con esta acci\u00f3n se materializan los compromisos que realiza al estar al frente de esta asociaci\u00f3n, destacando la importancia de la preparaci\u00f3n y actualizaci\u00f3n en el \u00e1mbito jur\u00eddico.&nbsp;<\/p>\n\n\n\n<p>Adem\u00e1s, se\u00f1al\u00f3 que uno de los compromisos de la actual directiva es poner en alto el lema de esta organizaci\u00f3n: \u201cEl Abogado con la Sociedad hacia la Justicia\u201d, con la encomienda de impulsar la unidad y la actualizaci\u00f3n de los conocimientos t\u00e9cnicos cient\u00edficos de la Gen\u00e9tica Forense en el \u00e1mbito jur\u00eddico.&nbsp;&nbsp;<\/p>\n\n\n\n<p>Por su parte, el Mtro. Ra\u00fal Adri\u00e1n Mart\u00ednez Fuentes, Presidente de la AMGF, reconoci\u00f3 el trabajo de cada uno de los integrantes de la Academia Mexicana de Gen\u00e9tica Forense, una asociaci\u00f3n civil sujeta a las Leyes Civiles de M\u00e9xico vigentes que tiene como finalidad las siguientes acciones:&nbsp;<\/p>\n\n\n\n<p>A).- Investigaci\u00f3n, estudio, fomento, perfeccionamiento y desarrollo educativo de la gen\u00e9tica forense.&nbsp;&nbsp;<\/p>\n\n\n\n<p>B).- Cooperar como cuerpo consultivo con los organismos gubernamentales, privados y\/o particulares, sin fines lucrativos; comprometida con la sociedad y el reconocimiento del pluralismo jur\u00eddico, desde una perspectiva intercultural y de g\u00e9nero.&nbsp;<\/p>\n\n\n\n<p>Una vez concluido el acto, como signo distintivo acad\u00e9mico se realiz\u00f3 la ponencia \u201cLa prueba y sus efectos de la paternidad gen\u00e9tica en los diferentes juicios\u201d, a cargo del Mtro. Ra\u00fal Adri\u00e1n Mart\u00ednez Fuentes.&nbsp;<\/p>\n\n\n\n<p>En este evento se cont\u00f3 con la presencia de miembros del Consejo Estatal de la Barra de Abogados, as\u00ed como el Lic. Luis Carranza, Coordinador de Actos y Protocolos de la UABJO, adem\u00e1s de&nbsp; integrantes del Consejo de Participaci\u00f3n Ciudadana del Sistema Estatal del Combate a la Corrupci\u00f3n encabezados por su presidenta, la Lic. Sandra Maribel M\u00e9ndez Cruz.&nbsp;&nbsp;<\/p>\n\n\n\n<p>Con este tipo de actividades presenciales, virtuales y gratuitas, la Barra Oaxaque\u00f1a de Abogados y Pasantes de Derecho Independientes busca fortalecer la cultura jur\u00eddica, la profesionalizaci\u00f3n y actualizaci\u00f3n de los abogados agremiados.&nbsp;<\/p>\n","protected":false},"excerpt":{"rendered":"<p>Oaxaca, Oax.- Como parte de los acuerdos para dignificar la labor y facilitar el crecimiento profesional entre sus agremiados por medio de talleres, capacitaciones, conferencias, pl\u00e1ticas y convenios, la Barra Oaxaque\u00f1a de Abogados y Pasantes de Derecho Independientes A. C., firm\u00f3 un convenio de colaboraci\u00f3n con la Academia Mexicana de Gen\u00e9tica Forense (AMGF).&nbsp; El Presidente [&hellip;]<\/p>\n","protected":false},"author":2,"featured_media":6230,"comment_status":"closed","ping_status":"closed","sticky":false,"template":"","format":"standard","meta":{"footnotes":""},"categories":[2],"tags":[],"class_list":{"0":"post-6229","1":"post","2":"type-post","3":"status-publish","4":"format-standard","5":"has-post-thumbnail","7":"category-oaxaca"},"yoast_head":"<!-- This site is optimized with the Yoast SEO plugin v27.4 - https:\/\/yoast.com\/product\/yoast-seo-wordpress\/ -->\n<title>La Barra Oaxaque\u00f1a de Abogados impulsan la profesionalizaci\u00f3n en Gen\u00e9tica Forense\u00a0 - LA BRAVA RADIO<\/title>\n<meta name=\"robots\" content=\"index, follow, max-snippet:-1, max-image-preview:large, max-video-preview:-1\" \/>\n<link rel=\"canonical\" href=\"https:\/\/www.bbmnoticias.com\/labravaradiofm\/2021\/11\/26\/la-barra-oaxaquena-de-abogados-impulsan-la-profesionalizacion-en-genetica-forense\/\" \/>\n<meta property=\"og:locale\" content=\"es_MX\" \/>\n<meta property=\"og:type\" content=\"article\" \/>\n<meta property=\"og:title\" content=\"La Barra Oaxaque\u00f1a de Abogados impulsan la profesionalizaci\u00f3n en Gen\u00e9tica Forense\u00a0 - LA BRAVA RADIO\" \/>\n<meta property=\"og:description\" content=\"Oaxaca, Oax.- Como parte de los acuerdos para dignificar la labor y facilitar el crecimiento profesional entre sus agremiados por medio de talleres, capacitaciones, conferencias, pl\u00e1ticas y convenios, la Barra Oaxaque\u00f1a de Abogados y Pasantes de Derecho Independientes A. C., firm\u00f3 un convenio de colaboraci\u00f3n con la Academia Mexicana de Gen\u00e9tica Forense (AMGF).&nbsp; El Presidente [&hellip;]\" \/>\n<meta property=\"og:url\" content=\"https:\/\/www.bbmnoticias.com\/labravaradiofm\/2021\/11\/26\/la-barra-oaxaquena-de-abogados-impulsan-la-profesionalizacion-en-genetica-forense\/\" \/>\n<meta property=\"og:site_name\" content=\"LA BRAVA RADIO\" \/>\n<meta property=\"article:published_time\" content=\"2021-11-26T14:53:47+00:00\" \/>\n<meta property=\"article:modified_time\" content=\"2021-11-26T14:53:48+00:00\" \/>\n<meta property=\"og:image\" content=\"https:\/\/www.bbmnoticias.com\/labravaradiofm\/wp-content\/uploads\/sites\/5\/2021\/11\/barraabogados26112021.jpg\" \/>\n\t<meta property=\"og:image:width\" content=\"1008\" \/>\n\t<meta property=\"og:image:height\" content=\"756\" \/>\n\t<meta property=\"og:image:type\" content=\"image\/jpeg\" \/>\n<meta name=\"author\" content=\"Staff\" \/>\n<meta name=\"twitter:card\" content=\"summary_large_image\" \/>\n<meta name=\"twitter:label1\" content=\"Escrito por\" \/>\n\t<meta name=\"twitter:data1\" content=\"Staff\" \/>\n\t<meta name=\"twitter:label2\" content=\"Tiempo de lectura\" \/>\n\t<meta name=\"twitter:data2\" content=\"3 minutos\" \/>\n<script type=\"application\/ld+json\" class=\"yoast-schema-graph\">{\"@context\":\"https:\\\/\\\/schema.org\",\"@graph\":[{\"@type\":\"Article\",\"@id\":\"https:\\\/\\\/www.bbmnoticias.com\\\/labravaradiofm\\\/2021\\\/11\\\/26\\\/la-barra-oaxaquena-de-abogados-impulsan-la-profesionalizacion-en-genetica-forense\\\/#article\",\"isPartOf\":{\"@id\":\"https:\\\/\\\/www.bbmnoticias.com\\\/labravaradiofm\\\/2021\\\/11\\\/26\\\/la-barra-oaxaquena-de-abogados-impulsan-la-profesionalizacion-en-genetica-forense\\\/\"},\"author\":{\"name\":\"Staff\",\"@id\":\"https:\\\/\\\/www.bbmnoticias.com\\\/labravaradiofm\\\/#\\\/schema\\\/person\\\/68a9e9036ef3c5b55aeb2b71dc8bab45\"},\"headline\":\"La Barra Oaxaque\u00f1a de Abogados impulsan la profesionalizaci\u00f3n en Gen\u00e9tica Forense\u00a0\",\"datePublished\":\"2021-11-26T14:53:47+00:00\",\"dateModified\":\"2021-11-26T14:53:48+00:00\",\"mainEntityOfPage\":{\"@id\":\"https:\\\/\\\/www.bbmnoticias.com\\\/labravaradiofm\\\/2021\\\/11\\\/26\\\/la-barra-oaxaquena-de-abogados-impulsan-la-profesionalizacion-en-genetica-forense\\\/\"},\"wordCount\":563,\"image\":{\"@id\":\"https:\\\/\\\/www.bbmnoticias.com\\\/labravaradiofm\\\/2021\\\/11\\\/26\\\/la-barra-oaxaquena-de-abogados-impulsan-la-profesionalizacion-en-genetica-forense\\\/#primaryimage\"},\"thumbnailUrl\":\"https:\\\/\\\/www.bbmnoticias.com\\\/labravaradiofm\\\/wp-content\\\/uploads\\\/sites\\\/5\\\/2021\\\/11\\\/barraabogados26112021.jpg\",\"articleSection\":[\"LOCAL\"],\"inLanguage\":\"es\"},{\"@type\":\"WebPage\",\"@id\":\"https:\\\/\\\/www.bbmnoticias.com\\\/labravaradiofm\\\/2021\\\/11\\\/26\\\/la-barra-oaxaquena-de-abogados-impulsan-la-profesionalizacion-en-genetica-forense\\\/\",\"url\":\"https:\\\/\\\/www.bbmnoticias.com\\\/labravaradiofm\\\/2021\\\/11\\\/26\\\/la-barra-oaxaquena-de-abogados-impulsan-la-profesionalizacion-en-genetica-forense\\\/\",\"name\":\"La Barra Oaxaque\u00f1a de Abogados impulsan la profesionalizaci\u00f3n en Gen\u00e9tica Forense\u00a0 - LA BRAVA RADIO\",\"isPartOf\":{\"@id\":\"https:\\\/\\\/www.bbmnoticias.com\\\/labravaradiofm\\\/#website\"},\"primaryImageOfPage\":{\"@id\":\"https:\\\/\\\/www.bbmnoticias.com\\\/labravaradiofm\\\/2021\\\/11\\\/26\\\/la-barra-oaxaquena-de-abogados-impulsan-la-profesionalizacion-en-genetica-forense\\\/#primaryimage\"},\"image\":{\"@id\":\"https:\\\/\\\/www.bbmnoticias.com\\\/labravaradiofm\\\/2021\\\/11\\\/26\\\/la-barra-oaxaquena-de-abogados-impulsan-la-profesionalizacion-en-genetica-forense\\\/#primaryimage\"},\"thumbnailUrl\":\"https:\\\/\\\/www.bbmnoticias.com\\\/labravaradiofm\\\/wp-content\\\/uploads\\\/sites\\\/5\\\/2021\\\/11\\\/barraabogados26112021.jpg\",\"datePublished\":\"2021-11-26T14:53:47+00:00\",\"dateModified\":\"2021-11-26T14:53:48+00:00\",\"author\":{\"@id\":\"https:\\\/\\\/www.bbmnoticias.com\\\/labravaradiofm\\\/#\\\/schema\\\/person\\\/68a9e9036ef3c5b55aeb2b71dc8bab45\"},\"breadcrumb\":{\"@id\":\"https:\\\/\\\/www.bbmnoticias.com\\\/labravaradiofm\\\/2021\\\/11\\\/26\\\/la-barra-oaxaquena-de-abogados-impulsan-la-profesionalizacion-en-genetica-forense\\\/#breadcrumb\"},\"inLanguage\":\"es\",\"potentialAction\":[{\"@type\":\"ReadAction\",\"target\":[\"https:\\\/\\\/www.bbmnoticias.com\\\/labravaradiofm\\\/2021\\\/11\\\/26\\\/la-barra-oaxaquena-de-abogados-impulsan-la-profesionalizacion-en-genetica-forense\\\/\"]}]},{\"@type\":\"ImageObject\",\"inLanguage\":\"es\",\"@id\":\"https:\\\/\\\/www.bbmnoticias.com\\\/labravaradiofm\\\/2021\\\/11\\\/26\\\/la-barra-oaxaquena-de-abogados-impulsan-la-profesionalizacion-en-genetica-forense\\\/#primaryimage\",\"url\":\"https:\\\/\\\/www.bbmnoticias.com\\\/labravaradiofm\\\/wp-content\\\/uploads\\\/sites\\\/5\\\/2021\\\/11\\\/barraabogados26112021.jpg\",\"contentUrl\":\"https:\\\/\\\/www.bbmnoticias.com\\\/labravaradiofm\\\/wp-content\\\/uploads\\\/sites\\\/5\\\/2021\\\/11\\\/barraabogados26112021.jpg\",\"width\":1008,\"height\":756},{\"@type\":\"BreadcrumbList\",\"@id\":\"https:\\\/\\\/www.bbmnoticias.com\\\/labravaradiofm\\\/2021\\\/11\\\/26\\\/la-barra-oaxaquena-de-abogados-impulsan-la-profesionalizacion-en-genetica-forense\\\/#breadcrumb\",\"itemListElement\":[{\"@type\":\"ListItem\",\"position\":1,\"name\":\"Inicio\",\"item\":\"https:\\\/\\\/www.bbmnoticias.com\\\/labravaradiofm\\\/\"},{\"@type\":\"ListItem\",\"position\":2,\"name\":\"La Barra Oaxaque\u00f1a de Abogados impulsan la profesionalizaci\u00f3n en Gen\u00e9tica Forense\u00a0\"}]},{\"@type\":\"WebSite\",\"@id\":\"https:\\\/\\\/www.bbmnoticias.com\\\/labravaradiofm\\\/#website\",\"url\":\"https:\\\/\\\/www.bbmnoticias.com\\\/labravaradiofm\\\/\",\"name\":\"LA BRAVA RADIO\",\"description\":\"Empresa productora de medios, Radiodifusi\u00f3n, Noticias, tendencias y todo lo que necesitas saber de la pol\u00edtica mexicana e internacional; entretenimiento, espect\u00e1culos, salud y mucho m\u00e1s.\",\"potentialAction\":[{\"@type\":\"SearchAction\",\"target\":{\"@type\":\"EntryPoint\",\"urlTemplate\":\"https:\\\/\\\/www.bbmnoticias.com\\\/labravaradiofm\\\/?s={search_term_string}\"},\"query-input\":{\"@type\":\"PropertyValueSpecification\",\"valueRequired\":true,\"valueName\":\"search_term_string\"}}],\"inLanguage\":\"es\"},{\"@type\":\"Person\",\"@id\":\"https:\\\/\\\/www.bbmnoticias.com\\\/labravaradiofm\\\/#\\\/schema\\\/person\\\/68a9e9036ef3c5b55aeb2b71dc8bab45\",\"name\":\"Staff\",\"image\":{\"@type\":\"ImageObject\",\"inLanguage\":\"es\",\"@id\":\"https:\\\/\\\/secure.gravatar.com\\\/avatar\\\/fdd21ad66fd8b98c407f9dee5b5e588cfe7f0d8579ec20fa6527cd59bab7f0f0?s=96&d=mm&r=g\",\"url\":\"https:\\\/\\\/secure.gravatar.com\\\/avatar\\\/fdd21ad66fd8b98c407f9dee5b5e588cfe7f0d8579ec20fa6527cd59bab7f0f0?s=96&d=mm&r=g\",\"contentUrl\":\"https:\\\/\\\/secure.gravatar.com\\\/avatar\\\/fdd21ad66fd8b98c407f9dee5b5e588cfe7f0d8579ec20fa6527cd59bab7f0f0?s=96&d=mm&r=g\",\"caption\":\"Staff\"},\"url\":\"https:\\\/\\\/www.bbmnoticias.com\\\/labravaradiofm\\\/author\\\/redaccion\\\/\"}]}<\/script>\n<!-- \/ Yoast SEO plugin. -->","yoast_head_json":{"title":"La Barra Oaxaque\u00f1a de Abogados impulsan la profesionalizaci\u00f3n en Gen\u00e9tica Forense\u00a0 - LA BRAVA RADIO","robots":{"index":"index","follow":"follow","max-snippet":"max-snippet:-1","max-image-preview":"max-image-preview:large","max-video-preview":"max-video-preview:-1"},"canonical":"https:\/\/www.bbmnoticias.com\/labravaradiofm\/2021\/11\/26\/la-barra-oaxaquena-de-abogados-impulsan-la-profesionalizacion-en-genetica-forense\/","og_locale":"es_MX","og_type":"article","og_title":"La Barra Oaxaque\u00f1a de Abogados impulsan la profesionalizaci\u00f3n en Gen\u00e9tica Forense\u00a0 - LA BRAVA RADIO","og_description":"Oaxaca, Oax.- Como parte de los acuerdos para dignificar la labor y facilitar el crecimiento profesional entre sus agremiados por medio de talleres, capacitaciones, conferencias, pl\u00e1ticas y convenios, la Barra Oaxaque\u00f1a de Abogados y Pasantes de Derecho Independientes A. C., firm\u00f3 un convenio de colaboraci\u00f3n con la Academia Mexicana de Gen\u00e9tica Forense (AMGF).&nbsp; El Presidente [&hellip;]","og_url":"https:\/\/www.bbmnoticias.com\/labravaradiofm\/2021\/11\/26\/la-barra-oaxaquena-de-abogados-impulsan-la-profesionalizacion-en-genetica-forense\/","og_site_name":"LA BRAVA RADIO","article_published_time":"2021-11-26T14:53:47+00:00","article_modified_time":"2021-11-26T14:53:48+00:00","og_image":[{"width":1008,"height":756,"url":"https:\/\/www.bbmnoticias.com\/labravaradiofm\/wp-content\/uploads\/sites\/5\/2021\/11\/barraabogados26112021.jpg","type":"image\/jpeg"}],"author":"Staff","twitter_card":"summary_large_image","twitter_misc":{"Escrito por":"Staff","Tiempo de lectura":"3 minutos"},"schema":{"@context":"https:\/\/schema.org","@graph":[{"@type":"Article","@id":"https:\/\/www.bbmnoticias.com\/labravaradiofm\/2021\/11\/26\/la-barra-oaxaquena-de-abogados-impulsan-la-profesionalizacion-en-genetica-forense\/#article","isPartOf":{"@id":"https:\/\/www.bbmnoticias.com\/labravaradiofm\/2021\/11\/26\/la-barra-oaxaquena-de-abogados-impulsan-la-profesionalizacion-en-genetica-forense\/"},"author":{"name":"Staff","@id":"https:\/\/www.bbmnoticias.com\/labravaradiofm\/#\/schema\/person\/68a9e9036ef3c5b55aeb2b71dc8bab45"},"headline":"La Barra Oaxaque\u00f1a de Abogados impulsan la profesionalizaci\u00f3n en Gen\u00e9tica Forense\u00a0","datePublished":"2021-11-26T14:53:47+00:00","dateModified":"2021-11-26T14:53:48+00:00","mainEntityOfPage":{"@id":"https:\/\/www.bbmnoticias.com\/labravaradiofm\/2021\/11\/26\/la-barra-oaxaquena-de-abogados-impulsan-la-profesionalizacion-en-genetica-forense\/"},"wordCount":563,"image":{"@id":"https:\/\/www.bbmnoticias.com\/labravaradiofm\/2021\/11\/26\/la-barra-oaxaquena-de-abogados-impulsan-la-profesionalizacion-en-genetica-forense\/#primaryimage"},"thumbnailUrl":"https:\/\/www.bbmnoticias.com\/labravaradiofm\/wp-content\/uploads\/sites\/5\/2021\/11\/barraabogados26112021.jpg","articleSection":["LOCAL"],"inLanguage":"es"},{"@type":"WebPage","@id":"https:\/\/www.bbmnoticias.com\/labravaradiofm\/2021\/11\/26\/la-barra-oaxaquena-de-abogados-impulsan-la-profesionalizacion-en-genetica-forense\/","url":"https:\/\/www.bbmnoticias.com\/labravaradiofm\/2021\/11\/26\/la-barra-oaxaquena-de-abogados-impulsan-la-profesionalizacion-en-genetica-forense\/","name":"La Barra Oaxaque\u00f1a de Abogados impulsan la profesionalizaci\u00f3n en Gen\u00e9tica Forense\u00a0 - LA BRAVA RADIO","isPartOf":{"@id":"https:\/\/www.bbmnoticias.com\/labravaradiofm\/#website"},"primaryImageOfPage":{"@id":"https:\/\/www.bbmnoticias.com\/labravaradiofm\/2021\/11\/26\/la-barra-oaxaquena-de-abogados-impulsan-la-profesionalizacion-en-genetica-forense\/#primaryimage"},"image":{"@id":"https:\/\/www.bbmnoticias.com\/labravaradiofm\/2021\/11\/26\/la-barra-oaxaquena-de-abogados-impulsan-la-profesionalizacion-en-genetica-forense\/#primaryimage"},"thumbnailUrl":"https:\/\/www.bbmnoticias.com\/labravaradiofm\/wp-content\/uploads\/sites\/5\/2021\/11\/barraabogados26112021.jpg","datePublished":"2021-11-26T14:53:47+00:00","dateModified":"2021-11-26T14:53:48+00:00","author":{"@id":"https:\/\/www.bbmnoticias.com\/labravaradiofm\/#\/schema\/person\/68a9e9036ef3c5b55aeb2b71dc8bab45"},"breadcrumb":{"@id":"https:\/\/www.bbmnoticias.com\/labravaradiofm\/2021\/11\/26\/la-barra-oaxaquena-de-abogados-impulsan-la-profesionalizacion-en-genetica-forense\/#breadcrumb"},"inLanguage":"es","potentialAction":[{"@type":"ReadAction","target":["https:\/\/www.bbmnoticias.com\/labravaradiofm\/2021\/11\/26\/la-barra-oaxaquena-de-abogados-impulsan-la-profesionalizacion-en-genetica-forense\/"]}]},{"@type":"ImageObject","inLanguage":"es","@id":"https:\/\/www.bbmnoticias.com\/labravaradiofm\/2021\/11\/26\/la-barra-oaxaquena-de-abogados-impulsan-la-profesionalizacion-en-genetica-forense\/#primaryimage","url":"https:\/\/www.bbmnoticias.com\/labravaradiofm\/wp-content\/uploads\/sites\/5\/2021\/11\/barraabogados26112021.jpg","contentUrl":"https:\/\/www.bbmnoticias.com\/labravaradiofm\/wp-content\/uploads\/sites\/5\/2021\/11\/barraabogados26112021.jpg","width":1008,"height":756},{"@type":"BreadcrumbList","@id":"https:\/\/www.bbmnoticias.com\/labravaradiofm\/2021\/11\/26\/la-barra-oaxaquena-de-abogados-impulsan-la-profesionalizacion-en-genetica-forense\/#breadcrumb","itemListElement":[{"@type":"ListItem","position":1,"name":"Inicio","item":"https:\/\/www.bbmnoticias.com\/labravaradiofm\/"},{"@type":"ListItem","position":2,"name":"La Barra Oaxaque\u00f1a de Abogados impulsan la profesionalizaci\u00f3n en Gen\u00e9tica Forense\u00a0"}]},{"@type":"WebSite","@id":"https:\/\/www.bbmnoticias.com\/labravaradiofm\/#website","url":"https:\/\/www.bbmnoticias.com\/labravaradiofm\/","name":"LA BRAVA RADIO","description":"Empresa productora de medios, Radiodifusi\u00f3n, Noticias, tendencias y todo lo que necesitas saber de la pol\u00edtica mexicana e internacional; entretenimiento, espect\u00e1culos, salud y mucho m\u00e1s.","potentialAction":[{"@type":"SearchAction","target":{"@type":"EntryPoint","urlTemplate":"https:\/\/www.bbmnoticias.com\/labravaradiofm\/?s={search_term_string}"},"query-input":{"@type":"PropertyValueSpecification","valueRequired":true,"valueName":"search_term_string"}}],"inLanguage":"es"},{"@type":"Person","@id":"https:\/\/www.bbmnoticias.com\/labravaradiofm\/#\/schema\/person\/68a9e9036ef3c5b55aeb2b71dc8bab45","name":"Staff","image":{"@type":"ImageObject","inLanguage":"es","@id":"https:\/\/secure.gravatar.com\/avatar\/fdd21ad66fd8b98c407f9dee5b5e588cfe7f0d8579ec20fa6527cd59bab7f0f0?s=96&d=mm&r=g","url":"https:\/\/secure.gravatar.com\/avatar\/fdd21ad66fd8b98c407f9dee5b5e588cfe7f0d8579ec20fa6527cd59bab7f0f0?s=96&d=mm&r=g","contentUrl":"https:\/\/secure.gravatar.com\/avatar\/fdd21ad66fd8b98c407f9dee5b5e588cfe7f0d8579ec20fa6527cd59bab7f0f0?s=96&d=mm&r=g","caption":"Staff"},"url":"https:\/\/www.bbmnoticias.com\/labravaradiofm\/author\/redaccion\/"}]}},"_links":{"self":[{"href":"https:\/\/www.bbmnoticias.com\/labravaradiofm\/wp-json\/wp\/v2\/posts\/6229","targetHints":{"allow":["GET"]}}],"collection":[{"href":"https:\/\/www.bbmnoticias.com\/labravaradiofm\/wp-json\/wp\/v2\/posts"}],"about":[{"href":"https:\/\/www.bbmnoticias.com\/labravaradiofm\/wp-json\/wp\/v2\/types\/post"}],"author":[{"embeddable":true,"href":"https:\/\/www.bbmnoticias.com\/labravaradiofm\/wp-json\/wp\/v2\/users\/2"}],"replies":[{"embeddable":true,"href":"https:\/\/www.bbmnoticias.com\/labravaradiofm\/wp-json\/wp\/v2\/comments?post=6229"}],"version-history":[{"count":0,"href":"https:\/\/www.bbmnoticias.com\/labravaradiofm\/wp-json\/wp\/v2\/posts\/6229\/revisions"}],"wp:featuredmedia":[{"embeddable":true,"href":"https:\/\/www.bbmnoticias.com\/labravaradiofm\/wp-json\/wp\/v2\/media\/6230"}],"wp:attachment":[{"href":"https:\/\/www.bbmnoticias.com\/labravaradiofm\/wp-json\/wp\/v2\/media?parent=6229"}],"wp:term":[{"taxonomy":"category","embeddable":true,"href":"https:\/\/www.bbmnoticias.com\/labravaradiofm\/wp-json\/wp\/v2\/categories?post=6229"},{"taxonomy":"post_tag","embeddable":true,"href":"https:\/\/www.bbmnoticias.com\/labravaradiofm\/wp-json\/wp\/v2\/tags?post=6229"}],"curies":[{"name":"wp","href":"https:\/\/api.w.org\/{rel}","templated":true}]}}