{"id":6206,"date":"2021-11-25T18:10:51","date_gmt":"2021-11-26T00:10:51","guid":{"rendered":"https:\/\/www.bbmnoticias.com\/labravaradiofm\/?p=6206"},"modified":"2021-11-25T18:10:52","modified_gmt":"2021-11-26T00:10:52","slug":"detenido-exsecretario-municipal-por-probable-desaparicion-de-un-grupo-de-personas-en-la-zona-mixe","status":"publish","type":"post","link":"https:\/\/www.bbmnoticias.com\/labravaradiofm\/2021\/11\/25\/detenido-exsecretario-municipal-por-probable-desaparicion-de-un-grupo-de-personas-en-la-zona-mixe\/","title":{"rendered":"Detenido exsecretario municipal por probable  desaparici\u00f3n de un grupo de personas en la zona Mixe"},"content":{"rendered":"<div style=\"margin-top: 0px; margin-bottom: 0px;\" class=\"sharethis-inline-share-buttons\" ><\/div>\n<p><strong>Oaxaca de Ju\u00e1rez, Oax.-<\/strong> En su combate ininterrumpido contra la impunidad, la Fiscal\u00eda General del Estado de Oaxaca (FGEO) obtuvo, del Juzgado de Control, auto de vinculaci\u00f3n a proceso contra la persona del sexo masculino identificada como H. M. G., probable responsable del delito de desaparici\u00f3n forzada de personas, cometido en enero de 2017, en jurisdicci\u00f3n de Totontepec Villa de Morelos, en el Distrito Mixe.<\/p>\n\n\n\n<p>De acuerdo con la carpeta de investigaci\u00f3n 64\/FEMCCO-SA\/2017, el 28 de enero de 2017, las autoridades municipales y policiales -entre las que se encontraba el imputado- de la Agencia de San Francisco Jayacaxtepec, perteneciente al referido municipio, detuvieron arbitrariamente y trasladaron a la c\u00e1rcel municipal a un grupo de personas. Posteriormente, las autoridades omitieron informaci\u00f3n sobre las v\u00edctimas, quienes m\u00e1s tarde fueron encontradas sin vida.<\/p>\n\n\n\n<p>Ante este hecho, la Instituci\u00f3n de procuraci\u00f3n de justicia atrajo la investigaci\u00f3n -a trav\u00e9s de la Vicefiscal\u00eda General de Atenci\u00f3n a V\u00edctimas y a la Sociedad-, realizando los actos de investigaci\u00f3n correspondientes y en estrecha colaboraci\u00f3n con la Fiscal\u00eda General de Baja California, en d\u00edas pasados se dio cumplimiento a la orden de aprehensi\u00f3n contra el probable responsable en el municipio de Ensenada.<\/p>\n\n\n\n<p>En audiencia y tras validar los datos de prueba proporcionados por la FGEO, el Juez en turno determin\u00f3 vincular a proceso a H. M. G., imponiendo la medida cautelar de prisi\u00f3n preventiva oficiosa y otorgando tres meses para el cierre de investigaci\u00f3n complementaria.<\/p>\n","protected":false},"excerpt":{"rendered":"<p>Oaxaca de Ju\u00e1rez, Oax.- En su combate ininterrumpido contra la impunidad, la Fiscal\u00eda General del Estado de Oaxaca (FGEO) obtuvo, del Juzgado de Control, auto de vinculaci\u00f3n a proceso contra la persona del sexo masculino identificada como H. M. G., probable responsable del delito de desaparici\u00f3n forzada de personas, cometido en enero de 2017, en [&hellip;]<\/p>\n","protected":false},"author":2,"featured_media":6207,"comment_status":"closed","ping_status":"closed","sticky":false,"template":"","format":"standard","meta":{"footnotes":""},"categories":[20],"tags":[],"class_list":{"0":"post-6206","1":"post","2":"type-post","3":"status-publish","4":"format-standard","5":"has-post-thumbnail","7":"category-policiaca"},"yoast_head":"<!-- This site is optimized with the Yoast SEO plugin v27.4 - https:\/\/yoast.com\/product\/yoast-seo-wordpress\/ -->\n<title>Detenido exsecretario municipal por probable desaparici\u00f3n de un grupo de personas en la zona Mixe - LA BRAVA RADIO<\/title>\n<meta name=\"robots\" content=\"index, follow, max-snippet:-1, max-image-preview:large, max-video-preview:-1\" \/>\n<link rel=\"canonical\" href=\"https:\/\/www.bbmnoticias.com\/labravaradiofm\/2021\/11\/25\/detenido-exsecretario-municipal-por-probable-desaparicion-de-un-grupo-de-personas-en-la-zona-mixe\/\" \/>\n<meta property=\"og:locale\" content=\"es_MX\" \/>\n<meta property=\"og:type\" content=\"article\" \/>\n<meta property=\"og:title\" content=\"Detenido exsecretario municipal por probable desaparici\u00f3n de un grupo de personas en la zona Mixe - LA BRAVA RADIO\" \/>\n<meta property=\"og:description\" content=\"Oaxaca de Ju\u00e1rez, Oax.- En su combate ininterrumpido contra la impunidad, la Fiscal\u00eda General del Estado de Oaxaca (FGEO) obtuvo, del Juzgado de Control, auto de vinculaci\u00f3n a proceso contra la persona del sexo masculino identificada como H. M. G., probable responsable del delito de desaparici\u00f3n forzada de personas, cometido en enero de 2017, en [&hellip;]\" \/>\n<meta property=\"og:url\" content=\"https:\/\/www.bbmnoticias.com\/labravaradiofm\/2021\/11\/25\/detenido-exsecretario-municipal-por-probable-desaparicion-de-un-grupo-de-personas-en-la-zona-mixe\/\" \/>\n<meta property=\"og:site_name\" content=\"LA BRAVA RADIO\" \/>\n<meta property=\"article:published_time\" content=\"2021-11-26T00:10:51+00:00\" \/>\n<meta property=\"article:modified_time\" content=\"2021-11-26T00:10:52+00:00\" \/>\n<meta property=\"og:image\" content=\"https:\/\/www.bbmnoticias.com\/labravaradiofm\/wp-content\/uploads\/sites\/5\/2021\/11\/detenidomixe25112021.jpg\" \/>\n\t<meta property=\"og:image:width\" content=\"1140\" \/>\n\t<meta property=\"og:image:height\" content=\"712\" \/>\n\t<meta property=\"og:image:type\" content=\"image\/jpeg\" \/>\n<meta name=\"author\" content=\"Staff\" \/>\n<meta name=\"twitter:card\" content=\"summary_large_image\" \/>\n<meta name=\"twitter:label1\" content=\"Escrito por\" \/>\n\t<meta name=\"twitter:data1\" content=\"Staff\" \/>\n\t<meta name=\"twitter:label2\" content=\"Tiempo de lectura\" \/>\n\t<meta name=\"twitter:data2\" content=\"2 minutos\" \/>\n<script type=\"application\/ld+json\" class=\"yoast-schema-graph\">{\"@context\":\"https:\\\/\\\/schema.org\",\"@graph\":[{\"@type\":\"Article\",\"@id\":\"https:\\\/\\\/www.bbmnoticias.com\\\/labravaradiofm\\\/2021\\\/11\\\/25\\\/detenido-exsecretario-municipal-por-probable-desaparicion-de-un-grupo-de-personas-en-la-zona-mixe\\\/#article\",\"isPartOf\":{\"@id\":\"https:\\\/\\\/www.bbmnoticias.com\\\/labravaradiofm\\\/2021\\\/11\\\/25\\\/detenido-exsecretario-municipal-por-probable-desaparicion-de-un-grupo-de-personas-en-la-zona-mixe\\\/\"},\"author\":{\"name\":\"Staff\",\"@id\":\"https:\\\/\\\/www.bbmnoticias.com\\\/labravaradiofm\\\/#\\\/schema\\\/person\\\/68a9e9036ef3c5b55aeb2b71dc8bab45\"},\"headline\":\"Detenido exsecretario municipal por probable desaparici\u00f3n de un grupo de personas en la zona Mixe\",\"datePublished\":\"2021-11-26T00:10:51+00:00\",\"dateModified\":\"2021-11-26T00:10:52+00:00\",\"mainEntityOfPage\":{\"@id\":\"https:\\\/\\\/www.bbmnoticias.com\\\/labravaradiofm\\\/2021\\\/11\\\/25\\\/detenido-exsecretario-municipal-por-probable-desaparicion-de-un-grupo-de-personas-en-la-zona-mixe\\\/\"},\"wordCount\":274,\"image\":{\"@id\":\"https:\\\/\\\/www.bbmnoticias.com\\\/labravaradiofm\\\/2021\\\/11\\\/25\\\/detenido-exsecretario-municipal-por-probable-desaparicion-de-un-grupo-de-personas-en-la-zona-mixe\\\/#primaryimage\"},\"thumbnailUrl\":\"https:\\\/\\\/www.bbmnoticias.com\\\/labravaradiofm\\\/wp-content\\\/uploads\\\/sites\\\/5\\\/2021\\\/11\\\/detenidomixe25112021.jpg\",\"articleSection\":[\"POLICIACA\"],\"inLanguage\":\"es\"},{\"@type\":\"WebPage\",\"@id\":\"https:\\\/\\\/www.bbmnoticias.com\\\/labravaradiofm\\\/2021\\\/11\\\/25\\\/detenido-exsecretario-municipal-por-probable-desaparicion-de-un-grupo-de-personas-en-la-zona-mixe\\\/\",\"url\":\"https:\\\/\\\/www.bbmnoticias.com\\\/labravaradiofm\\\/2021\\\/11\\\/25\\\/detenido-exsecretario-municipal-por-probable-desaparicion-de-un-grupo-de-personas-en-la-zona-mixe\\\/\",\"name\":\"Detenido exsecretario municipal por probable desaparici\u00f3n de un grupo de personas en la zona Mixe - LA BRAVA RADIO\",\"isPartOf\":{\"@id\":\"https:\\\/\\\/www.bbmnoticias.com\\\/labravaradiofm\\\/#website\"},\"primaryImageOfPage\":{\"@id\":\"https:\\\/\\\/www.bbmnoticias.com\\\/labravaradiofm\\\/2021\\\/11\\\/25\\\/detenido-exsecretario-municipal-por-probable-desaparicion-de-un-grupo-de-personas-en-la-zona-mixe\\\/#primaryimage\"},\"image\":{\"@id\":\"https:\\\/\\\/www.bbmnoticias.com\\\/labravaradiofm\\\/2021\\\/11\\\/25\\\/detenido-exsecretario-municipal-por-probable-desaparicion-de-un-grupo-de-personas-en-la-zona-mixe\\\/#primaryimage\"},\"thumbnailUrl\":\"https:\\\/\\\/www.bbmnoticias.com\\\/labravaradiofm\\\/wp-content\\\/uploads\\\/sites\\\/5\\\/2021\\\/11\\\/detenidomixe25112021.jpg\",\"datePublished\":\"2021-11-26T00:10:51+00:00\",\"dateModified\":\"2021-11-26T00:10:52+00:00\",\"author\":{\"@id\":\"https:\\\/\\\/www.bbmnoticias.com\\\/labravaradiofm\\\/#\\\/schema\\\/person\\\/68a9e9036ef3c5b55aeb2b71dc8bab45\"},\"breadcrumb\":{\"@id\":\"https:\\\/\\\/www.bbmnoticias.com\\\/labravaradiofm\\\/2021\\\/11\\\/25\\\/detenido-exsecretario-municipal-por-probable-desaparicion-de-un-grupo-de-personas-en-la-zona-mixe\\\/#breadcrumb\"},\"inLanguage\":\"es\",\"potentialAction\":[{\"@type\":\"ReadAction\",\"target\":[\"https:\\\/\\\/www.bbmnoticias.com\\\/labravaradiofm\\\/2021\\\/11\\\/25\\\/detenido-exsecretario-municipal-por-probable-desaparicion-de-un-grupo-de-personas-en-la-zona-mixe\\\/\"]}]},{\"@type\":\"ImageObject\",\"inLanguage\":\"es\",\"@id\":\"https:\\\/\\\/www.bbmnoticias.com\\\/labravaradiofm\\\/2021\\\/11\\\/25\\\/detenido-exsecretario-municipal-por-probable-desaparicion-de-un-grupo-de-personas-en-la-zona-mixe\\\/#primaryimage\",\"url\":\"https:\\\/\\\/www.bbmnoticias.com\\\/labravaradiofm\\\/wp-content\\\/uploads\\\/sites\\\/5\\\/2021\\\/11\\\/detenidomixe25112021.jpg\",\"contentUrl\":\"https:\\\/\\\/www.bbmnoticias.com\\\/labravaradiofm\\\/wp-content\\\/uploads\\\/sites\\\/5\\\/2021\\\/11\\\/detenidomixe25112021.jpg\",\"width\":1140,\"height\":712},{\"@type\":\"BreadcrumbList\",\"@id\":\"https:\\\/\\\/www.bbmnoticias.com\\\/labravaradiofm\\\/2021\\\/11\\\/25\\\/detenido-exsecretario-municipal-por-probable-desaparicion-de-un-grupo-de-personas-en-la-zona-mixe\\\/#breadcrumb\",\"itemListElement\":[{\"@type\":\"ListItem\",\"position\":1,\"name\":\"Inicio\",\"item\":\"https:\\\/\\\/www.bbmnoticias.com\\\/labravaradiofm\\\/\"},{\"@type\":\"ListItem\",\"position\":2,\"name\":\"Detenido exsecretario municipal por probable desaparici\u00f3n de un grupo de personas en la zona Mixe\"}]},{\"@type\":\"WebSite\",\"@id\":\"https:\\\/\\\/www.bbmnoticias.com\\\/labravaradiofm\\\/#website\",\"url\":\"https:\\\/\\\/www.bbmnoticias.com\\\/labravaradiofm\\\/\",\"name\":\"LA BRAVA RADIO\",\"description\":\"Empresa productora de medios, Radiodifusi\u00f3n, Noticias, tendencias y todo lo que necesitas saber de la pol\u00edtica mexicana e internacional; entretenimiento, espect\u00e1culos, salud y mucho m\u00e1s.\",\"potentialAction\":[{\"@type\":\"SearchAction\",\"target\":{\"@type\":\"EntryPoint\",\"urlTemplate\":\"https:\\\/\\\/www.bbmnoticias.com\\\/labravaradiofm\\\/?s={search_term_string}\"},\"query-input\":{\"@type\":\"PropertyValueSpecification\",\"valueRequired\":true,\"valueName\":\"search_term_string\"}}],\"inLanguage\":\"es\"},{\"@type\":\"Person\",\"@id\":\"https:\\\/\\\/www.bbmnoticias.com\\\/labravaradiofm\\\/#\\\/schema\\\/person\\\/68a9e9036ef3c5b55aeb2b71dc8bab45\",\"name\":\"Staff\",\"image\":{\"@type\":\"ImageObject\",\"inLanguage\":\"es\",\"@id\":\"https:\\\/\\\/secure.gravatar.com\\\/avatar\\\/fdd21ad66fd8b98c407f9dee5b5e588cfe7f0d8579ec20fa6527cd59bab7f0f0?s=96&d=mm&r=g\",\"url\":\"https:\\\/\\\/secure.gravatar.com\\\/avatar\\\/fdd21ad66fd8b98c407f9dee5b5e588cfe7f0d8579ec20fa6527cd59bab7f0f0?s=96&d=mm&r=g\",\"contentUrl\":\"https:\\\/\\\/secure.gravatar.com\\\/avatar\\\/fdd21ad66fd8b98c407f9dee5b5e588cfe7f0d8579ec20fa6527cd59bab7f0f0?s=96&d=mm&r=g\",\"caption\":\"Staff\"},\"url\":\"https:\\\/\\\/www.bbmnoticias.com\\\/labravaradiofm\\\/author\\\/redaccion\\\/\"}]}<\/script>\n<!-- \/ Yoast SEO plugin. -->","yoast_head_json":{"title":"Detenido exsecretario municipal por probable desaparici\u00f3n de un grupo de personas en la zona Mixe - LA BRAVA RADIO","robots":{"index":"index","follow":"follow","max-snippet":"max-snippet:-1","max-image-preview":"max-image-preview:large","max-video-preview":"max-video-preview:-1"},"canonical":"https:\/\/www.bbmnoticias.com\/labravaradiofm\/2021\/11\/25\/detenido-exsecretario-municipal-por-probable-desaparicion-de-un-grupo-de-personas-en-la-zona-mixe\/","og_locale":"es_MX","og_type":"article","og_title":"Detenido exsecretario municipal por probable desaparici\u00f3n de un grupo de personas en la zona Mixe - LA BRAVA RADIO","og_description":"Oaxaca de Ju\u00e1rez, Oax.- En su combate ininterrumpido contra la impunidad, la Fiscal\u00eda General del Estado de Oaxaca (FGEO) obtuvo, del Juzgado de Control, auto de vinculaci\u00f3n a proceso contra la persona del sexo masculino identificada como H. M. G., probable responsable del delito de desaparici\u00f3n forzada de personas, cometido en enero de 2017, en [&hellip;]","og_url":"https:\/\/www.bbmnoticias.com\/labravaradiofm\/2021\/11\/25\/detenido-exsecretario-municipal-por-probable-desaparicion-de-un-grupo-de-personas-en-la-zona-mixe\/","og_site_name":"LA BRAVA RADIO","article_published_time":"2021-11-26T00:10:51+00:00","article_modified_time":"2021-11-26T00:10:52+00:00","og_image":[{"width":1140,"height":712,"url":"https:\/\/www.bbmnoticias.com\/labravaradiofm\/wp-content\/uploads\/sites\/5\/2021\/11\/detenidomixe25112021.jpg","type":"image\/jpeg"}],"author":"Staff","twitter_card":"summary_large_image","twitter_misc":{"Escrito por":"Staff","Tiempo de lectura":"2 minutos"},"schema":{"@context":"https:\/\/schema.org","@graph":[{"@type":"Article","@id":"https:\/\/www.bbmnoticias.com\/labravaradiofm\/2021\/11\/25\/detenido-exsecretario-municipal-por-probable-desaparicion-de-un-grupo-de-personas-en-la-zona-mixe\/#article","isPartOf":{"@id":"https:\/\/www.bbmnoticias.com\/labravaradiofm\/2021\/11\/25\/detenido-exsecretario-municipal-por-probable-desaparicion-de-un-grupo-de-personas-en-la-zona-mixe\/"},"author":{"name":"Staff","@id":"https:\/\/www.bbmnoticias.com\/labravaradiofm\/#\/schema\/person\/68a9e9036ef3c5b55aeb2b71dc8bab45"},"headline":"Detenido exsecretario municipal por probable desaparici\u00f3n de un grupo de personas en la zona Mixe","datePublished":"2021-11-26T00:10:51+00:00","dateModified":"2021-11-26T00:10:52+00:00","mainEntityOfPage":{"@id":"https:\/\/www.bbmnoticias.com\/labravaradiofm\/2021\/11\/25\/detenido-exsecretario-municipal-por-probable-desaparicion-de-un-grupo-de-personas-en-la-zona-mixe\/"},"wordCount":274,"image":{"@id":"https:\/\/www.bbmnoticias.com\/labravaradiofm\/2021\/11\/25\/detenido-exsecretario-municipal-por-probable-desaparicion-de-un-grupo-de-personas-en-la-zona-mixe\/#primaryimage"},"thumbnailUrl":"https:\/\/www.bbmnoticias.com\/labravaradiofm\/wp-content\/uploads\/sites\/5\/2021\/11\/detenidomixe25112021.jpg","articleSection":["POLICIACA"],"inLanguage":"es"},{"@type":"WebPage","@id":"https:\/\/www.bbmnoticias.com\/labravaradiofm\/2021\/11\/25\/detenido-exsecretario-municipal-por-probable-desaparicion-de-un-grupo-de-personas-en-la-zona-mixe\/","url":"https:\/\/www.bbmnoticias.com\/labravaradiofm\/2021\/11\/25\/detenido-exsecretario-municipal-por-probable-desaparicion-de-un-grupo-de-personas-en-la-zona-mixe\/","name":"Detenido exsecretario municipal por probable desaparici\u00f3n de un grupo de personas en la zona Mixe - LA BRAVA RADIO","isPartOf":{"@id":"https:\/\/www.bbmnoticias.com\/labravaradiofm\/#website"},"primaryImageOfPage":{"@id":"https:\/\/www.bbmnoticias.com\/labravaradiofm\/2021\/11\/25\/detenido-exsecretario-municipal-por-probable-desaparicion-de-un-grupo-de-personas-en-la-zona-mixe\/#primaryimage"},"image":{"@id":"https:\/\/www.bbmnoticias.com\/labravaradiofm\/2021\/11\/25\/detenido-exsecretario-municipal-por-probable-desaparicion-de-un-grupo-de-personas-en-la-zona-mixe\/#primaryimage"},"thumbnailUrl":"https:\/\/www.bbmnoticias.com\/labravaradiofm\/wp-content\/uploads\/sites\/5\/2021\/11\/detenidomixe25112021.jpg","datePublished":"2021-11-26T00:10:51+00:00","dateModified":"2021-11-26T00:10:52+00:00","author":{"@id":"https:\/\/www.bbmnoticias.com\/labravaradiofm\/#\/schema\/person\/68a9e9036ef3c5b55aeb2b71dc8bab45"},"breadcrumb":{"@id":"https:\/\/www.bbmnoticias.com\/labravaradiofm\/2021\/11\/25\/detenido-exsecretario-municipal-por-probable-desaparicion-de-un-grupo-de-personas-en-la-zona-mixe\/#breadcrumb"},"inLanguage":"es","potentialAction":[{"@type":"ReadAction","target":["https:\/\/www.bbmnoticias.com\/labravaradiofm\/2021\/11\/25\/detenido-exsecretario-municipal-por-probable-desaparicion-de-un-grupo-de-personas-en-la-zona-mixe\/"]}]},{"@type":"ImageObject","inLanguage":"es","@id":"https:\/\/www.bbmnoticias.com\/labravaradiofm\/2021\/11\/25\/detenido-exsecretario-municipal-por-probable-desaparicion-de-un-grupo-de-personas-en-la-zona-mixe\/#primaryimage","url":"https:\/\/www.bbmnoticias.com\/labravaradiofm\/wp-content\/uploads\/sites\/5\/2021\/11\/detenidomixe25112021.jpg","contentUrl":"https:\/\/www.bbmnoticias.com\/labravaradiofm\/wp-content\/uploads\/sites\/5\/2021\/11\/detenidomixe25112021.jpg","width":1140,"height":712},{"@type":"BreadcrumbList","@id":"https:\/\/www.bbmnoticias.com\/labravaradiofm\/2021\/11\/25\/detenido-exsecretario-municipal-por-probable-desaparicion-de-un-grupo-de-personas-en-la-zona-mixe\/#breadcrumb","itemListElement":[{"@type":"ListItem","position":1,"name":"Inicio","item":"https:\/\/www.bbmnoticias.com\/labravaradiofm\/"},{"@type":"ListItem","position":2,"name":"Detenido exsecretario municipal por probable desaparici\u00f3n de un grupo de personas en la zona Mixe"}]},{"@type":"WebSite","@id":"https:\/\/www.bbmnoticias.com\/labravaradiofm\/#website","url":"https:\/\/www.bbmnoticias.com\/labravaradiofm\/","name":"LA BRAVA RADIO","description":"Empresa productora de medios, Radiodifusi\u00f3n, Noticias, tendencias y todo lo que necesitas saber de la pol\u00edtica mexicana e internacional; entretenimiento, espect\u00e1culos, salud y mucho m\u00e1s.","potentialAction":[{"@type":"SearchAction","target":{"@type":"EntryPoint","urlTemplate":"https:\/\/www.bbmnoticias.com\/labravaradiofm\/?s={search_term_string}"},"query-input":{"@type":"PropertyValueSpecification","valueRequired":true,"valueName":"search_term_string"}}],"inLanguage":"es"},{"@type":"Person","@id":"https:\/\/www.bbmnoticias.com\/labravaradiofm\/#\/schema\/person\/68a9e9036ef3c5b55aeb2b71dc8bab45","name":"Staff","image":{"@type":"ImageObject","inLanguage":"es","@id":"https:\/\/secure.gravatar.com\/avatar\/fdd21ad66fd8b98c407f9dee5b5e588cfe7f0d8579ec20fa6527cd59bab7f0f0?s=96&d=mm&r=g","url":"https:\/\/secure.gravatar.com\/avatar\/fdd21ad66fd8b98c407f9dee5b5e588cfe7f0d8579ec20fa6527cd59bab7f0f0?s=96&d=mm&r=g","contentUrl":"https:\/\/secure.gravatar.com\/avatar\/fdd21ad66fd8b98c407f9dee5b5e588cfe7f0d8579ec20fa6527cd59bab7f0f0?s=96&d=mm&r=g","caption":"Staff"},"url":"https:\/\/www.bbmnoticias.com\/labravaradiofm\/author\/redaccion\/"}]}},"_links":{"self":[{"href":"https:\/\/www.bbmnoticias.com\/labravaradiofm\/wp-json\/wp\/v2\/posts\/6206","targetHints":{"allow":["GET"]}}],"collection":[{"href":"https:\/\/www.bbmnoticias.com\/labravaradiofm\/wp-json\/wp\/v2\/posts"}],"about":[{"href":"https:\/\/www.bbmnoticias.com\/labravaradiofm\/wp-json\/wp\/v2\/types\/post"}],"author":[{"embeddable":true,"href":"https:\/\/www.bbmnoticias.com\/labravaradiofm\/wp-json\/wp\/v2\/users\/2"}],"replies":[{"embeddable":true,"href":"https:\/\/www.bbmnoticias.com\/labravaradiofm\/wp-json\/wp\/v2\/comments?post=6206"}],"version-history":[{"count":0,"href":"https:\/\/www.bbmnoticias.com\/labravaradiofm\/wp-json\/wp\/v2\/posts\/6206\/revisions"}],"wp:featuredmedia":[{"embeddable":true,"href":"https:\/\/www.bbmnoticias.com\/labravaradiofm\/wp-json\/wp\/v2\/media\/6207"}],"wp:attachment":[{"href":"https:\/\/www.bbmnoticias.com\/labravaradiofm\/wp-json\/wp\/v2\/media?parent=6206"}],"wp:term":[{"taxonomy":"category","embeddable":true,"href":"https:\/\/www.bbmnoticias.com\/labravaradiofm\/wp-json\/wp\/v2\/categories?post=6206"},{"taxonomy":"post_tag","embeddable":true,"href":"https:\/\/www.bbmnoticias.com\/labravaradiofm\/wp-json\/wp\/v2\/tags?post=6206"}],"curies":[{"name":"wp","href":"https:\/\/api.w.org\/{rel}","templated":true}]}}