{"id":6203,"date":"2021-11-25T18:03:56","date_gmt":"2021-11-26T00:03:56","guid":{"rendered":"https:\/\/www.bbmnoticias.com\/labravaradiofm\/?p=6203"},"modified":"2021-11-25T18:05:41","modified_gmt":"2021-11-26T00:05:41","slug":"reestructura-no-deuda-nueva-explica-murat-al-congreso","status":"publish","type":"post","link":"https:\/\/www.bbmnoticias.com\/labravaradiofm\/2021\/11\/25\/reestructura-no-deuda-nueva-explica-murat-al-congreso\/","title":{"rendered":"Reestructura, no deuda nueva, explica Murat al Congreso"},"content":{"rendered":"<div style=\"margin-top: 0px; margin-bottom: 0px;\" class=\"sharethis-inline-share-buttons\" ><\/div>\n<p>OAXACA, Oax.- Para el gobernador de Oaxaca, Alejandro Murat, el refinanciamiento con Banobras es algo que le conviene al Congreso y explic\u00f3 que no es una nueva deuda, sino un recurso para pagar la deuda que hered\u00f3.<\/p>\n\n\n\n<p>En entrevista colectiva, expuso que mantiene un di\u00e1logo respetuoso con el Congreso y va a cabildear su propuesta de refinanciamiento.<\/p>\n\n\n\n<p>\u201cLo m\u00e1s importante que debe saber el pueblo de Oaxaca es que no hay nueva deuda, lo que se va a hacer es pagar la deuda\u201d.<\/p>\n\n\n\n<p>El mandatario dijo que el gobierno le debe a Banobras mil 500 millones de pesos, y con el refinanciamiento se pagar\u00e1n 400 millones de pesos y ahora la deuda ser\u00e1 de 1,100 millones de pesos.<\/p>\n\n\n\n<p>\u201cB\u00e1sicamente es suplir esos 1,500 millones para que sean 1,100 millones y se logre una tasa m\u00e1s baja, vamos a desaparecer 400 millones de deuda\u201d.<\/p>\n\n\n\n<p>Adelant\u00f3 tambi\u00e9n que antes de que termine su administraci\u00f3n, habr\u00e1 cubierto los 3 mil millones de pesos que se le adeudan al SAT que heredaron del sector salud \u201ccon eso se pagar\u00e1 la totalidad de la deuda\u201d.<\/p>\n\n\n\n<p>Respecto al grupo de personas que buscan que el gobierno los recontrate, reiter\u00f3 que hay un planteamiento integral donde la Federaci\u00f3n plantear\u00e1 la federalizaci\u00f3n del sistema de salud en Oaxaca.<\/p>\n\n\n\n<p>Est\u00e1n en esa etapa y cuando est\u00e9n listos, los mismos responsables lo van a informar, expuso el gobernador.<\/p>\n\n\n\n<p>Sin embargo, hasta que no se suscite, mantendr\u00e1n las cosas en la ruta del orden financiero que requiere la Secretar\u00eda de Salud.<\/p>\n\n\n\n<p>El gobernador de Oaxaca mencion\u00f3 que seguir\u00e1 siendo vocero para transmitirle al presidente de M\u00e9xico, Andr\u00e9s Manuel L\u00f3pez Obrador, la situaci\u00f3n \u201choy el estado no tiene recursos para contratar a nadie nuevo y si hay recursos, tendr\u00e1n que venir de la Federaci\u00f3n\u201d, puntualiz\u00f3.<\/p>\n\n\n\n<p>Alejandro Murat dijo que est\u00e1 todo listo para recibir al presidente \u201ces un privilegio que nos visite\u201d, coment\u00f3 de su gira por Oaxaca para supervisar el corredor interoce\u00e1nico, las autopistas y la inauguraci\u00f3n de caminos.<\/p>\n\n\n\n<p>Con el gobierno federal, reiter\u00f3, hay una muy buena relaci\u00f3n. Hace poco estuvo con el secretario de Gobernaci\u00f3n, Ad\u00e1n Augusto Santiago, con quien trabajan de manera coordinada temas de gobernabilidad para el estado.<\/p>\n\n\n\n<p>\u201cLa evaluaci\u00f3n es que vamos por la ruta correcta\u201d, dijo.<\/p>\n\n\n\n<p>El gobernador de Oaxaca hizo un llamado al Ayuntamiento de la ciudad de Oaxaca para que autorice la realizaci\u00f3n de las festividades navide\u00f1as como la Noche de R\u00e1banos.<\/p>\n\n\n\n<p>El gobierno de Oaxaca instalar\u00e1 el \u00e1rbol de Navidad y seguir\u00e1n con las actividades en sem\u00e1foro verde, con medidas con relaci\u00f3n a la pandemia.<\/p>\n","protected":false},"excerpt":{"rendered":"<p>OAXACA, Oax.- Para el gobernador de Oaxaca, Alejandro Murat, el refinanciamiento con Banobras es algo que le conviene al Congreso y explic\u00f3 que no es una nueva deuda, sino un recurso para pagar la deuda que hered\u00f3. En entrevista colectiva, expuso que mantiene un di\u00e1logo respetuoso con el Congreso y va a cabildear su propuesta [&hellip;]<\/p>\n","protected":false},"author":5,"featured_media":6204,"comment_status":"closed","ping_status":"closed","sticky":false,"template":"","format":"standard","meta":{"footnotes":""},"categories":[1],"tags":[],"class_list":{"0":"post-6203","1":"post","2":"type-post","3":"status-publish","4":"format-standard","5":"has-post-thumbnail","7":"category-sin-categoria"},"yoast_head":"<!-- This site is optimized with the Yoast SEO plugin v27.4 - https:\/\/yoast.com\/product\/yoast-seo-wordpress\/ -->\n<title>Reestructura, no deuda nueva, explica Murat al Congreso - LA BRAVA RADIO<\/title>\n<meta name=\"robots\" content=\"index, follow, max-snippet:-1, max-image-preview:large, max-video-preview:-1\" \/>\n<link rel=\"canonical\" href=\"https:\/\/www.bbmnoticias.com\/labravaradiofm\/2021\/11\/25\/reestructura-no-deuda-nueva-explica-murat-al-congreso\/\" \/>\n<meta property=\"og:locale\" content=\"es_MX\" \/>\n<meta property=\"og:type\" content=\"article\" \/>\n<meta property=\"og:title\" content=\"Reestructura, no deuda nueva, explica Murat al Congreso - LA BRAVA RADIO\" \/>\n<meta property=\"og:description\" content=\"OAXACA, Oax.- Para el gobernador de Oaxaca, Alejandro Murat, el refinanciamiento con Banobras es algo que le conviene al Congreso y explic\u00f3 que no es una nueva deuda, sino un recurso para pagar la deuda que hered\u00f3. En entrevista colectiva, expuso que mantiene un di\u00e1logo respetuoso con el Congreso y va a cabildear su propuesta [&hellip;]\" \/>\n<meta property=\"og:url\" content=\"https:\/\/www.bbmnoticias.com\/labravaradiofm\/2021\/11\/25\/reestructura-no-deuda-nueva-explica-murat-al-congreso\/\" \/>\n<meta property=\"og:site_name\" content=\"LA BRAVA RADIO\" \/>\n<meta property=\"article:published_time\" content=\"2021-11-26T00:03:56+00:00\" \/>\n<meta property=\"article:modified_time\" content=\"2021-11-26T00:05:41+00:00\" \/>\n<meta property=\"og:image\" content=\"https:\/\/www.bbmnoticias.com\/labravaradiofm\/wp-content\/uploads\/sites\/5\/2021\/11\/muratdeuda25112021.jpg\" \/>\n\t<meta property=\"og:image:width\" content=\"680\" \/>\n\t<meta property=\"og:image:height\" content=\"383\" \/>\n\t<meta property=\"og:image:type\" content=\"image\/jpeg\" \/>\n<meta name=\"author\" content=\"Quadratin\" \/>\n<meta name=\"twitter:card\" content=\"summary_large_image\" \/>\n<meta name=\"twitter:label1\" content=\"Escrito por\" \/>\n\t<meta name=\"twitter:data1\" content=\"Quadratin\" \/>\n\t<meta name=\"twitter:label2\" content=\"Tiempo de lectura\" \/>\n\t<meta name=\"twitter:data2\" content=\"2 minutos\" \/>\n<script type=\"application\/ld+json\" class=\"yoast-schema-graph\">{\"@context\":\"https:\\\/\\\/schema.org\",\"@graph\":[{\"@type\":\"Article\",\"@id\":\"https:\\\/\\\/www.bbmnoticias.com\\\/labravaradiofm\\\/2021\\\/11\\\/25\\\/reestructura-no-deuda-nueva-explica-murat-al-congreso\\\/#article\",\"isPartOf\":{\"@id\":\"https:\\\/\\\/www.bbmnoticias.com\\\/labravaradiofm\\\/2021\\\/11\\\/25\\\/reestructura-no-deuda-nueva-explica-murat-al-congreso\\\/\"},\"author\":{\"name\":\"Quadratin\",\"@id\":\"https:\\\/\\\/www.bbmnoticias.com\\\/labravaradiofm\\\/#\\\/schema\\\/person\\\/c316b6f6c03640cce5d9482ba5a8e5c2\"},\"headline\":\"Reestructura, no deuda nueva, explica Murat al Congreso\",\"datePublished\":\"2021-11-26T00:03:56+00:00\",\"dateModified\":\"2021-11-26T00:05:41+00:00\",\"mainEntityOfPage\":{\"@id\":\"https:\\\/\\\/www.bbmnoticias.com\\\/labravaradiofm\\\/2021\\\/11\\\/25\\\/reestructura-no-deuda-nueva-explica-murat-al-congreso\\\/\"},\"wordCount\":456,\"image\":{\"@id\":\"https:\\\/\\\/www.bbmnoticias.com\\\/labravaradiofm\\\/2021\\\/11\\\/25\\\/reestructura-no-deuda-nueva-explica-murat-al-congreso\\\/#primaryimage\"},\"thumbnailUrl\":\"https:\\\/\\\/www.bbmnoticias.com\\\/labravaradiofm\\\/wp-content\\\/uploads\\\/sites\\\/5\\\/2021\\\/11\\\/muratdeuda25112021.jpg\",\"inLanguage\":\"es\"},{\"@type\":\"WebPage\",\"@id\":\"https:\\\/\\\/www.bbmnoticias.com\\\/labravaradiofm\\\/2021\\\/11\\\/25\\\/reestructura-no-deuda-nueva-explica-murat-al-congreso\\\/\",\"url\":\"https:\\\/\\\/www.bbmnoticias.com\\\/labravaradiofm\\\/2021\\\/11\\\/25\\\/reestructura-no-deuda-nueva-explica-murat-al-congreso\\\/\",\"name\":\"Reestructura, no deuda nueva, explica Murat al Congreso - LA BRAVA RADIO\",\"isPartOf\":{\"@id\":\"https:\\\/\\\/www.bbmnoticias.com\\\/labravaradiofm\\\/#website\"},\"primaryImageOfPage\":{\"@id\":\"https:\\\/\\\/www.bbmnoticias.com\\\/labravaradiofm\\\/2021\\\/11\\\/25\\\/reestructura-no-deuda-nueva-explica-murat-al-congreso\\\/#primaryimage\"},\"image\":{\"@id\":\"https:\\\/\\\/www.bbmnoticias.com\\\/labravaradiofm\\\/2021\\\/11\\\/25\\\/reestructura-no-deuda-nueva-explica-murat-al-congreso\\\/#primaryimage\"},\"thumbnailUrl\":\"https:\\\/\\\/www.bbmnoticias.com\\\/labravaradiofm\\\/wp-content\\\/uploads\\\/sites\\\/5\\\/2021\\\/11\\\/muratdeuda25112021.jpg\",\"datePublished\":\"2021-11-26T00:03:56+00:00\",\"dateModified\":\"2021-11-26T00:05:41+00:00\",\"author\":{\"@id\":\"https:\\\/\\\/www.bbmnoticias.com\\\/labravaradiofm\\\/#\\\/schema\\\/person\\\/c316b6f6c03640cce5d9482ba5a8e5c2\"},\"breadcrumb\":{\"@id\":\"https:\\\/\\\/www.bbmnoticias.com\\\/labravaradiofm\\\/2021\\\/11\\\/25\\\/reestructura-no-deuda-nueva-explica-murat-al-congreso\\\/#breadcrumb\"},\"inLanguage\":\"es\",\"potentialAction\":[{\"@type\":\"ReadAction\",\"target\":[\"https:\\\/\\\/www.bbmnoticias.com\\\/labravaradiofm\\\/2021\\\/11\\\/25\\\/reestructura-no-deuda-nueva-explica-murat-al-congreso\\\/\"]}]},{\"@type\":\"ImageObject\",\"inLanguage\":\"es\",\"@id\":\"https:\\\/\\\/www.bbmnoticias.com\\\/labravaradiofm\\\/2021\\\/11\\\/25\\\/reestructura-no-deuda-nueva-explica-murat-al-congreso\\\/#primaryimage\",\"url\":\"https:\\\/\\\/www.bbmnoticias.com\\\/labravaradiofm\\\/wp-content\\\/uploads\\\/sites\\\/5\\\/2021\\\/11\\\/muratdeuda25112021.jpg\",\"contentUrl\":\"https:\\\/\\\/www.bbmnoticias.com\\\/labravaradiofm\\\/wp-content\\\/uploads\\\/sites\\\/5\\\/2021\\\/11\\\/muratdeuda25112021.jpg\",\"width\":680,\"height\":383},{\"@type\":\"BreadcrumbList\",\"@id\":\"https:\\\/\\\/www.bbmnoticias.com\\\/labravaradiofm\\\/2021\\\/11\\\/25\\\/reestructura-no-deuda-nueva-explica-murat-al-congreso\\\/#breadcrumb\",\"itemListElement\":[{\"@type\":\"ListItem\",\"position\":1,\"name\":\"Inicio\",\"item\":\"https:\\\/\\\/www.bbmnoticias.com\\\/labravaradiofm\\\/\"},{\"@type\":\"ListItem\",\"position\":2,\"name\":\"Reestructura, no deuda nueva, explica Murat al Congreso\"}]},{\"@type\":\"WebSite\",\"@id\":\"https:\\\/\\\/www.bbmnoticias.com\\\/labravaradiofm\\\/#website\",\"url\":\"https:\\\/\\\/www.bbmnoticias.com\\\/labravaradiofm\\\/\",\"name\":\"LA BRAVA RADIO\",\"description\":\"Empresa productora de medios, Radiodifusi\u00f3n, Noticias, tendencias y todo lo que necesitas saber de la pol\u00edtica mexicana e internacional; entretenimiento, espect\u00e1culos, salud y mucho m\u00e1s.\",\"potentialAction\":[{\"@type\":\"SearchAction\",\"target\":{\"@type\":\"EntryPoint\",\"urlTemplate\":\"https:\\\/\\\/www.bbmnoticias.com\\\/labravaradiofm\\\/?s={search_term_string}\"},\"query-input\":{\"@type\":\"PropertyValueSpecification\",\"valueRequired\":true,\"valueName\":\"search_term_string\"}}],\"inLanguage\":\"es\"},{\"@type\":\"Person\",\"@id\":\"https:\\\/\\\/www.bbmnoticias.com\\\/labravaradiofm\\\/#\\\/schema\\\/person\\\/c316b6f6c03640cce5d9482ba5a8e5c2\",\"name\":\"Quadratin\",\"image\":{\"@type\":\"ImageObject\",\"inLanguage\":\"es\",\"@id\":\"https:\\\/\\\/secure.gravatar.com\\\/avatar\\\/34008d7d72488432d6a74f81e839efc9f754b118786ca32cf39d9d5508a68f63?s=96&d=mm&r=g\",\"url\":\"https:\\\/\\\/secure.gravatar.com\\\/avatar\\\/34008d7d72488432d6a74f81e839efc9f754b118786ca32cf39d9d5508a68f63?s=96&d=mm&r=g\",\"contentUrl\":\"https:\\\/\\\/secure.gravatar.com\\\/avatar\\\/34008d7d72488432d6a74f81e839efc9f754b118786ca32cf39d9d5508a68f63?s=96&d=mm&r=g\",\"caption\":\"Quadratin\"},\"url\":\"https:\\\/\\\/www.bbmnoticias.com\\\/labravaradiofm\\\/author\\\/quadratin\\\/\"}]}<\/script>\n<!-- \/ Yoast SEO plugin. -->","yoast_head_json":{"title":"Reestructura, no deuda nueva, explica Murat al Congreso - LA BRAVA RADIO","robots":{"index":"index","follow":"follow","max-snippet":"max-snippet:-1","max-image-preview":"max-image-preview:large","max-video-preview":"max-video-preview:-1"},"canonical":"https:\/\/www.bbmnoticias.com\/labravaradiofm\/2021\/11\/25\/reestructura-no-deuda-nueva-explica-murat-al-congreso\/","og_locale":"es_MX","og_type":"article","og_title":"Reestructura, no deuda nueva, explica Murat al Congreso - LA BRAVA RADIO","og_description":"OAXACA, Oax.- Para el gobernador de Oaxaca, Alejandro Murat, el refinanciamiento con Banobras es algo que le conviene al Congreso y explic\u00f3 que no es una nueva deuda, sino un recurso para pagar la deuda que hered\u00f3. En entrevista colectiva, expuso que mantiene un di\u00e1logo respetuoso con el Congreso y va a cabildear su propuesta [&hellip;]","og_url":"https:\/\/www.bbmnoticias.com\/labravaradiofm\/2021\/11\/25\/reestructura-no-deuda-nueva-explica-murat-al-congreso\/","og_site_name":"LA BRAVA RADIO","article_published_time":"2021-11-26T00:03:56+00:00","article_modified_time":"2021-11-26T00:05:41+00:00","og_image":[{"width":680,"height":383,"url":"https:\/\/www.bbmnoticias.com\/labravaradiofm\/wp-content\/uploads\/sites\/5\/2021\/11\/muratdeuda25112021.jpg","type":"image\/jpeg"}],"author":"Quadratin","twitter_card":"summary_large_image","twitter_misc":{"Escrito por":"Quadratin","Tiempo de lectura":"2 minutos"},"schema":{"@context":"https:\/\/schema.org","@graph":[{"@type":"Article","@id":"https:\/\/www.bbmnoticias.com\/labravaradiofm\/2021\/11\/25\/reestructura-no-deuda-nueva-explica-murat-al-congreso\/#article","isPartOf":{"@id":"https:\/\/www.bbmnoticias.com\/labravaradiofm\/2021\/11\/25\/reestructura-no-deuda-nueva-explica-murat-al-congreso\/"},"author":{"name":"Quadratin","@id":"https:\/\/www.bbmnoticias.com\/labravaradiofm\/#\/schema\/person\/c316b6f6c03640cce5d9482ba5a8e5c2"},"headline":"Reestructura, no deuda nueva, explica Murat al Congreso","datePublished":"2021-11-26T00:03:56+00:00","dateModified":"2021-11-26T00:05:41+00:00","mainEntityOfPage":{"@id":"https:\/\/www.bbmnoticias.com\/labravaradiofm\/2021\/11\/25\/reestructura-no-deuda-nueva-explica-murat-al-congreso\/"},"wordCount":456,"image":{"@id":"https:\/\/www.bbmnoticias.com\/labravaradiofm\/2021\/11\/25\/reestructura-no-deuda-nueva-explica-murat-al-congreso\/#primaryimage"},"thumbnailUrl":"https:\/\/www.bbmnoticias.com\/labravaradiofm\/wp-content\/uploads\/sites\/5\/2021\/11\/muratdeuda25112021.jpg","inLanguage":"es"},{"@type":"WebPage","@id":"https:\/\/www.bbmnoticias.com\/labravaradiofm\/2021\/11\/25\/reestructura-no-deuda-nueva-explica-murat-al-congreso\/","url":"https:\/\/www.bbmnoticias.com\/labravaradiofm\/2021\/11\/25\/reestructura-no-deuda-nueva-explica-murat-al-congreso\/","name":"Reestructura, no deuda nueva, explica Murat al Congreso - LA BRAVA RADIO","isPartOf":{"@id":"https:\/\/www.bbmnoticias.com\/labravaradiofm\/#website"},"primaryImageOfPage":{"@id":"https:\/\/www.bbmnoticias.com\/labravaradiofm\/2021\/11\/25\/reestructura-no-deuda-nueva-explica-murat-al-congreso\/#primaryimage"},"image":{"@id":"https:\/\/www.bbmnoticias.com\/labravaradiofm\/2021\/11\/25\/reestructura-no-deuda-nueva-explica-murat-al-congreso\/#primaryimage"},"thumbnailUrl":"https:\/\/www.bbmnoticias.com\/labravaradiofm\/wp-content\/uploads\/sites\/5\/2021\/11\/muratdeuda25112021.jpg","datePublished":"2021-11-26T00:03:56+00:00","dateModified":"2021-11-26T00:05:41+00:00","author":{"@id":"https:\/\/www.bbmnoticias.com\/labravaradiofm\/#\/schema\/person\/c316b6f6c03640cce5d9482ba5a8e5c2"},"breadcrumb":{"@id":"https:\/\/www.bbmnoticias.com\/labravaradiofm\/2021\/11\/25\/reestructura-no-deuda-nueva-explica-murat-al-congreso\/#breadcrumb"},"inLanguage":"es","potentialAction":[{"@type":"ReadAction","target":["https:\/\/www.bbmnoticias.com\/labravaradiofm\/2021\/11\/25\/reestructura-no-deuda-nueva-explica-murat-al-congreso\/"]}]},{"@type":"ImageObject","inLanguage":"es","@id":"https:\/\/www.bbmnoticias.com\/labravaradiofm\/2021\/11\/25\/reestructura-no-deuda-nueva-explica-murat-al-congreso\/#primaryimage","url":"https:\/\/www.bbmnoticias.com\/labravaradiofm\/wp-content\/uploads\/sites\/5\/2021\/11\/muratdeuda25112021.jpg","contentUrl":"https:\/\/www.bbmnoticias.com\/labravaradiofm\/wp-content\/uploads\/sites\/5\/2021\/11\/muratdeuda25112021.jpg","width":680,"height":383},{"@type":"BreadcrumbList","@id":"https:\/\/www.bbmnoticias.com\/labravaradiofm\/2021\/11\/25\/reestructura-no-deuda-nueva-explica-murat-al-congreso\/#breadcrumb","itemListElement":[{"@type":"ListItem","position":1,"name":"Inicio","item":"https:\/\/www.bbmnoticias.com\/labravaradiofm\/"},{"@type":"ListItem","position":2,"name":"Reestructura, no deuda nueva, explica Murat al Congreso"}]},{"@type":"WebSite","@id":"https:\/\/www.bbmnoticias.com\/labravaradiofm\/#website","url":"https:\/\/www.bbmnoticias.com\/labravaradiofm\/","name":"LA BRAVA RADIO","description":"Empresa productora de medios, Radiodifusi\u00f3n, Noticias, tendencias y todo lo que necesitas saber de la pol\u00edtica mexicana e internacional; entretenimiento, espect\u00e1culos, salud y mucho m\u00e1s.","potentialAction":[{"@type":"SearchAction","target":{"@type":"EntryPoint","urlTemplate":"https:\/\/www.bbmnoticias.com\/labravaradiofm\/?s={search_term_string}"},"query-input":{"@type":"PropertyValueSpecification","valueRequired":true,"valueName":"search_term_string"}}],"inLanguage":"es"},{"@type":"Person","@id":"https:\/\/www.bbmnoticias.com\/labravaradiofm\/#\/schema\/person\/c316b6f6c03640cce5d9482ba5a8e5c2","name":"Quadratin","image":{"@type":"ImageObject","inLanguage":"es","@id":"https:\/\/secure.gravatar.com\/avatar\/34008d7d72488432d6a74f81e839efc9f754b118786ca32cf39d9d5508a68f63?s=96&d=mm&r=g","url":"https:\/\/secure.gravatar.com\/avatar\/34008d7d72488432d6a74f81e839efc9f754b118786ca32cf39d9d5508a68f63?s=96&d=mm&r=g","contentUrl":"https:\/\/secure.gravatar.com\/avatar\/34008d7d72488432d6a74f81e839efc9f754b118786ca32cf39d9d5508a68f63?s=96&d=mm&r=g","caption":"Quadratin"},"url":"https:\/\/www.bbmnoticias.com\/labravaradiofm\/author\/quadratin\/"}]}},"_links":{"self":[{"href":"https:\/\/www.bbmnoticias.com\/labravaradiofm\/wp-json\/wp\/v2\/posts\/6203","targetHints":{"allow":["GET"]}}],"collection":[{"href":"https:\/\/www.bbmnoticias.com\/labravaradiofm\/wp-json\/wp\/v2\/posts"}],"about":[{"href":"https:\/\/www.bbmnoticias.com\/labravaradiofm\/wp-json\/wp\/v2\/types\/post"}],"author":[{"embeddable":true,"href":"https:\/\/www.bbmnoticias.com\/labravaradiofm\/wp-json\/wp\/v2\/users\/5"}],"replies":[{"embeddable":true,"href":"https:\/\/www.bbmnoticias.com\/labravaradiofm\/wp-json\/wp\/v2\/comments?post=6203"}],"version-history":[{"count":0,"href":"https:\/\/www.bbmnoticias.com\/labravaradiofm\/wp-json\/wp\/v2\/posts\/6203\/revisions"}],"wp:featuredmedia":[{"embeddable":true,"href":"https:\/\/www.bbmnoticias.com\/labravaradiofm\/wp-json\/wp\/v2\/media\/6204"}],"wp:attachment":[{"href":"https:\/\/www.bbmnoticias.com\/labravaradiofm\/wp-json\/wp\/v2\/media?parent=6203"}],"wp:term":[{"taxonomy":"category","embeddable":true,"href":"https:\/\/www.bbmnoticias.com\/labravaradiofm\/wp-json\/wp\/v2\/categories?post=6203"},{"taxonomy":"post_tag","embeddable":true,"href":"https:\/\/www.bbmnoticias.com\/labravaradiofm\/wp-json\/wp\/v2\/tags?post=6203"}],"curies":[{"name":"wp","href":"https:\/\/api.w.org\/{rel}","templated":true}]}}