{"id":6173,"date":"2021-11-25T12:33:26","date_gmt":"2021-11-25T18:33:26","guid":{"rendered":"https:\/\/www.bbmnoticias.com\/labravaradiofm\/?p=6173"},"modified":"2021-11-25T12:33:27","modified_gmt":"2021-11-25T18:33:27","slug":"toman-sindicalizados-oficinas-del-iebo","status":"publish","type":"post","link":"https:\/\/www.bbmnoticias.com\/labravaradiofm\/2021\/11\/25\/toman-sindicalizados-oficinas-del-iebo\/","title":{"rendered":"Toman sindicalizados oficinas del IEBO"},"content":{"rendered":"<div style=\"margin-top: 0px; margin-bottom: 0px;\" class=\"sharethis-inline-share-buttons\" ><\/div>\n<p>OAXACA, Oax.- Docentes sindicalizados del Instituto de Estudios de Bachillerato de Oaxaca (IEBO) tomaron este jueves las oficinas de esta dependencia en la avenida Universidad.<\/p>\n\n\n\n<p>El vocero de este sindicato de reciente creaci\u00f3n, Marco Antonio Garc\u00eda dijo que est\u00e1n pidiendo que el IEBO firme un contrato colectivo de trabajo con ellos.<\/p>\n\n\n\n<p>Argument\u00f3 que solamente est\u00e1n solicitando estabilidad laboral y econ\u00f3mica pues han visto casos de compa\u00f1eros que son cambiados o destituidos sin raz\u00f3n alguna, todo queda a criterio del director general del instituto en turno.<\/p>\n\n\n\n<figure class=\"wp-block-embed is-type-rich is-provider-twitter wp-block-embed-twitter\"><div class=\"wp-block-embed__wrapper\">\n<blockquote class=\"twitter-tweet\" data-width=\"550\" data-dnt=\"true\"><p lang=\"es\" dir=\"ltr\">\u203c\ufe0fPor segundo d\u00eda consecutivo, integrantes del Sindicato de Empleados del Instituto de Estudios de Bachillerato del Estado de Oaxaca (SEIEBO), toman sus oficinas centrales <a href=\"https:\/\/twitter.com\/IEBO_GobOax?ref_src=twsrc%5Etfw\">@IEBO_GobOax<\/a> sobre avenida Universidad, esigen a la <a href=\"https:\/\/twitter.com\/hashtag\/JLCyA?src=hash&amp;ref_src=twsrc%5Etfw\">#JLCyA<\/a>, la firma de su contrato laboral. @SEGEGO_GobOax <a href=\"https:\/\/t.co\/c4MvRypkhL\">pic.twitter.com\/c4MvRypkhL<\/a><\/p>&mdash; La Garrapata S-22 (@LagarrapataS22) <a href=\"https:\/\/twitter.com\/LagarrapataS22\/status\/1463913408634540035?ref_src=twsrc%5Etfw\">November 25, 2021<\/a><\/blockquote><script async src=\"https:\/\/platform.twitter.com\/widgets.js\" charset=\"utf-8\"><\/script>\n<\/div><\/figure>\n\n\n\n<p>Se\u00f1al\u00f3 que no est\u00e1n pidiendo aumento salarial ni m\u00e1s prestaciones de las que ya tienen, por lo que la firma de dicho contrato no representar\u00e1 una carga extra al presupuesto del IEBO.<\/p>\n\n\n\n<p>Ante los bloqueos que realizaron este mi\u00e9rcoles, indic\u00f3 que representantes de la Secretar\u00eda General de Gobierno dialog\u00f3 con ellos y se comprometi\u00f3 a darles una respuesta el pr\u00f3ximo s\u00e1bado 27 de noviembre.<\/p>\n\n\n\n<p>El IEBO brinda servicios educativos en las comunidades de alta y muy alta marginaci\u00f3n, actualmente atienden a m\u00e1s de 20 mil estudiantes, es el segundo subsistema que m\u00e1s alumnos tiene en Oaxaca, solo despu\u00e9s del Cobao.<\/p>\n","protected":false},"excerpt":{"rendered":"<p>OAXACA, Oax.- Docentes sindicalizados del Instituto de Estudios de Bachillerato de Oaxaca (IEBO) tomaron este jueves las oficinas de esta dependencia en la avenida Universidad. El vocero de este sindicato de reciente creaci\u00f3n, Marco Antonio Garc\u00eda dijo que est\u00e1n pidiendo que el IEBO firme un contrato colectivo de trabajo con ellos. Argument\u00f3 que solamente est\u00e1n [&hellip;]<\/p>\n","protected":false},"author":5,"featured_media":6174,"comment_status":"closed","ping_status":"closed","sticky":false,"template":"","format":"standard","meta":{"footnotes":""},"categories":[2],"tags":[],"class_list":{"0":"post-6173","1":"post","2":"type-post","3":"status-publish","4":"format-standard","5":"has-post-thumbnail","7":"category-oaxaca"},"yoast_head":"<!-- This site is optimized with the Yoast SEO plugin v27.4 - https:\/\/yoast.com\/product\/yoast-seo-wordpress\/ -->\n<title>Toman sindicalizados oficinas del IEBO - LA BRAVA RADIO<\/title>\n<meta name=\"robots\" content=\"index, follow, max-snippet:-1, max-image-preview:large, max-video-preview:-1\" \/>\n<link rel=\"canonical\" href=\"https:\/\/www.bbmnoticias.com\/labravaradiofm\/2021\/11\/25\/toman-sindicalizados-oficinas-del-iebo\/\" \/>\n<meta property=\"og:locale\" content=\"es_MX\" \/>\n<meta property=\"og:type\" content=\"article\" \/>\n<meta property=\"og:title\" content=\"Toman sindicalizados oficinas del IEBO - LA BRAVA RADIO\" \/>\n<meta property=\"og:description\" content=\"OAXACA, Oax.- Docentes sindicalizados del Instituto de Estudios de Bachillerato de Oaxaca (IEBO) tomaron este jueves las oficinas de esta dependencia en la avenida Universidad. El vocero de este sindicato de reciente creaci\u00f3n, Marco Antonio Garc\u00eda dijo que est\u00e1n pidiendo que el IEBO firme un contrato colectivo de trabajo con ellos. Argument\u00f3 que solamente est\u00e1n [&hellip;]\" \/>\n<meta property=\"og:url\" content=\"https:\/\/www.bbmnoticias.com\/labravaradiofm\/2021\/11\/25\/toman-sindicalizados-oficinas-del-iebo\/\" \/>\n<meta property=\"og:site_name\" content=\"LA BRAVA RADIO\" \/>\n<meta property=\"article:published_time\" content=\"2021-11-25T18:33:26+00:00\" \/>\n<meta property=\"article:modified_time\" content=\"2021-11-25T18:33:27+00:00\" \/>\n<meta property=\"og:image\" content=\"https:\/\/www.bbmnoticias.com\/labravaradiofm\/wp-content\/uploads\/sites\/5\/2021\/11\/iebo25112021-1.jpg\" \/>\n\t<meta property=\"og:image:width\" content=\"720\" \/>\n\t<meta property=\"og:image:height\" content=\"540\" \/>\n\t<meta property=\"og:image:type\" content=\"image\/jpeg\" \/>\n<meta name=\"author\" content=\"Quadratin\" \/>\n<meta name=\"twitter:card\" content=\"summary_large_image\" \/>\n<meta name=\"twitter:label1\" content=\"Escrito por\" \/>\n\t<meta name=\"twitter:data1\" content=\"Quadratin\" \/>\n\t<meta name=\"twitter:label2\" content=\"Tiempo de lectura\" \/>\n\t<meta name=\"twitter:data2\" content=\"1 minuto\" \/>\n<script type=\"application\/ld+json\" class=\"yoast-schema-graph\">{\"@context\":\"https:\\\/\\\/schema.org\",\"@graph\":[{\"@type\":\"Article\",\"@id\":\"https:\\\/\\\/www.bbmnoticias.com\\\/labravaradiofm\\\/2021\\\/11\\\/25\\\/toman-sindicalizados-oficinas-del-iebo\\\/#article\",\"isPartOf\":{\"@id\":\"https:\\\/\\\/www.bbmnoticias.com\\\/labravaradiofm\\\/2021\\\/11\\\/25\\\/toman-sindicalizados-oficinas-del-iebo\\\/\"},\"author\":{\"name\":\"Quadratin\",\"@id\":\"https:\\\/\\\/www.bbmnoticias.com\\\/labravaradiofm\\\/#\\\/schema\\\/person\\\/c316b6f6c03640cce5d9482ba5a8e5c2\"},\"headline\":\"Toman sindicalizados oficinas del IEBO\",\"datePublished\":\"2021-11-25T18:33:26+00:00\",\"dateModified\":\"2021-11-25T18:33:27+00:00\",\"mainEntityOfPage\":{\"@id\":\"https:\\\/\\\/www.bbmnoticias.com\\\/labravaradiofm\\\/2021\\\/11\\\/25\\\/toman-sindicalizados-oficinas-del-iebo\\\/\"},\"wordCount\":212,\"image\":{\"@id\":\"https:\\\/\\\/www.bbmnoticias.com\\\/labravaradiofm\\\/2021\\\/11\\\/25\\\/toman-sindicalizados-oficinas-del-iebo\\\/#primaryimage\"},\"thumbnailUrl\":\"https:\\\/\\\/www.bbmnoticias.com\\\/labravaradiofm\\\/wp-content\\\/uploads\\\/sites\\\/5\\\/2021\\\/11\\\/iebo25112021-1.jpg\",\"articleSection\":[\"LOCAL\"],\"inLanguage\":\"es\"},{\"@type\":\"WebPage\",\"@id\":\"https:\\\/\\\/www.bbmnoticias.com\\\/labravaradiofm\\\/2021\\\/11\\\/25\\\/toman-sindicalizados-oficinas-del-iebo\\\/\",\"url\":\"https:\\\/\\\/www.bbmnoticias.com\\\/labravaradiofm\\\/2021\\\/11\\\/25\\\/toman-sindicalizados-oficinas-del-iebo\\\/\",\"name\":\"Toman sindicalizados oficinas del IEBO - LA BRAVA RADIO\",\"isPartOf\":{\"@id\":\"https:\\\/\\\/www.bbmnoticias.com\\\/labravaradiofm\\\/#website\"},\"primaryImageOfPage\":{\"@id\":\"https:\\\/\\\/www.bbmnoticias.com\\\/labravaradiofm\\\/2021\\\/11\\\/25\\\/toman-sindicalizados-oficinas-del-iebo\\\/#primaryimage\"},\"image\":{\"@id\":\"https:\\\/\\\/www.bbmnoticias.com\\\/labravaradiofm\\\/2021\\\/11\\\/25\\\/toman-sindicalizados-oficinas-del-iebo\\\/#primaryimage\"},\"thumbnailUrl\":\"https:\\\/\\\/www.bbmnoticias.com\\\/labravaradiofm\\\/wp-content\\\/uploads\\\/sites\\\/5\\\/2021\\\/11\\\/iebo25112021-1.jpg\",\"datePublished\":\"2021-11-25T18:33:26+00:00\",\"dateModified\":\"2021-11-25T18:33:27+00:00\",\"author\":{\"@id\":\"https:\\\/\\\/www.bbmnoticias.com\\\/labravaradiofm\\\/#\\\/schema\\\/person\\\/c316b6f6c03640cce5d9482ba5a8e5c2\"},\"breadcrumb\":{\"@id\":\"https:\\\/\\\/www.bbmnoticias.com\\\/labravaradiofm\\\/2021\\\/11\\\/25\\\/toman-sindicalizados-oficinas-del-iebo\\\/#breadcrumb\"},\"inLanguage\":\"es\",\"potentialAction\":[{\"@type\":\"ReadAction\",\"target\":[\"https:\\\/\\\/www.bbmnoticias.com\\\/labravaradiofm\\\/2021\\\/11\\\/25\\\/toman-sindicalizados-oficinas-del-iebo\\\/\"]}]},{\"@type\":\"ImageObject\",\"inLanguage\":\"es\",\"@id\":\"https:\\\/\\\/www.bbmnoticias.com\\\/labravaradiofm\\\/2021\\\/11\\\/25\\\/toman-sindicalizados-oficinas-del-iebo\\\/#primaryimage\",\"url\":\"https:\\\/\\\/www.bbmnoticias.com\\\/labravaradiofm\\\/wp-content\\\/uploads\\\/sites\\\/5\\\/2021\\\/11\\\/iebo25112021-1.jpg\",\"contentUrl\":\"https:\\\/\\\/www.bbmnoticias.com\\\/labravaradiofm\\\/wp-content\\\/uploads\\\/sites\\\/5\\\/2021\\\/11\\\/iebo25112021-1.jpg\",\"width\":720,\"height\":540},{\"@type\":\"BreadcrumbList\",\"@id\":\"https:\\\/\\\/www.bbmnoticias.com\\\/labravaradiofm\\\/2021\\\/11\\\/25\\\/toman-sindicalizados-oficinas-del-iebo\\\/#breadcrumb\",\"itemListElement\":[{\"@type\":\"ListItem\",\"position\":1,\"name\":\"Inicio\",\"item\":\"https:\\\/\\\/www.bbmnoticias.com\\\/labravaradiofm\\\/\"},{\"@type\":\"ListItem\",\"position\":2,\"name\":\"Toman sindicalizados oficinas del IEBO\"}]},{\"@type\":\"WebSite\",\"@id\":\"https:\\\/\\\/www.bbmnoticias.com\\\/labravaradiofm\\\/#website\",\"url\":\"https:\\\/\\\/www.bbmnoticias.com\\\/labravaradiofm\\\/\",\"name\":\"LA BRAVA RADIO\",\"description\":\"Empresa productora de medios, Radiodifusi\u00f3n, Noticias, tendencias y todo lo que necesitas saber de la pol\u00edtica mexicana e internacional; entretenimiento, espect\u00e1culos, salud y mucho m\u00e1s.\",\"potentialAction\":[{\"@type\":\"SearchAction\",\"target\":{\"@type\":\"EntryPoint\",\"urlTemplate\":\"https:\\\/\\\/www.bbmnoticias.com\\\/labravaradiofm\\\/?s={search_term_string}\"},\"query-input\":{\"@type\":\"PropertyValueSpecification\",\"valueRequired\":true,\"valueName\":\"search_term_string\"}}],\"inLanguage\":\"es\"},{\"@type\":\"Person\",\"@id\":\"https:\\\/\\\/www.bbmnoticias.com\\\/labravaradiofm\\\/#\\\/schema\\\/person\\\/c316b6f6c03640cce5d9482ba5a8e5c2\",\"name\":\"Quadratin\",\"image\":{\"@type\":\"ImageObject\",\"inLanguage\":\"es\",\"@id\":\"https:\\\/\\\/secure.gravatar.com\\\/avatar\\\/34008d7d72488432d6a74f81e839efc9f754b118786ca32cf39d9d5508a68f63?s=96&d=mm&r=g\",\"url\":\"https:\\\/\\\/secure.gravatar.com\\\/avatar\\\/34008d7d72488432d6a74f81e839efc9f754b118786ca32cf39d9d5508a68f63?s=96&d=mm&r=g\",\"contentUrl\":\"https:\\\/\\\/secure.gravatar.com\\\/avatar\\\/34008d7d72488432d6a74f81e839efc9f754b118786ca32cf39d9d5508a68f63?s=96&d=mm&r=g\",\"caption\":\"Quadratin\"},\"url\":\"https:\\\/\\\/www.bbmnoticias.com\\\/labravaradiofm\\\/author\\\/quadratin\\\/\"}]}<\/script>\n<!-- \/ Yoast SEO plugin. -->","yoast_head_json":{"title":"Toman sindicalizados oficinas del IEBO - LA BRAVA RADIO","robots":{"index":"index","follow":"follow","max-snippet":"max-snippet:-1","max-image-preview":"max-image-preview:large","max-video-preview":"max-video-preview:-1"},"canonical":"https:\/\/www.bbmnoticias.com\/labravaradiofm\/2021\/11\/25\/toman-sindicalizados-oficinas-del-iebo\/","og_locale":"es_MX","og_type":"article","og_title":"Toman sindicalizados oficinas del IEBO - LA BRAVA RADIO","og_description":"OAXACA, Oax.- Docentes sindicalizados del Instituto de Estudios de Bachillerato de Oaxaca (IEBO) tomaron este jueves las oficinas de esta dependencia en la avenida Universidad. El vocero de este sindicato de reciente creaci\u00f3n, Marco Antonio Garc\u00eda dijo que est\u00e1n pidiendo que el IEBO firme un contrato colectivo de trabajo con ellos. Argument\u00f3 que solamente est\u00e1n [&hellip;]","og_url":"https:\/\/www.bbmnoticias.com\/labravaradiofm\/2021\/11\/25\/toman-sindicalizados-oficinas-del-iebo\/","og_site_name":"LA BRAVA RADIO","article_published_time":"2021-11-25T18:33:26+00:00","article_modified_time":"2021-11-25T18:33:27+00:00","og_image":[{"width":720,"height":540,"url":"https:\/\/www.bbmnoticias.com\/labravaradiofm\/wp-content\/uploads\/sites\/5\/2021\/11\/iebo25112021-1.jpg","type":"image\/jpeg"}],"author":"Quadratin","twitter_card":"summary_large_image","twitter_misc":{"Escrito por":"Quadratin","Tiempo de lectura":"1 minuto"},"schema":{"@context":"https:\/\/schema.org","@graph":[{"@type":"Article","@id":"https:\/\/www.bbmnoticias.com\/labravaradiofm\/2021\/11\/25\/toman-sindicalizados-oficinas-del-iebo\/#article","isPartOf":{"@id":"https:\/\/www.bbmnoticias.com\/labravaradiofm\/2021\/11\/25\/toman-sindicalizados-oficinas-del-iebo\/"},"author":{"name":"Quadratin","@id":"https:\/\/www.bbmnoticias.com\/labravaradiofm\/#\/schema\/person\/c316b6f6c03640cce5d9482ba5a8e5c2"},"headline":"Toman sindicalizados oficinas del IEBO","datePublished":"2021-11-25T18:33:26+00:00","dateModified":"2021-11-25T18:33:27+00:00","mainEntityOfPage":{"@id":"https:\/\/www.bbmnoticias.com\/labravaradiofm\/2021\/11\/25\/toman-sindicalizados-oficinas-del-iebo\/"},"wordCount":212,"image":{"@id":"https:\/\/www.bbmnoticias.com\/labravaradiofm\/2021\/11\/25\/toman-sindicalizados-oficinas-del-iebo\/#primaryimage"},"thumbnailUrl":"https:\/\/www.bbmnoticias.com\/labravaradiofm\/wp-content\/uploads\/sites\/5\/2021\/11\/iebo25112021-1.jpg","articleSection":["LOCAL"],"inLanguage":"es"},{"@type":"WebPage","@id":"https:\/\/www.bbmnoticias.com\/labravaradiofm\/2021\/11\/25\/toman-sindicalizados-oficinas-del-iebo\/","url":"https:\/\/www.bbmnoticias.com\/labravaradiofm\/2021\/11\/25\/toman-sindicalizados-oficinas-del-iebo\/","name":"Toman sindicalizados oficinas del IEBO - LA BRAVA RADIO","isPartOf":{"@id":"https:\/\/www.bbmnoticias.com\/labravaradiofm\/#website"},"primaryImageOfPage":{"@id":"https:\/\/www.bbmnoticias.com\/labravaradiofm\/2021\/11\/25\/toman-sindicalizados-oficinas-del-iebo\/#primaryimage"},"image":{"@id":"https:\/\/www.bbmnoticias.com\/labravaradiofm\/2021\/11\/25\/toman-sindicalizados-oficinas-del-iebo\/#primaryimage"},"thumbnailUrl":"https:\/\/www.bbmnoticias.com\/labravaradiofm\/wp-content\/uploads\/sites\/5\/2021\/11\/iebo25112021-1.jpg","datePublished":"2021-11-25T18:33:26+00:00","dateModified":"2021-11-25T18:33:27+00:00","author":{"@id":"https:\/\/www.bbmnoticias.com\/labravaradiofm\/#\/schema\/person\/c316b6f6c03640cce5d9482ba5a8e5c2"},"breadcrumb":{"@id":"https:\/\/www.bbmnoticias.com\/labravaradiofm\/2021\/11\/25\/toman-sindicalizados-oficinas-del-iebo\/#breadcrumb"},"inLanguage":"es","potentialAction":[{"@type":"ReadAction","target":["https:\/\/www.bbmnoticias.com\/labravaradiofm\/2021\/11\/25\/toman-sindicalizados-oficinas-del-iebo\/"]}]},{"@type":"ImageObject","inLanguage":"es","@id":"https:\/\/www.bbmnoticias.com\/labravaradiofm\/2021\/11\/25\/toman-sindicalizados-oficinas-del-iebo\/#primaryimage","url":"https:\/\/www.bbmnoticias.com\/labravaradiofm\/wp-content\/uploads\/sites\/5\/2021\/11\/iebo25112021-1.jpg","contentUrl":"https:\/\/www.bbmnoticias.com\/labravaradiofm\/wp-content\/uploads\/sites\/5\/2021\/11\/iebo25112021-1.jpg","width":720,"height":540},{"@type":"BreadcrumbList","@id":"https:\/\/www.bbmnoticias.com\/labravaradiofm\/2021\/11\/25\/toman-sindicalizados-oficinas-del-iebo\/#breadcrumb","itemListElement":[{"@type":"ListItem","position":1,"name":"Inicio","item":"https:\/\/www.bbmnoticias.com\/labravaradiofm\/"},{"@type":"ListItem","position":2,"name":"Toman sindicalizados oficinas del IEBO"}]},{"@type":"WebSite","@id":"https:\/\/www.bbmnoticias.com\/labravaradiofm\/#website","url":"https:\/\/www.bbmnoticias.com\/labravaradiofm\/","name":"LA BRAVA RADIO","description":"Empresa productora de medios, Radiodifusi\u00f3n, Noticias, tendencias y todo lo que necesitas saber de la pol\u00edtica mexicana e internacional; entretenimiento, espect\u00e1culos, salud y mucho m\u00e1s.","potentialAction":[{"@type":"SearchAction","target":{"@type":"EntryPoint","urlTemplate":"https:\/\/www.bbmnoticias.com\/labravaradiofm\/?s={search_term_string}"},"query-input":{"@type":"PropertyValueSpecification","valueRequired":true,"valueName":"search_term_string"}}],"inLanguage":"es"},{"@type":"Person","@id":"https:\/\/www.bbmnoticias.com\/labravaradiofm\/#\/schema\/person\/c316b6f6c03640cce5d9482ba5a8e5c2","name":"Quadratin","image":{"@type":"ImageObject","inLanguage":"es","@id":"https:\/\/secure.gravatar.com\/avatar\/34008d7d72488432d6a74f81e839efc9f754b118786ca32cf39d9d5508a68f63?s=96&d=mm&r=g","url":"https:\/\/secure.gravatar.com\/avatar\/34008d7d72488432d6a74f81e839efc9f754b118786ca32cf39d9d5508a68f63?s=96&d=mm&r=g","contentUrl":"https:\/\/secure.gravatar.com\/avatar\/34008d7d72488432d6a74f81e839efc9f754b118786ca32cf39d9d5508a68f63?s=96&d=mm&r=g","caption":"Quadratin"},"url":"https:\/\/www.bbmnoticias.com\/labravaradiofm\/author\/quadratin\/"}]}},"_links":{"self":[{"href":"https:\/\/www.bbmnoticias.com\/labravaradiofm\/wp-json\/wp\/v2\/posts\/6173","targetHints":{"allow":["GET"]}}],"collection":[{"href":"https:\/\/www.bbmnoticias.com\/labravaradiofm\/wp-json\/wp\/v2\/posts"}],"about":[{"href":"https:\/\/www.bbmnoticias.com\/labravaradiofm\/wp-json\/wp\/v2\/types\/post"}],"author":[{"embeddable":true,"href":"https:\/\/www.bbmnoticias.com\/labravaradiofm\/wp-json\/wp\/v2\/users\/5"}],"replies":[{"embeddable":true,"href":"https:\/\/www.bbmnoticias.com\/labravaradiofm\/wp-json\/wp\/v2\/comments?post=6173"}],"version-history":[{"count":0,"href":"https:\/\/www.bbmnoticias.com\/labravaradiofm\/wp-json\/wp\/v2\/posts\/6173\/revisions"}],"wp:featuredmedia":[{"embeddable":true,"href":"https:\/\/www.bbmnoticias.com\/labravaradiofm\/wp-json\/wp\/v2\/media\/6174"}],"wp:attachment":[{"href":"https:\/\/www.bbmnoticias.com\/labravaradiofm\/wp-json\/wp\/v2\/media?parent=6173"}],"wp:term":[{"taxonomy":"category","embeddable":true,"href":"https:\/\/www.bbmnoticias.com\/labravaradiofm\/wp-json\/wp\/v2\/categories?post=6173"},{"taxonomy":"post_tag","embeddable":true,"href":"https:\/\/www.bbmnoticias.com\/labravaradiofm\/wp-json\/wp\/v2\/tags?post=6173"}],"curies":[{"name":"wp","href":"https:\/\/api.w.org\/{rel}","templated":true}]}}