{"id":61610,"date":"2025-06-10T15:08:39","date_gmt":"2025-06-10T21:08:39","guid":{"rendered":"https:\/\/www.bbmnoticias.com\/labravaradiofm\/2025\/06\/10\/arranca-sebienti-en-la-mixteca-programa-vee-tata-salud-en-tu-municipio\/"},"modified":"2025-06-10T15:08:45","modified_gmt":"2025-06-10T21:08:45","slug":"arranca-sebienti-en-la-mixteca-programa-vee-tata-salud-en-tu-municipio","status":"publish","type":"post","link":"https:\/\/www.bbmnoticias.com\/labravaradiofm\/2025\/06\/10\/arranca-sebienti-en-la-mixteca-programa-vee-tata-salud-en-tu-municipio\/","title":{"rendered":"Arranca Sebienti en la Mixteca programa \u201cVe\u2019e Tata, Salud en tu Municipio\u201d"},"content":{"rendered":"<div style=\"margin-top: 0px; margin-bottom: 0px;\" class=\"sharethis-inline-share-buttons\" ><\/div>\n<p><strong>Asunci\u00f3n Nochixtl\u00e1n, Oax. 10 de junio de 2025.- <\/strong>La Secretar\u00eda de Bienestar, Tequio e Inclusi\u00f3n (Sebienti) puso en marcha en la regi\u00f3n de la Mixteca el programa \u201cVe\u2019e Tata, Salud en tu Municipio\u201d, estrategia que garantiza atenci\u00f3n m\u00e9dica gratuita, de calidad y con enfoque humanista en las comunidades m\u00e1s alejadas del estado.<\/p>\n\n\n\n<p>El arranque tuvo lugar en la explanada municipal de Asunci\u00f3n Nochixtl\u00e1n, con la participaci\u00f3n de autoridades estatales y municipales, encabezadas por la titular de la Sebienti, Vilma Mart\u00ednez Cort\u00e9s.<\/p>\n\n\n\n<p>Durante su mensaje, la funcionaria afirm\u00f3 que una de las prioridades del Gobierno de la Primavera Oaxaque\u00f1a es la salud de la poblaci\u00f3n, \u201cporque sin ella, no hay bienestar ni justicia social\u201d. Adem\u00e1s, destac\u00f3 que esta acci\u00f3n representa un paso firme hacia la equidad y la dignidad.<\/p>\n\n\n\n<p>\u201cVe\u2019e Tata\u201d busca recorrer los 570 municipios de Oaxaca, ofreciendo servicios m\u00e9dicos como consultas generales, odontolog\u00eda, psicolog\u00eda, nutrici\u00f3n, atenci\u00f3n especializada, vacunaci\u00f3n, entrega de medicamentos, afiliaciones a Farmacias Bienestar, y orientaci\u00f3n en salud y programas sociales, a trav\u00e9s de unidades m\u00f3viles equipadas y personal especializado.<\/p>\n\n\n\n<p>\u201cEn este gobierno, el bienestar no es una promesa, es un compromiso real y tangible\u201d, expres\u00f3 la funcionaria.<\/p>\n\n\n\n<p>Afirm\u00f3 que este esfuerzo no es de una sola dependencia, sino, es la suma de voluntades del IMSS Bienestar, Servicios de Salud de Oaxaca y DIF Estatal.<\/p>\n\n\n\n<p>Esta jornada tambi\u00e9n marc\u00f3 el inicio de actividades en municipios como San Andr\u00e9s Lagunas, Santa Cruz Nundaco, Santa Mar\u00eda Nduayaco, San Pedro Yucunama, Santo Tom\u00e1s Ocotepec, Santa Catarina Tayata, San Juan Teposcolula, Santa Mar\u00eda Yucuhiti y San Miguel Achiutla. Tan solo en este mes 60 municipios ser\u00e1n atendidos.<\/p>\n\n\n\n<p>Con este programa, el Gobierno del Estado hace lo que nunca se hizo por la salud de la poblaci\u00f3n m\u00e1s vulnerable; garantizado su acceso a la atenci\u00f3n m\u00e9dica en sus comunidades.<\/p>\n","protected":false},"excerpt":{"rendered":"<p>Asunci\u00f3n Nochixtl\u00e1n, Oax. 10 de junio de 2025.- La Secretar\u00eda de Bienestar, Tequio e Inclusi\u00f3n (Sebienti) puso en marcha en la regi\u00f3n de la Mixteca el programa \u201cVe\u2019e Tata, Salud en tu Municipio\u201d, estrategia que garantiza atenci\u00f3n m\u00e9dica gratuita, de calidad y con enfoque humanista en las comunidades m\u00e1s alejadas del estado. El arranque tuvo [&hellip;]<\/p>\n","protected":false},"author":2,"featured_media":61612,"comment_status":"closed","ping_status":"","sticky":false,"template":"","format":"standard","meta":{"footnotes":""},"categories":[2],"tags":[],"class_list":{"0":"post-61610","1":"post","2":"type-post","3":"status-publish","4":"format-standard","5":"has-post-thumbnail","7":"category-oaxaca"},"yoast_head":"<!-- This site is optimized with the Yoast SEO plugin v27.4 - https:\/\/yoast.com\/product\/yoast-seo-wordpress\/ -->\n<title>Arranca Sebienti en la Mixteca programa \u201cVe\u2019e Tata, Salud en tu Municipio\u201d - LA BRAVA RADIO<\/title>\n<meta name=\"robots\" content=\"index, follow, max-snippet:-1, max-image-preview:large, max-video-preview:-1\" \/>\n<link rel=\"canonical\" href=\"https:\/\/www.bbmnoticias.com\/blog\/2025\/06\/10\/arranca-sebienti-en-la-mixteca-programa-vee-tata-salud-en-tu-municipio\/\" \/>\n<meta property=\"og:locale\" content=\"es_MX\" \/>\n<meta property=\"og:type\" content=\"article\" \/>\n<meta property=\"og:title\" content=\"Arranca Sebienti en la Mixteca programa \u201cVe\u2019e Tata, Salud en tu Municipio\u201d - LA BRAVA RADIO\" \/>\n<meta property=\"og:description\" content=\"Asunci\u00f3n Nochixtl\u00e1n, Oax. 10 de junio de 2025.- La Secretar\u00eda de Bienestar, Tequio e Inclusi\u00f3n (Sebienti) puso en marcha en la regi\u00f3n de la Mixteca el programa \u201cVe\u2019e Tata, Salud en tu Municipio\u201d, estrategia que garantiza atenci\u00f3n m\u00e9dica gratuita, de calidad y con enfoque humanista en las comunidades m\u00e1s alejadas del estado. El arranque tuvo [&hellip;]\" \/>\n<meta property=\"og:url\" content=\"https:\/\/www.bbmnoticias.com\/blog\/2025\/06\/10\/arranca-sebienti-en-la-mixteca-programa-vee-tata-salud-en-tu-municipio\/\" \/>\n<meta property=\"og:site_name\" content=\"LA BRAVA RADIO\" \/>\n<meta property=\"article:published_time\" content=\"2025-06-10T21:08:39+00:00\" \/>\n<meta property=\"article:modified_time\" content=\"2025-06-10T21:08:45+00:00\" \/>\n<meta property=\"og:image\" content=\"https:\/\/www.bbmnoticias.com\/labravaradiofm\/wp-content\/uploads\/sites\/5\/2025\/06\/sebienti_oaxaca.jpg\" \/>\n\t<meta property=\"og:image:width\" content=\"800\" \/>\n\t<meta property=\"og:image:height\" content=\"449\" \/>\n\t<meta property=\"og:image:type\" content=\"image\/jpeg\" \/>\n<meta name=\"author\" content=\"Staff\" \/>\n<meta name=\"twitter:card\" content=\"summary_large_image\" \/>\n<meta name=\"twitter:label1\" content=\"Escrito por\" \/>\n\t<meta name=\"twitter:data1\" content=\"Staff\" \/>\n\t<meta name=\"twitter:label2\" content=\"Tiempo de lectura\" \/>\n\t<meta name=\"twitter:data2\" content=\"2 minutos\" \/>\n<script type=\"application\/ld+json\" class=\"yoast-schema-graph\">{\"@context\":\"https:\\\/\\\/schema.org\",\"@graph\":[{\"@type\":\"Article\",\"@id\":\"https:\\\/\\\/www.bbmnoticias.com\\\/blog\\\/2025\\\/06\\\/10\\\/arranca-sebienti-en-la-mixteca-programa-vee-tata-salud-en-tu-municipio\\\/#article\",\"isPartOf\":{\"@id\":\"https:\\\/\\\/www.bbmnoticias.com\\\/labravaradiofm\\\/2025\\\/06\\\/10\\\/arranca-sebienti-en-la-mixteca-programa-vee-tata-salud-en-tu-municipio\\\/\"},\"author\":{\"name\":\"Staff\",\"@id\":\"https:\\\/\\\/www.bbmnoticias.com\\\/labravaradiofm\\\/#\\\/schema\\\/person\\\/34b139c617a70ea5bef5678bffe4dd7b\"},\"headline\":\"Arranca Sebienti en la Mixteca programa \u201cVe\u2019e Tata, Salud en tu Municipio\u201d\",\"datePublished\":\"2025-06-10T21:08:39+00:00\",\"dateModified\":\"2025-06-10T21:08:45+00:00\",\"mainEntityOfPage\":{\"@id\":\"https:\\\/\\\/www.bbmnoticias.com\\\/labravaradiofm\\\/2025\\\/06\\\/10\\\/arranca-sebienti-en-la-mixteca-programa-vee-tata-salud-en-tu-municipio\\\/\"},\"wordCount\":344,\"image\":{\"@id\":\"https:\\\/\\\/www.bbmnoticias.com\\\/blog\\\/2025\\\/06\\\/10\\\/arranca-sebienti-en-la-mixteca-programa-vee-tata-salud-en-tu-municipio\\\/#primaryimage\"},\"thumbnailUrl\":\"https:\\\/\\\/www.bbmnoticias.com\\\/labravaradiofm\\\/wp-content\\\/uploads\\\/sites\\\/5\\\/2025\\\/06\\\/sebienti_oaxaca.jpg\",\"articleSection\":[\"LOCAL\"],\"inLanguage\":\"es\"},{\"@type\":\"WebPage\",\"@id\":\"https:\\\/\\\/www.bbmnoticias.com\\\/labravaradiofm\\\/2025\\\/06\\\/10\\\/arranca-sebienti-en-la-mixteca-programa-vee-tata-salud-en-tu-municipio\\\/\",\"url\":\"https:\\\/\\\/www.bbmnoticias.com\\\/blog\\\/2025\\\/06\\\/10\\\/arranca-sebienti-en-la-mixteca-programa-vee-tata-salud-en-tu-municipio\\\/\",\"name\":\"Arranca Sebienti en la Mixteca programa \u201cVe\u2019e Tata, Salud en tu Municipio\u201d - LA BRAVA RADIO\",\"isPartOf\":{\"@id\":\"https:\\\/\\\/www.bbmnoticias.com\\\/labravaradiofm\\\/#website\"},\"primaryImageOfPage\":{\"@id\":\"https:\\\/\\\/www.bbmnoticias.com\\\/blog\\\/2025\\\/06\\\/10\\\/arranca-sebienti-en-la-mixteca-programa-vee-tata-salud-en-tu-municipio\\\/#primaryimage\"},\"image\":{\"@id\":\"https:\\\/\\\/www.bbmnoticias.com\\\/blog\\\/2025\\\/06\\\/10\\\/arranca-sebienti-en-la-mixteca-programa-vee-tata-salud-en-tu-municipio\\\/#primaryimage\"},\"thumbnailUrl\":\"https:\\\/\\\/www.bbmnoticias.com\\\/labravaradiofm\\\/wp-content\\\/uploads\\\/sites\\\/5\\\/2025\\\/06\\\/sebienti_oaxaca.jpg\",\"datePublished\":\"2025-06-10T21:08:39+00:00\",\"dateModified\":\"2025-06-10T21:08:45+00:00\",\"author\":{\"@id\":\"https:\\\/\\\/www.bbmnoticias.com\\\/labravaradiofm\\\/#\\\/schema\\\/person\\\/34b139c617a70ea5bef5678bffe4dd7b\"},\"breadcrumb\":{\"@id\":\"https:\\\/\\\/www.bbmnoticias.com\\\/blog\\\/2025\\\/06\\\/10\\\/arranca-sebienti-en-la-mixteca-programa-vee-tata-salud-en-tu-municipio\\\/#breadcrumb\"},\"inLanguage\":\"es\",\"potentialAction\":[{\"@type\":\"ReadAction\",\"target\":[\"https:\\\/\\\/www.bbmnoticias.com\\\/blog\\\/2025\\\/06\\\/10\\\/arranca-sebienti-en-la-mixteca-programa-vee-tata-salud-en-tu-municipio\\\/\"]}]},{\"@type\":\"ImageObject\",\"inLanguage\":\"es\",\"@id\":\"https:\\\/\\\/www.bbmnoticias.com\\\/blog\\\/2025\\\/06\\\/10\\\/arranca-sebienti-en-la-mixteca-programa-vee-tata-salud-en-tu-municipio\\\/#primaryimage\",\"url\":\"https:\\\/\\\/www.bbmnoticias.com\\\/labravaradiofm\\\/wp-content\\\/uploads\\\/sites\\\/5\\\/2025\\\/06\\\/sebienti_oaxaca.jpg\",\"contentUrl\":\"https:\\\/\\\/www.bbmnoticias.com\\\/labravaradiofm\\\/wp-content\\\/uploads\\\/sites\\\/5\\\/2025\\\/06\\\/sebienti_oaxaca.jpg\",\"width\":800,\"height\":449},{\"@type\":\"BreadcrumbList\",\"@id\":\"https:\\\/\\\/www.bbmnoticias.com\\\/blog\\\/2025\\\/06\\\/10\\\/arranca-sebienti-en-la-mixteca-programa-vee-tata-salud-en-tu-municipio\\\/#breadcrumb\",\"itemListElement\":[{\"@type\":\"ListItem\",\"position\":1,\"name\":\"Inicio\",\"item\":\"https:\\\/\\\/www.bbmnoticias.com\\\/labravaradiofm\\\/\"},{\"@type\":\"ListItem\",\"position\":2,\"name\":\"Arranca Sebienti en la Mixteca programa \u201cVe\u2019e Tata, Salud en tu Municipio\u201d\"}]},{\"@type\":\"WebSite\",\"@id\":\"https:\\\/\\\/www.bbmnoticias.com\\\/labravaradiofm\\\/#website\",\"url\":\"https:\\\/\\\/www.bbmnoticias.com\\\/labravaradiofm\\\/\",\"name\":\"LA BRAVA RADIO\",\"description\":\"Empresa productora de medios, Radiodifusi\u00f3n, Noticias, tendencias y todo lo que necesitas saber de la pol\u00edtica mexicana e internacional; entretenimiento, espect\u00e1culos, salud y mucho m\u00e1s.\",\"potentialAction\":[{\"@type\":\"SearchAction\",\"target\":{\"@type\":\"EntryPoint\",\"urlTemplate\":\"https:\\\/\\\/www.bbmnoticias.com\\\/labravaradiofm\\\/?s={search_term_string}\"},\"query-input\":{\"@type\":\"PropertyValueSpecification\",\"valueRequired\":true,\"valueName\":\"search_term_string\"}}],\"inLanguage\":\"es\"},{\"@type\":\"Person\",\"@id\":\"https:\\\/\\\/www.bbmnoticias.com\\\/labravaradiofm\\\/#\\\/schema\\\/person\\\/34b139c617a70ea5bef5678bffe4dd7b\",\"name\":\"Staff\",\"image\":{\"@type\":\"ImageObject\",\"inLanguage\":\"es\",\"@id\":\"https:\\\/\\\/secure.gravatar.com\\\/avatar\\\/fdd21ad66fd8b98c407f9dee5b5e588cfe7f0d8579ec20fa6527cd59bab7f0f0?s=96&d=mm&r=g\",\"url\":\"https:\\\/\\\/secure.gravatar.com\\\/avatar\\\/fdd21ad66fd8b98c407f9dee5b5e588cfe7f0d8579ec20fa6527cd59bab7f0f0?s=96&d=mm&r=g\",\"contentUrl\":\"https:\\\/\\\/secure.gravatar.com\\\/avatar\\\/fdd21ad66fd8b98c407f9dee5b5e588cfe7f0d8579ec20fa6527cd59bab7f0f0?s=96&d=mm&r=g\",\"caption\":\"Staff\"},\"url\":\"https:\\\/\\\/www.bbmnoticias.com\\\/labravaradiofm\\\/author\\\/redaccion\\\/\"}]}<\/script>\n<!-- \/ Yoast SEO plugin. -->","yoast_head_json":{"title":"Arranca Sebienti en la Mixteca programa \u201cVe\u2019e Tata, Salud en tu Municipio\u201d - LA BRAVA RADIO","robots":{"index":"index","follow":"follow","max-snippet":"max-snippet:-1","max-image-preview":"max-image-preview:large","max-video-preview":"max-video-preview:-1"},"canonical":"https:\/\/www.bbmnoticias.com\/blog\/2025\/06\/10\/arranca-sebienti-en-la-mixteca-programa-vee-tata-salud-en-tu-municipio\/","og_locale":"es_MX","og_type":"article","og_title":"Arranca Sebienti en la Mixteca programa \u201cVe\u2019e Tata, Salud en tu Municipio\u201d - LA BRAVA RADIO","og_description":"Asunci\u00f3n Nochixtl\u00e1n, Oax. 10 de junio de 2025.- La Secretar\u00eda de Bienestar, Tequio e Inclusi\u00f3n (Sebienti) puso en marcha en la regi\u00f3n de la Mixteca el programa \u201cVe\u2019e Tata, Salud en tu Municipio\u201d, estrategia que garantiza atenci\u00f3n m\u00e9dica gratuita, de calidad y con enfoque humanista en las comunidades m\u00e1s alejadas del estado. El arranque tuvo [&hellip;]","og_url":"https:\/\/www.bbmnoticias.com\/blog\/2025\/06\/10\/arranca-sebienti-en-la-mixteca-programa-vee-tata-salud-en-tu-municipio\/","og_site_name":"LA BRAVA RADIO","article_published_time":"2025-06-10T21:08:39+00:00","article_modified_time":"2025-06-10T21:08:45+00:00","og_image":[{"width":800,"height":449,"url":"https:\/\/www.bbmnoticias.com\/labravaradiofm\/wp-content\/uploads\/sites\/5\/2025\/06\/sebienti_oaxaca.jpg","type":"image\/jpeg"}],"author":"Staff","twitter_card":"summary_large_image","twitter_misc":{"Escrito por":"Staff","Tiempo de lectura":"2 minutos"},"schema":{"@context":"https:\/\/schema.org","@graph":[{"@type":"Article","@id":"https:\/\/www.bbmnoticias.com\/blog\/2025\/06\/10\/arranca-sebienti-en-la-mixteca-programa-vee-tata-salud-en-tu-municipio\/#article","isPartOf":{"@id":"https:\/\/www.bbmnoticias.com\/labravaradiofm\/2025\/06\/10\/arranca-sebienti-en-la-mixteca-programa-vee-tata-salud-en-tu-municipio\/"},"author":{"name":"Staff","@id":"https:\/\/www.bbmnoticias.com\/labravaradiofm\/#\/schema\/person\/34b139c617a70ea5bef5678bffe4dd7b"},"headline":"Arranca Sebienti en la Mixteca programa \u201cVe\u2019e Tata, Salud en tu Municipio\u201d","datePublished":"2025-06-10T21:08:39+00:00","dateModified":"2025-06-10T21:08:45+00:00","mainEntityOfPage":{"@id":"https:\/\/www.bbmnoticias.com\/labravaradiofm\/2025\/06\/10\/arranca-sebienti-en-la-mixteca-programa-vee-tata-salud-en-tu-municipio\/"},"wordCount":344,"image":{"@id":"https:\/\/www.bbmnoticias.com\/blog\/2025\/06\/10\/arranca-sebienti-en-la-mixteca-programa-vee-tata-salud-en-tu-municipio\/#primaryimage"},"thumbnailUrl":"https:\/\/www.bbmnoticias.com\/labravaradiofm\/wp-content\/uploads\/sites\/5\/2025\/06\/sebienti_oaxaca.jpg","articleSection":["LOCAL"],"inLanguage":"es"},{"@type":"WebPage","@id":"https:\/\/www.bbmnoticias.com\/labravaradiofm\/2025\/06\/10\/arranca-sebienti-en-la-mixteca-programa-vee-tata-salud-en-tu-municipio\/","url":"https:\/\/www.bbmnoticias.com\/blog\/2025\/06\/10\/arranca-sebienti-en-la-mixteca-programa-vee-tata-salud-en-tu-municipio\/","name":"Arranca Sebienti en la Mixteca programa \u201cVe\u2019e Tata, Salud en tu Municipio\u201d - LA BRAVA RADIO","isPartOf":{"@id":"https:\/\/www.bbmnoticias.com\/labravaradiofm\/#website"},"primaryImageOfPage":{"@id":"https:\/\/www.bbmnoticias.com\/blog\/2025\/06\/10\/arranca-sebienti-en-la-mixteca-programa-vee-tata-salud-en-tu-municipio\/#primaryimage"},"image":{"@id":"https:\/\/www.bbmnoticias.com\/blog\/2025\/06\/10\/arranca-sebienti-en-la-mixteca-programa-vee-tata-salud-en-tu-municipio\/#primaryimage"},"thumbnailUrl":"https:\/\/www.bbmnoticias.com\/labravaradiofm\/wp-content\/uploads\/sites\/5\/2025\/06\/sebienti_oaxaca.jpg","datePublished":"2025-06-10T21:08:39+00:00","dateModified":"2025-06-10T21:08:45+00:00","author":{"@id":"https:\/\/www.bbmnoticias.com\/labravaradiofm\/#\/schema\/person\/34b139c617a70ea5bef5678bffe4dd7b"},"breadcrumb":{"@id":"https:\/\/www.bbmnoticias.com\/blog\/2025\/06\/10\/arranca-sebienti-en-la-mixteca-programa-vee-tata-salud-en-tu-municipio\/#breadcrumb"},"inLanguage":"es","potentialAction":[{"@type":"ReadAction","target":["https:\/\/www.bbmnoticias.com\/blog\/2025\/06\/10\/arranca-sebienti-en-la-mixteca-programa-vee-tata-salud-en-tu-municipio\/"]}]},{"@type":"ImageObject","inLanguage":"es","@id":"https:\/\/www.bbmnoticias.com\/blog\/2025\/06\/10\/arranca-sebienti-en-la-mixteca-programa-vee-tata-salud-en-tu-municipio\/#primaryimage","url":"https:\/\/www.bbmnoticias.com\/labravaradiofm\/wp-content\/uploads\/sites\/5\/2025\/06\/sebienti_oaxaca.jpg","contentUrl":"https:\/\/www.bbmnoticias.com\/labravaradiofm\/wp-content\/uploads\/sites\/5\/2025\/06\/sebienti_oaxaca.jpg","width":800,"height":449},{"@type":"BreadcrumbList","@id":"https:\/\/www.bbmnoticias.com\/blog\/2025\/06\/10\/arranca-sebienti-en-la-mixteca-programa-vee-tata-salud-en-tu-municipio\/#breadcrumb","itemListElement":[{"@type":"ListItem","position":1,"name":"Inicio","item":"https:\/\/www.bbmnoticias.com\/labravaradiofm\/"},{"@type":"ListItem","position":2,"name":"Arranca Sebienti en la Mixteca programa \u201cVe\u2019e Tata, Salud en tu Municipio\u201d"}]},{"@type":"WebSite","@id":"https:\/\/www.bbmnoticias.com\/labravaradiofm\/#website","url":"https:\/\/www.bbmnoticias.com\/labravaradiofm\/","name":"LA BRAVA RADIO","description":"Empresa productora de medios, Radiodifusi\u00f3n, Noticias, tendencias y todo lo que necesitas saber de la pol\u00edtica mexicana e internacional; entretenimiento, espect\u00e1culos, salud y mucho m\u00e1s.","potentialAction":[{"@type":"SearchAction","target":{"@type":"EntryPoint","urlTemplate":"https:\/\/www.bbmnoticias.com\/labravaradiofm\/?s={search_term_string}"},"query-input":{"@type":"PropertyValueSpecification","valueRequired":true,"valueName":"search_term_string"}}],"inLanguage":"es"},{"@type":"Person","@id":"https:\/\/www.bbmnoticias.com\/labravaradiofm\/#\/schema\/person\/34b139c617a70ea5bef5678bffe4dd7b","name":"Staff","image":{"@type":"ImageObject","inLanguage":"es","@id":"https:\/\/secure.gravatar.com\/avatar\/fdd21ad66fd8b98c407f9dee5b5e588cfe7f0d8579ec20fa6527cd59bab7f0f0?s=96&d=mm&r=g","url":"https:\/\/secure.gravatar.com\/avatar\/fdd21ad66fd8b98c407f9dee5b5e588cfe7f0d8579ec20fa6527cd59bab7f0f0?s=96&d=mm&r=g","contentUrl":"https:\/\/secure.gravatar.com\/avatar\/fdd21ad66fd8b98c407f9dee5b5e588cfe7f0d8579ec20fa6527cd59bab7f0f0?s=96&d=mm&r=g","caption":"Staff"},"url":"https:\/\/www.bbmnoticias.com\/labravaradiofm\/author\/redaccion\/"}]}},"_links":{"self":[{"href":"https:\/\/www.bbmnoticias.com\/labravaradiofm\/wp-json\/wp\/v2\/posts\/61610","targetHints":{"allow":["GET"]}}],"collection":[{"href":"https:\/\/www.bbmnoticias.com\/labravaradiofm\/wp-json\/wp\/v2\/posts"}],"about":[{"href":"https:\/\/www.bbmnoticias.com\/labravaradiofm\/wp-json\/wp\/v2\/types\/post"}],"author":[{"embeddable":true,"href":"https:\/\/www.bbmnoticias.com\/labravaradiofm\/wp-json\/wp\/v2\/users\/2"}],"replies":[{"embeddable":true,"href":"https:\/\/www.bbmnoticias.com\/labravaradiofm\/wp-json\/wp\/v2\/comments?post=61610"}],"version-history":[{"count":0,"href":"https:\/\/www.bbmnoticias.com\/labravaradiofm\/wp-json\/wp\/v2\/posts\/61610\/revisions"}],"wp:featuredmedia":[{"embeddable":true,"href":"https:\/\/www.bbmnoticias.com\/labravaradiofm\/wp-json\/wp\/v2\/media\/61612"}],"wp:attachment":[{"href":"https:\/\/www.bbmnoticias.com\/labravaradiofm\/wp-json\/wp\/v2\/media?parent=61610"}],"wp:term":[{"taxonomy":"category","embeddable":true,"href":"https:\/\/www.bbmnoticias.com\/labravaradiofm\/wp-json\/wp\/v2\/categories?post=61610"},{"taxonomy":"post_tag","embeddable":true,"href":"https:\/\/www.bbmnoticias.com\/labravaradiofm\/wp-json\/wp\/v2\/tags?post=61610"}],"curies":[{"name":"wp","href":"https:\/\/api.w.org\/{rel}","templated":true}]}}