{"id":61598,"date":"2025-06-10T12:42:53","date_gmt":"2025-06-10T18:42:53","guid":{"rendered":"https:\/\/www.bbmnoticias.com\/labravaradiofm\/2025\/06\/10\/kristi-noem-acusa-a-la-presidenta-sheinbaum-de-alentar-las-protestas-en-los-angeles\/"},"modified":"2025-06-10T12:53:27","modified_gmt":"2025-06-10T18:53:27","slug":"kristi-noem-acusa-a-la-presidenta-sheinbaum-de-alentar-las-protestas-en-los-angeles","status":"publish","type":"post","link":"https:\/\/www.bbmnoticias.com\/labravaradiofm\/2025\/06\/10\/kristi-noem-acusa-a-la-presidenta-sheinbaum-de-alentar-las-protestas-en-los-angeles\/","title":{"rendered":"Kristi Noem acusa a la presidenta Sheinbaum de alentar las protestas en Los \u00c1ngeles"},"content":{"rendered":"<div style=\"margin-top: 0px; margin-bottom: 0px;\" class=\"sharethis-inline-share-buttons\" ><\/div>\n<p>La secretaria de Seguridad Nacional de Estados Unidos, <strong>Kristi<\/strong> <strong>Noem<\/strong>, acus\u00f3 a la presidenta de M\u00e9xico, <strong>Claudia Sheinbaum<\/strong>, de <strong>alentar<\/strong> las protestas desatadas en <strong>Los \u00c1ngeles<\/strong> (California) contra las <strong>redadas migratorias<\/strong>.<\/p>\n\n\n\n<p>\u201cSheinbaum alent\u00f3 m\u00e1s protestas y lo condeno\u201d, declar\u00f3 Noem en una conferencia de prensa en el Despacho Oval junto al presidente estadounidense, Donald Trump.<\/p>\n\n\n\n<figure class=\"wp-block-embed is-type-rich is-provider-twitter wp-block-embed-twitter\"><div class=\"wp-block-embed__wrapper\">\n<blockquote class=\"twitter-tweet\" data-width=\"550\" data-dnt=\"true\"><p lang=\"es\" dir=\"ltr\">Hace unos momentos, ante una pregunta de un medio, la secretaria de Seguridad Interior de los Estados Unidos, equivocadamente mencion\u00f3 que alent\u00e9 protestas violentas en Los \u00c1ngeles. Le informo que es absolutamente falso. Aqu\u00ed dejo mi declaraci\u00f3n del d\u00eda de ayer donde claramente\u2026 <a href=\"https:\/\/t.co\/LEiVxdmvJv\">pic.twitter.com\/LEiVxdmvJv<\/a><\/p>&mdash; Claudia Sheinbaum Pardo (@Claudiashein) <a href=\"https:\/\/twitter.com\/Claudiashein\/status\/1932505129548157307?ref_src=twsrc%5Etfw\">June 10, 2025<\/a><\/blockquote><script async src=\"https:\/\/platform.twitter.com\/widgets.js\" charset=\"utf-8\"><\/script>\n<\/div><\/figure>\n\n\n\n<p>Finalmente, la jefa del Ejecutivo aclar\u00f3 su declaraci\u00f3n con un video donde afirm\u00f3 estar en desacuerdo con las protestas violentas que se han suscitado en los \u00faltimos d\u00edas en Los \u00c1ngeles.&nbsp;<\/p>\n\n\n\n<p>Con informaci\u00f3n de EFE<\/p>\n","protected":false},"excerpt":{"rendered":"<p>La secretaria de Seguridad Nacional de Estados Unidos, Kristi Noem, acus\u00f3 a la presidenta de M\u00e9xico, Claudia Sheinbaum, de alentar las protestas desatadas en Los \u00c1ngeles (California) contra las redadas migratorias. \u201cSheinbaum alent\u00f3 m\u00e1s protestas y lo condeno\u201d, declar\u00f3 Noem en una conferencia de prensa en el Despacho Oval junto al presidente estadounidense, Donald Trump. [&hellip;]<\/p>\n","protected":false},"author":4,"featured_media":61604,"comment_status":"closed","ping_status":"","sticky":false,"template":"","format":"standard","meta":{"footnotes":""},"categories":[2,19],"tags":[],"class_list":{"0":"post-61598","1":"post","2":"type-post","3":"status-publish","4":"format-standard","5":"has-post-thumbnail","7":"category-oaxaca","8":"category-nacional"},"yoast_head":"<!-- This site is optimized with the Yoast SEO plugin v27.4 - https:\/\/yoast.com\/product\/yoast-seo-wordpress\/ -->\n<title>Kristi Noem acusa a la presidenta Sheinbaum de alentar las protestas en Los \u00c1ngeles - LA BRAVA RADIO<\/title>\n<meta name=\"robots\" content=\"index, follow, max-snippet:-1, max-image-preview:large, max-video-preview:-1\" \/>\n<link rel=\"canonical\" href=\"https:\/\/www.bbmnoticias.com\/blog\/2025\/06\/10\/kristi-noem-acusa-a-la-presidenta-sheinbaum-de-alentar-las-protestas-en-los-angeles\/\" \/>\n<meta property=\"og:locale\" content=\"es_MX\" \/>\n<meta property=\"og:type\" content=\"article\" \/>\n<meta property=\"og:title\" content=\"Kristi Noem acusa a la presidenta Sheinbaum de alentar las protestas en Los \u00c1ngeles - LA BRAVA RADIO\" \/>\n<meta property=\"og:description\" content=\"La secretaria de Seguridad Nacional de Estados Unidos, Kristi Noem, acus\u00f3 a la presidenta de M\u00e9xico, Claudia Sheinbaum, de alentar las protestas desatadas en Los \u00c1ngeles (California) contra las redadas migratorias. \u201cSheinbaum alent\u00f3 m\u00e1s protestas y lo condeno\u201d, declar\u00f3 Noem en una conferencia de prensa en el Despacho Oval junto al presidente estadounidense, Donald Trump. [&hellip;]\" \/>\n<meta property=\"og:url\" content=\"https:\/\/www.bbmnoticias.com\/blog\/2025\/06\/10\/kristi-noem-acusa-a-la-presidenta-sheinbaum-de-alentar-las-protestas-en-los-angeles\/\" \/>\n<meta property=\"og:site_name\" content=\"LA BRAVA RADIO\" \/>\n<meta property=\"article:published_time\" content=\"2025-06-10T18:42:53+00:00\" \/>\n<meta property=\"article:modified_time\" content=\"2025-06-10T18:53:27+00:00\" \/>\n<meta property=\"og:image\" content=\"https:\/\/www.bbmnoticias.com\/labravaradiofm\/wp-content\/uploads\/sites\/5\/2025\/06\/bandera_mexico.jpg\" \/>\n\t<meta property=\"og:image:width\" content=\"800\" \/>\n\t<meta property=\"og:image:height\" content=\"484\" \/>\n\t<meta property=\"og:image:type\" content=\"image\/jpeg\" \/>\n<meta name=\"author\" content=\"Agencias\" \/>\n<meta name=\"twitter:card\" content=\"summary_large_image\" \/>\n<meta name=\"twitter:label1\" content=\"Escrito por\" \/>\n\t<meta name=\"twitter:data1\" content=\"Agencias\" \/>\n\t<meta name=\"twitter:label2\" content=\"Tiempo de lectura\" \/>\n\t<meta name=\"twitter:data2\" content=\"1 minuto\" \/>\n<script type=\"application\/ld+json\" class=\"yoast-schema-graph\">{\"@context\":\"https:\\\/\\\/schema.org\",\"@graph\":[{\"@type\":\"Article\",\"@id\":\"https:\\\/\\\/www.bbmnoticias.com\\\/blog\\\/2025\\\/06\\\/10\\\/kristi-noem-acusa-a-la-presidenta-sheinbaum-de-alentar-las-protestas-en-los-angeles\\\/#article\",\"isPartOf\":{\"@id\":\"https:\\\/\\\/www.bbmnoticias.com\\\/labravaradiofm\\\/2025\\\/06\\\/10\\\/kristi-noem-acusa-a-la-presidenta-sheinbaum-de-alentar-las-protestas-en-los-angeles\\\/\"},\"author\":{\"name\":\"Agencias\",\"@id\":\"https:\\\/\\\/www.bbmnoticias.com\\\/labravaradiofm\\\/#\\\/schema\\\/person\\\/857a3daf5c8142f29919023f377fbfad\"},\"headline\":\"Kristi Noem acusa a la presidenta Sheinbaum de alentar las protestas en Los \u00c1ngeles\",\"datePublished\":\"2025-06-10T18:42:53+00:00\",\"dateModified\":\"2025-06-10T18:53:27+00:00\",\"mainEntityOfPage\":{\"@id\":\"https:\\\/\\\/www.bbmnoticias.com\\\/labravaradiofm\\\/2025\\\/06\\\/10\\\/kristi-noem-acusa-a-la-presidenta-sheinbaum-de-alentar-las-protestas-en-los-angeles\\\/\"},\"wordCount\":115,\"image\":{\"@id\":\"https:\\\/\\\/www.bbmnoticias.com\\\/blog\\\/2025\\\/06\\\/10\\\/kristi-noem-acusa-a-la-presidenta-sheinbaum-de-alentar-las-protestas-en-los-angeles\\\/#primaryimage\"},\"thumbnailUrl\":\"https:\\\/\\\/www.bbmnoticias.com\\\/labravaradiofm\\\/wp-content\\\/uploads\\\/sites\\\/5\\\/2025\\\/06\\\/bandera_mexico.jpg\",\"articleSection\":[\"LOCAL\",\"NACIONAL\"],\"inLanguage\":\"es\"},{\"@type\":\"WebPage\",\"@id\":\"https:\\\/\\\/www.bbmnoticias.com\\\/labravaradiofm\\\/2025\\\/06\\\/10\\\/kristi-noem-acusa-a-la-presidenta-sheinbaum-de-alentar-las-protestas-en-los-angeles\\\/\",\"url\":\"https:\\\/\\\/www.bbmnoticias.com\\\/blog\\\/2025\\\/06\\\/10\\\/kristi-noem-acusa-a-la-presidenta-sheinbaum-de-alentar-las-protestas-en-los-angeles\\\/\",\"name\":\"Kristi Noem acusa a la presidenta Sheinbaum de alentar las protestas en Los \u00c1ngeles - LA BRAVA RADIO\",\"isPartOf\":{\"@id\":\"https:\\\/\\\/www.bbmnoticias.com\\\/labravaradiofm\\\/#website\"},\"primaryImageOfPage\":{\"@id\":\"https:\\\/\\\/www.bbmnoticias.com\\\/blog\\\/2025\\\/06\\\/10\\\/kristi-noem-acusa-a-la-presidenta-sheinbaum-de-alentar-las-protestas-en-los-angeles\\\/#primaryimage\"},\"image\":{\"@id\":\"https:\\\/\\\/www.bbmnoticias.com\\\/blog\\\/2025\\\/06\\\/10\\\/kristi-noem-acusa-a-la-presidenta-sheinbaum-de-alentar-las-protestas-en-los-angeles\\\/#primaryimage\"},\"thumbnailUrl\":\"https:\\\/\\\/www.bbmnoticias.com\\\/labravaradiofm\\\/wp-content\\\/uploads\\\/sites\\\/5\\\/2025\\\/06\\\/bandera_mexico.jpg\",\"datePublished\":\"2025-06-10T18:42:53+00:00\",\"dateModified\":\"2025-06-10T18:53:27+00:00\",\"author\":{\"@id\":\"https:\\\/\\\/www.bbmnoticias.com\\\/labravaradiofm\\\/#\\\/schema\\\/person\\\/857a3daf5c8142f29919023f377fbfad\"},\"breadcrumb\":{\"@id\":\"https:\\\/\\\/www.bbmnoticias.com\\\/blog\\\/2025\\\/06\\\/10\\\/kristi-noem-acusa-a-la-presidenta-sheinbaum-de-alentar-las-protestas-en-los-angeles\\\/#breadcrumb\"},\"inLanguage\":\"es\",\"potentialAction\":[{\"@type\":\"ReadAction\",\"target\":[\"https:\\\/\\\/www.bbmnoticias.com\\\/blog\\\/2025\\\/06\\\/10\\\/kristi-noem-acusa-a-la-presidenta-sheinbaum-de-alentar-las-protestas-en-los-angeles\\\/\"]}]},{\"@type\":\"ImageObject\",\"inLanguage\":\"es\",\"@id\":\"https:\\\/\\\/www.bbmnoticias.com\\\/blog\\\/2025\\\/06\\\/10\\\/kristi-noem-acusa-a-la-presidenta-sheinbaum-de-alentar-las-protestas-en-los-angeles\\\/#primaryimage\",\"url\":\"https:\\\/\\\/www.bbmnoticias.com\\\/labravaradiofm\\\/wp-content\\\/uploads\\\/sites\\\/5\\\/2025\\\/06\\\/bandera_mexico.jpg\",\"contentUrl\":\"https:\\\/\\\/www.bbmnoticias.com\\\/labravaradiofm\\\/wp-content\\\/uploads\\\/sites\\\/5\\\/2025\\\/06\\\/bandera_mexico.jpg\",\"width\":800,\"height\":484},{\"@type\":\"BreadcrumbList\",\"@id\":\"https:\\\/\\\/www.bbmnoticias.com\\\/blog\\\/2025\\\/06\\\/10\\\/kristi-noem-acusa-a-la-presidenta-sheinbaum-de-alentar-las-protestas-en-los-angeles\\\/#breadcrumb\",\"itemListElement\":[{\"@type\":\"ListItem\",\"position\":1,\"name\":\"Inicio\",\"item\":\"https:\\\/\\\/www.bbmnoticias.com\\\/labravaradiofm\\\/\"},{\"@type\":\"ListItem\",\"position\":2,\"name\":\"Kristi Noem acusa a la presidenta Sheinbaum de alentar las protestas en Los \u00c1ngeles\"}]},{\"@type\":\"WebSite\",\"@id\":\"https:\\\/\\\/www.bbmnoticias.com\\\/labravaradiofm\\\/#website\",\"url\":\"https:\\\/\\\/www.bbmnoticias.com\\\/labravaradiofm\\\/\",\"name\":\"LA BRAVA RADIO\",\"description\":\"Empresa productora de medios, Radiodifusi\u00f3n, Noticias, tendencias y todo lo que necesitas saber de la pol\u00edtica mexicana e internacional; entretenimiento, espect\u00e1culos, salud y mucho m\u00e1s.\",\"potentialAction\":[{\"@type\":\"SearchAction\",\"target\":{\"@type\":\"EntryPoint\",\"urlTemplate\":\"https:\\\/\\\/www.bbmnoticias.com\\\/labravaradiofm\\\/?s={search_term_string}\"},\"query-input\":{\"@type\":\"PropertyValueSpecification\",\"valueRequired\":true,\"valueName\":\"search_term_string\"}}],\"inLanguage\":\"es\"},{\"@type\":\"Person\",\"@id\":\"https:\\\/\\\/www.bbmnoticias.com\\\/labravaradiofm\\\/#\\\/schema\\\/person\\\/857a3daf5c8142f29919023f377fbfad\",\"name\":\"Agencias\",\"image\":{\"@type\":\"ImageObject\",\"inLanguage\":\"es\",\"@id\":\"https:\\\/\\\/secure.gravatar.com\\\/avatar\\\/739e0b61adf9e398b425c36718c8752286da0e8cd90f20ce9a86678abc26aa0d?s=96&d=mm&r=g\",\"url\":\"https:\\\/\\\/secure.gravatar.com\\\/avatar\\\/739e0b61adf9e398b425c36718c8752286da0e8cd90f20ce9a86678abc26aa0d?s=96&d=mm&r=g\",\"contentUrl\":\"https:\\\/\\\/secure.gravatar.com\\\/avatar\\\/739e0b61adf9e398b425c36718c8752286da0e8cd90f20ce9a86678abc26aa0d?s=96&d=mm&r=g\",\"caption\":\"Agencias\"},\"url\":\"https:\\\/\\\/www.bbmnoticias.com\\\/labravaradiofm\\\/author\\\/agencias\\\/\"}]}<\/script>\n<!-- \/ Yoast SEO plugin. -->","yoast_head_json":{"title":"Kristi Noem acusa a la presidenta Sheinbaum de alentar las protestas en Los \u00c1ngeles - LA BRAVA RADIO","robots":{"index":"index","follow":"follow","max-snippet":"max-snippet:-1","max-image-preview":"max-image-preview:large","max-video-preview":"max-video-preview:-1"},"canonical":"https:\/\/www.bbmnoticias.com\/blog\/2025\/06\/10\/kristi-noem-acusa-a-la-presidenta-sheinbaum-de-alentar-las-protestas-en-los-angeles\/","og_locale":"es_MX","og_type":"article","og_title":"Kristi Noem acusa a la presidenta Sheinbaum de alentar las protestas en Los \u00c1ngeles - LA BRAVA RADIO","og_description":"La secretaria de Seguridad Nacional de Estados Unidos, Kristi Noem, acus\u00f3 a la presidenta de M\u00e9xico, Claudia Sheinbaum, de alentar las protestas desatadas en Los \u00c1ngeles (California) contra las redadas migratorias. \u201cSheinbaum alent\u00f3 m\u00e1s protestas y lo condeno\u201d, declar\u00f3 Noem en una conferencia de prensa en el Despacho Oval junto al presidente estadounidense, Donald Trump. [&hellip;]","og_url":"https:\/\/www.bbmnoticias.com\/blog\/2025\/06\/10\/kristi-noem-acusa-a-la-presidenta-sheinbaum-de-alentar-las-protestas-en-los-angeles\/","og_site_name":"LA BRAVA RADIO","article_published_time":"2025-06-10T18:42:53+00:00","article_modified_time":"2025-06-10T18:53:27+00:00","og_image":[{"width":800,"height":484,"url":"https:\/\/www.bbmnoticias.com\/labravaradiofm\/wp-content\/uploads\/sites\/5\/2025\/06\/bandera_mexico.jpg","type":"image\/jpeg"}],"author":"Agencias","twitter_card":"summary_large_image","twitter_misc":{"Escrito por":"Agencias","Tiempo de lectura":"1 minuto"},"schema":{"@context":"https:\/\/schema.org","@graph":[{"@type":"Article","@id":"https:\/\/www.bbmnoticias.com\/blog\/2025\/06\/10\/kristi-noem-acusa-a-la-presidenta-sheinbaum-de-alentar-las-protestas-en-los-angeles\/#article","isPartOf":{"@id":"https:\/\/www.bbmnoticias.com\/labravaradiofm\/2025\/06\/10\/kristi-noem-acusa-a-la-presidenta-sheinbaum-de-alentar-las-protestas-en-los-angeles\/"},"author":{"name":"Agencias","@id":"https:\/\/www.bbmnoticias.com\/labravaradiofm\/#\/schema\/person\/857a3daf5c8142f29919023f377fbfad"},"headline":"Kristi Noem acusa a la presidenta Sheinbaum de alentar las protestas en Los \u00c1ngeles","datePublished":"2025-06-10T18:42:53+00:00","dateModified":"2025-06-10T18:53:27+00:00","mainEntityOfPage":{"@id":"https:\/\/www.bbmnoticias.com\/labravaradiofm\/2025\/06\/10\/kristi-noem-acusa-a-la-presidenta-sheinbaum-de-alentar-las-protestas-en-los-angeles\/"},"wordCount":115,"image":{"@id":"https:\/\/www.bbmnoticias.com\/blog\/2025\/06\/10\/kristi-noem-acusa-a-la-presidenta-sheinbaum-de-alentar-las-protestas-en-los-angeles\/#primaryimage"},"thumbnailUrl":"https:\/\/www.bbmnoticias.com\/labravaradiofm\/wp-content\/uploads\/sites\/5\/2025\/06\/bandera_mexico.jpg","articleSection":["LOCAL","NACIONAL"],"inLanguage":"es"},{"@type":"WebPage","@id":"https:\/\/www.bbmnoticias.com\/labravaradiofm\/2025\/06\/10\/kristi-noem-acusa-a-la-presidenta-sheinbaum-de-alentar-las-protestas-en-los-angeles\/","url":"https:\/\/www.bbmnoticias.com\/blog\/2025\/06\/10\/kristi-noem-acusa-a-la-presidenta-sheinbaum-de-alentar-las-protestas-en-los-angeles\/","name":"Kristi Noem acusa a la presidenta Sheinbaum de alentar las protestas en Los \u00c1ngeles - LA BRAVA RADIO","isPartOf":{"@id":"https:\/\/www.bbmnoticias.com\/labravaradiofm\/#website"},"primaryImageOfPage":{"@id":"https:\/\/www.bbmnoticias.com\/blog\/2025\/06\/10\/kristi-noem-acusa-a-la-presidenta-sheinbaum-de-alentar-las-protestas-en-los-angeles\/#primaryimage"},"image":{"@id":"https:\/\/www.bbmnoticias.com\/blog\/2025\/06\/10\/kristi-noem-acusa-a-la-presidenta-sheinbaum-de-alentar-las-protestas-en-los-angeles\/#primaryimage"},"thumbnailUrl":"https:\/\/www.bbmnoticias.com\/labravaradiofm\/wp-content\/uploads\/sites\/5\/2025\/06\/bandera_mexico.jpg","datePublished":"2025-06-10T18:42:53+00:00","dateModified":"2025-06-10T18:53:27+00:00","author":{"@id":"https:\/\/www.bbmnoticias.com\/labravaradiofm\/#\/schema\/person\/857a3daf5c8142f29919023f377fbfad"},"breadcrumb":{"@id":"https:\/\/www.bbmnoticias.com\/blog\/2025\/06\/10\/kristi-noem-acusa-a-la-presidenta-sheinbaum-de-alentar-las-protestas-en-los-angeles\/#breadcrumb"},"inLanguage":"es","potentialAction":[{"@type":"ReadAction","target":["https:\/\/www.bbmnoticias.com\/blog\/2025\/06\/10\/kristi-noem-acusa-a-la-presidenta-sheinbaum-de-alentar-las-protestas-en-los-angeles\/"]}]},{"@type":"ImageObject","inLanguage":"es","@id":"https:\/\/www.bbmnoticias.com\/blog\/2025\/06\/10\/kristi-noem-acusa-a-la-presidenta-sheinbaum-de-alentar-las-protestas-en-los-angeles\/#primaryimage","url":"https:\/\/www.bbmnoticias.com\/labravaradiofm\/wp-content\/uploads\/sites\/5\/2025\/06\/bandera_mexico.jpg","contentUrl":"https:\/\/www.bbmnoticias.com\/labravaradiofm\/wp-content\/uploads\/sites\/5\/2025\/06\/bandera_mexico.jpg","width":800,"height":484},{"@type":"BreadcrumbList","@id":"https:\/\/www.bbmnoticias.com\/blog\/2025\/06\/10\/kristi-noem-acusa-a-la-presidenta-sheinbaum-de-alentar-las-protestas-en-los-angeles\/#breadcrumb","itemListElement":[{"@type":"ListItem","position":1,"name":"Inicio","item":"https:\/\/www.bbmnoticias.com\/labravaradiofm\/"},{"@type":"ListItem","position":2,"name":"Kristi Noem acusa a la presidenta Sheinbaum de alentar las protestas en Los \u00c1ngeles"}]},{"@type":"WebSite","@id":"https:\/\/www.bbmnoticias.com\/labravaradiofm\/#website","url":"https:\/\/www.bbmnoticias.com\/labravaradiofm\/","name":"LA BRAVA RADIO","description":"Empresa productora de medios, Radiodifusi\u00f3n, Noticias, tendencias y todo lo que necesitas saber de la pol\u00edtica mexicana e internacional; entretenimiento, espect\u00e1culos, salud y mucho m\u00e1s.","potentialAction":[{"@type":"SearchAction","target":{"@type":"EntryPoint","urlTemplate":"https:\/\/www.bbmnoticias.com\/labravaradiofm\/?s={search_term_string}"},"query-input":{"@type":"PropertyValueSpecification","valueRequired":true,"valueName":"search_term_string"}}],"inLanguage":"es"},{"@type":"Person","@id":"https:\/\/www.bbmnoticias.com\/labravaradiofm\/#\/schema\/person\/857a3daf5c8142f29919023f377fbfad","name":"Agencias","image":{"@type":"ImageObject","inLanguage":"es","@id":"https:\/\/secure.gravatar.com\/avatar\/739e0b61adf9e398b425c36718c8752286da0e8cd90f20ce9a86678abc26aa0d?s=96&d=mm&r=g","url":"https:\/\/secure.gravatar.com\/avatar\/739e0b61adf9e398b425c36718c8752286da0e8cd90f20ce9a86678abc26aa0d?s=96&d=mm&r=g","contentUrl":"https:\/\/secure.gravatar.com\/avatar\/739e0b61adf9e398b425c36718c8752286da0e8cd90f20ce9a86678abc26aa0d?s=96&d=mm&r=g","caption":"Agencias"},"url":"https:\/\/www.bbmnoticias.com\/labravaradiofm\/author\/agencias\/"}]}},"_links":{"self":[{"href":"https:\/\/www.bbmnoticias.com\/labravaradiofm\/wp-json\/wp\/v2\/posts\/61598","targetHints":{"allow":["GET"]}}],"collection":[{"href":"https:\/\/www.bbmnoticias.com\/labravaradiofm\/wp-json\/wp\/v2\/posts"}],"about":[{"href":"https:\/\/www.bbmnoticias.com\/labravaradiofm\/wp-json\/wp\/v2\/types\/post"}],"author":[{"embeddable":true,"href":"https:\/\/www.bbmnoticias.com\/labravaradiofm\/wp-json\/wp\/v2\/users\/4"}],"replies":[{"embeddable":true,"href":"https:\/\/www.bbmnoticias.com\/labravaradiofm\/wp-json\/wp\/v2\/comments?post=61598"}],"version-history":[{"count":0,"href":"https:\/\/www.bbmnoticias.com\/labravaradiofm\/wp-json\/wp\/v2\/posts\/61598\/revisions"}],"wp:featuredmedia":[{"embeddable":true,"href":"https:\/\/www.bbmnoticias.com\/labravaradiofm\/wp-json\/wp\/v2\/media\/61604"}],"wp:attachment":[{"href":"https:\/\/www.bbmnoticias.com\/labravaradiofm\/wp-json\/wp\/v2\/media?parent=61598"}],"wp:term":[{"taxonomy":"category","embeddable":true,"href":"https:\/\/www.bbmnoticias.com\/labravaradiofm\/wp-json\/wp\/v2\/categories?post=61598"},{"taxonomy":"post_tag","embeddable":true,"href":"https:\/\/www.bbmnoticias.com\/labravaradiofm\/wp-json\/wp\/v2\/tags?post=61598"}],"curies":[{"name":"wp","href":"https:\/\/api.w.org\/{rel}","templated":true}]}}