{"id":61586,"date":"2025-06-10T11:20:20","date_gmt":"2025-06-10T17:20:20","guid":{"rendered":"https:\/\/www.bbmnoticias.com\/labravaradiofm\/2025\/06\/10\/buque-escuela-cuauhtemoc-tiene-un-seguro-por-24-mdd-semar\/"},"modified":"2025-06-10T11:20:26","modified_gmt":"2025-06-10T17:20:26","slug":"buque-escuela-cuauhtemoc-tiene-un-seguro-por-24-mdd-semar","status":"publish","type":"post","link":"https:\/\/www.bbmnoticias.com\/labravaradiofm\/2025\/06\/10\/buque-escuela-cuauhtemoc-tiene-un-seguro-por-24-mdd-semar\/","title":{"rendered":"Buque escuela &#8216;Cuauht\u00e9moc&#8217; tiene un seguro por 24 mdd: Semar"},"content":{"rendered":"<div style=\"margin-top: 0px; margin-bottom: 0px;\" class=\"sharethis-inline-share-buttons\" ><\/div>\n<p>El <strong>buque escuela \u2018Cuauht\u00e9moc\u2019<\/strong>, que choc\u00f3 a mediados de mayo contra el puente de Brooklyn, en <strong>Nueva York<\/strong>, tiene un <strong>seguro<\/strong> por unos <strong>24 millones de d\u00f3lares<\/strong>.<\/p>\n\n\n\n<figure class=\"wp-block-embed is-type-video is-provider-youtube wp-block-embed-youtube wp-embed-aspect-16-9 wp-has-aspect-ratio\"><div class=\"wp-block-embed__wrapper\">\n<iframe loading=\"lazy\" title=\"#Ma\u00f1aneraDelPueblo desde Palacio Nacional. Martes 10 de junio 2025\" width=\"696\" height=\"392\" src=\"https:\/\/www.youtube.com\/embed\/N1feLBTXB_A?feature=oembed\" frameborder=\"0\" allow=\"accelerometer; autoplay; clipboard-write; encrypted-media; gyroscope; picture-in-picture; web-share\" referrerpolicy=\"strict-origin-when-cross-origin\" allowfullscreen><\/iframe>\n<\/div><\/figure>\n\n\n\n<p>Lo anterior fue detallado por el titular de la<strong> Secretar\u00eda de Marina<\/strong> (<strong>Semar<\/strong>), almirante <strong>Raymundo Pedro Morales<\/strong>, en la conferencia matutina de Palacio Nacional, en donde apunt\u00f3 que con este monto se pagar\u00e1n las reparaciones y las indemnizaciones a los cadetes muertos en el choque.<\/p>\n\n\n\n<figure class=\"wp-block-pullquote\"><blockquote><p>El buque est\u00e1 asegurado por una cantidad aproximada de 24 millones de d\u00f3lares, se van a pagar todas las reparaciones, se van a cubrir las indemnizaciones a los adeudos de los fallecidos y lo que resulte\u201d, declar\u00f3<\/p><\/blockquote><\/figure>\n\n\n\n<p>El titular de Marina destac\u00f3 que el busque escuela \u2018Cuauht\u00e9moc\u2019 ya fue trasladado a un astillero para la revisi\u00f3n de los da\u00f1os.<\/p>\n\n\n\n<p>\u201cS\u00ed, el buque ya se traslad\u00f3 a astillero para revisar el casco, el sistema de gobierno y el sistema de propulsi\u00f3n, con eso se van a determinar si hubo falla de m\u00e1quinas, si fue otro tipo de cosas\u201d, destac\u00f3.<\/p>\n\n\n\n<p>\u201cY sigue la investigaci\u00f3n por parte de la Guardia Costera de Estados Unidos, el Ministerio P\u00fablico Militar y la Agencia de Transporte\u201d, puntualiz\u00f3.<\/p>\n\n\n\n<p>Hasta el momento, se desconoce cu\u00e1nto tiempo necesitar\u00e1 la embarcaci\u00f3n para ser sometido a las intensas reparaciones que necesita antes de poder volver a la mar y continuar sus funciones como buque escuela.<\/p>\n\n\n\n<p>El buque escuela \u2018Cuauht\u00e9moc\u2019 fue trasladado la semana pasada al Navy Yard, un muelle industrial de Brooklyn, donde se llevar\u00e1n a cabo las reparaciones necesarias.<\/p>\n\n\n\n<p>La embarcaci\u00f3n perteneciente a la Armada de M\u00e9xico fue remolcada por un barco de la empresa DonJon Marine, contratada directamente por la Semar y especializada en este tipo de trabajos.<\/p>\n\n\n\n<p>Adem\u00e1s, dieron apoyo la Guardia Costera y la Alcald\u00eda de Nueva York. Al menos tres helic\u00f3pteros sobrevolaron el \u00e1rea en la hora larga que dur\u00f3 el traslado.<\/p>\n\n\n\n<p>La embarcaci\u00f3n recibi\u00f3 la semana pasada un entra\u00f1able homenaje por parte de su \u201cbuque hermano\u201d, el espa\u00f1ol <strong>Juan Sebasti\u00e1n de Elcano<\/strong>, que atrac\u00f3 ese mismo d\u00eda en un muelle de Manhattan para una escala de varios d\u00edas en la Gran Manzana.<\/p>\n","protected":false},"excerpt":{"rendered":"<p>El buque escuela \u2018Cuauht\u00e9moc\u2019, que choc\u00f3 a mediados de mayo contra el puente de Brooklyn, en Nueva York, tiene un seguro por unos 24 millones de d\u00f3lares. Lo anterior fue detallado por el titular de la Secretar\u00eda de Marina (Semar), almirante Raymundo Pedro Morales, en la conferencia matutina de Palacio Nacional, en donde apunt\u00f3 que [&hellip;]<\/p>\n","protected":false},"author":4,"featured_media":61588,"comment_status":"closed","ping_status":"","sticky":false,"template":"","format":"standard","meta":{"footnotes":""},"categories":[2,19],"tags":[],"class_list":{"0":"post-61586","1":"post","2":"type-post","3":"status-publish","4":"format-standard","5":"has-post-thumbnail","7":"category-oaxaca","8":"category-nacional"},"yoast_head":"<!-- This site is optimized with the Yoast SEO plugin v27.4 - https:\/\/yoast.com\/product\/yoast-seo-wordpress\/ -->\n<title>Buque escuela &#039;Cuauht\u00e9moc&#039; tiene un seguro por 24 mdd: Semar - LA BRAVA RADIO<\/title>\n<meta name=\"robots\" content=\"index, follow, max-snippet:-1, max-image-preview:large, max-video-preview:-1\" \/>\n<link rel=\"canonical\" href=\"https:\/\/www.bbmnoticias.com\/blog\/2025\/06\/10\/buque-escuela-cuauhtemoc-tiene-un-seguro-por-24-mdd-semar\/\" \/>\n<meta property=\"og:locale\" content=\"es_MX\" \/>\n<meta property=\"og:type\" content=\"article\" \/>\n<meta property=\"og:title\" content=\"Buque escuela &#039;Cuauht\u00e9moc&#039; tiene un seguro por 24 mdd: Semar - LA BRAVA RADIO\" \/>\n<meta property=\"og:description\" content=\"El buque escuela \u2018Cuauht\u00e9moc\u2019, que choc\u00f3 a mediados de mayo contra el puente de Brooklyn, en Nueva York, tiene un seguro por unos 24 millones de d\u00f3lares. Lo anterior fue detallado por el titular de la Secretar\u00eda de Marina (Semar), almirante Raymundo Pedro Morales, en la conferencia matutina de Palacio Nacional, en donde apunt\u00f3 que [&hellip;]\" \/>\n<meta property=\"og:url\" content=\"https:\/\/www.bbmnoticias.com\/blog\/2025\/06\/10\/buque-escuela-cuauhtemoc-tiene-un-seguro-por-24-mdd-semar\/\" \/>\n<meta property=\"og:site_name\" content=\"LA BRAVA RADIO\" \/>\n<meta property=\"article:published_time\" content=\"2025-06-10T17:20:20+00:00\" \/>\n<meta property=\"article:modified_time\" content=\"2025-06-10T17:20:26+00:00\" \/>\n<meta property=\"og:image\" content=\"https:\/\/www.bbmnoticias.com\/labravaradiofm\/wp-content\/uploads\/sites\/5\/2025\/06\/buque-escuela-cuauhtemoc-ny.jpg\" \/>\n\t<meta property=\"og:image:width\" content=\"1920\" \/>\n\t<meta property=\"og:image:height\" content=\"1280\" \/>\n\t<meta property=\"og:image:type\" content=\"image\/jpeg\" \/>\n<meta name=\"author\" content=\"Agencias\" \/>\n<meta name=\"twitter:card\" content=\"summary_large_image\" \/>\n<meta name=\"twitter:label1\" content=\"Escrito por\" \/>\n\t<meta name=\"twitter:data1\" content=\"Agencias\" \/>\n\t<meta name=\"twitter:label2\" content=\"Tiempo de lectura\" \/>\n\t<meta name=\"twitter:data2\" content=\"2 minutos\" \/>\n<script type=\"application\/ld+json\" class=\"yoast-schema-graph\">{\"@context\":\"https:\\\/\\\/schema.org\",\"@graph\":[{\"@type\":\"Article\",\"@id\":\"https:\\\/\\\/www.bbmnoticias.com\\\/blog\\\/2025\\\/06\\\/10\\\/buque-escuela-cuauhtemoc-tiene-un-seguro-por-24-mdd-semar\\\/#article\",\"isPartOf\":{\"@id\":\"https:\\\/\\\/www.bbmnoticias.com\\\/labravaradiofm\\\/2025\\\/06\\\/10\\\/buque-escuela-cuauhtemoc-tiene-un-seguro-por-24-mdd-semar\\\/\"},\"author\":{\"name\":\"Agencias\",\"@id\":\"https:\\\/\\\/www.bbmnoticias.com\\\/labravaradiofm\\\/#\\\/schema\\\/person\\\/857a3daf5c8142f29919023f377fbfad\"},\"headline\":\"Buque escuela &#8216;Cuauht\u00e9moc&#8217; tiene un seguro por 24 mdd: Semar\",\"datePublished\":\"2025-06-10T17:20:20+00:00\",\"dateModified\":\"2025-06-10T17:20:26+00:00\",\"mainEntityOfPage\":{\"@id\":\"https:\\\/\\\/www.bbmnoticias.com\\\/labravaradiofm\\\/2025\\\/06\\\/10\\\/buque-escuela-cuauhtemoc-tiene-un-seguro-por-24-mdd-semar\\\/\"},\"wordCount\":390,\"image\":{\"@id\":\"https:\\\/\\\/www.bbmnoticias.com\\\/blog\\\/2025\\\/06\\\/10\\\/buque-escuela-cuauhtemoc-tiene-un-seguro-por-24-mdd-semar\\\/#primaryimage\"},\"thumbnailUrl\":\"https:\\\/\\\/www.bbmnoticias.com\\\/labravaradiofm\\\/wp-content\\\/uploads\\\/sites\\\/5\\\/2025\\\/06\\\/buque-escuela-cuauhtemoc-ny.jpg\",\"articleSection\":[\"LOCAL\",\"NACIONAL\"],\"inLanguage\":\"es\"},{\"@type\":\"WebPage\",\"@id\":\"https:\\\/\\\/www.bbmnoticias.com\\\/labravaradiofm\\\/2025\\\/06\\\/10\\\/buque-escuela-cuauhtemoc-tiene-un-seguro-por-24-mdd-semar\\\/\",\"url\":\"https:\\\/\\\/www.bbmnoticias.com\\\/blog\\\/2025\\\/06\\\/10\\\/buque-escuela-cuauhtemoc-tiene-un-seguro-por-24-mdd-semar\\\/\",\"name\":\"Buque escuela 'Cuauht\u00e9moc' tiene un seguro por 24 mdd: Semar - LA BRAVA RADIO\",\"isPartOf\":{\"@id\":\"https:\\\/\\\/www.bbmnoticias.com\\\/labravaradiofm\\\/#website\"},\"primaryImageOfPage\":{\"@id\":\"https:\\\/\\\/www.bbmnoticias.com\\\/blog\\\/2025\\\/06\\\/10\\\/buque-escuela-cuauhtemoc-tiene-un-seguro-por-24-mdd-semar\\\/#primaryimage\"},\"image\":{\"@id\":\"https:\\\/\\\/www.bbmnoticias.com\\\/blog\\\/2025\\\/06\\\/10\\\/buque-escuela-cuauhtemoc-tiene-un-seguro-por-24-mdd-semar\\\/#primaryimage\"},\"thumbnailUrl\":\"https:\\\/\\\/www.bbmnoticias.com\\\/labravaradiofm\\\/wp-content\\\/uploads\\\/sites\\\/5\\\/2025\\\/06\\\/buque-escuela-cuauhtemoc-ny.jpg\",\"datePublished\":\"2025-06-10T17:20:20+00:00\",\"dateModified\":\"2025-06-10T17:20:26+00:00\",\"author\":{\"@id\":\"https:\\\/\\\/www.bbmnoticias.com\\\/labravaradiofm\\\/#\\\/schema\\\/person\\\/857a3daf5c8142f29919023f377fbfad\"},\"breadcrumb\":{\"@id\":\"https:\\\/\\\/www.bbmnoticias.com\\\/blog\\\/2025\\\/06\\\/10\\\/buque-escuela-cuauhtemoc-tiene-un-seguro-por-24-mdd-semar\\\/#breadcrumb\"},\"inLanguage\":\"es\",\"potentialAction\":[{\"@type\":\"ReadAction\",\"target\":[\"https:\\\/\\\/www.bbmnoticias.com\\\/blog\\\/2025\\\/06\\\/10\\\/buque-escuela-cuauhtemoc-tiene-un-seguro-por-24-mdd-semar\\\/\"]}]},{\"@type\":\"ImageObject\",\"inLanguage\":\"es\",\"@id\":\"https:\\\/\\\/www.bbmnoticias.com\\\/blog\\\/2025\\\/06\\\/10\\\/buque-escuela-cuauhtemoc-tiene-un-seguro-por-24-mdd-semar\\\/#primaryimage\",\"url\":\"https:\\\/\\\/www.bbmnoticias.com\\\/labravaradiofm\\\/wp-content\\\/uploads\\\/sites\\\/5\\\/2025\\\/06\\\/buque-escuela-cuauhtemoc-ny.jpg\",\"contentUrl\":\"https:\\\/\\\/www.bbmnoticias.com\\\/labravaradiofm\\\/wp-content\\\/uploads\\\/sites\\\/5\\\/2025\\\/06\\\/buque-escuela-cuauhtemoc-ny.jpg\",\"width\":1920,\"height\":1280},{\"@type\":\"BreadcrumbList\",\"@id\":\"https:\\\/\\\/www.bbmnoticias.com\\\/blog\\\/2025\\\/06\\\/10\\\/buque-escuela-cuauhtemoc-tiene-un-seguro-por-24-mdd-semar\\\/#breadcrumb\",\"itemListElement\":[{\"@type\":\"ListItem\",\"position\":1,\"name\":\"Inicio\",\"item\":\"https:\\\/\\\/www.bbmnoticias.com\\\/labravaradiofm\\\/\"},{\"@type\":\"ListItem\",\"position\":2,\"name\":\"Buque escuela &#8216;Cuauht\u00e9moc&#8217; tiene un seguro por 24 mdd: Semar\"}]},{\"@type\":\"WebSite\",\"@id\":\"https:\\\/\\\/www.bbmnoticias.com\\\/labravaradiofm\\\/#website\",\"url\":\"https:\\\/\\\/www.bbmnoticias.com\\\/labravaradiofm\\\/\",\"name\":\"LA BRAVA RADIO\",\"description\":\"Empresa productora de medios, Radiodifusi\u00f3n, Noticias, tendencias y todo lo que necesitas saber de la pol\u00edtica mexicana e internacional; entretenimiento, espect\u00e1culos, salud y mucho m\u00e1s.\",\"potentialAction\":[{\"@type\":\"SearchAction\",\"target\":{\"@type\":\"EntryPoint\",\"urlTemplate\":\"https:\\\/\\\/www.bbmnoticias.com\\\/labravaradiofm\\\/?s={search_term_string}\"},\"query-input\":{\"@type\":\"PropertyValueSpecification\",\"valueRequired\":true,\"valueName\":\"search_term_string\"}}],\"inLanguage\":\"es\"},{\"@type\":\"Person\",\"@id\":\"https:\\\/\\\/www.bbmnoticias.com\\\/labravaradiofm\\\/#\\\/schema\\\/person\\\/857a3daf5c8142f29919023f377fbfad\",\"name\":\"Agencias\",\"image\":{\"@type\":\"ImageObject\",\"inLanguage\":\"es\",\"@id\":\"https:\\\/\\\/secure.gravatar.com\\\/avatar\\\/739e0b61adf9e398b425c36718c8752286da0e8cd90f20ce9a86678abc26aa0d?s=96&d=mm&r=g\",\"url\":\"https:\\\/\\\/secure.gravatar.com\\\/avatar\\\/739e0b61adf9e398b425c36718c8752286da0e8cd90f20ce9a86678abc26aa0d?s=96&d=mm&r=g\",\"contentUrl\":\"https:\\\/\\\/secure.gravatar.com\\\/avatar\\\/739e0b61adf9e398b425c36718c8752286da0e8cd90f20ce9a86678abc26aa0d?s=96&d=mm&r=g\",\"caption\":\"Agencias\"},\"url\":\"https:\\\/\\\/www.bbmnoticias.com\\\/labravaradiofm\\\/author\\\/agencias\\\/\"}]}<\/script>\n<!-- \/ Yoast SEO plugin. -->","yoast_head_json":{"title":"Buque escuela 'Cuauht\u00e9moc' tiene un seguro por 24 mdd: Semar - LA BRAVA RADIO","robots":{"index":"index","follow":"follow","max-snippet":"max-snippet:-1","max-image-preview":"max-image-preview:large","max-video-preview":"max-video-preview:-1"},"canonical":"https:\/\/www.bbmnoticias.com\/blog\/2025\/06\/10\/buque-escuela-cuauhtemoc-tiene-un-seguro-por-24-mdd-semar\/","og_locale":"es_MX","og_type":"article","og_title":"Buque escuela 'Cuauht\u00e9moc' tiene un seguro por 24 mdd: Semar - LA BRAVA RADIO","og_description":"El buque escuela \u2018Cuauht\u00e9moc\u2019, que choc\u00f3 a mediados de mayo contra el puente de Brooklyn, en Nueva York, tiene un seguro por unos 24 millones de d\u00f3lares. Lo anterior fue detallado por el titular de la Secretar\u00eda de Marina (Semar), almirante Raymundo Pedro Morales, en la conferencia matutina de Palacio Nacional, en donde apunt\u00f3 que [&hellip;]","og_url":"https:\/\/www.bbmnoticias.com\/blog\/2025\/06\/10\/buque-escuela-cuauhtemoc-tiene-un-seguro-por-24-mdd-semar\/","og_site_name":"LA BRAVA RADIO","article_published_time":"2025-06-10T17:20:20+00:00","article_modified_time":"2025-06-10T17:20:26+00:00","og_image":[{"width":1920,"height":1280,"url":"https:\/\/www.bbmnoticias.com\/labravaradiofm\/wp-content\/uploads\/sites\/5\/2025\/06\/buque-escuela-cuauhtemoc-ny.jpg","type":"image\/jpeg"}],"author":"Agencias","twitter_card":"summary_large_image","twitter_misc":{"Escrito por":"Agencias","Tiempo de lectura":"2 minutos"},"schema":{"@context":"https:\/\/schema.org","@graph":[{"@type":"Article","@id":"https:\/\/www.bbmnoticias.com\/blog\/2025\/06\/10\/buque-escuela-cuauhtemoc-tiene-un-seguro-por-24-mdd-semar\/#article","isPartOf":{"@id":"https:\/\/www.bbmnoticias.com\/labravaradiofm\/2025\/06\/10\/buque-escuela-cuauhtemoc-tiene-un-seguro-por-24-mdd-semar\/"},"author":{"name":"Agencias","@id":"https:\/\/www.bbmnoticias.com\/labravaradiofm\/#\/schema\/person\/857a3daf5c8142f29919023f377fbfad"},"headline":"Buque escuela &#8216;Cuauht\u00e9moc&#8217; tiene un seguro por 24 mdd: Semar","datePublished":"2025-06-10T17:20:20+00:00","dateModified":"2025-06-10T17:20:26+00:00","mainEntityOfPage":{"@id":"https:\/\/www.bbmnoticias.com\/labravaradiofm\/2025\/06\/10\/buque-escuela-cuauhtemoc-tiene-un-seguro-por-24-mdd-semar\/"},"wordCount":390,"image":{"@id":"https:\/\/www.bbmnoticias.com\/blog\/2025\/06\/10\/buque-escuela-cuauhtemoc-tiene-un-seguro-por-24-mdd-semar\/#primaryimage"},"thumbnailUrl":"https:\/\/www.bbmnoticias.com\/labravaradiofm\/wp-content\/uploads\/sites\/5\/2025\/06\/buque-escuela-cuauhtemoc-ny.jpg","articleSection":["LOCAL","NACIONAL"],"inLanguage":"es"},{"@type":"WebPage","@id":"https:\/\/www.bbmnoticias.com\/labravaradiofm\/2025\/06\/10\/buque-escuela-cuauhtemoc-tiene-un-seguro-por-24-mdd-semar\/","url":"https:\/\/www.bbmnoticias.com\/blog\/2025\/06\/10\/buque-escuela-cuauhtemoc-tiene-un-seguro-por-24-mdd-semar\/","name":"Buque escuela 'Cuauht\u00e9moc' tiene un seguro por 24 mdd: Semar - LA BRAVA RADIO","isPartOf":{"@id":"https:\/\/www.bbmnoticias.com\/labravaradiofm\/#website"},"primaryImageOfPage":{"@id":"https:\/\/www.bbmnoticias.com\/blog\/2025\/06\/10\/buque-escuela-cuauhtemoc-tiene-un-seguro-por-24-mdd-semar\/#primaryimage"},"image":{"@id":"https:\/\/www.bbmnoticias.com\/blog\/2025\/06\/10\/buque-escuela-cuauhtemoc-tiene-un-seguro-por-24-mdd-semar\/#primaryimage"},"thumbnailUrl":"https:\/\/www.bbmnoticias.com\/labravaradiofm\/wp-content\/uploads\/sites\/5\/2025\/06\/buque-escuela-cuauhtemoc-ny.jpg","datePublished":"2025-06-10T17:20:20+00:00","dateModified":"2025-06-10T17:20:26+00:00","author":{"@id":"https:\/\/www.bbmnoticias.com\/labravaradiofm\/#\/schema\/person\/857a3daf5c8142f29919023f377fbfad"},"breadcrumb":{"@id":"https:\/\/www.bbmnoticias.com\/blog\/2025\/06\/10\/buque-escuela-cuauhtemoc-tiene-un-seguro-por-24-mdd-semar\/#breadcrumb"},"inLanguage":"es","potentialAction":[{"@type":"ReadAction","target":["https:\/\/www.bbmnoticias.com\/blog\/2025\/06\/10\/buque-escuela-cuauhtemoc-tiene-un-seguro-por-24-mdd-semar\/"]}]},{"@type":"ImageObject","inLanguage":"es","@id":"https:\/\/www.bbmnoticias.com\/blog\/2025\/06\/10\/buque-escuela-cuauhtemoc-tiene-un-seguro-por-24-mdd-semar\/#primaryimage","url":"https:\/\/www.bbmnoticias.com\/labravaradiofm\/wp-content\/uploads\/sites\/5\/2025\/06\/buque-escuela-cuauhtemoc-ny.jpg","contentUrl":"https:\/\/www.bbmnoticias.com\/labravaradiofm\/wp-content\/uploads\/sites\/5\/2025\/06\/buque-escuela-cuauhtemoc-ny.jpg","width":1920,"height":1280},{"@type":"BreadcrumbList","@id":"https:\/\/www.bbmnoticias.com\/blog\/2025\/06\/10\/buque-escuela-cuauhtemoc-tiene-un-seguro-por-24-mdd-semar\/#breadcrumb","itemListElement":[{"@type":"ListItem","position":1,"name":"Inicio","item":"https:\/\/www.bbmnoticias.com\/labravaradiofm\/"},{"@type":"ListItem","position":2,"name":"Buque escuela &#8216;Cuauht\u00e9moc&#8217; tiene un seguro por 24 mdd: Semar"}]},{"@type":"WebSite","@id":"https:\/\/www.bbmnoticias.com\/labravaradiofm\/#website","url":"https:\/\/www.bbmnoticias.com\/labravaradiofm\/","name":"LA BRAVA RADIO","description":"Empresa productora de medios, Radiodifusi\u00f3n, Noticias, tendencias y todo lo que necesitas saber de la pol\u00edtica mexicana e internacional; entretenimiento, espect\u00e1culos, salud y mucho m\u00e1s.","potentialAction":[{"@type":"SearchAction","target":{"@type":"EntryPoint","urlTemplate":"https:\/\/www.bbmnoticias.com\/labravaradiofm\/?s={search_term_string}"},"query-input":{"@type":"PropertyValueSpecification","valueRequired":true,"valueName":"search_term_string"}}],"inLanguage":"es"},{"@type":"Person","@id":"https:\/\/www.bbmnoticias.com\/labravaradiofm\/#\/schema\/person\/857a3daf5c8142f29919023f377fbfad","name":"Agencias","image":{"@type":"ImageObject","inLanguage":"es","@id":"https:\/\/secure.gravatar.com\/avatar\/739e0b61adf9e398b425c36718c8752286da0e8cd90f20ce9a86678abc26aa0d?s=96&d=mm&r=g","url":"https:\/\/secure.gravatar.com\/avatar\/739e0b61adf9e398b425c36718c8752286da0e8cd90f20ce9a86678abc26aa0d?s=96&d=mm&r=g","contentUrl":"https:\/\/secure.gravatar.com\/avatar\/739e0b61adf9e398b425c36718c8752286da0e8cd90f20ce9a86678abc26aa0d?s=96&d=mm&r=g","caption":"Agencias"},"url":"https:\/\/www.bbmnoticias.com\/labravaradiofm\/author\/agencias\/"}]}},"_links":{"self":[{"href":"https:\/\/www.bbmnoticias.com\/labravaradiofm\/wp-json\/wp\/v2\/posts\/61586","targetHints":{"allow":["GET"]}}],"collection":[{"href":"https:\/\/www.bbmnoticias.com\/labravaradiofm\/wp-json\/wp\/v2\/posts"}],"about":[{"href":"https:\/\/www.bbmnoticias.com\/labravaradiofm\/wp-json\/wp\/v2\/types\/post"}],"author":[{"embeddable":true,"href":"https:\/\/www.bbmnoticias.com\/labravaradiofm\/wp-json\/wp\/v2\/users\/4"}],"replies":[{"embeddable":true,"href":"https:\/\/www.bbmnoticias.com\/labravaradiofm\/wp-json\/wp\/v2\/comments?post=61586"}],"version-history":[{"count":0,"href":"https:\/\/www.bbmnoticias.com\/labravaradiofm\/wp-json\/wp\/v2\/posts\/61586\/revisions"}],"wp:featuredmedia":[{"embeddable":true,"href":"https:\/\/www.bbmnoticias.com\/labravaradiofm\/wp-json\/wp\/v2\/media\/61588"}],"wp:attachment":[{"href":"https:\/\/www.bbmnoticias.com\/labravaradiofm\/wp-json\/wp\/v2\/media?parent=61586"}],"wp:term":[{"taxonomy":"category","embeddable":true,"href":"https:\/\/www.bbmnoticias.com\/labravaradiofm\/wp-json\/wp\/v2\/categories?post=61586"},{"taxonomy":"post_tag","embeddable":true,"href":"https:\/\/www.bbmnoticias.com\/labravaradiofm\/wp-json\/wp\/v2\/tags?post=61586"}],"curies":[{"name":"wp","href":"https:\/\/api.w.org\/{rel}","templated":true}]}}