{"id":61583,"date":"2025-06-10T10:35:56","date_gmt":"2025-06-10T16:35:56","guid":{"rendered":"https:\/\/www.bbmnoticias.com\/labravaradiofm\/2025\/06\/10\/directora-de-profeco-en-oaxaca-involucrada-en-accidente-donde-fallecieron-2-motociclistas\/"},"modified":"2025-06-10T10:36:33","modified_gmt":"2025-06-10T16:36:33","slug":"directora-de-profeco-en-oaxaca-involucrada-en-accidente-donde-fallecieron-2-motociclistas","status":"publish","type":"post","link":"https:\/\/www.bbmnoticias.com\/labravaradiofm\/2025\/06\/10\/directora-de-profeco-en-oaxaca-involucrada-en-accidente-donde-fallecieron-2-motociclistas\/","title":{"rendered":"Directora de PROFECO en Oaxaca, involucrada en accidente donde fallecieron 2 motociclistas"},"content":{"rendered":"<div style=\"margin-top: 0px; margin-bottom: 0px;\" class=\"sharethis-inline-share-buttons\" ><\/div>\n<p>La Procuradur\u00eda Federal del Consumidor<strong> (PROFECO)&nbsp;confirm\u00f3 que su directora en Oaxaca, <\/strong>Mar\u00eda de Lourdes Santiago Cruz, &nbsp;estuvo involucrada en un<strong> accidente carretero en donde dos j\u00f3venes motociclistas perdieron la vida.<\/strong><\/p>\n\n\n\n<p>En un escueto comunicado, la dependencia lament\u00f3 el hecho, registrado el pasado 8 de junio, &nbsp;y asegur\u00f3 que estar\u00e1 pendiente de los resultados de las investigaciones que realizan las autoridades correspondientes. &nbsp;<strong>El organismo no inform\u00f3 si suspender\u00e1 a la funcionaria.<\/strong><\/p>\n\n\n\n<figure class=\"wp-block-image\"><img decoding=\"async\" src=\"https:\/\/heraldodemexico.com.mx\/u\/fotografias\/m\/2025\/6\/10\/f768x1-1139524_1139651_5050.jpeg\" alt=\"\"\/><\/figure>\n\n\n\n<p>De acuerdo a presuntas versiones de los familiares de las v\u00edctimas, &nbsp;la directora de la PROFECO habr\u00eda huido del lugar donde sucedi\u00f3 el percance, sin embargo estas declaraciones no son oficiales.&nbsp;Los hechos se registraron el pasado domingo 8 de junio, cuando Maritza y Karla, ambas de 20 a\u00f1os de edad, retornaban de una rodada que realizaron a Santa Mar\u00eda Yaves\u00eda, en la Sierra de Ju\u00e1rez. &nbsp;<\/p>\n\n\n\n<p>Supuestamente, las adolescentes se impactaron de manera frontal con un veh\u00edculo, por lo que una de ellas pereci\u00f3 debajo de los llantas del mismo y la segunda sali\u00f3 impactada y perdi\u00f3 la vida de manera inmediata por las lesiones.<\/p>\n\n\n\n<p>Aunque la rodada hab\u00eda sido convocada por el club de motociclistas \u201cReales MC Oaxaca\u201d, estos pr\u00e1cticamente se deslindaron al asegurar que la misma fue cancelada. &nbsp;<\/p>\n\n\n\n<figure class=\"wp-block-image\"><img decoding=\"async\" src=\"https:\/\/heraldodemexico.com.mx\/u\/fotografias\/m\/2025\/6\/10\/f768x1-1139525_1139652_5050.jpeg\" alt=\"\"\/><\/figure>\n\n\n\n<p>En tanto, autoridades estatales informaron que se reforzar\u00e1 la seguridad vial en la carretera 175 de la Sierra de Benito Ju\u00e1rez, tras este tr\u00e1gico accidente y ante los constantes incidentes registrados por el exceso de velocidad o conducir en estado de ebriedad.<\/p>\n","protected":false},"excerpt":{"rendered":"<p>La Procuradur\u00eda Federal del Consumidor (PROFECO)&nbsp;confirm\u00f3 que su directora en Oaxaca, Mar\u00eda de Lourdes Santiago Cruz, &nbsp;estuvo involucrada en un accidente carretero en donde dos j\u00f3venes motociclistas perdieron la vida. En un escueto comunicado, la dependencia lament\u00f3 el hecho, registrado el pasado 8 de junio, &nbsp;y asegur\u00f3 que estar\u00e1 pendiente de los resultados de las [&hellip;]<\/p>\n","protected":false},"author":15,"featured_media":61585,"comment_status":"closed","ping_status":"","sticky":false,"template":"","format":"standard","meta":{"footnotes":""},"categories":[2],"tags":[],"class_list":{"0":"post-61583","1":"post","2":"type-post","3":"status-publish","4":"format-standard","5":"has-post-thumbnail","7":"category-oaxaca"},"yoast_head":"<!-- This site is optimized with the Yoast SEO plugin v27.4 - https:\/\/yoast.com\/product\/yoast-seo-wordpress\/ -->\n<title>Directora de PROFECO en Oaxaca, involucrada en accidente donde fallecieron 2 motociclistas - LA BRAVA RADIO<\/title>\n<meta name=\"robots\" content=\"index, follow, max-snippet:-1, max-image-preview:large, max-video-preview:-1\" \/>\n<link rel=\"canonical\" href=\"https:\/\/www.bbmnoticias.com\/blog\/2025\/06\/10\/directora-de-profeco-en-oaxaca-involucrada-en-accidente-donde-fallecieron-2-motociclistas\/\" \/>\n<meta property=\"og:locale\" content=\"es_MX\" \/>\n<meta property=\"og:type\" content=\"article\" \/>\n<meta property=\"og:title\" content=\"Directora de PROFECO en Oaxaca, involucrada en accidente donde fallecieron 2 motociclistas - LA BRAVA RADIO\" \/>\n<meta property=\"og:description\" content=\"La Procuradur\u00eda Federal del Consumidor (PROFECO)&nbsp;confirm\u00f3 que su directora en Oaxaca, Mar\u00eda de Lourdes Santiago Cruz, &nbsp;estuvo involucrada en un accidente carretero en donde dos j\u00f3venes motociclistas perdieron la vida. En un escueto comunicado, la dependencia lament\u00f3 el hecho, registrado el pasado 8 de junio, &nbsp;y asegur\u00f3 que estar\u00e1 pendiente de los resultados de las [&hellip;]\" \/>\n<meta property=\"og:url\" content=\"https:\/\/www.bbmnoticias.com\/blog\/2025\/06\/10\/directora-de-profeco-en-oaxaca-involucrada-en-accidente-donde-fallecieron-2-motociclistas\/\" \/>\n<meta property=\"og:site_name\" content=\"LA BRAVA RADIO\" \/>\n<meta property=\"article:published_time\" content=\"2025-06-10T16:35:56+00:00\" \/>\n<meta property=\"article:modified_time\" content=\"2025-06-10T16:36:33+00:00\" \/>\n<meta property=\"og:image\" content=\"https:\/\/www.bbmnoticias.com\/labravaradiofm\/wp-content\/uploads\/sites\/5\/2025\/06\/accidente_oaxaca_motos.jpg\" \/>\n\t<meta property=\"og:image:width\" content=\"848\" \/>\n\t<meta property=\"og:image:height\" content=\"477\" \/>\n\t<meta property=\"og:image:type\" content=\"image\/jpeg\" \/>\n<meta name=\"author\" content=\"El Heraldo\" \/>\n<meta name=\"twitter:card\" content=\"summary_large_image\" \/>\n<meta name=\"twitter:label1\" content=\"Escrito por\" \/>\n\t<meta name=\"twitter:data1\" content=\"El Heraldo\" \/>\n\t<meta name=\"twitter:label2\" content=\"Tiempo de lectura\" \/>\n\t<meta name=\"twitter:data2\" content=\"1 minuto\" \/>\n<script type=\"application\/ld+json\" class=\"yoast-schema-graph\">{\"@context\":\"https:\\\/\\\/schema.org\",\"@graph\":[{\"@type\":\"Article\",\"@id\":\"https:\\\/\\\/www.bbmnoticias.com\\\/blog\\\/2025\\\/06\\\/10\\\/directora-de-profeco-en-oaxaca-involucrada-en-accidente-donde-fallecieron-2-motociclistas\\\/#article\",\"isPartOf\":{\"@id\":\"https:\\\/\\\/www.bbmnoticias.com\\\/labravaradiofm\\\/2025\\\/06\\\/10\\\/directora-de-profeco-en-oaxaca-involucrada-en-accidente-donde-fallecieron-2-motociclistas\\\/\"},\"author\":{\"name\":\"El Heraldo\",\"@id\":\"https:\\\/\\\/www.bbmnoticias.com\\\/labravaradiofm\\\/#\\\/schema\\\/person\\\/1d485366d29083d2d818c24013f8cbc0\"},\"headline\":\"Directora de PROFECO en Oaxaca, involucrada en accidente donde fallecieron 2 motociclistas\",\"datePublished\":\"2025-06-10T16:35:56+00:00\",\"dateModified\":\"2025-06-10T16:36:33+00:00\",\"mainEntityOfPage\":{\"@id\":\"https:\\\/\\\/www.bbmnoticias.com\\\/labravaradiofm\\\/2025\\\/06\\\/10\\\/directora-de-profeco-en-oaxaca-involucrada-en-accidente-donde-fallecieron-2-motociclistas\\\/\"},\"wordCount\":272,\"image\":{\"@id\":\"https:\\\/\\\/www.bbmnoticias.com\\\/blog\\\/2025\\\/06\\\/10\\\/directora-de-profeco-en-oaxaca-involucrada-en-accidente-donde-fallecieron-2-motociclistas\\\/#primaryimage\"},\"thumbnailUrl\":\"https:\\\/\\\/www.bbmnoticias.com\\\/labravaradiofm\\\/wp-content\\\/uploads\\\/sites\\\/5\\\/2025\\\/06\\\/accidente_oaxaca_motos.jpg\",\"articleSection\":[\"LOCAL\"],\"inLanguage\":\"es\"},{\"@type\":\"WebPage\",\"@id\":\"https:\\\/\\\/www.bbmnoticias.com\\\/labravaradiofm\\\/2025\\\/06\\\/10\\\/directora-de-profeco-en-oaxaca-involucrada-en-accidente-donde-fallecieron-2-motociclistas\\\/\",\"url\":\"https:\\\/\\\/www.bbmnoticias.com\\\/blog\\\/2025\\\/06\\\/10\\\/directora-de-profeco-en-oaxaca-involucrada-en-accidente-donde-fallecieron-2-motociclistas\\\/\",\"name\":\"Directora de PROFECO en Oaxaca, involucrada en accidente donde fallecieron 2 motociclistas - LA BRAVA RADIO\",\"isPartOf\":{\"@id\":\"https:\\\/\\\/www.bbmnoticias.com\\\/labravaradiofm\\\/#website\"},\"primaryImageOfPage\":{\"@id\":\"https:\\\/\\\/www.bbmnoticias.com\\\/blog\\\/2025\\\/06\\\/10\\\/directora-de-profeco-en-oaxaca-involucrada-en-accidente-donde-fallecieron-2-motociclistas\\\/#primaryimage\"},\"image\":{\"@id\":\"https:\\\/\\\/www.bbmnoticias.com\\\/blog\\\/2025\\\/06\\\/10\\\/directora-de-profeco-en-oaxaca-involucrada-en-accidente-donde-fallecieron-2-motociclistas\\\/#primaryimage\"},\"thumbnailUrl\":\"https:\\\/\\\/www.bbmnoticias.com\\\/labravaradiofm\\\/wp-content\\\/uploads\\\/sites\\\/5\\\/2025\\\/06\\\/accidente_oaxaca_motos.jpg\",\"datePublished\":\"2025-06-10T16:35:56+00:00\",\"dateModified\":\"2025-06-10T16:36:33+00:00\",\"author\":{\"@id\":\"https:\\\/\\\/www.bbmnoticias.com\\\/labravaradiofm\\\/#\\\/schema\\\/person\\\/1d485366d29083d2d818c24013f8cbc0\"},\"breadcrumb\":{\"@id\":\"https:\\\/\\\/www.bbmnoticias.com\\\/blog\\\/2025\\\/06\\\/10\\\/directora-de-profeco-en-oaxaca-involucrada-en-accidente-donde-fallecieron-2-motociclistas\\\/#breadcrumb\"},\"inLanguage\":\"es\",\"potentialAction\":[{\"@type\":\"ReadAction\",\"target\":[\"https:\\\/\\\/www.bbmnoticias.com\\\/blog\\\/2025\\\/06\\\/10\\\/directora-de-profeco-en-oaxaca-involucrada-en-accidente-donde-fallecieron-2-motociclistas\\\/\"]}]},{\"@type\":\"ImageObject\",\"inLanguage\":\"es\",\"@id\":\"https:\\\/\\\/www.bbmnoticias.com\\\/blog\\\/2025\\\/06\\\/10\\\/directora-de-profeco-en-oaxaca-involucrada-en-accidente-donde-fallecieron-2-motociclistas\\\/#primaryimage\",\"url\":\"https:\\\/\\\/www.bbmnoticias.com\\\/labravaradiofm\\\/wp-content\\\/uploads\\\/sites\\\/5\\\/2025\\\/06\\\/accidente_oaxaca_motos.jpg\",\"contentUrl\":\"https:\\\/\\\/www.bbmnoticias.com\\\/labravaradiofm\\\/wp-content\\\/uploads\\\/sites\\\/5\\\/2025\\\/06\\\/accidente_oaxaca_motos.jpg\",\"width\":848,\"height\":477},{\"@type\":\"BreadcrumbList\",\"@id\":\"https:\\\/\\\/www.bbmnoticias.com\\\/blog\\\/2025\\\/06\\\/10\\\/directora-de-profeco-en-oaxaca-involucrada-en-accidente-donde-fallecieron-2-motociclistas\\\/#breadcrumb\",\"itemListElement\":[{\"@type\":\"ListItem\",\"position\":1,\"name\":\"Inicio\",\"item\":\"https:\\\/\\\/www.bbmnoticias.com\\\/labravaradiofm\\\/\"},{\"@type\":\"ListItem\",\"position\":2,\"name\":\"Directora de PROFECO en Oaxaca, involucrada en accidente donde fallecieron 2 motociclistas\"}]},{\"@type\":\"WebSite\",\"@id\":\"https:\\\/\\\/www.bbmnoticias.com\\\/labravaradiofm\\\/#website\",\"url\":\"https:\\\/\\\/www.bbmnoticias.com\\\/labravaradiofm\\\/\",\"name\":\"LA BRAVA RADIO\",\"description\":\"Empresa productora de medios, Radiodifusi\u00f3n, Noticias, tendencias y todo lo que necesitas saber de la pol\u00edtica mexicana e internacional; entretenimiento, espect\u00e1culos, salud y mucho m\u00e1s.\",\"potentialAction\":[{\"@type\":\"SearchAction\",\"target\":{\"@type\":\"EntryPoint\",\"urlTemplate\":\"https:\\\/\\\/www.bbmnoticias.com\\\/labravaradiofm\\\/?s={search_term_string}\"},\"query-input\":{\"@type\":\"PropertyValueSpecification\",\"valueRequired\":true,\"valueName\":\"search_term_string\"}}],\"inLanguage\":\"es\"},{\"@type\":\"Person\",\"@id\":\"https:\\\/\\\/www.bbmnoticias.com\\\/labravaradiofm\\\/#\\\/schema\\\/person\\\/1d485366d29083d2d818c24013f8cbc0\",\"name\":\"El Heraldo\",\"image\":{\"@type\":\"ImageObject\",\"inLanguage\":\"es\",\"@id\":\"https:\\\/\\\/secure.gravatar.com\\\/avatar\\\/463017be041288b5a196814ef7242bd62699b857f306e4b5b61b533e8a87f404?s=96&d=mm&r=g\",\"url\":\"https:\\\/\\\/secure.gravatar.com\\\/avatar\\\/463017be041288b5a196814ef7242bd62699b857f306e4b5b61b533e8a87f404?s=96&d=mm&r=g\",\"contentUrl\":\"https:\\\/\\\/secure.gravatar.com\\\/avatar\\\/463017be041288b5a196814ef7242bd62699b857f306e4b5b61b533e8a87f404?s=96&d=mm&r=g\",\"caption\":\"El Heraldo\"},\"url\":\"https:\\\/\\\/www.bbmnoticias.com\\\/labravaradiofm\\\/author\\\/heraldo\\\/\"}]}<\/script>\n<!-- \/ Yoast SEO plugin. -->","yoast_head_json":{"title":"Directora de PROFECO en Oaxaca, involucrada en accidente donde fallecieron 2 motociclistas - LA BRAVA RADIO","robots":{"index":"index","follow":"follow","max-snippet":"max-snippet:-1","max-image-preview":"max-image-preview:large","max-video-preview":"max-video-preview:-1"},"canonical":"https:\/\/www.bbmnoticias.com\/blog\/2025\/06\/10\/directora-de-profeco-en-oaxaca-involucrada-en-accidente-donde-fallecieron-2-motociclistas\/","og_locale":"es_MX","og_type":"article","og_title":"Directora de PROFECO en Oaxaca, involucrada en accidente donde fallecieron 2 motociclistas - LA BRAVA RADIO","og_description":"La Procuradur\u00eda Federal del Consumidor (PROFECO)&nbsp;confirm\u00f3 que su directora en Oaxaca, Mar\u00eda de Lourdes Santiago Cruz, &nbsp;estuvo involucrada en un accidente carretero en donde dos j\u00f3venes motociclistas perdieron la vida. En un escueto comunicado, la dependencia lament\u00f3 el hecho, registrado el pasado 8 de junio, &nbsp;y asegur\u00f3 que estar\u00e1 pendiente de los resultados de las [&hellip;]","og_url":"https:\/\/www.bbmnoticias.com\/blog\/2025\/06\/10\/directora-de-profeco-en-oaxaca-involucrada-en-accidente-donde-fallecieron-2-motociclistas\/","og_site_name":"LA BRAVA RADIO","article_published_time":"2025-06-10T16:35:56+00:00","article_modified_time":"2025-06-10T16:36:33+00:00","og_image":[{"width":848,"height":477,"url":"https:\/\/www.bbmnoticias.com\/labravaradiofm\/wp-content\/uploads\/sites\/5\/2025\/06\/accidente_oaxaca_motos.jpg","type":"image\/jpeg"}],"author":"El Heraldo","twitter_card":"summary_large_image","twitter_misc":{"Escrito por":"El Heraldo","Tiempo de lectura":"1 minuto"},"schema":{"@context":"https:\/\/schema.org","@graph":[{"@type":"Article","@id":"https:\/\/www.bbmnoticias.com\/blog\/2025\/06\/10\/directora-de-profeco-en-oaxaca-involucrada-en-accidente-donde-fallecieron-2-motociclistas\/#article","isPartOf":{"@id":"https:\/\/www.bbmnoticias.com\/labravaradiofm\/2025\/06\/10\/directora-de-profeco-en-oaxaca-involucrada-en-accidente-donde-fallecieron-2-motociclistas\/"},"author":{"name":"El Heraldo","@id":"https:\/\/www.bbmnoticias.com\/labravaradiofm\/#\/schema\/person\/1d485366d29083d2d818c24013f8cbc0"},"headline":"Directora de PROFECO en Oaxaca, involucrada en accidente donde fallecieron 2 motociclistas","datePublished":"2025-06-10T16:35:56+00:00","dateModified":"2025-06-10T16:36:33+00:00","mainEntityOfPage":{"@id":"https:\/\/www.bbmnoticias.com\/labravaradiofm\/2025\/06\/10\/directora-de-profeco-en-oaxaca-involucrada-en-accidente-donde-fallecieron-2-motociclistas\/"},"wordCount":272,"image":{"@id":"https:\/\/www.bbmnoticias.com\/blog\/2025\/06\/10\/directora-de-profeco-en-oaxaca-involucrada-en-accidente-donde-fallecieron-2-motociclistas\/#primaryimage"},"thumbnailUrl":"https:\/\/www.bbmnoticias.com\/labravaradiofm\/wp-content\/uploads\/sites\/5\/2025\/06\/accidente_oaxaca_motos.jpg","articleSection":["LOCAL"],"inLanguage":"es"},{"@type":"WebPage","@id":"https:\/\/www.bbmnoticias.com\/labravaradiofm\/2025\/06\/10\/directora-de-profeco-en-oaxaca-involucrada-en-accidente-donde-fallecieron-2-motociclistas\/","url":"https:\/\/www.bbmnoticias.com\/blog\/2025\/06\/10\/directora-de-profeco-en-oaxaca-involucrada-en-accidente-donde-fallecieron-2-motociclistas\/","name":"Directora de PROFECO en Oaxaca, involucrada en accidente donde fallecieron 2 motociclistas - LA BRAVA RADIO","isPartOf":{"@id":"https:\/\/www.bbmnoticias.com\/labravaradiofm\/#website"},"primaryImageOfPage":{"@id":"https:\/\/www.bbmnoticias.com\/blog\/2025\/06\/10\/directora-de-profeco-en-oaxaca-involucrada-en-accidente-donde-fallecieron-2-motociclistas\/#primaryimage"},"image":{"@id":"https:\/\/www.bbmnoticias.com\/blog\/2025\/06\/10\/directora-de-profeco-en-oaxaca-involucrada-en-accidente-donde-fallecieron-2-motociclistas\/#primaryimage"},"thumbnailUrl":"https:\/\/www.bbmnoticias.com\/labravaradiofm\/wp-content\/uploads\/sites\/5\/2025\/06\/accidente_oaxaca_motos.jpg","datePublished":"2025-06-10T16:35:56+00:00","dateModified":"2025-06-10T16:36:33+00:00","author":{"@id":"https:\/\/www.bbmnoticias.com\/labravaradiofm\/#\/schema\/person\/1d485366d29083d2d818c24013f8cbc0"},"breadcrumb":{"@id":"https:\/\/www.bbmnoticias.com\/blog\/2025\/06\/10\/directora-de-profeco-en-oaxaca-involucrada-en-accidente-donde-fallecieron-2-motociclistas\/#breadcrumb"},"inLanguage":"es","potentialAction":[{"@type":"ReadAction","target":["https:\/\/www.bbmnoticias.com\/blog\/2025\/06\/10\/directora-de-profeco-en-oaxaca-involucrada-en-accidente-donde-fallecieron-2-motociclistas\/"]}]},{"@type":"ImageObject","inLanguage":"es","@id":"https:\/\/www.bbmnoticias.com\/blog\/2025\/06\/10\/directora-de-profeco-en-oaxaca-involucrada-en-accidente-donde-fallecieron-2-motociclistas\/#primaryimage","url":"https:\/\/www.bbmnoticias.com\/labravaradiofm\/wp-content\/uploads\/sites\/5\/2025\/06\/accidente_oaxaca_motos.jpg","contentUrl":"https:\/\/www.bbmnoticias.com\/labravaradiofm\/wp-content\/uploads\/sites\/5\/2025\/06\/accidente_oaxaca_motos.jpg","width":848,"height":477},{"@type":"BreadcrumbList","@id":"https:\/\/www.bbmnoticias.com\/blog\/2025\/06\/10\/directora-de-profeco-en-oaxaca-involucrada-en-accidente-donde-fallecieron-2-motociclistas\/#breadcrumb","itemListElement":[{"@type":"ListItem","position":1,"name":"Inicio","item":"https:\/\/www.bbmnoticias.com\/labravaradiofm\/"},{"@type":"ListItem","position":2,"name":"Directora de PROFECO en Oaxaca, involucrada en accidente donde fallecieron 2 motociclistas"}]},{"@type":"WebSite","@id":"https:\/\/www.bbmnoticias.com\/labravaradiofm\/#website","url":"https:\/\/www.bbmnoticias.com\/labravaradiofm\/","name":"LA BRAVA RADIO","description":"Empresa productora de medios, Radiodifusi\u00f3n, Noticias, tendencias y todo lo que necesitas saber de la pol\u00edtica mexicana e internacional; entretenimiento, espect\u00e1culos, salud y mucho m\u00e1s.","potentialAction":[{"@type":"SearchAction","target":{"@type":"EntryPoint","urlTemplate":"https:\/\/www.bbmnoticias.com\/labravaradiofm\/?s={search_term_string}"},"query-input":{"@type":"PropertyValueSpecification","valueRequired":true,"valueName":"search_term_string"}}],"inLanguage":"es"},{"@type":"Person","@id":"https:\/\/www.bbmnoticias.com\/labravaradiofm\/#\/schema\/person\/1d485366d29083d2d818c24013f8cbc0","name":"El Heraldo","image":{"@type":"ImageObject","inLanguage":"es","@id":"https:\/\/secure.gravatar.com\/avatar\/463017be041288b5a196814ef7242bd62699b857f306e4b5b61b533e8a87f404?s=96&d=mm&r=g","url":"https:\/\/secure.gravatar.com\/avatar\/463017be041288b5a196814ef7242bd62699b857f306e4b5b61b533e8a87f404?s=96&d=mm&r=g","contentUrl":"https:\/\/secure.gravatar.com\/avatar\/463017be041288b5a196814ef7242bd62699b857f306e4b5b61b533e8a87f404?s=96&d=mm&r=g","caption":"El Heraldo"},"url":"https:\/\/www.bbmnoticias.com\/labravaradiofm\/author\/heraldo\/"}]}},"_links":{"self":[{"href":"https:\/\/www.bbmnoticias.com\/labravaradiofm\/wp-json\/wp\/v2\/posts\/61583","targetHints":{"allow":["GET"]}}],"collection":[{"href":"https:\/\/www.bbmnoticias.com\/labravaradiofm\/wp-json\/wp\/v2\/posts"}],"about":[{"href":"https:\/\/www.bbmnoticias.com\/labravaradiofm\/wp-json\/wp\/v2\/types\/post"}],"author":[{"embeddable":true,"href":"https:\/\/www.bbmnoticias.com\/labravaradiofm\/wp-json\/wp\/v2\/users\/15"}],"replies":[{"embeddable":true,"href":"https:\/\/www.bbmnoticias.com\/labravaradiofm\/wp-json\/wp\/v2\/comments?post=61583"}],"version-history":[{"count":0,"href":"https:\/\/www.bbmnoticias.com\/labravaradiofm\/wp-json\/wp\/v2\/posts\/61583\/revisions"}],"wp:featuredmedia":[{"embeddable":true,"href":"https:\/\/www.bbmnoticias.com\/labravaradiofm\/wp-json\/wp\/v2\/media\/61585"}],"wp:attachment":[{"href":"https:\/\/www.bbmnoticias.com\/labravaradiofm\/wp-json\/wp\/v2\/media?parent=61583"}],"wp:term":[{"taxonomy":"category","embeddable":true,"href":"https:\/\/www.bbmnoticias.com\/labravaradiofm\/wp-json\/wp\/v2\/categories?post=61583"},{"taxonomy":"post_tag","embeddable":true,"href":"https:\/\/www.bbmnoticias.com\/labravaradiofm\/wp-json\/wp\/v2\/tags?post=61583"}],"curies":[{"name":"wp","href":"https:\/\/api.w.org\/{rel}","templated":true}]}}