{"id":61580,"date":"2025-06-10T10:33:01","date_gmt":"2025-06-10T16:33:01","guid":{"rendered":"https:\/\/www.bbmnoticias.com\/labravaradiofm\/2025\/06\/10\/por-que-la-nacion-yaqui-dice-que-hugo-aguilar-es-un-indigena-corrupto\/"},"modified":"2025-06-10T10:33:08","modified_gmt":"2025-06-10T16:33:08","slug":"por-que-la-nacion-yaqui-dice-que-hugo-aguilar-es-un-indigena-corrupto","status":"publish","type":"post","link":"https:\/\/www.bbmnoticias.com\/labravaradiofm\/2025\/06\/10\/por-que-la-nacion-yaqui-dice-que-hugo-aguilar-es-un-indigena-corrupto\/","title":{"rendered":"\u00bfPor qu\u00e9 la Naci\u00f3n Yaqui dice que Hugo Aguilar es un ind\u00edgena corrupto?"},"content":{"rendered":"<div style=\"margin-top: 0px; margin-bottom: 0px;\" class=\"sharethis-inline-share-buttons\" ><\/div>\n<p>Miembros de la Naci\u00f3n Yaqui mostraron preocupaci\u00f3n y rechazo al triunfo de Hugo Aguilar Ortiz como presidente virtual de la Suprema Corte de Justicia Naci\u00f3n (SCJN) en las elecciones al Poder Judicial, pues aseguraron que <strong>es un abogado \u201ccorrupto\u201d<\/strong>.<\/p>\n\n\n\n<p>Los miembros de la comunidad se\u00f1alaron a Hugo Aguilar como uno de los principales responsables del despojo territorial del pueblo ind\u00edgena, tras la implementaci\u00f3n del \u201cPlan de Justicia del Pueblo Yaqui\u201d, impulsado por el expresidente Andr\u00e9s Manuel L\u00f3pez Obrador, en 2021.<\/p>\n\n\n\n<p>\u201c<strong>No queremos a ese ind\u00edgena<\/strong>, el m\u00e1s corrupto que se pueda conocer en todo M\u00e9xico\u201d, dijo Fernando Jim\u00e9nez, ind\u00edgena de la comunidad Yaqui, en entrevista para <em>Proceso<\/em>.<\/p>\n\n\n\n<p>Con la implementaci\u00f3n del plan, que contemplaba la restituci\u00f3n a los yaquis con cerca de 20 mil hect\u00e1reas de territorio, cr\u00e9ditos de vivienda, impulso a la educaci\u00f3n de la comunidad, servicios de salud, as\u00ed como el acceso al agua potable provoc\u00f3<strong> una mayor ocupaci\u00f3n territorial por parte del crimen organizado<\/strong>, asegur\u00f3 el tambi\u00e9n defensor del pueblo yaqui.<\/p>\n\n\n\n<p>Fernando Jim\u00e9nez calific\u00f3 el plan de AMLO, implementado cuando Hugo Aguilar era coordinador del Instituto Nacional de los Pueblos Ind\u00edgenas, como una \u201cherramienta de control\u201d donde<strong> los encargados del INPI son los que toman las decisiones dentro de la comunidad<\/strong>, excluyendo a los yoremes.<\/p>\n\n\n\n<p>\u201cSe not\u00f3 que el control, la batuta, la llevaba el INPI en las personas de Adelfo Regino y Hugo Aguilar. Todos los escritos, todas las actas que se levantaban en esas reuniones no ten\u00edan las caracter\u00edsticas que hace un secretario tradicional, ten\u00edan una esencia ya m\u00e1s rebuscada, ya m\u00e1s politizada; ellos decid\u00edan qu\u00e9 era lo bueno para los yaquis y qu\u00e9 era lo malo para los yaquis\u201d, dijo el defensor en la entrevista con <em>Proceso<\/em>.<\/p>\n\n\n\n<h2 class=\"wp-block-heading\">\u00bfCu\u00e1l era la relaci\u00f3n de Hugo Aguilar con AMLO y los ind\u00edgenas?<\/h2>\n\n\n\n<p>X\u00f3chitl G\u00e1lvez asegur\u00f3, el pasado 4 de junio, que Hugo Aguilar era el encargado de realizar las consultas en los pueblos ind\u00edgenas para la aplicaci\u00f3n de megaproyectos como el Tren Maya para convencer a las comunidades de realizar la obra.<\/p>\n\n\n\n<p>Pese a tener una impresi\u00f3n positiva y a se\u00f1alar que Aguilar estaba<strong> \u201csiempre dispuesto a ayudar, a acompa\u00f1ar a comunidades alejad\u00edsimas<\/strong>\u201c, G\u00e1lvez remarc\u00f3 que las consultas estaban \u201cama\u00f1adas\u201d.<\/p>\n\n\n\n<p>\u201cEra una consulta ama\u00f1ada porque no se les pod\u00eda decir a las comunidades los da\u00f1os ambientales, se les hablaba de los beneficios, pero no de todos los problemas que iba a causar\u201d, explic\u00f3 en entrevista.<\/p>\n\n\n\n<p>Con informaci\u00f3n de El Financiero<\/p>\n","protected":false},"excerpt":{"rendered":"<p>Miembros de la Naci\u00f3n Yaqui mostraron preocupaci\u00f3n y rechazo al triunfo de Hugo Aguilar Ortiz como presidente virtual de la Suprema Corte de Justicia Naci\u00f3n (SCJN) en las elecciones al Poder Judicial, pues aseguraron que es un abogado \u201ccorrupto\u201d. Los miembros de la comunidad se\u00f1alaron a Hugo Aguilar como uno de los principales responsables del [&hellip;]<\/p>\n","protected":false},"author":4,"featured_media":61582,"comment_status":"closed","ping_status":"","sticky":false,"template":"","format":"standard","meta":{"footnotes":""},"categories":[2],"tags":[],"class_list":{"0":"post-61580","1":"post","2":"type-post","3":"status-publish","4":"format-standard","5":"has-post-thumbnail","7":"category-oaxaca"},"yoast_head":"<!-- This site is optimized with the Yoast SEO plugin v27.4 - https:\/\/yoast.com\/product\/yoast-seo-wordpress\/ -->\n<title>\u00bfPor qu\u00e9 la Naci\u00f3n Yaqui dice que Hugo Aguilar es un ind\u00edgena corrupto? - LA BRAVA RADIO<\/title>\n<meta name=\"robots\" content=\"index, follow, max-snippet:-1, max-image-preview:large, max-video-preview:-1\" \/>\n<link rel=\"canonical\" href=\"https:\/\/www.bbmnoticias.com\/blog\/2025\/06\/10\/por-que-la-nacion-yaqui-dice-que-hugo-aguilar-es-un-indigena-corrupto\/\" \/>\n<meta property=\"og:locale\" content=\"es_MX\" \/>\n<meta property=\"og:type\" content=\"article\" \/>\n<meta property=\"og:title\" content=\"\u00bfPor qu\u00e9 la Naci\u00f3n Yaqui dice que Hugo Aguilar es un ind\u00edgena corrupto? - LA BRAVA RADIO\" \/>\n<meta property=\"og:description\" content=\"Miembros de la Naci\u00f3n Yaqui mostraron preocupaci\u00f3n y rechazo al triunfo de Hugo Aguilar Ortiz como presidente virtual de la Suprema Corte de Justicia Naci\u00f3n (SCJN) en las elecciones al Poder Judicial, pues aseguraron que es un abogado \u201ccorrupto\u201d. Los miembros de la comunidad se\u00f1alaron a Hugo Aguilar como uno de los principales responsables del [&hellip;]\" \/>\n<meta property=\"og:url\" content=\"https:\/\/www.bbmnoticias.com\/blog\/2025\/06\/10\/por-que-la-nacion-yaqui-dice-que-hugo-aguilar-es-un-indigena-corrupto\/\" \/>\n<meta property=\"og:site_name\" content=\"LA BRAVA RADIO\" \/>\n<meta property=\"article:published_time\" content=\"2025-06-10T16:33:01+00:00\" \/>\n<meta property=\"article:modified_time\" content=\"2025-06-10T16:33:08+00:00\" \/>\n<meta property=\"og:image\" content=\"https:\/\/www.bbmnoticias.com\/labravaradiofm\/wp-content\/uploads\/sites\/5\/2025\/06\/hugo_aguilar.jpg\" \/>\n\t<meta property=\"og:image:width\" content=\"800\" \/>\n\t<meta property=\"og:image:height\" content=\"450\" \/>\n\t<meta property=\"og:image:type\" content=\"image\/jpeg\" \/>\n<meta name=\"author\" content=\"Agencias\" \/>\n<meta name=\"twitter:card\" content=\"summary_large_image\" \/>\n<meta name=\"twitter:label1\" content=\"Escrito por\" \/>\n\t<meta name=\"twitter:data1\" content=\"Agencias\" \/>\n\t<meta name=\"twitter:label2\" content=\"Tiempo de lectura\" \/>\n\t<meta name=\"twitter:data2\" content=\"2 minutos\" \/>\n<script type=\"application\/ld+json\" class=\"yoast-schema-graph\">{\"@context\":\"https:\\\/\\\/schema.org\",\"@graph\":[{\"@type\":\"Article\",\"@id\":\"https:\\\/\\\/www.bbmnoticias.com\\\/blog\\\/2025\\\/06\\\/10\\\/por-que-la-nacion-yaqui-dice-que-hugo-aguilar-es-un-indigena-corrupto\\\/#article\",\"isPartOf\":{\"@id\":\"https:\\\/\\\/www.bbmnoticias.com\\\/labravaradiofm\\\/2025\\\/06\\\/10\\\/por-que-la-nacion-yaqui-dice-que-hugo-aguilar-es-un-indigena-corrupto\\\/\"},\"author\":{\"name\":\"Agencias\",\"@id\":\"https:\\\/\\\/www.bbmnoticias.com\\\/labravaradiofm\\\/#\\\/schema\\\/person\\\/857a3daf5c8142f29919023f377fbfad\"},\"headline\":\"\u00bfPor qu\u00e9 la Naci\u00f3n Yaqui dice que Hugo Aguilar es un ind\u00edgena corrupto?\",\"datePublished\":\"2025-06-10T16:33:01+00:00\",\"dateModified\":\"2025-06-10T16:33:08+00:00\",\"mainEntityOfPage\":{\"@id\":\"https:\\\/\\\/www.bbmnoticias.com\\\/labravaradiofm\\\/2025\\\/06\\\/10\\\/por-que-la-nacion-yaqui-dice-que-hugo-aguilar-es-un-indigena-corrupto\\\/\"},\"wordCount\":460,\"image\":{\"@id\":\"https:\\\/\\\/www.bbmnoticias.com\\\/blog\\\/2025\\\/06\\\/10\\\/por-que-la-nacion-yaqui-dice-que-hugo-aguilar-es-un-indigena-corrupto\\\/#primaryimage\"},\"thumbnailUrl\":\"https:\\\/\\\/www.bbmnoticias.com\\\/labravaradiofm\\\/wp-content\\\/uploads\\\/sites\\\/5\\\/2025\\\/06\\\/hugo_aguilar.jpg\",\"articleSection\":[\"LOCAL\"],\"inLanguage\":\"es\"},{\"@type\":\"WebPage\",\"@id\":\"https:\\\/\\\/www.bbmnoticias.com\\\/labravaradiofm\\\/2025\\\/06\\\/10\\\/por-que-la-nacion-yaqui-dice-que-hugo-aguilar-es-un-indigena-corrupto\\\/\",\"url\":\"https:\\\/\\\/www.bbmnoticias.com\\\/blog\\\/2025\\\/06\\\/10\\\/por-que-la-nacion-yaqui-dice-que-hugo-aguilar-es-un-indigena-corrupto\\\/\",\"name\":\"\u00bfPor qu\u00e9 la Naci\u00f3n Yaqui dice que Hugo Aguilar es un ind\u00edgena corrupto? - LA BRAVA RADIO\",\"isPartOf\":{\"@id\":\"https:\\\/\\\/www.bbmnoticias.com\\\/labravaradiofm\\\/#website\"},\"primaryImageOfPage\":{\"@id\":\"https:\\\/\\\/www.bbmnoticias.com\\\/blog\\\/2025\\\/06\\\/10\\\/por-que-la-nacion-yaqui-dice-que-hugo-aguilar-es-un-indigena-corrupto\\\/#primaryimage\"},\"image\":{\"@id\":\"https:\\\/\\\/www.bbmnoticias.com\\\/blog\\\/2025\\\/06\\\/10\\\/por-que-la-nacion-yaqui-dice-que-hugo-aguilar-es-un-indigena-corrupto\\\/#primaryimage\"},\"thumbnailUrl\":\"https:\\\/\\\/www.bbmnoticias.com\\\/labravaradiofm\\\/wp-content\\\/uploads\\\/sites\\\/5\\\/2025\\\/06\\\/hugo_aguilar.jpg\",\"datePublished\":\"2025-06-10T16:33:01+00:00\",\"dateModified\":\"2025-06-10T16:33:08+00:00\",\"author\":{\"@id\":\"https:\\\/\\\/www.bbmnoticias.com\\\/labravaradiofm\\\/#\\\/schema\\\/person\\\/857a3daf5c8142f29919023f377fbfad\"},\"breadcrumb\":{\"@id\":\"https:\\\/\\\/www.bbmnoticias.com\\\/blog\\\/2025\\\/06\\\/10\\\/por-que-la-nacion-yaqui-dice-que-hugo-aguilar-es-un-indigena-corrupto\\\/#breadcrumb\"},\"inLanguage\":\"es\",\"potentialAction\":[{\"@type\":\"ReadAction\",\"target\":[\"https:\\\/\\\/www.bbmnoticias.com\\\/blog\\\/2025\\\/06\\\/10\\\/por-que-la-nacion-yaqui-dice-que-hugo-aguilar-es-un-indigena-corrupto\\\/\"]}]},{\"@type\":\"ImageObject\",\"inLanguage\":\"es\",\"@id\":\"https:\\\/\\\/www.bbmnoticias.com\\\/blog\\\/2025\\\/06\\\/10\\\/por-que-la-nacion-yaqui-dice-que-hugo-aguilar-es-un-indigena-corrupto\\\/#primaryimage\",\"url\":\"https:\\\/\\\/www.bbmnoticias.com\\\/labravaradiofm\\\/wp-content\\\/uploads\\\/sites\\\/5\\\/2025\\\/06\\\/hugo_aguilar.jpg\",\"contentUrl\":\"https:\\\/\\\/www.bbmnoticias.com\\\/labravaradiofm\\\/wp-content\\\/uploads\\\/sites\\\/5\\\/2025\\\/06\\\/hugo_aguilar.jpg\",\"width\":800,\"height\":450},{\"@type\":\"BreadcrumbList\",\"@id\":\"https:\\\/\\\/www.bbmnoticias.com\\\/blog\\\/2025\\\/06\\\/10\\\/por-que-la-nacion-yaqui-dice-que-hugo-aguilar-es-un-indigena-corrupto\\\/#breadcrumb\",\"itemListElement\":[{\"@type\":\"ListItem\",\"position\":1,\"name\":\"Inicio\",\"item\":\"https:\\\/\\\/www.bbmnoticias.com\\\/labravaradiofm\\\/\"},{\"@type\":\"ListItem\",\"position\":2,\"name\":\"\u00bfPor qu\u00e9 la Naci\u00f3n Yaqui dice que Hugo Aguilar es un ind\u00edgena corrupto?\"}]},{\"@type\":\"WebSite\",\"@id\":\"https:\\\/\\\/www.bbmnoticias.com\\\/labravaradiofm\\\/#website\",\"url\":\"https:\\\/\\\/www.bbmnoticias.com\\\/labravaradiofm\\\/\",\"name\":\"LA BRAVA RADIO\",\"description\":\"Empresa productora de medios, Radiodifusi\u00f3n, Noticias, tendencias y todo lo que necesitas saber de la pol\u00edtica mexicana e internacional; entretenimiento, espect\u00e1culos, salud y mucho m\u00e1s.\",\"potentialAction\":[{\"@type\":\"SearchAction\",\"target\":{\"@type\":\"EntryPoint\",\"urlTemplate\":\"https:\\\/\\\/www.bbmnoticias.com\\\/labravaradiofm\\\/?s={search_term_string}\"},\"query-input\":{\"@type\":\"PropertyValueSpecification\",\"valueRequired\":true,\"valueName\":\"search_term_string\"}}],\"inLanguage\":\"es\"},{\"@type\":\"Person\",\"@id\":\"https:\\\/\\\/www.bbmnoticias.com\\\/labravaradiofm\\\/#\\\/schema\\\/person\\\/857a3daf5c8142f29919023f377fbfad\",\"name\":\"Agencias\",\"image\":{\"@type\":\"ImageObject\",\"inLanguage\":\"es\",\"@id\":\"https:\\\/\\\/secure.gravatar.com\\\/avatar\\\/739e0b61adf9e398b425c36718c8752286da0e8cd90f20ce9a86678abc26aa0d?s=96&d=mm&r=g\",\"url\":\"https:\\\/\\\/secure.gravatar.com\\\/avatar\\\/739e0b61adf9e398b425c36718c8752286da0e8cd90f20ce9a86678abc26aa0d?s=96&d=mm&r=g\",\"contentUrl\":\"https:\\\/\\\/secure.gravatar.com\\\/avatar\\\/739e0b61adf9e398b425c36718c8752286da0e8cd90f20ce9a86678abc26aa0d?s=96&d=mm&r=g\",\"caption\":\"Agencias\"},\"url\":\"https:\\\/\\\/www.bbmnoticias.com\\\/labravaradiofm\\\/author\\\/agencias\\\/\"}]}<\/script>\n<!-- \/ Yoast SEO plugin. -->","yoast_head_json":{"title":"\u00bfPor qu\u00e9 la Naci\u00f3n Yaqui dice que Hugo Aguilar es un ind\u00edgena corrupto? - LA BRAVA RADIO","robots":{"index":"index","follow":"follow","max-snippet":"max-snippet:-1","max-image-preview":"max-image-preview:large","max-video-preview":"max-video-preview:-1"},"canonical":"https:\/\/www.bbmnoticias.com\/blog\/2025\/06\/10\/por-que-la-nacion-yaqui-dice-que-hugo-aguilar-es-un-indigena-corrupto\/","og_locale":"es_MX","og_type":"article","og_title":"\u00bfPor qu\u00e9 la Naci\u00f3n Yaqui dice que Hugo Aguilar es un ind\u00edgena corrupto? - LA BRAVA RADIO","og_description":"Miembros de la Naci\u00f3n Yaqui mostraron preocupaci\u00f3n y rechazo al triunfo de Hugo Aguilar Ortiz como presidente virtual de la Suprema Corte de Justicia Naci\u00f3n (SCJN) en las elecciones al Poder Judicial, pues aseguraron que es un abogado \u201ccorrupto\u201d. Los miembros de la comunidad se\u00f1alaron a Hugo Aguilar como uno de los principales responsables del [&hellip;]","og_url":"https:\/\/www.bbmnoticias.com\/blog\/2025\/06\/10\/por-que-la-nacion-yaqui-dice-que-hugo-aguilar-es-un-indigena-corrupto\/","og_site_name":"LA BRAVA RADIO","article_published_time":"2025-06-10T16:33:01+00:00","article_modified_time":"2025-06-10T16:33:08+00:00","og_image":[{"width":800,"height":450,"url":"https:\/\/www.bbmnoticias.com\/labravaradiofm\/wp-content\/uploads\/sites\/5\/2025\/06\/hugo_aguilar.jpg","type":"image\/jpeg"}],"author":"Agencias","twitter_card":"summary_large_image","twitter_misc":{"Escrito por":"Agencias","Tiempo de lectura":"2 minutos"},"schema":{"@context":"https:\/\/schema.org","@graph":[{"@type":"Article","@id":"https:\/\/www.bbmnoticias.com\/blog\/2025\/06\/10\/por-que-la-nacion-yaqui-dice-que-hugo-aguilar-es-un-indigena-corrupto\/#article","isPartOf":{"@id":"https:\/\/www.bbmnoticias.com\/labravaradiofm\/2025\/06\/10\/por-que-la-nacion-yaqui-dice-que-hugo-aguilar-es-un-indigena-corrupto\/"},"author":{"name":"Agencias","@id":"https:\/\/www.bbmnoticias.com\/labravaradiofm\/#\/schema\/person\/857a3daf5c8142f29919023f377fbfad"},"headline":"\u00bfPor qu\u00e9 la Naci\u00f3n Yaqui dice que Hugo Aguilar es un ind\u00edgena corrupto?","datePublished":"2025-06-10T16:33:01+00:00","dateModified":"2025-06-10T16:33:08+00:00","mainEntityOfPage":{"@id":"https:\/\/www.bbmnoticias.com\/labravaradiofm\/2025\/06\/10\/por-que-la-nacion-yaqui-dice-que-hugo-aguilar-es-un-indigena-corrupto\/"},"wordCount":460,"image":{"@id":"https:\/\/www.bbmnoticias.com\/blog\/2025\/06\/10\/por-que-la-nacion-yaqui-dice-que-hugo-aguilar-es-un-indigena-corrupto\/#primaryimage"},"thumbnailUrl":"https:\/\/www.bbmnoticias.com\/labravaradiofm\/wp-content\/uploads\/sites\/5\/2025\/06\/hugo_aguilar.jpg","articleSection":["LOCAL"],"inLanguage":"es"},{"@type":"WebPage","@id":"https:\/\/www.bbmnoticias.com\/labravaradiofm\/2025\/06\/10\/por-que-la-nacion-yaqui-dice-que-hugo-aguilar-es-un-indigena-corrupto\/","url":"https:\/\/www.bbmnoticias.com\/blog\/2025\/06\/10\/por-que-la-nacion-yaqui-dice-que-hugo-aguilar-es-un-indigena-corrupto\/","name":"\u00bfPor qu\u00e9 la Naci\u00f3n Yaqui dice que Hugo Aguilar es un ind\u00edgena corrupto? - LA BRAVA RADIO","isPartOf":{"@id":"https:\/\/www.bbmnoticias.com\/labravaradiofm\/#website"},"primaryImageOfPage":{"@id":"https:\/\/www.bbmnoticias.com\/blog\/2025\/06\/10\/por-que-la-nacion-yaqui-dice-que-hugo-aguilar-es-un-indigena-corrupto\/#primaryimage"},"image":{"@id":"https:\/\/www.bbmnoticias.com\/blog\/2025\/06\/10\/por-que-la-nacion-yaqui-dice-que-hugo-aguilar-es-un-indigena-corrupto\/#primaryimage"},"thumbnailUrl":"https:\/\/www.bbmnoticias.com\/labravaradiofm\/wp-content\/uploads\/sites\/5\/2025\/06\/hugo_aguilar.jpg","datePublished":"2025-06-10T16:33:01+00:00","dateModified":"2025-06-10T16:33:08+00:00","author":{"@id":"https:\/\/www.bbmnoticias.com\/labravaradiofm\/#\/schema\/person\/857a3daf5c8142f29919023f377fbfad"},"breadcrumb":{"@id":"https:\/\/www.bbmnoticias.com\/blog\/2025\/06\/10\/por-que-la-nacion-yaqui-dice-que-hugo-aguilar-es-un-indigena-corrupto\/#breadcrumb"},"inLanguage":"es","potentialAction":[{"@type":"ReadAction","target":["https:\/\/www.bbmnoticias.com\/blog\/2025\/06\/10\/por-que-la-nacion-yaqui-dice-que-hugo-aguilar-es-un-indigena-corrupto\/"]}]},{"@type":"ImageObject","inLanguage":"es","@id":"https:\/\/www.bbmnoticias.com\/blog\/2025\/06\/10\/por-que-la-nacion-yaqui-dice-que-hugo-aguilar-es-un-indigena-corrupto\/#primaryimage","url":"https:\/\/www.bbmnoticias.com\/labravaradiofm\/wp-content\/uploads\/sites\/5\/2025\/06\/hugo_aguilar.jpg","contentUrl":"https:\/\/www.bbmnoticias.com\/labravaradiofm\/wp-content\/uploads\/sites\/5\/2025\/06\/hugo_aguilar.jpg","width":800,"height":450},{"@type":"BreadcrumbList","@id":"https:\/\/www.bbmnoticias.com\/blog\/2025\/06\/10\/por-que-la-nacion-yaqui-dice-que-hugo-aguilar-es-un-indigena-corrupto\/#breadcrumb","itemListElement":[{"@type":"ListItem","position":1,"name":"Inicio","item":"https:\/\/www.bbmnoticias.com\/labravaradiofm\/"},{"@type":"ListItem","position":2,"name":"\u00bfPor qu\u00e9 la Naci\u00f3n Yaqui dice que Hugo Aguilar es un ind\u00edgena corrupto?"}]},{"@type":"WebSite","@id":"https:\/\/www.bbmnoticias.com\/labravaradiofm\/#website","url":"https:\/\/www.bbmnoticias.com\/labravaradiofm\/","name":"LA BRAVA RADIO","description":"Empresa productora de medios, Radiodifusi\u00f3n, Noticias, tendencias y todo lo que necesitas saber de la pol\u00edtica mexicana e internacional; entretenimiento, espect\u00e1culos, salud y mucho m\u00e1s.","potentialAction":[{"@type":"SearchAction","target":{"@type":"EntryPoint","urlTemplate":"https:\/\/www.bbmnoticias.com\/labravaradiofm\/?s={search_term_string}"},"query-input":{"@type":"PropertyValueSpecification","valueRequired":true,"valueName":"search_term_string"}}],"inLanguage":"es"},{"@type":"Person","@id":"https:\/\/www.bbmnoticias.com\/labravaradiofm\/#\/schema\/person\/857a3daf5c8142f29919023f377fbfad","name":"Agencias","image":{"@type":"ImageObject","inLanguage":"es","@id":"https:\/\/secure.gravatar.com\/avatar\/739e0b61adf9e398b425c36718c8752286da0e8cd90f20ce9a86678abc26aa0d?s=96&d=mm&r=g","url":"https:\/\/secure.gravatar.com\/avatar\/739e0b61adf9e398b425c36718c8752286da0e8cd90f20ce9a86678abc26aa0d?s=96&d=mm&r=g","contentUrl":"https:\/\/secure.gravatar.com\/avatar\/739e0b61adf9e398b425c36718c8752286da0e8cd90f20ce9a86678abc26aa0d?s=96&d=mm&r=g","caption":"Agencias"},"url":"https:\/\/www.bbmnoticias.com\/labravaradiofm\/author\/agencias\/"}]}},"_links":{"self":[{"href":"https:\/\/www.bbmnoticias.com\/labravaradiofm\/wp-json\/wp\/v2\/posts\/61580","targetHints":{"allow":["GET"]}}],"collection":[{"href":"https:\/\/www.bbmnoticias.com\/labravaradiofm\/wp-json\/wp\/v2\/posts"}],"about":[{"href":"https:\/\/www.bbmnoticias.com\/labravaradiofm\/wp-json\/wp\/v2\/types\/post"}],"author":[{"embeddable":true,"href":"https:\/\/www.bbmnoticias.com\/labravaradiofm\/wp-json\/wp\/v2\/users\/4"}],"replies":[{"embeddable":true,"href":"https:\/\/www.bbmnoticias.com\/labravaradiofm\/wp-json\/wp\/v2\/comments?post=61580"}],"version-history":[{"count":0,"href":"https:\/\/www.bbmnoticias.com\/labravaradiofm\/wp-json\/wp\/v2\/posts\/61580\/revisions"}],"wp:featuredmedia":[{"embeddable":true,"href":"https:\/\/www.bbmnoticias.com\/labravaradiofm\/wp-json\/wp\/v2\/media\/61582"}],"wp:attachment":[{"href":"https:\/\/www.bbmnoticias.com\/labravaradiofm\/wp-json\/wp\/v2\/media?parent=61580"}],"wp:term":[{"taxonomy":"category","embeddable":true,"href":"https:\/\/www.bbmnoticias.com\/labravaradiofm\/wp-json\/wp\/v2\/categories?post=61580"},{"taxonomy":"post_tag","embeddable":true,"href":"https:\/\/www.bbmnoticias.com\/labravaradiofm\/wp-json\/wp\/v2\/tags?post=61580"}],"curies":[{"name":"wp","href":"https:\/\/api.w.org\/{rel}","templated":true}]}}