{"id":61573,"date":"2025-06-10T09:04:45","date_gmt":"2025-06-10T15:04:45","guid":{"rendered":"https:\/\/www.bbmnoticias.com\/labravaradiofm\/2025\/06\/10\/abren-registro-para-las-pensiones-a-mujeres-y-adultos-mayores\/"},"modified":"2025-06-10T09:05:03","modified_gmt":"2025-06-10T15:05:03","slug":"abren-registro-para-las-pensiones-a-mujeres-y-adultos-mayores","status":"publish","type":"post","link":"https:\/\/www.bbmnoticias.com\/labravaradiofm\/2025\/06\/10\/abren-registro-para-las-pensiones-a-mujeres-y-adultos-mayores\/","title":{"rendered":"Abren registro para las pensiones a mujeres y adultos mayores"},"content":{"rendered":"<div style=\"margin-top: 0px; margin-bottom: 0px;\" class=\"sharethis-inline-share-buttons\" ><\/div>\n<p> La Secretar\u00eda de Bienestar abri\u00f3 el <strong>registro<\/strong> para las <strong>pensiones<\/strong> a <strong>mujeres<\/strong> y <strong>adultos<\/strong> <strong>mayores<\/strong>.<\/p>\n\n\n\n<p>Las <strong>mujeres<\/strong> de entre <strong>63 y 64 a\u00f1os<\/strong>, y los <strong>adultos mayores<\/strong> de <strong>65 a\u00f1os<\/strong> o m\u00e1s, podr\u00e1n solicitar el <strong>apoyo econ\u00f3mico bimestral<\/strong>.<\/p>\n\n\n\n<figure class=\"wp-block-image\" id=\"attachment_1691157\"><a href=\"https:\/\/lopezdoriga.com\/wp-content\/uploads\/2025\/02\/a8f48bc121508fe31fc8f9e71cdbc3a029d4ac84w.jpg\"><img decoding=\"async\" src=\"https:\/\/lopezdoriga.com\/wp-content\/uploads\/2025\/02\/a8f48bc121508fe31fc8f9e71cdbc3a029d4ac84w.jpg\" alt=\"Abren registro para las pensiones a mujeres y adultos mayores - a8f48bc121508fe31fc8f9e71cdbc3a029d4ac84w\" title=\"\"\/><\/a><figcaption class=\"wp-element-caption\">Adulto mayor en la CDMX. Foto de EFE\/ Isaac Esquivel<\/figcaption><\/figure>\n\n\n\n<p>El registro se realizar\u00e1 con la <strong>identificaci\u00f3n oficial vigente<\/strong> de la persona interesada. Puede ser la credencial para votar, el pasaporte, cartilla militar, c\u00e9dula profesional, credencial del Inapam o carta de identidad.<\/p>\n\n\n\n<p>Asimismo, se necesitan la <strong>CURP<\/strong> de impresi\u00f3n reciente; <strong>acta de nacimiento<\/strong>; <strong>comprobante de domicilio<\/strong> no mayor a 6 meses, y <strong>tel\u00e9fono de contacto<\/strong>.<\/p>\n\n\n\n<h2 class=\"wp-block-heading\">&nbsp;\u00bfC\u00f3mo registrarse para las pensiones del Bienestar?<\/h2>\n\n\n\n<p>El <strong>registro<\/strong> para las <strong>pensiones<\/strong> del <strong>Bienestar<\/strong>, tanto para mujeres como para adultos mayores, se realizar\u00e1 del<strong> 9 al 21 de junio<\/strong>.<\/p>\n\n\n\n<p>Los interesados deber\u00e1n acudir a los&nbsp;<strong>M\u00f3dulos de Bienestar<\/strong>, que operan de lunes a s\u00e1bado, de las 10:00 a las 16:00 h.<\/p>\n\n\n\n<p>En la <a href=\"https:\/\/www.gob.mx\/bienestar\/\" target=\"_blank\" rel=\"noreferrer noopener\">p\u00e1gina oficial<\/a> de la Secretar\u00eda del Bienestar se puede ingresar la CURP para conocer el M\u00f3dulo m\u00e1s cercano.<\/p>\n\n\n\n<p>En caso no poder acudir a los m\u00f3dulos, las mujeres o adultos mayores pueden solicitar una <strong>visita domiciliaria<\/strong>, tambi\u00e9n mediante la p\u00e1gina oficial.<\/p>\n\n\n\n<p>Cabe destacar que los adultos mayores podr\u00e1n registrar a una persona auxiliar que las represente en los tr\u00e1mites, misma que deber\u00e1 presentar los mismos documentos.<\/p>\n\n\n\n<h2 class=\"wp-block-heading\">&nbsp;\u00bfCu\u00e1ndo registrarse?<\/h2>\n\n\n\n<p>El <strong>calendario<\/strong> para <strong>registrarse<\/strong> a las <strong>pensiones del Bienestar<\/strong> fue elaborado conforme la inicial del primer apellido:<\/p>\n\n\n\n<p>-A, B y C \u2013 lunes 9 y 16 de junio<\/p>\n\n\n\n<p>-D, E, F, G y H \u2013 martes 10 y 17 de junio<\/p>\n\n\n\n<p>-I, J, K, L y M \u2013 mi\u00e9rcoles 11 y 18 de junio<\/p>\n\n\n\n<p>-N, \u00d1, O, P, Q y R \u2013 jueves 12 y 19 de junio<\/p>\n\n\n\n<p>-S, T, U, V, W, X, Y y Z \u2013 viernes 13 y 20 de junio<\/p>\n\n\n\n<p>En caso de no acudir en los d\u00edas asignados conforme al apellido, los rezagados tendr\u00e1n la oportunidad de realizar el registro los s\u00e1bados 14 y 21 de junio.<\/p>\n\n\n\n<figure class=\"wp-block-image\"><a href=\"https:\/\/lopezdoriga.com\/wp-content\/uploads\/2025\/06\/calendario-de-registro-a-las-pensiones-del-bienestar.jpg\"><img decoding=\"async\" src=\"https:\/\/lopezdoriga.com\/wp-content\/uploads\/2025\/06\/calendario-de-registro-a-las-pensiones-del-bienestar.jpg\" alt=\"Abren registro para las pensiones a mujeres y adultos mayores - calendario-de-registro-a-las-pensiones-del-bienestar\" title=\"\"\/><\/a><\/figure>\n\n\n\n<p>La <strong>Pensi\u00f3n para el Bienestar de las Personas Adultas Mayores<\/strong> otorga <strong>6 mil 200 pesos<\/strong> cada dos meses.<\/p>\n\n\n\n<p>Dicho programa est\u00e1 reconocido como un <strong>derecho<\/strong> <strong>constitucional<\/strong>, con lo que el Estado est\u00e1 obligado a otorgar y hacer cumplir su entrega sin importar el gobierno en turno.<\/p>\n\n\n\n<p>Adem\u00e1s, es universal, que significa que se entrega a todos los adultos mayores mexicanos residentes del pa\u00eds, sin importar su condici\u00f3n social o econ\u00f3mica, ideolog\u00eda o creencias.<\/p>\n\n\n\n<p>En tanto, la <strong>Pensi\u00f3n Mujeres Bienestar<\/strong> consta de un apoyo bimestral de <strong>3 mil pesos<\/strong>.<\/p>\n\n\n\n<p>En ambos casos, los beneficiarios reciben el dinero en una&nbsp;<strong>tarjeta<\/strong> del&nbsp;<strong>Banco del Bienestar<\/strong>, misma que se les proporciona tras finalizar el registro satisfactoriamente.<\/p>\n\n\n\n<p>El apoyo econ\u00f3mico puede retirarse en cajeros autom\u00e1ticos o en ventanilla del Banco del Bienestar. Asimismo se puede utilizar la tarjeta como la de cualquier otro banco, como forma de pago.<\/p>\n","protected":false},"excerpt":{"rendered":"<p>La Secretar\u00eda de Bienestar abri\u00f3 el registro para las pensiones a mujeres y adultos mayores. Las mujeres de entre 63 y 64 a\u00f1os, y los adultos mayores de 65 a\u00f1os o m\u00e1s, podr\u00e1n solicitar el apoyo econ\u00f3mico bimestral. El registro se realizar\u00e1 con la identificaci\u00f3n oficial vigente de la persona interesada. Puede ser la credencial [&hellip;]<\/p>\n","protected":false},"author":4,"featured_media":61575,"comment_status":"closed","ping_status":"","sticky":false,"template":"","format":"standard","meta":{"footnotes":""},"categories":[2,19],"tags":[],"class_list":{"0":"post-61573","1":"post","2":"type-post","3":"status-publish","4":"format-standard","5":"has-post-thumbnail","7":"category-oaxaca","8":"category-nacional"},"yoast_head":"<!-- This site is optimized with the Yoast SEO plugin v27.4 - https:\/\/yoast.com\/product\/yoast-seo-wordpress\/ -->\n<title>Abren registro para las pensiones a mujeres y adultos mayores - LA BRAVA RADIO<\/title>\n<meta name=\"robots\" content=\"index, follow, max-snippet:-1, max-image-preview:large, max-video-preview:-1\" \/>\n<link rel=\"canonical\" href=\"https:\/\/www.bbmnoticias.com\/blog\/2025\/06\/10\/abren-registro-para-las-pensiones-a-mujeres-y-adultos-mayores\/\" \/>\n<meta property=\"og:locale\" content=\"es_MX\" \/>\n<meta property=\"og:type\" content=\"article\" \/>\n<meta property=\"og:title\" content=\"Abren registro para las pensiones a mujeres y adultos mayores - LA BRAVA RADIO\" \/>\n<meta property=\"og:description\" content=\"La Secretar\u00eda de Bienestar abri\u00f3 el registro para las pensiones a mujeres y adultos mayores. Las mujeres de entre 63 y 64 a\u00f1os, y los adultos mayores de 65 a\u00f1os o m\u00e1s, podr\u00e1n solicitar el apoyo econ\u00f3mico bimestral. El registro se realizar\u00e1 con la identificaci\u00f3n oficial vigente de la persona interesada. Puede ser la credencial [&hellip;]\" \/>\n<meta property=\"og:url\" content=\"https:\/\/www.bbmnoticias.com\/blog\/2025\/06\/10\/abren-registro-para-las-pensiones-a-mujeres-y-adultos-mayores\/\" \/>\n<meta property=\"og:site_name\" content=\"LA BRAVA RADIO\" \/>\n<meta property=\"article:published_time\" content=\"2025-06-10T15:04:45+00:00\" \/>\n<meta property=\"article:modified_time\" content=\"2025-06-10T15:05:03+00:00\" \/>\n<meta property=\"og:image\" content=\"https:\/\/www.bbmnoticias.com\/labravaradiofm\/wp-content\/uploads\/sites\/5\/2025\/06\/adultos-mayores-pension-pensiones-1536x1024-1.jpg\" \/>\n\t<meta property=\"og:image:width\" content=\"1536\" \/>\n\t<meta property=\"og:image:height\" content=\"1024\" \/>\n\t<meta property=\"og:image:type\" content=\"image\/jpeg\" \/>\n<meta name=\"author\" content=\"Agencias\" \/>\n<meta name=\"twitter:card\" content=\"summary_large_image\" \/>\n<meta name=\"twitter:label1\" content=\"Escrito por\" \/>\n\t<meta name=\"twitter:data1\" content=\"Agencias\" \/>\n\t<meta name=\"twitter:label2\" content=\"Tiempo de lectura\" \/>\n\t<meta name=\"twitter:data2\" content=\"2 minutos\" \/>\n<script type=\"application\/ld+json\" class=\"yoast-schema-graph\">{\"@context\":\"https:\\\/\\\/schema.org\",\"@graph\":[{\"@type\":\"Article\",\"@id\":\"https:\\\/\\\/www.bbmnoticias.com\\\/blog\\\/2025\\\/06\\\/10\\\/abren-registro-para-las-pensiones-a-mujeres-y-adultos-mayores\\\/#article\",\"isPartOf\":{\"@id\":\"https:\\\/\\\/www.bbmnoticias.com\\\/labravaradiofm\\\/2025\\\/06\\\/10\\\/abren-registro-para-las-pensiones-a-mujeres-y-adultos-mayores\\\/\"},\"author\":{\"name\":\"Agencias\",\"@id\":\"https:\\\/\\\/www.bbmnoticias.com\\\/labravaradiofm\\\/#\\\/schema\\\/person\\\/857a3daf5c8142f29919023f377fbfad\"},\"headline\":\"Abren registro para las pensiones a mujeres y adultos mayores\",\"datePublished\":\"2025-06-10T15:04:45+00:00\",\"dateModified\":\"2025-06-10T15:05:03+00:00\",\"mainEntityOfPage\":{\"@id\":\"https:\\\/\\\/www.bbmnoticias.com\\\/labravaradiofm\\\/2025\\\/06\\\/10\\\/abren-registro-para-las-pensiones-a-mujeres-y-adultos-mayores\\\/\"},\"wordCount\":503,\"image\":{\"@id\":\"https:\\\/\\\/www.bbmnoticias.com\\\/blog\\\/2025\\\/06\\\/10\\\/abren-registro-para-las-pensiones-a-mujeres-y-adultos-mayores\\\/#primaryimage\"},\"thumbnailUrl\":\"https:\\\/\\\/www.bbmnoticias.com\\\/labravaradiofm\\\/wp-content\\\/uploads\\\/sites\\\/5\\\/2025\\\/06\\\/adultos-mayores-pension-pensiones-1536x1024-1.jpg\",\"articleSection\":[\"LOCAL\",\"NACIONAL\"],\"inLanguage\":\"es\"},{\"@type\":\"WebPage\",\"@id\":\"https:\\\/\\\/www.bbmnoticias.com\\\/labravaradiofm\\\/2025\\\/06\\\/10\\\/abren-registro-para-las-pensiones-a-mujeres-y-adultos-mayores\\\/\",\"url\":\"https:\\\/\\\/www.bbmnoticias.com\\\/blog\\\/2025\\\/06\\\/10\\\/abren-registro-para-las-pensiones-a-mujeres-y-adultos-mayores\\\/\",\"name\":\"Abren registro para las pensiones a mujeres y adultos mayores - LA BRAVA RADIO\",\"isPartOf\":{\"@id\":\"https:\\\/\\\/www.bbmnoticias.com\\\/labravaradiofm\\\/#website\"},\"primaryImageOfPage\":{\"@id\":\"https:\\\/\\\/www.bbmnoticias.com\\\/blog\\\/2025\\\/06\\\/10\\\/abren-registro-para-las-pensiones-a-mujeres-y-adultos-mayores\\\/#primaryimage\"},\"image\":{\"@id\":\"https:\\\/\\\/www.bbmnoticias.com\\\/blog\\\/2025\\\/06\\\/10\\\/abren-registro-para-las-pensiones-a-mujeres-y-adultos-mayores\\\/#primaryimage\"},\"thumbnailUrl\":\"https:\\\/\\\/www.bbmnoticias.com\\\/labravaradiofm\\\/wp-content\\\/uploads\\\/sites\\\/5\\\/2025\\\/06\\\/adultos-mayores-pension-pensiones-1536x1024-1.jpg\",\"datePublished\":\"2025-06-10T15:04:45+00:00\",\"dateModified\":\"2025-06-10T15:05:03+00:00\",\"author\":{\"@id\":\"https:\\\/\\\/www.bbmnoticias.com\\\/labravaradiofm\\\/#\\\/schema\\\/person\\\/857a3daf5c8142f29919023f377fbfad\"},\"breadcrumb\":{\"@id\":\"https:\\\/\\\/www.bbmnoticias.com\\\/blog\\\/2025\\\/06\\\/10\\\/abren-registro-para-las-pensiones-a-mujeres-y-adultos-mayores\\\/#breadcrumb\"},\"inLanguage\":\"es\",\"potentialAction\":[{\"@type\":\"ReadAction\",\"target\":[\"https:\\\/\\\/www.bbmnoticias.com\\\/blog\\\/2025\\\/06\\\/10\\\/abren-registro-para-las-pensiones-a-mujeres-y-adultos-mayores\\\/\"]}]},{\"@type\":\"ImageObject\",\"inLanguage\":\"es\",\"@id\":\"https:\\\/\\\/www.bbmnoticias.com\\\/blog\\\/2025\\\/06\\\/10\\\/abren-registro-para-las-pensiones-a-mujeres-y-adultos-mayores\\\/#primaryimage\",\"url\":\"https:\\\/\\\/www.bbmnoticias.com\\\/labravaradiofm\\\/wp-content\\\/uploads\\\/sites\\\/5\\\/2025\\\/06\\\/adultos-mayores-pension-pensiones-1536x1024-1.jpg\",\"contentUrl\":\"https:\\\/\\\/www.bbmnoticias.com\\\/labravaradiofm\\\/wp-content\\\/uploads\\\/sites\\\/5\\\/2025\\\/06\\\/adultos-mayores-pension-pensiones-1536x1024-1.jpg\",\"width\":1536,\"height\":1024},{\"@type\":\"BreadcrumbList\",\"@id\":\"https:\\\/\\\/www.bbmnoticias.com\\\/blog\\\/2025\\\/06\\\/10\\\/abren-registro-para-las-pensiones-a-mujeres-y-adultos-mayores\\\/#breadcrumb\",\"itemListElement\":[{\"@type\":\"ListItem\",\"position\":1,\"name\":\"Inicio\",\"item\":\"https:\\\/\\\/www.bbmnoticias.com\\\/labravaradiofm\\\/\"},{\"@type\":\"ListItem\",\"position\":2,\"name\":\"Abren registro para las pensiones a mujeres y adultos mayores\"}]},{\"@type\":\"WebSite\",\"@id\":\"https:\\\/\\\/www.bbmnoticias.com\\\/labravaradiofm\\\/#website\",\"url\":\"https:\\\/\\\/www.bbmnoticias.com\\\/labravaradiofm\\\/\",\"name\":\"LA BRAVA RADIO\",\"description\":\"Empresa productora de medios, Radiodifusi\u00f3n, Noticias, tendencias y todo lo que necesitas saber de la pol\u00edtica mexicana e internacional; entretenimiento, espect\u00e1culos, salud y mucho m\u00e1s.\",\"potentialAction\":[{\"@type\":\"SearchAction\",\"target\":{\"@type\":\"EntryPoint\",\"urlTemplate\":\"https:\\\/\\\/www.bbmnoticias.com\\\/labravaradiofm\\\/?s={search_term_string}\"},\"query-input\":{\"@type\":\"PropertyValueSpecification\",\"valueRequired\":true,\"valueName\":\"search_term_string\"}}],\"inLanguage\":\"es\"},{\"@type\":\"Person\",\"@id\":\"https:\\\/\\\/www.bbmnoticias.com\\\/labravaradiofm\\\/#\\\/schema\\\/person\\\/857a3daf5c8142f29919023f377fbfad\",\"name\":\"Agencias\",\"image\":{\"@type\":\"ImageObject\",\"inLanguage\":\"es\",\"@id\":\"https:\\\/\\\/secure.gravatar.com\\\/avatar\\\/739e0b61adf9e398b425c36718c8752286da0e8cd90f20ce9a86678abc26aa0d?s=96&d=mm&r=g\",\"url\":\"https:\\\/\\\/secure.gravatar.com\\\/avatar\\\/739e0b61adf9e398b425c36718c8752286da0e8cd90f20ce9a86678abc26aa0d?s=96&d=mm&r=g\",\"contentUrl\":\"https:\\\/\\\/secure.gravatar.com\\\/avatar\\\/739e0b61adf9e398b425c36718c8752286da0e8cd90f20ce9a86678abc26aa0d?s=96&d=mm&r=g\",\"caption\":\"Agencias\"},\"url\":\"https:\\\/\\\/www.bbmnoticias.com\\\/labravaradiofm\\\/author\\\/agencias\\\/\"}]}<\/script>\n<!-- \/ Yoast SEO plugin. -->","yoast_head_json":{"title":"Abren registro para las pensiones a mujeres y adultos mayores - LA BRAVA RADIO","robots":{"index":"index","follow":"follow","max-snippet":"max-snippet:-1","max-image-preview":"max-image-preview:large","max-video-preview":"max-video-preview:-1"},"canonical":"https:\/\/www.bbmnoticias.com\/blog\/2025\/06\/10\/abren-registro-para-las-pensiones-a-mujeres-y-adultos-mayores\/","og_locale":"es_MX","og_type":"article","og_title":"Abren registro para las pensiones a mujeres y adultos mayores - LA BRAVA RADIO","og_description":"La Secretar\u00eda de Bienestar abri\u00f3 el registro para las pensiones a mujeres y adultos mayores. Las mujeres de entre 63 y 64 a\u00f1os, y los adultos mayores de 65 a\u00f1os o m\u00e1s, podr\u00e1n solicitar el apoyo econ\u00f3mico bimestral. El registro se realizar\u00e1 con la identificaci\u00f3n oficial vigente de la persona interesada. Puede ser la credencial [&hellip;]","og_url":"https:\/\/www.bbmnoticias.com\/blog\/2025\/06\/10\/abren-registro-para-las-pensiones-a-mujeres-y-adultos-mayores\/","og_site_name":"LA BRAVA RADIO","article_published_time":"2025-06-10T15:04:45+00:00","article_modified_time":"2025-06-10T15:05:03+00:00","og_image":[{"width":1536,"height":1024,"url":"https:\/\/www.bbmnoticias.com\/labravaradiofm\/wp-content\/uploads\/sites\/5\/2025\/06\/adultos-mayores-pension-pensiones-1536x1024-1.jpg","type":"image\/jpeg"}],"author":"Agencias","twitter_card":"summary_large_image","twitter_misc":{"Escrito por":"Agencias","Tiempo de lectura":"2 minutos"},"schema":{"@context":"https:\/\/schema.org","@graph":[{"@type":"Article","@id":"https:\/\/www.bbmnoticias.com\/blog\/2025\/06\/10\/abren-registro-para-las-pensiones-a-mujeres-y-adultos-mayores\/#article","isPartOf":{"@id":"https:\/\/www.bbmnoticias.com\/labravaradiofm\/2025\/06\/10\/abren-registro-para-las-pensiones-a-mujeres-y-adultos-mayores\/"},"author":{"name":"Agencias","@id":"https:\/\/www.bbmnoticias.com\/labravaradiofm\/#\/schema\/person\/857a3daf5c8142f29919023f377fbfad"},"headline":"Abren registro para las pensiones a mujeres y adultos mayores","datePublished":"2025-06-10T15:04:45+00:00","dateModified":"2025-06-10T15:05:03+00:00","mainEntityOfPage":{"@id":"https:\/\/www.bbmnoticias.com\/labravaradiofm\/2025\/06\/10\/abren-registro-para-las-pensiones-a-mujeres-y-adultos-mayores\/"},"wordCount":503,"image":{"@id":"https:\/\/www.bbmnoticias.com\/blog\/2025\/06\/10\/abren-registro-para-las-pensiones-a-mujeres-y-adultos-mayores\/#primaryimage"},"thumbnailUrl":"https:\/\/www.bbmnoticias.com\/labravaradiofm\/wp-content\/uploads\/sites\/5\/2025\/06\/adultos-mayores-pension-pensiones-1536x1024-1.jpg","articleSection":["LOCAL","NACIONAL"],"inLanguage":"es"},{"@type":"WebPage","@id":"https:\/\/www.bbmnoticias.com\/labravaradiofm\/2025\/06\/10\/abren-registro-para-las-pensiones-a-mujeres-y-adultos-mayores\/","url":"https:\/\/www.bbmnoticias.com\/blog\/2025\/06\/10\/abren-registro-para-las-pensiones-a-mujeres-y-adultos-mayores\/","name":"Abren registro para las pensiones a mujeres y adultos mayores - LA BRAVA RADIO","isPartOf":{"@id":"https:\/\/www.bbmnoticias.com\/labravaradiofm\/#website"},"primaryImageOfPage":{"@id":"https:\/\/www.bbmnoticias.com\/blog\/2025\/06\/10\/abren-registro-para-las-pensiones-a-mujeres-y-adultos-mayores\/#primaryimage"},"image":{"@id":"https:\/\/www.bbmnoticias.com\/blog\/2025\/06\/10\/abren-registro-para-las-pensiones-a-mujeres-y-adultos-mayores\/#primaryimage"},"thumbnailUrl":"https:\/\/www.bbmnoticias.com\/labravaradiofm\/wp-content\/uploads\/sites\/5\/2025\/06\/adultos-mayores-pension-pensiones-1536x1024-1.jpg","datePublished":"2025-06-10T15:04:45+00:00","dateModified":"2025-06-10T15:05:03+00:00","author":{"@id":"https:\/\/www.bbmnoticias.com\/labravaradiofm\/#\/schema\/person\/857a3daf5c8142f29919023f377fbfad"},"breadcrumb":{"@id":"https:\/\/www.bbmnoticias.com\/blog\/2025\/06\/10\/abren-registro-para-las-pensiones-a-mujeres-y-adultos-mayores\/#breadcrumb"},"inLanguage":"es","potentialAction":[{"@type":"ReadAction","target":["https:\/\/www.bbmnoticias.com\/blog\/2025\/06\/10\/abren-registro-para-las-pensiones-a-mujeres-y-adultos-mayores\/"]}]},{"@type":"ImageObject","inLanguage":"es","@id":"https:\/\/www.bbmnoticias.com\/blog\/2025\/06\/10\/abren-registro-para-las-pensiones-a-mujeres-y-adultos-mayores\/#primaryimage","url":"https:\/\/www.bbmnoticias.com\/labravaradiofm\/wp-content\/uploads\/sites\/5\/2025\/06\/adultos-mayores-pension-pensiones-1536x1024-1.jpg","contentUrl":"https:\/\/www.bbmnoticias.com\/labravaradiofm\/wp-content\/uploads\/sites\/5\/2025\/06\/adultos-mayores-pension-pensiones-1536x1024-1.jpg","width":1536,"height":1024},{"@type":"BreadcrumbList","@id":"https:\/\/www.bbmnoticias.com\/blog\/2025\/06\/10\/abren-registro-para-las-pensiones-a-mujeres-y-adultos-mayores\/#breadcrumb","itemListElement":[{"@type":"ListItem","position":1,"name":"Inicio","item":"https:\/\/www.bbmnoticias.com\/labravaradiofm\/"},{"@type":"ListItem","position":2,"name":"Abren registro para las pensiones a mujeres y adultos mayores"}]},{"@type":"WebSite","@id":"https:\/\/www.bbmnoticias.com\/labravaradiofm\/#website","url":"https:\/\/www.bbmnoticias.com\/labravaradiofm\/","name":"LA BRAVA RADIO","description":"Empresa productora de medios, Radiodifusi\u00f3n, Noticias, tendencias y todo lo que necesitas saber de la pol\u00edtica mexicana e internacional; entretenimiento, espect\u00e1culos, salud y mucho m\u00e1s.","potentialAction":[{"@type":"SearchAction","target":{"@type":"EntryPoint","urlTemplate":"https:\/\/www.bbmnoticias.com\/labravaradiofm\/?s={search_term_string}"},"query-input":{"@type":"PropertyValueSpecification","valueRequired":true,"valueName":"search_term_string"}}],"inLanguage":"es"},{"@type":"Person","@id":"https:\/\/www.bbmnoticias.com\/labravaradiofm\/#\/schema\/person\/857a3daf5c8142f29919023f377fbfad","name":"Agencias","image":{"@type":"ImageObject","inLanguage":"es","@id":"https:\/\/secure.gravatar.com\/avatar\/739e0b61adf9e398b425c36718c8752286da0e8cd90f20ce9a86678abc26aa0d?s=96&d=mm&r=g","url":"https:\/\/secure.gravatar.com\/avatar\/739e0b61adf9e398b425c36718c8752286da0e8cd90f20ce9a86678abc26aa0d?s=96&d=mm&r=g","contentUrl":"https:\/\/secure.gravatar.com\/avatar\/739e0b61adf9e398b425c36718c8752286da0e8cd90f20ce9a86678abc26aa0d?s=96&d=mm&r=g","caption":"Agencias"},"url":"https:\/\/www.bbmnoticias.com\/labravaradiofm\/author\/agencias\/"}]}},"_links":{"self":[{"href":"https:\/\/www.bbmnoticias.com\/labravaradiofm\/wp-json\/wp\/v2\/posts\/61573","targetHints":{"allow":["GET"]}}],"collection":[{"href":"https:\/\/www.bbmnoticias.com\/labravaradiofm\/wp-json\/wp\/v2\/posts"}],"about":[{"href":"https:\/\/www.bbmnoticias.com\/labravaradiofm\/wp-json\/wp\/v2\/types\/post"}],"author":[{"embeddable":true,"href":"https:\/\/www.bbmnoticias.com\/labravaradiofm\/wp-json\/wp\/v2\/users\/4"}],"replies":[{"embeddable":true,"href":"https:\/\/www.bbmnoticias.com\/labravaradiofm\/wp-json\/wp\/v2\/comments?post=61573"}],"version-history":[{"count":0,"href":"https:\/\/www.bbmnoticias.com\/labravaradiofm\/wp-json\/wp\/v2\/posts\/61573\/revisions"}],"wp:featuredmedia":[{"embeddable":true,"href":"https:\/\/www.bbmnoticias.com\/labravaradiofm\/wp-json\/wp\/v2\/media\/61575"}],"wp:attachment":[{"href":"https:\/\/www.bbmnoticias.com\/labravaradiofm\/wp-json\/wp\/v2\/media?parent=61573"}],"wp:term":[{"taxonomy":"category","embeddable":true,"href":"https:\/\/www.bbmnoticias.com\/labravaradiofm\/wp-json\/wp\/v2\/categories?post=61573"},{"taxonomy":"post_tag","embeddable":true,"href":"https:\/\/www.bbmnoticias.com\/labravaradiofm\/wp-json\/wp\/v2\/tags?post=61573"}],"curies":[{"name":"wp","href":"https:\/\/api.w.org\/{rel}","templated":true}]}}