{"id":61561,"date":"2025-06-09T20:08:21","date_gmt":"2025-06-10T02:08:21","guid":{"rendered":"https:\/\/www.bbmnoticias.com\/labravaradiofm\/2025\/06\/09\/reporta-sectur-oaxaca-aumento-de-trafico-aereo-en-los-4-aeropuertos-de-la-entidad\/"},"modified":"2025-06-09T20:08:26","modified_gmt":"2025-06-10T02:08:26","slug":"reporta-sectur-oaxaca-aumento-de-trafico-aereo-en-los-4-aeropuertos-de-la-entidad","status":"publish","type":"post","link":"https:\/\/www.bbmnoticias.com\/labravaradiofm\/2025\/06\/09\/reporta-sectur-oaxaca-aumento-de-trafico-aereo-en-los-4-aeropuertos-de-la-entidad\/","title":{"rendered":"Reporta Sectur Oaxaca aumento de tr\u00e1fico a\u00e9reo en los 4 aeropuertos de la entidad"},"content":{"rendered":"<div style=\"margin-top: 0px; margin-bottom: 0px;\" class=\"sharethis-inline-share-buttons\" ><\/div>\n<p>\u00b7&nbsp;&nbsp;&nbsp;&nbsp;&nbsp;&nbsp;&nbsp;&nbsp; <em>La dependencia inform\u00f3 que solo en el mes de mayo, estas terminales tuvieron un total de 1 mil 9 frecuencias y una ocupaci\u00f3n a\u00e9rea del 77.99 por ciento, con 300 mil 459 personas pasajeras<\/em><\/p>\n\n\n\n<p><strong>Oaxaca de Ju\u00e1rez, Oax. 9 de junio de 2025.- <\/strong>La titular de la Secretar\u00eda de Turismo (Sectur), Saymi Pineda Velasco inform\u00f3 que, en el periodo de enero a mayo de 2025, los cuatro aeropuertos de Oaxaca registraron un tr\u00e1fico a\u00e9reo de 1 mill\u00f3n 523 mil 736 personas, que signific\u00f3 una ocupaci\u00f3n del 81.72 por ciento y 5 mil 242 frecuencias de vuelos hacia destinos nacionales e internacionales.<\/p>\n\n\n\n<p>De acuerdo con datos de Aeropuertos y Servicios Auxiliares (ASA), Grupo Aeroportuario del Sureste (Asur) y el Grupo Aeroportuario Tur\u00edstico Mexicano (GATM); el n\u00famero de personas pasajeras increment\u00f3 3.12 por ciento respecto al mismo periodo del a\u00f1o 2024.<\/p>\n\n\n\n<p>Asimismo, la ocupaci\u00f3n a\u00e9rea promedio registr\u00f3 un crecimiento de 2.83 puntos porcentuales comparado con el a\u00f1o anterior y el arribo de visitantes nacionales a trav\u00e9s de estas terminales aument\u00f3 3.59 por ciento e internacionales en 4.70 por ciento.<\/p>\n\n\n\n<p>En tanto, la Sectur refiri\u00f3 que el aer\u00f3dromo ubicado en Santa Cruz Xoxocotl\u00e1n registr\u00f3 un aumento en ocupaci\u00f3n de 2.20 puntos porcentuales; mientras que el de Puerto Escondido, del 3.45 puntos; el de Bah\u00edas de Huatulco, de 3.92 puntos. Por otro lado, en la terminal de Ciudad Ixtepec las frecuencias aumentaron un 8.20 por ciento, en comparaci\u00f3n con el 2024.<\/p>\n\n\n\n<p>La dependencia estatal destac\u00f3 que solo en el mes de mayo, los cuatro aeropuertos tuvieron un total de 1 mil 9 frecuencias, una ocupaci\u00f3n a\u00e9rea del 77.99 por ciento y registraron un tr\u00e1fico a\u00e9reo de 300 mil 459 personas pasajeras.&nbsp;<\/p>\n\n\n\n<p>Estas cifras son el resultado de la intensa promoci\u00f3n tur\u00edstica que lleva a cabo la Sectur Oaxaca en los mercados nacionales e internacionales, que deriva en el incremento en la derrama econ\u00f3mica para mejorar los ingresos de las y los involucrados en esta industria.<\/p>\n","protected":false},"excerpt":{"rendered":"<p>\u00b7&nbsp;&nbsp;&nbsp;&nbsp;&nbsp;&nbsp;&nbsp;&nbsp; La dependencia inform\u00f3 que solo en el mes de mayo, estas terminales tuvieron un total de 1 mil 9 frecuencias y una ocupaci\u00f3n a\u00e9rea del 77.99 por ciento, con 300 mil 459 personas pasajeras Oaxaca de Ju\u00e1rez, Oax. 9 de junio de 2025.- La titular de la Secretar\u00eda de Turismo (Sectur), Saymi Pineda Velasco [&hellip;]<\/p>\n","protected":false},"author":2,"featured_media":61563,"comment_status":"closed","ping_status":"","sticky":false,"template":"","format":"standard","meta":{"footnotes":""},"categories":[2],"tags":[],"class_list":{"0":"post-61561","1":"post","2":"type-post","3":"status-publish","4":"format-standard","5":"has-post-thumbnail","7":"category-oaxaca"},"yoast_head":"<!-- This site is optimized with the Yoast SEO plugin v27.4 - https:\/\/yoast.com\/product\/yoast-seo-wordpress\/ -->\n<title>Reporta Sectur Oaxaca aumento de tr\u00e1fico a\u00e9reo en los 4 aeropuertos de la entidad - LA BRAVA RADIO<\/title>\n<meta name=\"robots\" content=\"index, follow, max-snippet:-1, max-image-preview:large, max-video-preview:-1\" \/>\n<link rel=\"canonical\" href=\"https:\/\/www.bbmnoticias.com\/blog\/2025\/06\/09\/reporta-sectur-oaxaca-aumento-de-trafico-aereo-en-los-4-aeropuertos-de-la-entidad\/\" \/>\n<meta property=\"og:locale\" content=\"es_MX\" \/>\n<meta property=\"og:type\" content=\"article\" \/>\n<meta property=\"og:title\" content=\"Reporta Sectur Oaxaca aumento de tr\u00e1fico a\u00e9reo en los 4 aeropuertos de la entidad - LA BRAVA RADIO\" \/>\n<meta property=\"og:description\" content=\"\u00b7&nbsp;&nbsp;&nbsp;&nbsp;&nbsp;&nbsp;&nbsp;&nbsp; La dependencia inform\u00f3 que solo en el mes de mayo, estas terminales tuvieron un total de 1 mil 9 frecuencias y una ocupaci\u00f3n a\u00e9rea del 77.99 por ciento, con 300 mil 459 personas pasajeras Oaxaca de Ju\u00e1rez, Oax. 9 de junio de 2025.- La titular de la Secretar\u00eda de Turismo (Sectur), Saymi Pineda Velasco [&hellip;]\" \/>\n<meta property=\"og:url\" content=\"https:\/\/www.bbmnoticias.com\/blog\/2025\/06\/09\/reporta-sectur-oaxaca-aumento-de-trafico-aereo-en-los-4-aeropuertos-de-la-entidad\/\" \/>\n<meta property=\"og:site_name\" content=\"LA BRAVA RADIO\" \/>\n<meta property=\"article:published_time\" content=\"2025-06-10T02:08:21+00:00\" \/>\n<meta property=\"article:modified_time\" content=\"2025-06-10T02:08:26+00:00\" \/>\n<meta property=\"og:image\" content=\"https:\/\/www.bbmnoticias.com\/labravaradiofm\/wp-content\/uploads\/sites\/5\/2025\/06\/aeropuerto_oaxaca.jpg\" \/>\n\t<meta property=\"og:image:width\" content=\"900\" \/>\n\t<meta property=\"og:image:height\" content=\"600\" \/>\n\t<meta property=\"og:image:type\" content=\"image\/jpeg\" \/>\n<meta name=\"author\" content=\"Staff\" \/>\n<meta name=\"twitter:card\" content=\"summary_large_image\" \/>\n<meta name=\"twitter:label1\" content=\"Escrito por\" \/>\n\t<meta name=\"twitter:data1\" content=\"Staff\" \/>\n\t<meta name=\"twitter:label2\" content=\"Tiempo de lectura\" \/>\n\t<meta name=\"twitter:data2\" content=\"2 minutos\" \/>\n<script type=\"application\/ld+json\" class=\"yoast-schema-graph\">{\"@context\":\"https:\\\/\\\/schema.org\",\"@graph\":[{\"@type\":\"Article\",\"@id\":\"https:\\\/\\\/www.bbmnoticias.com\\\/blog\\\/2025\\\/06\\\/09\\\/reporta-sectur-oaxaca-aumento-de-trafico-aereo-en-los-4-aeropuertos-de-la-entidad\\\/#article\",\"isPartOf\":{\"@id\":\"https:\\\/\\\/www.bbmnoticias.com\\\/labravaradiofm\\\/2025\\\/06\\\/09\\\/reporta-sectur-oaxaca-aumento-de-trafico-aereo-en-los-4-aeropuertos-de-la-entidad\\\/\"},\"author\":{\"name\":\"Staff\",\"@id\":\"https:\\\/\\\/www.bbmnoticias.com\\\/labravaradiofm\\\/#\\\/schema\\\/person\\\/34b139c617a70ea5bef5678bffe4dd7b\"},\"headline\":\"Reporta Sectur Oaxaca aumento de tr\u00e1fico a\u00e9reo en los 4 aeropuertos de la entidad\",\"datePublished\":\"2025-06-10T02:08:21+00:00\",\"dateModified\":\"2025-06-10T02:08:26+00:00\",\"mainEntityOfPage\":{\"@id\":\"https:\\\/\\\/www.bbmnoticias.com\\\/labravaradiofm\\\/2025\\\/06\\\/09\\\/reporta-sectur-oaxaca-aumento-de-trafico-aereo-en-los-4-aeropuertos-de-la-entidad\\\/\"},\"wordCount\":344,\"image\":{\"@id\":\"https:\\\/\\\/www.bbmnoticias.com\\\/blog\\\/2025\\\/06\\\/09\\\/reporta-sectur-oaxaca-aumento-de-trafico-aereo-en-los-4-aeropuertos-de-la-entidad\\\/#primaryimage\"},\"thumbnailUrl\":\"https:\\\/\\\/www.bbmnoticias.com\\\/labravaradiofm\\\/wp-content\\\/uploads\\\/sites\\\/5\\\/2025\\\/06\\\/aeropuerto_oaxaca.jpg\",\"articleSection\":[\"LOCAL\"],\"inLanguage\":\"es\"},{\"@type\":\"WebPage\",\"@id\":\"https:\\\/\\\/www.bbmnoticias.com\\\/labravaradiofm\\\/2025\\\/06\\\/09\\\/reporta-sectur-oaxaca-aumento-de-trafico-aereo-en-los-4-aeropuertos-de-la-entidad\\\/\",\"url\":\"https:\\\/\\\/www.bbmnoticias.com\\\/blog\\\/2025\\\/06\\\/09\\\/reporta-sectur-oaxaca-aumento-de-trafico-aereo-en-los-4-aeropuertos-de-la-entidad\\\/\",\"name\":\"Reporta Sectur Oaxaca aumento de tr\u00e1fico a\u00e9reo en los 4 aeropuertos de la entidad - LA BRAVA RADIO\",\"isPartOf\":{\"@id\":\"https:\\\/\\\/www.bbmnoticias.com\\\/labravaradiofm\\\/#website\"},\"primaryImageOfPage\":{\"@id\":\"https:\\\/\\\/www.bbmnoticias.com\\\/blog\\\/2025\\\/06\\\/09\\\/reporta-sectur-oaxaca-aumento-de-trafico-aereo-en-los-4-aeropuertos-de-la-entidad\\\/#primaryimage\"},\"image\":{\"@id\":\"https:\\\/\\\/www.bbmnoticias.com\\\/blog\\\/2025\\\/06\\\/09\\\/reporta-sectur-oaxaca-aumento-de-trafico-aereo-en-los-4-aeropuertos-de-la-entidad\\\/#primaryimage\"},\"thumbnailUrl\":\"https:\\\/\\\/www.bbmnoticias.com\\\/labravaradiofm\\\/wp-content\\\/uploads\\\/sites\\\/5\\\/2025\\\/06\\\/aeropuerto_oaxaca.jpg\",\"datePublished\":\"2025-06-10T02:08:21+00:00\",\"dateModified\":\"2025-06-10T02:08:26+00:00\",\"author\":{\"@id\":\"https:\\\/\\\/www.bbmnoticias.com\\\/labravaradiofm\\\/#\\\/schema\\\/person\\\/34b139c617a70ea5bef5678bffe4dd7b\"},\"breadcrumb\":{\"@id\":\"https:\\\/\\\/www.bbmnoticias.com\\\/blog\\\/2025\\\/06\\\/09\\\/reporta-sectur-oaxaca-aumento-de-trafico-aereo-en-los-4-aeropuertos-de-la-entidad\\\/#breadcrumb\"},\"inLanguage\":\"es\",\"potentialAction\":[{\"@type\":\"ReadAction\",\"target\":[\"https:\\\/\\\/www.bbmnoticias.com\\\/blog\\\/2025\\\/06\\\/09\\\/reporta-sectur-oaxaca-aumento-de-trafico-aereo-en-los-4-aeropuertos-de-la-entidad\\\/\"]}]},{\"@type\":\"ImageObject\",\"inLanguage\":\"es\",\"@id\":\"https:\\\/\\\/www.bbmnoticias.com\\\/blog\\\/2025\\\/06\\\/09\\\/reporta-sectur-oaxaca-aumento-de-trafico-aereo-en-los-4-aeropuertos-de-la-entidad\\\/#primaryimage\",\"url\":\"https:\\\/\\\/www.bbmnoticias.com\\\/labravaradiofm\\\/wp-content\\\/uploads\\\/sites\\\/5\\\/2025\\\/06\\\/aeropuerto_oaxaca.jpg\",\"contentUrl\":\"https:\\\/\\\/www.bbmnoticias.com\\\/labravaradiofm\\\/wp-content\\\/uploads\\\/sites\\\/5\\\/2025\\\/06\\\/aeropuerto_oaxaca.jpg\",\"width\":900,\"height\":600},{\"@type\":\"BreadcrumbList\",\"@id\":\"https:\\\/\\\/www.bbmnoticias.com\\\/blog\\\/2025\\\/06\\\/09\\\/reporta-sectur-oaxaca-aumento-de-trafico-aereo-en-los-4-aeropuertos-de-la-entidad\\\/#breadcrumb\",\"itemListElement\":[{\"@type\":\"ListItem\",\"position\":1,\"name\":\"Inicio\",\"item\":\"https:\\\/\\\/www.bbmnoticias.com\\\/labravaradiofm\\\/\"},{\"@type\":\"ListItem\",\"position\":2,\"name\":\"Reporta Sectur Oaxaca aumento de tr\u00e1fico a\u00e9reo en los 4 aeropuertos de la entidad\"}]},{\"@type\":\"WebSite\",\"@id\":\"https:\\\/\\\/www.bbmnoticias.com\\\/labravaradiofm\\\/#website\",\"url\":\"https:\\\/\\\/www.bbmnoticias.com\\\/labravaradiofm\\\/\",\"name\":\"LA BRAVA RADIO\",\"description\":\"Empresa productora de medios, Radiodifusi\u00f3n, Noticias, tendencias y todo lo que necesitas saber de la pol\u00edtica mexicana e internacional; entretenimiento, espect\u00e1culos, salud y mucho m\u00e1s.\",\"potentialAction\":[{\"@type\":\"SearchAction\",\"target\":{\"@type\":\"EntryPoint\",\"urlTemplate\":\"https:\\\/\\\/www.bbmnoticias.com\\\/labravaradiofm\\\/?s={search_term_string}\"},\"query-input\":{\"@type\":\"PropertyValueSpecification\",\"valueRequired\":true,\"valueName\":\"search_term_string\"}}],\"inLanguage\":\"es\"},{\"@type\":\"Person\",\"@id\":\"https:\\\/\\\/www.bbmnoticias.com\\\/labravaradiofm\\\/#\\\/schema\\\/person\\\/34b139c617a70ea5bef5678bffe4dd7b\",\"name\":\"Staff\",\"image\":{\"@type\":\"ImageObject\",\"inLanguage\":\"es\",\"@id\":\"https:\\\/\\\/secure.gravatar.com\\\/avatar\\\/fdd21ad66fd8b98c407f9dee5b5e588cfe7f0d8579ec20fa6527cd59bab7f0f0?s=96&d=mm&r=g\",\"url\":\"https:\\\/\\\/secure.gravatar.com\\\/avatar\\\/fdd21ad66fd8b98c407f9dee5b5e588cfe7f0d8579ec20fa6527cd59bab7f0f0?s=96&d=mm&r=g\",\"contentUrl\":\"https:\\\/\\\/secure.gravatar.com\\\/avatar\\\/fdd21ad66fd8b98c407f9dee5b5e588cfe7f0d8579ec20fa6527cd59bab7f0f0?s=96&d=mm&r=g\",\"caption\":\"Staff\"},\"url\":\"https:\\\/\\\/www.bbmnoticias.com\\\/labravaradiofm\\\/author\\\/redaccion\\\/\"}]}<\/script>\n<!-- \/ Yoast SEO plugin. -->","yoast_head_json":{"title":"Reporta Sectur Oaxaca aumento de tr\u00e1fico a\u00e9reo en los 4 aeropuertos de la entidad - LA BRAVA RADIO","robots":{"index":"index","follow":"follow","max-snippet":"max-snippet:-1","max-image-preview":"max-image-preview:large","max-video-preview":"max-video-preview:-1"},"canonical":"https:\/\/www.bbmnoticias.com\/blog\/2025\/06\/09\/reporta-sectur-oaxaca-aumento-de-trafico-aereo-en-los-4-aeropuertos-de-la-entidad\/","og_locale":"es_MX","og_type":"article","og_title":"Reporta Sectur Oaxaca aumento de tr\u00e1fico a\u00e9reo en los 4 aeropuertos de la entidad - LA BRAVA RADIO","og_description":"\u00b7&nbsp;&nbsp;&nbsp;&nbsp;&nbsp;&nbsp;&nbsp;&nbsp; La dependencia inform\u00f3 que solo en el mes de mayo, estas terminales tuvieron un total de 1 mil 9 frecuencias y una ocupaci\u00f3n a\u00e9rea del 77.99 por ciento, con 300 mil 459 personas pasajeras Oaxaca de Ju\u00e1rez, Oax. 9 de junio de 2025.- La titular de la Secretar\u00eda de Turismo (Sectur), Saymi Pineda Velasco [&hellip;]","og_url":"https:\/\/www.bbmnoticias.com\/blog\/2025\/06\/09\/reporta-sectur-oaxaca-aumento-de-trafico-aereo-en-los-4-aeropuertos-de-la-entidad\/","og_site_name":"LA BRAVA RADIO","article_published_time":"2025-06-10T02:08:21+00:00","article_modified_time":"2025-06-10T02:08:26+00:00","og_image":[{"width":900,"height":600,"url":"https:\/\/www.bbmnoticias.com\/labravaradiofm\/wp-content\/uploads\/sites\/5\/2025\/06\/aeropuerto_oaxaca.jpg","type":"image\/jpeg"}],"author":"Staff","twitter_card":"summary_large_image","twitter_misc":{"Escrito por":"Staff","Tiempo de lectura":"2 minutos"},"schema":{"@context":"https:\/\/schema.org","@graph":[{"@type":"Article","@id":"https:\/\/www.bbmnoticias.com\/blog\/2025\/06\/09\/reporta-sectur-oaxaca-aumento-de-trafico-aereo-en-los-4-aeropuertos-de-la-entidad\/#article","isPartOf":{"@id":"https:\/\/www.bbmnoticias.com\/labravaradiofm\/2025\/06\/09\/reporta-sectur-oaxaca-aumento-de-trafico-aereo-en-los-4-aeropuertos-de-la-entidad\/"},"author":{"name":"Staff","@id":"https:\/\/www.bbmnoticias.com\/labravaradiofm\/#\/schema\/person\/34b139c617a70ea5bef5678bffe4dd7b"},"headline":"Reporta Sectur Oaxaca aumento de tr\u00e1fico a\u00e9reo en los 4 aeropuertos de la entidad","datePublished":"2025-06-10T02:08:21+00:00","dateModified":"2025-06-10T02:08:26+00:00","mainEntityOfPage":{"@id":"https:\/\/www.bbmnoticias.com\/labravaradiofm\/2025\/06\/09\/reporta-sectur-oaxaca-aumento-de-trafico-aereo-en-los-4-aeropuertos-de-la-entidad\/"},"wordCount":344,"image":{"@id":"https:\/\/www.bbmnoticias.com\/blog\/2025\/06\/09\/reporta-sectur-oaxaca-aumento-de-trafico-aereo-en-los-4-aeropuertos-de-la-entidad\/#primaryimage"},"thumbnailUrl":"https:\/\/www.bbmnoticias.com\/labravaradiofm\/wp-content\/uploads\/sites\/5\/2025\/06\/aeropuerto_oaxaca.jpg","articleSection":["LOCAL"],"inLanguage":"es"},{"@type":"WebPage","@id":"https:\/\/www.bbmnoticias.com\/labravaradiofm\/2025\/06\/09\/reporta-sectur-oaxaca-aumento-de-trafico-aereo-en-los-4-aeropuertos-de-la-entidad\/","url":"https:\/\/www.bbmnoticias.com\/blog\/2025\/06\/09\/reporta-sectur-oaxaca-aumento-de-trafico-aereo-en-los-4-aeropuertos-de-la-entidad\/","name":"Reporta Sectur Oaxaca aumento de tr\u00e1fico a\u00e9reo en los 4 aeropuertos de la entidad - LA BRAVA RADIO","isPartOf":{"@id":"https:\/\/www.bbmnoticias.com\/labravaradiofm\/#website"},"primaryImageOfPage":{"@id":"https:\/\/www.bbmnoticias.com\/blog\/2025\/06\/09\/reporta-sectur-oaxaca-aumento-de-trafico-aereo-en-los-4-aeropuertos-de-la-entidad\/#primaryimage"},"image":{"@id":"https:\/\/www.bbmnoticias.com\/blog\/2025\/06\/09\/reporta-sectur-oaxaca-aumento-de-trafico-aereo-en-los-4-aeropuertos-de-la-entidad\/#primaryimage"},"thumbnailUrl":"https:\/\/www.bbmnoticias.com\/labravaradiofm\/wp-content\/uploads\/sites\/5\/2025\/06\/aeropuerto_oaxaca.jpg","datePublished":"2025-06-10T02:08:21+00:00","dateModified":"2025-06-10T02:08:26+00:00","author":{"@id":"https:\/\/www.bbmnoticias.com\/labravaradiofm\/#\/schema\/person\/34b139c617a70ea5bef5678bffe4dd7b"},"breadcrumb":{"@id":"https:\/\/www.bbmnoticias.com\/blog\/2025\/06\/09\/reporta-sectur-oaxaca-aumento-de-trafico-aereo-en-los-4-aeropuertos-de-la-entidad\/#breadcrumb"},"inLanguage":"es","potentialAction":[{"@type":"ReadAction","target":["https:\/\/www.bbmnoticias.com\/blog\/2025\/06\/09\/reporta-sectur-oaxaca-aumento-de-trafico-aereo-en-los-4-aeropuertos-de-la-entidad\/"]}]},{"@type":"ImageObject","inLanguage":"es","@id":"https:\/\/www.bbmnoticias.com\/blog\/2025\/06\/09\/reporta-sectur-oaxaca-aumento-de-trafico-aereo-en-los-4-aeropuertos-de-la-entidad\/#primaryimage","url":"https:\/\/www.bbmnoticias.com\/labravaradiofm\/wp-content\/uploads\/sites\/5\/2025\/06\/aeropuerto_oaxaca.jpg","contentUrl":"https:\/\/www.bbmnoticias.com\/labravaradiofm\/wp-content\/uploads\/sites\/5\/2025\/06\/aeropuerto_oaxaca.jpg","width":900,"height":600},{"@type":"BreadcrumbList","@id":"https:\/\/www.bbmnoticias.com\/blog\/2025\/06\/09\/reporta-sectur-oaxaca-aumento-de-trafico-aereo-en-los-4-aeropuertos-de-la-entidad\/#breadcrumb","itemListElement":[{"@type":"ListItem","position":1,"name":"Inicio","item":"https:\/\/www.bbmnoticias.com\/labravaradiofm\/"},{"@type":"ListItem","position":2,"name":"Reporta Sectur Oaxaca aumento de tr\u00e1fico a\u00e9reo en los 4 aeropuertos de la entidad"}]},{"@type":"WebSite","@id":"https:\/\/www.bbmnoticias.com\/labravaradiofm\/#website","url":"https:\/\/www.bbmnoticias.com\/labravaradiofm\/","name":"LA BRAVA RADIO","description":"Empresa productora de medios, Radiodifusi\u00f3n, Noticias, tendencias y todo lo que necesitas saber de la pol\u00edtica mexicana e internacional; entretenimiento, espect\u00e1culos, salud y mucho m\u00e1s.","potentialAction":[{"@type":"SearchAction","target":{"@type":"EntryPoint","urlTemplate":"https:\/\/www.bbmnoticias.com\/labravaradiofm\/?s={search_term_string}"},"query-input":{"@type":"PropertyValueSpecification","valueRequired":true,"valueName":"search_term_string"}}],"inLanguage":"es"},{"@type":"Person","@id":"https:\/\/www.bbmnoticias.com\/labravaradiofm\/#\/schema\/person\/34b139c617a70ea5bef5678bffe4dd7b","name":"Staff","image":{"@type":"ImageObject","inLanguage":"es","@id":"https:\/\/secure.gravatar.com\/avatar\/fdd21ad66fd8b98c407f9dee5b5e588cfe7f0d8579ec20fa6527cd59bab7f0f0?s=96&d=mm&r=g","url":"https:\/\/secure.gravatar.com\/avatar\/fdd21ad66fd8b98c407f9dee5b5e588cfe7f0d8579ec20fa6527cd59bab7f0f0?s=96&d=mm&r=g","contentUrl":"https:\/\/secure.gravatar.com\/avatar\/fdd21ad66fd8b98c407f9dee5b5e588cfe7f0d8579ec20fa6527cd59bab7f0f0?s=96&d=mm&r=g","caption":"Staff"},"url":"https:\/\/www.bbmnoticias.com\/labravaradiofm\/author\/redaccion\/"}]}},"_links":{"self":[{"href":"https:\/\/www.bbmnoticias.com\/labravaradiofm\/wp-json\/wp\/v2\/posts\/61561","targetHints":{"allow":["GET"]}}],"collection":[{"href":"https:\/\/www.bbmnoticias.com\/labravaradiofm\/wp-json\/wp\/v2\/posts"}],"about":[{"href":"https:\/\/www.bbmnoticias.com\/labravaradiofm\/wp-json\/wp\/v2\/types\/post"}],"author":[{"embeddable":true,"href":"https:\/\/www.bbmnoticias.com\/labravaradiofm\/wp-json\/wp\/v2\/users\/2"}],"replies":[{"embeddable":true,"href":"https:\/\/www.bbmnoticias.com\/labravaradiofm\/wp-json\/wp\/v2\/comments?post=61561"}],"version-history":[{"count":0,"href":"https:\/\/www.bbmnoticias.com\/labravaradiofm\/wp-json\/wp\/v2\/posts\/61561\/revisions"}],"wp:featuredmedia":[{"embeddable":true,"href":"https:\/\/www.bbmnoticias.com\/labravaradiofm\/wp-json\/wp\/v2\/media\/61563"}],"wp:attachment":[{"href":"https:\/\/www.bbmnoticias.com\/labravaradiofm\/wp-json\/wp\/v2\/media?parent=61561"}],"wp:term":[{"taxonomy":"category","embeddable":true,"href":"https:\/\/www.bbmnoticias.com\/labravaradiofm\/wp-json\/wp\/v2\/categories?post=61561"},{"taxonomy":"post_tag","embeddable":true,"href":"https:\/\/www.bbmnoticias.com\/labravaradiofm\/wp-json\/wp\/v2\/tags?post=61561"}],"curies":[{"name":"wp","href":"https:\/\/api.w.org\/{rel}","templated":true}]}}