{"id":61558,"date":"2025-06-09T19:23:56","date_gmt":"2025-06-10T01:23:56","guid":{"rendered":"https:\/\/www.bbmnoticias.com\/labravaradiofm\/2025\/06\/09\/manifestante-con-bandera-mexicana-se-vuelve-viral-divide-opiniones-en-mexico-por-protesta-contra-ice\/"},"modified":"2025-06-09T19:24:07","modified_gmt":"2025-06-10T01:24:07","slug":"manifestante-con-bandera-mexicana-se-vuelve-viral-divide-opiniones-en-mexico-por-protesta-contra-ice","status":"publish","type":"post","link":"https:\/\/www.bbmnoticias.com\/labravaradiofm\/2025\/06\/09\/manifestante-con-bandera-mexicana-se-vuelve-viral-divide-opiniones-en-mexico-por-protesta-contra-ice\/","title":{"rendered":"Manifestante con bandera mexicana se vuelve viral; divide opiniones en M\u00e9xico por protesta contra ICE"},"content":{"rendered":"<div style=\"margin-top: 0px; margin-bottom: 0px;\" class=\"sharethis-inline-share-buttons\" ><\/div>\n<p>Una fotograf\u00eda tomada durante las<strong> protestas contra ICE en Los \u00c1ngeles <\/strong>muestra a un hombre encapuchado ondeando una bandera mexicana arriba de un auto; el gesto ha sido <strong>celebrado <\/strong>por algunos como s\u00edmbolo de resistencia, mientras que otros lo <strong>consideran provocador <\/strong>y contraproducente.<img loading=\"lazy\" decoding=\"async\" width=\"0\" height=\"620\" src=\"https:\/\/www.eluniversal.com.mx\/resizer\/v2\/UZF4I4DOFNH53HVXTWCZHPARK4.jpg?auth=13e275bce3722072f3578518e56fa8a9af840a5b839d5e549a9ceab5271c47ca&amp;smart=true&amp;height=620\" alt=\"Una mujer ondea una bandera mexicana admist gas lacrim\u00f3geno de las fuerzas del orden durante una protesta en la secci\u00f3n Paramount de Los \u00c1ngeles, s\u00e1bado 7 de junio de 2025, despu\u00e9s de que las autoridades federales de inmigraci\u00f3n llevaran a cabo operaciones. (07\/06\/25) Foto: AP\"><\/p>\n\n\n\n<p>En medio de las recientes manifestaciones en <strong>Los \u00c1ngeles <\/strong>contra las acciones del <strong>Servicio de Inmigraci\u00f3n y Control de Aduana<\/strong>s (ICE), una imagen se convirti\u00f3 en el centro de atenci\u00f3n: un manifestante enmascarado, montado arriba de un auto, ondeando una bandera de M\u00e9xico.<\/p>\n\n\n\n<p>La escena, captada por periodistas, r\u00e1pidamente se viraliz\u00f3 en redes sociales, generando un intenso debate tanto en Estados Unidos como en <strong>M\u00e9xico<\/strong>.<\/p>\n\n\n\n<p>Para algunos, se trat\u00f3 de un acto de <strong>orgullo identitario y resistencia<\/strong>. Para otros, una <strong>provocaci\u00f3n <\/strong>innecesaria que alimenta discursos conservadores en contra de la <strong>comunidad migrante<\/strong>.<\/p>\n\n\n\n<p>Esta dualidad de reacciones ha dejado en evidencia las tensiones que persisten en torno a la migraci\u00f3n, la identidad cultural y el activismo social.<\/p>\n\n\n\n<p><strong>El Departamento de Seguridad Naciona<\/strong>l (DHS, por sus siglas en ingl\u00e9s) incluso comparti\u00f3 la imagen como ejemplo de la supuesta presencia de \u201cextranjeros ilegales criminales\u201d en California, us\u00e1ndola como argumento en su narrativa sobre seguridad nacional.<img loading=\"lazy\" decoding=\"async\" width=\"0\" height=\"620\" src=\"https:\/\/www.eluniversal.com.mx\/resizer\/v2\/EFIKBBUMIZGJBESH7V4OOCVCBA.png?auth=fe4d5be78d43b49a830e6b2b40c41c3c173ff853c34fe240471f6e8526659122&amp;smart=true&amp;height=620\" alt=\"Una fotograf\u00eda tomada durante las protestas contra ICE en Los \u00c1ngeles muestra a un hombre encapuchado ondeando una bandera mexicana\nFoto: Captura de pantalla en X\"><\/p>\n\n\n\n<p>La imagen no tard\u00f3 en provocar reacciones en figuras p\u00fablicas mexicanas. El periodista <strong>Pascal Beltr\u00e1n del R\u00edo<\/strong> critic\u00f3 la utilizaci\u00f3n del s\u00edmbolo por parte de autoridades estadounidenses para criminalizar a los migrantes. Por su parte, el comediante <strong>Chumel Torres<\/strong> ironiz\u00f3 en su cuenta de X: <em>\u201cSip, justo este tipo de cosas necesitamos para llevar la fiesta en paz con los gringos. Bien ah\u00ed\u201d<\/em>, junto a un video del incidente.<\/p>\n\n\n\n<p>El periodista <strong>Leon Krauze<\/strong> ofreci\u00f3 una visi\u00f3n m\u00e1s contextualizada. Destac\u00f3 que, aunque la vandalizaci\u00f3n es <strong>reprobable<\/strong>, portar una bandera mexicana en<strong> Los \u00c1ngeles <\/strong>\u2014una ciudad con fuerte identidad hispana\u2014 no debe verse como un acto de confrontaci\u00f3n. \u201cEs comprensible si uno conoce Los \u00c1ngeles&#8230; Es la segunda ciudad con m\u00e1s <strong>mexicanos <\/strong>en el mundo\u201d, puntualiz\u00f3, recordando que la <strong>comunidad <\/strong>hispana busca pertenecer sin perder su identidad.<\/p>\n\n\n\n<p>Otros usuarios en redes, como el influencer pol\u00edtico conocido como <strong>Vampipe<\/strong>, reaccionaron con sarcasmo, sugiriendo que el manifestante parec\u00eda m\u00e1s un actor contratado para reforzar narrativas conservadoras: <em>\u201cO es un modelo contratado para reafirmar convenientemente las pol\u00edticas de Trump o es el mexicano m\u00e1s tonto del mundo\u201d<\/em>, escribi\u00f3.<\/p>\n\n\n\n<p>La <strong>viralidad<\/strong> de la imagen tambi\u00e9n dio paso a teor\u00edas m\u00e1s complejas. El periodista <strong>Ariel Moutsatsos<\/strong>, especializado en temas internacionales, comparti\u00f3 un<strong> hilo en X<\/strong> donde cuestionaba la <strong>autenticidad <\/strong>del protagonista de la imagen. Moutsatsos not\u00f3 detalles como el color de piel <strong>visible <\/strong>en partes del rostro, el cabello y la complexi\u00f3n f\u00edsica, insinuando que podr\u00eda no tratarse de un mexicano.<\/p>\n\n\n\n<p>Adem\u00e1s, el <strong>comunicador <\/strong>mostr\u00f3 un video donde un encapuchado con bandera mexicana tambi\u00e9n llevaba una cinta con s\u00edmbolos de Hamas, lo que sugiere la <strong>posible <\/strong>infiltraci\u00f3n de actores ajenos a las protestas originales. \u201cLa labor del periodista no es solo reportar disturbios, sino investigar si hay grupos externos provocando violencia y a qui\u00e9n beneficia todo esto\u201d, concluy\u00f3 Moutsatsos.<\/p>\n\n\n\n<p>Sus palabras subrayan la importancia de un <strong>an\u00e1lisis <\/strong>responsable y completo en tiempos donde las im\u00e1genes virales pueden distorsionar la<strong> percepci\u00f3n p\u00fablica <\/strong>y alimentar agendas pol\u00edticas.<\/p>\n","protected":false},"excerpt":{"rendered":"<p>Una fotograf\u00eda tomada durante las protestas contra ICE en Los \u00c1ngeles muestra a un hombre encapuchado ondeando una bandera mexicana arriba de un auto; el gesto ha sido celebrado por algunos como s\u00edmbolo de resistencia, mientras que otros lo consideran provocador y contraproducente. En medio de las recientes manifestaciones en Los \u00c1ngeles contra las acciones [&hellip;]<\/p>\n","protected":false},"author":4,"featured_media":61560,"comment_status":"closed","ping_status":"","sticky":false,"template":"","format":"standard","meta":{"footnotes":""},"categories":[948,2],"tags":[],"class_list":{"0":"post-61558","1":"post","2":"type-post","3":"status-publish","4":"format-standard","5":"has-post-thumbnail","7":"category-internacional","8":"category-oaxaca"},"yoast_head":"<!-- This site is optimized with the Yoast SEO plugin v27.4 - https:\/\/yoast.com\/product\/yoast-seo-wordpress\/ -->\n<title>Manifestante con bandera mexicana se vuelve viral; divide opiniones en M\u00e9xico por protesta contra ICE - LA BRAVA RADIO<\/title>\n<meta name=\"robots\" content=\"index, follow, max-snippet:-1, max-image-preview:large, max-video-preview:-1\" \/>\n<link rel=\"canonical\" href=\"https:\/\/www.bbmnoticias.com\/blog\/2025\/06\/09\/manifestante-con-bandera-mexicana-se-vuelve-viral-divide-opiniones-en-mexico-por-protesta-contra-ice\/\" \/>\n<meta property=\"og:locale\" content=\"es_MX\" \/>\n<meta property=\"og:type\" content=\"article\" \/>\n<meta property=\"og:title\" content=\"Manifestante con bandera mexicana se vuelve viral; divide opiniones en M\u00e9xico por protesta contra ICE - LA BRAVA RADIO\" \/>\n<meta property=\"og:description\" content=\"Una fotograf\u00eda tomada durante las protestas contra ICE en Los \u00c1ngeles muestra a un hombre encapuchado ondeando una bandera mexicana arriba de un auto; el gesto ha sido celebrado por algunos como s\u00edmbolo de resistencia, mientras que otros lo consideran provocador y contraproducente. En medio de las recientes manifestaciones en Los \u00c1ngeles contra las acciones [&hellip;]\" \/>\n<meta property=\"og:url\" content=\"https:\/\/www.bbmnoticias.com\/blog\/2025\/06\/09\/manifestante-con-bandera-mexicana-se-vuelve-viral-divide-opiniones-en-mexico-por-protesta-contra-ice\/\" \/>\n<meta property=\"og:site_name\" content=\"LA BRAVA RADIO\" \/>\n<meta property=\"article:published_time\" content=\"2025-06-10T01:23:56+00:00\" \/>\n<meta property=\"article:modified_time\" content=\"2025-06-10T01:24:07+00:00\" \/>\n<meta property=\"og:image\" content=\"https:\/\/www.bbmnoticias.com\/labravaradiofm\/wp-content\/uploads\/sites\/5\/2025\/06\/bandera_mexico.jpg\" \/>\n\t<meta property=\"og:image:width\" content=\"800\" \/>\n\t<meta property=\"og:image:height\" content=\"484\" \/>\n\t<meta property=\"og:image:type\" content=\"image\/jpeg\" \/>\n<meta name=\"author\" content=\"Agencias\" \/>\n<meta name=\"twitter:card\" content=\"summary_large_image\" \/>\n<meta name=\"twitter:label1\" content=\"Escrito por\" \/>\n\t<meta name=\"twitter:data1\" content=\"Agencias\" \/>\n\t<meta name=\"twitter:label2\" content=\"Tiempo de lectura\" \/>\n\t<meta name=\"twitter:data2\" content=\"3 minutos\" \/>\n<script type=\"application\/ld+json\" class=\"yoast-schema-graph\">{\"@context\":\"https:\\\/\\\/schema.org\",\"@graph\":[{\"@type\":\"Article\",\"@id\":\"https:\\\/\\\/www.bbmnoticias.com\\\/blog\\\/2025\\\/06\\\/09\\\/manifestante-con-bandera-mexicana-se-vuelve-viral-divide-opiniones-en-mexico-por-protesta-contra-ice\\\/#article\",\"isPartOf\":{\"@id\":\"https:\\\/\\\/www.bbmnoticias.com\\\/labravaradiofm\\\/2025\\\/06\\\/09\\\/manifestante-con-bandera-mexicana-se-vuelve-viral-divide-opiniones-en-mexico-por-protesta-contra-ice\\\/\"},\"author\":{\"name\":\"Agencias\",\"@id\":\"https:\\\/\\\/www.bbmnoticias.com\\\/labravaradiofm\\\/#\\\/schema\\\/person\\\/857a3daf5c8142f29919023f377fbfad\"},\"headline\":\"Manifestante con bandera mexicana se vuelve viral; divide opiniones en M\u00e9xico por protesta contra ICE\",\"datePublished\":\"2025-06-10T01:23:56+00:00\",\"dateModified\":\"2025-06-10T01:24:07+00:00\",\"mainEntityOfPage\":{\"@id\":\"https:\\\/\\\/www.bbmnoticias.com\\\/labravaradiofm\\\/2025\\\/06\\\/09\\\/manifestante-con-bandera-mexicana-se-vuelve-viral-divide-opiniones-en-mexico-por-protesta-contra-ice\\\/\"},\"wordCount\":581,\"image\":{\"@id\":\"https:\\\/\\\/www.bbmnoticias.com\\\/blog\\\/2025\\\/06\\\/09\\\/manifestante-con-bandera-mexicana-se-vuelve-viral-divide-opiniones-en-mexico-por-protesta-contra-ice\\\/#primaryimage\"},\"thumbnailUrl\":\"https:\\\/\\\/www.bbmnoticias.com\\\/labravaradiofm\\\/wp-content\\\/uploads\\\/sites\\\/5\\\/2025\\\/06\\\/bandera_mexico.jpg\",\"articleSection\":[\"INTERNACIONAL\",\"LOCAL\"],\"inLanguage\":\"es\"},{\"@type\":\"WebPage\",\"@id\":\"https:\\\/\\\/www.bbmnoticias.com\\\/labravaradiofm\\\/2025\\\/06\\\/09\\\/manifestante-con-bandera-mexicana-se-vuelve-viral-divide-opiniones-en-mexico-por-protesta-contra-ice\\\/\",\"url\":\"https:\\\/\\\/www.bbmnoticias.com\\\/blog\\\/2025\\\/06\\\/09\\\/manifestante-con-bandera-mexicana-se-vuelve-viral-divide-opiniones-en-mexico-por-protesta-contra-ice\\\/\",\"name\":\"Manifestante con bandera mexicana se vuelve viral; divide opiniones en M\u00e9xico por protesta contra ICE - LA BRAVA RADIO\",\"isPartOf\":{\"@id\":\"https:\\\/\\\/www.bbmnoticias.com\\\/labravaradiofm\\\/#website\"},\"primaryImageOfPage\":{\"@id\":\"https:\\\/\\\/www.bbmnoticias.com\\\/blog\\\/2025\\\/06\\\/09\\\/manifestante-con-bandera-mexicana-se-vuelve-viral-divide-opiniones-en-mexico-por-protesta-contra-ice\\\/#primaryimage\"},\"image\":{\"@id\":\"https:\\\/\\\/www.bbmnoticias.com\\\/blog\\\/2025\\\/06\\\/09\\\/manifestante-con-bandera-mexicana-se-vuelve-viral-divide-opiniones-en-mexico-por-protesta-contra-ice\\\/#primaryimage\"},\"thumbnailUrl\":\"https:\\\/\\\/www.bbmnoticias.com\\\/labravaradiofm\\\/wp-content\\\/uploads\\\/sites\\\/5\\\/2025\\\/06\\\/bandera_mexico.jpg\",\"datePublished\":\"2025-06-10T01:23:56+00:00\",\"dateModified\":\"2025-06-10T01:24:07+00:00\",\"author\":{\"@id\":\"https:\\\/\\\/www.bbmnoticias.com\\\/labravaradiofm\\\/#\\\/schema\\\/person\\\/857a3daf5c8142f29919023f377fbfad\"},\"breadcrumb\":{\"@id\":\"https:\\\/\\\/www.bbmnoticias.com\\\/blog\\\/2025\\\/06\\\/09\\\/manifestante-con-bandera-mexicana-se-vuelve-viral-divide-opiniones-en-mexico-por-protesta-contra-ice\\\/#breadcrumb\"},\"inLanguage\":\"es\",\"potentialAction\":[{\"@type\":\"ReadAction\",\"target\":[\"https:\\\/\\\/www.bbmnoticias.com\\\/blog\\\/2025\\\/06\\\/09\\\/manifestante-con-bandera-mexicana-se-vuelve-viral-divide-opiniones-en-mexico-por-protesta-contra-ice\\\/\"]}]},{\"@type\":\"ImageObject\",\"inLanguage\":\"es\",\"@id\":\"https:\\\/\\\/www.bbmnoticias.com\\\/blog\\\/2025\\\/06\\\/09\\\/manifestante-con-bandera-mexicana-se-vuelve-viral-divide-opiniones-en-mexico-por-protesta-contra-ice\\\/#primaryimage\",\"url\":\"https:\\\/\\\/www.bbmnoticias.com\\\/labravaradiofm\\\/wp-content\\\/uploads\\\/sites\\\/5\\\/2025\\\/06\\\/bandera_mexico.jpg\",\"contentUrl\":\"https:\\\/\\\/www.bbmnoticias.com\\\/labravaradiofm\\\/wp-content\\\/uploads\\\/sites\\\/5\\\/2025\\\/06\\\/bandera_mexico.jpg\",\"width\":800,\"height\":484},{\"@type\":\"BreadcrumbList\",\"@id\":\"https:\\\/\\\/www.bbmnoticias.com\\\/blog\\\/2025\\\/06\\\/09\\\/manifestante-con-bandera-mexicana-se-vuelve-viral-divide-opiniones-en-mexico-por-protesta-contra-ice\\\/#breadcrumb\",\"itemListElement\":[{\"@type\":\"ListItem\",\"position\":1,\"name\":\"Inicio\",\"item\":\"https:\\\/\\\/www.bbmnoticias.com\\\/labravaradiofm\\\/\"},{\"@type\":\"ListItem\",\"position\":2,\"name\":\"Manifestante con bandera mexicana se vuelve viral; divide opiniones en M\u00e9xico por protesta contra ICE\"}]},{\"@type\":\"WebSite\",\"@id\":\"https:\\\/\\\/www.bbmnoticias.com\\\/labravaradiofm\\\/#website\",\"url\":\"https:\\\/\\\/www.bbmnoticias.com\\\/labravaradiofm\\\/\",\"name\":\"LA BRAVA RADIO\",\"description\":\"Empresa productora de medios, Radiodifusi\u00f3n, Noticias, tendencias y todo lo que necesitas saber de la pol\u00edtica mexicana e internacional; entretenimiento, espect\u00e1culos, salud y mucho m\u00e1s.\",\"potentialAction\":[{\"@type\":\"SearchAction\",\"target\":{\"@type\":\"EntryPoint\",\"urlTemplate\":\"https:\\\/\\\/www.bbmnoticias.com\\\/labravaradiofm\\\/?s={search_term_string}\"},\"query-input\":{\"@type\":\"PropertyValueSpecification\",\"valueRequired\":true,\"valueName\":\"search_term_string\"}}],\"inLanguage\":\"es\"},{\"@type\":\"Person\",\"@id\":\"https:\\\/\\\/www.bbmnoticias.com\\\/labravaradiofm\\\/#\\\/schema\\\/person\\\/857a3daf5c8142f29919023f377fbfad\",\"name\":\"Agencias\",\"image\":{\"@type\":\"ImageObject\",\"inLanguage\":\"es\",\"@id\":\"https:\\\/\\\/secure.gravatar.com\\\/avatar\\\/739e0b61adf9e398b425c36718c8752286da0e8cd90f20ce9a86678abc26aa0d?s=96&d=mm&r=g\",\"url\":\"https:\\\/\\\/secure.gravatar.com\\\/avatar\\\/739e0b61adf9e398b425c36718c8752286da0e8cd90f20ce9a86678abc26aa0d?s=96&d=mm&r=g\",\"contentUrl\":\"https:\\\/\\\/secure.gravatar.com\\\/avatar\\\/739e0b61adf9e398b425c36718c8752286da0e8cd90f20ce9a86678abc26aa0d?s=96&d=mm&r=g\",\"caption\":\"Agencias\"},\"url\":\"https:\\\/\\\/www.bbmnoticias.com\\\/labravaradiofm\\\/author\\\/agencias\\\/\"}]}<\/script>\n<!-- \/ Yoast SEO plugin. -->","yoast_head_json":{"title":"Manifestante con bandera mexicana se vuelve viral; divide opiniones en M\u00e9xico por protesta contra ICE - LA BRAVA RADIO","robots":{"index":"index","follow":"follow","max-snippet":"max-snippet:-1","max-image-preview":"max-image-preview:large","max-video-preview":"max-video-preview:-1"},"canonical":"https:\/\/www.bbmnoticias.com\/blog\/2025\/06\/09\/manifestante-con-bandera-mexicana-se-vuelve-viral-divide-opiniones-en-mexico-por-protesta-contra-ice\/","og_locale":"es_MX","og_type":"article","og_title":"Manifestante con bandera mexicana se vuelve viral; divide opiniones en M\u00e9xico por protesta contra ICE - LA BRAVA RADIO","og_description":"Una fotograf\u00eda tomada durante las protestas contra ICE en Los \u00c1ngeles muestra a un hombre encapuchado ondeando una bandera mexicana arriba de un auto; el gesto ha sido celebrado por algunos como s\u00edmbolo de resistencia, mientras que otros lo consideran provocador y contraproducente. En medio de las recientes manifestaciones en Los \u00c1ngeles contra las acciones [&hellip;]","og_url":"https:\/\/www.bbmnoticias.com\/blog\/2025\/06\/09\/manifestante-con-bandera-mexicana-se-vuelve-viral-divide-opiniones-en-mexico-por-protesta-contra-ice\/","og_site_name":"LA BRAVA RADIO","article_published_time":"2025-06-10T01:23:56+00:00","article_modified_time":"2025-06-10T01:24:07+00:00","og_image":[{"width":800,"height":484,"url":"https:\/\/www.bbmnoticias.com\/labravaradiofm\/wp-content\/uploads\/sites\/5\/2025\/06\/bandera_mexico.jpg","type":"image\/jpeg"}],"author":"Agencias","twitter_card":"summary_large_image","twitter_misc":{"Escrito por":"Agencias","Tiempo de lectura":"3 minutos"},"schema":{"@context":"https:\/\/schema.org","@graph":[{"@type":"Article","@id":"https:\/\/www.bbmnoticias.com\/blog\/2025\/06\/09\/manifestante-con-bandera-mexicana-se-vuelve-viral-divide-opiniones-en-mexico-por-protesta-contra-ice\/#article","isPartOf":{"@id":"https:\/\/www.bbmnoticias.com\/labravaradiofm\/2025\/06\/09\/manifestante-con-bandera-mexicana-se-vuelve-viral-divide-opiniones-en-mexico-por-protesta-contra-ice\/"},"author":{"name":"Agencias","@id":"https:\/\/www.bbmnoticias.com\/labravaradiofm\/#\/schema\/person\/857a3daf5c8142f29919023f377fbfad"},"headline":"Manifestante con bandera mexicana se vuelve viral; divide opiniones en M\u00e9xico por protesta contra ICE","datePublished":"2025-06-10T01:23:56+00:00","dateModified":"2025-06-10T01:24:07+00:00","mainEntityOfPage":{"@id":"https:\/\/www.bbmnoticias.com\/labravaradiofm\/2025\/06\/09\/manifestante-con-bandera-mexicana-se-vuelve-viral-divide-opiniones-en-mexico-por-protesta-contra-ice\/"},"wordCount":581,"image":{"@id":"https:\/\/www.bbmnoticias.com\/blog\/2025\/06\/09\/manifestante-con-bandera-mexicana-se-vuelve-viral-divide-opiniones-en-mexico-por-protesta-contra-ice\/#primaryimage"},"thumbnailUrl":"https:\/\/www.bbmnoticias.com\/labravaradiofm\/wp-content\/uploads\/sites\/5\/2025\/06\/bandera_mexico.jpg","articleSection":["INTERNACIONAL","LOCAL"],"inLanguage":"es"},{"@type":"WebPage","@id":"https:\/\/www.bbmnoticias.com\/labravaradiofm\/2025\/06\/09\/manifestante-con-bandera-mexicana-se-vuelve-viral-divide-opiniones-en-mexico-por-protesta-contra-ice\/","url":"https:\/\/www.bbmnoticias.com\/blog\/2025\/06\/09\/manifestante-con-bandera-mexicana-se-vuelve-viral-divide-opiniones-en-mexico-por-protesta-contra-ice\/","name":"Manifestante con bandera mexicana se vuelve viral; divide opiniones en M\u00e9xico por protesta contra ICE - LA BRAVA RADIO","isPartOf":{"@id":"https:\/\/www.bbmnoticias.com\/labravaradiofm\/#website"},"primaryImageOfPage":{"@id":"https:\/\/www.bbmnoticias.com\/blog\/2025\/06\/09\/manifestante-con-bandera-mexicana-se-vuelve-viral-divide-opiniones-en-mexico-por-protesta-contra-ice\/#primaryimage"},"image":{"@id":"https:\/\/www.bbmnoticias.com\/blog\/2025\/06\/09\/manifestante-con-bandera-mexicana-se-vuelve-viral-divide-opiniones-en-mexico-por-protesta-contra-ice\/#primaryimage"},"thumbnailUrl":"https:\/\/www.bbmnoticias.com\/labravaradiofm\/wp-content\/uploads\/sites\/5\/2025\/06\/bandera_mexico.jpg","datePublished":"2025-06-10T01:23:56+00:00","dateModified":"2025-06-10T01:24:07+00:00","author":{"@id":"https:\/\/www.bbmnoticias.com\/labravaradiofm\/#\/schema\/person\/857a3daf5c8142f29919023f377fbfad"},"breadcrumb":{"@id":"https:\/\/www.bbmnoticias.com\/blog\/2025\/06\/09\/manifestante-con-bandera-mexicana-se-vuelve-viral-divide-opiniones-en-mexico-por-protesta-contra-ice\/#breadcrumb"},"inLanguage":"es","potentialAction":[{"@type":"ReadAction","target":["https:\/\/www.bbmnoticias.com\/blog\/2025\/06\/09\/manifestante-con-bandera-mexicana-se-vuelve-viral-divide-opiniones-en-mexico-por-protesta-contra-ice\/"]}]},{"@type":"ImageObject","inLanguage":"es","@id":"https:\/\/www.bbmnoticias.com\/blog\/2025\/06\/09\/manifestante-con-bandera-mexicana-se-vuelve-viral-divide-opiniones-en-mexico-por-protesta-contra-ice\/#primaryimage","url":"https:\/\/www.bbmnoticias.com\/labravaradiofm\/wp-content\/uploads\/sites\/5\/2025\/06\/bandera_mexico.jpg","contentUrl":"https:\/\/www.bbmnoticias.com\/labravaradiofm\/wp-content\/uploads\/sites\/5\/2025\/06\/bandera_mexico.jpg","width":800,"height":484},{"@type":"BreadcrumbList","@id":"https:\/\/www.bbmnoticias.com\/blog\/2025\/06\/09\/manifestante-con-bandera-mexicana-se-vuelve-viral-divide-opiniones-en-mexico-por-protesta-contra-ice\/#breadcrumb","itemListElement":[{"@type":"ListItem","position":1,"name":"Inicio","item":"https:\/\/www.bbmnoticias.com\/labravaradiofm\/"},{"@type":"ListItem","position":2,"name":"Manifestante con bandera mexicana se vuelve viral; divide opiniones en M\u00e9xico por protesta contra ICE"}]},{"@type":"WebSite","@id":"https:\/\/www.bbmnoticias.com\/labravaradiofm\/#website","url":"https:\/\/www.bbmnoticias.com\/labravaradiofm\/","name":"LA BRAVA RADIO","description":"Empresa productora de medios, Radiodifusi\u00f3n, Noticias, tendencias y todo lo que necesitas saber de la pol\u00edtica mexicana e internacional; entretenimiento, espect\u00e1culos, salud y mucho m\u00e1s.","potentialAction":[{"@type":"SearchAction","target":{"@type":"EntryPoint","urlTemplate":"https:\/\/www.bbmnoticias.com\/labravaradiofm\/?s={search_term_string}"},"query-input":{"@type":"PropertyValueSpecification","valueRequired":true,"valueName":"search_term_string"}}],"inLanguage":"es"},{"@type":"Person","@id":"https:\/\/www.bbmnoticias.com\/labravaradiofm\/#\/schema\/person\/857a3daf5c8142f29919023f377fbfad","name":"Agencias","image":{"@type":"ImageObject","inLanguage":"es","@id":"https:\/\/secure.gravatar.com\/avatar\/739e0b61adf9e398b425c36718c8752286da0e8cd90f20ce9a86678abc26aa0d?s=96&d=mm&r=g","url":"https:\/\/secure.gravatar.com\/avatar\/739e0b61adf9e398b425c36718c8752286da0e8cd90f20ce9a86678abc26aa0d?s=96&d=mm&r=g","contentUrl":"https:\/\/secure.gravatar.com\/avatar\/739e0b61adf9e398b425c36718c8752286da0e8cd90f20ce9a86678abc26aa0d?s=96&d=mm&r=g","caption":"Agencias"},"url":"https:\/\/www.bbmnoticias.com\/labravaradiofm\/author\/agencias\/"}]}},"_links":{"self":[{"href":"https:\/\/www.bbmnoticias.com\/labravaradiofm\/wp-json\/wp\/v2\/posts\/61558","targetHints":{"allow":["GET"]}}],"collection":[{"href":"https:\/\/www.bbmnoticias.com\/labravaradiofm\/wp-json\/wp\/v2\/posts"}],"about":[{"href":"https:\/\/www.bbmnoticias.com\/labravaradiofm\/wp-json\/wp\/v2\/types\/post"}],"author":[{"embeddable":true,"href":"https:\/\/www.bbmnoticias.com\/labravaradiofm\/wp-json\/wp\/v2\/users\/4"}],"replies":[{"embeddable":true,"href":"https:\/\/www.bbmnoticias.com\/labravaradiofm\/wp-json\/wp\/v2\/comments?post=61558"}],"version-history":[{"count":0,"href":"https:\/\/www.bbmnoticias.com\/labravaradiofm\/wp-json\/wp\/v2\/posts\/61558\/revisions"}],"wp:featuredmedia":[{"embeddable":true,"href":"https:\/\/www.bbmnoticias.com\/labravaradiofm\/wp-json\/wp\/v2\/media\/61560"}],"wp:attachment":[{"href":"https:\/\/www.bbmnoticias.com\/labravaradiofm\/wp-json\/wp\/v2\/media?parent=61558"}],"wp:term":[{"taxonomy":"category","embeddable":true,"href":"https:\/\/www.bbmnoticias.com\/labravaradiofm\/wp-json\/wp\/v2\/categories?post=61558"},{"taxonomy":"post_tag","embeddable":true,"href":"https:\/\/www.bbmnoticias.com\/labravaradiofm\/wp-json\/wp\/v2\/tags?post=61558"}],"curies":[{"name":"wp","href":"https:\/\/api.w.org\/{rel}","templated":true}]}}