{"id":61555,"date":"2025-06-09T19:18:56","date_gmt":"2025-06-10T01:18:56","guid":{"rendered":"https:\/\/www.bbmnoticias.com\/labravaradiofm\/2025\/06\/09\/entrega-secretaria-de-medio-ambiente-certificado-del-advc-la-muralla-a-san-bartolo-yautepec\/"},"modified":"2025-06-09T19:19:19","modified_gmt":"2025-06-10T01:19:19","slug":"entrega-secretaria-de-medio-ambiente-certificado-del-advc-la-muralla-a-san-bartolo-yautepec","status":"publish","type":"post","link":"https:\/\/www.bbmnoticias.com\/labravaradiofm\/2025\/06\/09\/entrega-secretaria-de-medio-ambiente-certificado-del-advc-la-muralla-a-san-bartolo-yautepec\/","title":{"rendered":"Entrega Secretar\u00eda de Medio Ambiente certificado del ADVC \u201cLa Muralla\u201d a San Bartolo Yautepec"},"content":{"rendered":"<div style=\"margin-top: 0px; margin-bottom: 0px;\" class=\"sharethis-inline-share-buttons\" ><\/div>\n<p>\u00b7&nbsp;&nbsp;&nbsp;&nbsp;&nbsp;&nbsp;&nbsp;&nbsp; <em>Esta \u00c1rea Destinada Voluntariamente a la Conservaci\u00f3n abarca casi 8 mil hect\u00e1reas y constituye un ejemplo de trabajo comunitario, gobernanza local y compromiso con el desarrollo sustentable<\/em><\/p>\n\n\n\n<p><strong>Oaxaca de Ju\u00e1rez Oax. 9 de junio de 2025.- <\/strong>La Secretar\u00eda de Medio Ambiente, Biodiversidad, Energ\u00edas y Sostenibilidad del Gobierno de Oaxaca entreg\u00f3 el certificado del \u00c1rea Destinada Voluntariamente a la Conservaci\u00f3n (ADVC) \u201cLa Muralla\u201d, ubicada en San Bartolo Yautepec, perteneciente a la regi\u00f3n Sierra Sur.<\/p>\n\n\n\n<p>La distinci\u00f3n se realiz\u00f3 en coordinaci\u00f3n con Pronatura Sur, y con el acompa\u00f1amiento de la Comisi\u00f3n Nacional de \u00c1reas Naturales Protegidas (Conanp) y la Comisi\u00f3n Nacional Forestal (Conafor).<\/p>\n\n\n\n<p>Este reconocimiento forma parte del proyecto \u201cPromoviendo la sustentabilidad en la cadena de valor agave-mezcal a trav\u00e9s de la restauraci\u00f3n y el manejo integrado de paisajes bioculturales de Oaxaca\u201d, implementado por Pronatura Sur con el respaldo de la Secretar\u00eda de Medio Ambiente.<\/p>\n\n\n\n<p>El ADVC \u201cLa Muralla\u201d comprende casi 8 mil hect\u00e1reas de ecosistemas conservados, y su certificaci\u00f3n constituye un ejemplo de trabajo comunitario, gobernanza local y compromiso con el desarrollo sustentable. Este esfuerzo refuerza la importancia de las estrategias de conservaci\u00f3n voluntaria y destaca el papel activo de los pueblos en la protecci\u00f3n del territorio, biodiversidad y cultura.<\/p>\n\n\n\n<p>El Gobierno del Estado de Oaxaca reafirma su compromiso con la construcci\u00f3n de un modelo de desarrollo respetuoso con el medio ambiente, que valore el conocimiento comunitario y promueva la conservaci\u00f3n como un acto de justicia ambiental y social.<\/p>\n","protected":false},"excerpt":{"rendered":"<p>\u00b7&nbsp;&nbsp;&nbsp;&nbsp;&nbsp;&nbsp;&nbsp;&nbsp; Esta \u00c1rea Destinada Voluntariamente a la Conservaci\u00f3n abarca casi 8 mil hect\u00e1reas y constituye un ejemplo de trabajo comunitario, gobernanza local y compromiso con el desarrollo sustentable Oaxaca de Ju\u00e1rez Oax. 9 de junio de 2025.- La Secretar\u00eda de Medio Ambiente, Biodiversidad, Energ\u00edas y Sostenibilidad del Gobierno de Oaxaca entreg\u00f3 el certificado del \u00c1rea [&hellip;]<\/p>\n","protected":false},"author":2,"featured_media":61557,"comment_status":"closed","ping_status":"","sticky":false,"template":"","format":"standard","meta":{"footnotes":""},"categories":[2],"tags":[],"class_list":{"0":"post-61555","1":"post","2":"type-post","3":"status-publish","4":"format-standard","5":"has-post-thumbnail","7":"category-oaxaca"},"yoast_head":"<!-- This site is optimized with the Yoast SEO plugin v27.4 - https:\/\/yoast.com\/product\/yoast-seo-wordpress\/ -->\n<title>Entrega Secretar\u00eda de Medio Ambiente certificado del ADVC \u201cLa Muralla\u201d a San Bartolo Yautepec - LA BRAVA RADIO<\/title>\n<meta name=\"robots\" content=\"index, follow, max-snippet:-1, max-image-preview:large, max-video-preview:-1\" \/>\n<link rel=\"canonical\" href=\"https:\/\/www.bbmnoticias.com\/blog\/2025\/06\/09\/entrega-secretaria-de-medio-ambiente-certificado-del-advc-la-muralla-a-san-bartolo-yautepec\/\" \/>\n<meta property=\"og:locale\" content=\"es_MX\" \/>\n<meta property=\"og:type\" content=\"article\" \/>\n<meta property=\"og:title\" content=\"Entrega Secretar\u00eda de Medio Ambiente certificado del ADVC \u201cLa Muralla\u201d a San Bartolo Yautepec - LA BRAVA RADIO\" \/>\n<meta property=\"og:description\" content=\"\u00b7&nbsp;&nbsp;&nbsp;&nbsp;&nbsp;&nbsp;&nbsp;&nbsp; Esta \u00c1rea Destinada Voluntariamente a la Conservaci\u00f3n abarca casi 8 mil hect\u00e1reas y constituye un ejemplo de trabajo comunitario, gobernanza local y compromiso con el desarrollo sustentable Oaxaca de Ju\u00e1rez Oax. 9 de junio de 2025.- La Secretar\u00eda de Medio Ambiente, Biodiversidad, Energ\u00edas y Sostenibilidad del Gobierno de Oaxaca entreg\u00f3 el certificado del \u00c1rea [&hellip;]\" \/>\n<meta property=\"og:url\" content=\"https:\/\/www.bbmnoticias.com\/blog\/2025\/06\/09\/entrega-secretaria-de-medio-ambiente-certificado-del-advc-la-muralla-a-san-bartolo-yautepec\/\" \/>\n<meta property=\"og:site_name\" content=\"LA BRAVA RADIO\" \/>\n<meta property=\"article:published_time\" content=\"2025-06-10T01:18:56+00:00\" \/>\n<meta property=\"article:modified_time\" content=\"2025-06-10T01:19:19+00:00\" \/>\n<meta property=\"og:image\" content=\"https:\/\/www.bbmnoticias.com\/labravaradiofm\/wp-content\/uploads\/sites\/5\/2025\/06\/san_bartolo_yautepec.jpg\" \/>\n\t<meta property=\"og:image:width\" content=\"800\" \/>\n\t<meta property=\"og:image:height\" content=\"450\" \/>\n\t<meta property=\"og:image:type\" content=\"image\/jpeg\" \/>\n<meta name=\"author\" content=\"Staff\" \/>\n<meta name=\"twitter:card\" content=\"summary_large_image\" \/>\n<meta name=\"twitter:label1\" content=\"Escrito por\" \/>\n\t<meta name=\"twitter:data1\" content=\"Staff\" \/>\n\t<meta name=\"twitter:label2\" content=\"Tiempo de lectura\" \/>\n\t<meta name=\"twitter:data2\" content=\"1 minuto\" \/>\n<script type=\"application\/ld+json\" class=\"yoast-schema-graph\">{\"@context\":\"https:\\\/\\\/schema.org\",\"@graph\":[{\"@type\":\"Article\",\"@id\":\"https:\\\/\\\/www.bbmnoticias.com\\\/blog\\\/2025\\\/06\\\/09\\\/entrega-secretaria-de-medio-ambiente-certificado-del-advc-la-muralla-a-san-bartolo-yautepec\\\/#article\",\"isPartOf\":{\"@id\":\"https:\\\/\\\/www.bbmnoticias.com\\\/labravaradiofm\\\/2025\\\/06\\\/09\\\/entrega-secretaria-de-medio-ambiente-certificado-del-advc-la-muralla-a-san-bartolo-yautepec\\\/\"},\"author\":{\"name\":\"Staff\",\"@id\":\"https:\\\/\\\/www.bbmnoticias.com\\\/labravaradiofm\\\/#\\\/schema\\\/person\\\/34b139c617a70ea5bef5678bffe4dd7b\"},\"headline\":\"Entrega Secretar\u00eda de Medio Ambiente certificado del ADVC \u201cLa Muralla\u201d a San Bartolo Yautepec\",\"datePublished\":\"2025-06-10T01:18:56+00:00\",\"dateModified\":\"2025-06-10T01:19:19+00:00\",\"mainEntityOfPage\":{\"@id\":\"https:\\\/\\\/www.bbmnoticias.com\\\/labravaradiofm\\\/2025\\\/06\\\/09\\\/entrega-secretaria-de-medio-ambiente-certificado-del-advc-la-muralla-a-san-bartolo-yautepec\\\/\"},\"wordCount\":279,\"image\":{\"@id\":\"https:\\\/\\\/www.bbmnoticias.com\\\/blog\\\/2025\\\/06\\\/09\\\/entrega-secretaria-de-medio-ambiente-certificado-del-advc-la-muralla-a-san-bartolo-yautepec\\\/#primaryimage\"},\"thumbnailUrl\":\"https:\\\/\\\/www.bbmnoticias.com\\\/labravaradiofm\\\/wp-content\\\/uploads\\\/sites\\\/5\\\/2025\\\/06\\\/san_bartolo_yautepec.jpg\",\"articleSection\":[\"LOCAL\"],\"inLanguage\":\"es\"},{\"@type\":\"WebPage\",\"@id\":\"https:\\\/\\\/www.bbmnoticias.com\\\/labravaradiofm\\\/2025\\\/06\\\/09\\\/entrega-secretaria-de-medio-ambiente-certificado-del-advc-la-muralla-a-san-bartolo-yautepec\\\/\",\"url\":\"https:\\\/\\\/www.bbmnoticias.com\\\/blog\\\/2025\\\/06\\\/09\\\/entrega-secretaria-de-medio-ambiente-certificado-del-advc-la-muralla-a-san-bartolo-yautepec\\\/\",\"name\":\"Entrega Secretar\u00eda de Medio Ambiente certificado del ADVC \u201cLa Muralla\u201d a San Bartolo Yautepec - LA BRAVA RADIO\",\"isPartOf\":{\"@id\":\"https:\\\/\\\/www.bbmnoticias.com\\\/labravaradiofm\\\/#website\"},\"primaryImageOfPage\":{\"@id\":\"https:\\\/\\\/www.bbmnoticias.com\\\/blog\\\/2025\\\/06\\\/09\\\/entrega-secretaria-de-medio-ambiente-certificado-del-advc-la-muralla-a-san-bartolo-yautepec\\\/#primaryimage\"},\"image\":{\"@id\":\"https:\\\/\\\/www.bbmnoticias.com\\\/blog\\\/2025\\\/06\\\/09\\\/entrega-secretaria-de-medio-ambiente-certificado-del-advc-la-muralla-a-san-bartolo-yautepec\\\/#primaryimage\"},\"thumbnailUrl\":\"https:\\\/\\\/www.bbmnoticias.com\\\/labravaradiofm\\\/wp-content\\\/uploads\\\/sites\\\/5\\\/2025\\\/06\\\/san_bartolo_yautepec.jpg\",\"datePublished\":\"2025-06-10T01:18:56+00:00\",\"dateModified\":\"2025-06-10T01:19:19+00:00\",\"author\":{\"@id\":\"https:\\\/\\\/www.bbmnoticias.com\\\/labravaradiofm\\\/#\\\/schema\\\/person\\\/34b139c617a70ea5bef5678bffe4dd7b\"},\"breadcrumb\":{\"@id\":\"https:\\\/\\\/www.bbmnoticias.com\\\/blog\\\/2025\\\/06\\\/09\\\/entrega-secretaria-de-medio-ambiente-certificado-del-advc-la-muralla-a-san-bartolo-yautepec\\\/#breadcrumb\"},\"inLanguage\":\"es\",\"potentialAction\":[{\"@type\":\"ReadAction\",\"target\":[\"https:\\\/\\\/www.bbmnoticias.com\\\/blog\\\/2025\\\/06\\\/09\\\/entrega-secretaria-de-medio-ambiente-certificado-del-advc-la-muralla-a-san-bartolo-yautepec\\\/\"]}]},{\"@type\":\"ImageObject\",\"inLanguage\":\"es\",\"@id\":\"https:\\\/\\\/www.bbmnoticias.com\\\/blog\\\/2025\\\/06\\\/09\\\/entrega-secretaria-de-medio-ambiente-certificado-del-advc-la-muralla-a-san-bartolo-yautepec\\\/#primaryimage\",\"url\":\"https:\\\/\\\/www.bbmnoticias.com\\\/labravaradiofm\\\/wp-content\\\/uploads\\\/sites\\\/5\\\/2025\\\/06\\\/san_bartolo_yautepec.jpg\",\"contentUrl\":\"https:\\\/\\\/www.bbmnoticias.com\\\/labravaradiofm\\\/wp-content\\\/uploads\\\/sites\\\/5\\\/2025\\\/06\\\/san_bartolo_yautepec.jpg\",\"width\":800,\"height\":450},{\"@type\":\"BreadcrumbList\",\"@id\":\"https:\\\/\\\/www.bbmnoticias.com\\\/blog\\\/2025\\\/06\\\/09\\\/entrega-secretaria-de-medio-ambiente-certificado-del-advc-la-muralla-a-san-bartolo-yautepec\\\/#breadcrumb\",\"itemListElement\":[{\"@type\":\"ListItem\",\"position\":1,\"name\":\"Inicio\",\"item\":\"https:\\\/\\\/www.bbmnoticias.com\\\/labravaradiofm\\\/\"},{\"@type\":\"ListItem\",\"position\":2,\"name\":\"Entrega Secretar\u00eda de Medio Ambiente certificado del ADVC \u201cLa Muralla\u201d a San Bartolo Yautepec\"}]},{\"@type\":\"WebSite\",\"@id\":\"https:\\\/\\\/www.bbmnoticias.com\\\/labravaradiofm\\\/#website\",\"url\":\"https:\\\/\\\/www.bbmnoticias.com\\\/labravaradiofm\\\/\",\"name\":\"LA BRAVA RADIO\",\"description\":\"Empresa productora de medios, Radiodifusi\u00f3n, Noticias, tendencias y todo lo que necesitas saber de la pol\u00edtica mexicana e internacional; entretenimiento, espect\u00e1culos, salud y mucho m\u00e1s.\",\"potentialAction\":[{\"@type\":\"SearchAction\",\"target\":{\"@type\":\"EntryPoint\",\"urlTemplate\":\"https:\\\/\\\/www.bbmnoticias.com\\\/labravaradiofm\\\/?s={search_term_string}\"},\"query-input\":{\"@type\":\"PropertyValueSpecification\",\"valueRequired\":true,\"valueName\":\"search_term_string\"}}],\"inLanguage\":\"es\"},{\"@type\":\"Person\",\"@id\":\"https:\\\/\\\/www.bbmnoticias.com\\\/labravaradiofm\\\/#\\\/schema\\\/person\\\/34b139c617a70ea5bef5678bffe4dd7b\",\"name\":\"Staff\",\"image\":{\"@type\":\"ImageObject\",\"inLanguage\":\"es\",\"@id\":\"https:\\\/\\\/secure.gravatar.com\\\/avatar\\\/fdd21ad66fd8b98c407f9dee5b5e588cfe7f0d8579ec20fa6527cd59bab7f0f0?s=96&d=mm&r=g\",\"url\":\"https:\\\/\\\/secure.gravatar.com\\\/avatar\\\/fdd21ad66fd8b98c407f9dee5b5e588cfe7f0d8579ec20fa6527cd59bab7f0f0?s=96&d=mm&r=g\",\"contentUrl\":\"https:\\\/\\\/secure.gravatar.com\\\/avatar\\\/fdd21ad66fd8b98c407f9dee5b5e588cfe7f0d8579ec20fa6527cd59bab7f0f0?s=96&d=mm&r=g\",\"caption\":\"Staff\"},\"url\":\"https:\\\/\\\/www.bbmnoticias.com\\\/labravaradiofm\\\/author\\\/redaccion\\\/\"}]}<\/script>\n<!-- \/ Yoast SEO plugin. -->","yoast_head_json":{"title":"Entrega Secretar\u00eda de Medio Ambiente certificado del ADVC \u201cLa Muralla\u201d a San Bartolo Yautepec - LA BRAVA RADIO","robots":{"index":"index","follow":"follow","max-snippet":"max-snippet:-1","max-image-preview":"max-image-preview:large","max-video-preview":"max-video-preview:-1"},"canonical":"https:\/\/www.bbmnoticias.com\/blog\/2025\/06\/09\/entrega-secretaria-de-medio-ambiente-certificado-del-advc-la-muralla-a-san-bartolo-yautepec\/","og_locale":"es_MX","og_type":"article","og_title":"Entrega Secretar\u00eda de Medio Ambiente certificado del ADVC \u201cLa Muralla\u201d a San Bartolo Yautepec - LA BRAVA RADIO","og_description":"\u00b7&nbsp;&nbsp;&nbsp;&nbsp;&nbsp;&nbsp;&nbsp;&nbsp; Esta \u00c1rea Destinada Voluntariamente a la Conservaci\u00f3n abarca casi 8 mil hect\u00e1reas y constituye un ejemplo de trabajo comunitario, gobernanza local y compromiso con el desarrollo sustentable Oaxaca de Ju\u00e1rez Oax. 9 de junio de 2025.- La Secretar\u00eda de Medio Ambiente, Biodiversidad, Energ\u00edas y Sostenibilidad del Gobierno de Oaxaca entreg\u00f3 el certificado del \u00c1rea [&hellip;]","og_url":"https:\/\/www.bbmnoticias.com\/blog\/2025\/06\/09\/entrega-secretaria-de-medio-ambiente-certificado-del-advc-la-muralla-a-san-bartolo-yautepec\/","og_site_name":"LA BRAVA RADIO","article_published_time":"2025-06-10T01:18:56+00:00","article_modified_time":"2025-06-10T01:19:19+00:00","og_image":[{"width":800,"height":450,"url":"https:\/\/www.bbmnoticias.com\/labravaradiofm\/wp-content\/uploads\/sites\/5\/2025\/06\/san_bartolo_yautepec.jpg","type":"image\/jpeg"}],"author":"Staff","twitter_card":"summary_large_image","twitter_misc":{"Escrito por":"Staff","Tiempo de lectura":"1 minuto"},"schema":{"@context":"https:\/\/schema.org","@graph":[{"@type":"Article","@id":"https:\/\/www.bbmnoticias.com\/blog\/2025\/06\/09\/entrega-secretaria-de-medio-ambiente-certificado-del-advc-la-muralla-a-san-bartolo-yautepec\/#article","isPartOf":{"@id":"https:\/\/www.bbmnoticias.com\/labravaradiofm\/2025\/06\/09\/entrega-secretaria-de-medio-ambiente-certificado-del-advc-la-muralla-a-san-bartolo-yautepec\/"},"author":{"name":"Staff","@id":"https:\/\/www.bbmnoticias.com\/labravaradiofm\/#\/schema\/person\/34b139c617a70ea5bef5678bffe4dd7b"},"headline":"Entrega Secretar\u00eda de Medio Ambiente certificado del ADVC \u201cLa Muralla\u201d a San Bartolo Yautepec","datePublished":"2025-06-10T01:18:56+00:00","dateModified":"2025-06-10T01:19:19+00:00","mainEntityOfPage":{"@id":"https:\/\/www.bbmnoticias.com\/labravaradiofm\/2025\/06\/09\/entrega-secretaria-de-medio-ambiente-certificado-del-advc-la-muralla-a-san-bartolo-yautepec\/"},"wordCount":279,"image":{"@id":"https:\/\/www.bbmnoticias.com\/blog\/2025\/06\/09\/entrega-secretaria-de-medio-ambiente-certificado-del-advc-la-muralla-a-san-bartolo-yautepec\/#primaryimage"},"thumbnailUrl":"https:\/\/www.bbmnoticias.com\/labravaradiofm\/wp-content\/uploads\/sites\/5\/2025\/06\/san_bartolo_yautepec.jpg","articleSection":["LOCAL"],"inLanguage":"es"},{"@type":"WebPage","@id":"https:\/\/www.bbmnoticias.com\/labravaradiofm\/2025\/06\/09\/entrega-secretaria-de-medio-ambiente-certificado-del-advc-la-muralla-a-san-bartolo-yautepec\/","url":"https:\/\/www.bbmnoticias.com\/blog\/2025\/06\/09\/entrega-secretaria-de-medio-ambiente-certificado-del-advc-la-muralla-a-san-bartolo-yautepec\/","name":"Entrega Secretar\u00eda de Medio Ambiente certificado del ADVC \u201cLa Muralla\u201d a San Bartolo Yautepec - LA BRAVA RADIO","isPartOf":{"@id":"https:\/\/www.bbmnoticias.com\/labravaradiofm\/#website"},"primaryImageOfPage":{"@id":"https:\/\/www.bbmnoticias.com\/blog\/2025\/06\/09\/entrega-secretaria-de-medio-ambiente-certificado-del-advc-la-muralla-a-san-bartolo-yautepec\/#primaryimage"},"image":{"@id":"https:\/\/www.bbmnoticias.com\/blog\/2025\/06\/09\/entrega-secretaria-de-medio-ambiente-certificado-del-advc-la-muralla-a-san-bartolo-yautepec\/#primaryimage"},"thumbnailUrl":"https:\/\/www.bbmnoticias.com\/labravaradiofm\/wp-content\/uploads\/sites\/5\/2025\/06\/san_bartolo_yautepec.jpg","datePublished":"2025-06-10T01:18:56+00:00","dateModified":"2025-06-10T01:19:19+00:00","author":{"@id":"https:\/\/www.bbmnoticias.com\/labravaradiofm\/#\/schema\/person\/34b139c617a70ea5bef5678bffe4dd7b"},"breadcrumb":{"@id":"https:\/\/www.bbmnoticias.com\/blog\/2025\/06\/09\/entrega-secretaria-de-medio-ambiente-certificado-del-advc-la-muralla-a-san-bartolo-yautepec\/#breadcrumb"},"inLanguage":"es","potentialAction":[{"@type":"ReadAction","target":["https:\/\/www.bbmnoticias.com\/blog\/2025\/06\/09\/entrega-secretaria-de-medio-ambiente-certificado-del-advc-la-muralla-a-san-bartolo-yautepec\/"]}]},{"@type":"ImageObject","inLanguage":"es","@id":"https:\/\/www.bbmnoticias.com\/blog\/2025\/06\/09\/entrega-secretaria-de-medio-ambiente-certificado-del-advc-la-muralla-a-san-bartolo-yautepec\/#primaryimage","url":"https:\/\/www.bbmnoticias.com\/labravaradiofm\/wp-content\/uploads\/sites\/5\/2025\/06\/san_bartolo_yautepec.jpg","contentUrl":"https:\/\/www.bbmnoticias.com\/labravaradiofm\/wp-content\/uploads\/sites\/5\/2025\/06\/san_bartolo_yautepec.jpg","width":800,"height":450},{"@type":"BreadcrumbList","@id":"https:\/\/www.bbmnoticias.com\/blog\/2025\/06\/09\/entrega-secretaria-de-medio-ambiente-certificado-del-advc-la-muralla-a-san-bartolo-yautepec\/#breadcrumb","itemListElement":[{"@type":"ListItem","position":1,"name":"Inicio","item":"https:\/\/www.bbmnoticias.com\/labravaradiofm\/"},{"@type":"ListItem","position":2,"name":"Entrega Secretar\u00eda de Medio Ambiente certificado del ADVC \u201cLa Muralla\u201d a San Bartolo Yautepec"}]},{"@type":"WebSite","@id":"https:\/\/www.bbmnoticias.com\/labravaradiofm\/#website","url":"https:\/\/www.bbmnoticias.com\/labravaradiofm\/","name":"LA BRAVA RADIO","description":"Empresa productora de medios, Radiodifusi\u00f3n, Noticias, tendencias y todo lo que necesitas saber de la pol\u00edtica mexicana e internacional; entretenimiento, espect\u00e1culos, salud y mucho m\u00e1s.","potentialAction":[{"@type":"SearchAction","target":{"@type":"EntryPoint","urlTemplate":"https:\/\/www.bbmnoticias.com\/labravaradiofm\/?s={search_term_string}"},"query-input":{"@type":"PropertyValueSpecification","valueRequired":true,"valueName":"search_term_string"}}],"inLanguage":"es"},{"@type":"Person","@id":"https:\/\/www.bbmnoticias.com\/labravaradiofm\/#\/schema\/person\/34b139c617a70ea5bef5678bffe4dd7b","name":"Staff","image":{"@type":"ImageObject","inLanguage":"es","@id":"https:\/\/secure.gravatar.com\/avatar\/fdd21ad66fd8b98c407f9dee5b5e588cfe7f0d8579ec20fa6527cd59bab7f0f0?s=96&d=mm&r=g","url":"https:\/\/secure.gravatar.com\/avatar\/fdd21ad66fd8b98c407f9dee5b5e588cfe7f0d8579ec20fa6527cd59bab7f0f0?s=96&d=mm&r=g","contentUrl":"https:\/\/secure.gravatar.com\/avatar\/fdd21ad66fd8b98c407f9dee5b5e588cfe7f0d8579ec20fa6527cd59bab7f0f0?s=96&d=mm&r=g","caption":"Staff"},"url":"https:\/\/www.bbmnoticias.com\/labravaradiofm\/author\/redaccion\/"}]}},"_links":{"self":[{"href":"https:\/\/www.bbmnoticias.com\/labravaradiofm\/wp-json\/wp\/v2\/posts\/61555","targetHints":{"allow":["GET"]}}],"collection":[{"href":"https:\/\/www.bbmnoticias.com\/labravaradiofm\/wp-json\/wp\/v2\/posts"}],"about":[{"href":"https:\/\/www.bbmnoticias.com\/labravaradiofm\/wp-json\/wp\/v2\/types\/post"}],"author":[{"embeddable":true,"href":"https:\/\/www.bbmnoticias.com\/labravaradiofm\/wp-json\/wp\/v2\/users\/2"}],"replies":[{"embeddable":true,"href":"https:\/\/www.bbmnoticias.com\/labravaradiofm\/wp-json\/wp\/v2\/comments?post=61555"}],"version-history":[{"count":0,"href":"https:\/\/www.bbmnoticias.com\/labravaradiofm\/wp-json\/wp\/v2\/posts\/61555\/revisions"}],"wp:featuredmedia":[{"embeddable":true,"href":"https:\/\/www.bbmnoticias.com\/labravaradiofm\/wp-json\/wp\/v2\/media\/61557"}],"wp:attachment":[{"href":"https:\/\/www.bbmnoticias.com\/labravaradiofm\/wp-json\/wp\/v2\/media?parent=61555"}],"wp:term":[{"taxonomy":"category","embeddable":true,"href":"https:\/\/www.bbmnoticias.com\/labravaradiofm\/wp-json\/wp\/v2\/categories?post=61555"},{"taxonomy":"post_tag","embeddable":true,"href":"https:\/\/www.bbmnoticias.com\/labravaradiofm\/wp-json\/wp\/v2\/tags?post=61555"}],"curies":[{"name":"wp","href":"https:\/\/api.w.org\/{rel}","templated":true}]}}