{"id":61552,"date":"2025-06-09T18:22:57","date_gmt":"2025-06-10T00:22:57","guid":{"rendered":"https:\/\/www.bbmnoticias.com\/labravaradiofm\/2025\/06\/09\/matan-al-camarografo-dante-gutierrez-en-el-estado-de-mexico\/"},"modified":"2025-06-09T18:23:23","modified_gmt":"2025-06-10T00:23:23","slug":"matan-al-camarografo-dante-gutierrez-en-el-estado-de-mexico","status":"publish","type":"post","link":"https:\/\/www.bbmnoticias.com\/labravaradiofm\/2025\/06\/09\/matan-al-camarografo-dante-gutierrez-en-el-estado-de-mexico\/","title":{"rendered":"Matan al camar\u00f3grafo Dante Guti\u00e9rrez en el Estado de M\u00e9xico"},"content":{"rendered":"<div style=\"margin-top: 0px; margin-bottom: 0px;\" class=\"sharethis-inline-share-buttons\" ><\/div>\n<p>La noche del domingo fue asesinado en <strong>Tlalnepantla<\/strong>, <strong>Estado de M\u00e9xico<\/strong>, <strong>Dante Guti\u00e9rrez Reyes<\/strong>, camar\u00f3grafo del <strong>Canal 11<\/strong>.<\/p>\n\n\n\n<p>De acuerdo con reportes, el asesinato se registr\u00f3 cuando presuntos delincuentes intentaron robar el veh\u00edculo de <strong>Guti\u00e9rrez Reyes<\/strong>.<\/p>\n\n\n\n<figure class=\"wp-block-embed is-type-rich is-provider-twitter wp-block-embed-twitter\"><div class=\"wp-block-embed__wrapper\">\n<blockquote class=\"twitter-tweet\" data-width=\"550\" data-dnt=\"true\"><p lang=\"es\" dir=\"ltr\">El equipo de Once Noticias lamenta el fallecimiento de nuestro compa\u00f1ero camar\u00f3grafo, Dante Guti\u00e9rrez Reyes. <br><br>Expresamos nuestras m\u00e1s sentidas condolencias y le enviamos un abrazo solidario a su familia y amistades. <a href=\"https:\/\/t.co\/wk1Jvy5rNf\">pic.twitter.com\/wk1Jvy5rNf<\/a><\/p>&mdash; Once Noticias (@OnceNoticiasTV) <a href=\"https:\/\/twitter.com\/OnceNoticiasTV\/status\/1932102588348182921?ref_src=twsrc%5Etfw\">June 9, 2025<\/a><\/blockquote><script async src=\"https:\/\/platform.twitter.com\/widgets.js\" charset=\"utf-8\"><\/script>\n<\/div><\/figure>\n\n\n\n<p>El equipo de Once Noticias lament\u00f3 la muerte de Dante Guti\u00e9rrez y extern\u00f3 sus condolencias.<\/p>\n\n\n\n<figure class=\"wp-block-pullquote\"><blockquote><p>Fue v\u00edctima de un asalto en el <strong>Edomex<\/strong>. No ahondaremos en detalles. Desde esta su casa mandamos un abrazo a su familia y seres queridos. Sepan que contar\u00e1n con nuestro apoyo, les acompa\u00f1amos en la exigencia del esclarecimiento del caso, pedimos a las autoridades que hagan justicia\u201d, inform\u00f3 Lety Carbajal, conductora de Canal 11.<\/p><\/blockquote><\/figure>\n\n\n\n<figure class=\"wp-block-embed is-type-rich is-provider-twitter wp-block-embed-twitter\"><div class=\"wp-block-embed__wrapper\">\n<blockquote class=\"twitter-tweet\" data-width=\"550\" data-dnt=\"true\"><p lang=\"es\" dir=\"ltr\">\ud83d\udd34Cobardes delincuentes asesinan por la espalda al compa\u00f1ero camar\u00f3grafo de <a href=\"https:\/\/twitter.com\/CanalOnceTV?ref_src=twsrc%5Etfw\">@CanalOnceTV<\/a> Dante Guti\u00e9rrez al intentar robarle su carro a las afueras de su domicilio en el <a href=\"https:\/\/twitter.com\/hashtag\/Edomex?src=hash&amp;ref_src=twsrc%5Etfw\">#Edomex<\/a> frente a su hijo y esposa D.E.P. <a href=\"https:\/\/twitter.com\/hashtag\/JusticiaParaDante?src=hash&amp;ref_src=twsrc%5Etfw\">#JusticiaParaDante<\/a> <a href=\"https:\/\/t.co\/xRVkkxwmB2\">pic.twitter.com\/xRVkkxwmB2<\/a><\/p>&mdash; poloespejel (@poloespejel) <a href=\"https:\/\/twitter.com\/poloespejel\/status\/1932180151619481686?ref_src=twsrc%5Etfw\">June 9, 2025<\/a><\/blockquote><script async src=\"https:\/\/platform.twitter.com\/widgets.js\" charset=\"utf-8\"><\/script>\n<\/div><\/figure>\n\n\n\n<h3 class=\"wp-block-heading\">Fiscal\u00eda del Edomex investiga el asesinato de Dante Guti\u00e9rrez<\/h3>\n\n\n\n<p>La Fiscal\u00eda del Estado de M\u00e9xico inici\u00f3 con investigaciones para esclarecer el asesinato del camar\u00f3grafo.<\/p>\n\n\n\n<p>Hasta el momento, trasciende que los hechos ocurrieron en la colonia El Olivo II en presencia de la familia de la v\u00edctima.<\/p>\n\n\n\n<iframe loading=\"lazy\" src=\"https:\/\/www.facebook.com\/plugins\/video.php?height=314&#038;href=https%3A%2F%2Fwww.facebook.com%2FOnceNoticiasTV%2Fvideos%2F1211613223485507%2F&#038;show_text=false&#038;width=560&#038;t=0\" width=\"560\" height=\"314\" style=\"border:none;overflow:hidden\" scrolling=\"no\" frameborder=\"0\" allowfullscreen=\"true\" allow=\"autoplay; clipboard-write; encrypted-media; picture-in-picture; web-share\" allowFullScreen=\"true\"><\/iframe>\n\n\n\n<h3 class=\"wp-block-heading\">Pol\u00edticos lamentan el asesinato<\/h3>\n\n\n\n<p>Pol\u00edticos lamentaron el asesinato de <strong>Dante Guti\u00e9rrez<\/strong> y externaron sus condolencias.<\/p>\n\n\n\n<p>En la C\u00e1mara de Diputados se brind\u00f3 un minuto de silencio y uno de aplausos para el camar\u00f3grafo.<\/p>\n","protected":false},"excerpt":{"rendered":"<p>La noche del domingo fue asesinado en Tlalnepantla, Estado de M\u00e9xico, Dante Guti\u00e9rrez Reyes, camar\u00f3grafo del Canal 11. De acuerdo con reportes, el asesinato se registr\u00f3 cuando presuntos delincuentes intentaron robar el veh\u00edculo de Guti\u00e9rrez Reyes. El equipo de Once Noticias lament\u00f3 la muerte de Dante Guti\u00e9rrez y extern\u00f3 sus condolencias. Fue v\u00edctima de un [&hellip;]<\/p>\n","protected":false},"author":2,"featured_media":61554,"comment_status":"closed","ping_status":"","sticky":false,"template":"","format":"standard","meta":{"footnotes":""},"categories":[2,19],"tags":[],"class_list":{"0":"post-61552","1":"post","2":"type-post","3":"status-publish","4":"format-standard","5":"has-post-thumbnail","7":"category-oaxaca","8":"category-nacional"},"yoast_head":"<!-- This site is optimized with the Yoast SEO plugin v27.4 - https:\/\/yoast.com\/product\/yoast-seo-wordpress\/ -->\n<title>Matan al camar\u00f3grafo Dante Guti\u00e9rrez en el Estado de M\u00e9xico - LA BRAVA RADIO<\/title>\n<meta name=\"robots\" content=\"index, follow, max-snippet:-1, max-image-preview:large, max-video-preview:-1\" \/>\n<link rel=\"canonical\" href=\"https:\/\/www.bbmnoticias.com\/blog\/2025\/06\/09\/matan-al-camarografo-dante-gutierrez-en-el-estado-de-mexico\/\" \/>\n<meta property=\"og:locale\" content=\"es_MX\" \/>\n<meta property=\"og:type\" content=\"article\" \/>\n<meta property=\"og:title\" content=\"Matan al camar\u00f3grafo Dante Guti\u00e9rrez en el Estado de M\u00e9xico - LA BRAVA RADIO\" \/>\n<meta property=\"og:description\" content=\"La noche del domingo fue asesinado en Tlalnepantla, Estado de M\u00e9xico, Dante Guti\u00e9rrez Reyes, camar\u00f3grafo del Canal 11. De acuerdo con reportes, el asesinato se registr\u00f3 cuando presuntos delincuentes intentaron robar el veh\u00edculo de Guti\u00e9rrez Reyes. El equipo de Once Noticias lament\u00f3 la muerte de Dante Guti\u00e9rrez y extern\u00f3 sus condolencias. Fue v\u00edctima de un [&hellip;]\" \/>\n<meta property=\"og:url\" content=\"https:\/\/www.bbmnoticias.com\/blog\/2025\/06\/09\/matan-al-camarografo-dante-gutierrez-en-el-estado-de-mexico\/\" \/>\n<meta property=\"og:site_name\" content=\"LA BRAVA RADIO\" \/>\n<meta property=\"article:published_time\" content=\"2025-06-10T00:22:57+00:00\" \/>\n<meta property=\"article:modified_time\" content=\"2025-06-10T00:23:23+00:00\" \/>\n<meta property=\"og:image\" content=\"https:\/\/www.bbmnoticias.com\/labravaradiofm\/wp-content\/uploads\/sites\/5\/2025\/06\/matan-al-camarografo-dante-gutierrez-en-el-estado-de-mexico.jpg\" \/>\n\t<meta property=\"og:image:width\" content=\"1200\" \/>\n\t<meta property=\"og:image:height\" content=\"675\" \/>\n\t<meta property=\"og:image:type\" content=\"image\/jpeg\" \/>\n<meta name=\"author\" content=\"Staff\" \/>\n<meta name=\"twitter:card\" content=\"summary_large_image\" \/>\n<meta name=\"twitter:label1\" content=\"Escrito por\" \/>\n\t<meta name=\"twitter:data1\" content=\"Staff\" \/>\n\t<meta name=\"twitter:label2\" content=\"Tiempo de lectura\" \/>\n\t<meta name=\"twitter:data2\" content=\"1 minuto\" \/>\n<script type=\"application\/ld+json\" class=\"yoast-schema-graph\">{\"@context\":\"https:\\\/\\\/schema.org\",\"@graph\":[{\"@type\":\"Article\",\"@id\":\"https:\\\/\\\/www.bbmnoticias.com\\\/blog\\\/2025\\\/06\\\/09\\\/matan-al-camarografo-dante-gutierrez-en-el-estado-de-mexico\\\/#article\",\"isPartOf\":{\"@id\":\"https:\\\/\\\/www.bbmnoticias.com\\\/labravaradiofm\\\/2025\\\/06\\\/09\\\/matan-al-camarografo-dante-gutierrez-en-el-estado-de-mexico\\\/\"},\"author\":{\"name\":\"Staff\",\"@id\":\"https:\\\/\\\/www.bbmnoticias.com\\\/labravaradiofm\\\/#\\\/schema\\\/person\\\/34b139c617a70ea5bef5678bffe4dd7b\"},\"headline\":\"Matan al camar\u00f3grafo Dante Guti\u00e9rrez en el Estado de M\u00e9xico\",\"datePublished\":\"2025-06-10T00:22:57+00:00\",\"dateModified\":\"2025-06-10T00:23:23+00:00\",\"mainEntityOfPage\":{\"@id\":\"https:\\\/\\\/www.bbmnoticias.com\\\/labravaradiofm\\\/2025\\\/06\\\/09\\\/matan-al-camarografo-dante-gutierrez-en-el-estado-de-mexico\\\/\"},\"wordCount\":225,\"image\":{\"@id\":\"https:\\\/\\\/www.bbmnoticias.com\\\/blog\\\/2025\\\/06\\\/09\\\/matan-al-camarografo-dante-gutierrez-en-el-estado-de-mexico\\\/#primaryimage\"},\"thumbnailUrl\":\"https:\\\/\\\/www.bbmnoticias.com\\\/labravaradiofm\\\/wp-content\\\/uploads\\\/sites\\\/5\\\/2025\\\/06\\\/matan-al-camarografo-dante-gutierrez-en-el-estado-de-mexico.jpg\",\"articleSection\":[\"LOCAL\",\"NACIONAL\"],\"inLanguage\":\"es\"},{\"@type\":\"WebPage\",\"@id\":\"https:\\\/\\\/www.bbmnoticias.com\\\/labravaradiofm\\\/2025\\\/06\\\/09\\\/matan-al-camarografo-dante-gutierrez-en-el-estado-de-mexico\\\/\",\"url\":\"https:\\\/\\\/www.bbmnoticias.com\\\/blog\\\/2025\\\/06\\\/09\\\/matan-al-camarografo-dante-gutierrez-en-el-estado-de-mexico\\\/\",\"name\":\"Matan al camar\u00f3grafo Dante Guti\u00e9rrez en el Estado de M\u00e9xico - LA BRAVA RADIO\",\"isPartOf\":{\"@id\":\"https:\\\/\\\/www.bbmnoticias.com\\\/labravaradiofm\\\/#website\"},\"primaryImageOfPage\":{\"@id\":\"https:\\\/\\\/www.bbmnoticias.com\\\/blog\\\/2025\\\/06\\\/09\\\/matan-al-camarografo-dante-gutierrez-en-el-estado-de-mexico\\\/#primaryimage\"},\"image\":{\"@id\":\"https:\\\/\\\/www.bbmnoticias.com\\\/blog\\\/2025\\\/06\\\/09\\\/matan-al-camarografo-dante-gutierrez-en-el-estado-de-mexico\\\/#primaryimage\"},\"thumbnailUrl\":\"https:\\\/\\\/www.bbmnoticias.com\\\/labravaradiofm\\\/wp-content\\\/uploads\\\/sites\\\/5\\\/2025\\\/06\\\/matan-al-camarografo-dante-gutierrez-en-el-estado-de-mexico.jpg\",\"datePublished\":\"2025-06-10T00:22:57+00:00\",\"dateModified\":\"2025-06-10T00:23:23+00:00\",\"author\":{\"@id\":\"https:\\\/\\\/www.bbmnoticias.com\\\/labravaradiofm\\\/#\\\/schema\\\/person\\\/34b139c617a70ea5bef5678bffe4dd7b\"},\"breadcrumb\":{\"@id\":\"https:\\\/\\\/www.bbmnoticias.com\\\/blog\\\/2025\\\/06\\\/09\\\/matan-al-camarografo-dante-gutierrez-en-el-estado-de-mexico\\\/#breadcrumb\"},\"inLanguage\":\"es\",\"potentialAction\":[{\"@type\":\"ReadAction\",\"target\":[\"https:\\\/\\\/www.bbmnoticias.com\\\/blog\\\/2025\\\/06\\\/09\\\/matan-al-camarografo-dante-gutierrez-en-el-estado-de-mexico\\\/\"]}]},{\"@type\":\"ImageObject\",\"inLanguage\":\"es\",\"@id\":\"https:\\\/\\\/www.bbmnoticias.com\\\/blog\\\/2025\\\/06\\\/09\\\/matan-al-camarografo-dante-gutierrez-en-el-estado-de-mexico\\\/#primaryimage\",\"url\":\"https:\\\/\\\/www.bbmnoticias.com\\\/labravaradiofm\\\/wp-content\\\/uploads\\\/sites\\\/5\\\/2025\\\/06\\\/matan-al-camarografo-dante-gutierrez-en-el-estado-de-mexico.jpg\",\"contentUrl\":\"https:\\\/\\\/www.bbmnoticias.com\\\/labravaradiofm\\\/wp-content\\\/uploads\\\/sites\\\/5\\\/2025\\\/06\\\/matan-al-camarografo-dante-gutierrez-en-el-estado-de-mexico.jpg\",\"width\":1200,\"height\":675},{\"@type\":\"BreadcrumbList\",\"@id\":\"https:\\\/\\\/www.bbmnoticias.com\\\/blog\\\/2025\\\/06\\\/09\\\/matan-al-camarografo-dante-gutierrez-en-el-estado-de-mexico\\\/#breadcrumb\",\"itemListElement\":[{\"@type\":\"ListItem\",\"position\":1,\"name\":\"Inicio\",\"item\":\"https:\\\/\\\/www.bbmnoticias.com\\\/labravaradiofm\\\/\"},{\"@type\":\"ListItem\",\"position\":2,\"name\":\"Matan al camar\u00f3grafo Dante Guti\u00e9rrez en el Estado de M\u00e9xico\"}]},{\"@type\":\"WebSite\",\"@id\":\"https:\\\/\\\/www.bbmnoticias.com\\\/labravaradiofm\\\/#website\",\"url\":\"https:\\\/\\\/www.bbmnoticias.com\\\/labravaradiofm\\\/\",\"name\":\"LA BRAVA RADIO\",\"description\":\"Empresa productora de medios, Radiodifusi\u00f3n, Noticias, tendencias y todo lo que necesitas saber de la pol\u00edtica mexicana e internacional; entretenimiento, espect\u00e1culos, salud y mucho m\u00e1s.\",\"potentialAction\":[{\"@type\":\"SearchAction\",\"target\":{\"@type\":\"EntryPoint\",\"urlTemplate\":\"https:\\\/\\\/www.bbmnoticias.com\\\/labravaradiofm\\\/?s={search_term_string}\"},\"query-input\":{\"@type\":\"PropertyValueSpecification\",\"valueRequired\":true,\"valueName\":\"search_term_string\"}}],\"inLanguage\":\"es\"},{\"@type\":\"Person\",\"@id\":\"https:\\\/\\\/www.bbmnoticias.com\\\/labravaradiofm\\\/#\\\/schema\\\/person\\\/34b139c617a70ea5bef5678bffe4dd7b\",\"name\":\"Staff\",\"image\":{\"@type\":\"ImageObject\",\"inLanguage\":\"es\",\"@id\":\"https:\\\/\\\/secure.gravatar.com\\\/avatar\\\/fdd21ad66fd8b98c407f9dee5b5e588cfe7f0d8579ec20fa6527cd59bab7f0f0?s=96&d=mm&r=g\",\"url\":\"https:\\\/\\\/secure.gravatar.com\\\/avatar\\\/fdd21ad66fd8b98c407f9dee5b5e588cfe7f0d8579ec20fa6527cd59bab7f0f0?s=96&d=mm&r=g\",\"contentUrl\":\"https:\\\/\\\/secure.gravatar.com\\\/avatar\\\/fdd21ad66fd8b98c407f9dee5b5e588cfe7f0d8579ec20fa6527cd59bab7f0f0?s=96&d=mm&r=g\",\"caption\":\"Staff\"},\"url\":\"https:\\\/\\\/www.bbmnoticias.com\\\/labravaradiofm\\\/author\\\/redaccion\\\/\"}]}<\/script>\n<!-- \/ Yoast SEO plugin. -->","yoast_head_json":{"title":"Matan al camar\u00f3grafo Dante Guti\u00e9rrez en el Estado de M\u00e9xico - LA BRAVA RADIO","robots":{"index":"index","follow":"follow","max-snippet":"max-snippet:-1","max-image-preview":"max-image-preview:large","max-video-preview":"max-video-preview:-1"},"canonical":"https:\/\/www.bbmnoticias.com\/blog\/2025\/06\/09\/matan-al-camarografo-dante-gutierrez-en-el-estado-de-mexico\/","og_locale":"es_MX","og_type":"article","og_title":"Matan al camar\u00f3grafo Dante Guti\u00e9rrez en el Estado de M\u00e9xico - LA BRAVA RADIO","og_description":"La noche del domingo fue asesinado en Tlalnepantla, Estado de M\u00e9xico, Dante Guti\u00e9rrez Reyes, camar\u00f3grafo del Canal 11. De acuerdo con reportes, el asesinato se registr\u00f3 cuando presuntos delincuentes intentaron robar el veh\u00edculo de Guti\u00e9rrez Reyes. El equipo de Once Noticias lament\u00f3 la muerte de Dante Guti\u00e9rrez y extern\u00f3 sus condolencias. Fue v\u00edctima de un [&hellip;]","og_url":"https:\/\/www.bbmnoticias.com\/blog\/2025\/06\/09\/matan-al-camarografo-dante-gutierrez-en-el-estado-de-mexico\/","og_site_name":"LA BRAVA RADIO","article_published_time":"2025-06-10T00:22:57+00:00","article_modified_time":"2025-06-10T00:23:23+00:00","og_image":[{"width":1200,"height":675,"url":"https:\/\/www.bbmnoticias.com\/labravaradiofm\/wp-content\/uploads\/sites\/5\/2025\/06\/matan-al-camarografo-dante-gutierrez-en-el-estado-de-mexico.jpg","type":"image\/jpeg"}],"author":"Staff","twitter_card":"summary_large_image","twitter_misc":{"Escrito por":"Staff","Tiempo de lectura":"1 minuto"},"schema":{"@context":"https:\/\/schema.org","@graph":[{"@type":"Article","@id":"https:\/\/www.bbmnoticias.com\/blog\/2025\/06\/09\/matan-al-camarografo-dante-gutierrez-en-el-estado-de-mexico\/#article","isPartOf":{"@id":"https:\/\/www.bbmnoticias.com\/labravaradiofm\/2025\/06\/09\/matan-al-camarografo-dante-gutierrez-en-el-estado-de-mexico\/"},"author":{"name":"Staff","@id":"https:\/\/www.bbmnoticias.com\/labravaradiofm\/#\/schema\/person\/34b139c617a70ea5bef5678bffe4dd7b"},"headline":"Matan al camar\u00f3grafo Dante Guti\u00e9rrez en el Estado de M\u00e9xico","datePublished":"2025-06-10T00:22:57+00:00","dateModified":"2025-06-10T00:23:23+00:00","mainEntityOfPage":{"@id":"https:\/\/www.bbmnoticias.com\/labravaradiofm\/2025\/06\/09\/matan-al-camarografo-dante-gutierrez-en-el-estado-de-mexico\/"},"wordCount":225,"image":{"@id":"https:\/\/www.bbmnoticias.com\/blog\/2025\/06\/09\/matan-al-camarografo-dante-gutierrez-en-el-estado-de-mexico\/#primaryimage"},"thumbnailUrl":"https:\/\/www.bbmnoticias.com\/labravaradiofm\/wp-content\/uploads\/sites\/5\/2025\/06\/matan-al-camarografo-dante-gutierrez-en-el-estado-de-mexico.jpg","articleSection":["LOCAL","NACIONAL"],"inLanguage":"es"},{"@type":"WebPage","@id":"https:\/\/www.bbmnoticias.com\/labravaradiofm\/2025\/06\/09\/matan-al-camarografo-dante-gutierrez-en-el-estado-de-mexico\/","url":"https:\/\/www.bbmnoticias.com\/blog\/2025\/06\/09\/matan-al-camarografo-dante-gutierrez-en-el-estado-de-mexico\/","name":"Matan al camar\u00f3grafo Dante Guti\u00e9rrez en el Estado de M\u00e9xico - LA BRAVA RADIO","isPartOf":{"@id":"https:\/\/www.bbmnoticias.com\/labravaradiofm\/#website"},"primaryImageOfPage":{"@id":"https:\/\/www.bbmnoticias.com\/blog\/2025\/06\/09\/matan-al-camarografo-dante-gutierrez-en-el-estado-de-mexico\/#primaryimage"},"image":{"@id":"https:\/\/www.bbmnoticias.com\/blog\/2025\/06\/09\/matan-al-camarografo-dante-gutierrez-en-el-estado-de-mexico\/#primaryimage"},"thumbnailUrl":"https:\/\/www.bbmnoticias.com\/labravaradiofm\/wp-content\/uploads\/sites\/5\/2025\/06\/matan-al-camarografo-dante-gutierrez-en-el-estado-de-mexico.jpg","datePublished":"2025-06-10T00:22:57+00:00","dateModified":"2025-06-10T00:23:23+00:00","author":{"@id":"https:\/\/www.bbmnoticias.com\/labravaradiofm\/#\/schema\/person\/34b139c617a70ea5bef5678bffe4dd7b"},"breadcrumb":{"@id":"https:\/\/www.bbmnoticias.com\/blog\/2025\/06\/09\/matan-al-camarografo-dante-gutierrez-en-el-estado-de-mexico\/#breadcrumb"},"inLanguage":"es","potentialAction":[{"@type":"ReadAction","target":["https:\/\/www.bbmnoticias.com\/blog\/2025\/06\/09\/matan-al-camarografo-dante-gutierrez-en-el-estado-de-mexico\/"]}]},{"@type":"ImageObject","inLanguage":"es","@id":"https:\/\/www.bbmnoticias.com\/blog\/2025\/06\/09\/matan-al-camarografo-dante-gutierrez-en-el-estado-de-mexico\/#primaryimage","url":"https:\/\/www.bbmnoticias.com\/labravaradiofm\/wp-content\/uploads\/sites\/5\/2025\/06\/matan-al-camarografo-dante-gutierrez-en-el-estado-de-mexico.jpg","contentUrl":"https:\/\/www.bbmnoticias.com\/labravaradiofm\/wp-content\/uploads\/sites\/5\/2025\/06\/matan-al-camarografo-dante-gutierrez-en-el-estado-de-mexico.jpg","width":1200,"height":675},{"@type":"BreadcrumbList","@id":"https:\/\/www.bbmnoticias.com\/blog\/2025\/06\/09\/matan-al-camarografo-dante-gutierrez-en-el-estado-de-mexico\/#breadcrumb","itemListElement":[{"@type":"ListItem","position":1,"name":"Inicio","item":"https:\/\/www.bbmnoticias.com\/labravaradiofm\/"},{"@type":"ListItem","position":2,"name":"Matan al camar\u00f3grafo Dante Guti\u00e9rrez en el Estado de M\u00e9xico"}]},{"@type":"WebSite","@id":"https:\/\/www.bbmnoticias.com\/labravaradiofm\/#website","url":"https:\/\/www.bbmnoticias.com\/labravaradiofm\/","name":"LA BRAVA RADIO","description":"Empresa productora de medios, Radiodifusi\u00f3n, Noticias, tendencias y todo lo que necesitas saber de la pol\u00edtica mexicana e internacional; entretenimiento, espect\u00e1culos, salud y mucho m\u00e1s.","potentialAction":[{"@type":"SearchAction","target":{"@type":"EntryPoint","urlTemplate":"https:\/\/www.bbmnoticias.com\/labravaradiofm\/?s={search_term_string}"},"query-input":{"@type":"PropertyValueSpecification","valueRequired":true,"valueName":"search_term_string"}}],"inLanguage":"es"},{"@type":"Person","@id":"https:\/\/www.bbmnoticias.com\/labravaradiofm\/#\/schema\/person\/34b139c617a70ea5bef5678bffe4dd7b","name":"Staff","image":{"@type":"ImageObject","inLanguage":"es","@id":"https:\/\/secure.gravatar.com\/avatar\/fdd21ad66fd8b98c407f9dee5b5e588cfe7f0d8579ec20fa6527cd59bab7f0f0?s=96&d=mm&r=g","url":"https:\/\/secure.gravatar.com\/avatar\/fdd21ad66fd8b98c407f9dee5b5e588cfe7f0d8579ec20fa6527cd59bab7f0f0?s=96&d=mm&r=g","contentUrl":"https:\/\/secure.gravatar.com\/avatar\/fdd21ad66fd8b98c407f9dee5b5e588cfe7f0d8579ec20fa6527cd59bab7f0f0?s=96&d=mm&r=g","caption":"Staff"},"url":"https:\/\/www.bbmnoticias.com\/labravaradiofm\/author\/redaccion\/"}]}},"_links":{"self":[{"href":"https:\/\/www.bbmnoticias.com\/labravaradiofm\/wp-json\/wp\/v2\/posts\/61552","targetHints":{"allow":["GET"]}}],"collection":[{"href":"https:\/\/www.bbmnoticias.com\/labravaradiofm\/wp-json\/wp\/v2\/posts"}],"about":[{"href":"https:\/\/www.bbmnoticias.com\/labravaradiofm\/wp-json\/wp\/v2\/types\/post"}],"author":[{"embeddable":true,"href":"https:\/\/www.bbmnoticias.com\/labravaradiofm\/wp-json\/wp\/v2\/users\/2"}],"replies":[{"embeddable":true,"href":"https:\/\/www.bbmnoticias.com\/labravaradiofm\/wp-json\/wp\/v2\/comments?post=61552"}],"version-history":[{"count":0,"href":"https:\/\/www.bbmnoticias.com\/labravaradiofm\/wp-json\/wp\/v2\/posts\/61552\/revisions"}],"wp:featuredmedia":[{"embeddable":true,"href":"https:\/\/www.bbmnoticias.com\/labravaradiofm\/wp-json\/wp\/v2\/media\/61554"}],"wp:attachment":[{"href":"https:\/\/www.bbmnoticias.com\/labravaradiofm\/wp-json\/wp\/v2\/media?parent=61552"}],"wp:term":[{"taxonomy":"category","embeddable":true,"href":"https:\/\/www.bbmnoticias.com\/labravaradiofm\/wp-json\/wp\/v2\/categories?post=61552"},{"taxonomy":"post_tag","embeddable":true,"href":"https:\/\/www.bbmnoticias.com\/labravaradiofm\/wp-json\/wp\/v2\/tags?post=61552"}],"curies":[{"name":"wp","href":"https:\/\/api.w.org\/{rel}","templated":true}]}}