{"id":6155,"date":"2021-11-25T10:05:13","date_gmt":"2021-11-25T16:05:13","guid":{"rendered":"https:\/\/www.bbmnoticias.com\/labravaradiofm\/?p=6155"},"modified":"2021-11-25T10:05:14","modified_gmt":"2021-11-25T16:05:14","slug":"las-medicinas-llegaran-hasta-los-pueblos-mas-apartados-o-me-dejo-de-llamar-andres-manuel-amlo","status":"publish","type":"post","link":"https:\/\/www.bbmnoticias.com\/labravaradiofm\/2021\/11\/25\/las-medicinas-llegaran-hasta-los-pueblos-mas-apartados-o-me-dejo-de-llamar-andres-manuel-amlo\/","title":{"rendered":"Las medicinas llegar\u00e1n hasta los pueblos m\u00e1s apartados o me dejo de llamar Andr\u00e9s Manuel: AMLO"},"content":{"rendered":"<div style=\"margin-top: 0px; margin-bottom: 0px;\" class=\"sharethis-inline-share-buttons\" ><\/div>\n<p>Zacatecas. &#8211; El presidente <strong>Andr\u00e9s Manuel L\u00f3pez Obrador<\/strong> anunci\u00f3 que el lunes sostendr\u00e1 una reuni\u00f3n con su gabinete para resolver el problema del <strong>desabasto de medicamentos<\/strong> en donde adelant\u00f3 que participar\u00e1 todo el gobierno federal y garantiz\u00f3 que los medicamentos llegar\u00e1n a los pueblos m\u00e1s apartados \u201co me dejo de llamar Andr\u00e9s Manuel\u201d.<\/p>\n\n\n\n<p>En conferencia de prensa matutina, el titular del Ejecutivo federal inform\u00f3 que su administraci\u00f3n firm\u00f3 un contrato con empresas para <strong>distribuir los medicamentos<\/strong>, pero \u201cno s\u00e9 si por ineficiencia o mala fe\u201d no se distribuyeron.<\/p>\n\n\n\n<p>\u201cEl lunes vamos a tener una reuni\u00f3n para ver como termina de resolverse el abasto, eso ya se logr\u00f3, ya se compraron, ahora es la distribuci\u00f3n, porque resulta que se compr\u00f3 medicina y se hizo un contrato con algunas empresas de distribuidores y no s\u00e9 si por ineficiencia o mala fe no se distribuyeron los medicamentos.<\/p>\n\n\n\n<p>\u201cEs como una carrera de obst\u00e1culos, porque es mucha el hambre al dinero, el dinero es para ellos, como dec\u00eda <strong>Hidalgo<\/strong>, su dios, entonces ahora vamos a que, entre todos, as\u00ed como se distribu\u00eda la vacuna, vamos a distribuir las medicinas hasta los pueblos m\u00e1s apartados, no van a faltar o me dejo de llamar Andr\u00e9s Manuel\u201d, manifest\u00f3.<\/p>\n\n\n\n<p><\/p>\n\n\n\n<p>\u201c\u00bfEntrar\u00eda el Ej\u00e9rcito?&#8221;, se le pregunt\u00f3.<\/p>\n\n\n\n<p>\u201cTodos vamos a entrar\u201d, pero le vamos a ganar a los refrescos, a las papitas. Si ellos pueden llevar sus productos a lo m\u00e1s lejos, \u00bfpor qu\u00e9 no vamos a poder nosotros? Son medicinas\u201d, respondi\u00f3.<\/p>\n\n\n\n<p>El pasado martes, en Palacio Nacional al encabezar la 112 Asamblea General del IMSS, el presidente L\u00f3pez Obrador anunci\u00f3 que podr\u00eda replicarse el modelo que utiliz\u00f3 la Secretar\u00eda de la Defensa Nacional (Sedena) para la distribuci\u00f3n de las vacunas contra la pandemia del Covid-19.<\/p>\n","protected":false},"excerpt":{"rendered":"<p>Zacatecas. &#8211; El presidente Andr\u00e9s Manuel L\u00f3pez Obrador anunci\u00f3 que el lunes sostendr\u00e1 una reuni\u00f3n con su gabinete para resolver el problema del desabasto de medicamentos en donde adelant\u00f3 que participar\u00e1 todo el gobierno federal y garantiz\u00f3 que los medicamentos llegar\u00e1n a los pueblos m\u00e1s apartados \u201co me dejo de llamar Andr\u00e9s Manuel\u201d. En conferencia [&hellip;]<\/p>\n","protected":false},"author":10,"featured_media":6156,"comment_status":"closed","ping_status":"closed","sticky":false,"template":"","format":"standard","meta":{"footnotes":""},"categories":[19],"tags":[],"class_list":{"0":"post-6155","1":"post","2":"type-post","3":"status-publish","4":"format-standard","5":"has-post-thumbnail","7":"category-nacional"},"yoast_head":"<!-- This site is optimized with the Yoast SEO plugin v27.4 - https:\/\/yoast.com\/product\/yoast-seo-wordpress\/ -->\n<title>Las medicinas llegar\u00e1n hasta los pueblos m\u00e1s apartados o me dejo de llamar Andr\u00e9s Manuel: AMLO - LA BRAVA RADIO<\/title>\n<meta name=\"robots\" content=\"index, follow, max-snippet:-1, max-image-preview:large, max-video-preview:-1\" \/>\n<link rel=\"canonical\" href=\"https:\/\/www.bbmnoticias.com\/labravaradiofm\/2021\/11\/25\/las-medicinas-llegaran-hasta-los-pueblos-mas-apartados-o-me-dejo-de-llamar-andres-manuel-amlo\/\" \/>\n<meta property=\"og:locale\" content=\"es_MX\" \/>\n<meta property=\"og:type\" content=\"article\" \/>\n<meta property=\"og:title\" content=\"Las medicinas llegar\u00e1n hasta los pueblos m\u00e1s apartados o me dejo de llamar Andr\u00e9s Manuel: AMLO - LA BRAVA RADIO\" \/>\n<meta property=\"og:description\" content=\"Zacatecas. &#8211; El presidente Andr\u00e9s Manuel L\u00f3pez Obrador anunci\u00f3 que el lunes sostendr\u00e1 una reuni\u00f3n con su gabinete para resolver el problema del desabasto de medicamentos en donde adelant\u00f3 que participar\u00e1 todo el gobierno federal y garantiz\u00f3 que los medicamentos llegar\u00e1n a los pueblos m\u00e1s apartados \u201co me dejo de llamar Andr\u00e9s Manuel\u201d. En conferencia [&hellip;]\" \/>\n<meta property=\"og:url\" content=\"https:\/\/www.bbmnoticias.com\/labravaradiofm\/2021\/11\/25\/las-medicinas-llegaran-hasta-los-pueblos-mas-apartados-o-me-dejo-de-llamar-andres-manuel-amlo\/\" \/>\n<meta property=\"og:site_name\" content=\"LA BRAVA RADIO\" \/>\n<meta property=\"article:published_time\" content=\"2021-11-25T16:05:13+00:00\" \/>\n<meta property=\"article:modified_time\" content=\"2021-11-25T16:05:14+00:00\" \/>\n<meta property=\"og:image\" content=\"https:\/\/www.bbmnoticias.com\/labravaradiofm\/wp-content\/uploads\/sites\/5\/2021\/11\/amlomedicinas.webp\" \/>\n\t<meta property=\"og:image:width\" content=\"1201\" \/>\n\t<meta property=\"og:image:height\" content=\"800\" \/>\n\t<meta property=\"og:image:type\" content=\"image\/webp\" \/>\n<meta name=\"author\" content=\"El Universal\" \/>\n<meta name=\"twitter:card\" content=\"summary_large_image\" \/>\n<meta name=\"twitter:label1\" content=\"Escrito por\" \/>\n\t<meta name=\"twitter:data1\" content=\"El Universal\" \/>\n\t<meta name=\"twitter:label2\" content=\"Tiempo de lectura\" \/>\n\t<meta name=\"twitter:data2\" content=\"2 minutos\" \/>\n<script type=\"application\/ld+json\" class=\"yoast-schema-graph\">{\"@context\":\"https:\\\/\\\/schema.org\",\"@graph\":[{\"@type\":\"Article\",\"@id\":\"https:\\\/\\\/www.bbmnoticias.com\\\/labravaradiofm\\\/2021\\\/11\\\/25\\\/las-medicinas-llegaran-hasta-los-pueblos-mas-apartados-o-me-dejo-de-llamar-andres-manuel-amlo\\\/#article\",\"isPartOf\":{\"@id\":\"https:\\\/\\\/www.bbmnoticias.com\\\/labravaradiofm\\\/2021\\\/11\\\/25\\\/las-medicinas-llegaran-hasta-los-pueblos-mas-apartados-o-me-dejo-de-llamar-andres-manuel-amlo\\\/\"},\"author\":{\"name\":\"El Universal\",\"@id\":\"https:\\\/\\\/www.bbmnoticias.com\\\/labravaradiofm\\\/#\\\/schema\\\/person\\\/2a5252389acf1e67397601bfd47df59b\"},\"headline\":\"Las medicinas llegar\u00e1n hasta los pueblos m\u00e1s apartados o me dejo de llamar Andr\u00e9s Manuel: AMLO\",\"datePublished\":\"2021-11-25T16:05:13+00:00\",\"dateModified\":\"2021-11-25T16:05:14+00:00\",\"mainEntityOfPage\":{\"@id\":\"https:\\\/\\\/www.bbmnoticias.com\\\/labravaradiofm\\\/2021\\\/11\\\/25\\\/las-medicinas-llegaran-hasta-los-pueblos-mas-apartados-o-me-dejo-de-llamar-andres-manuel-amlo\\\/\"},\"wordCount\":326,\"image\":{\"@id\":\"https:\\\/\\\/www.bbmnoticias.com\\\/labravaradiofm\\\/2021\\\/11\\\/25\\\/las-medicinas-llegaran-hasta-los-pueblos-mas-apartados-o-me-dejo-de-llamar-andres-manuel-amlo\\\/#primaryimage\"},\"thumbnailUrl\":\"https:\\\/\\\/www.bbmnoticias.com\\\/labravaradiofm\\\/wp-content\\\/uploads\\\/sites\\\/5\\\/2021\\\/11\\\/amlomedicinas.webp\",\"articleSection\":[\"NACIONAL\"],\"inLanguage\":\"es\"},{\"@type\":\"WebPage\",\"@id\":\"https:\\\/\\\/www.bbmnoticias.com\\\/labravaradiofm\\\/2021\\\/11\\\/25\\\/las-medicinas-llegaran-hasta-los-pueblos-mas-apartados-o-me-dejo-de-llamar-andres-manuel-amlo\\\/\",\"url\":\"https:\\\/\\\/www.bbmnoticias.com\\\/labravaradiofm\\\/2021\\\/11\\\/25\\\/las-medicinas-llegaran-hasta-los-pueblos-mas-apartados-o-me-dejo-de-llamar-andres-manuel-amlo\\\/\",\"name\":\"Las medicinas llegar\u00e1n hasta los pueblos m\u00e1s apartados o me dejo de llamar Andr\u00e9s Manuel: AMLO - LA BRAVA RADIO\",\"isPartOf\":{\"@id\":\"https:\\\/\\\/www.bbmnoticias.com\\\/labravaradiofm\\\/#website\"},\"primaryImageOfPage\":{\"@id\":\"https:\\\/\\\/www.bbmnoticias.com\\\/labravaradiofm\\\/2021\\\/11\\\/25\\\/las-medicinas-llegaran-hasta-los-pueblos-mas-apartados-o-me-dejo-de-llamar-andres-manuel-amlo\\\/#primaryimage\"},\"image\":{\"@id\":\"https:\\\/\\\/www.bbmnoticias.com\\\/labravaradiofm\\\/2021\\\/11\\\/25\\\/las-medicinas-llegaran-hasta-los-pueblos-mas-apartados-o-me-dejo-de-llamar-andres-manuel-amlo\\\/#primaryimage\"},\"thumbnailUrl\":\"https:\\\/\\\/www.bbmnoticias.com\\\/labravaradiofm\\\/wp-content\\\/uploads\\\/sites\\\/5\\\/2021\\\/11\\\/amlomedicinas.webp\",\"datePublished\":\"2021-11-25T16:05:13+00:00\",\"dateModified\":\"2021-11-25T16:05:14+00:00\",\"author\":{\"@id\":\"https:\\\/\\\/www.bbmnoticias.com\\\/labravaradiofm\\\/#\\\/schema\\\/person\\\/2a5252389acf1e67397601bfd47df59b\"},\"breadcrumb\":{\"@id\":\"https:\\\/\\\/www.bbmnoticias.com\\\/labravaradiofm\\\/2021\\\/11\\\/25\\\/las-medicinas-llegaran-hasta-los-pueblos-mas-apartados-o-me-dejo-de-llamar-andres-manuel-amlo\\\/#breadcrumb\"},\"inLanguage\":\"es\",\"potentialAction\":[{\"@type\":\"ReadAction\",\"target\":[\"https:\\\/\\\/www.bbmnoticias.com\\\/labravaradiofm\\\/2021\\\/11\\\/25\\\/las-medicinas-llegaran-hasta-los-pueblos-mas-apartados-o-me-dejo-de-llamar-andres-manuel-amlo\\\/\"]}]},{\"@type\":\"ImageObject\",\"inLanguage\":\"es\",\"@id\":\"https:\\\/\\\/www.bbmnoticias.com\\\/labravaradiofm\\\/2021\\\/11\\\/25\\\/las-medicinas-llegaran-hasta-los-pueblos-mas-apartados-o-me-dejo-de-llamar-andres-manuel-amlo\\\/#primaryimage\",\"url\":\"https:\\\/\\\/www.bbmnoticias.com\\\/labravaradiofm\\\/wp-content\\\/uploads\\\/sites\\\/5\\\/2021\\\/11\\\/amlomedicinas.webp\",\"contentUrl\":\"https:\\\/\\\/www.bbmnoticias.com\\\/labravaradiofm\\\/wp-content\\\/uploads\\\/sites\\\/5\\\/2021\\\/11\\\/amlomedicinas.webp\",\"width\":1201,\"height\":800},{\"@type\":\"BreadcrumbList\",\"@id\":\"https:\\\/\\\/www.bbmnoticias.com\\\/labravaradiofm\\\/2021\\\/11\\\/25\\\/las-medicinas-llegaran-hasta-los-pueblos-mas-apartados-o-me-dejo-de-llamar-andres-manuel-amlo\\\/#breadcrumb\",\"itemListElement\":[{\"@type\":\"ListItem\",\"position\":1,\"name\":\"Inicio\",\"item\":\"https:\\\/\\\/www.bbmnoticias.com\\\/labravaradiofm\\\/\"},{\"@type\":\"ListItem\",\"position\":2,\"name\":\"Las medicinas llegar\u00e1n hasta los pueblos m\u00e1s apartados o me dejo de llamar Andr\u00e9s Manuel: AMLO\"}]},{\"@type\":\"WebSite\",\"@id\":\"https:\\\/\\\/www.bbmnoticias.com\\\/labravaradiofm\\\/#website\",\"url\":\"https:\\\/\\\/www.bbmnoticias.com\\\/labravaradiofm\\\/\",\"name\":\"LA BRAVA RADIO\",\"description\":\"Empresa productora de medios, Radiodifusi\u00f3n, Noticias, tendencias y todo lo que necesitas saber de la pol\u00edtica mexicana e internacional; entretenimiento, espect\u00e1culos, salud y mucho m\u00e1s.\",\"potentialAction\":[{\"@type\":\"SearchAction\",\"target\":{\"@type\":\"EntryPoint\",\"urlTemplate\":\"https:\\\/\\\/www.bbmnoticias.com\\\/labravaradiofm\\\/?s={search_term_string}\"},\"query-input\":{\"@type\":\"PropertyValueSpecification\",\"valueRequired\":true,\"valueName\":\"search_term_string\"}}],\"inLanguage\":\"es\"},{\"@type\":\"Person\",\"@id\":\"https:\\\/\\\/www.bbmnoticias.com\\\/labravaradiofm\\\/#\\\/schema\\\/person\\\/2a5252389acf1e67397601bfd47df59b\",\"name\":\"El Universal\",\"image\":{\"@type\":\"ImageObject\",\"inLanguage\":\"es\",\"@id\":\"https:\\\/\\\/secure.gravatar.com\\\/avatar\\\/71c770e6e00bd7cb8183e56d1c59f81601544fbe41d802d7c17d05c9e25f7d06?s=96&d=mm&r=g\",\"url\":\"https:\\\/\\\/secure.gravatar.com\\\/avatar\\\/71c770e6e00bd7cb8183e56d1c59f81601544fbe41d802d7c17d05c9e25f7d06?s=96&d=mm&r=g\",\"contentUrl\":\"https:\\\/\\\/secure.gravatar.com\\\/avatar\\\/71c770e6e00bd7cb8183e56d1c59f81601544fbe41d802d7c17d05c9e25f7d06?s=96&d=mm&r=g\",\"caption\":\"El Universal\"},\"url\":\"https:\\\/\\\/www.bbmnoticias.com\\\/labravaradiofm\\\/author\\\/eluniversal\\\/\"}]}<\/script>\n<!-- \/ Yoast SEO plugin. -->","yoast_head_json":{"title":"Las medicinas llegar\u00e1n hasta los pueblos m\u00e1s apartados o me dejo de llamar Andr\u00e9s Manuel: AMLO - LA BRAVA RADIO","robots":{"index":"index","follow":"follow","max-snippet":"max-snippet:-1","max-image-preview":"max-image-preview:large","max-video-preview":"max-video-preview:-1"},"canonical":"https:\/\/www.bbmnoticias.com\/labravaradiofm\/2021\/11\/25\/las-medicinas-llegaran-hasta-los-pueblos-mas-apartados-o-me-dejo-de-llamar-andres-manuel-amlo\/","og_locale":"es_MX","og_type":"article","og_title":"Las medicinas llegar\u00e1n hasta los pueblos m\u00e1s apartados o me dejo de llamar Andr\u00e9s Manuel: AMLO - LA BRAVA RADIO","og_description":"Zacatecas. &#8211; El presidente Andr\u00e9s Manuel L\u00f3pez Obrador anunci\u00f3 que el lunes sostendr\u00e1 una reuni\u00f3n con su gabinete para resolver el problema del desabasto de medicamentos en donde adelant\u00f3 que participar\u00e1 todo el gobierno federal y garantiz\u00f3 que los medicamentos llegar\u00e1n a los pueblos m\u00e1s apartados \u201co me dejo de llamar Andr\u00e9s Manuel\u201d. En conferencia [&hellip;]","og_url":"https:\/\/www.bbmnoticias.com\/labravaradiofm\/2021\/11\/25\/las-medicinas-llegaran-hasta-los-pueblos-mas-apartados-o-me-dejo-de-llamar-andres-manuel-amlo\/","og_site_name":"LA BRAVA RADIO","article_published_time":"2021-11-25T16:05:13+00:00","article_modified_time":"2021-11-25T16:05:14+00:00","og_image":[{"width":1201,"height":800,"url":"https:\/\/www.bbmnoticias.com\/labravaradiofm\/wp-content\/uploads\/sites\/5\/2021\/11\/amlomedicinas.webp","type":"image\/webp"}],"author":"El Universal","twitter_card":"summary_large_image","twitter_misc":{"Escrito por":"El Universal","Tiempo de lectura":"2 minutos"},"schema":{"@context":"https:\/\/schema.org","@graph":[{"@type":"Article","@id":"https:\/\/www.bbmnoticias.com\/labravaradiofm\/2021\/11\/25\/las-medicinas-llegaran-hasta-los-pueblos-mas-apartados-o-me-dejo-de-llamar-andres-manuel-amlo\/#article","isPartOf":{"@id":"https:\/\/www.bbmnoticias.com\/labravaradiofm\/2021\/11\/25\/las-medicinas-llegaran-hasta-los-pueblos-mas-apartados-o-me-dejo-de-llamar-andres-manuel-amlo\/"},"author":{"name":"El Universal","@id":"https:\/\/www.bbmnoticias.com\/labravaradiofm\/#\/schema\/person\/2a5252389acf1e67397601bfd47df59b"},"headline":"Las medicinas llegar\u00e1n hasta los pueblos m\u00e1s apartados o me dejo de llamar Andr\u00e9s Manuel: AMLO","datePublished":"2021-11-25T16:05:13+00:00","dateModified":"2021-11-25T16:05:14+00:00","mainEntityOfPage":{"@id":"https:\/\/www.bbmnoticias.com\/labravaradiofm\/2021\/11\/25\/las-medicinas-llegaran-hasta-los-pueblos-mas-apartados-o-me-dejo-de-llamar-andres-manuel-amlo\/"},"wordCount":326,"image":{"@id":"https:\/\/www.bbmnoticias.com\/labravaradiofm\/2021\/11\/25\/las-medicinas-llegaran-hasta-los-pueblos-mas-apartados-o-me-dejo-de-llamar-andres-manuel-amlo\/#primaryimage"},"thumbnailUrl":"https:\/\/www.bbmnoticias.com\/labravaradiofm\/wp-content\/uploads\/sites\/5\/2021\/11\/amlomedicinas.webp","articleSection":["NACIONAL"],"inLanguage":"es"},{"@type":"WebPage","@id":"https:\/\/www.bbmnoticias.com\/labravaradiofm\/2021\/11\/25\/las-medicinas-llegaran-hasta-los-pueblos-mas-apartados-o-me-dejo-de-llamar-andres-manuel-amlo\/","url":"https:\/\/www.bbmnoticias.com\/labravaradiofm\/2021\/11\/25\/las-medicinas-llegaran-hasta-los-pueblos-mas-apartados-o-me-dejo-de-llamar-andres-manuel-amlo\/","name":"Las medicinas llegar\u00e1n hasta los pueblos m\u00e1s apartados o me dejo de llamar Andr\u00e9s Manuel: AMLO - LA BRAVA RADIO","isPartOf":{"@id":"https:\/\/www.bbmnoticias.com\/labravaradiofm\/#website"},"primaryImageOfPage":{"@id":"https:\/\/www.bbmnoticias.com\/labravaradiofm\/2021\/11\/25\/las-medicinas-llegaran-hasta-los-pueblos-mas-apartados-o-me-dejo-de-llamar-andres-manuel-amlo\/#primaryimage"},"image":{"@id":"https:\/\/www.bbmnoticias.com\/labravaradiofm\/2021\/11\/25\/las-medicinas-llegaran-hasta-los-pueblos-mas-apartados-o-me-dejo-de-llamar-andres-manuel-amlo\/#primaryimage"},"thumbnailUrl":"https:\/\/www.bbmnoticias.com\/labravaradiofm\/wp-content\/uploads\/sites\/5\/2021\/11\/amlomedicinas.webp","datePublished":"2021-11-25T16:05:13+00:00","dateModified":"2021-11-25T16:05:14+00:00","author":{"@id":"https:\/\/www.bbmnoticias.com\/labravaradiofm\/#\/schema\/person\/2a5252389acf1e67397601bfd47df59b"},"breadcrumb":{"@id":"https:\/\/www.bbmnoticias.com\/labravaradiofm\/2021\/11\/25\/las-medicinas-llegaran-hasta-los-pueblos-mas-apartados-o-me-dejo-de-llamar-andres-manuel-amlo\/#breadcrumb"},"inLanguage":"es","potentialAction":[{"@type":"ReadAction","target":["https:\/\/www.bbmnoticias.com\/labravaradiofm\/2021\/11\/25\/las-medicinas-llegaran-hasta-los-pueblos-mas-apartados-o-me-dejo-de-llamar-andres-manuel-amlo\/"]}]},{"@type":"ImageObject","inLanguage":"es","@id":"https:\/\/www.bbmnoticias.com\/labravaradiofm\/2021\/11\/25\/las-medicinas-llegaran-hasta-los-pueblos-mas-apartados-o-me-dejo-de-llamar-andres-manuel-amlo\/#primaryimage","url":"https:\/\/www.bbmnoticias.com\/labravaradiofm\/wp-content\/uploads\/sites\/5\/2021\/11\/amlomedicinas.webp","contentUrl":"https:\/\/www.bbmnoticias.com\/labravaradiofm\/wp-content\/uploads\/sites\/5\/2021\/11\/amlomedicinas.webp","width":1201,"height":800},{"@type":"BreadcrumbList","@id":"https:\/\/www.bbmnoticias.com\/labravaradiofm\/2021\/11\/25\/las-medicinas-llegaran-hasta-los-pueblos-mas-apartados-o-me-dejo-de-llamar-andres-manuel-amlo\/#breadcrumb","itemListElement":[{"@type":"ListItem","position":1,"name":"Inicio","item":"https:\/\/www.bbmnoticias.com\/labravaradiofm\/"},{"@type":"ListItem","position":2,"name":"Las medicinas llegar\u00e1n hasta los pueblos m\u00e1s apartados o me dejo de llamar Andr\u00e9s Manuel: AMLO"}]},{"@type":"WebSite","@id":"https:\/\/www.bbmnoticias.com\/labravaradiofm\/#website","url":"https:\/\/www.bbmnoticias.com\/labravaradiofm\/","name":"LA BRAVA RADIO","description":"Empresa productora de medios, Radiodifusi\u00f3n, Noticias, tendencias y todo lo que necesitas saber de la pol\u00edtica mexicana e internacional; entretenimiento, espect\u00e1culos, salud y mucho m\u00e1s.","potentialAction":[{"@type":"SearchAction","target":{"@type":"EntryPoint","urlTemplate":"https:\/\/www.bbmnoticias.com\/labravaradiofm\/?s={search_term_string}"},"query-input":{"@type":"PropertyValueSpecification","valueRequired":true,"valueName":"search_term_string"}}],"inLanguage":"es"},{"@type":"Person","@id":"https:\/\/www.bbmnoticias.com\/labravaradiofm\/#\/schema\/person\/2a5252389acf1e67397601bfd47df59b","name":"El Universal","image":{"@type":"ImageObject","inLanguage":"es","@id":"https:\/\/secure.gravatar.com\/avatar\/71c770e6e00bd7cb8183e56d1c59f81601544fbe41d802d7c17d05c9e25f7d06?s=96&d=mm&r=g","url":"https:\/\/secure.gravatar.com\/avatar\/71c770e6e00bd7cb8183e56d1c59f81601544fbe41d802d7c17d05c9e25f7d06?s=96&d=mm&r=g","contentUrl":"https:\/\/secure.gravatar.com\/avatar\/71c770e6e00bd7cb8183e56d1c59f81601544fbe41d802d7c17d05c9e25f7d06?s=96&d=mm&r=g","caption":"El Universal"},"url":"https:\/\/www.bbmnoticias.com\/labravaradiofm\/author\/eluniversal\/"}]}},"_links":{"self":[{"href":"https:\/\/www.bbmnoticias.com\/labravaradiofm\/wp-json\/wp\/v2\/posts\/6155","targetHints":{"allow":["GET"]}}],"collection":[{"href":"https:\/\/www.bbmnoticias.com\/labravaradiofm\/wp-json\/wp\/v2\/posts"}],"about":[{"href":"https:\/\/www.bbmnoticias.com\/labravaradiofm\/wp-json\/wp\/v2\/types\/post"}],"author":[{"embeddable":true,"href":"https:\/\/www.bbmnoticias.com\/labravaradiofm\/wp-json\/wp\/v2\/users\/10"}],"replies":[{"embeddable":true,"href":"https:\/\/www.bbmnoticias.com\/labravaradiofm\/wp-json\/wp\/v2\/comments?post=6155"}],"version-history":[{"count":0,"href":"https:\/\/www.bbmnoticias.com\/labravaradiofm\/wp-json\/wp\/v2\/posts\/6155\/revisions"}],"wp:featuredmedia":[{"embeddable":true,"href":"https:\/\/www.bbmnoticias.com\/labravaradiofm\/wp-json\/wp\/v2\/media\/6156"}],"wp:attachment":[{"href":"https:\/\/www.bbmnoticias.com\/labravaradiofm\/wp-json\/wp\/v2\/media?parent=6155"}],"wp:term":[{"taxonomy":"category","embeddable":true,"href":"https:\/\/www.bbmnoticias.com\/labravaradiofm\/wp-json\/wp\/v2\/categories?post=6155"},{"taxonomy":"post_tag","embeddable":true,"href":"https:\/\/www.bbmnoticias.com\/labravaradiofm\/wp-json\/wp\/v2\/tags?post=6155"}],"curies":[{"name":"wp","href":"https:\/\/api.w.org\/{rel}","templated":true}]}}