{"id":61549,"date":"2025-06-09T18:12:06","date_gmt":"2025-06-10T00:12:06","guid":{"rendered":"https:\/\/www.bbmnoticias.com\/labravaradiofm\/2025\/06\/09\/california-demanda-a-trump-por-despliegue-ilegal-de-la-guardia-nacional\/"},"modified":"2025-06-09T18:12:13","modified_gmt":"2025-06-10T00:12:13","slug":"california-demanda-a-trump-por-despliegue-ilegal-de-la-guardia-nacional","status":"publish","type":"post","link":"https:\/\/www.bbmnoticias.com\/labravaradiofm\/2025\/06\/09\/california-demanda-a-trump-por-despliegue-ilegal-de-la-guardia-nacional\/","title":{"rendered":"California demanda a Trump por despliegue \u201cilegal\u201d de la Guardia Nacional"},"content":{"rendered":"<div style=\"margin-top: 0px; margin-bottom: 0px;\" class=\"sharethis-inline-share-buttons\" ><\/div>\n<p>Las autoridades del estado de <strong>California<\/strong> presentaron una <strong>demanda<\/strong> contra el presidente de Estados Unidos, <strong>Donad<\/strong> <strong>Trump<\/strong>, por <strong>desplegar<\/strong> de manera \u201cilegal\u201d a la <strong>Guardia Nacional<\/strong> bajo el argumento de contener las protestas de <strong>Los \u00c1ngeles<\/strong> contra las redadas migratorias.<\/p>\n\n\n\n<p>El fiscal general de California, Rob Bonta, junto con el gobernador de California, <strong>Gavin<\/strong> <strong>Newsom<\/strong>, \u201cest\u00e1n demandando a Donald Trump y pidiendo al tribunal que anule la acci\u00f3n ilegal del presidente de federalizar la Guardia Nacional de California\u201d, inform\u00f3 Bonta en una declaraci\u00f3n.<\/p>\n\n\n\n<p>La medida tomada por la Administraci\u00f3n \u201cabusaba de la autoridad del gobierno federal y violaba la D\u00e9cima Enmienda\u201d de la Constituci\u00f3n, agreg\u00f3.<\/p>\n\n\n\n<p>\u201cActivar a estas tropas para protestas que las fuerzas del orden locales confirmaron en ese momento que estaban bajo control es profundamente injusto y una falta de respeto a su servicio y sacrificio\u201d, indic\u00f3 Bonta.<\/p>\n\n\n\n<figure class=\"wp-block-image\" id=\"attachment_1707213\"><a href=\"https:\/\/lopezdoriga.com\/wp-content\/uploads\/2025\/04\/529487e2a3981fa8d286bf36823229a2d9613003w.jpg\"><img decoding=\"async\" src=\"https:\/\/lopezdoriga.com\/wp-content\/uploads\/2025\/04\/529487e2a3981fa8d286bf36823229a2d9613003w.jpg\" alt=\"California demanda a Trump por despliegue &quot;ilegal&quot; de la Guardia Nacional - 529487e2a3981fa8d286bf36823229a2d9613003w\" title=\"\"\/><\/a><figcaption class=\"wp-element-caption\">El gobernador de California (EE.UU.), Gavin Newsom. Foto de EFE\/EPA\/CAROLINE BREHMAN \/ Archivo<\/figcaption><\/figure>\n\n\n\n<p>El <strong>despliegue<\/strong> de <strong>tropas requiere<\/strong> el <strong>consentimiento<\/strong> de <strong>Newsom<\/strong> y esta es la primera vez desde 1965 que un mandatario estadounidense lo hace \u201csin una solicitud del gobernador del estado\u201d, alert\u00f3.<\/p>\n\n\n\n<p>\u201cEl gobernador de California sabe c\u00f3mo llamar a la Guardia Nacional cuando es necesario. Lo hizo con los incendios de Los \u00c1ngeles y en el verano de 2020 con algunas de las protestas en California. As\u00ed que esto es algo que est\u00e1 dentro de la jurisdicci\u00f3n del gobernador Newsom. Y \u00e9l no autoriz\u00f3 el uso de la Guardia Nacional aqu\u00ed, no la convoc\u00f3\u201d, insisti\u00f3.<\/p>\n\n\n\n<figure class=\"wp-block-image\" id=\"attachment_1717558\"><a href=\"https:\/\/lopezdoriga.com\/wp-content\/uploads\/2025\/06\/arrecian-las-criticas-a-trump-por-enviar-tropas-a-los-angeles.jpg\"><img decoding=\"async\" src=\"https:\/\/lopezdoriga.com\/wp-content\/uploads\/2025\/06\/arrecian-las-criticas-a-trump-por-enviar-tropas-a-los-angeles.jpg\" alt=\"California demanda a Trump por despliegue &quot;ilegal&quot; de la Guardia Nacional - arrecian-las-criticas-a-trump-por-enviar-tropas-a-los-angeles\" title=\"\"\/><\/a><figcaption class=\"wp-element-caption\">Activistas protestan contra la redadas migratorias en Los \u00c1ngeles (EE.UU.). Foto de EFE\/EPA\/CAROLINE BREHMAN<\/figcaption><\/figure>\n\n\n\n<p>La Casa Blanca y el Gobierno de Newsom se han enfrentado en las \u00faltimas horas por la decisi\u00f3n de Trump de desplegar a la Guardia Nacional para contener las protestas en Los \u00c1ngeles contra las redadas migratorias, una medida rechazada por las autoridades locales.<\/p>\n\n\n\n<p>Tom Homan, encargado de la pol\u00edtica migratoria de la Casa Blanca, declar\u00f3 en una entrevista que Newsom y la alcaldesa de Los \u00c1ngeles, la tambi\u00e9n dem\u00f3crata Karen Bass, podr\u00edan ser arrestados. El gobernador respondi\u00f3 con un desafiante: \u201cTom, arr\u00e9stame\u201d.<\/p>\n\n\n\n<p>El \u2018zar de la frontera\u2019 aclar\u00f3 despu\u00e9s que no hay planes para detener al gobernador, pero advirti\u00f3 de que el Ejecutivo de Trump no tolerar\u00e1 que nadie \u201cobstaculice la aplicaci\u00f3n de la ley\u201d.<\/p>\n\n\n\n<p>Con informaci\u00f3n de EFE<\/p>\n","protected":false},"excerpt":{"rendered":"<p>Las autoridades del estado de California presentaron una demanda contra el presidente de Estados Unidos, Donad Trump, por desplegar de manera \u201cilegal\u201d a la Guardia Nacional bajo el argumento de contener las protestas de Los \u00c1ngeles contra las redadas migratorias. El fiscal general de California, Rob Bonta, junto con el gobernador de California, Gavin Newsom, [&hellip;]<\/p>\n","protected":false},"author":2,"featured_media":61551,"comment_status":"closed","ping_status":"","sticky":false,"template":"","format":"standard","meta":{"footnotes":""},"categories":[948,2],"tags":[],"class_list":{"0":"post-61549","1":"post","2":"type-post","3":"status-publish","4":"format-standard","5":"has-post-thumbnail","7":"category-internacional","8":"category-oaxaca"},"yoast_head":"<!-- This site is optimized with the Yoast SEO plugin v27.4 - https:\/\/yoast.com\/product\/yoast-seo-wordpress\/ -->\n<title>California demanda a Trump por despliegue \u201cilegal\u201d de la Guardia Nacional - LA BRAVA RADIO<\/title>\n<meta name=\"robots\" content=\"index, follow, max-snippet:-1, max-image-preview:large, max-video-preview:-1\" \/>\n<link rel=\"canonical\" href=\"https:\/\/www.bbmnoticias.com\/blog\/2025\/06\/09\/california-demanda-a-trump-por-despliegue-ilegal-de-la-guardia-nacional\/\" \/>\n<meta property=\"og:locale\" content=\"es_MX\" \/>\n<meta property=\"og:type\" content=\"article\" \/>\n<meta property=\"og:title\" content=\"California demanda a Trump por despliegue \u201cilegal\u201d de la Guardia Nacional - LA BRAVA RADIO\" \/>\n<meta property=\"og:description\" content=\"Las autoridades del estado de California presentaron una demanda contra el presidente de Estados Unidos, Donad Trump, por desplegar de manera \u201cilegal\u201d a la Guardia Nacional bajo el argumento de contener las protestas de Los \u00c1ngeles contra las redadas migratorias. El fiscal general de California, Rob Bonta, junto con el gobernador de California, Gavin Newsom, [&hellip;]\" \/>\n<meta property=\"og:url\" content=\"https:\/\/www.bbmnoticias.com\/blog\/2025\/06\/09\/california-demanda-a-trump-por-despliegue-ilegal-de-la-guardia-nacional\/\" \/>\n<meta property=\"og:site_name\" content=\"LA BRAVA RADIO\" \/>\n<meta property=\"article:published_time\" content=\"2025-06-10T00:12:06+00:00\" \/>\n<meta property=\"article:modified_time\" content=\"2025-06-10T00:12:13+00:00\" \/>\n<meta property=\"og:image\" content=\"https:\/\/www.bbmnoticias.com\/labravaradiofm\/wp-content\/uploads\/sites\/5\/2025\/06\/guardia-nacional-de-eeuu-en-california.jpg\" \/>\n\t<meta property=\"og:image:width\" content=\"1920\" \/>\n\t<meta property=\"og:image:height\" content=\"1280\" \/>\n\t<meta property=\"og:image:type\" content=\"image\/jpeg\" \/>\n<meta name=\"author\" content=\"Staff\" \/>\n<meta name=\"twitter:card\" content=\"summary_large_image\" \/>\n<meta name=\"twitter:label1\" content=\"Escrito por\" \/>\n\t<meta name=\"twitter:data1\" content=\"Staff\" \/>\n\t<meta name=\"twitter:label2\" content=\"Tiempo de lectura\" \/>\n\t<meta name=\"twitter:data2\" content=\"2 minutos\" \/>\n<script type=\"application\/ld+json\" class=\"yoast-schema-graph\">{\"@context\":\"https:\\\/\\\/schema.org\",\"@graph\":[{\"@type\":\"Article\",\"@id\":\"https:\\\/\\\/www.bbmnoticias.com\\\/blog\\\/2025\\\/06\\\/09\\\/california-demanda-a-trump-por-despliegue-ilegal-de-la-guardia-nacional\\\/#article\",\"isPartOf\":{\"@id\":\"https:\\\/\\\/www.bbmnoticias.com\\\/labravaradiofm\\\/2025\\\/06\\\/09\\\/california-demanda-a-trump-por-despliegue-ilegal-de-la-guardia-nacional\\\/\"},\"author\":{\"name\":\"Staff\",\"@id\":\"https:\\\/\\\/www.bbmnoticias.com\\\/labravaradiofm\\\/#\\\/schema\\\/person\\\/34b139c617a70ea5bef5678bffe4dd7b\"},\"headline\":\"California demanda a Trump por despliegue \u201cilegal\u201d de la Guardia Nacional\",\"datePublished\":\"2025-06-10T00:12:06+00:00\",\"dateModified\":\"2025-06-10T00:12:13+00:00\",\"mainEntityOfPage\":{\"@id\":\"https:\\\/\\\/www.bbmnoticias.com\\\/labravaradiofm\\\/2025\\\/06\\\/09\\\/california-demanda-a-trump-por-despliegue-ilegal-de-la-guardia-nacional\\\/\"},\"wordCount\":413,\"image\":{\"@id\":\"https:\\\/\\\/www.bbmnoticias.com\\\/blog\\\/2025\\\/06\\\/09\\\/california-demanda-a-trump-por-despliegue-ilegal-de-la-guardia-nacional\\\/#primaryimage\"},\"thumbnailUrl\":\"https:\\\/\\\/www.bbmnoticias.com\\\/labravaradiofm\\\/wp-content\\\/uploads\\\/sites\\\/5\\\/2025\\\/06\\\/guardia-nacional-de-eeuu-en-california.jpg\",\"articleSection\":[\"INTERNACIONAL\",\"LOCAL\"],\"inLanguage\":\"es\"},{\"@type\":\"WebPage\",\"@id\":\"https:\\\/\\\/www.bbmnoticias.com\\\/labravaradiofm\\\/2025\\\/06\\\/09\\\/california-demanda-a-trump-por-despliegue-ilegal-de-la-guardia-nacional\\\/\",\"url\":\"https:\\\/\\\/www.bbmnoticias.com\\\/blog\\\/2025\\\/06\\\/09\\\/california-demanda-a-trump-por-despliegue-ilegal-de-la-guardia-nacional\\\/\",\"name\":\"California demanda a Trump por despliegue \u201cilegal\u201d de la Guardia Nacional - LA BRAVA RADIO\",\"isPartOf\":{\"@id\":\"https:\\\/\\\/www.bbmnoticias.com\\\/labravaradiofm\\\/#website\"},\"primaryImageOfPage\":{\"@id\":\"https:\\\/\\\/www.bbmnoticias.com\\\/blog\\\/2025\\\/06\\\/09\\\/california-demanda-a-trump-por-despliegue-ilegal-de-la-guardia-nacional\\\/#primaryimage\"},\"image\":{\"@id\":\"https:\\\/\\\/www.bbmnoticias.com\\\/blog\\\/2025\\\/06\\\/09\\\/california-demanda-a-trump-por-despliegue-ilegal-de-la-guardia-nacional\\\/#primaryimage\"},\"thumbnailUrl\":\"https:\\\/\\\/www.bbmnoticias.com\\\/labravaradiofm\\\/wp-content\\\/uploads\\\/sites\\\/5\\\/2025\\\/06\\\/guardia-nacional-de-eeuu-en-california.jpg\",\"datePublished\":\"2025-06-10T00:12:06+00:00\",\"dateModified\":\"2025-06-10T00:12:13+00:00\",\"author\":{\"@id\":\"https:\\\/\\\/www.bbmnoticias.com\\\/labravaradiofm\\\/#\\\/schema\\\/person\\\/34b139c617a70ea5bef5678bffe4dd7b\"},\"breadcrumb\":{\"@id\":\"https:\\\/\\\/www.bbmnoticias.com\\\/blog\\\/2025\\\/06\\\/09\\\/california-demanda-a-trump-por-despliegue-ilegal-de-la-guardia-nacional\\\/#breadcrumb\"},\"inLanguage\":\"es\",\"potentialAction\":[{\"@type\":\"ReadAction\",\"target\":[\"https:\\\/\\\/www.bbmnoticias.com\\\/blog\\\/2025\\\/06\\\/09\\\/california-demanda-a-trump-por-despliegue-ilegal-de-la-guardia-nacional\\\/\"]}]},{\"@type\":\"ImageObject\",\"inLanguage\":\"es\",\"@id\":\"https:\\\/\\\/www.bbmnoticias.com\\\/blog\\\/2025\\\/06\\\/09\\\/california-demanda-a-trump-por-despliegue-ilegal-de-la-guardia-nacional\\\/#primaryimage\",\"url\":\"https:\\\/\\\/www.bbmnoticias.com\\\/labravaradiofm\\\/wp-content\\\/uploads\\\/sites\\\/5\\\/2025\\\/06\\\/guardia-nacional-de-eeuu-en-california.jpg\",\"contentUrl\":\"https:\\\/\\\/www.bbmnoticias.com\\\/labravaradiofm\\\/wp-content\\\/uploads\\\/sites\\\/5\\\/2025\\\/06\\\/guardia-nacional-de-eeuu-en-california.jpg\",\"width\":1920,\"height\":1280},{\"@type\":\"BreadcrumbList\",\"@id\":\"https:\\\/\\\/www.bbmnoticias.com\\\/blog\\\/2025\\\/06\\\/09\\\/california-demanda-a-trump-por-despliegue-ilegal-de-la-guardia-nacional\\\/#breadcrumb\",\"itemListElement\":[{\"@type\":\"ListItem\",\"position\":1,\"name\":\"Inicio\",\"item\":\"https:\\\/\\\/www.bbmnoticias.com\\\/labravaradiofm\\\/\"},{\"@type\":\"ListItem\",\"position\":2,\"name\":\"California demanda a Trump por despliegue \u201cilegal\u201d de la Guardia Nacional\"}]},{\"@type\":\"WebSite\",\"@id\":\"https:\\\/\\\/www.bbmnoticias.com\\\/labravaradiofm\\\/#website\",\"url\":\"https:\\\/\\\/www.bbmnoticias.com\\\/labravaradiofm\\\/\",\"name\":\"LA BRAVA RADIO\",\"description\":\"Empresa productora de medios, Radiodifusi\u00f3n, Noticias, tendencias y todo lo que necesitas saber de la pol\u00edtica mexicana e internacional; entretenimiento, espect\u00e1culos, salud y mucho m\u00e1s.\",\"potentialAction\":[{\"@type\":\"SearchAction\",\"target\":{\"@type\":\"EntryPoint\",\"urlTemplate\":\"https:\\\/\\\/www.bbmnoticias.com\\\/labravaradiofm\\\/?s={search_term_string}\"},\"query-input\":{\"@type\":\"PropertyValueSpecification\",\"valueRequired\":true,\"valueName\":\"search_term_string\"}}],\"inLanguage\":\"es\"},{\"@type\":\"Person\",\"@id\":\"https:\\\/\\\/www.bbmnoticias.com\\\/labravaradiofm\\\/#\\\/schema\\\/person\\\/34b139c617a70ea5bef5678bffe4dd7b\",\"name\":\"Staff\",\"image\":{\"@type\":\"ImageObject\",\"inLanguage\":\"es\",\"@id\":\"https:\\\/\\\/secure.gravatar.com\\\/avatar\\\/fdd21ad66fd8b98c407f9dee5b5e588cfe7f0d8579ec20fa6527cd59bab7f0f0?s=96&d=mm&r=g\",\"url\":\"https:\\\/\\\/secure.gravatar.com\\\/avatar\\\/fdd21ad66fd8b98c407f9dee5b5e588cfe7f0d8579ec20fa6527cd59bab7f0f0?s=96&d=mm&r=g\",\"contentUrl\":\"https:\\\/\\\/secure.gravatar.com\\\/avatar\\\/fdd21ad66fd8b98c407f9dee5b5e588cfe7f0d8579ec20fa6527cd59bab7f0f0?s=96&d=mm&r=g\",\"caption\":\"Staff\"},\"url\":\"https:\\\/\\\/www.bbmnoticias.com\\\/labravaradiofm\\\/author\\\/redaccion\\\/\"}]}<\/script>\n<!-- \/ Yoast SEO plugin. -->","yoast_head_json":{"title":"California demanda a Trump por despliegue \u201cilegal\u201d de la Guardia Nacional - LA BRAVA RADIO","robots":{"index":"index","follow":"follow","max-snippet":"max-snippet:-1","max-image-preview":"max-image-preview:large","max-video-preview":"max-video-preview:-1"},"canonical":"https:\/\/www.bbmnoticias.com\/blog\/2025\/06\/09\/california-demanda-a-trump-por-despliegue-ilegal-de-la-guardia-nacional\/","og_locale":"es_MX","og_type":"article","og_title":"California demanda a Trump por despliegue \u201cilegal\u201d de la Guardia Nacional - LA BRAVA RADIO","og_description":"Las autoridades del estado de California presentaron una demanda contra el presidente de Estados Unidos, Donad Trump, por desplegar de manera \u201cilegal\u201d a la Guardia Nacional bajo el argumento de contener las protestas de Los \u00c1ngeles contra las redadas migratorias. El fiscal general de California, Rob Bonta, junto con el gobernador de California, Gavin Newsom, [&hellip;]","og_url":"https:\/\/www.bbmnoticias.com\/blog\/2025\/06\/09\/california-demanda-a-trump-por-despliegue-ilegal-de-la-guardia-nacional\/","og_site_name":"LA BRAVA RADIO","article_published_time":"2025-06-10T00:12:06+00:00","article_modified_time":"2025-06-10T00:12:13+00:00","og_image":[{"width":1920,"height":1280,"url":"https:\/\/www.bbmnoticias.com\/labravaradiofm\/wp-content\/uploads\/sites\/5\/2025\/06\/guardia-nacional-de-eeuu-en-california.jpg","type":"image\/jpeg"}],"author":"Staff","twitter_card":"summary_large_image","twitter_misc":{"Escrito por":"Staff","Tiempo de lectura":"2 minutos"},"schema":{"@context":"https:\/\/schema.org","@graph":[{"@type":"Article","@id":"https:\/\/www.bbmnoticias.com\/blog\/2025\/06\/09\/california-demanda-a-trump-por-despliegue-ilegal-de-la-guardia-nacional\/#article","isPartOf":{"@id":"https:\/\/www.bbmnoticias.com\/labravaradiofm\/2025\/06\/09\/california-demanda-a-trump-por-despliegue-ilegal-de-la-guardia-nacional\/"},"author":{"name":"Staff","@id":"https:\/\/www.bbmnoticias.com\/labravaradiofm\/#\/schema\/person\/34b139c617a70ea5bef5678bffe4dd7b"},"headline":"California demanda a Trump por despliegue \u201cilegal\u201d de la Guardia Nacional","datePublished":"2025-06-10T00:12:06+00:00","dateModified":"2025-06-10T00:12:13+00:00","mainEntityOfPage":{"@id":"https:\/\/www.bbmnoticias.com\/labravaradiofm\/2025\/06\/09\/california-demanda-a-trump-por-despliegue-ilegal-de-la-guardia-nacional\/"},"wordCount":413,"image":{"@id":"https:\/\/www.bbmnoticias.com\/blog\/2025\/06\/09\/california-demanda-a-trump-por-despliegue-ilegal-de-la-guardia-nacional\/#primaryimage"},"thumbnailUrl":"https:\/\/www.bbmnoticias.com\/labravaradiofm\/wp-content\/uploads\/sites\/5\/2025\/06\/guardia-nacional-de-eeuu-en-california.jpg","articleSection":["INTERNACIONAL","LOCAL"],"inLanguage":"es"},{"@type":"WebPage","@id":"https:\/\/www.bbmnoticias.com\/labravaradiofm\/2025\/06\/09\/california-demanda-a-trump-por-despliegue-ilegal-de-la-guardia-nacional\/","url":"https:\/\/www.bbmnoticias.com\/blog\/2025\/06\/09\/california-demanda-a-trump-por-despliegue-ilegal-de-la-guardia-nacional\/","name":"California demanda a Trump por despliegue \u201cilegal\u201d de la Guardia Nacional - LA BRAVA RADIO","isPartOf":{"@id":"https:\/\/www.bbmnoticias.com\/labravaradiofm\/#website"},"primaryImageOfPage":{"@id":"https:\/\/www.bbmnoticias.com\/blog\/2025\/06\/09\/california-demanda-a-trump-por-despliegue-ilegal-de-la-guardia-nacional\/#primaryimage"},"image":{"@id":"https:\/\/www.bbmnoticias.com\/blog\/2025\/06\/09\/california-demanda-a-trump-por-despliegue-ilegal-de-la-guardia-nacional\/#primaryimage"},"thumbnailUrl":"https:\/\/www.bbmnoticias.com\/labravaradiofm\/wp-content\/uploads\/sites\/5\/2025\/06\/guardia-nacional-de-eeuu-en-california.jpg","datePublished":"2025-06-10T00:12:06+00:00","dateModified":"2025-06-10T00:12:13+00:00","author":{"@id":"https:\/\/www.bbmnoticias.com\/labravaradiofm\/#\/schema\/person\/34b139c617a70ea5bef5678bffe4dd7b"},"breadcrumb":{"@id":"https:\/\/www.bbmnoticias.com\/blog\/2025\/06\/09\/california-demanda-a-trump-por-despliegue-ilegal-de-la-guardia-nacional\/#breadcrumb"},"inLanguage":"es","potentialAction":[{"@type":"ReadAction","target":["https:\/\/www.bbmnoticias.com\/blog\/2025\/06\/09\/california-demanda-a-trump-por-despliegue-ilegal-de-la-guardia-nacional\/"]}]},{"@type":"ImageObject","inLanguage":"es","@id":"https:\/\/www.bbmnoticias.com\/blog\/2025\/06\/09\/california-demanda-a-trump-por-despliegue-ilegal-de-la-guardia-nacional\/#primaryimage","url":"https:\/\/www.bbmnoticias.com\/labravaradiofm\/wp-content\/uploads\/sites\/5\/2025\/06\/guardia-nacional-de-eeuu-en-california.jpg","contentUrl":"https:\/\/www.bbmnoticias.com\/labravaradiofm\/wp-content\/uploads\/sites\/5\/2025\/06\/guardia-nacional-de-eeuu-en-california.jpg","width":1920,"height":1280},{"@type":"BreadcrumbList","@id":"https:\/\/www.bbmnoticias.com\/blog\/2025\/06\/09\/california-demanda-a-trump-por-despliegue-ilegal-de-la-guardia-nacional\/#breadcrumb","itemListElement":[{"@type":"ListItem","position":1,"name":"Inicio","item":"https:\/\/www.bbmnoticias.com\/labravaradiofm\/"},{"@type":"ListItem","position":2,"name":"California demanda a Trump por despliegue \u201cilegal\u201d de la Guardia Nacional"}]},{"@type":"WebSite","@id":"https:\/\/www.bbmnoticias.com\/labravaradiofm\/#website","url":"https:\/\/www.bbmnoticias.com\/labravaradiofm\/","name":"LA BRAVA RADIO","description":"Empresa productora de medios, Radiodifusi\u00f3n, Noticias, tendencias y todo lo que necesitas saber de la pol\u00edtica mexicana e internacional; entretenimiento, espect\u00e1culos, salud y mucho m\u00e1s.","potentialAction":[{"@type":"SearchAction","target":{"@type":"EntryPoint","urlTemplate":"https:\/\/www.bbmnoticias.com\/labravaradiofm\/?s={search_term_string}"},"query-input":{"@type":"PropertyValueSpecification","valueRequired":true,"valueName":"search_term_string"}}],"inLanguage":"es"},{"@type":"Person","@id":"https:\/\/www.bbmnoticias.com\/labravaradiofm\/#\/schema\/person\/34b139c617a70ea5bef5678bffe4dd7b","name":"Staff","image":{"@type":"ImageObject","inLanguage":"es","@id":"https:\/\/secure.gravatar.com\/avatar\/fdd21ad66fd8b98c407f9dee5b5e588cfe7f0d8579ec20fa6527cd59bab7f0f0?s=96&d=mm&r=g","url":"https:\/\/secure.gravatar.com\/avatar\/fdd21ad66fd8b98c407f9dee5b5e588cfe7f0d8579ec20fa6527cd59bab7f0f0?s=96&d=mm&r=g","contentUrl":"https:\/\/secure.gravatar.com\/avatar\/fdd21ad66fd8b98c407f9dee5b5e588cfe7f0d8579ec20fa6527cd59bab7f0f0?s=96&d=mm&r=g","caption":"Staff"},"url":"https:\/\/www.bbmnoticias.com\/labravaradiofm\/author\/redaccion\/"}]}},"_links":{"self":[{"href":"https:\/\/www.bbmnoticias.com\/labravaradiofm\/wp-json\/wp\/v2\/posts\/61549","targetHints":{"allow":["GET"]}}],"collection":[{"href":"https:\/\/www.bbmnoticias.com\/labravaradiofm\/wp-json\/wp\/v2\/posts"}],"about":[{"href":"https:\/\/www.bbmnoticias.com\/labravaradiofm\/wp-json\/wp\/v2\/types\/post"}],"author":[{"embeddable":true,"href":"https:\/\/www.bbmnoticias.com\/labravaradiofm\/wp-json\/wp\/v2\/users\/2"}],"replies":[{"embeddable":true,"href":"https:\/\/www.bbmnoticias.com\/labravaradiofm\/wp-json\/wp\/v2\/comments?post=61549"}],"version-history":[{"count":0,"href":"https:\/\/www.bbmnoticias.com\/labravaradiofm\/wp-json\/wp\/v2\/posts\/61549\/revisions"}],"wp:featuredmedia":[{"embeddable":true,"href":"https:\/\/www.bbmnoticias.com\/labravaradiofm\/wp-json\/wp\/v2\/media\/61551"}],"wp:attachment":[{"href":"https:\/\/www.bbmnoticias.com\/labravaradiofm\/wp-json\/wp\/v2\/media?parent=61549"}],"wp:term":[{"taxonomy":"category","embeddable":true,"href":"https:\/\/www.bbmnoticias.com\/labravaradiofm\/wp-json\/wp\/v2\/categories?post=61549"},{"taxonomy":"post_tag","embeddable":true,"href":"https:\/\/www.bbmnoticias.com\/labravaradiofm\/wp-json\/wp\/v2\/tags?post=61549"}],"curies":[{"name":"wp","href":"https:\/\/api.w.org\/{rel}","templated":true}]}}