{"id":61543,"date":"2025-06-09T18:04:13","date_gmt":"2025-06-10T00:04:13","guid":{"rendered":"https:\/\/www.bbmnoticias.com\/labravaradiofm\/2025\/06\/09\/canicula-2025-que-es-y-cuando-empieza-en-mexico\/"},"modified":"2025-06-09T18:04:43","modified_gmt":"2025-06-10T00:04:43","slug":"canicula-2025-que-es-y-cuando-empieza-en-mexico","status":"publish","type":"post","link":"https:\/\/www.bbmnoticias.com\/labravaradiofm\/2025\/06\/09\/canicula-2025-que-es-y-cuando-empieza-en-mexico\/","title":{"rendered":"Can\u00edcula 2025: \u00bfqu\u00e9 es y cu\u00e1ndo empieza en M\u00e9xico?"},"content":{"rendered":"<div style=\"margin-top: 0px; margin-bottom: 0px;\" class=\"sharethis-inline-share-buttons\" ><\/div>\n<p>Con la llegada del <strong>verano<\/strong> se avecina la <strong>can\u00edcula<\/strong>, un fen\u00f3meno meteorol\u00f3gico caracterizado por altas temperaturas.<\/p>\n\n\n\n<p>La can\u00edcula es un periodo de <strong>aumento<\/strong> de la <strong>temperatura<\/strong> por el excesivo calentamiento del aire, que se conjuga con cielos despejados y bajas precipitaciones pluviales.<\/p>\n\n\n\n<p>Tambi\u00e9n se le conoce como&nbsp;<strong>sequ\u00eda intraestival<\/strong>,&nbsp;<strong>sequ\u00eda de medio verano&nbsp;<\/strong>o&nbsp;<strong>veranillo<\/strong>.<\/p>\n\n\n\n<p>Tiene una duraci\u00f3n de <strong>40 d\u00edas<\/strong> y toma su nombre de la constelaci\u00f3n Can Mayor o Can\u00edcula para los romanos.<\/p>\n\n\n\n<figure class=\"wp-block-image\" id=\"attachment_1622265\"><a href=\"https:\/\/lopezdoriga.com\/wp-content\/uploads\/2024\/05\/calor-altas-temperaturas-cdmx-ciudad-de-mexico-alerta-naranja-amarilla.jpg\"><img decoding=\"async\" src=\"https:\/\/lopezdoriga.com\/wp-content\/uploads\/2024\/05\/calor-altas-temperaturas-cdmx-ciudad-de-mexico-alerta-naranja-amarilla.jpg\" alt=\"Can\u00edcula 2025: \u00bfqu\u00e9 es y cu\u00e1ndo empieza en M\u00e9xico? - calor-altas-temperaturas-cdmx-ciudad-de-mexico-alerta-naranja-amarilla\" title=\"\"\/><\/a><figcaption class=\"wp-element-caption\">Varias personas caminan con sombrilla para protegerse del sol en la Ciudad de M\u00e9xico. Foto de EFE\/Jos\u00e9 M\u00e9ndez \/ Archivo<\/figcaption><\/figure>\n\n\n\n<p>Anteriormente se pensaba que el calor emanado por el Sol se juntaba con la estrella Sirius, de mayor brillo, que se posicionaba del lado opuesto al astro en verano, lo que produc\u00eda el aumento de la temperatura.<\/p>\n\n\n\n<p>En M\u00e9xico, dicho fen\u00f3meno meteorol\u00f3gico afecta principalmente a los estados de Veracruz, Tabasco, Tamaulipas, Nuevo Le\u00f3n, San Luis Potos\u00ed, Colima, Michoac\u00e1n, Guerrero, Oaxaca y Chiapas.<\/p>\n\n\n\n<h2 class=\"wp-block-heading\">\u00bfCu\u00e1ndo inicia la can\u00edcula en M\u00e9xico?<\/h2>\n\n\n\n<p>La Comisi\u00f3n Nacional del Agua (Conagua) prev\u00e9 que la <strong>can\u00edcula comience<\/strong> este 2025 el <strong>jueves 3 de julio<\/strong>, con lo que se extender\u00eda hasta el 11 de agosto.<\/p>\n\n\n\n<p>De esta forma, durante julio se prev\u00e9n lluvias por debajo del promedio en gran parte del pa\u00eds.<\/p>\n\n\n\n<p>En cambio, en junio se pronostican lluvias por arriba del promedio en el norte, occidente y oriente del pa\u00eds; un super\u00e1vit a nivel nacional de 12 mm.<\/p>\n\n\n\n<figure class=\"wp-block-image\" id=\"attachment_1648198\"><a href=\"https:\/\/lopezdoriga.com\/wp-content\/uploads\/2024\/09\/presa-las-lajas-en-chihuahua.jpg\"><img decoding=\"async\" src=\"https:\/\/lopezdoriga.com\/wp-content\/uploads\/2024\/09\/presa-las-lajas-en-chihuahua.jpg\" alt=\"Can\u00edcula 2025: \u00bfqu\u00e9 es y cu\u00e1ndo empieza en M\u00e9xico? - presa-las-lajas-en-chihuahua\" title=\"\"\/><\/a><figcaption class=\"wp-element-caption\">Presa Las Lajas en Chihuahua. Foto de EFE\/ Luis Torres \/ Archivo<\/figcaption><\/figure>\n\n\n\n<h2 class=\"wp-block-heading\">Consecuencias y precauciones ante el calor extremo<\/h2>\n\n\n\n<p>Autoridades advierten que la sequ\u00eda intraestival propicia una mayor incidencia de <strong>radiaci\u00f3n solar<\/strong>, as\u00ed como <strong>aumento<\/strong> de la <strong>temperatura superficial<\/strong>.<\/p>\n\n\n\n<p>Durante los 40 d\u00edas pueden aumentar las enfermedades asociadas al calor, en tanto que el sector de la agricultura puede verse afectado por ataque de plagas y estr\u00e9s h\u00eddrico.<\/p>\n\n\n\n<figure class=\"wp-block-image\" id=\"attachment_1662578\"><a href=\"https:\/\/lopezdoriga.com\/wp-content\/uploads\/2024\/10\/perro.jpg\"><img decoding=\"async\" src=\"https:\/\/lopezdoriga.com\/wp-content\/uploads\/2024\/10\/perro.jpg\" alt=\"Can\u00edcula 2025: \u00bfqu\u00e9 es y cu\u00e1ndo empieza en M\u00e9xico? - perro\" title=\"\"\/><\/a><figcaption class=\"wp-element-caption\">Fotograf\u00eda que muestra una mascota disfrutando de un helado en Ciudad de M\u00e9xico. Archivo. EFE\/S\u00e1shenka Guti\u00e9rrez<\/figcaption><\/figure>\n\n\n\n<p>El Gobierno federal exhorta a la ciudadan\u00eda a <strong>protegerse<\/strong> de las <strong>altas<\/strong> <strong>temperaturas<\/strong>, especialmente entre las 11:00 y 16:00 h.<\/p>\n\n\n\n<p>Recomienda vestir <strong>ropa holgada<\/strong> y de <strong>colores<\/strong> <strong>claros<\/strong>; no realizar actividades f\u00edsicas intensas bajo el sol; <strong>hidratarse<\/strong>; comer <strong>alimentos<\/strong> <strong>frescos<\/strong>; utilizar <strong>protecci\u00f3n<\/strong> <strong>solar<\/strong>; <strong>usar lentes de sol<\/strong> con filtro UV, <strong>gorra<\/strong> y\/o <strong>sombrero<\/strong>.<\/p>\n\n\n\n<p>Evitar el consumo de bebidas alcoh\u00f3licas y no permanecer dentro de un veh\u00edculo con las puertas cerradas.<\/p>\n\n\n\n<p>Las <strong>mascotas<\/strong> tambi\u00e9n son <strong>sensibles<\/strong> a los <strong>golpes de calor<\/strong>, con lo que se pide que siempre tengan agua disponible y evitar caminatas durante el d\u00eda a fin de que sus almohadillas no se lastimen con el asfalto caliente.<\/p>\n","protected":false},"excerpt":{"rendered":"<p>Con la llegada del verano se avecina la can\u00edcula, un fen\u00f3meno meteorol\u00f3gico caracterizado por altas temperaturas. La can\u00edcula es un periodo de aumento de la temperatura por el excesivo calentamiento del aire, que se conjuga con cielos despejados y bajas precipitaciones pluviales. Tambi\u00e9n se le conoce como&nbsp;sequ\u00eda intraestival,&nbsp;sequ\u00eda de medio verano&nbsp;o&nbsp;veranillo. Tiene una duraci\u00f3n de [&hellip;]<\/p>\n","protected":false},"author":2,"featured_media":61545,"comment_status":"closed","ping_status":"","sticky":false,"template":"","format":"standard","meta":{"footnotes":""},"categories":[2,19],"tags":[],"class_list":{"0":"post-61543","1":"post","2":"type-post","3":"status-publish","4":"format-standard","5":"has-post-thumbnail","7":"category-oaxaca","8":"category-nacional"},"yoast_head":"<!-- This site is optimized with the Yoast SEO plugin v27.4 - https:\/\/yoast.com\/product\/yoast-seo-wordpress\/ -->\n<title>Can\u00edcula 2025: \u00bfqu\u00e9 es y cu\u00e1ndo empieza en M\u00e9xico? - LA BRAVA RADIO<\/title>\n<meta name=\"robots\" content=\"index, follow, max-snippet:-1, max-image-preview:large, max-video-preview:-1\" \/>\n<link rel=\"canonical\" href=\"https:\/\/www.bbmnoticias.com\/blog\/2025\/06\/09\/canicula-2025-que-es-y-cuando-empieza-en-mexico\/\" \/>\n<meta property=\"og:locale\" content=\"es_MX\" \/>\n<meta property=\"og:type\" content=\"article\" \/>\n<meta property=\"og:title\" content=\"Can\u00edcula 2025: \u00bfqu\u00e9 es y cu\u00e1ndo empieza en M\u00e9xico? - LA BRAVA RADIO\" \/>\n<meta property=\"og:description\" content=\"Con la llegada del verano se avecina la can\u00edcula, un fen\u00f3meno meteorol\u00f3gico caracterizado por altas temperaturas. La can\u00edcula es un periodo de aumento de la temperatura por el excesivo calentamiento del aire, que se conjuga con cielos despejados y bajas precipitaciones pluviales. Tambi\u00e9n se le conoce como&nbsp;sequ\u00eda intraestival,&nbsp;sequ\u00eda de medio verano&nbsp;o&nbsp;veranillo. Tiene una duraci\u00f3n de [&hellip;]\" \/>\n<meta property=\"og:url\" content=\"https:\/\/www.bbmnoticias.com\/blog\/2025\/06\/09\/canicula-2025-que-es-y-cuando-empieza-en-mexico\/\" \/>\n<meta property=\"og:site_name\" content=\"LA BRAVA RADIO\" \/>\n<meta property=\"article:published_time\" content=\"2025-06-10T00:04:13+00:00\" \/>\n<meta property=\"article:modified_time\" content=\"2025-06-10T00:04:43+00:00\" \/>\n<meta property=\"og:image\" content=\"https:\/\/www.bbmnoticias.com\/labravaradiofm\/wp-content\/uploads\/sites\/5\/2025\/06\/calor-altas-temperaturas.jpg\" \/>\n\t<meta property=\"og:image:width\" content=\"1920\" \/>\n\t<meta property=\"og:image:height\" content=\"1278\" \/>\n\t<meta property=\"og:image:type\" content=\"image\/jpeg\" \/>\n<meta name=\"author\" content=\"Staff\" \/>\n<meta name=\"twitter:card\" content=\"summary_large_image\" \/>\n<meta name=\"twitter:label1\" content=\"Escrito por\" \/>\n\t<meta name=\"twitter:data1\" content=\"Staff\" \/>\n\t<meta name=\"twitter:label2\" content=\"Tiempo de lectura\" \/>\n\t<meta name=\"twitter:data2\" content=\"2 minutos\" \/>\n<script type=\"application\/ld+json\" class=\"yoast-schema-graph\">{\"@context\":\"https:\\\/\\\/schema.org\",\"@graph\":[{\"@type\":\"Article\",\"@id\":\"https:\\\/\\\/www.bbmnoticias.com\\\/blog\\\/2025\\\/06\\\/09\\\/canicula-2025-que-es-y-cuando-empieza-en-mexico\\\/#article\",\"isPartOf\":{\"@id\":\"https:\\\/\\\/www.bbmnoticias.com\\\/labravaradiofm\\\/2025\\\/06\\\/09\\\/canicula-2025-que-es-y-cuando-empieza-en-mexico\\\/\"},\"author\":{\"name\":\"Staff\",\"@id\":\"https:\\\/\\\/www.bbmnoticias.com\\\/labravaradiofm\\\/#\\\/schema\\\/person\\\/34b139c617a70ea5bef5678bffe4dd7b\"},\"headline\":\"Can\u00edcula 2025: \u00bfqu\u00e9 es y cu\u00e1ndo empieza en M\u00e9xico?\",\"datePublished\":\"2025-06-10T00:04:13+00:00\",\"dateModified\":\"2025-06-10T00:04:43+00:00\",\"mainEntityOfPage\":{\"@id\":\"https:\\\/\\\/www.bbmnoticias.com\\\/labravaradiofm\\\/2025\\\/06\\\/09\\\/canicula-2025-que-es-y-cuando-empieza-en-mexico\\\/\"},\"wordCount\":481,\"image\":{\"@id\":\"https:\\\/\\\/www.bbmnoticias.com\\\/blog\\\/2025\\\/06\\\/09\\\/canicula-2025-que-es-y-cuando-empieza-en-mexico\\\/#primaryimage\"},\"thumbnailUrl\":\"https:\\\/\\\/www.bbmnoticias.com\\\/labravaradiofm\\\/wp-content\\\/uploads\\\/sites\\\/5\\\/2025\\\/06\\\/calor-altas-temperaturas.jpg\",\"articleSection\":[\"LOCAL\",\"NACIONAL\"],\"inLanguage\":\"es\"},{\"@type\":\"WebPage\",\"@id\":\"https:\\\/\\\/www.bbmnoticias.com\\\/labravaradiofm\\\/2025\\\/06\\\/09\\\/canicula-2025-que-es-y-cuando-empieza-en-mexico\\\/\",\"url\":\"https:\\\/\\\/www.bbmnoticias.com\\\/blog\\\/2025\\\/06\\\/09\\\/canicula-2025-que-es-y-cuando-empieza-en-mexico\\\/\",\"name\":\"Can\u00edcula 2025: \u00bfqu\u00e9 es y cu\u00e1ndo empieza en M\u00e9xico? - LA BRAVA RADIO\",\"isPartOf\":{\"@id\":\"https:\\\/\\\/www.bbmnoticias.com\\\/labravaradiofm\\\/#website\"},\"primaryImageOfPage\":{\"@id\":\"https:\\\/\\\/www.bbmnoticias.com\\\/blog\\\/2025\\\/06\\\/09\\\/canicula-2025-que-es-y-cuando-empieza-en-mexico\\\/#primaryimage\"},\"image\":{\"@id\":\"https:\\\/\\\/www.bbmnoticias.com\\\/blog\\\/2025\\\/06\\\/09\\\/canicula-2025-que-es-y-cuando-empieza-en-mexico\\\/#primaryimage\"},\"thumbnailUrl\":\"https:\\\/\\\/www.bbmnoticias.com\\\/labravaradiofm\\\/wp-content\\\/uploads\\\/sites\\\/5\\\/2025\\\/06\\\/calor-altas-temperaturas.jpg\",\"datePublished\":\"2025-06-10T00:04:13+00:00\",\"dateModified\":\"2025-06-10T00:04:43+00:00\",\"author\":{\"@id\":\"https:\\\/\\\/www.bbmnoticias.com\\\/labravaradiofm\\\/#\\\/schema\\\/person\\\/34b139c617a70ea5bef5678bffe4dd7b\"},\"breadcrumb\":{\"@id\":\"https:\\\/\\\/www.bbmnoticias.com\\\/blog\\\/2025\\\/06\\\/09\\\/canicula-2025-que-es-y-cuando-empieza-en-mexico\\\/#breadcrumb\"},\"inLanguage\":\"es\",\"potentialAction\":[{\"@type\":\"ReadAction\",\"target\":[\"https:\\\/\\\/www.bbmnoticias.com\\\/blog\\\/2025\\\/06\\\/09\\\/canicula-2025-que-es-y-cuando-empieza-en-mexico\\\/\"]}]},{\"@type\":\"ImageObject\",\"inLanguage\":\"es\",\"@id\":\"https:\\\/\\\/www.bbmnoticias.com\\\/blog\\\/2025\\\/06\\\/09\\\/canicula-2025-que-es-y-cuando-empieza-en-mexico\\\/#primaryimage\",\"url\":\"https:\\\/\\\/www.bbmnoticias.com\\\/labravaradiofm\\\/wp-content\\\/uploads\\\/sites\\\/5\\\/2025\\\/06\\\/calor-altas-temperaturas.jpg\",\"contentUrl\":\"https:\\\/\\\/www.bbmnoticias.com\\\/labravaradiofm\\\/wp-content\\\/uploads\\\/sites\\\/5\\\/2025\\\/06\\\/calor-altas-temperaturas.jpg\",\"width\":1920,\"height\":1278},{\"@type\":\"BreadcrumbList\",\"@id\":\"https:\\\/\\\/www.bbmnoticias.com\\\/blog\\\/2025\\\/06\\\/09\\\/canicula-2025-que-es-y-cuando-empieza-en-mexico\\\/#breadcrumb\",\"itemListElement\":[{\"@type\":\"ListItem\",\"position\":1,\"name\":\"Inicio\",\"item\":\"https:\\\/\\\/www.bbmnoticias.com\\\/labravaradiofm\\\/\"},{\"@type\":\"ListItem\",\"position\":2,\"name\":\"Can\u00edcula 2025: \u00bfqu\u00e9 es y cu\u00e1ndo empieza en M\u00e9xico?\"}]},{\"@type\":\"WebSite\",\"@id\":\"https:\\\/\\\/www.bbmnoticias.com\\\/labravaradiofm\\\/#website\",\"url\":\"https:\\\/\\\/www.bbmnoticias.com\\\/labravaradiofm\\\/\",\"name\":\"LA BRAVA RADIO\",\"description\":\"Empresa productora de medios, Radiodifusi\u00f3n, Noticias, tendencias y todo lo que necesitas saber de la pol\u00edtica mexicana e internacional; entretenimiento, espect\u00e1culos, salud y mucho m\u00e1s.\",\"potentialAction\":[{\"@type\":\"SearchAction\",\"target\":{\"@type\":\"EntryPoint\",\"urlTemplate\":\"https:\\\/\\\/www.bbmnoticias.com\\\/labravaradiofm\\\/?s={search_term_string}\"},\"query-input\":{\"@type\":\"PropertyValueSpecification\",\"valueRequired\":true,\"valueName\":\"search_term_string\"}}],\"inLanguage\":\"es\"},{\"@type\":\"Person\",\"@id\":\"https:\\\/\\\/www.bbmnoticias.com\\\/labravaradiofm\\\/#\\\/schema\\\/person\\\/34b139c617a70ea5bef5678bffe4dd7b\",\"name\":\"Staff\",\"image\":{\"@type\":\"ImageObject\",\"inLanguage\":\"es\",\"@id\":\"https:\\\/\\\/secure.gravatar.com\\\/avatar\\\/fdd21ad66fd8b98c407f9dee5b5e588cfe7f0d8579ec20fa6527cd59bab7f0f0?s=96&d=mm&r=g\",\"url\":\"https:\\\/\\\/secure.gravatar.com\\\/avatar\\\/fdd21ad66fd8b98c407f9dee5b5e588cfe7f0d8579ec20fa6527cd59bab7f0f0?s=96&d=mm&r=g\",\"contentUrl\":\"https:\\\/\\\/secure.gravatar.com\\\/avatar\\\/fdd21ad66fd8b98c407f9dee5b5e588cfe7f0d8579ec20fa6527cd59bab7f0f0?s=96&d=mm&r=g\",\"caption\":\"Staff\"},\"url\":\"https:\\\/\\\/www.bbmnoticias.com\\\/labravaradiofm\\\/author\\\/redaccion\\\/\"}]}<\/script>\n<!-- \/ Yoast SEO plugin. -->","yoast_head_json":{"title":"Can\u00edcula 2025: \u00bfqu\u00e9 es y cu\u00e1ndo empieza en M\u00e9xico? - LA BRAVA RADIO","robots":{"index":"index","follow":"follow","max-snippet":"max-snippet:-1","max-image-preview":"max-image-preview:large","max-video-preview":"max-video-preview:-1"},"canonical":"https:\/\/www.bbmnoticias.com\/blog\/2025\/06\/09\/canicula-2025-que-es-y-cuando-empieza-en-mexico\/","og_locale":"es_MX","og_type":"article","og_title":"Can\u00edcula 2025: \u00bfqu\u00e9 es y cu\u00e1ndo empieza en M\u00e9xico? - LA BRAVA RADIO","og_description":"Con la llegada del verano se avecina la can\u00edcula, un fen\u00f3meno meteorol\u00f3gico caracterizado por altas temperaturas. La can\u00edcula es un periodo de aumento de la temperatura por el excesivo calentamiento del aire, que se conjuga con cielos despejados y bajas precipitaciones pluviales. Tambi\u00e9n se le conoce como&nbsp;sequ\u00eda intraestival,&nbsp;sequ\u00eda de medio verano&nbsp;o&nbsp;veranillo. Tiene una duraci\u00f3n de [&hellip;]","og_url":"https:\/\/www.bbmnoticias.com\/blog\/2025\/06\/09\/canicula-2025-que-es-y-cuando-empieza-en-mexico\/","og_site_name":"LA BRAVA RADIO","article_published_time":"2025-06-10T00:04:13+00:00","article_modified_time":"2025-06-10T00:04:43+00:00","og_image":[{"width":1920,"height":1278,"url":"https:\/\/www.bbmnoticias.com\/labravaradiofm\/wp-content\/uploads\/sites\/5\/2025\/06\/calor-altas-temperaturas.jpg","type":"image\/jpeg"}],"author":"Staff","twitter_card":"summary_large_image","twitter_misc":{"Escrito por":"Staff","Tiempo de lectura":"2 minutos"},"schema":{"@context":"https:\/\/schema.org","@graph":[{"@type":"Article","@id":"https:\/\/www.bbmnoticias.com\/blog\/2025\/06\/09\/canicula-2025-que-es-y-cuando-empieza-en-mexico\/#article","isPartOf":{"@id":"https:\/\/www.bbmnoticias.com\/labravaradiofm\/2025\/06\/09\/canicula-2025-que-es-y-cuando-empieza-en-mexico\/"},"author":{"name":"Staff","@id":"https:\/\/www.bbmnoticias.com\/labravaradiofm\/#\/schema\/person\/34b139c617a70ea5bef5678bffe4dd7b"},"headline":"Can\u00edcula 2025: \u00bfqu\u00e9 es y cu\u00e1ndo empieza en M\u00e9xico?","datePublished":"2025-06-10T00:04:13+00:00","dateModified":"2025-06-10T00:04:43+00:00","mainEntityOfPage":{"@id":"https:\/\/www.bbmnoticias.com\/labravaradiofm\/2025\/06\/09\/canicula-2025-que-es-y-cuando-empieza-en-mexico\/"},"wordCount":481,"image":{"@id":"https:\/\/www.bbmnoticias.com\/blog\/2025\/06\/09\/canicula-2025-que-es-y-cuando-empieza-en-mexico\/#primaryimage"},"thumbnailUrl":"https:\/\/www.bbmnoticias.com\/labravaradiofm\/wp-content\/uploads\/sites\/5\/2025\/06\/calor-altas-temperaturas.jpg","articleSection":["LOCAL","NACIONAL"],"inLanguage":"es"},{"@type":"WebPage","@id":"https:\/\/www.bbmnoticias.com\/labravaradiofm\/2025\/06\/09\/canicula-2025-que-es-y-cuando-empieza-en-mexico\/","url":"https:\/\/www.bbmnoticias.com\/blog\/2025\/06\/09\/canicula-2025-que-es-y-cuando-empieza-en-mexico\/","name":"Can\u00edcula 2025: \u00bfqu\u00e9 es y cu\u00e1ndo empieza en M\u00e9xico? - LA BRAVA RADIO","isPartOf":{"@id":"https:\/\/www.bbmnoticias.com\/labravaradiofm\/#website"},"primaryImageOfPage":{"@id":"https:\/\/www.bbmnoticias.com\/blog\/2025\/06\/09\/canicula-2025-que-es-y-cuando-empieza-en-mexico\/#primaryimage"},"image":{"@id":"https:\/\/www.bbmnoticias.com\/blog\/2025\/06\/09\/canicula-2025-que-es-y-cuando-empieza-en-mexico\/#primaryimage"},"thumbnailUrl":"https:\/\/www.bbmnoticias.com\/labravaradiofm\/wp-content\/uploads\/sites\/5\/2025\/06\/calor-altas-temperaturas.jpg","datePublished":"2025-06-10T00:04:13+00:00","dateModified":"2025-06-10T00:04:43+00:00","author":{"@id":"https:\/\/www.bbmnoticias.com\/labravaradiofm\/#\/schema\/person\/34b139c617a70ea5bef5678bffe4dd7b"},"breadcrumb":{"@id":"https:\/\/www.bbmnoticias.com\/blog\/2025\/06\/09\/canicula-2025-que-es-y-cuando-empieza-en-mexico\/#breadcrumb"},"inLanguage":"es","potentialAction":[{"@type":"ReadAction","target":["https:\/\/www.bbmnoticias.com\/blog\/2025\/06\/09\/canicula-2025-que-es-y-cuando-empieza-en-mexico\/"]}]},{"@type":"ImageObject","inLanguage":"es","@id":"https:\/\/www.bbmnoticias.com\/blog\/2025\/06\/09\/canicula-2025-que-es-y-cuando-empieza-en-mexico\/#primaryimage","url":"https:\/\/www.bbmnoticias.com\/labravaradiofm\/wp-content\/uploads\/sites\/5\/2025\/06\/calor-altas-temperaturas.jpg","contentUrl":"https:\/\/www.bbmnoticias.com\/labravaradiofm\/wp-content\/uploads\/sites\/5\/2025\/06\/calor-altas-temperaturas.jpg","width":1920,"height":1278},{"@type":"BreadcrumbList","@id":"https:\/\/www.bbmnoticias.com\/blog\/2025\/06\/09\/canicula-2025-que-es-y-cuando-empieza-en-mexico\/#breadcrumb","itemListElement":[{"@type":"ListItem","position":1,"name":"Inicio","item":"https:\/\/www.bbmnoticias.com\/labravaradiofm\/"},{"@type":"ListItem","position":2,"name":"Can\u00edcula 2025: \u00bfqu\u00e9 es y cu\u00e1ndo empieza en M\u00e9xico?"}]},{"@type":"WebSite","@id":"https:\/\/www.bbmnoticias.com\/labravaradiofm\/#website","url":"https:\/\/www.bbmnoticias.com\/labravaradiofm\/","name":"LA BRAVA RADIO","description":"Empresa productora de medios, Radiodifusi\u00f3n, Noticias, tendencias y todo lo que necesitas saber de la pol\u00edtica mexicana e internacional; entretenimiento, espect\u00e1culos, salud y mucho m\u00e1s.","potentialAction":[{"@type":"SearchAction","target":{"@type":"EntryPoint","urlTemplate":"https:\/\/www.bbmnoticias.com\/labravaradiofm\/?s={search_term_string}"},"query-input":{"@type":"PropertyValueSpecification","valueRequired":true,"valueName":"search_term_string"}}],"inLanguage":"es"},{"@type":"Person","@id":"https:\/\/www.bbmnoticias.com\/labravaradiofm\/#\/schema\/person\/34b139c617a70ea5bef5678bffe4dd7b","name":"Staff","image":{"@type":"ImageObject","inLanguage":"es","@id":"https:\/\/secure.gravatar.com\/avatar\/fdd21ad66fd8b98c407f9dee5b5e588cfe7f0d8579ec20fa6527cd59bab7f0f0?s=96&d=mm&r=g","url":"https:\/\/secure.gravatar.com\/avatar\/fdd21ad66fd8b98c407f9dee5b5e588cfe7f0d8579ec20fa6527cd59bab7f0f0?s=96&d=mm&r=g","contentUrl":"https:\/\/secure.gravatar.com\/avatar\/fdd21ad66fd8b98c407f9dee5b5e588cfe7f0d8579ec20fa6527cd59bab7f0f0?s=96&d=mm&r=g","caption":"Staff"},"url":"https:\/\/www.bbmnoticias.com\/labravaradiofm\/author\/redaccion\/"}]}},"_links":{"self":[{"href":"https:\/\/www.bbmnoticias.com\/labravaradiofm\/wp-json\/wp\/v2\/posts\/61543","targetHints":{"allow":["GET"]}}],"collection":[{"href":"https:\/\/www.bbmnoticias.com\/labravaradiofm\/wp-json\/wp\/v2\/posts"}],"about":[{"href":"https:\/\/www.bbmnoticias.com\/labravaradiofm\/wp-json\/wp\/v2\/types\/post"}],"author":[{"embeddable":true,"href":"https:\/\/www.bbmnoticias.com\/labravaradiofm\/wp-json\/wp\/v2\/users\/2"}],"replies":[{"embeddable":true,"href":"https:\/\/www.bbmnoticias.com\/labravaradiofm\/wp-json\/wp\/v2\/comments?post=61543"}],"version-history":[{"count":0,"href":"https:\/\/www.bbmnoticias.com\/labravaradiofm\/wp-json\/wp\/v2\/posts\/61543\/revisions"}],"wp:featuredmedia":[{"embeddable":true,"href":"https:\/\/www.bbmnoticias.com\/labravaradiofm\/wp-json\/wp\/v2\/media\/61545"}],"wp:attachment":[{"href":"https:\/\/www.bbmnoticias.com\/labravaradiofm\/wp-json\/wp\/v2\/media?parent=61543"}],"wp:term":[{"taxonomy":"category","embeddable":true,"href":"https:\/\/www.bbmnoticias.com\/labravaradiofm\/wp-json\/wp\/v2\/categories?post=61543"},{"taxonomy":"post_tag","embeddable":true,"href":"https:\/\/www.bbmnoticias.com\/labravaradiofm\/wp-json\/wp\/v2\/tags?post=61543"}],"curies":[{"name":"wp","href":"https:\/\/api.w.org\/{rel}","templated":true}]}}