{"id":61537,"date":"2025-06-09T15:01:56","date_gmt":"2025-06-09T21:01:56","guid":{"rendered":"https:\/\/www.bbmnoticias.com\/labravaradiofm\/2025\/06\/09\/ciclo-escolar-2025-2026-cuantos-dias-de-clases-habra-segun-el-calendario-de-la-sep\/"},"modified":"2025-06-09T15:02:03","modified_gmt":"2025-06-09T21:02:03","slug":"ciclo-escolar-2025-2026-cuantos-dias-de-clases-habra-segun-el-calendario-de-la-sep","status":"publish","type":"post","link":"https:\/\/www.bbmnoticias.com\/labravaradiofm\/2025\/06\/09\/ciclo-escolar-2025-2026-cuantos-dias-de-clases-habra-segun-el-calendario-de-la-sep\/","title":{"rendered":"Ciclo escolar 2025-2026: cu\u00e1ntos d\u00edas de clases habr\u00e1, seg\u00fan el calendario de la SEP"},"content":{"rendered":"<div style=\"margin-top: 0px; margin-bottom: 0px;\" class=\"sharethis-inline-share-buttons\" ><\/div>\n<p>Este\u00a0lunes 9 de junio de 2025, la <strong>Secretar\u00eda de Educaci\u00f3n P\u00fablica<\/strong> (SEP) de M\u00e9xico public\u00f3 en el Diario Oficial de la Federaci\u00f3n el Acuerdo por medio del cual se establecen\u00a0los calendarios escolares para el ciclo lectivo 2025-2026.\u00a0<\/p>\n\n\n\n<p>Este documento, firmado por el Secretario de Educaci\u00f3n P\u00fablica, Mario Delgado Carrillo, marca un hito importante para el <strong>sistema<\/strong> <strong>educativo<\/strong> <strong>nacional<\/strong> al detallar las fechas clave y los d\u00edas efectivos de clases, con dos versiones distintas: una de 185 d\u00edas y otra de 190 d\u00edas.\u00a0<\/p>\n\n\n\n<p>Esta publicaci\u00f3n no solo organiza el a\u00f1o escolar, sino que tambi\u00e9n refleja el compromiso de la <strong>Presidenta Claudia Sheinbaum Pardo<\/strong> con los agentes educativos, especialmente los maestros, al incluir beneficios como una semana extra de vacaciones en agosto.<\/p>\n\n\n\n<h2 class=\"wp-block-heading\">\u00bfCu\u00e1ntos d\u00edas de clases hay en el ciclo escolar 2025-2026?<\/h2>\n\n\n\n<figure class=\"wp-block-image\"><img decoding=\"async\" src=\"https:\/\/heraldodemexico.com.mx\/u\/fotografias\/m\/2025\/6\/9\/f768x1-1139045_1139172_5050.jpeg\" alt=\"\"\/><figcaption class=\"wp-element-caption\">La SEP revel\u00f3 los dos calendarios existentes. Foto: Especial<\/figcaption><\/figure>\n\n\n\n<p>Seg\u00fan el <strong>calendario<\/strong> <strong>publicado<\/strong> este lunes 9 de junio de 2025 por la Secretar\u00eda de Educaci\u00f3n P\u00fablica (SEP), el ciclo escolar 2025-2026 tendr\u00e1:<\/p>\n\n\n\n<ul class=\"wp-block-list\">\n<li>185 d\u00edas de clases para educaci\u00f3n preescolar, primaria y secundaria.<\/li>\n\n\n\n<li>190 d\u00edas de clases para escuelas normales y formaci\u00f3n de maestras y maestros de educaci\u00f3n b\u00e1sica.<\/li>\n<\/ul>\n\n\n\n<p>La diferencia responde a las<strong> necesidades espec\u00edficas<\/strong> de cada <strong>nivel<\/strong> <strong>educativo<\/strong>. El calendario de 190 d\u00edas agrega semanas de formaci\u00f3n y evaluaci\u00f3n para docentes, mientras que el de 185 d\u00edas prioriza los d\u00edas efectivos de clase para estudiantes. Ambos respetan las fechas establecidas en el acuerdo (1 de septiembre de 2025 al 15 de julio de 2026) y las vacaciones adicionales en agosto.<\/p>\n\n\n\n<h2 class=\"wp-block-heading\">\u00bfPor qu\u00e9 existen dos versiones del calendario?<\/h2>\n\n\n\n<p>La existencia de dos calendarios responde a las necesidades espec\u00edficas de los distintos <strong>niveles<\/strong> y <strong>modalidades<\/strong> <strong>educativas<\/strong>. El <strong>calendario de 185 d\u00edas<\/strong> est\u00e1 dise\u00f1ado para estudiantes de educaci\u00f3n preescolar, primaria y secundaria, cumpliendo con el m\u00ednimo de d\u00edas efectivos de clase establecido por la Ley General de Educaci\u00f3n.&nbsp;<\/p>\n\n\n\n<p>Por otro lado, el <strong>calendario de 190 d\u00edas<\/strong> se aplica a las escuelas normales y a los programas de formaci\u00f3n de maestras y maestros de educaci\u00f3n b\u00e1sica, incorporando d\u00edas adicionales para actividades de capacitaci\u00f3n, planificaci\u00f3n y evaluaci\u00f3n docente.&nbsp;<\/p>\n\n\n\n<p>Esta distinci\u00f3n asegura que tanto los alumnos como los futuros educadores <strong>reciban la atenci\u00f3n necesaria<\/strong>, aline\u00e1ndose con los objetivos de calidad educativa del <strong>gobierno<\/strong> <strong>mexicano<\/strong>.<\/p>\n\n\n\n<h2 class=\"wp-block-heading\">\u00bfA qui\u00e9nes les aplicar\u00e1 el calendario escolar?<\/h2>\n\n\n\n<figure class=\"wp-block-image\"><img decoding=\"async\" src=\"https:\/\/heraldodemexico.com.mx\/u\/fotografias\/m\/2025\/6\/7\/f768x1-1138304_1138431_8054.jpg\" alt=\"\"\/><figcaption class=\"wp-element-caption\">Los calendarios abarcan a estudiantes de los 32 estados. Foto: Cuartoscuro<\/figcaption><\/figure>\n\n\n\n<p>El calendario de 185 d\u00edas ser\u00e1 obligatorio para todas las escuelas de educaci\u00f3n preescolar, primaria y secundaria, tanto p\u00fablicas como particulares incorporadas al Sistema Educativo Nacional, abarcando a millones de estudiantes en los 32 estados de la Rep\u00fablica.\u00a0<\/p>\n\n\n\n<p>En contraste, el calendario de 190 d\u00edas se dirige a las <strong>instituciones<\/strong> normales y a los programas de formaci\u00f3n docente, afectando a quienes se preparan para ejercer la ense\u00f1anza en niveles b\u00e1sicos.&nbsp;<\/p>\n\n\n\n<p>Esta segmentaci\u00f3n garantiza que cada sector educativo cuente con un<strong> plan adaptado a sus requerimientos<\/strong>, promoviendo un equilibrio entre <strong>aprendizaje<\/strong> estudiantil y <strong>desarrollo<\/strong> profesional.<\/p>\n\n\n\n<h2 class=\"wp-block-heading\">Fechas clave para alumnos y padres<\/h2>\n\n\n\n<figure class=\"wp-block-image\"><img decoding=\"async\" src=\"https:\/\/heraldodemexico.com.mx\/u\/fotografias\/m\/2025\/5\/11\/f768x1-1125399_1125526_5050.jpg\" alt=\"\"\/><figcaption class=\"wp-element-caption\">Los padres podr\u00e1n planificar los d\u00edas clave del calendario. Foto: Especial<\/figcaption><\/figure>\n\n\n\n<p>Los alumnos y padres de familia deben tener en cuenta las<strong> siguientes fechas clave<\/strong> para el ciclo 2025-2026:<\/p>\n\n\n\n<ul class=\"wp-block-list\">\n<li>Inicio de clases: Lunes, 1 de septiembre de 2025, marcando el comienzo del a\u00f1o escolar para todos los niveles.<\/li>\n\n\n\n<li>Vacaciones de diciembre: Receso de clases del 22 de diciembre de 2025 al 6 de enero de 2026, por las festividades de fin de a\u00f1o.<\/li>\n\n\n\n<li>Semana santa: Suspensi\u00f3n de labores del 30 de marzo al 6 de abril de 2026, incluyendo el per\u00edodo de Semana Santa.<\/li>\n\n\n\n<li>Fin de ciclo: Mi\u00e9rcoles, 15 de julio de 2026, fecha en que concluyen las clases para estudiantes.<\/li>\n\n\n\n<li>Vacaciones adicionales: Una semana extra en agosto de 2026 para maestras y maestros, lo que podr\u00eda influir en la planificaci\u00f3n de actividades familiares.<\/li>\n<\/ul>\n\n\n\n<p>Estas fechas, detalladas en los calendarios oficiales, permiten a las familias<strong> anticiparse a los per\u00edodos de descanso <\/strong>y organizar actividades extracurriculares o viajes. Adem\u00e1s, se incluyen jornadas de <strong>concientizaci\u00f3n&nbsp;<\/strong>y talleres intensivos para docentes, que enriquecen el entorno educativo sin afectar el calendario estudiantil.<\/p>\n","protected":false},"excerpt":{"rendered":"<p>Este\u00a0lunes 9 de junio de 2025, la Secretar\u00eda de Educaci\u00f3n P\u00fablica (SEP) de M\u00e9xico public\u00f3 en el Diario Oficial de la Federaci\u00f3n el Acuerdo por medio del cual se establecen\u00a0los calendarios escolares para el ciclo lectivo 2025-2026.\u00a0 Este documento, firmado por el Secretario de Educaci\u00f3n P\u00fablica, Mario Delgado Carrillo, marca un hito importante para el [&hellip;]<\/p>\n","protected":false},"author":15,"featured_media":61539,"comment_status":"closed","ping_status":"","sticky":false,"template":"","format":"standard","meta":{"footnotes":""},"categories":[2,19],"tags":[],"class_list":{"0":"post-61537","1":"post","2":"type-post","3":"status-publish","4":"format-standard","5":"has-post-thumbnail","7":"category-oaxaca","8":"category-nacional"},"yoast_head":"<!-- This site is optimized with the Yoast SEO plugin v27.4 - https:\/\/yoast.com\/product\/yoast-seo-wordpress\/ -->\n<title>Ciclo escolar 2025-2026: cu\u00e1ntos d\u00edas de clases habr\u00e1, seg\u00fan el calendario de la SEP - LA BRAVA RADIO<\/title>\n<meta name=\"robots\" content=\"index, follow, max-snippet:-1, max-image-preview:large, max-video-preview:-1\" \/>\n<link rel=\"canonical\" href=\"https:\/\/www.bbmnoticias.com\/blog\/2025\/06\/09\/ciclo-escolar-2025-2026-cuantos-dias-de-clases-habra-segun-el-calendario-de-la-sep\/\" \/>\n<meta property=\"og:locale\" content=\"es_MX\" \/>\n<meta property=\"og:type\" content=\"article\" \/>\n<meta property=\"og:title\" content=\"Ciclo escolar 2025-2026: cu\u00e1ntos d\u00edas de clases habr\u00e1, seg\u00fan el calendario de la SEP - LA BRAVA RADIO\" \/>\n<meta property=\"og:description\" content=\"Este\u00a0lunes 9 de junio de 2025, la Secretar\u00eda de Educaci\u00f3n P\u00fablica (SEP) de M\u00e9xico public\u00f3 en el Diario Oficial de la Federaci\u00f3n el Acuerdo por medio del cual se establecen\u00a0los calendarios escolares para el ciclo lectivo 2025-2026.\u00a0 Este documento, firmado por el Secretario de Educaci\u00f3n P\u00fablica, Mario Delgado Carrillo, marca un hito importante para el [&hellip;]\" \/>\n<meta property=\"og:url\" content=\"https:\/\/www.bbmnoticias.com\/blog\/2025\/06\/09\/ciclo-escolar-2025-2026-cuantos-dias-de-clases-habra-segun-el-calendario-de-la-sep\/\" \/>\n<meta property=\"og:site_name\" content=\"LA BRAVA RADIO\" \/>\n<meta property=\"article:published_time\" content=\"2025-06-09T21:01:56+00:00\" \/>\n<meta property=\"article:modified_time\" content=\"2025-06-09T21:02:03+00:00\" \/>\n<meta property=\"og:image\" content=\"https:\/\/www.bbmnoticias.com\/labravaradiofm\/wp-content\/uploads\/sites\/5\/2025\/06\/calendario_sep.jpg\" \/>\n\t<meta property=\"og:image:width\" content=\"848\" \/>\n\t<meta property=\"og:image:height\" content=\"477\" \/>\n\t<meta property=\"og:image:type\" content=\"image\/jpeg\" \/>\n<meta name=\"author\" content=\"El Heraldo\" \/>\n<meta name=\"twitter:card\" content=\"summary_large_image\" \/>\n<meta name=\"twitter:label1\" content=\"Escrito por\" \/>\n\t<meta name=\"twitter:data1\" content=\"El Heraldo\" \/>\n\t<meta name=\"twitter:label2\" content=\"Tiempo de lectura\" \/>\n\t<meta name=\"twitter:data2\" content=\"4 minutos\" \/>\n<script type=\"application\/ld+json\" class=\"yoast-schema-graph\">{\"@context\":\"https:\\\/\\\/schema.org\",\"@graph\":[{\"@type\":\"Article\",\"@id\":\"https:\\\/\\\/www.bbmnoticias.com\\\/blog\\\/2025\\\/06\\\/09\\\/ciclo-escolar-2025-2026-cuantos-dias-de-clases-habra-segun-el-calendario-de-la-sep\\\/#article\",\"isPartOf\":{\"@id\":\"https:\\\/\\\/www.bbmnoticias.com\\\/labravaradiofm\\\/2025\\\/06\\\/09\\\/ciclo-escolar-2025-2026-cuantos-dias-de-clases-habra-segun-el-calendario-de-la-sep\\\/\"},\"author\":{\"name\":\"El Heraldo\",\"@id\":\"https:\\\/\\\/www.bbmnoticias.com\\\/labravaradiofm\\\/#\\\/schema\\\/person\\\/1d485366d29083d2d818c24013f8cbc0\"},\"headline\":\"Ciclo escolar 2025-2026: cu\u00e1ntos d\u00edas de clases habr\u00e1, seg\u00fan el calendario de la SEP\",\"datePublished\":\"2025-06-09T21:01:56+00:00\",\"dateModified\":\"2025-06-09T21:02:03+00:00\",\"mainEntityOfPage\":{\"@id\":\"https:\\\/\\\/www.bbmnoticias.com\\\/labravaradiofm\\\/2025\\\/06\\\/09\\\/ciclo-escolar-2025-2026-cuantos-dias-de-clases-habra-segun-el-calendario-de-la-sep\\\/\"},\"wordCount\":727,\"image\":{\"@id\":\"https:\\\/\\\/www.bbmnoticias.com\\\/blog\\\/2025\\\/06\\\/09\\\/ciclo-escolar-2025-2026-cuantos-dias-de-clases-habra-segun-el-calendario-de-la-sep\\\/#primaryimage\"},\"thumbnailUrl\":\"https:\\\/\\\/www.bbmnoticias.com\\\/labravaradiofm\\\/wp-content\\\/uploads\\\/sites\\\/5\\\/2025\\\/06\\\/calendario_sep.jpg\",\"articleSection\":[\"LOCAL\",\"NACIONAL\"],\"inLanguage\":\"es\"},{\"@type\":\"WebPage\",\"@id\":\"https:\\\/\\\/www.bbmnoticias.com\\\/labravaradiofm\\\/2025\\\/06\\\/09\\\/ciclo-escolar-2025-2026-cuantos-dias-de-clases-habra-segun-el-calendario-de-la-sep\\\/\",\"url\":\"https:\\\/\\\/www.bbmnoticias.com\\\/blog\\\/2025\\\/06\\\/09\\\/ciclo-escolar-2025-2026-cuantos-dias-de-clases-habra-segun-el-calendario-de-la-sep\\\/\",\"name\":\"Ciclo escolar 2025-2026: cu\u00e1ntos d\u00edas de clases habr\u00e1, seg\u00fan el calendario de la SEP - LA BRAVA RADIO\",\"isPartOf\":{\"@id\":\"https:\\\/\\\/www.bbmnoticias.com\\\/labravaradiofm\\\/#website\"},\"primaryImageOfPage\":{\"@id\":\"https:\\\/\\\/www.bbmnoticias.com\\\/blog\\\/2025\\\/06\\\/09\\\/ciclo-escolar-2025-2026-cuantos-dias-de-clases-habra-segun-el-calendario-de-la-sep\\\/#primaryimage\"},\"image\":{\"@id\":\"https:\\\/\\\/www.bbmnoticias.com\\\/blog\\\/2025\\\/06\\\/09\\\/ciclo-escolar-2025-2026-cuantos-dias-de-clases-habra-segun-el-calendario-de-la-sep\\\/#primaryimage\"},\"thumbnailUrl\":\"https:\\\/\\\/www.bbmnoticias.com\\\/labravaradiofm\\\/wp-content\\\/uploads\\\/sites\\\/5\\\/2025\\\/06\\\/calendario_sep.jpg\",\"datePublished\":\"2025-06-09T21:01:56+00:00\",\"dateModified\":\"2025-06-09T21:02:03+00:00\",\"author\":{\"@id\":\"https:\\\/\\\/www.bbmnoticias.com\\\/labravaradiofm\\\/#\\\/schema\\\/person\\\/1d485366d29083d2d818c24013f8cbc0\"},\"breadcrumb\":{\"@id\":\"https:\\\/\\\/www.bbmnoticias.com\\\/blog\\\/2025\\\/06\\\/09\\\/ciclo-escolar-2025-2026-cuantos-dias-de-clases-habra-segun-el-calendario-de-la-sep\\\/#breadcrumb\"},\"inLanguage\":\"es\",\"potentialAction\":[{\"@type\":\"ReadAction\",\"target\":[\"https:\\\/\\\/www.bbmnoticias.com\\\/blog\\\/2025\\\/06\\\/09\\\/ciclo-escolar-2025-2026-cuantos-dias-de-clases-habra-segun-el-calendario-de-la-sep\\\/\"]}]},{\"@type\":\"ImageObject\",\"inLanguage\":\"es\",\"@id\":\"https:\\\/\\\/www.bbmnoticias.com\\\/blog\\\/2025\\\/06\\\/09\\\/ciclo-escolar-2025-2026-cuantos-dias-de-clases-habra-segun-el-calendario-de-la-sep\\\/#primaryimage\",\"url\":\"https:\\\/\\\/www.bbmnoticias.com\\\/labravaradiofm\\\/wp-content\\\/uploads\\\/sites\\\/5\\\/2025\\\/06\\\/calendario_sep.jpg\",\"contentUrl\":\"https:\\\/\\\/www.bbmnoticias.com\\\/labravaradiofm\\\/wp-content\\\/uploads\\\/sites\\\/5\\\/2025\\\/06\\\/calendario_sep.jpg\",\"width\":848,\"height\":477},{\"@type\":\"BreadcrumbList\",\"@id\":\"https:\\\/\\\/www.bbmnoticias.com\\\/blog\\\/2025\\\/06\\\/09\\\/ciclo-escolar-2025-2026-cuantos-dias-de-clases-habra-segun-el-calendario-de-la-sep\\\/#breadcrumb\",\"itemListElement\":[{\"@type\":\"ListItem\",\"position\":1,\"name\":\"Inicio\",\"item\":\"https:\\\/\\\/www.bbmnoticias.com\\\/labravaradiofm\\\/\"},{\"@type\":\"ListItem\",\"position\":2,\"name\":\"Ciclo escolar 2025-2026: cu\u00e1ntos d\u00edas de clases habr\u00e1, seg\u00fan el calendario de la SEP\"}]},{\"@type\":\"WebSite\",\"@id\":\"https:\\\/\\\/www.bbmnoticias.com\\\/labravaradiofm\\\/#website\",\"url\":\"https:\\\/\\\/www.bbmnoticias.com\\\/labravaradiofm\\\/\",\"name\":\"LA BRAVA RADIO\",\"description\":\"Empresa productora de medios, Radiodifusi\u00f3n, Noticias, tendencias y todo lo que necesitas saber de la pol\u00edtica mexicana e internacional; entretenimiento, espect\u00e1culos, salud y mucho m\u00e1s.\",\"potentialAction\":[{\"@type\":\"SearchAction\",\"target\":{\"@type\":\"EntryPoint\",\"urlTemplate\":\"https:\\\/\\\/www.bbmnoticias.com\\\/labravaradiofm\\\/?s={search_term_string}\"},\"query-input\":{\"@type\":\"PropertyValueSpecification\",\"valueRequired\":true,\"valueName\":\"search_term_string\"}}],\"inLanguage\":\"es\"},{\"@type\":\"Person\",\"@id\":\"https:\\\/\\\/www.bbmnoticias.com\\\/labravaradiofm\\\/#\\\/schema\\\/person\\\/1d485366d29083d2d818c24013f8cbc0\",\"name\":\"El Heraldo\",\"image\":{\"@type\":\"ImageObject\",\"inLanguage\":\"es\",\"@id\":\"https:\\\/\\\/secure.gravatar.com\\\/avatar\\\/463017be041288b5a196814ef7242bd62699b857f306e4b5b61b533e8a87f404?s=96&d=mm&r=g\",\"url\":\"https:\\\/\\\/secure.gravatar.com\\\/avatar\\\/463017be041288b5a196814ef7242bd62699b857f306e4b5b61b533e8a87f404?s=96&d=mm&r=g\",\"contentUrl\":\"https:\\\/\\\/secure.gravatar.com\\\/avatar\\\/463017be041288b5a196814ef7242bd62699b857f306e4b5b61b533e8a87f404?s=96&d=mm&r=g\",\"caption\":\"El Heraldo\"},\"url\":\"https:\\\/\\\/www.bbmnoticias.com\\\/labravaradiofm\\\/author\\\/heraldo\\\/\"}]}<\/script>\n<!-- \/ Yoast SEO plugin. -->","yoast_head_json":{"title":"Ciclo escolar 2025-2026: cu\u00e1ntos d\u00edas de clases habr\u00e1, seg\u00fan el calendario de la SEP - LA BRAVA RADIO","robots":{"index":"index","follow":"follow","max-snippet":"max-snippet:-1","max-image-preview":"max-image-preview:large","max-video-preview":"max-video-preview:-1"},"canonical":"https:\/\/www.bbmnoticias.com\/blog\/2025\/06\/09\/ciclo-escolar-2025-2026-cuantos-dias-de-clases-habra-segun-el-calendario-de-la-sep\/","og_locale":"es_MX","og_type":"article","og_title":"Ciclo escolar 2025-2026: cu\u00e1ntos d\u00edas de clases habr\u00e1, seg\u00fan el calendario de la SEP - LA BRAVA RADIO","og_description":"Este\u00a0lunes 9 de junio de 2025, la Secretar\u00eda de Educaci\u00f3n P\u00fablica (SEP) de M\u00e9xico public\u00f3 en el Diario Oficial de la Federaci\u00f3n el Acuerdo por medio del cual se establecen\u00a0los calendarios escolares para el ciclo lectivo 2025-2026.\u00a0 Este documento, firmado por el Secretario de Educaci\u00f3n P\u00fablica, Mario Delgado Carrillo, marca un hito importante para el [&hellip;]","og_url":"https:\/\/www.bbmnoticias.com\/blog\/2025\/06\/09\/ciclo-escolar-2025-2026-cuantos-dias-de-clases-habra-segun-el-calendario-de-la-sep\/","og_site_name":"LA BRAVA RADIO","article_published_time":"2025-06-09T21:01:56+00:00","article_modified_time":"2025-06-09T21:02:03+00:00","og_image":[{"width":848,"height":477,"url":"https:\/\/www.bbmnoticias.com\/labravaradiofm\/wp-content\/uploads\/sites\/5\/2025\/06\/calendario_sep.jpg","type":"image\/jpeg"}],"author":"El Heraldo","twitter_card":"summary_large_image","twitter_misc":{"Escrito por":"El Heraldo","Tiempo de lectura":"4 minutos"},"schema":{"@context":"https:\/\/schema.org","@graph":[{"@type":"Article","@id":"https:\/\/www.bbmnoticias.com\/blog\/2025\/06\/09\/ciclo-escolar-2025-2026-cuantos-dias-de-clases-habra-segun-el-calendario-de-la-sep\/#article","isPartOf":{"@id":"https:\/\/www.bbmnoticias.com\/labravaradiofm\/2025\/06\/09\/ciclo-escolar-2025-2026-cuantos-dias-de-clases-habra-segun-el-calendario-de-la-sep\/"},"author":{"name":"El Heraldo","@id":"https:\/\/www.bbmnoticias.com\/labravaradiofm\/#\/schema\/person\/1d485366d29083d2d818c24013f8cbc0"},"headline":"Ciclo escolar 2025-2026: cu\u00e1ntos d\u00edas de clases habr\u00e1, seg\u00fan el calendario de la SEP","datePublished":"2025-06-09T21:01:56+00:00","dateModified":"2025-06-09T21:02:03+00:00","mainEntityOfPage":{"@id":"https:\/\/www.bbmnoticias.com\/labravaradiofm\/2025\/06\/09\/ciclo-escolar-2025-2026-cuantos-dias-de-clases-habra-segun-el-calendario-de-la-sep\/"},"wordCount":727,"image":{"@id":"https:\/\/www.bbmnoticias.com\/blog\/2025\/06\/09\/ciclo-escolar-2025-2026-cuantos-dias-de-clases-habra-segun-el-calendario-de-la-sep\/#primaryimage"},"thumbnailUrl":"https:\/\/www.bbmnoticias.com\/labravaradiofm\/wp-content\/uploads\/sites\/5\/2025\/06\/calendario_sep.jpg","articleSection":["LOCAL","NACIONAL"],"inLanguage":"es"},{"@type":"WebPage","@id":"https:\/\/www.bbmnoticias.com\/labravaradiofm\/2025\/06\/09\/ciclo-escolar-2025-2026-cuantos-dias-de-clases-habra-segun-el-calendario-de-la-sep\/","url":"https:\/\/www.bbmnoticias.com\/blog\/2025\/06\/09\/ciclo-escolar-2025-2026-cuantos-dias-de-clases-habra-segun-el-calendario-de-la-sep\/","name":"Ciclo escolar 2025-2026: cu\u00e1ntos d\u00edas de clases habr\u00e1, seg\u00fan el calendario de la SEP - LA BRAVA RADIO","isPartOf":{"@id":"https:\/\/www.bbmnoticias.com\/labravaradiofm\/#website"},"primaryImageOfPage":{"@id":"https:\/\/www.bbmnoticias.com\/blog\/2025\/06\/09\/ciclo-escolar-2025-2026-cuantos-dias-de-clases-habra-segun-el-calendario-de-la-sep\/#primaryimage"},"image":{"@id":"https:\/\/www.bbmnoticias.com\/blog\/2025\/06\/09\/ciclo-escolar-2025-2026-cuantos-dias-de-clases-habra-segun-el-calendario-de-la-sep\/#primaryimage"},"thumbnailUrl":"https:\/\/www.bbmnoticias.com\/labravaradiofm\/wp-content\/uploads\/sites\/5\/2025\/06\/calendario_sep.jpg","datePublished":"2025-06-09T21:01:56+00:00","dateModified":"2025-06-09T21:02:03+00:00","author":{"@id":"https:\/\/www.bbmnoticias.com\/labravaradiofm\/#\/schema\/person\/1d485366d29083d2d818c24013f8cbc0"},"breadcrumb":{"@id":"https:\/\/www.bbmnoticias.com\/blog\/2025\/06\/09\/ciclo-escolar-2025-2026-cuantos-dias-de-clases-habra-segun-el-calendario-de-la-sep\/#breadcrumb"},"inLanguage":"es","potentialAction":[{"@type":"ReadAction","target":["https:\/\/www.bbmnoticias.com\/blog\/2025\/06\/09\/ciclo-escolar-2025-2026-cuantos-dias-de-clases-habra-segun-el-calendario-de-la-sep\/"]}]},{"@type":"ImageObject","inLanguage":"es","@id":"https:\/\/www.bbmnoticias.com\/blog\/2025\/06\/09\/ciclo-escolar-2025-2026-cuantos-dias-de-clases-habra-segun-el-calendario-de-la-sep\/#primaryimage","url":"https:\/\/www.bbmnoticias.com\/labravaradiofm\/wp-content\/uploads\/sites\/5\/2025\/06\/calendario_sep.jpg","contentUrl":"https:\/\/www.bbmnoticias.com\/labravaradiofm\/wp-content\/uploads\/sites\/5\/2025\/06\/calendario_sep.jpg","width":848,"height":477},{"@type":"BreadcrumbList","@id":"https:\/\/www.bbmnoticias.com\/blog\/2025\/06\/09\/ciclo-escolar-2025-2026-cuantos-dias-de-clases-habra-segun-el-calendario-de-la-sep\/#breadcrumb","itemListElement":[{"@type":"ListItem","position":1,"name":"Inicio","item":"https:\/\/www.bbmnoticias.com\/labravaradiofm\/"},{"@type":"ListItem","position":2,"name":"Ciclo escolar 2025-2026: cu\u00e1ntos d\u00edas de clases habr\u00e1, seg\u00fan el calendario de la SEP"}]},{"@type":"WebSite","@id":"https:\/\/www.bbmnoticias.com\/labravaradiofm\/#website","url":"https:\/\/www.bbmnoticias.com\/labravaradiofm\/","name":"LA BRAVA RADIO","description":"Empresa productora de medios, Radiodifusi\u00f3n, Noticias, tendencias y todo lo que necesitas saber de la pol\u00edtica mexicana e internacional; entretenimiento, espect\u00e1culos, salud y mucho m\u00e1s.","potentialAction":[{"@type":"SearchAction","target":{"@type":"EntryPoint","urlTemplate":"https:\/\/www.bbmnoticias.com\/labravaradiofm\/?s={search_term_string}"},"query-input":{"@type":"PropertyValueSpecification","valueRequired":true,"valueName":"search_term_string"}}],"inLanguage":"es"},{"@type":"Person","@id":"https:\/\/www.bbmnoticias.com\/labravaradiofm\/#\/schema\/person\/1d485366d29083d2d818c24013f8cbc0","name":"El Heraldo","image":{"@type":"ImageObject","inLanguage":"es","@id":"https:\/\/secure.gravatar.com\/avatar\/463017be041288b5a196814ef7242bd62699b857f306e4b5b61b533e8a87f404?s=96&d=mm&r=g","url":"https:\/\/secure.gravatar.com\/avatar\/463017be041288b5a196814ef7242bd62699b857f306e4b5b61b533e8a87f404?s=96&d=mm&r=g","contentUrl":"https:\/\/secure.gravatar.com\/avatar\/463017be041288b5a196814ef7242bd62699b857f306e4b5b61b533e8a87f404?s=96&d=mm&r=g","caption":"El Heraldo"},"url":"https:\/\/www.bbmnoticias.com\/labravaradiofm\/author\/heraldo\/"}]}},"_links":{"self":[{"href":"https:\/\/www.bbmnoticias.com\/labravaradiofm\/wp-json\/wp\/v2\/posts\/61537","targetHints":{"allow":["GET"]}}],"collection":[{"href":"https:\/\/www.bbmnoticias.com\/labravaradiofm\/wp-json\/wp\/v2\/posts"}],"about":[{"href":"https:\/\/www.bbmnoticias.com\/labravaradiofm\/wp-json\/wp\/v2\/types\/post"}],"author":[{"embeddable":true,"href":"https:\/\/www.bbmnoticias.com\/labravaradiofm\/wp-json\/wp\/v2\/users\/15"}],"replies":[{"embeddable":true,"href":"https:\/\/www.bbmnoticias.com\/labravaradiofm\/wp-json\/wp\/v2\/comments?post=61537"}],"version-history":[{"count":0,"href":"https:\/\/www.bbmnoticias.com\/labravaradiofm\/wp-json\/wp\/v2\/posts\/61537\/revisions"}],"wp:featuredmedia":[{"embeddable":true,"href":"https:\/\/www.bbmnoticias.com\/labravaradiofm\/wp-json\/wp\/v2\/media\/61539"}],"wp:attachment":[{"href":"https:\/\/www.bbmnoticias.com\/labravaradiofm\/wp-json\/wp\/v2\/media?parent=61537"}],"wp:term":[{"taxonomy":"category","embeddable":true,"href":"https:\/\/www.bbmnoticias.com\/labravaradiofm\/wp-json\/wp\/v2\/categories?post=61537"},{"taxonomy":"post_tag","embeddable":true,"href":"https:\/\/www.bbmnoticias.com\/labravaradiofm\/wp-json\/wp\/v2\/tags?post=61537"}],"curies":[{"name":"wp","href":"https:\/\/api.w.org\/{rel}","templated":true}]}}