{"id":61525,"date":"2025-06-09T12:52:19","date_gmt":"2025-06-09T18:52:19","guid":{"rendered":"https:\/\/www.bbmnoticias.com\/labravaradiofm\/2025\/06\/09\/la-transformacion-llega-a-las-agencias-municipales-gobernador-y-presidente-reafirman-compromisos-con-el-pueblo-2\/"},"modified":"2025-06-09T12:52:25","modified_gmt":"2025-06-09T18:52:25","slug":"la-transformacion-llega-a-las-agencias-municipales-gobernador-y-presidente-reafirman-compromisos-con-el-pueblo-2","status":"publish","type":"post","link":"https:\/\/www.bbmnoticias.com\/labravaradiofm\/2025\/06\/09\/la-transformacion-llega-a-las-agencias-municipales-gobernador-y-presidente-reafirman-compromisos-con-el-pueblo-2\/","title":{"rendered":"La transformaci\u00f3n llega a las agencias municipales: Gobernador y Presidente reafirman compromisos con el pueblo"},"content":{"rendered":"<div style=\"margin-top: 0px; margin-bottom: 0px;\" class=\"sharethis-inline-share-buttons\" ><\/div>\n<ul class=\"wp-block-list\">\n<li>Ray Chagoya y Salom\u00f3n Jara en la gira \u201cTrabajo que transforma tu municipio\u201d recorren cinco agencias de la capital<\/li>\n<\/ul>\n\n\n\n<p>Oaxaca de Ju\u00e1rez, Oax., 9 de junio de 2025.- Con el respaldo decidido del gobernador del estado, Salom\u00f3n Jara Cruz, el Municipio de Oaxaca de Ju\u00e1rez que preside Ray Chagoya avanza en la ruta de saldar la deuda hist\u00f3rica con sus agencias municipales.<\/p>\n\n\n\n<p>Como parte de la gira \u201cTrabajo que transforma tu municipio\u201d, este domingo visitaron Montoya, San Mart\u00edn Mexicapam, San Juan Chapultepec, Candiani y Cinco Se\u00f1ores, donde se anunciaron compromisos concretos en infraestructura, educaci\u00f3n, salud, cultura, deporte y servicios b\u00e1sicos.<\/p>\n\n\n\n<p>Estas acciones reflejan el nuevo rostro de un gobierno cercano a su gente, que prioriza la atenci\u00f3n directa en el territorio. Entre los compromisos cumplidos y en proceso destacan:<\/p>\n\n\n\n<ul class=\"wp-block-list\">\n<li>Acciones de bacheo y pavimentaci\u00f3n en accesos prioritarios, rehabilitaci\u00f3n de luminarias, poda de arbolado, mejora de m\u00f3dulos de seguridad.<\/li>\n\n\n\n<li>Tequios por la seguridad y promoci\u00f3n de actividades culturales y deportivas.<\/li>\n\n\n\n<li>Rehabilitaci\u00f3n de pozos, redes de drenaje, desazolve y sistemas de agua potable.<\/li>\n\n\n\n<li>Equipamiento de escuelas, construcci\u00f3n de aulas, ba\u00f1os y techados.<\/li>\n\n\n\n<li>Apoyo a grupos culturales y bandas de m\u00fasica infantil y juvenil.<\/li>\n<\/ul>\n\n\n\n<p>Entre otras acciones solicitadas de manera directa por vecinas y vecinos.<\/p>\n\n\n\n<p>En este sentido, el Ayuntamiento de Oaxaca de Ju\u00e1rez destaca que estos resultados son posibles gracias al trabajo coordinado entre el Gobierno del Estado, el Gobierno Municipal y la participaci\u00f3n activa de las agencias. Cada acci\u00f3n responde a demandas hist\u00f3ricas que por a\u00f1os fueron ignoradas.<\/p>\n\n\n\n<p>El presidente municipal Ray Chagoya expres\u00f3 su agradecimiento al gobernador Salom\u00f3n Jara Cruz por su respaldo a la capital, as\u00ed como a las y los concejales del Honorable Cabildo, quienes han acompa\u00f1ado esta gira de trabajo y refrendado su compromiso con el bienestar de las familias oaxaque\u00f1as.<\/p>\n","protected":false},"excerpt":{"rendered":"<p>Oaxaca de Ju\u00e1rez, Oax., 9 de junio de 2025.- Con el respaldo decidido del gobernador del estado, Salom\u00f3n Jara Cruz, el Municipio de Oaxaca de Ju\u00e1rez que preside Ray Chagoya avanza en la ruta de saldar la deuda hist\u00f3rica con sus agencias municipales. Como parte de la gira \u201cTrabajo que transforma tu municipio\u201d, este domingo [&hellip;]<\/p>\n","protected":false},"author":2,"featured_media":61527,"comment_status":"closed","ping_status":"","sticky":false,"template":"","format":"standard","meta":{"footnotes":""},"categories":[2],"tags":[],"class_list":{"0":"post-61525","1":"post","2":"type-post","3":"status-publish","4":"format-standard","5":"has-post-thumbnail","7":"category-oaxaca"},"yoast_head":"<!-- This site is optimized with the Yoast SEO plugin v27.4 - https:\/\/yoast.com\/product\/yoast-seo-wordpress\/ -->\n<title>La transformaci\u00f3n llega a las agencias municipales: Gobernador y Presidente reafirman compromisos con el pueblo - LA BRAVA RADIO<\/title>\n<meta name=\"robots\" content=\"index, follow, max-snippet:-1, max-image-preview:large, max-video-preview:-1\" \/>\n<link rel=\"canonical\" href=\"https:\/\/www.bbmnoticias.com\/blog\/2025\/06\/09\/la-transformacion-llega-a-las-agencias-municipales-gobernador-y-presidente-reafirman-compromisos-con-el-pueblo-2\/\" \/>\n<meta property=\"og:locale\" content=\"es_MX\" \/>\n<meta property=\"og:type\" content=\"article\" \/>\n<meta property=\"og:title\" content=\"La transformaci\u00f3n llega a las agencias municipales: Gobernador y Presidente reafirman compromisos con el pueblo - LA BRAVA RADIO\" \/>\n<meta property=\"og:description\" content=\"Oaxaca de Ju\u00e1rez, Oax., 9 de junio de 2025.- Con el respaldo decidido del gobernador del estado, Salom\u00f3n Jara Cruz, el Municipio de Oaxaca de Ju\u00e1rez que preside Ray Chagoya avanza en la ruta de saldar la deuda hist\u00f3rica con sus agencias municipales. Como parte de la gira \u201cTrabajo que transforma tu municipio\u201d, este domingo [&hellip;]\" \/>\n<meta property=\"og:url\" content=\"https:\/\/www.bbmnoticias.com\/blog\/2025\/06\/09\/la-transformacion-llega-a-las-agencias-municipales-gobernador-y-presidente-reafirman-compromisos-con-el-pueblo-2\/\" \/>\n<meta property=\"og:site_name\" content=\"LA BRAVA RADIO\" \/>\n<meta property=\"article:published_time\" content=\"2025-06-09T18:52:19+00:00\" \/>\n<meta property=\"article:modified_time\" content=\"2025-06-09T18:52:25+00:00\" \/>\n<meta property=\"og:image\" content=\"https:\/\/www.bbmnoticias.com\/labravaradiofm\/wp-content\/uploads\/sites\/5\/2025\/06\/sjc_ray_chagoya-1.jpg\" \/>\n\t<meta property=\"og:image:width\" content=\"800\" \/>\n\t<meta property=\"og:image:height\" content=\"534\" \/>\n\t<meta property=\"og:image:type\" content=\"image\/jpeg\" \/>\n<meta name=\"author\" content=\"Staff\" \/>\n<meta name=\"twitter:card\" content=\"summary_large_image\" \/>\n<meta name=\"twitter:label1\" content=\"Escrito por\" \/>\n\t<meta name=\"twitter:data1\" content=\"Staff\" \/>\n\t<meta name=\"twitter:label2\" content=\"Tiempo de lectura\" \/>\n\t<meta name=\"twitter:data2\" content=\"2 minutos\" \/>\n<script type=\"application\/ld+json\" class=\"yoast-schema-graph\">{\"@context\":\"https:\\\/\\\/schema.org\",\"@graph\":[{\"@type\":\"Article\",\"@id\":\"https:\\\/\\\/www.bbmnoticias.com\\\/blog\\\/2025\\\/06\\\/09\\\/la-transformacion-llega-a-las-agencias-municipales-gobernador-y-presidente-reafirman-compromisos-con-el-pueblo-2\\\/#article\",\"isPartOf\":{\"@id\":\"https:\\\/\\\/www.bbmnoticias.com\\\/labravaradiofm\\\/2025\\\/06\\\/09\\\/la-transformacion-llega-a-las-agencias-municipales-gobernador-y-presidente-reafirman-compromisos-con-el-pueblo-2\\\/\"},\"author\":{\"name\":\"Staff\",\"@id\":\"https:\\\/\\\/www.bbmnoticias.com\\\/labravaradiofm\\\/#\\\/schema\\\/person\\\/34b139c617a70ea5bef5678bffe4dd7b\"},\"headline\":\"La transformaci\u00f3n llega a las agencias municipales: Gobernador y Presidente reafirman compromisos con el pueblo\",\"datePublished\":\"2025-06-09T18:52:19+00:00\",\"dateModified\":\"2025-06-09T18:52:25+00:00\",\"mainEntityOfPage\":{\"@id\":\"https:\\\/\\\/www.bbmnoticias.com\\\/labravaradiofm\\\/2025\\\/06\\\/09\\\/la-transformacion-llega-a-las-agencias-municipales-gobernador-y-presidente-reafirman-compromisos-con-el-pueblo-2\\\/\"},\"wordCount\":335,\"image\":{\"@id\":\"https:\\\/\\\/www.bbmnoticias.com\\\/blog\\\/2025\\\/06\\\/09\\\/la-transformacion-llega-a-las-agencias-municipales-gobernador-y-presidente-reafirman-compromisos-con-el-pueblo-2\\\/#primaryimage\"},\"thumbnailUrl\":\"https:\\\/\\\/www.bbmnoticias.com\\\/labravaradiofm\\\/wp-content\\\/uploads\\\/sites\\\/5\\\/2025\\\/06\\\/sjc_ray_chagoya-1.jpg\",\"articleSection\":[\"LOCAL\"],\"inLanguage\":\"es\"},{\"@type\":\"WebPage\",\"@id\":\"https:\\\/\\\/www.bbmnoticias.com\\\/labravaradiofm\\\/2025\\\/06\\\/09\\\/la-transformacion-llega-a-las-agencias-municipales-gobernador-y-presidente-reafirman-compromisos-con-el-pueblo-2\\\/\",\"url\":\"https:\\\/\\\/www.bbmnoticias.com\\\/blog\\\/2025\\\/06\\\/09\\\/la-transformacion-llega-a-las-agencias-municipales-gobernador-y-presidente-reafirman-compromisos-con-el-pueblo-2\\\/\",\"name\":\"La transformaci\u00f3n llega a las agencias municipales: Gobernador y Presidente reafirman compromisos con el pueblo - LA BRAVA RADIO\",\"isPartOf\":{\"@id\":\"https:\\\/\\\/www.bbmnoticias.com\\\/labravaradiofm\\\/#website\"},\"primaryImageOfPage\":{\"@id\":\"https:\\\/\\\/www.bbmnoticias.com\\\/blog\\\/2025\\\/06\\\/09\\\/la-transformacion-llega-a-las-agencias-municipales-gobernador-y-presidente-reafirman-compromisos-con-el-pueblo-2\\\/#primaryimage\"},\"image\":{\"@id\":\"https:\\\/\\\/www.bbmnoticias.com\\\/blog\\\/2025\\\/06\\\/09\\\/la-transformacion-llega-a-las-agencias-municipales-gobernador-y-presidente-reafirman-compromisos-con-el-pueblo-2\\\/#primaryimage\"},\"thumbnailUrl\":\"https:\\\/\\\/www.bbmnoticias.com\\\/labravaradiofm\\\/wp-content\\\/uploads\\\/sites\\\/5\\\/2025\\\/06\\\/sjc_ray_chagoya-1.jpg\",\"datePublished\":\"2025-06-09T18:52:19+00:00\",\"dateModified\":\"2025-06-09T18:52:25+00:00\",\"author\":{\"@id\":\"https:\\\/\\\/www.bbmnoticias.com\\\/labravaradiofm\\\/#\\\/schema\\\/person\\\/34b139c617a70ea5bef5678bffe4dd7b\"},\"breadcrumb\":{\"@id\":\"https:\\\/\\\/www.bbmnoticias.com\\\/blog\\\/2025\\\/06\\\/09\\\/la-transformacion-llega-a-las-agencias-municipales-gobernador-y-presidente-reafirman-compromisos-con-el-pueblo-2\\\/#breadcrumb\"},\"inLanguage\":\"es\",\"potentialAction\":[{\"@type\":\"ReadAction\",\"target\":[\"https:\\\/\\\/www.bbmnoticias.com\\\/blog\\\/2025\\\/06\\\/09\\\/la-transformacion-llega-a-las-agencias-municipales-gobernador-y-presidente-reafirman-compromisos-con-el-pueblo-2\\\/\"]}]},{\"@type\":\"ImageObject\",\"inLanguage\":\"es\",\"@id\":\"https:\\\/\\\/www.bbmnoticias.com\\\/blog\\\/2025\\\/06\\\/09\\\/la-transformacion-llega-a-las-agencias-municipales-gobernador-y-presidente-reafirman-compromisos-con-el-pueblo-2\\\/#primaryimage\",\"url\":\"https:\\\/\\\/www.bbmnoticias.com\\\/labravaradiofm\\\/wp-content\\\/uploads\\\/sites\\\/5\\\/2025\\\/06\\\/sjc_ray_chagoya-1.jpg\",\"contentUrl\":\"https:\\\/\\\/www.bbmnoticias.com\\\/labravaradiofm\\\/wp-content\\\/uploads\\\/sites\\\/5\\\/2025\\\/06\\\/sjc_ray_chagoya-1.jpg\",\"width\":800,\"height\":534},{\"@type\":\"BreadcrumbList\",\"@id\":\"https:\\\/\\\/www.bbmnoticias.com\\\/blog\\\/2025\\\/06\\\/09\\\/la-transformacion-llega-a-las-agencias-municipales-gobernador-y-presidente-reafirman-compromisos-con-el-pueblo-2\\\/#breadcrumb\",\"itemListElement\":[{\"@type\":\"ListItem\",\"position\":1,\"name\":\"Inicio\",\"item\":\"https:\\\/\\\/www.bbmnoticias.com\\\/labravaradiofm\\\/\"},{\"@type\":\"ListItem\",\"position\":2,\"name\":\"La transformaci\u00f3n llega a las agencias municipales: Gobernador y Presidente reafirman compromisos con el pueblo\"}]},{\"@type\":\"WebSite\",\"@id\":\"https:\\\/\\\/www.bbmnoticias.com\\\/labravaradiofm\\\/#website\",\"url\":\"https:\\\/\\\/www.bbmnoticias.com\\\/labravaradiofm\\\/\",\"name\":\"LA BRAVA RADIO\",\"description\":\"Empresa productora de medios, Radiodifusi\u00f3n, Noticias, tendencias y todo lo que necesitas saber de la pol\u00edtica mexicana e internacional; entretenimiento, espect\u00e1culos, salud y mucho m\u00e1s.\",\"potentialAction\":[{\"@type\":\"SearchAction\",\"target\":{\"@type\":\"EntryPoint\",\"urlTemplate\":\"https:\\\/\\\/www.bbmnoticias.com\\\/labravaradiofm\\\/?s={search_term_string}\"},\"query-input\":{\"@type\":\"PropertyValueSpecification\",\"valueRequired\":true,\"valueName\":\"search_term_string\"}}],\"inLanguage\":\"es\"},{\"@type\":\"Person\",\"@id\":\"https:\\\/\\\/www.bbmnoticias.com\\\/labravaradiofm\\\/#\\\/schema\\\/person\\\/34b139c617a70ea5bef5678bffe4dd7b\",\"name\":\"Staff\",\"image\":{\"@type\":\"ImageObject\",\"inLanguage\":\"es\",\"@id\":\"https:\\\/\\\/secure.gravatar.com\\\/avatar\\\/fdd21ad66fd8b98c407f9dee5b5e588cfe7f0d8579ec20fa6527cd59bab7f0f0?s=96&d=mm&r=g\",\"url\":\"https:\\\/\\\/secure.gravatar.com\\\/avatar\\\/fdd21ad66fd8b98c407f9dee5b5e588cfe7f0d8579ec20fa6527cd59bab7f0f0?s=96&d=mm&r=g\",\"contentUrl\":\"https:\\\/\\\/secure.gravatar.com\\\/avatar\\\/fdd21ad66fd8b98c407f9dee5b5e588cfe7f0d8579ec20fa6527cd59bab7f0f0?s=96&d=mm&r=g\",\"caption\":\"Staff\"},\"url\":\"https:\\\/\\\/www.bbmnoticias.com\\\/labravaradiofm\\\/author\\\/redaccion\\\/\"}]}<\/script>\n<!-- \/ Yoast SEO plugin. -->","yoast_head_json":{"title":"La transformaci\u00f3n llega a las agencias municipales: Gobernador y Presidente reafirman compromisos con el pueblo - LA BRAVA RADIO","robots":{"index":"index","follow":"follow","max-snippet":"max-snippet:-1","max-image-preview":"max-image-preview:large","max-video-preview":"max-video-preview:-1"},"canonical":"https:\/\/www.bbmnoticias.com\/blog\/2025\/06\/09\/la-transformacion-llega-a-las-agencias-municipales-gobernador-y-presidente-reafirman-compromisos-con-el-pueblo-2\/","og_locale":"es_MX","og_type":"article","og_title":"La transformaci\u00f3n llega a las agencias municipales: Gobernador y Presidente reafirman compromisos con el pueblo - LA BRAVA RADIO","og_description":"Oaxaca de Ju\u00e1rez, Oax., 9 de junio de 2025.- Con el respaldo decidido del gobernador del estado, Salom\u00f3n Jara Cruz, el Municipio de Oaxaca de Ju\u00e1rez que preside Ray Chagoya avanza en la ruta de saldar la deuda hist\u00f3rica con sus agencias municipales. Como parte de la gira \u201cTrabajo que transforma tu municipio\u201d, este domingo [&hellip;]","og_url":"https:\/\/www.bbmnoticias.com\/blog\/2025\/06\/09\/la-transformacion-llega-a-las-agencias-municipales-gobernador-y-presidente-reafirman-compromisos-con-el-pueblo-2\/","og_site_name":"LA BRAVA RADIO","article_published_time":"2025-06-09T18:52:19+00:00","article_modified_time":"2025-06-09T18:52:25+00:00","og_image":[{"width":800,"height":534,"url":"https:\/\/www.bbmnoticias.com\/labravaradiofm\/wp-content\/uploads\/sites\/5\/2025\/06\/sjc_ray_chagoya-1.jpg","type":"image\/jpeg"}],"author":"Staff","twitter_card":"summary_large_image","twitter_misc":{"Escrito por":"Staff","Tiempo de lectura":"2 minutos"},"schema":{"@context":"https:\/\/schema.org","@graph":[{"@type":"Article","@id":"https:\/\/www.bbmnoticias.com\/blog\/2025\/06\/09\/la-transformacion-llega-a-las-agencias-municipales-gobernador-y-presidente-reafirman-compromisos-con-el-pueblo-2\/#article","isPartOf":{"@id":"https:\/\/www.bbmnoticias.com\/labravaradiofm\/2025\/06\/09\/la-transformacion-llega-a-las-agencias-municipales-gobernador-y-presidente-reafirman-compromisos-con-el-pueblo-2\/"},"author":{"name":"Staff","@id":"https:\/\/www.bbmnoticias.com\/labravaradiofm\/#\/schema\/person\/34b139c617a70ea5bef5678bffe4dd7b"},"headline":"La transformaci\u00f3n llega a las agencias municipales: Gobernador y Presidente reafirman compromisos con el pueblo","datePublished":"2025-06-09T18:52:19+00:00","dateModified":"2025-06-09T18:52:25+00:00","mainEntityOfPage":{"@id":"https:\/\/www.bbmnoticias.com\/labravaradiofm\/2025\/06\/09\/la-transformacion-llega-a-las-agencias-municipales-gobernador-y-presidente-reafirman-compromisos-con-el-pueblo-2\/"},"wordCount":335,"image":{"@id":"https:\/\/www.bbmnoticias.com\/blog\/2025\/06\/09\/la-transformacion-llega-a-las-agencias-municipales-gobernador-y-presidente-reafirman-compromisos-con-el-pueblo-2\/#primaryimage"},"thumbnailUrl":"https:\/\/www.bbmnoticias.com\/labravaradiofm\/wp-content\/uploads\/sites\/5\/2025\/06\/sjc_ray_chagoya-1.jpg","articleSection":["LOCAL"],"inLanguage":"es"},{"@type":"WebPage","@id":"https:\/\/www.bbmnoticias.com\/labravaradiofm\/2025\/06\/09\/la-transformacion-llega-a-las-agencias-municipales-gobernador-y-presidente-reafirman-compromisos-con-el-pueblo-2\/","url":"https:\/\/www.bbmnoticias.com\/blog\/2025\/06\/09\/la-transformacion-llega-a-las-agencias-municipales-gobernador-y-presidente-reafirman-compromisos-con-el-pueblo-2\/","name":"La transformaci\u00f3n llega a las agencias municipales: Gobernador y Presidente reafirman compromisos con el pueblo - LA BRAVA RADIO","isPartOf":{"@id":"https:\/\/www.bbmnoticias.com\/labravaradiofm\/#website"},"primaryImageOfPage":{"@id":"https:\/\/www.bbmnoticias.com\/blog\/2025\/06\/09\/la-transformacion-llega-a-las-agencias-municipales-gobernador-y-presidente-reafirman-compromisos-con-el-pueblo-2\/#primaryimage"},"image":{"@id":"https:\/\/www.bbmnoticias.com\/blog\/2025\/06\/09\/la-transformacion-llega-a-las-agencias-municipales-gobernador-y-presidente-reafirman-compromisos-con-el-pueblo-2\/#primaryimage"},"thumbnailUrl":"https:\/\/www.bbmnoticias.com\/labravaradiofm\/wp-content\/uploads\/sites\/5\/2025\/06\/sjc_ray_chagoya-1.jpg","datePublished":"2025-06-09T18:52:19+00:00","dateModified":"2025-06-09T18:52:25+00:00","author":{"@id":"https:\/\/www.bbmnoticias.com\/labravaradiofm\/#\/schema\/person\/34b139c617a70ea5bef5678bffe4dd7b"},"breadcrumb":{"@id":"https:\/\/www.bbmnoticias.com\/blog\/2025\/06\/09\/la-transformacion-llega-a-las-agencias-municipales-gobernador-y-presidente-reafirman-compromisos-con-el-pueblo-2\/#breadcrumb"},"inLanguage":"es","potentialAction":[{"@type":"ReadAction","target":["https:\/\/www.bbmnoticias.com\/blog\/2025\/06\/09\/la-transformacion-llega-a-las-agencias-municipales-gobernador-y-presidente-reafirman-compromisos-con-el-pueblo-2\/"]}]},{"@type":"ImageObject","inLanguage":"es","@id":"https:\/\/www.bbmnoticias.com\/blog\/2025\/06\/09\/la-transformacion-llega-a-las-agencias-municipales-gobernador-y-presidente-reafirman-compromisos-con-el-pueblo-2\/#primaryimage","url":"https:\/\/www.bbmnoticias.com\/labravaradiofm\/wp-content\/uploads\/sites\/5\/2025\/06\/sjc_ray_chagoya-1.jpg","contentUrl":"https:\/\/www.bbmnoticias.com\/labravaradiofm\/wp-content\/uploads\/sites\/5\/2025\/06\/sjc_ray_chagoya-1.jpg","width":800,"height":534},{"@type":"BreadcrumbList","@id":"https:\/\/www.bbmnoticias.com\/blog\/2025\/06\/09\/la-transformacion-llega-a-las-agencias-municipales-gobernador-y-presidente-reafirman-compromisos-con-el-pueblo-2\/#breadcrumb","itemListElement":[{"@type":"ListItem","position":1,"name":"Inicio","item":"https:\/\/www.bbmnoticias.com\/labravaradiofm\/"},{"@type":"ListItem","position":2,"name":"La transformaci\u00f3n llega a las agencias municipales: Gobernador y Presidente reafirman compromisos con el pueblo"}]},{"@type":"WebSite","@id":"https:\/\/www.bbmnoticias.com\/labravaradiofm\/#website","url":"https:\/\/www.bbmnoticias.com\/labravaradiofm\/","name":"LA BRAVA RADIO","description":"Empresa productora de medios, Radiodifusi\u00f3n, Noticias, tendencias y todo lo que necesitas saber de la pol\u00edtica mexicana e internacional; entretenimiento, espect\u00e1culos, salud y mucho m\u00e1s.","potentialAction":[{"@type":"SearchAction","target":{"@type":"EntryPoint","urlTemplate":"https:\/\/www.bbmnoticias.com\/labravaradiofm\/?s={search_term_string}"},"query-input":{"@type":"PropertyValueSpecification","valueRequired":true,"valueName":"search_term_string"}}],"inLanguage":"es"},{"@type":"Person","@id":"https:\/\/www.bbmnoticias.com\/labravaradiofm\/#\/schema\/person\/34b139c617a70ea5bef5678bffe4dd7b","name":"Staff","image":{"@type":"ImageObject","inLanguage":"es","@id":"https:\/\/secure.gravatar.com\/avatar\/fdd21ad66fd8b98c407f9dee5b5e588cfe7f0d8579ec20fa6527cd59bab7f0f0?s=96&d=mm&r=g","url":"https:\/\/secure.gravatar.com\/avatar\/fdd21ad66fd8b98c407f9dee5b5e588cfe7f0d8579ec20fa6527cd59bab7f0f0?s=96&d=mm&r=g","contentUrl":"https:\/\/secure.gravatar.com\/avatar\/fdd21ad66fd8b98c407f9dee5b5e588cfe7f0d8579ec20fa6527cd59bab7f0f0?s=96&d=mm&r=g","caption":"Staff"},"url":"https:\/\/www.bbmnoticias.com\/labravaradiofm\/author\/redaccion\/"}]}},"_links":{"self":[{"href":"https:\/\/www.bbmnoticias.com\/labravaradiofm\/wp-json\/wp\/v2\/posts\/61525","targetHints":{"allow":["GET"]}}],"collection":[{"href":"https:\/\/www.bbmnoticias.com\/labravaradiofm\/wp-json\/wp\/v2\/posts"}],"about":[{"href":"https:\/\/www.bbmnoticias.com\/labravaradiofm\/wp-json\/wp\/v2\/types\/post"}],"author":[{"embeddable":true,"href":"https:\/\/www.bbmnoticias.com\/labravaradiofm\/wp-json\/wp\/v2\/users\/2"}],"replies":[{"embeddable":true,"href":"https:\/\/www.bbmnoticias.com\/labravaradiofm\/wp-json\/wp\/v2\/comments?post=61525"}],"version-history":[{"count":0,"href":"https:\/\/www.bbmnoticias.com\/labravaradiofm\/wp-json\/wp\/v2\/posts\/61525\/revisions"}],"wp:featuredmedia":[{"embeddable":true,"href":"https:\/\/www.bbmnoticias.com\/labravaradiofm\/wp-json\/wp\/v2\/media\/61527"}],"wp:attachment":[{"href":"https:\/\/www.bbmnoticias.com\/labravaradiofm\/wp-json\/wp\/v2\/media?parent=61525"}],"wp:term":[{"taxonomy":"category","embeddable":true,"href":"https:\/\/www.bbmnoticias.com\/labravaradiofm\/wp-json\/wp\/v2\/categories?post=61525"},{"taxonomy":"post_tag","embeddable":true,"href":"https:\/\/www.bbmnoticias.com\/labravaradiofm\/wp-json\/wp\/v2\/tags?post=61525"}],"curies":[{"name":"wp","href":"https:\/\/api.w.org\/{rel}","templated":true}]}}