{"id":61516,"date":"2025-06-09T11:35:45","date_gmt":"2025-06-09T17:35:45","guid":{"rendered":"https:\/\/www.bbmnoticias.com\/labravaradiofm\/2025\/06\/09\/ejecutan-con-7-disparos-a-conductor-en-la-carretera-mexico-cuernavaca\/"},"modified":"2025-06-09T11:36:22","modified_gmt":"2025-06-09T17:36:22","slug":"ejecutan-con-7-disparos-a-conductor-en-la-carretera-mexico-cuernavaca","status":"publish","type":"post","link":"https:\/\/www.bbmnoticias.com\/labravaradiofm\/2025\/06\/09\/ejecutan-con-7-disparos-a-conductor-en-la-carretera-mexico-cuernavaca\/","title":{"rendered":"Ejecutan con 7 disparos a conductor en la carretera M\u00e9xico-Cuernavaca"},"content":{"rendered":"<div style=\"margin-top: 0px; margin-bottom: 0px;\" class=\"sharethis-inline-share-buttons\" ><\/div>\n<p>Esta ma\u00f1ana de lunes 9 de junio,<strong> sujetos armados<\/strong>\u00a0en motocicleta dieron alcance a un conductor de una camioneta blanca que circulaba en la <strong>carretera M\u00e9xico-Cuernavaca,<\/strong> para dispararle hasta quitarle la vida. \u00a0<\/p>\n\n\n\n<p>De acuerdo con reportes de Foro TV, a la v\u00edctima le dispararon al menos en siete ocasiones. En el lugar se encuentran elementos de la <strong>secretar\u00eda de Seguridad Ciudadana<\/strong>, pues el homicidio se registr\u00f3 dentro del per\u00edmetro de la alcald\u00eda Tlalpan perteneciente a la <strong>Ciudad de M\u00e9xico<\/strong>.&nbsp;<\/p>\n\n\n\n<p>Tras el crimen, los dos sujetos huyeron del lugar, por lo que los polic\u00edas realizan un operativo de b\u00fasqueda de los hombres\u00a0para su detenci\u00f3n.\u00a0<\/p>\n\n\n\n<figure class=\"wp-block-image\"><img decoding=\"async\" src=\"https:\/\/heraldodemexico.com.mx\/u\/fotografias\/m\/2025\/6\/9\/f768x400-1138985_1182888_5050.jpg\" alt=\"\"\/><figcaption class=\"wp-element-caption\">Carretera M\u00e9xico-Cuernavaca. Foto:&nbsp;@tavojeda5<\/figcaption><\/figure>\n\n\n\n<p>Con informaci\u00f3n de El Heraldo<\/p>\n","protected":false},"excerpt":{"rendered":"<p>Esta ma\u00f1ana de lunes 9 de junio, sujetos armados\u00a0en motocicleta dieron alcance a un conductor de una camioneta blanca que circulaba en la carretera M\u00e9xico-Cuernavaca, para dispararle hasta quitarle la vida. \u00a0 De acuerdo con reportes de Foro TV, a la v\u00edctima le dispararon al menos en siete ocasiones. En el lugar se encuentran elementos [&hellip;]<\/p>\n","protected":false},"author":4,"featured_media":61518,"comment_status":"closed","ping_status":"","sticky":false,"template":"","format":"standard","meta":{"footnotes":""},"categories":[2,19],"tags":[],"class_list":{"0":"post-61516","1":"post","2":"type-post","3":"status-publish","4":"format-standard","5":"has-post-thumbnail","7":"category-oaxaca","8":"category-nacional"},"yoast_head":"<!-- This site is optimized with the Yoast SEO plugin v27.4 - https:\/\/yoast.com\/product\/yoast-seo-wordpress\/ -->\n<title>Ejecutan con 7 disparos a conductor en la carretera M\u00e9xico-Cuernavaca - LA BRAVA RADIO<\/title>\n<meta name=\"robots\" content=\"index, follow, max-snippet:-1, max-image-preview:large, max-video-preview:-1\" \/>\n<link rel=\"canonical\" href=\"https:\/\/www.bbmnoticias.com\/blog\/2025\/06\/09\/ejecutan-con-7-disparos-a-conductor-en-la-carretera-mexico-cuernavaca\/\" \/>\n<meta property=\"og:locale\" content=\"es_MX\" \/>\n<meta property=\"og:type\" content=\"article\" \/>\n<meta property=\"og:title\" content=\"Ejecutan con 7 disparos a conductor en la carretera M\u00e9xico-Cuernavaca - LA BRAVA RADIO\" \/>\n<meta property=\"og:description\" content=\"Esta ma\u00f1ana de lunes 9 de junio, sujetos armados\u00a0en motocicleta dieron alcance a un conductor de una camioneta blanca que circulaba en la carretera M\u00e9xico-Cuernavaca, para dispararle hasta quitarle la vida. \u00a0 De acuerdo con reportes de Foro TV, a la v\u00edctima le dispararon al menos en siete ocasiones. En el lugar se encuentran elementos [&hellip;]\" \/>\n<meta property=\"og:url\" content=\"https:\/\/www.bbmnoticias.com\/blog\/2025\/06\/09\/ejecutan-con-7-disparos-a-conductor-en-la-carretera-mexico-cuernavaca\/\" \/>\n<meta property=\"og:site_name\" content=\"LA BRAVA RADIO\" \/>\n<meta property=\"article:published_time\" content=\"2025-06-09T17:35:45+00:00\" \/>\n<meta property=\"article:modified_time\" content=\"2025-06-09T17:36:22+00:00\" \/>\n<meta property=\"og:image\" content=\"https:\/\/www.bbmnoticias.com\/labravaradiofm\/wp-content\/uploads\/sites\/5\/2025\/06\/ejecutado_cuernavaca.jpg\" \/>\n\t<meta property=\"og:image:width\" content=\"848\" \/>\n\t<meta property=\"og:image:height\" content=\"477\" \/>\n\t<meta property=\"og:image:type\" content=\"image\/jpeg\" \/>\n<meta name=\"author\" content=\"Agencias\" \/>\n<meta name=\"twitter:card\" content=\"summary_large_image\" \/>\n<meta name=\"twitter:label1\" content=\"Escrito por\" \/>\n\t<meta name=\"twitter:data1\" content=\"Agencias\" \/>\n\t<meta name=\"twitter:label2\" content=\"Tiempo de lectura\" \/>\n\t<meta name=\"twitter:data2\" content=\"1 minuto\" \/>\n<script type=\"application\/ld+json\" class=\"yoast-schema-graph\">{\"@context\":\"https:\\\/\\\/schema.org\",\"@graph\":[{\"@type\":\"Article\",\"@id\":\"https:\\\/\\\/www.bbmnoticias.com\\\/blog\\\/2025\\\/06\\\/09\\\/ejecutan-con-7-disparos-a-conductor-en-la-carretera-mexico-cuernavaca\\\/#article\",\"isPartOf\":{\"@id\":\"https:\\\/\\\/www.bbmnoticias.com\\\/labravaradiofm\\\/2025\\\/06\\\/09\\\/ejecutan-con-7-disparos-a-conductor-en-la-carretera-mexico-cuernavaca\\\/\"},\"author\":{\"name\":\"Agencias\",\"@id\":\"https:\\\/\\\/www.bbmnoticias.com\\\/labravaradiofm\\\/#\\\/schema\\\/person\\\/857a3daf5c8142f29919023f377fbfad\"},\"headline\":\"Ejecutan con 7 disparos a conductor en la carretera M\u00e9xico-Cuernavaca\",\"datePublished\":\"2025-06-09T17:35:45+00:00\",\"dateModified\":\"2025-06-09T17:36:22+00:00\",\"mainEntityOfPage\":{\"@id\":\"https:\\\/\\\/www.bbmnoticias.com\\\/labravaradiofm\\\/2025\\\/06\\\/09\\\/ejecutan-con-7-disparos-a-conductor-en-la-carretera-mexico-cuernavaca\\\/\"},\"wordCount\":136,\"image\":{\"@id\":\"https:\\\/\\\/www.bbmnoticias.com\\\/blog\\\/2025\\\/06\\\/09\\\/ejecutan-con-7-disparos-a-conductor-en-la-carretera-mexico-cuernavaca\\\/#primaryimage\"},\"thumbnailUrl\":\"https:\\\/\\\/www.bbmnoticias.com\\\/labravaradiofm\\\/wp-content\\\/uploads\\\/sites\\\/5\\\/2025\\\/06\\\/ejecutado_cuernavaca.jpg\",\"articleSection\":[\"LOCAL\",\"NACIONAL\"],\"inLanguage\":\"es\"},{\"@type\":\"WebPage\",\"@id\":\"https:\\\/\\\/www.bbmnoticias.com\\\/labravaradiofm\\\/2025\\\/06\\\/09\\\/ejecutan-con-7-disparos-a-conductor-en-la-carretera-mexico-cuernavaca\\\/\",\"url\":\"https:\\\/\\\/www.bbmnoticias.com\\\/blog\\\/2025\\\/06\\\/09\\\/ejecutan-con-7-disparos-a-conductor-en-la-carretera-mexico-cuernavaca\\\/\",\"name\":\"Ejecutan con 7 disparos a conductor en la carretera M\u00e9xico-Cuernavaca - LA BRAVA RADIO\",\"isPartOf\":{\"@id\":\"https:\\\/\\\/www.bbmnoticias.com\\\/labravaradiofm\\\/#website\"},\"primaryImageOfPage\":{\"@id\":\"https:\\\/\\\/www.bbmnoticias.com\\\/blog\\\/2025\\\/06\\\/09\\\/ejecutan-con-7-disparos-a-conductor-en-la-carretera-mexico-cuernavaca\\\/#primaryimage\"},\"image\":{\"@id\":\"https:\\\/\\\/www.bbmnoticias.com\\\/blog\\\/2025\\\/06\\\/09\\\/ejecutan-con-7-disparos-a-conductor-en-la-carretera-mexico-cuernavaca\\\/#primaryimage\"},\"thumbnailUrl\":\"https:\\\/\\\/www.bbmnoticias.com\\\/labravaradiofm\\\/wp-content\\\/uploads\\\/sites\\\/5\\\/2025\\\/06\\\/ejecutado_cuernavaca.jpg\",\"datePublished\":\"2025-06-09T17:35:45+00:00\",\"dateModified\":\"2025-06-09T17:36:22+00:00\",\"author\":{\"@id\":\"https:\\\/\\\/www.bbmnoticias.com\\\/labravaradiofm\\\/#\\\/schema\\\/person\\\/857a3daf5c8142f29919023f377fbfad\"},\"breadcrumb\":{\"@id\":\"https:\\\/\\\/www.bbmnoticias.com\\\/blog\\\/2025\\\/06\\\/09\\\/ejecutan-con-7-disparos-a-conductor-en-la-carretera-mexico-cuernavaca\\\/#breadcrumb\"},\"inLanguage\":\"es\",\"potentialAction\":[{\"@type\":\"ReadAction\",\"target\":[\"https:\\\/\\\/www.bbmnoticias.com\\\/blog\\\/2025\\\/06\\\/09\\\/ejecutan-con-7-disparos-a-conductor-en-la-carretera-mexico-cuernavaca\\\/\"]}]},{\"@type\":\"ImageObject\",\"inLanguage\":\"es\",\"@id\":\"https:\\\/\\\/www.bbmnoticias.com\\\/blog\\\/2025\\\/06\\\/09\\\/ejecutan-con-7-disparos-a-conductor-en-la-carretera-mexico-cuernavaca\\\/#primaryimage\",\"url\":\"https:\\\/\\\/www.bbmnoticias.com\\\/labravaradiofm\\\/wp-content\\\/uploads\\\/sites\\\/5\\\/2025\\\/06\\\/ejecutado_cuernavaca.jpg\",\"contentUrl\":\"https:\\\/\\\/www.bbmnoticias.com\\\/labravaradiofm\\\/wp-content\\\/uploads\\\/sites\\\/5\\\/2025\\\/06\\\/ejecutado_cuernavaca.jpg\",\"width\":848,\"height\":477},{\"@type\":\"BreadcrumbList\",\"@id\":\"https:\\\/\\\/www.bbmnoticias.com\\\/blog\\\/2025\\\/06\\\/09\\\/ejecutan-con-7-disparos-a-conductor-en-la-carretera-mexico-cuernavaca\\\/#breadcrumb\",\"itemListElement\":[{\"@type\":\"ListItem\",\"position\":1,\"name\":\"Inicio\",\"item\":\"https:\\\/\\\/www.bbmnoticias.com\\\/labravaradiofm\\\/\"},{\"@type\":\"ListItem\",\"position\":2,\"name\":\"Ejecutan con 7 disparos a conductor en la carretera M\u00e9xico-Cuernavaca\"}]},{\"@type\":\"WebSite\",\"@id\":\"https:\\\/\\\/www.bbmnoticias.com\\\/labravaradiofm\\\/#website\",\"url\":\"https:\\\/\\\/www.bbmnoticias.com\\\/labravaradiofm\\\/\",\"name\":\"LA BRAVA RADIO\",\"description\":\"Empresa productora de medios, Radiodifusi\u00f3n, Noticias, tendencias y todo lo que necesitas saber de la pol\u00edtica mexicana e internacional; entretenimiento, espect\u00e1culos, salud y mucho m\u00e1s.\",\"potentialAction\":[{\"@type\":\"SearchAction\",\"target\":{\"@type\":\"EntryPoint\",\"urlTemplate\":\"https:\\\/\\\/www.bbmnoticias.com\\\/labravaradiofm\\\/?s={search_term_string}\"},\"query-input\":{\"@type\":\"PropertyValueSpecification\",\"valueRequired\":true,\"valueName\":\"search_term_string\"}}],\"inLanguage\":\"es\"},{\"@type\":\"Person\",\"@id\":\"https:\\\/\\\/www.bbmnoticias.com\\\/labravaradiofm\\\/#\\\/schema\\\/person\\\/857a3daf5c8142f29919023f377fbfad\",\"name\":\"Agencias\",\"image\":{\"@type\":\"ImageObject\",\"inLanguage\":\"es\",\"@id\":\"https:\\\/\\\/secure.gravatar.com\\\/avatar\\\/739e0b61adf9e398b425c36718c8752286da0e8cd90f20ce9a86678abc26aa0d?s=96&d=mm&r=g\",\"url\":\"https:\\\/\\\/secure.gravatar.com\\\/avatar\\\/739e0b61adf9e398b425c36718c8752286da0e8cd90f20ce9a86678abc26aa0d?s=96&d=mm&r=g\",\"contentUrl\":\"https:\\\/\\\/secure.gravatar.com\\\/avatar\\\/739e0b61adf9e398b425c36718c8752286da0e8cd90f20ce9a86678abc26aa0d?s=96&d=mm&r=g\",\"caption\":\"Agencias\"},\"url\":\"https:\\\/\\\/www.bbmnoticias.com\\\/labravaradiofm\\\/author\\\/agencias\\\/\"}]}<\/script>\n<!-- \/ Yoast SEO plugin. -->","yoast_head_json":{"title":"Ejecutan con 7 disparos a conductor en la carretera M\u00e9xico-Cuernavaca - LA BRAVA RADIO","robots":{"index":"index","follow":"follow","max-snippet":"max-snippet:-1","max-image-preview":"max-image-preview:large","max-video-preview":"max-video-preview:-1"},"canonical":"https:\/\/www.bbmnoticias.com\/blog\/2025\/06\/09\/ejecutan-con-7-disparos-a-conductor-en-la-carretera-mexico-cuernavaca\/","og_locale":"es_MX","og_type":"article","og_title":"Ejecutan con 7 disparos a conductor en la carretera M\u00e9xico-Cuernavaca - LA BRAVA RADIO","og_description":"Esta ma\u00f1ana de lunes 9 de junio, sujetos armados\u00a0en motocicleta dieron alcance a un conductor de una camioneta blanca que circulaba en la carretera M\u00e9xico-Cuernavaca, para dispararle hasta quitarle la vida. \u00a0 De acuerdo con reportes de Foro TV, a la v\u00edctima le dispararon al menos en siete ocasiones. En el lugar se encuentran elementos [&hellip;]","og_url":"https:\/\/www.bbmnoticias.com\/blog\/2025\/06\/09\/ejecutan-con-7-disparos-a-conductor-en-la-carretera-mexico-cuernavaca\/","og_site_name":"LA BRAVA RADIO","article_published_time":"2025-06-09T17:35:45+00:00","article_modified_time":"2025-06-09T17:36:22+00:00","og_image":[{"width":848,"height":477,"url":"https:\/\/www.bbmnoticias.com\/labravaradiofm\/wp-content\/uploads\/sites\/5\/2025\/06\/ejecutado_cuernavaca.jpg","type":"image\/jpeg"}],"author":"Agencias","twitter_card":"summary_large_image","twitter_misc":{"Escrito por":"Agencias","Tiempo de lectura":"1 minuto"},"schema":{"@context":"https:\/\/schema.org","@graph":[{"@type":"Article","@id":"https:\/\/www.bbmnoticias.com\/blog\/2025\/06\/09\/ejecutan-con-7-disparos-a-conductor-en-la-carretera-mexico-cuernavaca\/#article","isPartOf":{"@id":"https:\/\/www.bbmnoticias.com\/labravaradiofm\/2025\/06\/09\/ejecutan-con-7-disparos-a-conductor-en-la-carretera-mexico-cuernavaca\/"},"author":{"name":"Agencias","@id":"https:\/\/www.bbmnoticias.com\/labravaradiofm\/#\/schema\/person\/857a3daf5c8142f29919023f377fbfad"},"headline":"Ejecutan con 7 disparos a conductor en la carretera M\u00e9xico-Cuernavaca","datePublished":"2025-06-09T17:35:45+00:00","dateModified":"2025-06-09T17:36:22+00:00","mainEntityOfPage":{"@id":"https:\/\/www.bbmnoticias.com\/labravaradiofm\/2025\/06\/09\/ejecutan-con-7-disparos-a-conductor-en-la-carretera-mexico-cuernavaca\/"},"wordCount":136,"image":{"@id":"https:\/\/www.bbmnoticias.com\/blog\/2025\/06\/09\/ejecutan-con-7-disparos-a-conductor-en-la-carretera-mexico-cuernavaca\/#primaryimage"},"thumbnailUrl":"https:\/\/www.bbmnoticias.com\/labravaradiofm\/wp-content\/uploads\/sites\/5\/2025\/06\/ejecutado_cuernavaca.jpg","articleSection":["LOCAL","NACIONAL"],"inLanguage":"es"},{"@type":"WebPage","@id":"https:\/\/www.bbmnoticias.com\/labravaradiofm\/2025\/06\/09\/ejecutan-con-7-disparos-a-conductor-en-la-carretera-mexico-cuernavaca\/","url":"https:\/\/www.bbmnoticias.com\/blog\/2025\/06\/09\/ejecutan-con-7-disparos-a-conductor-en-la-carretera-mexico-cuernavaca\/","name":"Ejecutan con 7 disparos a conductor en la carretera M\u00e9xico-Cuernavaca - LA BRAVA RADIO","isPartOf":{"@id":"https:\/\/www.bbmnoticias.com\/labravaradiofm\/#website"},"primaryImageOfPage":{"@id":"https:\/\/www.bbmnoticias.com\/blog\/2025\/06\/09\/ejecutan-con-7-disparos-a-conductor-en-la-carretera-mexico-cuernavaca\/#primaryimage"},"image":{"@id":"https:\/\/www.bbmnoticias.com\/blog\/2025\/06\/09\/ejecutan-con-7-disparos-a-conductor-en-la-carretera-mexico-cuernavaca\/#primaryimage"},"thumbnailUrl":"https:\/\/www.bbmnoticias.com\/labravaradiofm\/wp-content\/uploads\/sites\/5\/2025\/06\/ejecutado_cuernavaca.jpg","datePublished":"2025-06-09T17:35:45+00:00","dateModified":"2025-06-09T17:36:22+00:00","author":{"@id":"https:\/\/www.bbmnoticias.com\/labravaradiofm\/#\/schema\/person\/857a3daf5c8142f29919023f377fbfad"},"breadcrumb":{"@id":"https:\/\/www.bbmnoticias.com\/blog\/2025\/06\/09\/ejecutan-con-7-disparos-a-conductor-en-la-carretera-mexico-cuernavaca\/#breadcrumb"},"inLanguage":"es","potentialAction":[{"@type":"ReadAction","target":["https:\/\/www.bbmnoticias.com\/blog\/2025\/06\/09\/ejecutan-con-7-disparos-a-conductor-en-la-carretera-mexico-cuernavaca\/"]}]},{"@type":"ImageObject","inLanguage":"es","@id":"https:\/\/www.bbmnoticias.com\/blog\/2025\/06\/09\/ejecutan-con-7-disparos-a-conductor-en-la-carretera-mexico-cuernavaca\/#primaryimage","url":"https:\/\/www.bbmnoticias.com\/labravaradiofm\/wp-content\/uploads\/sites\/5\/2025\/06\/ejecutado_cuernavaca.jpg","contentUrl":"https:\/\/www.bbmnoticias.com\/labravaradiofm\/wp-content\/uploads\/sites\/5\/2025\/06\/ejecutado_cuernavaca.jpg","width":848,"height":477},{"@type":"BreadcrumbList","@id":"https:\/\/www.bbmnoticias.com\/blog\/2025\/06\/09\/ejecutan-con-7-disparos-a-conductor-en-la-carretera-mexico-cuernavaca\/#breadcrumb","itemListElement":[{"@type":"ListItem","position":1,"name":"Inicio","item":"https:\/\/www.bbmnoticias.com\/labravaradiofm\/"},{"@type":"ListItem","position":2,"name":"Ejecutan con 7 disparos a conductor en la carretera M\u00e9xico-Cuernavaca"}]},{"@type":"WebSite","@id":"https:\/\/www.bbmnoticias.com\/labravaradiofm\/#website","url":"https:\/\/www.bbmnoticias.com\/labravaradiofm\/","name":"LA BRAVA RADIO","description":"Empresa productora de medios, Radiodifusi\u00f3n, Noticias, tendencias y todo lo que necesitas saber de la pol\u00edtica mexicana e internacional; entretenimiento, espect\u00e1culos, salud y mucho m\u00e1s.","potentialAction":[{"@type":"SearchAction","target":{"@type":"EntryPoint","urlTemplate":"https:\/\/www.bbmnoticias.com\/labravaradiofm\/?s={search_term_string}"},"query-input":{"@type":"PropertyValueSpecification","valueRequired":true,"valueName":"search_term_string"}}],"inLanguage":"es"},{"@type":"Person","@id":"https:\/\/www.bbmnoticias.com\/labravaradiofm\/#\/schema\/person\/857a3daf5c8142f29919023f377fbfad","name":"Agencias","image":{"@type":"ImageObject","inLanguage":"es","@id":"https:\/\/secure.gravatar.com\/avatar\/739e0b61adf9e398b425c36718c8752286da0e8cd90f20ce9a86678abc26aa0d?s=96&d=mm&r=g","url":"https:\/\/secure.gravatar.com\/avatar\/739e0b61adf9e398b425c36718c8752286da0e8cd90f20ce9a86678abc26aa0d?s=96&d=mm&r=g","contentUrl":"https:\/\/secure.gravatar.com\/avatar\/739e0b61adf9e398b425c36718c8752286da0e8cd90f20ce9a86678abc26aa0d?s=96&d=mm&r=g","caption":"Agencias"},"url":"https:\/\/www.bbmnoticias.com\/labravaradiofm\/author\/agencias\/"}]}},"_links":{"self":[{"href":"https:\/\/www.bbmnoticias.com\/labravaradiofm\/wp-json\/wp\/v2\/posts\/61516","targetHints":{"allow":["GET"]}}],"collection":[{"href":"https:\/\/www.bbmnoticias.com\/labravaradiofm\/wp-json\/wp\/v2\/posts"}],"about":[{"href":"https:\/\/www.bbmnoticias.com\/labravaradiofm\/wp-json\/wp\/v2\/types\/post"}],"author":[{"embeddable":true,"href":"https:\/\/www.bbmnoticias.com\/labravaradiofm\/wp-json\/wp\/v2\/users\/4"}],"replies":[{"embeddable":true,"href":"https:\/\/www.bbmnoticias.com\/labravaradiofm\/wp-json\/wp\/v2\/comments?post=61516"}],"version-history":[{"count":0,"href":"https:\/\/www.bbmnoticias.com\/labravaradiofm\/wp-json\/wp\/v2\/posts\/61516\/revisions"}],"wp:featuredmedia":[{"embeddable":true,"href":"https:\/\/www.bbmnoticias.com\/labravaradiofm\/wp-json\/wp\/v2\/media\/61518"}],"wp:attachment":[{"href":"https:\/\/www.bbmnoticias.com\/labravaradiofm\/wp-json\/wp\/v2\/media?parent=61516"}],"wp:term":[{"taxonomy":"category","embeddable":true,"href":"https:\/\/www.bbmnoticias.com\/labravaradiofm\/wp-json\/wp\/v2\/categories?post=61516"},{"taxonomy":"post_tag","embeddable":true,"href":"https:\/\/www.bbmnoticias.com\/labravaradiofm\/wp-json\/wp\/v2\/tags?post=61516"}],"curies":[{"name":"wp","href":"https:\/\/api.w.org\/{rel}","templated":true}]}}