{"id":61510,"date":"2025-06-09T11:10:18","date_gmt":"2025-06-09T17:10:18","guid":{"rendered":"https:\/\/www.bbmnoticias.com\/labravaradiofm\/2025\/06\/09\/no-esta-bien-sheinbaum-reprueba-que-policias-pakal-de-chiapas-cruzaran-guatemala-durante-enfrentamiento\/"},"modified":"2025-06-09T11:10:28","modified_gmt":"2025-06-09T17:10:28","slug":"no-esta-bien-sheinbaum-reprueba-que-policias-pakal-de-chiapas-cruzaran-guatemala-durante-enfrentamiento","status":"publish","type":"post","link":"https:\/\/www.bbmnoticias.com\/labravaradiofm\/2025\/06\/09\/no-esta-bien-sheinbaum-reprueba-que-policias-pakal-de-chiapas-cruzaran-guatemala-durante-enfrentamiento\/","title":{"rendered":"&#8220;No est\u00e1 bien&#8221;: Sheinbaum reprueba que polic\u00edas Pakal de Chiapas cruzaran Guatemala durante enfrentamiento"},"content":{"rendered":"<div style=\"margin-top: 0px; margin-bottom: 0px;\" class=\"sharethis-inline-share-buttons\" ><\/div>\n<p>La presidenta <strong>Claudia Sheinbaum Pardo<\/strong> confirm\u00f3 que polic\u00edas pertenecientes a la <strong>corporaci\u00f3n Pakal<\/strong>, creada por el Gobierno de <strong>Chiapas<\/strong>, s\u00ed cruzaron a territorio de <strong>Guatemala<\/strong> para enfrentarse a presuntos delincuentes.<\/p>\n\n\n\n<figure class=\"wp-block-embed is-type-video is-provider-youtube wp-block-embed-youtube wp-embed-aspect-16-9 wp-has-aspect-ratio\"><div class=\"wp-block-embed__wrapper\">\n<iframe loading=\"lazy\" title=\"#Ma\u00f1aneraDelPueblo desde Palacio Nacional. Lunes 09 de junio 2025\" width=\"696\" height=\"392\" src=\"https:\/\/www.youtube.com\/embed\/m3TCihudbTc?feature=oembed\" frameborder=\"0\" allow=\"accelerometer; autoplay; clipboard-write; encrypted-media; gyroscope; picture-in-picture; web-share\" referrerpolicy=\"strict-origin-when-cross-origin\" allowfullscreen><\/iframe>\n<\/div><\/figure>\n\n\n\n<p>En la conferencia matutina de Palacio Nacional, Sheinbaum Pardo dej\u00f3 en claro que esta situaci\u00f3n no estuvo bien y que ser\u00e1 informada este martes 10 de junio durante el informe quincenal del Gabinete de Seguridad federal.<\/p>\n\n\n\n<figure class=\"wp-block-pullquote\"><blockquote><p>Todo parece indicar que s\u00ed, lo est\u00e1n investigando, y no est\u00e1 bien que eso haya ocurrido\u201d, dijo.<\/p><\/blockquote><\/figure>\n\n\n\n<p>\u201cMa\u00f1ana si quieren vamos a dar toda la informaci\u00f3n sobre esto, que lo pueda ya dar el Secretario de Seguridad\u201d\u201d, puntualiz\u00f3.<\/p>\n\n\n\n<p>La mandataria mexicana tambi\u00e9n detall\u00f3 que no se registraron heridos ni bajas por parte de la corporaci\u00f3n policial chiapaneca, creada apenas en diciembre pasado.<\/p>\n\n\n\n<p>\u201cMa\u00f1ana podemos dar m\u00e1s informaci\u00f3n, s\u00ed se dio el informe en el Gabinete de seguridad, pero&nbsp;les ped\u00ed, les instru\u00ed, a que hicieran una mayor investigaci\u00f3n\u201d, mencion\u00f3.<\/p>\n\n\n\n<p>Las declaraciones de la presidenta de M\u00e9xico ocurren&nbsp;tras el <strong>enfrentamiento<\/strong>&nbsp;registrado en&nbsp;<strong>Frontera Comalapa<\/strong>, justo en la zona lim\u00edtrofe con Guatemala, donde integrantes de la <strong>Fuerza de Reacci\u00f3n Inmediata Pakal<\/strong>, perteneciente a la <strong>Secretar\u00eda de Seguridad del Pueblo<\/strong>, se enfrent\u00f3 con integrantes de un grupo armado vinculados al crimen organizado.<\/p>\n\n\n\n<p>El enfrentamiento, que dej\u00f3 un saldo de cuatro abatidos, comenz\u00f3 en la localidad de Las Champas, en Frontera Comalapa, pero sigui\u00f3 hasta Las Mesillas, un pueblo fronterizo del municipio La Democracia, Departamento de Huehuetenango, en territorio de Guatemala.<\/p>\n\n\n\n<p>El gobernador de Chiapas, Eduardo Ram\u00edrez, culp\u00f3 a agentes de seguridad guatemaltecos de estar al servicio de los delincuentes en esta acci\u00f3n.<\/p>\n","protected":false},"excerpt":{"rendered":"<p>La presidenta Claudia Sheinbaum Pardo confirm\u00f3 que polic\u00edas pertenecientes a la corporaci\u00f3n Pakal, creada por el Gobierno de Chiapas, s\u00ed cruzaron a territorio de Guatemala para enfrentarse a presuntos delincuentes. En la conferencia matutina de Palacio Nacional, Sheinbaum Pardo dej\u00f3 en claro que esta situaci\u00f3n no estuvo bien y que ser\u00e1 informada este martes 10 [&hellip;]<\/p>\n","protected":false},"author":4,"featured_media":61512,"comment_status":"closed","ping_status":"","sticky":false,"template":"","format":"standard","meta":{"footnotes":""},"categories":[2,19],"tags":[],"class_list":{"0":"post-61510","1":"post","2":"type-post","3":"status-publish","4":"format-standard","5":"has-post-thumbnail","7":"category-oaxaca","8":"category-nacional"},"yoast_head":"<!-- This site is optimized with the Yoast SEO plugin v27.4 - https:\/\/yoast.com\/product\/yoast-seo-wordpress\/ -->\n<title>&quot;No est\u00e1 bien&quot;: Sheinbaum reprueba que polic\u00edas Pakal de Chiapas cruzaran Guatemala durante enfrentamiento - LA BRAVA RADIO<\/title>\n<meta name=\"robots\" content=\"index, follow, max-snippet:-1, max-image-preview:large, max-video-preview:-1\" \/>\n<link rel=\"canonical\" href=\"https:\/\/www.bbmnoticias.com\/blog\/2025\/06\/09\/no-esta-bien-sheinbaum-reprueba-que-policias-pakal-de-chiapas-cruzaran-guatemala-durante-enfrentamiento\/\" \/>\n<meta property=\"og:locale\" content=\"es_MX\" \/>\n<meta property=\"og:type\" content=\"article\" \/>\n<meta property=\"og:title\" content=\"&quot;No est\u00e1 bien&quot;: Sheinbaum reprueba que polic\u00edas Pakal de Chiapas cruzaran Guatemala durante enfrentamiento - LA BRAVA RADIO\" \/>\n<meta property=\"og:description\" content=\"La presidenta Claudia Sheinbaum Pardo confirm\u00f3 que polic\u00edas pertenecientes a la corporaci\u00f3n Pakal, creada por el Gobierno de Chiapas, s\u00ed cruzaron a territorio de Guatemala para enfrentarse a presuntos delincuentes. En la conferencia matutina de Palacio Nacional, Sheinbaum Pardo dej\u00f3 en claro que esta situaci\u00f3n no estuvo bien y que ser\u00e1 informada este martes 10 [&hellip;]\" \/>\n<meta property=\"og:url\" content=\"https:\/\/www.bbmnoticias.com\/blog\/2025\/06\/09\/no-esta-bien-sheinbaum-reprueba-que-policias-pakal-de-chiapas-cruzaran-guatemala-durante-enfrentamiento\/\" \/>\n<meta property=\"og:site_name\" content=\"LA BRAVA RADIO\" \/>\n<meta property=\"article:published_time\" content=\"2025-06-09T17:10:18+00:00\" \/>\n<meta property=\"article:modified_time\" content=\"2025-06-09T17:10:28+00:00\" \/>\n<meta property=\"og:image\" content=\"https:\/\/www.bbmnoticias.com\/labravaradiofm\/wp-content\/uploads\/sites\/5\/2025\/06\/policia-pakal-chiapas-frontera-comalapa-1536x1024-1.jpg\" \/>\n\t<meta property=\"og:image:width\" content=\"1536\" \/>\n\t<meta property=\"og:image:height\" content=\"1024\" \/>\n\t<meta property=\"og:image:type\" content=\"image\/jpeg\" \/>\n<meta name=\"author\" content=\"Agencias\" \/>\n<meta name=\"twitter:card\" content=\"summary_large_image\" \/>\n<meta name=\"twitter:label1\" content=\"Escrito por\" \/>\n\t<meta name=\"twitter:data1\" content=\"Agencias\" \/>\n\t<meta name=\"twitter:label2\" content=\"Tiempo de lectura\" \/>\n\t<meta name=\"twitter:data2\" content=\"1 minuto\" \/>\n<script type=\"application\/ld+json\" class=\"yoast-schema-graph\">{\"@context\":\"https:\\\/\\\/schema.org\",\"@graph\":[{\"@type\":\"Article\",\"@id\":\"https:\\\/\\\/www.bbmnoticias.com\\\/blog\\\/2025\\\/06\\\/09\\\/no-esta-bien-sheinbaum-reprueba-que-policias-pakal-de-chiapas-cruzaran-guatemala-durante-enfrentamiento\\\/#article\",\"isPartOf\":{\"@id\":\"https:\\\/\\\/www.bbmnoticias.com\\\/labravaradiofm\\\/2025\\\/06\\\/09\\\/no-esta-bien-sheinbaum-reprueba-que-policias-pakal-de-chiapas-cruzaran-guatemala-durante-enfrentamiento\\\/\"},\"author\":{\"name\":\"Agencias\",\"@id\":\"https:\\\/\\\/www.bbmnoticias.com\\\/labravaradiofm\\\/#\\\/schema\\\/person\\\/857a3daf5c8142f29919023f377fbfad\"},\"headline\":\"&#8220;No est\u00e1 bien&#8221;: Sheinbaum reprueba que polic\u00edas Pakal de Chiapas cruzaran Guatemala durante enfrentamiento\",\"datePublished\":\"2025-06-09T17:10:18+00:00\",\"dateModified\":\"2025-06-09T17:10:28+00:00\",\"mainEntityOfPage\":{\"@id\":\"https:\\\/\\\/www.bbmnoticias.com\\\/labravaradiofm\\\/2025\\\/06\\\/09\\\/no-esta-bien-sheinbaum-reprueba-que-policias-pakal-de-chiapas-cruzaran-guatemala-durante-enfrentamiento\\\/\"},\"wordCount\":307,\"image\":{\"@id\":\"https:\\\/\\\/www.bbmnoticias.com\\\/blog\\\/2025\\\/06\\\/09\\\/no-esta-bien-sheinbaum-reprueba-que-policias-pakal-de-chiapas-cruzaran-guatemala-durante-enfrentamiento\\\/#primaryimage\"},\"thumbnailUrl\":\"https:\\\/\\\/www.bbmnoticias.com\\\/labravaradiofm\\\/wp-content\\\/uploads\\\/sites\\\/5\\\/2025\\\/06\\\/policia-pakal-chiapas-frontera-comalapa-1536x1024-1.jpg\",\"articleSection\":[\"LOCAL\",\"NACIONAL\"],\"inLanguage\":\"es\"},{\"@type\":\"WebPage\",\"@id\":\"https:\\\/\\\/www.bbmnoticias.com\\\/labravaradiofm\\\/2025\\\/06\\\/09\\\/no-esta-bien-sheinbaum-reprueba-que-policias-pakal-de-chiapas-cruzaran-guatemala-durante-enfrentamiento\\\/\",\"url\":\"https:\\\/\\\/www.bbmnoticias.com\\\/blog\\\/2025\\\/06\\\/09\\\/no-esta-bien-sheinbaum-reprueba-que-policias-pakal-de-chiapas-cruzaran-guatemala-durante-enfrentamiento\\\/\",\"name\":\"\\\"No est\u00e1 bien\\\": Sheinbaum reprueba que polic\u00edas Pakal de Chiapas cruzaran Guatemala durante enfrentamiento - LA BRAVA RADIO\",\"isPartOf\":{\"@id\":\"https:\\\/\\\/www.bbmnoticias.com\\\/labravaradiofm\\\/#website\"},\"primaryImageOfPage\":{\"@id\":\"https:\\\/\\\/www.bbmnoticias.com\\\/blog\\\/2025\\\/06\\\/09\\\/no-esta-bien-sheinbaum-reprueba-que-policias-pakal-de-chiapas-cruzaran-guatemala-durante-enfrentamiento\\\/#primaryimage\"},\"image\":{\"@id\":\"https:\\\/\\\/www.bbmnoticias.com\\\/blog\\\/2025\\\/06\\\/09\\\/no-esta-bien-sheinbaum-reprueba-que-policias-pakal-de-chiapas-cruzaran-guatemala-durante-enfrentamiento\\\/#primaryimage\"},\"thumbnailUrl\":\"https:\\\/\\\/www.bbmnoticias.com\\\/labravaradiofm\\\/wp-content\\\/uploads\\\/sites\\\/5\\\/2025\\\/06\\\/policia-pakal-chiapas-frontera-comalapa-1536x1024-1.jpg\",\"datePublished\":\"2025-06-09T17:10:18+00:00\",\"dateModified\":\"2025-06-09T17:10:28+00:00\",\"author\":{\"@id\":\"https:\\\/\\\/www.bbmnoticias.com\\\/labravaradiofm\\\/#\\\/schema\\\/person\\\/857a3daf5c8142f29919023f377fbfad\"},\"breadcrumb\":{\"@id\":\"https:\\\/\\\/www.bbmnoticias.com\\\/blog\\\/2025\\\/06\\\/09\\\/no-esta-bien-sheinbaum-reprueba-que-policias-pakal-de-chiapas-cruzaran-guatemala-durante-enfrentamiento\\\/#breadcrumb\"},\"inLanguage\":\"es\",\"potentialAction\":[{\"@type\":\"ReadAction\",\"target\":[\"https:\\\/\\\/www.bbmnoticias.com\\\/blog\\\/2025\\\/06\\\/09\\\/no-esta-bien-sheinbaum-reprueba-que-policias-pakal-de-chiapas-cruzaran-guatemala-durante-enfrentamiento\\\/\"]}]},{\"@type\":\"ImageObject\",\"inLanguage\":\"es\",\"@id\":\"https:\\\/\\\/www.bbmnoticias.com\\\/blog\\\/2025\\\/06\\\/09\\\/no-esta-bien-sheinbaum-reprueba-que-policias-pakal-de-chiapas-cruzaran-guatemala-durante-enfrentamiento\\\/#primaryimage\",\"url\":\"https:\\\/\\\/www.bbmnoticias.com\\\/labravaradiofm\\\/wp-content\\\/uploads\\\/sites\\\/5\\\/2025\\\/06\\\/policia-pakal-chiapas-frontera-comalapa-1536x1024-1.jpg\",\"contentUrl\":\"https:\\\/\\\/www.bbmnoticias.com\\\/labravaradiofm\\\/wp-content\\\/uploads\\\/sites\\\/5\\\/2025\\\/06\\\/policia-pakal-chiapas-frontera-comalapa-1536x1024-1.jpg\",\"width\":1536,\"height\":1024},{\"@type\":\"BreadcrumbList\",\"@id\":\"https:\\\/\\\/www.bbmnoticias.com\\\/blog\\\/2025\\\/06\\\/09\\\/no-esta-bien-sheinbaum-reprueba-que-policias-pakal-de-chiapas-cruzaran-guatemala-durante-enfrentamiento\\\/#breadcrumb\",\"itemListElement\":[{\"@type\":\"ListItem\",\"position\":1,\"name\":\"Inicio\",\"item\":\"https:\\\/\\\/www.bbmnoticias.com\\\/labravaradiofm\\\/\"},{\"@type\":\"ListItem\",\"position\":2,\"name\":\"&#8220;No est\u00e1 bien&#8221;: Sheinbaum reprueba que polic\u00edas Pakal de Chiapas cruzaran Guatemala durante enfrentamiento\"}]},{\"@type\":\"WebSite\",\"@id\":\"https:\\\/\\\/www.bbmnoticias.com\\\/labravaradiofm\\\/#website\",\"url\":\"https:\\\/\\\/www.bbmnoticias.com\\\/labravaradiofm\\\/\",\"name\":\"LA BRAVA RADIO\",\"description\":\"Empresa productora de medios, Radiodifusi\u00f3n, Noticias, tendencias y todo lo que necesitas saber de la pol\u00edtica mexicana e internacional; entretenimiento, espect\u00e1culos, salud y mucho m\u00e1s.\",\"potentialAction\":[{\"@type\":\"SearchAction\",\"target\":{\"@type\":\"EntryPoint\",\"urlTemplate\":\"https:\\\/\\\/www.bbmnoticias.com\\\/labravaradiofm\\\/?s={search_term_string}\"},\"query-input\":{\"@type\":\"PropertyValueSpecification\",\"valueRequired\":true,\"valueName\":\"search_term_string\"}}],\"inLanguage\":\"es\"},{\"@type\":\"Person\",\"@id\":\"https:\\\/\\\/www.bbmnoticias.com\\\/labravaradiofm\\\/#\\\/schema\\\/person\\\/857a3daf5c8142f29919023f377fbfad\",\"name\":\"Agencias\",\"image\":{\"@type\":\"ImageObject\",\"inLanguage\":\"es\",\"@id\":\"https:\\\/\\\/secure.gravatar.com\\\/avatar\\\/739e0b61adf9e398b425c36718c8752286da0e8cd90f20ce9a86678abc26aa0d?s=96&d=mm&r=g\",\"url\":\"https:\\\/\\\/secure.gravatar.com\\\/avatar\\\/739e0b61adf9e398b425c36718c8752286da0e8cd90f20ce9a86678abc26aa0d?s=96&d=mm&r=g\",\"contentUrl\":\"https:\\\/\\\/secure.gravatar.com\\\/avatar\\\/739e0b61adf9e398b425c36718c8752286da0e8cd90f20ce9a86678abc26aa0d?s=96&d=mm&r=g\",\"caption\":\"Agencias\"},\"url\":\"https:\\\/\\\/www.bbmnoticias.com\\\/labravaradiofm\\\/author\\\/agencias\\\/\"}]}<\/script>\n<!-- \/ Yoast SEO plugin. -->","yoast_head_json":{"title":"\"No est\u00e1 bien\": Sheinbaum reprueba que polic\u00edas Pakal de Chiapas cruzaran Guatemala durante enfrentamiento - LA BRAVA RADIO","robots":{"index":"index","follow":"follow","max-snippet":"max-snippet:-1","max-image-preview":"max-image-preview:large","max-video-preview":"max-video-preview:-1"},"canonical":"https:\/\/www.bbmnoticias.com\/blog\/2025\/06\/09\/no-esta-bien-sheinbaum-reprueba-que-policias-pakal-de-chiapas-cruzaran-guatemala-durante-enfrentamiento\/","og_locale":"es_MX","og_type":"article","og_title":"\"No est\u00e1 bien\": Sheinbaum reprueba que polic\u00edas Pakal de Chiapas cruzaran Guatemala durante enfrentamiento - LA BRAVA RADIO","og_description":"La presidenta Claudia Sheinbaum Pardo confirm\u00f3 que polic\u00edas pertenecientes a la corporaci\u00f3n Pakal, creada por el Gobierno de Chiapas, s\u00ed cruzaron a territorio de Guatemala para enfrentarse a presuntos delincuentes. En la conferencia matutina de Palacio Nacional, Sheinbaum Pardo dej\u00f3 en claro que esta situaci\u00f3n no estuvo bien y que ser\u00e1 informada este martes 10 [&hellip;]","og_url":"https:\/\/www.bbmnoticias.com\/blog\/2025\/06\/09\/no-esta-bien-sheinbaum-reprueba-que-policias-pakal-de-chiapas-cruzaran-guatemala-durante-enfrentamiento\/","og_site_name":"LA BRAVA RADIO","article_published_time":"2025-06-09T17:10:18+00:00","article_modified_time":"2025-06-09T17:10:28+00:00","og_image":[{"width":1536,"height":1024,"url":"https:\/\/www.bbmnoticias.com\/labravaradiofm\/wp-content\/uploads\/sites\/5\/2025\/06\/policia-pakal-chiapas-frontera-comalapa-1536x1024-1.jpg","type":"image\/jpeg"}],"author":"Agencias","twitter_card":"summary_large_image","twitter_misc":{"Escrito por":"Agencias","Tiempo de lectura":"1 minuto"},"schema":{"@context":"https:\/\/schema.org","@graph":[{"@type":"Article","@id":"https:\/\/www.bbmnoticias.com\/blog\/2025\/06\/09\/no-esta-bien-sheinbaum-reprueba-que-policias-pakal-de-chiapas-cruzaran-guatemala-durante-enfrentamiento\/#article","isPartOf":{"@id":"https:\/\/www.bbmnoticias.com\/labravaradiofm\/2025\/06\/09\/no-esta-bien-sheinbaum-reprueba-que-policias-pakal-de-chiapas-cruzaran-guatemala-durante-enfrentamiento\/"},"author":{"name":"Agencias","@id":"https:\/\/www.bbmnoticias.com\/labravaradiofm\/#\/schema\/person\/857a3daf5c8142f29919023f377fbfad"},"headline":"&#8220;No est\u00e1 bien&#8221;: Sheinbaum reprueba que polic\u00edas Pakal de Chiapas cruzaran Guatemala durante enfrentamiento","datePublished":"2025-06-09T17:10:18+00:00","dateModified":"2025-06-09T17:10:28+00:00","mainEntityOfPage":{"@id":"https:\/\/www.bbmnoticias.com\/labravaradiofm\/2025\/06\/09\/no-esta-bien-sheinbaum-reprueba-que-policias-pakal-de-chiapas-cruzaran-guatemala-durante-enfrentamiento\/"},"wordCount":307,"image":{"@id":"https:\/\/www.bbmnoticias.com\/blog\/2025\/06\/09\/no-esta-bien-sheinbaum-reprueba-que-policias-pakal-de-chiapas-cruzaran-guatemala-durante-enfrentamiento\/#primaryimage"},"thumbnailUrl":"https:\/\/www.bbmnoticias.com\/labravaradiofm\/wp-content\/uploads\/sites\/5\/2025\/06\/policia-pakal-chiapas-frontera-comalapa-1536x1024-1.jpg","articleSection":["LOCAL","NACIONAL"],"inLanguage":"es"},{"@type":"WebPage","@id":"https:\/\/www.bbmnoticias.com\/labravaradiofm\/2025\/06\/09\/no-esta-bien-sheinbaum-reprueba-que-policias-pakal-de-chiapas-cruzaran-guatemala-durante-enfrentamiento\/","url":"https:\/\/www.bbmnoticias.com\/blog\/2025\/06\/09\/no-esta-bien-sheinbaum-reprueba-que-policias-pakal-de-chiapas-cruzaran-guatemala-durante-enfrentamiento\/","name":"\"No est\u00e1 bien\": Sheinbaum reprueba que polic\u00edas Pakal de Chiapas cruzaran Guatemala durante enfrentamiento - LA BRAVA RADIO","isPartOf":{"@id":"https:\/\/www.bbmnoticias.com\/labravaradiofm\/#website"},"primaryImageOfPage":{"@id":"https:\/\/www.bbmnoticias.com\/blog\/2025\/06\/09\/no-esta-bien-sheinbaum-reprueba-que-policias-pakal-de-chiapas-cruzaran-guatemala-durante-enfrentamiento\/#primaryimage"},"image":{"@id":"https:\/\/www.bbmnoticias.com\/blog\/2025\/06\/09\/no-esta-bien-sheinbaum-reprueba-que-policias-pakal-de-chiapas-cruzaran-guatemala-durante-enfrentamiento\/#primaryimage"},"thumbnailUrl":"https:\/\/www.bbmnoticias.com\/labravaradiofm\/wp-content\/uploads\/sites\/5\/2025\/06\/policia-pakal-chiapas-frontera-comalapa-1536x1024-1.jpg","datePublished":"2025-06-09T17:10:18+00:00","dateModified":"2025-06-09T17:10:28+00:00","author":{"@id":"https:\/\/www.bbmnoticias.com\/labravaradiofm\/#\/schema\/person\/857a3daf5c8142f29919023f377fbfad"},"breadcrumb":{"@id":"https:\/\/www.bbmnoticias.com\/blog\/2025\/06\/09\/no-esta-bien-sheinbaum-reprueba-que-policias-pakal-de-chiapas-cruzaran-guatemala-durante-enfrentamiento\/#breadcrumb"},"inLanguage":"es","potentialAction":[{"@type":"ReadAction","target":["https:\/\/www.bbmnoticias.com\/blog\/2025\/06\/09\/no-esta-bien-sheinbaum-reprueba-que-policias-pakal-de-chiapas-cruzaran-guatemala-durante-enfrentamiento\/"]}]},{"@type":"ImageObject","inLanguage":"es","@id":"https:\/\/www.bbmnoticias.com\/blog\/2025\/06\/09\/no-esta-bien-sheinbaum-reprueba-que-policias-pakal-de-chiapas-cruzaran-guatemala-durante-enfrentamiento\/#primaryimage","url":"https:\/\/www.bbmnoticias.com\/labravaradiofm\/wp-content\/uploads\/sites\/5\/2025\/06\/policia-pakal-chiapas-frontera-comalapa-1536x1024-1.jpg","contentUrl":"https:\/\/www.bbmnoticias.com\/labravaradiofm\/wp-content\/uploads\/sites\/5\/2025\/06\/policia-pakal-chiapas-frontera-comalapa-1536x1024-1.jpg","width":1536,"height":1024},{"@type":"BreadcrumbList","@id":"https:\/\/www.bbmnoticias.com\/blog\/2025\/06\/09\/no-esta-bien-sheinbaum-reprueba-que-policias-pakal-de-chiapas-cruzaran-guatemala-durante-enfrentamiento\/#breadcrumb","itemListElement":[{"@type":"ListItem","position":1,"name":"Inicio","item":"https:\/\/www.bbmnoticias.com\/labravaradiofm\/"},{"@type":"ListItem","position":2,"name":"&#8220;No est\u00e1 bien&#8221;: Sheinbaum reprueba que polic\u00edas Pakal de Chiapas cruzaran Guatemala durante enfrentamiento"}]},{"@type":"WebSite","@id":"https:\/\/www.bbmnoticias.com\/labravaradiofm\/#website","url":"https:\/\/www.bbmnoticias.com\/labravaradiofm\/","name":"LA BRAVA RADIO","description":"Empresa productora de medios, Radiodifusi\u00f3n, Noticias, tendencias y todo lo que necesitas saber de la pol\u00edtica mexicana e internacional; entretenimiento, espect\u00e1culos, salud y mucho m\u00e1s.","potentialAction":[{"@type":"SearchAction","target":{"@type":"EntryPoint","urlTemplate":"https:\/\/www.bbmnoticias.com\/labravaradiofm\/?s={search_term_string}"},"query-input":{"@type":"PropertyValueSpecification","valueRequired":true,"valueName":"search_term_string"}}],"inLanguage":"es"},{"@type":"Person","@id":"https:\/\/www.bbmnoticias.com\/labravaradiofm\/#\/schema\/person\/857a3daf5c8142f29919023f377fbfad","name":"Agencias","image":{"@type":"ImageObject","inLanguage":"es","@id":"https:\/\/secure.gravatar.com\/avatar\/739e0b61adf9e398b425c36718c8752286da0e8cd90f20ce9a86678abc26aa0d?s=96&d=mm&r=g","url":"https:\/\/secure.gravatar.com\/avatar\/739e0b61adf9e398b425c36718c8752286da0e8cd90f20ce9a86678abc26aa0d?s=96&d=mm&r=g","contentUrl":"https:\/\/secure.gravatar.com\/avatar\/739e0b61adf9e398b425c36718c8752286da0e8cd90f20ce9a86678abc26aa0d?s=96&d=mm&r=g","caption":"Agencias"},"url":"https:\/\/www.bbmnoticias.com\/labravaradiofm\/author\/agencias\/"}]}},"_links":{"self":[{"href":"https:\/\/www.bbmnoticias.com\/labravaradiofm\/wp-json\/wp\/v2\/posts\/61510","targetHints":{"allow":["GET"]}}],"collection":[{"href":"https:\/\/www.bbmnoticias.com\/labravaradiofm\/wp-json\/wp\/v2\/posts"}],"about":[{"href":"https:\/\/www.bbmnoticias.com\/labravaradiofm\/wp-json\/wp\/v2\/types\/post"}],"author":[{"embeddable":true,"href":"https:\/\/www.bbmnoticias.com\/labravaradiofm\/wp-json\/wp\/v2\/users\/4"}],"replies":[{"embeddable":true,"href":"https:\/\/www.bbmnoticias.com\/labravaradiofm\/wp-json\/wp\/v2\/comments?post=61510"}],"version-history":[{"count":0,"href":"https:\/\/www.bbmnoticias.com\/labravaradiofm\/wp-json\/wp\/v2\/posts\/61510\/revisions"}],"wp:featuredmedia":[{"embeddable":true,"href":"https:\/\/www.bbmnoticias.com\/labravaradiofm\/wp-json\/wp\/v2\/media\/61512"}],"wp:attachment":[{"href":"https:\/\/www.bbmnoticias.com\/labravaradiofm\/wp-json\/wp\/v2\/media?parent=61510"}],"wp:term":[{"taxonomy":"category","embeddable":true,"href":"https:\/\/www.bbmnoticias.com\/labravaradiofm\/wp-json\/wp\/v2\/categories?post=61510"},{"taxonomy":"post_tag","embeddable":true,"href":"https:\/\/www.bbmnoticias.com\/labravaradiofm\/wp-json\/wp\/v2\/tags?post=61510"}],"curies":[{"name":"wp","href":"https:\/\/api.w.org\/{rel}","templated":true}]}}