{"id":61504,"date":"2025-06-09T10:13:51","date_gmt":"2025-06-09T16:13:51","guid":{"rendered":"https:\/\/www.bbmnoticias.com\/labravaradiofm\/2025\/06\/09\/integran-binomio-canino-a-las-labores-de-busqueda-de-un-menor-en-la-sierra-mixe\/"},"modified":"2025-06-09T10:14:20","modified_gmt":"2025-06-09T16:14:20","slug":"integran-binomio-canino-a-las-labores-de-busqueda-de-un-menor-en-la-sierra-mixe","status":"publish","type":"post","link":"https:\/\/www.bbmnoticias.com\/labravaradiofm\/2025\/06\/09\/integran-binomio-canino-a-las-labores-de-busqueda-de-un-menor-en-la-sierra-mixe\/","title":{"rendered":"Integran binomio canino a las labores de b\u00fasqueda de un menor en la Sierra Mixe"},"content":{"rendered":"<div style=\"margin-top: 0px; margin-bottom: 0px;\" class=\"sharethis-inline-share-buttons\" ><\/div>\n<p>\u00b7&nbsp;&nbsp;&nbsp;&nbsp;&nbsp;&nbsp;&nbsp;&nbsp; Personal especializado se ha desplegado en zonas estrat\u00e9gicas y de dif\u00edcil acceso<\/p>\n\n\n\n<p>Oaxaca de Ju\u00e1rez, Oax., 9 de junio de 2025.- La Comisi\u00f3n Estatal de B\u00fasqueda de Personas Desaparecidas (CLB Oaxaca) informa que se integr\u00f3 un binomio canino para ampliar las posibilidades de localizaci\u00f3n del ni\u00f1o Iker Iv\u00e1n Marcelino Gonz\u00e1lez, de 1 a\u00f1o y 6 meses de edad, quien fue visto por \u00faltima vez el 5 de junio, en los l\u00edmites de los municipios de Santa Mar\u00eda Alotepec y San Juan Cotzoc\u00f3n, en la Sierra Mixe.<\/p>\n\n\n\n<p>En estrecha coordinaci\u00f3n con la Comisi\u00f3n Nacional de B\u00fasqueda de Personas (CNB), se despleg\u00f3 personal especializado en zonas estrat\u00e9gicas y de dif\u00edcil acceso.<\/p>\n\n\n\n<p>Las actividades desarrolladas han sido encabezadas por la titular de la Comisi\u00f3n Estatal de B\u00fasqueda, Michel Juli\u00e1n L\u00f3pez, en coordinaci\u00f3n con el presidente municipal de Santa Mar\u00eda Alotepec, Vidal Antonio Agapito.<\/p>\n\n\n\n<p>Tambi\u00e9n se ha contado con la solidaria participaci\u00f3n de familiares del ni\u00f1o y de personas de la comunidad, quienes se han sumado de manera comprometida a los trabajos de b\u00fasqueda.<\/p>\n\n\n\n<p>La CLB Oaxaca reitera el llamado urgente a la ciudadan\u00eda para colaborar en la difusi\u00f3n de la c\u00e9dula de b\u00fasqueda y, en caso de contar con informaci\u00f3n que pueda contribuir a su localizaci\u00f3n, comunicarse de manera confidencial al tel\u00e9fono 951 531 4801 o al correo electr\u00f3nico <a href=\"mailto:reporte@cebpeo.gob.mx\">reporte@cebpeo.gob.mx<\/a>.<\/p>\n","protected":false},"excerpt":{"rendered":"<p>\u00b7&nbsp;&nbsp;&nbsp;&nbsp;&nbsp;&nbsp;&nbsp;&nbsp; Personal especializado se ha desplegado en zonas estrat\u00e9gicas y de dif\u00edcil acceso Oaxaca de Ju\u00e1rez, Oax., 9 de junio de 2025.- La Comisi\u00f3n Estatal de B\u00fasqueda de Personas Desaparecidas (CLB Oaxaca) informa que se integr\u00f3 un binomio canino para ampliar las posibilidades de localizaci\u00f3n del ni\u00f1o Iker Iv\u00e1n Marcelino Gonz\u00e1lez, de 1 a\u00f1o y [&hellip;]<\/p>\n","protected":false},"author":2,"featured_media":61506,"comment_status":"closed","ping_status":"","sticky":false,"template":"","format":"standard","meta":{"footnotes":""},"categories":[2],"tags":[],"class_list":{"0":"post-61504","1":"post","2":"type-post","3":"status-publish","4":"format-standard","5":"has-post-thumbnail","7":"category-oaxaca"},"yoast_head":"<!-- This site is optimized with the Yoast SEO plugin v27.4 - https:\/\/yoast.com\/product\/yoast-seo-wordpress\/ -->\n<title>Integran binomio canino a las labores de b\u00fasqueda de un menor en la Sierra Mixe - LA BRAVA RADIO<\/title>\n<meta name=\"robots\" content=\"index, follow, max-snippet:-1, max-image-preview:large, max-video-preview:-1\" \/>\n<link rel=\"canonical\" href=\"https:\/\/www.bbmnoticias.com\/blog\/2025\/06\/09\/integran-binomio-canino-a-las-labores-de-busqueda-de-un-menor-en-la-sierra-mixe\/\" \/>\n<meta property=\"og:locale\" content=\"es_MX\" \/>\n<meta property=\"og:type\" content=\"article\" \/>\n<meta property=\"og:title\" content=\"Integran binomio canino a las labores de b\u00fasqueda de un menor en la Sierra Mixe - LA BRAVA RADIO\" \/>\n<meta property=\"og:description\" content=\"\u00b7&nbsp;&nbsp;&nbsp;&nbsp;&nbsp;&nbsp;&nbsp;&nbsp; Personal especializado se ha desplegado en zonas estrat\u00e9gicas y de dif\u00edcil acceso Oaxaca de Ju\u00e1rez, Oax., 9 de junio de 2025.- La Comisi\u00f3n Estatal de B\u00fasqueda de Personas Desaparecidas (CLB Oaxaca) informa que se integr\u00f3 un binomio canino para ampliar las posibilidades de localizaci\u00f3n del ni\u00f1o Iker Iv\u00e1n Marcelino Gonz\u00e1lez, de 1 a\u00f1o y [&hellip;]\" \/>\n<meta property=\"og:url\" content=\"https:\/\/www.bbmnoticias.com\/blog\/2025\/06\/09\/integran-binomio-canino-a-las-labores-de-busqueda-de-un-menor-en-la-sierra-mixe\/\" \/>\n<meta property=\"og:site_name\" content=\"LA BRAVA RADIO\" \/>\n<meta property=\"article:published_time\" content=\"2025-06-09T16:13:51+00:00\" \/>\n<meta property=\"article:modified_time\" content=\"2025-06-09T16:14:20+00:00\" \/>\n<meta property=\"og:image\" content=\"https:\/\/www.bbmnoticias.com\/labravaradiofm\/wp-content\/uploads\/sites\/5\/2025\/06\/busqueda_menor.jpg\" \/>\n\t<meta property=\"og:image:width\" content=\"800\" \/>\n\t<meta property=\"og:image:height\" content=\"600\" \/>\n\t<meta property=\"og:image:type\" content=\"image\/jpeg\" \/>\n<meta name=\"author\" content=\"Staff\" \/>\n<meta name=\"twitter:card\" content=\"summary_large_image\" \/>\n<meta name=\"twitter:label1\" content=\"Escrito por\" \/>\n\t<meta name=\"twitter:data1\" content=\"Staff\" \/>\n\t<meta name=\"twitter:label2\" content=\"Tiempo de lectura\" \/>\n\t<meta name=\"twitter:data2\" content=\"1 minuto\" \/>\n<script type=\"application\/ld+json\" class=\"yoast-schema-graph\">{\"@context\":\"https:\\\/\\\/schema.org\",\"@graph\":[{\"@type\":\"Article\",\"@id\":\"https:\\\/\\\/www.bbmnoticias.com\\\/blog\\\/2025\\\/06\\\/09\\\/integran-binomio-canino-a-las-labores-de-busqueda-de-un-menor-en-la-sierra-mixe\\\/#article\",\"isPartOf\":{\"@id\":\"https:\\\/\\\/www.bbmnoticias.com\\\/labravaradiofm\\\/2025\\\/06\\\/09\\\/integran-binomio-canino-a-las-labores-de-busqueda-de-un-menor-en-la-sierra-mixe\\\/\"},\"author\":{\"name\":\"Staff\",\"@id\":\"https:\\\/\\\/www.bbmnoticias.com\\\/labravaradiofm\\\/#\\\/schema\\\/person\\\/68a9e9036ef3c5b55aeb2b71dc8bab45\"},\"headline\":\"Integran binomio canino a las labores de b\u00fasqueda de un menor en la Sierra Mixe\",\"datePublished\":\"2025-06-09T16:13:51+00:00\",\"dateModified\":\"2025-06-09T16:14:20+00:00\",\"mainEntityOfPage\":{\"@id\":\"https:\\\/\\\/www.bbmnoticias.com\\\/labravaradiofm\\\/2025\\\/06\\\/09\\\/integran-binomio-canino-a-las-labores-de-busqueda-de-un-menor-en-la-sierra-mixe\\\/\"},\"wordCount\":273,\"image\":{\"@id\":\"https:\\\/\\\/www.bbmnoticias.com\\\/blog\\\/2025\\\/06\\\/09\\\/integran-binomio-canino-a-las-labores-de-busqueda-de-un-menor-en-la-sierra-mixe\\\/#primaryimage\"},\"thumbnailUrl\":\"https:\\\/\\\/www.bbmnoticias.com\\\/labravaradiofm\\\/wp-content\\\/uploads\\\/sites\\\/5\\\/2025\\\/06\\\/busqueda_menor.jpg\",\"articleSection\":[\"LOCAL\"],\"inLanguage\":\"es\"},{\"@type\":\"WebPage\",\"@id\":\"https:\\\/\\\/www.bbmnoticias.com\\\/labravaradiofm\\\/2025\\\/06\\\/09\\\/integran-binomio-canino-a-las-labores-de-busqueda-de-un-menor-en-la-sierra-mixe\\\/\",\"url\":\"https:\\\/\\\/www.bbmnoticias.com\\\/blog\\\/2025\\\/06\\\/09\\\/integran-binomio-canino-a-las-labores-de-busqueda-de-un-menor-en-la-sierra-mixe\\\/\",\"name\":\"Integran binomio canino a las labores de b\u00fasqueda de un menor en la Sierra Mixe - LA BRAVA RADIO\",\"isPartOf\":{\"@id\":\"https:\\\/\\\/www.bbmnoticias.com\\\/labravaradiofm\\\/#website\"},\"primaryImageOfPage\":{\"@id\":\"https:\\\/\\\/www.bbmnoticias.com\\\/blog\\\/2025\\\/06\\\/09\\\/integran-binomio-canino-a-las-labores-de-busqueda-de-un-menor-en-la-sierra-mixe\\\/#primaryimage\"},\"image\":{\"@id\":\"https:\\\/\\\/www.bbmnoticias.com\\\/blog\\\/2025\\\/06\\\/09\\\/integran-binomio-canino-a-las-labores-de-busqueda-de-un-menor-en-la-sierra-mixe\\\/#primaryimage\"},\"thumbnailUrl\":\"https:\\\/\\\/www.bbmnoticias.com\\\/labravaradiofm\\\/wp-content\\\/uploads\\\/sites\\\/5\\\/2025\\\/06\\\/busqueda_menor.jpg\",\"datePublished\":\"2025-06-09T16:13:51+00:00\",\"dateModified\":\"2025-06-09T16:14:20+00:00\",\"author\":{\"@id\":\"https:\\\/\\\/www.bbmnoticias.com\\\/labravaradiofm\\\/#\\\/schema\\\/person\\\/68a9e9036ef3c5b55aeb2b71dc8bab45\"},\"breadcrumb\":{\"@id\":\"https:\\\/\\\/www.bbmnoticias.com\\\/blog\\\/2025\\\/06\\\/09\\\/integran-binomio-canino-a-las-labores-de-busqueda-de-un-menor-en-la-sierra-mixe\\\/#breadcrumb\"},\"inLanguage\":\"es\",\"potentialAction\":[{\"@type\":\"ReadAction\",\"target\":[\"https:\\\/\\\/www.bbmnoticias.com\\\/blog\\\/2025\\\/06\\\/09\\\/integran-binomio-canino-a-las-labores-de-busqueda-de-un-menor-en-la-sierra-mixe\\\/\"]}]},{\"@type\":\"ImageObject\",\"inLanguage\":\"es\",\"@id\":\"https:\\\/\\\/www.bbmnoticias.com\\\/blog\\\/2025\\\/06\\\/09\\\/integran-binomio-canino-a-las-labores-de-busqueda-de-un-menor-en-la-sierra-mixe\\\/#primaryimage\",\"url\":\"https:\\\/\\\/www.bbmnoticias.com\\\/labravaradiofm\\\/wp-content\\\/uploads\\\/sites\\\/5\\\/2025\\\/06\\\/busqueda_menor.jpg\",\"contentUrl\":\"https:\\\/\\\/www.bbmnoticias.com\\\/labravaradiofm\\\/wp-content\\\/uploads\\\/sites\\\/5\\\/2025\\\/06\\\/busqueda_menor.jpg\",\"width\":800,\"height\":600},{\"@type\":\"BreadcrumbList\",\"@id\":\"https:\\\/\\\/www.bbmnoticias.com\\\/blog\\\/2025\\\/06\\\/09\\\/integran-binomio-canino-a-las-labores-de-busqueda-de-un-menor-en-la-sierra-mixe\\\/#breadcrumb\",\"itemListElement\":[{\"@type\":\"ListItem\",\"position\":1,\"name\":\"Inicio\",\"item\":\"https:\\\/\\\/www.bbmnoticias.com\\\/labravaradiofm\\\/\"},{\"@type\":\"ListItem\",\"position\":2,\"name\":\"Integran binomio canino a las labores de b\u00fasqueda de un menor en la Sierra Mixe\"}]},{\"@type\":\"WebSite\",\"@id\":\"https:\\\/\\\/www.bbmnoticias.com\\\/labravaradiofm\\\/#website\",\"url\":\"https:\\\/\\\/www.bbmnoticias.com\\\/labravaradiofm\\\/\",\"name\":\"LA BRAVA RADIO\",\"description\":\"Empresa productora de medios, Radiodifusi\u00f3n, Noticias, tendencias y todo lo que necesitas saber de la pol\u00edtica mexicana e internacional; entretenimiento, espect\u00e1culos, salud y mucho m\u00e1s.\",\"potentialAction\":[{\"@type\":\"SearchAction\",\"target\":{\"@type\":\"EntryPoint\",\"urlTemplate\":\"https:\\\/\\\/www.bbmnoticias.com\\\/labravaradiofm\\\/?s={search_term_string}\"},\"query-input\":{\"@type\":\"PropertyValueSpecification\",\"valueRequired\":true,\"valueName\":\"search_term_string\"}}],\"inLanguage\":\"es\"},{\"@type\":\"Person\",\"@id\":\"https:\\\/\\\/www.bbmnoticias.com\\\/labravaradiofm\\\/#\\\/schema\\\/person\\\/68a9e9036ef3c5b55aeb2b71dc8bab45\",\"name\":\"Staff\",\"image\":{\"@type\":\"ImageObject\",\"inLanguage\":\"es\",\"@id\":\"https:\\\/\\\/secure.gravatar.com\\\/avatar\\\/fdd21ad66fd8b98c407f9dee5b5e588cfe7f0d8579ec20fa6527cd59bab7f0f0?s=96&d=mm&r=g\",\"url\":\"https:\\\/\\\/secure.gravatar.com\\\/avatar\\\/fdd21ad66fd8b98c407f9dee5b5e588cfe7f0d8579ec20fa6527cd59bab7f0f0?s=96&d=mm&r=g\",\"contentUrl\":\"https:\\\/\\\/secure.gravatar.com\\\/avatar\\\/fdd21ad66fd8b98c407f9dee5b5e588cfe7f0d8579ec20fa6527cd59bab7f0f0?s=96&d=mm&r=g\",\"caption\":\"Staff\"},\"url\":\"https:\\\/\\\/www.bbmnoticias.com\\\/labravaradiofm\\\/author\\\/redaccion\\\/\"}]}<\/script>\n<!-- \/ Yoast SEO plugin. -->","yoast_head_json":{"title":"Integran binomio canino a las labores de b\u00fasqueda de un menor en la Sierra Mixe - LA BRAVA RADIO","robots":{"index":"index","follow":"follow","max-snippet":"max-snippet:-1","max-image-preview":"max-image-preview:large","max-video-preview":"max-video-preview:-1"},"canonical":"https:\/\/www.bbmnoticias.com\/blog\/2025\/06\/09\/integran-binomio-canino-a-las-labores-de-busqueda-de-un-menor-en-la-sierra-mixe\/","og_locale":"es_MX","og_type":"article","og_title":"Integran binomio canino a las labores de b\u00fasqueda de un menor en la Sierra Mixe - LA BRAVA RADIO","og_description":"\u00b7&nbsp;&nbsp;&nbsp;&nbsp;&nbsp;&nbsp;&nbsp;&nbsp; Personal especializado se ha desplegado en zonas estrat\u00e9gicas y de dif\u00edcil acceso Oaxaca de Ju\u00e1rez, Oax., 9 de junio de 2025.- La Comisi\u00f3n Estatal de B\u00fasqueda de Personas Desaparecidas (CLB Oaxaca) informa que se integr\u00f3 un binomio canino para ampliar las posibilidades de localizaci\u00f3n del ni\u00f1o Iker Iv\u00e1n Marcelino Gonz\u00e1lez, de 1 a\u00f1o y [&hellip;]","og_url":"https:\/\/www.bbmnoticias.com\/blog\/2025\/06\/09\/integran-binomio-canino-a-las-labores-de-busqueda-de-un-menor-en-la-sierra-mixe\/","og_site_name":"LA BRAVA RADIO","article_published_time":"2025-06-09T16:13:51+00:00","article_modified_time":"2025-06-09T16:14:20+00:00","og_image":[{"width":800,"height":600,"url":"https:\/\/www.bbmnoticias.com\/labravaradiofm\/wp-content\/uploads\/sites\/5\/2025\/06\/busqueda_menor.jpg","type":"image\/jpeg"}],"author":"Staff","twitter_card":"summary_large_image","twitter_misc":{"Escrito por":"Staff","Tiempo de lectura":"1 minuto"},"schema":{"@context":"https:\/\/schema.org","@graph":[{"@type":"Article","@id":"https:\/\/www.bbmnoticias.com\/blog\/2025\/06\/09\/integran-binomio-canino-a-las-labores-de-busqueda-de-un-menor-en-la-sierra-mixe\/#article","isPartOf":{"@id":"https:\/\/www.bbmnoticias.com\/labravaradiofm\/2025\/06\/09\/integran-binomio-canino-a-las-labores-de-busqueda-de-un-menor-en-la-sierra-mixe\/"},"author":{"name":"Staff","@id":"https:\/\/www.bbmnoticias.com\/labravaradiofm\/#\/schema\/person\/68a9e9036ef3c5b55aeb2b71dc8bab45"},"headline":"Integran binomio canino a las labores de b\u00fasqueda de un menor en la Sierra Mixe","datePublished":"2025-06-09T16:13:51+00:00","dateModified":"2025-06-09T16:14:20+00:00","mainEntityOfPage":{"@id":"https:\/\/www.bbmnoticias.com\/labravaradiofm\/2025\/06\/09\/integran-binomio-canino-a-las-labores-de-busqueda-de-un-menor-en-la-sierra-mixe\/"},"wordCount":273,"image":{"@id":"https:\/\/www.bbmnoticias.com\/blog\/2025\/06\/09\/integran-binomio-canino-a-las-labores-de-busqueda-de-un-menor-en-la-sierra-mixe\/#primaryimage"},"thumbnailUrl":"https:\/\/www.bbmnoticias.com\/labravaradiofm\/wp-content\/uploads\/sites\/5\/2025\/06\/busqueda_menor.jpg","articleSection":["LOCAL"],"inLanguage":"es"},{"@type":"WebPage","@id":"https:\/\/www.bbmnoticias.com\/labravaradiofm\/2025\/06\/09\/integran-binomio-canino-a-las-labores-de-busqueda-de-un-menor-en-la-sierra-mixe\/","url":"https:\/\/www.bbmnoticias.com\/blog\/2025\/06\/09\/integran-binomio-canino-a-las-labores-de-busqueda-de-un-menor-en-la-sierra-mixe\/","name":"Integran binomio canino a las labores de b\u00fasqueda de un menor en la Sierra Mixe - LA BRAVA RADIO","isPartOf":{"@id":"https:\/\/www.bbmnoticias.com\/labravaradiofm\/#website"},"primaryImageOfPage":{"@id":"https:\/\/www.bbmnoticias.com\/blog\/2025\/06\/09\/integran-binomio-canino-a-las-labores-de-busqueda-de-un-menor-en-la-sierra-mixe\/#primaryimage"},"image":{"@id":"https:\/\/www.bbmnoticias.com\/blog\/2025\/06\/09\/integran-binomio-canino-a-las-labores-de-busqueda-de-un-menor-en-la-sierra-mixe\/#primaryimage"},"thumbnailUrl":"https:\/\/www.bbmnoticias.com\/labravaradiofm\/wp-content\/uploads\/sites\/5\/2025\/06\/busqueda_menor.jpg","datePublished":"2025-06-09T16:13:51+00:00","dateModified":"2025-06-09T16:14:20+00:00","author":{"@id":"https:\/\/www.bbmnoticias.com\/labravaradiofm\/#\/schema\/person\/68a9e9036ef3c5b55aeb2b71dc8bab45"},"breadcrumb":{"@id":"https:\/\/www.bbmnoticias.com\/blog\/2025\/06\/09\/integran-binomio-canino-a-las-labores-de-busqueda-de-un-menor-en-la-sierra-mixe\/#breadcrumb"},"inLanguage":"es","potentialAction":[{"@type":"ReadAction","target":["https:\/\/www.bbmnoticias.com\/blog\/2025\/06\/09\/integran-binomio-canino-a-las-labores-de-busqueda-de-un-menor-en-la-sierra-mixe\/"]}]},{"@type":"ImageObject","inLanguage":"es","@id":"https:\/\/www.bbmnoticias.com\/blog\/2025\/06\/09\/integran-binomio-canino-a-las-labores-de-busqueda-de-un-menor-en-la-sierra-mixe\/#primaryimage","url":"https:\/\/www.bbmnoticias.com\/labravaradiofm\/wp-content\/uploads\/sites\/5\/2025\/06\/busqueda_menor.jpg","contentUrl":"https:\/\/www.bbmnoticias.com\/labravaradiofm\/wp-content\/uploads\/sites\/5\/2025\/06\/busqueda_menor.jpg","width":800,"height":600},{"@type":"BreadcrumbList","@id":"https:\/\/www.bbmnoticias.com\/blog\/2025\/06\/09\/integran-binomio-canino-a-las-labores-de-busqueda-de-un-menor-en-la-sierra-mixe\/#breadcrumb","itemListElement":[{"@type":"ListItem","position":1,"name":"Inicio","item":"https:\/\/www.bbmnoticias.com\/labravaradiofm\/"},{"@type":"ListItem","position":2,"name":"Integran binomio canino a las labores de b\u00fasqueda de un menor en la Sierra Mixe"}]},{"@type":"WebSite","@id":"https:\/\/www.bbmnoticias.com\/labravaradiofm\/#website","url":"https:\/\/www.bbmnoticias.com\/labravaradiofm\/","name":"LA BRAVA RADIO","description":"Empresa productora de medios, Radiodifusi\u00f3n, Noticias, tendencias y todo lo que necesitas saber de la pol\u00edtica mexicana e internacional; entretenimiento, espect\u00e1culos, salud y mucho m\u00e1s.","potentialAction":[{"@type":"SearchAction","target":{"@type":"EntryPoint","urlTemplate":"https:\/\/www.bbmnoticias.com\/labravaradiofm\/?s={search_term_string}"},"query-input":{"@type":"PropertyValueSpecification","valueRequired":true,"valueName":"search_term_string"}}],"inLanguage":"es"},{"@type":"Person","@id":"https:\/\/www.bbmnoticias.com\/labravaradiofm\/#\/schema\/person\/68a9e9036ef3c5b55aeb2b71dc8bab45","name":"Staff","image":{"@type":"ImageObject","inLanguage":"es","@id":"https:\/\/secure.gravatar.com\/avatar\/fdd21ad66fd8b98c407f9dee5b5e588cfe7f0d8579ec20fa6527cd59bab7f0f0?s=96&d=mm&r=g","url":"https:\/\/secure.gravatar.com\/avatar\/fdd21ad66fd8b98c407f9dee5b5e588cfe7f0d8579ec20fa6527cd59bab7f0f0?s=96&d=mm&r=g","contentUrl":"https:\/\/secure.gravatar.com\/avatar\/fdd21ad66fd8b98c407f9dee5b5e588cfe7f0d8579ec20fa6527cd59bab7f0f0?s=96&d=mm&r=g","caption":"Staff"},"url":"https:\/\/www.bbmnoticias.com\/labravaradiofm\/author\/redaccion\/"}]}},"_links":{"self":[{"href":"https:\/\/www.bbmnoticias.com\/labravaradiofm\/wp-json\/wp\/v2\/posts\/61504","targetHints":{"allow":["GET"]}}],"collection":[{"href":"https:\/\/www.bbmnoticias.com\/labravaradiofm\/wp-json\/wp\/v2\/posts"}],"about":[{"href":"https:\/\/www.bbmnoticias.com\/labravaradiofm\/wp-json\/wp\/v2\/types\/post"}],"author":[{"embeddable":true,"href":"https:\/\/www.bbmnoticias.com\/labravaradiofm\/wp-json\/wp\/v2\/users\/2"}],"replies":[{"embeddable":true,"href":"https:\/\/www.bbmnoticias.com\/labravaradiofm\/wp-json\/wp\/v2\/comments?post=61504"}],"version-history":[{"count":0,"href":"https:\/\/www.bbmnoticias.com\/labravaradiofm\/wp-json\/wp\/v2\/posts\/61504\/revisions"}],"wp:featuredmedia":[{"embeddable":true,"href":"https:\/\/www.bbmnoticias.com\/labravaradiofm\/wp-json\/wp\/v2\/media\/61506"}],"wp:attachment":[{"href":"https:\/\/www.bbmnoticias.com\/labravaradiofm\/wp-json\/wp\/v2\/media?parent=61504"}],"wp:term":[{"taxonomy":"category","embeddable":true,"href":"https:\/\/www.bbmnoticias.com\/labravaradiofm\/wp-json\/wp\/v2\/categories?post=61504"},{"taxonomy":"post_tag","embeddable":true,"href":"https:\/\/www.bbmnoticias.com\/labravaradiofm\/wp-json\/wp\/v2\/tags?post=61504"}],"curies":[{"name":"wp","href":"https:\/\/api.w.org\/{rel}","templated":true}]}}