{"id":61501,"date":"2025-06-09T09:02:06","date_gmt":"2025-06-09T15:02:06","guid":{"rendered":"https:\/\/www.bbmnoticias.com\/labravaradiofm\/2025\/06\/09\/apoteosico-concierto-ofrecio-javier-camarena\/"},"modified":"2025-06-09T09:02:13","modified_gmt":"2025-06-09T15:02:13","slug":"apoteosico-concierto-ofrecio-javier-camarena","status":"publish","type":"post","link":"https:\/\/www.bbmnoticias.com\/labravaradiofm\/2025\/06\/09\/apoteosico-concierto-ofrecio-javier-camarena\/","title":{"rendered":"Apote\u00f3sico\u00a0concierto ofreci\u00f3 Javier Camarena"},"content":{"rendered":"<div style=\"margin-top: 0px; margin-bottom: 0px;\" class=\"sharethis-inline-share-buttons\" ><\/div>\n<p>Minutos de aplausos ofreci\u00f3 el p\u00fablico al tenor mexicano,&nbsp; Javier Camarena que cerr\u00f3&nbsp; la 36 Temporada L\u00edrica del Teatro Cervantes de M\u00e1laga con un recital en el que se&nbsp; escuch\u00f3&nbsp; arias de \u00f3pera italiana y francesa, canciones italianas,&nbsp; romanzas de zarzuela, boleros y rancheras.<\/p>\n\n\n\n<p>La escena predomin\u00f3 el color azul&nbsp; para ambientar la presencia de \u00c1ngel Rodr\u00edguez, pianista y el tenor Javier Camarena que fueron&nbsp; recibidos con fuertes aplausos desde que pisaron el escenario.<\/p>\n\n\n\n<p>Camarena expres\u00f3 su alegr\u00eda de regresar a casa, ya que desde hace dos a\u00f1os su residencia la tiene en M\u00e1laga, indic\u00f3 sentirse muy contento y al ver que no hab\u00eda programa impreso para el p\u00fablico se explay\u00f3 con diversos temas que disfrutaron ampliamente los asistentes .<\/p>\n\n\n\n<p>Entre los temas ejecutados estuvieron: Vado ben spesso cangiando loco. S. Rosa, Me voglio fa na casa. G. Donizetti, La danza. G. Rossini, Pourquoi me reveiller\u2026?&nbsp; Werther (1893) J. Massenet, La mia letizia infondere\u2026&nbsp; I Lombardi alla prima crociata (1843) G. Verdi, Aprile. F. P. Tosti, A\u2019 vucchella. F. P. Tosti, Vorrei morire!&nbsp; F. P. Tosti, La roca fr\u00eda del calvario. La Dolorosa (1930) J. Serrano, No puede ser. La tabernera del puerto (1936) P. Sorozabal. El p\u00fablico se desbord\u00f3 en aplausos cuando escucharon: Una furtiva l\u00e1grima; Gaetano Donizetti, La Malague\u00f1a, Miguel Aceves Mej\u00eda, donde el falsete fue incre\u00edble. El romanticismo con Flor de Azalea de Javier Sol\u00eds.<\/p>\n\n\n\n<p>Fue una noche de excelencia donde la voz de Camarena vibr\u00f3 en el Teatro Cervantes de M\u00e1laga que estuvo a su m\u00e1xima capacidad y los aplausos&nbsp; largos no dejaron de escucharse.<\/p>\n\n\n\n<p>Fue un cierre de temporada con broche de oro, con estilo muy mexicano donde el p\u00fablico cant\u00f3 con el tenor una ranchera y escucho los diferentes vibratos que es capaz tener Camarena en cualquier g\u00e9nero que interpreta, por lo que se ha colocado entre los tenores m\u00e1s codiciados de la m\u00fasica internacional.<\/p>\n\n\n\n<p><strong>Los m\u00f3viles silencian a Camarena<\/strong><\/p>\n\n\n\n<p>Generalmente en conciertos y funciones de teatro se pide que se apaguen los m\u00f3viles, sin embargo para muchas personas es un acto que no hacen debido a su ignorancia para hacerlo, por qu\u00e9 no les da la gana o simplemente&nbsp; se despistan.<\/p>\n\n\n\n<p>Si llegan con antelaci\u00f3n se tiene tiempo para tomarse fotos, revisar las redes sociales y porque no ver el f\u00fatbol.<\/p>\n\n\n\n<p>Si est\u00e1s en un concierto de rock, en un espacio abierto no molesta nada que suene la marcha o una canci\u00f3n, aunque lo ideal ser\u00eda que te olvides del m\u00f3vil. Y me pregunt\u00f3 \u00bfqu\u00e9 llamada puede ser tan importante para que no lo apagues? Si hay alguien en el hospital o est\u00e1 muriendo alguien cercano. No vas a conciertos, teatro ni a ver danza.&nbsp;&nbsp;<\/p>\n\n\n\n<p>Pues sucedi\u00f3 mientras Camarena cantaba son\u00f3 el m\u00f3vil, al t\u00e9rmino hizo un comentario al respecto notablemente molesto. Al que se sumaron algunos del p\u00fablico \u201cgentuza\u201d, \u201capaguen el m\u00f3vil\u201d. Pasaron otros minutos y cuando iba a empezar otro tema se detuvo para que apagaran otro m\u00f3vil que sonaba.<\/p>\n\n\n\n<p>\u00bfFalta de educaci\u00f3n? Usted dir\u00e1.<\/p>\n\n\n\n<p>Javier Camarena comienza su temporada 2024\/25 debutando en la \u00d3pera L\u00edrica de Chicago como Duque de Mantua en Rigoletto, dirigida por el director musical Enrique Mazzola y con puesta en escena de Mary Birnbaum. Posteriormente, cant\u00f3 en la \u00f3pera de Dallas como Alfredo en La Traviata, escenificada por Louisa Muller. La interpretaci\u00f3n de Camarena como Alfredo tambi\u00e9n puede escucharse en el Gran Teatre del Liceu, en la producci\u00f3n de David McVicar de la tragedia de Verdi. Esta temporada, el tenor regresa a B\u00e9rgamo para interpretar a Ernesto en Don Pasquale, bajo la direcci\u00f3n de Iv\u00e1n Lopez Reynoso y escenificada por Am\u00e9lie Niermeyer. La temporada oper\u00edstica de Camarena concluye en el Teatro di San Carlo de N\u00e1poles, donde interpreta a Romeo en Romeo y Julieta de Gounod. El tenor tambi\u00e9n ofrece conciertos como solista, entre otros en Tokio y Taiw\u00e1n, y canta en el festival de Abu Dhabi. Posteriormente en esta temporada ofrece un recital solista en Santander y regresa a Pamplona para un concierto con la Orquesta Sinf\u00f3nica de Navarra y el maestro Perry So.<\/p>\n","protected":false},"excerpt":{"rendered":"<p>Minutos de aplausos ofreci\u00f3 el p\u00fablico al tenor mexicano,&nbsp; Javier Camarena que cerr\u00f3&nbsp; la 36 Temporada L\u00edrica del Teatro Cervantes de M\u00e1laga con un recital en el que se&nbsp; escuch\u00f3&nbsp; arias de \u00f3pera italiana y francesa, canciones italianas,&nbsp; romanzas de zarzuela, boleros y rancheras. La escena predomin\u00f3 el color azul&nbsp; para ambientar la presencia de [&hellip;]<\/p>\n","protected":false},"author":6,"featured_media":61503,"comment_status":"closed","ping_status":"","sticky":false,"template":"","format":"standard","meta":{"footnotes":""},"categories":[949,2],"tags":[],"class_list":{"0":"post-61501","1":"post","2":"type-post","3":"status-publish","4":"format-standard","5":"has-post-thumbnail","7":"category-espectaculos","8":"category-oaxaca"},"yoast_head":"<!-- This site is optimized with the Yoast SEO plugin v27.4 - https:\/\/yoast.com\/product\/yoast-seo-wordpress\/ -->\n<title>Apote\u00f3sico\u00a0concierto ofreci\u00f3 Javier Camarena - LA BRAVA RADIO<\/title>\n<meta name=\"robots\" content=\"index, follow, max-snippet:-1, max-image-preview:large, max-video-preview:-1\" \/>\n<link rel=\"canonical\" href=\"https:\/\/www.bbmnoticias.com\/blog\/2025\/06\/09\/apoteosico-concierto-ofrecio-javier-camarena\/\" \/>\n<meta property=\"og:locale\" content=\"es_MX\" \/>\n<meta property=\"og:type\" content=\"article\" \/>\n<meta property=\"og:title\" content=\"Apote\u00f3sico\u00a0concierto ofreci\u00f3 Javier Camarena - LA BRAVA RADIO\" \/>\n<meta property=\"og:description\" content=\"Minutos de aplausos ofreci\u00f3 el p\u00fablico al tenor mexicano,&nbsp; Javier Camarena que cerr\u00f3&nbsp; la 36 Temporada L\u00edrica del Teatro Cervantes de M\u00e1laga con un recital en el que se&nbsp; escuch\u00f3&nbsp; arias de \u00f3pera italiana y francesa, canciones italianas,&nbsp; romanzas de zarzuela, boleros y rancheras. La escena predomin\u00f3 el color azul&nbsp; para ambientar la presencia de [&hellip;]\" \/>\n<meta property=\"og:url\" content=\"https:\/\/www.bbmnoticias.com\/blog\/2025\/06\/09\/apoteosico-concierto-ofrecio-javier-camarena\/\" \/>\n<meta property=\"og:site_name\" content=\"LA BRAVA RADIO\" \/>\n<meta property=\"article:published_time\" content=\"2025-06-09T15:02:06+00:00\" \/>\n<meta property=\"article:modified_time\" content=\"2025-06-09T15:02:13+00:00\" \/>\n<meta property=\"og:image\" content=\"https:\/\/www.bbmnoticias.com\/labravaradiofm\/wp-content\/uploads\/sites\/5\/2025\/06\/camarena_concierto.jpg\" \/>\n\t<meta property=\"og:image:width\" content=\"800\" \/>\n\t<meta property=\"og:image:height\" content=\"533\" \/>\n\t<meta property=\"og:image:type\" content=\"image\/jpeg\" \/>\n<meta name=\"author\" content=\"Mar\u00eda Esther Beltr\u00e1n Mart\u00ednez\" \/>\n<meta name=\"twitter:card\" content=\"summary_large_image\" \/>\n<meta name=\"twitter:label1\" content=\"Escrito por\" \/>\n\t<meta name=\"twitter:data1\" content=\"Mar\u00eda Esther Beltr\u00e1n Mart\u00ednez\" \/>\n\t<meta name=\"twitter:label2\" content=\"Tiempo de lectura\" \/>\n\t<meta name=\"twitter:data2\" content=\"4 minutos\" \/>\n<script type=\"application\/ld+json\" class=\"yoast-schema-graph\">{\"@context\":\"https:\\\/\\\/schema.org\",\"@graph\":[{\"@type\":\"Article\",\"@id\":\"https:\\\/\\\/www.bbmnoticias.com\\\/blog\\\/2025\\\/06\\\/09\\\/apoteosico-concierto-ofrecio-javier-camarena\\\/#article\",\"isPartOf\":{\"@id\":\"https:\\\/\\\/www.bbmnoticias.com\\\/labravaradiofm\\\/2025\\\/06\\\/09\\\/apoteosico-concierto-ofrecio-javier-camarena\\\/\"},\"author\":{\"name\":\"Mar\u00eda Esther Beltr\u00e1n Mart\u00ednez\",\"@id\":\"https:\\\/\\\/www.bbmnoticias.com\\\/labravaradiofm\\\/#\\\/schema\\\/person\\\/ff037dabcc375d1b25289b6fd3902bd6\"},\"headline\":\"Apote\u00f3sico\u00a0concierto ofreci\u00f3 Javier Camarena\",\"datePublished\":\"2025-06-09T15:02:06+00:00\",\"dateModified\":\"2025-06-09T15:02:13+00:00\",\"mainEntityOfPage\":{\"@id\":\"https:\\\/\\\/www.bbmnoticias.com\\\/labravaradiofm\\\/2025\\\/06\\\/09\\\/apoteosico-concierto-ofrecio-javier-camarena\\\/\"},\"wordCount\":731,\"image\":{\"@id\":\"https:\\\/\\\/www.bbmnoticias.com\\\/blog\\\/2025\\\/06\\\/09\\\/apoteosico-concierto-ofrecio-javier-camarena\\\/#primaryimage\"},\"thumbnailUrl\":\"https:\\\/\\\/www.bbmnoticias.com\\\/labravaradiofm\\\/wp-content\\\/uploads\\\/sites\\\/5\\\/2025\\\/06\\\/camarena_concierto.jpg\",\"articleSection\":[\"ESPECT\u00c1CULOS\",\"LOCAL\"],\"inLanguage\":\"es\"},{\"@type\":\"WebPage\",\"@id\":\"https:\\\/\\\/www.bbmnoticias.com\\\/labravaradiofm\\\/2025\\\/06\\\/09\\\/apoteosico-concierto-ofrecio-javier-camarena\\\/\",\"url\":\"https:\\\/\\\/www.bbmnoticias.com\\\/blog\\\/2025\\\/06\\\/09\\\/apoteosico-concierto-ofrecio-javier-camarena\\\/\",\"name\":\"Apote\u00f3sico\u00a0concierto ofreci\u00f3 Javier Camarena - LA BRAVA RADIO\",\"isPartOf\":{\"@id\":\"https:\\\/\\\/www.bbmnoticias.com\\\/labravaradiofm\\\/#website\"},\"primaryImageOfPage\":{\"@id\":\"https:\\\/\\\/www.bbmnoticias.com\\\/blog\\\/2025\\\/06\\\/09\\\/apoteosico-concierto-ofrecio-javier-camarena\\\/#primaryimage\"},\"image\":{\"@id\":\"https:\\\/\\\/www.bbmnoticias.com\\\/blog\\\/2025\\\/06\\\/09\\\/apoteosico-concierto-ofrecio-javier-camarena\\\/#primaryimage\"},\"thumbnailUrl\":\"https:\\\/\\\/www.bbmnoticias.com\\\/labravaradiofm\\\/wp-content\\\/uploads\\\/sites\\\/5\\\/2025\\\/06\\\/camarena_concierto.jpg\",\"datePublished\":\"2025-06-09T15:02:06+00:00\",\"dateModified\":\"2025-06-09T15:02:13+00:00\",\"author\":{\"@id\":\"https:\\\/\\\/www.bbmnoticias.com\\\/labravaradiofm\\\/#\\\/schema\\\/person\\\/ff037dabcc375d1b25289b6fd3902bd6\"},\"breadcrumb\":{\"@id\":\"https:\\\/\\\/www.bbmnoticias.com\\\/blog\\\/2025\\\/06\\\/09\\\/apoteosico-concierto-ofrecio-javier-camarena\\\/#breadcrumb\"},\"inLanguage\":\"es\",\"potentialAction\":[{\"@type\":\"ReadAction\",\"target\":[\"https:\\\/\\\/www.bbmnoticias.com\\\/blog\\\/2025\\\/06\\\/09\\\/apoteosico-concierto-ofrecio-javier-camarena\\\/\"]}]},{\"@type\":\"ImageObject\",\"inLanguage\":\"es\",\"@id\":\"https:\\\/\\\/www.bbmnoticias.com\\\/blog\\\/2025\\\/06\\\/09\\\/apoteosico-concierto-ofrecio-javier-camarena\\\/#primaryimage\",\"url\":\"https:\\\/\\\/www.bbmnoticias.com\\\/labravaradiofm\\\/wp-content\\\/uploads\\\/sites\\\/5\\\/2025\\\/06\\\/camarena_concierto.jpg\",\"contentUrl\":\"https:\\\/\\\/www.bbmnoticias.com\\\/labravaradiofm\\\/wp-content\\\/uploads\\\/sites\\\/5\\\/2025\\\/06\\\/camarena_concierto.jpg\",\"width\":800,\"height\":533},{\"@type\":\"BreadcrumbList\",\"@id\":\"https:\\\/\\\/www.bbmnoticias.com\\\/blog\\\/2025\\\/06\\\/09\\\/apoteosico-concierto-ofrecio-javier-camarena\\\/#breadcrumb\",\"itemListElement\":[{\"@type\":\"ListItem\",\"position\":1,\"name\":\"Inicio\",\"item\":\"https:\\\/\\\/www.bbmnoticias.com\\\/labravaradiofm\\\/\"},{\"@type\":\"ListItem\",\"position\":2,\"name\":\"Apote\u00f3sico\u00a0concierto ofreci\u00f3 Javier Camarena\"}]},{\"@type\":\"WebSite\",\"@id\":\"https:\\\/\\\/www.bbmnoticias.com\\\/labravaradiofm\\\/#website\",\"url\":\"https:\\\/\\\/www.bbmnoticias.com\\\/labravaradiofm\\\/\",\"name\":\"LA BRAVA RADIO\",\"description\":\"Empresa productora de medios, Radiodifusi\u00f3n, Noticias, tendencias y todo lo que necesitas saber de la pol\u00edtica mexicana e internacional; entretenimiento, espect\u00e1culos, salud y mucho m\u00e1s.\",\"potentialAction\":[{\"@type\":\"SearchAction\",\"target\":{\"@type\":\"EntryPoint\",\"urlTemplate\":\"https:\\\/\\\/www.bbmnoticias.com\\\/labravaradiofm\\\/?s={search_term_string}\"},\"query-input\":{\"@type\":\"PropertyValueSpecification\",\"valueRequired\":true,\"valueName\":\"search_term_string\"}}],\"inLanguage\":\"es\"},{\"@type\":\"Person\",\"@id\":\"https:\\\/\\\/www.bbmnoticias.com\\\/labravaradiofm\\\/#\\\/schema\\\/person\\\/ff037dabcc375d1b25289b6fd3902bd6\",\"name\":\"Mar\u00eda Esther Beltr\u00e1n Mart\u00ednez\",\"image\":{\"@type\":\"ImageObject\",\"inLanguage\":\"es\",\"@id\":\"https:\\\/\\\/secure.gravatar.com\\\/avatar\\\/50efe5915c3eac137dcc550ff1c590bc6054705eb482a33520c9501c8eec550f?s=96&d=mm&r=g\",\"url\":\"https:\\\/\\\/secure.gravatar.com\\\/avatar\\\/50efe5915c3eac137dcc550ff1c590bc6054705eb482a33520c9501c8eec550f?s=96&d=mm&r=g\",\"contentUrl\":\"https:\\\/\\\/secure.gravatar.com\\\/avatar\\\/50efe5915c3eac137dcc550ff1c590bc6054705eb482a33520c9501c8eec550f?s=96&d=mm&r=g\",\"caption\":\"Mar\u00eda Esther Beltr\u00e1n Mart\u00ednez\"},\"url\":\"https:\\\/\\\/www.bbmnoticias.com\\\/labravaradiofm\\\/author\\\/maria\\\/\"}]}<\/script>\n<!-- \/ Yoast SEO plugin. -->","yoast_head_json":{"title":"Apote\u00f3sico\u00a0concierto ofreci\u00f3 Javier Camarena - LA BRAVA RADIO","robots":{"index":"index","follow":"follow","max-snippet":"max-snippet:-1","max-image-preview":"max-image-preview:large","max-video-preview":"max-video-preview:-1"},"canonical":"https:\/\/www.bbmnoticias.com\/blog\/2025\/06\/09\/apoteosico-concierto-ofrecio-javier-camarena\/","og_locale":"es_MX","og_type":"article","og_title":"Apote\u00f3sico\u00a0concierto ofreci\u00f3 Javier Camarena - LA BRAVA RADIO","og_description":"Minutos de aplausos ofreci\u00f3 el p\u00fablico al tenor mexicano,&nbsp; Javier Camarena que cerr\u00f3&nbsp; la 36 Temporada L\u00edrica del Teatro Cervantes de M\u00e1laga con un recital en el que se&nbsp; escuch\u00f3&nbsp; arias de \u00f3pera italiana y francesa, canciones italianas,&nbsp; romanzas de zarzuela, boleros y rancheras. La escena predomin\u00f3 el color azul&nbsp; para ambientar la presencia de [&hellip;]","og_url":"https:\/\/www.bbmnoticias.com\/blog\/2025\/06\/09\/apoteosico-concierto-ofrecio-javier-camarena\/","og_site_name":"LA BRAVA RADIO","article_published_time":"2025-06-09T15:02:06+00:00","article_modified_time":"2025-06-09T15:02:13+00:00","og_image":[{"width":800,"height":533,"url":"https:\/\/www.bbmnoticias.com\/labravaradiofm\/wp-content\/uploads\/sites\/5\/2025\/06\/camarena_concierto.jpg","type":"image\/jpeg"}],"author":"Mar\u00eda Esther Beltr\u00e1n Mart\u00ednez","twitter_card":"summary_large_image","twitter_misc":{"Escrito por":"Mar\u00eda Esther Beltr\u00e1n Mart\u00ednez","Tiempo de lectura":"4 minutos"},"schema":{"@context":"https:\/\/schema.org","@graph":[{"@type":"Article","@id":"https:\/\/www.bbmnoticias.com\/blog\/2025\/06\/09\/apoteosico-concierto-ofrecio-javier-camarena\/#article","isPartOf":{"@id":"https:\/\/www.bbmnoticias.com\/labravaradiofm\/2025\/06\/09\/apoteosico-concierto-ofrecio-javier-camarena\/"},"author":{"name":"Mar\u00eda Esther Beltr\u00e1n Mart\u00ednez","@id":"https:\/\/www.bbmnoticias.com\/labravaradiofm\/#\/schema\/person\/ff037dabcc375d1b25289b6fd3902bd6"},"headline":"Apote\u00f3sico\u00a0concierto ofreci\u00f3 Javier Camarena","datePublished":"2025-06-09T15:02:06+00:00","dateModified":"2025-06-09T15:02:13+00:00","mainEntityOfPage":{"@id":"https:\/\/www.bbmnoticias.com\/labravaradiofm\/2025\/06\/09\/apoteosico-concierto-ofrecio-javier-camarena\/"},"wordCount":731,"image":{"@id":"https:\/\/www.bbmnoticias.com\/blog\/2025\/06\/09\/apoteosico-concierto-ofrecio-javier-camarena\/#primaryimage"},"thumbnailUrl":"https:\/\/www.bbmnoticias.com\/labravaradiofm\/wp-content\/uploads\/sites\/5\/2025\/06\/camarena_concierto.jpg","articleSection":["ESPECT\u00c1CULOS","LOCAL"],"inLanguage":"es"},{"@type":"WebPage","@id":"https:\/\/www.bbmnoticias.com\/labravaradiofm\/2025\/06\/09\/apoteosico-concierto-ofrecio-javier-camarena\/","url":"https:\/\/www.bbmnoticias.com\/blog\/2025\/06\/09\/apoteosico-concierto-ofrecio-javier-camarena\/","name":"Apote\u00f3sico\u00a0concierto ofreci\u00f3 Javier Camarena - LA BRAVA RADIO","isPartOf":{"@id":"https:\/\/www.bbmnoticias.com\/labravaradiofm\/#website"},"primaryImageOfPage":{"@id":"https:\/\/www.bbmnoticias.com\/blog\/2025\/06\/09\/apoteosico-concierto-ofrecio-javier-camarena\/#primaryimage"},"image":{"@id":"https:\/\/www.bbmnoticias.com\/blog\/2025\/06\/09\/apoteosico-concierto-ofrecio-javier-camarena\/#primaryimage"},"thumbnailUrl":"https:\/\/www.bbmnoticias.com\/labravaradiofm\/wp-content\/uploads\/sites\/5\/2025\/06\/camarena_concierto.jpg","datePublished":"2025-06-09T15:02:06+00:00","dateModified":"2025-06-09T15:02:13+00:00","author":{"@id":"https:\/\/www.bbmnoticias.com\/labravaradiofm\/#\/schema\/person\/ff037dabcc375d1b25289b6fd3902bd6"},"breadcrumb":{"@id":"https:\/\/www.bbmnoticias.com\/blog\/2025\/06\/09\/apoteosico-concierto-ofrecio-javier-camarena\/#breadcrumb"},"inLanguage":"es","potentialAction":[{"@type":"ReadAction","target":["https:\/\/www.bbmnoticias.com\/blog\/2025\/06\/09\/apoteosico-concierto-ofrecio-javier-camarena\/"]}]},{"@type":"ImageObject","inLanguage":"es","@id":"https:\/\/www.bbmnoticias.com\/blog\/2025\/06\/09\/apoteosico-concierto-ofrecio-javier-camarena\/#primaryimage","url":"https:\/\/www.bbmnoticias.com\/labravaradiofm\/wp-content\/uploads\/sites\/5\/2025\/06\/camarena_concierto.jpg","contentUrl":"https:\/\/www.bbmnoticias.com\/labravaradiofm\/wp-content\/uploads\/sites\/5\/2025\/06\/camarena_concierto.jpg","width":800,"height":533},{"@type":"BreadcrumbList","@id":"https:\/\/www.bbmnoticias.com\/blog\/2025\/06\/09\/apoteosico-concierto-ofrecio-javier-camarena\/#breadcrumb","itemListElement":[{"@type":"ListItem","position":1,"name":"Inicio","item":"https:\/\/www.bbmnoticias.com\/labravaradiofm\/"},{"@type":"ListItem","position":2,"name":"Apote\u00f3sico\u00a0concierto ofreci\u00f3 Javier Camarena"}]},{"@type":"WebSite","@id":"https:\/\/www.bbmnoticias.com\/labravaradiofm\/#website","url":"https:\/\/www.bbmnoticias.com\/labravaradiofm\/","name":"LA BRAVA RADIO","description":"Empresa productora de medios, Radiodifusi\u00f3n, Noticias, tendencias y todo lo que necesitas saber de la pol\u00edtica mexicana e internacional; entretenimiento, espect\u00e1culos, salud y mucho m\u00e1s.","potentialAction":[{"@type":"SearchAction","target":{"@type":"EntryPoint","urlTemplate":"https:\/\/www.bbmnoticias.com\/labravaradiofm\/?s={search_term_string}"},"query-input":{"@type":"PropertyValueSpecification","valueRequired":true,"valueName":"search_term_string"}}],"inLanguage":"es"},{"@type":"Person","@id":"https:\/\/www.bbmnoticias.com\/labravaradiofm\/#\/schema\/person\/ff037dabcc375d1b25289b6fd3902bd6","name":"Mar\u00eda Esther Beltr\u00e1n Mart\u00ednez","image":{"@type":"ImageObject","inLanguage":"es","@id":"https:\/\/secure.gravatar.com\/avatar\/50efe5915c3eac137dcc550ff1c590bc6054705eb482a33520c9501c8eec550f?s=96&d=mm&r=g","url":"https:\/\/secure.gravatar.com\/avatar\/50efe5915c3eac137dcc550ff1c590bc6054705eb482a33520c9501c8eec550f?s=96&d=mm&r=g","contentUrl":"https:\/\/secure.gravatar.com\/avatar\/50efe5915c3eac137dcc550ff1c590bc6054705eb482a33520c9501c8eec550f?s=96&d=mm&r=g","caption":"Mar\u00eda Esther Beltr\u00e1n Mart\u00ednez"},"url":"https:\/\/www.bbmnoticias.com\/labravaradiofm\/author\/maria\/"}]}},"_links":{"self":[{"href":"https:\/\/www.bbmnoticias.com\/labravaradiofm\/wp-json\/wp\/v2\/posts\/61501","targetHints":{"allow":["GET"]}}],"collection":[{"href":"https:\/\/www.bbmnoticias.com\/labravaradiofm\/wp-json\/wp\/v2\/posts"}],"about":[{"href":"https:\/\/www.bbmnoticias.com\/labravaradiofm\/wp-json\/wp\/v2\/types\/post"}],"author":[{"embeddable":true,"href":"https:\/\/www.bbmnoticias.com\/labravaradiofm\/wp-json\/wp\/v2\/users\/6"}],"replies":[{"embeddable":true,"href":"https:\/\/www.bbmnoticias.com\/labravaradiofm\/wp-json\/wp\/v2\/comments?post=61501"}],"version-history":[{"count":0,"href":"https:\/\/www.bbmnoticias.com\/labravaradiofm\/wp-json\/wp\/v2\/posts\/61501\/revisions"}],"wp:featuredmedia":[{"embeddable":true,"href":"https:\/\/www.bbmnoticias.com\/labravaradiofm\/wp-json\/wp\/v2\/media\/61503"}],"wp:attachment":[{"href":"https:\/\/www.bbmnoticias.com\/labravaradiofm\/wp-json\/wp\/v2\/media?parent=61501"}],"wp:term":[{"taxonomy":"category","embeddable":true,"href":"https:\/\/www.bbmnoticias.com\/labravaradiofm\/wp-json\/wp\/v2\/categories?post=61501"},{"taxonomy":"post_tag","embeddable":true,"href":"https:\/\/www.bbmnoticias.com\/labravaradiofm\/wp-json\/wp\/v2\/tags?post=61501"}],"curies":[{"name":"wp","href":"https:\/\/api.w.org\/{rel}","templated":true}]}}