{"id":61498,"date":"2025-06-09T08:55:08","date_gmt":"2025-06-09T14:55:08","guid":{"rendered":"https:\/\/www.bbmnoticias.com\/labravaradiofm\/2025\/06\/09\/el-pan-y-el-pri-le-proponen-a-norma-pina-que-inicie-su-campana-a-diputada-federal-en-2027\/"},"modified":"2025-06-09T08:55:15","modified_gmt":"2025-06-09T14:55:15","slug":"el-pan-y-el-pri-le-proponen-a-norma-pina-que-inicie-su-campana-a-diputada-federal-en-2027","status":"publish","type":"post","link":"https:\/\/www.bbmnoticias.com\/labravaradiofm\/2025\/06\/09\/el-pan-y-el-pri-le-proponen-a-norma-pina-que-inicie-su-campana-a-diputada-federal-en-2027\/","title":{"rendered":"El PAN y el PRI le proponen a Norma Pi\u00f1a que inicie su campa\u00f1a a diputada federal en 2027"},"content":{"rendered":"<div style=\"margin-top: 0px; margin-bottom: 0px;\" class=\"sharethis-inline-share-buttons\" ><\/div>\n<p>El Instituto Nacional Electoral contin\u00faa contando los votos de la Elecci\u00f3n Judicial, aunque los perfiles que han ganando los sitios m\u00e1s importantes del Poder Judicial (los ministros de la Suprema Corte de Justicia, los magistrados del Tribunal de Disciplina Judicial y los magistrados del Tribunal Electoral) corresponden a aliados de la 4T.<\/p>\n\n\n\n<p>Las ministras Lenia Batres Guadarrama, Yasm\u00edn Esquivel Mossa, Loretta Ortiz,&nbsp;Mar\u00eda Estela R\u00edos Gonz\u00e1lez,&nbsp;Sara Irene Herrer\u00edas y los ministros Hugo Aguilar Ortiz, Ar\u00edstides Guerrero, Giovanni Figueroa y Irving Espinosa Betanzo, todos militan en el obradorismo.<\/p>\n\n\n\n<p>Mientras que&nbsp;las magistradas Celia Maya, Ver\u00f3nica de Gyv\u00e9s,&nbsp;Indira Garc\u00eda y los magistrados&nbsp;Bernardo B\u00e1tiz y&nbsp;Rufino Le\u00f3n, los cinco sustituir\u00e1n al hoy poderoso Consejo de la Judicatura Federal, tambi\u00e9n son cercanos al partido en el poder, y al expresidente Andr\u00e9s Manuel L\u00f3pez Obrador y a la presidenta Claudia Sheinbaum.<\/p>\n\n\n\n<p>En el caso de los dos lugares vacantes en el Tribunal Electoral Federal ser\u00e1n para&nbsp;Gilberto de Guzm\u00e1n B\u00e1tiz y Claudia Valle Aguilasocho, otros integrantes del movimiento que gobierna el pa\u00eds desde 2018. En ninguno de los sitios importantes del nuevo Poder Judicial qued\u00f3 alg\u00fan operador o aliado promovido por la ministra Norma Pi\u00f1a.<\/p>\n\n\n\n<p>Una derrota no s\u00f3lo para la oposici\u00f3n sino para los perfiles que comulgan con la visi\u00f3n de la justicia seg\u00fan Pi\u00f1a&nbsp;Hern\u00e1ndez. Por ello, como pudo saber esta redacci\u00f3n, la ministra que colgar\u00e1 la toga en septiembre pr\u00f3ximo, recibi\u00f3 la invitaci\u00f3n de partidos como el PAN, el PRI e incluso Movimiento Ciudadano para que no pase al retiro.<\/p>\n\n\n\n<p>Por el contrario, en los partidos de oposici\u00f3n no ha faltado quien le ha recomendado preparar su campa\u00f1a para regresar a la vida p\u00fablica en 2027 a trav\u00e9s de una diputaci\u00f3n federal, como una cr\u00edtica del nuevo Poder Judicial ahora del lado de quienes hoy cuestionan sus acciones, es decir ya no como integrante de la m\u00e1quina de la justicia en el pa\u00eds.<\/p>\n\n\n\n<p>El plan de la oposici\u00f3n es continuar con el &#8220;litigio estrat\u00e9gico&#8221; contra la 4T que en alg\u00fan momento logr\u00f3 detener sus mega obras, pese a que continuaron y concluyeron. Ese litigio estrat\u00e9gico tuvo como estratega al ministro en retiro Jos\u00e9 Ram\u00f3n Coss\u00edo y fue financiado por Claudio X. Gonz\u00e1lez. De prosperar la propuesta del PAN y el PRI, ahora se unir\u00eda Norma Pi\u00f1a en una especie de puerta corrediza de Lorenzo C\u00f3rdova del INE a la oposici\u00f3n.<\/p>\n\n\n\n<p>Con Informaci\u00f3n de LPOL<\/p>\n","protected":false},"excerpt":{"rendered":"<p>El Instituto Nacional Electoral contin\u00faa contando los votos de la Elecci\u00f3n Judicial, aunque los perfiles que han ganando los sitios m\u00e1s importantes del Poder Judicial (los ministros de la Suprema Corte de Justicia, los magistrados del Tribunal de Disciplina Judicial y los magistrados del Tribunal Electoral) corresponden a aliados de la 4T. Las ministras Lenia [&hellip;]<\/p>\n","protected":false},"author":4,"featured_media":61500,"comment_status":"closed","ping_status":"","sticky":false,"template":"","format":"standard","meta":{"footnotes":""},"categories":[2,19],"tags":[],"class_list":{"0":"post-61498","1":"post","2":"type-post","3":"status-publish","4":"format-standard","5":"has-post-thumbnail","7":"category-oaxaca","8":"category-nacional"},"yoast_head":"<!-- This site is optimized with the Yoast SEO plugin v27.4 - https:\/\/yoast.com\/product\/yoast-seo-wordpress\/ -->\n<title>El PAN y el PRI le proponen a Norma Pi\u00f1a que inicie su campa\u00f1a a diputada federal en 2027 - LA BRAVA RADIO<\/title>\n<meta name=\"robots\" content=\"index, follow, max-snippet:-1, max-image-preview:large, max-video-preview:-1\" \/>\n<link rel=\"canonical\" href=\"https:\/\/www.bbmnoticias.com\/blog\/2025\/06\/09\/el-pan-y-el-pri-le-proponen-a-norma-pina-que-inicie-su-campana-a-diputada-federal-en-2027\/\" \/>\n<meta property=\"og:locale\" content=\"es_MX\" \/>\n<meta property=\"og:type\" content=\"article\" \/>\n<meta property=\"og:title\" content=\"El PAN y el PRI le proponen a Norma Pi\u00f1a que inicie su campa\u00f1a a diputada federal en 2027 - LA BRAVA RADIO\" \/>\n<meta property=\"og:description\" content=\"El Instituto Nacional Electoral contin\u00faa contando los votos de la Elecci\u00f3n Judicial, aunque los perfiles que han ganando los sitios m\u00e1s importantes del Poder Judicial (los ministros de la Suprema Corte de Justicia, los magistrados del Tribunal de Disciplina Judicial y los magistrados del Tribunal Electoral) corresponden a aliados de la 4T. Las ministras Lenia [&hellip;]\" \/>\n<meta property=\"og:url\" content=\"https:\/\/www.bbmnoticias.com\/blog\/2025\/06\/09\/el-pan-y-el-pri-le-proponen-a-norma-pina-que-inicie-su-campana-a-diputada-federal-en-2027\/\" \/>\n<meta property=\"og:site_name\" content=\"LA BRAVA RADIO\" \/>\n<meta property=\"article:published_time\" content=\"2025-06-09T14:55:08+00:00\" \/>\n<meta property=\"article:modified_time\" content=\"2025-06-09T14:55:15+00:00\" \/>\n<meta property=\"og:image\" content=\"https:\/\/www.bbmnoticias.com\/labravaradiofm\/wp-content\/uploads\/sites\/5\/2025\/06\/ministra-norma-pina.jpg\" \/>\n\t<meta property=\"og:image:width\" content=\"800\" \/>\n\t<meta property=\"og:image:height\" content=\"450\" \/>\n\t<meta property=\"og:image:type\" content=\"image\/jpeg\" \/>\n<meta name=\"author\" content=\"Agencias\" \/>\n<meta name=\"twitter:card\" content=\"summary_large_image\" \/>\n<meta name=\"twitter:label1\" content=\"Escrito por\" \/>\n\t<meta name=\"twitter:data1\" content=\"Agencias\" \/>\n\t<meta name=\"twitter:label2\" content=\"Tiempo de lectura\" \/>\n\t<meta name=\"twitter:data2\" content=\"2 minutos\" \/>\n<script type=\"application\/ld+json\" class=\"yoast-schema-graph\">{\"@context\":\"https:\\\/\\\/schema.org\",\"@graph\":[{\"@type\":\"Article\",\"@id\":\"https:\\\/\\\/www.bbmnoticias.com\\\/blog\\\/2025\\\/06\\\/09\\\/el-pan-y-el-pri-le-proponen-a-norma-pina-que-inicie-su-campana-a-diputada-federal-en-2027\\\/#article\",\"isPartOf\":{\"@id\":\"https:\\\/\\\/www.bbmnoticias.com\\\/labravaradiofm\\\/2025\\\/06\\\/09\\\/el-pan-y-el-pri-le-proponen-a-norma-pina-que-inicie-su-campana-a-diputada-federal-en-2027\\\/\"},\"author\":{\"name\":\"Agencias\",\"@id\":\"https:\\\/\\\/www.bbmnoticias.com\\\/labravaradiofm\\\/#\\\/schema\\\/person\\\/000bdaf0a8fb5bff0d537c4d0778e33f\"},\"headline\":\"El PAN y el PRI le proponen a Norma Pi\u00f1a que inicie su campa\u00f1a a diputada federal en 2027\",\"datePublished\":\"2025-06-09T14:55:08+00:00\",\"dateModified\":\"2025-06-09T14:55:15+00:00\",\"mainEntityOfPage\":{\"@id\":\"https:\\\/\\\/www.bbmnoticias.com\\\/labravaradiofm\\\/2025\\\/06\\\/09\\\/el-pan-y-el-pri-le-proponen-a-norma-pina-que-inicie-su-campana-a-diputada-federal-en-2027\\\/\"},\"wordCount\":474,\"image\":{\"@id\":\"https:\\\/\\\/www.bbmnoticias.com\\\/blog\\\/2025\\\/06\\\/09\\\/el-pan-y-el-pri-le-proponen-a-norma-pina-que-inicie-su-campana-a-diputada-federal-en-2027\\\/#primaryimage\"},\"thumbnailUrl\":\"https:\\\/\\\/www.bbmnoticias.com\\\/labravaradiofm\\\/wp-content\\\/uploads\\\/sites\\\/5\\\/2025\\\/06\\\/ministra-norma-pina.jpg\",\"articleSection\":[\"LOCAL\",\"NACIONAL\"],\"inLanguage\":\"es\"},{\"@type\":\"WebPage\",\"@id\":\"https:\\\/\\\/www.bbmnoticias.com\\\/labravaradiofm\\\/2025\\\/06\\\/09\\\/el-pan-y-el-pri-le-proponen-a-norma-pina-que-inicie-su-campana-a-diputada-federal-en-2027\\\/\",\"url\":\"https:\\\/\\\/www.bbmnoticias.com\\\/blog\\\/2025\\\/06\\\/09\\\/el-pan-y-el-pri-le-proponen-a-norma-pina-que-inicie-su-campana-a-diputada-federal-en-2027\\\/\",\"name\":\"El PAN y el PRI le proponen a Norma Pi\u00f1a que inicie su campa\u00f1a a diputada federal en 2027 - LA BRAVA RADIO\",\"isPartOf\":{\"@id\":\"https:\\\/\\\/www.bbmnoticias.com\\\/labravaradiofm\\\/#website\"},\"primaryImageOfPage\":{\"@id\":\"https:\\\/\\\/www.bbmnoticias.com\\\/blog\\\/2025\\\/06\\\/09\\\/el-pan-y-el-pri-le-proponen-a-norma-pina-que-inicie-su-campana-a-diputada-federal-en-2027\\\/#primaryimage\"},\"image\":{\"@id\":\"https:\\\/\\\/www.bbmnoticias.com\\\/blog\\\/2025\\\/06\\\/09\\\/el-pan-y-el-pri-le-proponen-a-norma-pina-que-inicie-su-campana-a-diputada-federal-en-2027\\\/#primaryimage\"},\"thumbnailUrl\":\"https:\\\/\\\/www.bbmnoticias.com\\\/labravaradiofm\\\/wp-content\\\/uploads\\\/sites\\\/5\\\/2025\\\/06\\\/ministra-norma-pina.jpg\",\"datePublished\":\"2025-06-09T14:55:08+00:00\",\"dateModified\":\"2025-06-09T14:55:15+00:00\",\"author\":{\"@id\":\"https:\\\/\\\/www.bbmnoticias.com\\\/labravaradiofm\\\/#\\\/schema\\\/person\\\/000bdaf0a8fb5bff0d537c4d0778e33f\"},\"breadcrumb\":{\"@id\":\"https:\\\/\\\/www.bbmnoticias.com\\\/blog\\\/2025\\\/06\\\/09\\\/el-pan-y-el-pri-le-proponen-a-norma-pina-que-inicie-su-campana-a-diputada-federal-en-2027\\\/#breadcrumb\"},\"inLanguage\":\"es\",\"potentialAction\":[{\"@type\":\"ReadAction\",\"target\":[\"https:\\\/\\\/www.bbmnoticias.com\\\/blog\\\/2025\\\/06\\\/09\\\/el-pan-y-el-pri-le-proponen-a-norma-pina-que-inicie-su-campana-a-diputada-federal-en-2027\\\/\"]}]},{\"@type\":\"ImageObject\",\"inLanguage\":\"es\",\"@id\":\"https:\\\/\\\/www.bbmnoticias.com\\\/blog\\\/2025\\\/06\\\/09\\\/el-pan-y-el-pri-le-proponen-a-norma-pina-que-inicie-su-campana-a-diputada-federal-en-2027\\\/#primaryimage\",\"url\":\"https:\\\/\\\/www.bbmnoticias.com\\\/labravaradiofm\\\/wp-content\\\/uploads\\\/sites\\\/5\\\/2025\\\/06\\\/ministra-norma-pina.jpg\",\"contentUrl\":\"https:\\\/\\\/www.bbmnoticias.com\\\/labravaradiofm\\\/wp-content\\\/uploads\\\/sites\\\/5\\\/2025\\\/06\\\/ministra-norma-pina.jpg\",\"width\":800,\"height\":450},{\"@type\":\"BreadcrumbList\",\"@id\":\"https:\\\/\\\/www.bbmnoticias.com\\\/blog\\\/2025\\\/06\\\/09\\\/el-pan-y-el-pri-le-proponen-a-norma-pina-que-inicie-su-campana-a-diputada-federal-en-2027\\\/#breadcrumb\",\"itemListElement\":[{\"@type\":\"ListItem\",\"position\":1,\"name\":\"Inicio\",\"item\":\"https:\\\/\\\/www.bbmnoticias.com\\\/labravaradiofm\\\/\"},{\"@type\":\"ListItem\",\"position\":2,\"name\":\"El PAN y el PRI le proponen a Norma Pi\u00f1a que inicie su campa\u00f1a a diputada federal en 2027\"}]},{\"@type\":\"WebSite\",\"@id\":\"https:\\\/\\\/www.bbmnoticias.com\\\/labravaradiofm\\\/#website\",\"url\":\"https:\\\/\\\/www.bbmnoticias.com\\\/labravaradiofm\\\/\",\"name\":\"LA BRAVA RADIO\",\"description\":\"Empresa productora de medios, Radiodifusi\u00f3n, Noticias, tendencias y todo lo que necesitas saber de la pol\u00edtica mexicana e internacional; entretenimiento, espect\u00e1culos, salud y mucho m\u00e1s.\",\"potentialAction\":[{\"@type\":\"SearchAction\",\"target\":{\"@type\":\"EntryPoint\",\"urlTemplate\":\"https:\\\/\\\/www.bbmnoticias.com\\\/labravaradiofm\\\/?s={search_term_string}\"},\"query-input\":{\"@type\":\"PropertyValueSpecification\",\"valueRequired\":true,\"valueName\":\"search_term_string\"}}],\"inLanguage\":\"es\"},{\"@type\":\"Person\",\"@id\":\"https:\\\/\\\/www.bbmnoticias.com\\\/labravaradiofm\\\/#\\\/schema\\\/person\\\/000bdaf0a8fb5bff0d537c4d0778e33f\",\"name\":\"Agencias\",\"image\":{\"@type\":\"ImageObject\",\"inLanguage\":\"es\",\"@id\":\"https:\\\/\\\/secure.gravatar.com\\\/avatar\\\/739e0b61adf9e398b425c36718c8752286da0e8cd90f20ce9a86678abc26aa0d?s=96&d=mm&r=g\",\"url\":\"https:\\\/\\\/secure.gravatar.com\\\/avatar\\\/739e0b61adf9e398b425c36718c8752286da0e8cd90f20ce9a86678abc26aa0d?s=96&d=mm&r=g\",\"contentUrl\":\"https:\\\/\\\/secure.gravatar.com\\\/avatar\\\/739e0b61adf9e398b425c36718c8752286da0e8cd90f20ce9a86678abc26aa0d?s=96&d=mm&r=g\",\"caption\":\"Agencias\"},\"url\":\"https:\\\/\\\/www.bbmnoticias.com\\\/labravaradiofm\\\/author\\\/agencias\\\/\"}]}<\/script>\n<!-- \/ Yoast SEO plugin. -->","yoast_head_json":{"title":"El PAN y el PRI le proponen a Norma Pi\u00f1a que inicie su campa\u00f1a a diputada federal en 2027 - LA BRAVA RADIO","robots":{"index":"index","follow":"follow","max-snippet":"max-snippet:-1","max-image-preview":"max-image-preview:large","max-video-preview":"max-video-preview:-1"},"canonical":"https:\/\/www.bbmnoticias.com\/blog\/2025\/06\/09\/el-pan-y-el-pri-le-proponen-a-norma-pina-que-inicie-su-campana-a-diputada-federal-en-2027\/","og_locale":"es_MX","og_type":"article","og_title":"El PAN y el PRI le proponen a Norma Pi\u00f1a que inicie su campa\u00f1a a diputada federal en 2027 - LA BRAVA RADIO","og_description":"El Instituto Nacional Electoral contin\u00faa contando los votos de la Elecci\u00f3n Judicial, aunque los perfiles que han ganando los sitios m\u00e1s importantes del Poder Judicial (los ministros de la Suprema Corte de Justicia, los magistrados del Tribunal de Disciplina Judicial y los magistrados del Tribunal Electoral) corresponden a aliados de la 4T. Las ministras Lenia [&hellip;]","og_url":"https:\/\/www.bbmnoticias.com\/blog\/2025\/06\/09\/el-pan-y-el-pri-le-proponen-a-norma-pina-que-inicie-su-campana-a-diputada-federal-en-2027\/","og_site_name":"LA BRAVA RADIO","article_published_time":"2025-06-09T14:55:08+00:00","article_modified_time":"2025-06-09T14:55:15+00:00","og_image":[{"width":800,"height":450,"url":"https:\/\/www.bbmnoticias.com\/labravaradiofm\/wp-content\/uploads\/sites\/5\/2025\/06\/ministra-norma-pina.jpg","type":"image\/jpeg"}],"author":"Agencias","twitter_card":"summary_large_image","twitter_misc":{"Escrito por":"Agencias","Tiempo de lectura":"2 minutos"},"schema":{"@context":"https:\/\/schema.org","@graph":[{"@type":"Article","@id":"https:\/\/www.bbmnoticias.com\/blog\/2025\/06\/09\/el-pan-y-el-pri-le-proponen-a-norma-pina-que-inicie-su-campana-a-diputada-federal-en-2027\/#article","isPartOf":{"@id":"https:\/\/www.bbmnoticias.com\/labravaradiofm\/2025\/06\/09\/el-pan-y-el-pri-le-proponen-a-norma-pina-que-inicie-su-campana-a-diputada-federal-en-2027\/"},"author":{"name":"Agencias","@id":"https:\/\/www.bbmnoticias.com\/labravaradiofm\/#\/schema\/person\/000bdaf0a8fb5bff0d537c4d0778e33f"},"headline":"El PAN y el PRI le proponen a Norma Pi\u00f1a que inicie su campa\u00f1a a diputada federal en 2027","datePublished":"2025-06-09T14:55:08+00:00","dateModified":"2025-06-09T14:55:15+00:00","mainEntityOfPage":{"@id":"https:\/\/www.bbmnoticias.com\/labravaradiofm\/2025\/06\/09\/el-pan-y-el-pri-le-proponen-a-norma-pina-que-inicie-su-campana-a-diputada-federal-en-2027\/"},"wordCount":474,"image":{"@id":"https:\/\/www.bbmnoticias.com\/blog\/2025\/06\/09\/el-pan-y-el-pri-le-proponen-a-norma-pina-que-inicie-su-campana-a-diputada-federal-en-2027\/#primaryimage"},"thumbnailUrl":"https:\/\/www.bbmnoticias.com\/labravaradiofm\/wp-content\/uploads\/sites\/5\/2025\/06\/ministra-norma-pina.jpg","articleSection":["LOCAL","NACIONAL"],"inLanguage":"es"},{"@type":"WebPage","@id":"https:\/\/www.bbmnoticias.com\/labravaradiofm\/2025\/06\/09\/el-pan-y-el-pri-le-proponen-a-norma-pina-que-inicie-su-campana-a-diputada-federal-en-2027\/","url":"https:\/\/www.bbmnoticias.com\/blog\/2025\/06\/09\/el-pan-y-el-pri-le-proponen-a-norma-pina-que-inicie-su-campana-a-diputada-federal-en-2027\/","name":"El PAN y el PRI le proponen a Norma Pi\u00f1a que inicie su campa\u00f1a a diputada federal en 2027 - LA BRAVA RADIO","isPartOf":{"@id":"https:\/\/www.bbmnoticias.com\/labravaradiofm\/#website"},"primaryImageOfPage":{"@id":"https:\/\/www.bbmnoticias.com\/blog\/2025\/06\/09\/el-pan-y-el-pri-le-proponen-a-norma-pina-que-inicie-su-campana-a-diputada-federal-en-2027\/#primaryimage"},"image":{"@id":"https:\/\/www.bbmnoticias.com\/blog\/2025\/06\/09\/el-pan-y-el-pri-le-proponen-a-norma-pina-que-inicie-su-campana-a-diputada-federal-en-2027\/#primaryimage"},"thumbnailUrl":"https:\/\/www.bbmnoticias.com\/labravaradiofm\/wp-content\/uploads\/sites\/5\/2025\/06\/ministra-norma-pina.jpg","datePublished":"2025-06-09T14:55:08+00:00","dateModified":"2025-06-09T14:55:15+00:00","author":{"@id":"https:\/\/www.bbmnoticias.com\/labravaradiofm\/#\/schema\/person\/000bdaf0a8fb5bff0d537c4d0778e33f"},"breadcrumb":{"@id":"https:\/\/www.bbmnoticias.com\/blog\/2025\/06\/09\/el-pan-y-el-pri-le-proponen-a-norma-pina-que-inicie-su-campana-a-diputada-federal-en-2027\/#breadcrumb"},"inLanguage":"es","potentialAction":[{"@type":"ReadAction","target":["https:\/\/www.bbmnoticias.com\/blog\/2025\/06\/09\/el-pan-y-el-pri-le-proponen-a-norma-pina-que-inicie-su-campana-a-diputada-federal-en-2027\/"]}]},{"@type":"ImageObject","inLanguage":"es","@id":"https:\/\/www.bbmnoticias.com\/blog\/2025\/06\/09\/el-pan-y-el-pri-le-proponen-a-norma-pina-que-inicie-su-campana-a-diputada-federal-en-2027\/#primaryimage","url":"https:\/\/www.bbmnoticias.com\/labravaradiofm\/wp-content\/uploads\/sites\/5\/2025\/06\/ministra-norma-pina.jpg","contentUrl":"https:\/\/www.bbmnoticias.com\/labravaradiofm\/wp-content\/uploads\/sites\/5\/2025\/06\/ministra-norma-pina.jpg","width":800,"height":450},{"@type":"BreadcrumbList","@id":"https:\/\/www.bbmnoticias.com\/blog\/2025\/06\/09\/el-pan-y-el-pri-le-proponen-a-norma-pina-que-inicie-su-campana-a-diputada-federal-en-2027\/#breadcrumb","itemListElement":[{"@type":"ListItem","position":1,"name":"Inicio","item":"https:\/\/www.bbmnoticias.com\/labravaradiofm\/"},{"@type":"ListItem","position":2,"name":"El PAN y el PRI le proponen a Norma Pi\u00f1a que inicie su campa\u00f1a a diputada federal en 2027"}]},{"@type":"WebSite","@id":"https:\/\/www.bbmnoticias.com\/labravaradiofm\/#website","url":"https:\/\/www.bbmnoticias.com\/labravaradiofm\/","name":"LA BRAVA RADIO","description":"Empresa productora de medios, Radiodifusi\u00f3n, Noticias, tendencias y todo lo que necesitas saber de la pol\u00edtica mexicana e internacional; entretenimiento, espect\u00e1culos, salud y mucho m\u00e1s.","potentialAction":[{"@type":"SearchAction","target":{"@type":"EntryPoint","urlTemplate":"https:\/\/www.bbmnoticias.com\/labravaradiofm\/?s={search_term_string}"},"query-input":{"@type":"PropertyValueSpecification","valueRequired":true,"valueName":"search_term_string"}}],"inLanguage":"es"},{"@type":"Person","@id":"https:\/\/www.bbmnoticias.com\/labravaradiofm\/#\/schema\/person\/000bdaf0a8fb5bff0d537c4d0778e33f","name":"Agencias","image":{"@type":"ImageObject","inLanguage":"es","@id":"https:\/\/secure.gravatar.com\/avatar\/739e0b61adf9e398b425c36718c8752286da0e8cd90f20ce9a86678abc26aa0d?s=96&d=mm&r=g","url":"https:\/\/secure.gravatar.com\/avatar\/739e0b61adf9e398b425c36718c8752286da0e8cd90f20ce9a86678abc26aa0d?s=96&d=mm&r=g","contentUrl":"https:\/\/secure.gravatar.com\/avatar\/739e0b61adf9e398b425c36718c8752286da0e8cd90f20ce9a86678abc26aa0d?s=96&d=mm&r=g","caption":"Agencias"},"url":"https:\/\/www.bbmnoticias.com\/labravaradiofm\/author\/agencias\/"}]}},"_links":{"self":[{"href":"https:\/\/www.bbmnoticias.com\/labravaradiofm\/wp-json\/wp\/v2\/posts\/61498","targetHints":{"allow":["GET"]}}],"collection":[{"href":"https:\/\/www.bbmnoticias.com\/labravaradiofm\/wp-json\/wp\/v2\/posts"}],"about":[{"href":"https:\/\/www.bbmnoticias.com\/labravaradiofm\/wp-json\/wp\/v2\/types\/post"}],"author":[{"embeddable":true,"href":"https:\/\/www.bbmnoticias.com\/labravaradiofm\/wp-json\/wp\/v2\/users\/4"}],"replies":[{"embeddable":true,"href":"https:\/\/www.bbmnoticias.com\/labravaradiofm\/wp-json\/wp\/v2\/comments?post=61498"}],"version-history":[{"count":0,"href":"https:\/\/www.bbmnoticias.com\/labravaradiofm\/wp-json\/wp\/v2\/posts\/61498\/revisions"}],"wp:featuredmedia":[{"embeddable":true,"href":"https:\/\/www.bbmnoticias.com\/labravaradiofm\/wp-json\/wp\/v2\/media\/61500"}],"wp:attachment":[{"href":"https:\/\/www.bbmnoticias.com\/labravaradiofm\/wp-json\/wp\/v2\/media?parent=61498"}],"wp:term":[{"taxonomy":"category","embeddable":true,"href":"https:\/\/www.bbmnoticias.com\/labravaradiofm\/wp-json\/wp\/v2\/categories?post=61498"},{"taxonomy":"post_tag","embeddable":true,"href":"https:\/\/www.bbmnoticias.com\/labravaradiofm\/wp-json\/wp\/v2\/tags?post=61498"}],"curies":[{"name":"wp","href":"https:\/\/api.w.org\/{rel}","templated":true}]}}