{"id":61495,"date":"2025-06-09T08:44:55","date_gmt":"2025-06-09T14:44:55","guid":{"rendered":"https:\/\/www.bbmnoticias.com\/labravaradiofm\/2025\/06\/09\/sheinbaum-llama-a-mexicanos-en-los-angeles-california-a-manifestarse-pacificamente\/"},"modified":"2025-06-09T08:45:02","modified_gmt":"2025-06-09T14:45:02","slug":"sheinbaum-llama-a-mexicanos-en-los-angeles-california-a-manifestarse-pacificamente","status":"publish","type":"post","link":"https:\/\/www.bbmnoticias.com\/labravaradiofm\/2025\/06\/09\/sheinbaum-llama-a-mexicanos-en-los-angeles-california-a-manifestarse-pacificamente\/","title":{"rendered":"Sheinbaum llama a mexicanos en Los \u00c1ngeles, California, a manifestarse pac\u00edficamente"},"content":{"rendered":"<div style=\"margin-top: 0px; margin-bottom: 0px;\" class=\"sharethis-inline-share-buttons\" ><\/div>\n<p>La presidenta <strong>Claudia Sheinbaum Pardo<\/strong> conden\u00f3 los actos de <strong>violencia<\/strong> en <strong>Los \u00c1ngeles, California<\/strong>, derivado de las <strong>redadas migratorias<\/strong> en dicha ciudad el fin de semana pasado.<\/p>\n\n\n\n<figure class=\"wp-block-embed is-type-video is-provider-youtube wp-block-embed-youtube wp-embed-aspect-16-9 wp-has-aspect-ratio\"><div class=\"wp-block-embed__wrapper\">\n<iframe loading=\"lazy\" title=\"#Ma\u00f1aneraDelPueblo desde Palacio Nacional. Lunes 09 de junio 2025\" width=\"696\" height=\"392\" src=\"https:\/\/www.youtube.com\/embed\/m3TCihudbTc?feature=oembed\" frameborder=\"0\" allow=\"accelerometer; autoplay; clipboard-write; encrypted-media; gyroscope; picture-in-picture; web-share\" referrerpolicy=\"strict-origin-when-cross-origin\" allowfullscreen><\/iframe>\n<\/div><\/figure>\n\n\n\n<p>En la conferencia matutina de Palacio Nacional, Sheinbaum Pardo pidi\u00f3 a los <strong>mexicanos<\/strong> en Los \u00c1ngeles no caer en <strong>provocaciones<\/strong>.<\/p>\n\n\n\n<p>\u201cNo estamos de acuerdo con las acciones violentas como forma de protesta, la quema de patrullas parece m\u00e1s un acto de provocaci\u00f3n que de resistencia, debe quedar claro: condenamos la violencia, venga de donde venga\u201d, dijo.<\/p>\n\n\n\n<figure class=\"wp-block-pullquote\"><blockquote><p>Llamamos a la comunidad mexicana actuar de manera pac\u00edfica y no caer en provocaciones\u201d, puntualiz\u00f3.<\/p><\/blockquote><\/figure>\n\n\n\n<p>La mandataria mexicana hizo un llamado \u201crespetuoso pero firme a las autoridades estadounidenses para que todos los procedimientos migratorios se realicen con apego al debido proceso en un marco de respeto a la dignidad humana y al Estado de derecho\u201d.<\/p>\n\n\n\n<p>\u201cEl Gobierno de M\u00e9xico continuar\u00e1 utilizando todos los canales diplom\u00e1ticos y legales disponibles para expresar su inconformidad con pr\u00e1cticas que criminalizan la migraci\u00f3n y ponen en riesgo la seguridad y bienestar de nuestras comunidades en EE.UU.\u201d, expuso.<\/p>\n\n\n\n<p>Refiri\u00f3 que su Gobierno activ\u00f3 la red consular para que mexicanos reciban asistencia y protecci\u00f3n ante lo que ocurre en Estados unidos.<\/p>\n\n\n\n<p>\u201cA trav\u00e9s de nuestra red consular, M\u00e9xico ha activado de inmediato todos los mexicanos de asistencia y protecci\u00f3n consular para garantizar que nuestros connacionales detenidos reciban asesor\u00eda legal adecuado y un trato justo. Nuestros consulados han intensificado sus esfuerzos para informar a la comunidad mexicana sobre sus derechos y las acciones que pueden tomar en caso de haber sido objeto de un operativo migratorio\u201d, manifest\u00f3.<\/p>\n\n\n\n<p>\u201cLa migraci\u00f3n debe ser abordada desde una perspectiva integral, humana y con corresponsabilidad regional. M\u00e9xico reitera su disposici\u00f3n para continuar colaborando con el Gobierno de EE.UU.en la b\u00fasqueda de soluciones que privilegien el respeto a los derechos humanos, la legalidad y el desarrollo compartido. Ese es nuestro posicionamiento frente a lo que vivi\u00f3\u201d, dijo.<\/p>\n\n\n\n<p><strong>Juan Ram\u00f3n de la Fuente<\/strong>, secretario de\u00a0<strong>Relaciones Exteriores<\/strong>\u00a0(<strong>SRE<\/strong>), inform\u00f3 esta ma\u00f1ana que fueron <strong>detenidos 42 mexicanos<\/strong>\u00a0tras las\u00a0<strong>redadas migratorias<\/strong>\u00a0realizadas el viernes en\u00a0<strong>Los \u00c1ngeles.<\/strong><\/p>\n\n\n\n<p>\u201cHasta este momento, el censo que tenemos actualizado es de 42 connacionales detenidos en estos cuatro centros, 37 hombres y cinco mujeres\u201d, expuso.<\/p>\n","protected":false},"excerpt":{"rendered":"<p>La presidenta Claudia Sheinbaum Pardo conden\u00f3 los actos de violencia en Los \u00c1ngeles, California, derivado de las redadas migratorias en dicha ciudad el fin de semana pasado. En la conferencia matutina de Palacio Nacional, Sheinbaum Pardo pidi\u00f3 a los mexicanos en Los \u00c1ngeles no caer en provocaciones. \u201cNo estamos de acuerdo con las acciones violentas [&hellip;]<\/p>\n","protected":false},"author":4,"featured_media":61497,"comment_status":"closed","ping_status":"","sticky":false,"template":"","format":"standard","meta":{"footnotes":""},"categories":[2,19],"tags":[],"class_list":{"0":"post-61495","1":"post","2":"type-post","3":"status-publish","4":"format-standard","5":"has-post-thumbnail","7":"category-oaxaca","8":"category-nacional"},"yoast_head":"<!-- This site is optimized with the Yoast SEO plugin v27.4 - https:\/\/yoast.com\/product\/yoast-seo-wordpress\/ -->\n<title>Sheinbaum llama a mexicanos en Los \u00c1ngeles, California, a manifestarse pac\u00edficamente - LA BRAVA RADIO<\/title>\n<meta name=\"robots\" content=\"index, follow, max-snippet:-1, max-image-preview:large, max-video-preview:-1\" \/>\n<link rel=\"canonical\" href=\"https:\/\/www.bbmnoticias.com\/blog\/2025\/06\/09\/sheinbaum-llama-a-mexicanos-en-los-angeles-california-a-manifestarse-pacificamente\/\" \/>\n<meta property=\"og:locale\" content=\"es_MX\" \/>\n<meta property=\"og:type\" content=\"article\" \/>\n<meta property=\"og:title\" content=\"Sheinbaum llama a mexicanos en Los \u00c1ngeles, California, a manifestarse pac\u00edficamente - LA BRAVA RADIO\" \/>\n<meta property=\"og:description\" content=\"La presidenta Claudia Sheinbaum Pardo conden\u00f3 los actos de violencia en Los \u00c1ngeles, California, derivado de las redadas migratorias en dicha ciudad el fin de semana pasado. En la conferencia matutina de Palacio Nacional, Sheinbaum Pardo pidi\u00f3 a los mexicanos en Los \u00c1ngeles no caer en provocaciones. \u201cNo estamos de acuerdo con las acciones violentas [&hellip;]\" \/>\n<meta property=\"og:url\" content=\"https:\/\/www.bbmnoticias.com\/blog\/2025\/06\/09\/sheinbaum-llama-a-mexicanos-en-los-angeles-california-a-manifestarse-pacificamente\/\" \/>\n<meta property=\"og:site_name\" content=\"LA BRAVA RADIO\" \/>\n<meta property=\"article:published_time\" content=\"2025-06-09T14:44:55+00:00\" \/>\n<meta property=\"article:modified_time\" content=\"2025-06-09T14:45:02+00:00\" \/>\n<meta property=\"og:image\" content=\"https:\/\/www.bbmnoticias.com\/labravaradiofm\/wp-content\/uploads\/sites\/5\/2025\/06\/mexicanos-redadas-migratorias-los-angeles-california-1536x1024-1.jpg\" \/>\n\t<meta property=\"og:image:width\" content=\"1536\" \/>\n\t<meta property=\"og:image:height\" content=\"1024\" \/>\n\t<meta property=\"og:image:type\" content=\"image\/jpeg\" \/>\n<meta name=\"author\" content=\"Agencias\" \/>\n<meta name=\"twitter:card\" content=\"summary_large_image\" \/>\n<meta name=\"twitter:label1\" content=\"Escrito por\" \/>\n\t<meta name=\"twitter:data1\" content=\"Agencias\" \/>\n\t<meta name=\"twitter:label2\" content=\"Tiempo de lectura\" \/>\n\t<meta name=\"twitter:data2\" content=\"2 minutos\" \/>\n<script type=\"application\/ld+json\" class=\"yoast-schema-graph\">{\"@context\":\"https:\\\/\\\/schema.org\",\"@graph\":[{\"@type\":\"Article\",\"@id\":\"https:\\\/\\\/www.bbmnoticias.com\\\/blog\\\/2025\\\/06\\\/09\\\/sheinbaum-llama-a-mexicanos-en-los-angeles-california-a-manifestarse-pacificamente\\\/#article\",\"isPartOf\":{\"@id\":\"https:\\\/\\\/www.bbmnoticias.com\\\/labravaradiofm\\\/2025\\\/06\\\/09\\\/sheinbaum-llama-a-mexicanos-en-los-angeles-california-a-manifestarse-pacificamente\\\/\"},\"author\":{\"name\":\"Agencias\",\"@id\":\"https:\\\/\\\/www.bbmnoticias.com\\\/labravaradiofm\\\/#\\\/schema\\\/person\\\/000bdaf0a8fb5bff0d537c4d0778e33f\"},\"headline\":\"Sheinbaum llama a mexicanos en Los \u00c1ngeles, California, a manifestarse pac\u00edficamente\",\"datePublished\":\"2025-06-09T14:44:55+00:00\",\"dateModified\":\"2025-06-09T14:45:02+00:00\",\"mainEntityOfPage\":{\"@id\":\"https:\\\/\\\/www.bbmnoticias.com\\\/labravaradiofm\\\/2025\\\/06\\\/09\\\/sheinbaum-llama-a-mexicanos-en-los-angeles-california-a-manifestarse-pacificamente\\\/\"},\"wordCount\":402,\"image\":{\"@id\":\"https:\\\/\\\/www.bbmnoticias.com\\\/blog\\\/2025\\\/06\\\/09\\\/sheinbaum-llama-a-mexicanos-en-los-angeles-california-a-manifestarse-pacificamente\\\/#primaryimage\"},\"thumbnailUrl\":\"https:\\\/\\\/www.bbmnoticias.com\\\/labravaradiofm\\\/wp-content\\\/uploads\\\/sites\\\/5\\\/2025\\\/06\\\/mexicanos-redadas-migratorias-los-angeles-california-1536x1024-1.jpg\",\"articleSection\":[\"LOCAL\",\"NACIONAL\"],\"inLanguage\":\"es\"},{\"@type\":\"WebPage\",\"@id\":\"https:\\\/\\\/www.bbmnoticias.com\\\/labravaradiofm\\\/2025\\\/06\\\/09\\\/sheinbaum-llama-a-mexicanos-en-los-angeles-california-a-manifestarse-pacificamente\\\/\",\"url\":\"https:\\\/\\\/www.bbmnoticias.com\\\/blog\\\/2025\\\/06\\\/09\\\/sheinbaum-llama-a-mexicanos-en-los-angeles-california-a-manifestarse-pacificamente\\\/\",\"name\":\"Sheinbaum llama a mexicanos en Los \u00c1ngeles, California, a manifestarse pac\u00edficamente - LA BRAVA RADIO\",\"isPartOf\":{\"@id\":\"https:\\\/\\\/www.bbmnoticias.com\\\/labravaradiofm\\\/#website\"},\"primaryImageOfPage\":{\"@id\":\"https:\\\/\\\/www.bbmnoticias.com\\\/blog\\\/2025\\\/06\\\/09\\\/sheinbaum-llama-a-mexicanos-en-los-angeles-california-a-manifestarse-pacificamente\\\/#primaryimage\"},\"image\":{\"@id\":\"https:\\\/\\\/www.bbmnoticias.com\\\/blog\\\/2025\\\/06\\\/09\\\/sheinbaum-llama-a-mexicanos-en-los-angeles-california-a-manifestarse-pacificamente\\\/#primaryimage\"},\"thumbnailUrl\":\"https:\\\/\\\/www.bbmnoticias.com\\\/labravaradiofm\\\/wp-content\\\/uploads\\\/sites\\\/5\\\/2025\\\/06\\\/mexicanos-redadas-migratorias-los-angeles-california-1536x1024-1.jpg\",\"datePublished\":\"2025-06-09T14:44:55+00:00\",\"dateModified\":\"2025-06-09T14:45:02+00:00\",\"author\":{\"@id\":\"https:\\\/\\\/www.bbmnoticias.com\\\/labravaradiofm\\\/#\\\/schema\\\/person\\\/000bdaf0a8fb5bff0d537c4d0778e33f\"},\"breadcrumb\":{\"@id\":\"https:\\\/\\\/www.bbmnoticias.com\\\/blog\\\/2025\\\/06\\\/09\\\/sheinbaum-llama-a-mexicanos-en-los-angeles-california-a-manifestarse-pacificamente\\\/#breadcrumb\"},\"inLanguage\":\"es\",\"potentialAction\":[{\"@type\":\"ReadAction\",\"target\":[\"https:\\\/\\\/www.bbmnoticias.com\\\/blog\\\/2025\\\/06\\\/09\\\/sheinbaum-llama-a-mexicanos-en-los-angeles-california-a-manifestarse-pacificamente\\\/\"]}]},{\"@type\":\"ImageObject\",\"inLanguage\":\"es\",\"@id\":\"https:\\\/\\\/www.bbmnoticias.com\\\/blog\\\/2025\\\/06\\\/09\\\/sheinbaum-llama-a-mexicanos-en-los-angeles-california-a-manifestarse-pacificamente\\\/#primaryimage\",\"url\":\"https:\\\/\\\/www.bbmnoticias.com\\\/labravaradiofm\\\/wp-content\\\/uploads\\\/sites\\\/5\\\/2025\\\/06\\\/mexicanos-redadas-migratorias-los-angeles-california-1536x1024-1.jpg\",\"contentUrl\":\"https:\\\/\\\/www.bbmnoticias.com\\\/labravaradiofm\\\/wp-content\\\/uploads\\\/sites\\\/5\\\/2025\\\/06\\\/mexicanos-redadas-migratorias-los-angeles-california-1536x1024-1.jpg\",\"width\":1536,\"height\":1024},{\"@type\":\"BreadcrumbList\",\"@id\":\"https:\\\/\\\/www.bbmnoticias.com\\\/blog\\\/2025\\\/06\\\/09\\\/sheinbaum-llama-a-mexicanos-en-los-angeles-california-a-manifestarse-pacificamente\\\/#breadcrumb\",\"itemListElement\":[{\"@type\":\"ListItem\",\"position\":1,\"name\":\"Inicio\",\"item\":\"https:\\\/\\\/www.bbmnoticias.com\\\/labravaradiofm\\\/\"},{\"@type\":\"ListItem\",\"position\":2,\"name\":\"Sheinbaum llama a mexicanos en Los \u00c1ngeles, California, a manifestarse pac\u00edficamente\"}]},{\"@type\":\"WebSite\",\"@id\":\"https:\\\/\\\/www.bbmnoticias.com\\\/labravaradiofm\\\/#website\",\"url\":\"https:\\\/\\\/www.bbmnoticias.com\\\/labravaradiofm\\\/\",\"name\":\"LA BRAVA RADIO\",\"description\":\"Empresa productora de medios, Radiodifusi\u00f3n, Noticias, tendencias y todo lo que necesitas saber de la pol\u00edtica mexicana e internacional; entretenimiento, espect\u00e1culos, salud y mucho m\u00e1s.\",\"potentialAction\":[{\"@type\":\"SearchAction\",\"target\":{\"@type\":\"EntryPoint\",\"urlTemplate\":\"https:\\\/\\\/www.bbmnoticias.com\\\/labravaradiofm\\\/?s={search_term_string}\"},\"query-input\":{\"@type\":\"PropertyValueSpecification\",\"valueRequired\":true,\"valueName\":\"search_term_string\"}}],\"inLanguage\":\"es\"},{\"@type\":\"Person\",\"@id\":\"https:\\\/\\\/www.bbmnoticias.com\\\/labravaradiofm\\\/#\\\/schema\\\/person\\\/000bdaf0a8fb5bff0d537c4d0778e33f\",\"name\":\"Agencias\",\"image\":{\"@type\":\"ImageObject\",\"inLanguage\":\"es\",\"@id\":\"https:\\\/\\\/secure.gravatar.com\\\/avatar\\\/739e0b61adf9e398b425c36718c8752286da0e8cd90f20ce9a86678abc26aa0d?s=96&d=mm&r=g\",\"url\":\"https:\\\/\\\/secure.gravatar.com\\\/avatar\\\/739e0b61adf9e398b425c36718c8752286da0e8cd90f20ce9a86678abc26aa0d?s=96&d=mm&r=g\",\"contentUrl\":\"https:\\\/\\\/secure.gravatar.com\\\/avatar\\\/739e0b61adf9e398b425c36718c8752286da0e8cd90f20ce9a86678abc26aa0d?s=96&d=mm&r=g\",\"caption\":\"Agencias\"},\"url\":\"https:\\\/\\\/www.bbmnoticias.com\\\/labravaradiofm\\\/author\\\/agencias\\\/\"}]}<\/script>\n<!-- \/ Yoast SEO plugin. -->","yoast_head_json":{"title":"Sheinbaum llama a mexicanos en Los \u00c1ngeles, California, a manifestarse pac\u00edficamente - LA BRAVA RADIO","robots":{"index":"index","follow":"follow","max-snippet":"max-snippet:-1","max-image-preview":"max-image-preview:large","max-video-preview":"max-video-preview:-1"},"canonical":"https:\/\/www.bbmnoticias.com\/blog\/2025\/06\/09\/sheinbaum-llama-a-mexicanos-en-los-angeles-california-a-manifestarse-pacificamente\/","og_locale":"es_MX","og_type":"article","og_title":"Sheinbaum llama a mexicanos en Los \u00c1ngeles, California, a manifestarse pac\u00edficamente - LA BRAVA RADIO","og_description":"La presidenta Claudia Sheinbaum Pardo conden\u00f3 los actos de violencia en Los \u00c1ngeles, California, derivado de las redadas migratorias en dicha ciudad el fin de semana pasado. En la conferencia matutina de Palacio Nacional, Sheinbaum Pardo pidi\u00f3 a los mexicanos en Los \u00c1ngeles no caer en provocaciones. \u201cNo estamos de acuerdo con las acciones violentas [&hellip;]","og_url":"https:\/\/www.bbmnoticias.com\/blog\/2025\/06\/09\/sheinbaum-llama-a-mexicanos-en-los-angeles-california-a-manifestarse-pacificamente\/","og_site_name":"LA BRAVA RADIO","article_published_time":"2025-06-09T14:44:55+00:00","article_modified_time":"2025-06-09T14:45:02+00:00","og_image":[{"width":1536,"height":1024,"url":"https:\/\/www.bbmnoticias.com\/labravaradiofm\/wp-content\/uploads\/sites\/5\/2025\/06\/mexicanos-redadas-migratorias-los-angeles-california-1536x1024-1.jpg","type":"image\/jpeg"}],"author":"Agencias","twitter_card":"summary_large_image","twitter_misc":{"Escrito por":"Agencias","Tiempo de lectura":"2 minutos"},"schema":{"@context":"https:\/\/schema.org","@graph":[{"@type":"Article","@id":"https:\/\/www.bbmnoticias.com\/blog\/2025\/06\/09\/sheinbaum-llama-a-mexicanos-en-los-angeles-california-a-manifestarse-pacificamente\/#article","isPartOf":{"@id":"https:\/\/www.bbmnoticias.com\/labravaradiofm\/2025\/06\/09\/sheinbaum-llama-a-mexicanos-en-los-angeles-california-a-manifestarse-pacificamente\/"},"author":{"name":"Agencias","@id":"https:\/\/www.bbmnoticias.com\/labravaradiofm\/#\/schema\/person\/000bdaf0a8fb5bff0d537c4d0778e33f"},"headline":"Sheinbaum llama a mexicanos en Los \u00c1ngeles, California, a manifestarse pac\u00edficamente","datePublished":"2025-06-09T14:44:55+00:00","dateModified":"2025-06-09T14:45:02+00:00","mainEntityOfPage":{"@id":"https:\/\/www.bbmnoticias.com\/labravaradiofm\/2025\/06\/09\/sheinbaum-llama-a-mexicanos-en-los-angeles-california-a-manifestarse-pacificamente\/"},"wordCount":402,"image":{"@id":"https:\/\/www.bbmnoticias.com\/blog\/2025\/06\/09\/sheinbaum-llama-a-mexicanos-en-los-angeles-california-a-manifestarse-pacificamente\/#primaryimage"},"thumbnailUrl":"https:\/\/www.bbmnoticias.com\/labravaradiofm\/wp-content\/uploads\/sites\/5\/2025\/06\/mexicanos-redadas-migratorias-los-angeles-california-1536x1024-1.jpg","articleSection":["LOCAL","NACIONAL"],"inLanguage":"es"},{"@type":"WebPage","@id":"https:\/\/www.bbmnoticias.com\/labravaradiofm\/2025\/06\/09\/sheinbaum-llama-a-mexicanos-en-los-angeles-california-a-manifestarse-pacificamente\/","url":"https:\/\/www.bbmnoticias.com\/blog\/2025\/06\/09\/sheinbaum-llama-a-mexicanos-en-los-angeles-california-a-manifestarse-pacificamente\/","name":"Sheinbaum llama a mexicanos en Los \u00c1ngeles, California, a manifestarse pac\u00edficamente - LA BRAVA RADIO","isPartOf":{"@id":"https:\/\/www.bbmnoticias.com\/labravaradiofm\/#website"},"primaryImageOfPage":{"@id":"https:\/\/www.bbmnoticias.com\/blog\/2025\/06\/09\/sheinbaum-llama-a-mexicanos-en-los-angeles-california-a-manifestarse-pacificamente\/#primaryimage"},"image":{"@id":"https:\/\/www.bbmnoticias.com\/blog\/2025\/06\/09\/sheinbaum-llama-a-mexicanos-en-los-angeles-california-a-manifestarse-pacificamente\/#primaryimage"},"thumbnailUrl":"https:\/\/www.bbmnoticias.com\/labravaradiofm\/wp-content\/uploads\/sites\/5\/2025\/06\/mexicanos-redadas-migratorias-los-angeles-california-1536x1024-1.jpg","datePublished":"2025-06-09T14:44:55+00:00","dateModified":"2025-06-09T14:45:02+00:00","author":{"@id":"https:\/\/www.bbmnoticias.com\/labravaradiofm\/#\/schema\/person\/000bdaf0a8fb5bff0d537c4d0778e33f"},"breadcrumb":{"@id":"https:\/\/www.bbmnoticias.com\/blog\/2025\/06\/09\/sheinbaum-llama-a-mexicanos-en-los-angeles-california-a-manifestarse-pacificamente\/#breadcrumb"},"inLanguage":"es","potentialAction":[{"@type":"ReadAction","target":["https:\/\/www.bbmnoticias.com\/blog\/2025\/06\/09\/sheinbaum-llama-a-mexicanos-en-los-angeles-california-a-manifestarse-pacificamente\/"]}]},{"@type":"ImageObject","inLanguage":"es","@id":"https:\/\/www.bbmnoticias.com\/blog\/2025\/06\/09\/sheinbaum-llama-a-mexicanos-en-los-angeles-california-a-manifestarse-pacificamente\/#primaryimage","url":"https:\/\/www.bbmnoticias.com\/labravaradiofm\/wp-content\/uploads\/sites\/5\/2025\/06\/mexicanos-redadas-migratorias-los-angeles-california-1536x1024-1.jpg","contentUrl":"https:\/\/www.bbmnoticias.com\/labravaradiofm\/wp-content\/uploads\/sites\/5\/2025\/06\/mexicanos-redadas-migratorias-los-angeles-california-1536x1024-1.jpg","width":1536,"height":1024},{"@type":"BreadcrumbList","@id":"https:\/\/www.bbmnoticias.com\/blog\/2025\/06\/09\/sheinbaum-llama-a-mexicanos-en-los-angeles-california-a-manifestarse-pacificamente\/#breadcrumb","itemListElement":[{"@type":"ListItem","position":1,"name":"Inicio","item":"https:\/\/www.bbmnoticias.com\/labravaradiofm\/"},{"@type":"ListItem","position":2,"name":"Sheinbaum llama a mexicanos en Los \u00c1ngeles, California, a manifestarse pac\u00edficamente"}]},{"@type":"WebSite","@id":"https:\/\/www.bbmnoticias.com\/labravaradiofm\/#website","url":"https:\/\/www.bbmnoticias.com\/labravaradiofm\/","name":"LA BRAVA RADIO","description":"Empresa productora de medios, Radiodifusi\u00f3n, Noticias, tendencias y todo lo que necesitas saber de la pol\u00edtica mexicana e internacional; entretenimiento, espect\u00e1culos, salud y mucho m\u00e1s.","potentialAction":[{"@type":"SearchAction","target":{"@type":"EntryPoint","urlTemplate":"https:\/\/www.bbmnoticias.com\/labravaradiofm\/?s={search_term_string}"},"query-input":{"@type":"PropertyValueSpecification","valueRequired":true,"valueName":"search_term_string"}}],"inLanguage":"es"},{"@type":"Person","@id":"https:\/\/www.bbmnoticias.com\/labravaradiofm\/#\/schema\/person\/000bdaf0a8fb5bff0d537c4d0778e33f","name":"Agencias","image":{"@type":"ImageObject","inLanguage":"es","@id":"https:\/\/secure.gravatar.com\/avatar\/739e0b61adf9e398b425c36718c8752286da0e8cd90f20ce9a86678abc26aa0d?s=96&d=mm&r=g","url":"https:\/\/secure.gravatar.com\/avatar\/739e0b61adf9e398b425c36718c8752286da0e8cd90f20ce9a86678abc26aa0d?s=96&d=mm&r=g","contentUrl":"https:\/\/secure.gravatar.com\/avatar\/739e0b61adf9e398b425c36718c8752286da0e8cd90f20ce9a86678abc26aa0d?s=96&d=mm&r=g","caption":"Agencias"},"url":"https:\/\/www.bbmnoticias.com\/labravaradiofm\/author\/agencias\/"}]}},"_links":{"self":[{"href":"https:\/\/www.bbmnoticias.com\/labravaradiofm\/wp-json\/wp\/v2\/posts\/61495","targetHints":{"allow":["GET"]}}],"collection":[{"href":"https:\/\/www.bbmnoticias.com\/labravaradiofm\/wp-json\/wp\/v2\/posts"}],"about":[{"href":"https:\/\/www.bbmnoticias.com\/labravaradiofm\/wp-json\/wp\/v2\/types\/post"}],"author":[{"embeddable":true,"href":"https:\/\/www.bbmnoticias.com\/labravaradiofm\/wp-json\/wp\/v2\/users\/4"}],"replies":[{"embeddable":true,"href":"https:\/\/www.bbmnoticias.com\/labravaradiofm\/wp-json\/wp\/v2\/comments?post=61495"}],"version-history":[{"count":0,"href":"https:\/\/www.bbmnoticias.com\/labravaradiofm\/wp-json\/wp\/v2\/posts\/61495\/revisions"}],"wp:featuredmedia":[{"embeddable":true,"href":"https:\/\/www.bbmnoticias.com\/labravaradiofm\/wp-json\/wp\/v2\/media\/61497"}],"wp:attachment":[{"href":"https:\/\/www.bbmnoticias.com\/labravaradiofm\/wp-json\/wp\/v2\/media?parent=61495"}],"wp:term":[{"taxonomy":"category","embeddable":true,"href":"https:\/\/www.bbmnoticias.com\/labravaradiofm\/wp-json\/wp\/v2\/categories?post=61495"},{"taxonomy":"post_tag","embeddable":true,"href":"https:\/\/www.bbmnoticias.com\/labravaradiofm\/wp-json\/wp\/v2\/tags?post=61495"}],"curies":[{"name":"wp","href":"https:\/\/api.w.org\/{rel}","templated":true}]}}