{"id":61492,"date":"2025-06-09T08:33:23","date_gmt":"2025-06-09T14:33:23","guid":{"rendered":"https:\/\/www.bbmnoticias.com\/labravaradiofm\/2025\/06\/09\/beca-rita-cetina-no-dara-pago-para-este-bimestre-por-esta-razon\/"},"modified":"2025-06-09T08:33:31","modified_gmt":"2025-06-09T14:33:31","slug":"beca-rita-cetina-no-dara-pago-para-este-bimestre-por-esta-razon","status":"publish","type":"post","link":"https:\/\/www.bbmnoticias.com\/labravaradiofm\/2025\/06\/09\/beca-rita-cetina-no-dara-pago-para-este-bimestre-por-esta-razon\/","title":{"rendered":"Beca Rita Cetina no dar\u00e1 pago para este bimestre por esta raz\u00f3n"},"content":{"rendered":"<div style=\"margin-top: 0px; margin-bottom: 0px;\" class=\"sharethis-inline-share-buttons\" ><\/div>\n<p>El <strong>calendario<\/strong> de <strong>pagos<\/strong> para la <strong>Beca Rita Cetina<\/strong> ya fue publicado para los <strong>dep\u00f3sitos<\/strong> correspondientes para el <strong>bimestre<\/strong> de mayo y junio, por lo que los 1,900 pesos; sin embargo, el programa social confirm\u00f3 que se <strong>suspender\u00e1<\/strong> el <strong>pago<\/strong> para uno de los <strong>bimestres<\/strong> siguientes.\u00a0<\/p>\n\n\n\n<p>De manera que el <strong>pago<\/strong> de la <strong>beca<\/strong> comenz\u00f3 a caer desde el pasado mi\u00e9rcoles 4 de junio en&nbsp;las <strong>Tarjetas del Bienestar <\/strong>de las y los alumnos de <strong>secundaria<\/strong> a los que va dirigido el programa social en una<strong> primera etapa<\/strong>, que de manera paulatina se extender\u00e1 a los otros niveles de educaci\u00f3n b\u00e1sica.<\/p>\n\n\n\n<p>Para poder <strong>inscribirse<\/strong> a la <strong>Beca Rita Cetina<\/strong>, los padres o tutores deben estar al pendiente de la <strong>convocatoria<\/strong> que hace la <strong>Secretar\u00eda del Bienestar<\/strong> a trav\u00e9s de sus redes sociales y de su portal web donde se lleva a cabo el <strong>registro<\/strong> para la beca que tambi\u00e9n otorga 700 pesos extra por cada <strong>hermano<\/strong> de la <strong>familia<\/strong> que curse la <strong>secundaria<\/strong>.<\/p>\n\n\n\n<h2 class=\"wp-block-heading\">La Beca Rita Cetina no dar\u00e1 pago para este bimestre&nbsp;<\/h2>\n\n\n\n<figure class=\"wp-block-image\"><img decoding=\"async\" src=\"https:\/\/heraldodemexico.com.mx\/u\/fotografias\/m\/2025\/6\/9\/f768x1-1138884_1139011_5050.png\" alt=\"el pago de la beca rita cetina de mayo y junio ya comenzo a caer\"\/><figcaption class=\"wp-element-caption\">El pago de la Beca Rita Cetina de mayo y junio ya comenz\u00f3 a caer. Foto: Secretar\u00eda del Bienestar<\/figcaption><\/figure>\n\n\n\n<p>Desde el mi\u00e9rcoles 4 de junio comenz\u00f3 la <strong>entrega<\/strong> de los 1,900 pesos y de los 700 pesos extra con los <strong>estudiantes<\/strong> cuya inicial de su primer apellido es la letra A, para posteriormente seguir con el resto de las letras del abecedario para concluir la <strong>entrega<\/strong> del <strong>dinero<\/strong> para el pr\u00f3ximo viernes 27 de junio con las letras W,X,Y,Z.<\/p>\n\n\n\n<p>De acuerdo con las reglas de operaci\u00f3n de la <strong>Beca Rita Cetina<\/strong>, el apoyo que dan para las estudiantes y alumnos de nivel secundaria se entrega de manera bimestral durante los <strong>10 meses <\/strong>que dura el <strong>ciclo escolar<\/strong>, por lo tanto, la beca<strong> no considera<\/strong> el<strong> bimestre julio-agosto<\/strong> por ser periodo vacacional, raz\u00f3n por la cual los beneficiarios <strong>no recibir\u00e1n<\/strong> el <strong>pago<\/strong> en esa fecha.<\/p>\n\n\n\n<figure class=\"wp-block-pullquote\"><blockquote><p>\u201cLa beca consta de 1,900 pesos bimestrales por familia y 700 pesos por cada estudiante de secundaria adicional que la conforme. No se consideran julio y agosto, por ser periodo vacacional\u201d: Beca Rita Cetina.<\/p><\/blockquote><\/figure>\n\n\n\n<p>La<strong> Secretar\u00eda del Bienestar<\/strong> pone a disposici\u00f3n el n\u00famero de contacto 55 11 62 03 00 para cualquier <strong>duda<\/strong> o <strong>aclaraci\u00f3n<\/strong>, en un horario de atenci\u00f3n de lunes a viernes de 8:00 a 22:00 horas, y los s\u00e1bados de 9:00 a 14:00 horas.<\/p>\n","protected":false},"excerpt":{"rendered":"<p>El calendario de pagos para la Beca Rita Cetina ya fue publicado para los dep\u00f3sitos correspondientes para el bimestre de mayo y junio, por lo que los 1,900 pesos; sin embargo, el programa social confirm\u00f3 que se suspender\u00e1 el pago para uno de los bimestres siguientes.\u00a0 De manera que el pago de la beca comenz\u00f3 [&hellip;]<\/p>\n","protected":false},"author":4,"featured_media":61494,"comment_status":"closed","ping_status":"","sticky":false,"template":"","format":"standard","meta":{"footnotes":""},"categories":[2,19],"tags":[],"class_list":{"0":"post-61492","1":"post","2":"type-post","3":"status-publish","4":"format-standard","5":"has-post-thumbnail","7":"category-oaxaca","8":"category-nacional"},"yoast_head":"<!-- This site is optimized with the Yoast SEO plugin v27.4 - https:\/\/yoast.com\/product\/yoast-seo-wordpress\/ -->\n<title>Beca Rita Cetina no dar\u00e1 pago para este bimestre por esta raz\u00f3n - LA BRAVA RADIO<\/title>\n<meta name=\"robots\" content=\"index, follow, max-snippet:-1, max-image-preview:large, max-video-preview:-1\" \/>\n<link rel=\"canonical\" href=\"https:\/\/www.bbmnoticias.com\/blog\/2025\/06\/09\/beca-rita-cetina-no-dara-pago-para-este-bimestre-por-esta-razon\/\" \/>\n<meta property=\"og:locale\" content=\"es_MX\" \/>\n<meta property=\"og:type\" content=\"article\" \/>\n<meta property=\"og:title\" content=\"Beca Rita Cetina no dar\u00e1 pago para este bimestre por esta raz\u00f3n - LA BRAVA RADIO\" \/>\n<meta property=\"og:description\" content=\"El calendario de pagos para la Beca Rita Cetina ya fue publicado para los dep\u00f3sitos correspondientes para el bimestre de mayo y junio, por lo que los 1,900 pesos; sin embargo, el programa social confirm\u00f3 que se suspender\u00e1 el pago para uno de los bimestres siguientes.\u00a0 De manera que el pago de la beca comenz\u00f3 [&hellip;]\" \/>\n<meta property=\"og:url\" content=\"https:\/\/www.bbmnoticias.com\/blog\/2025\/06\/09\/beca-rita-cetina-no-dara-pago-para-este-bimestre-por-esta-razon\/\" \/>\n<meta property=\"og:site_name\" content=\"LA BRAVA RADIO\" \/>\n<meta property=\"article:published_time\" content=\"2025-06-09T14:33:23+00:00\" \/>\n<meta property=\"article:modified_time\" content=\"2025-06-09T14:33:31+00:00\" \/>\n<meta property=\"og:image\" content=\"https:\/\/www.bbmnoticias.com\/labravaradiofm\/wp-content\/uploads\/sites\/5\/2025\/06\/beneficiaria-de-la-beca-benito-juarez-y-rita-cetina.jpg\" \/>\n\t<meta property=\"og:image:width\" content=\"1200\" \/>\n\t<meta property=\"og:image:height\" content=\"676\" \/>\n\t<meta property=\"og:image:type\" content=\"image\/jpeg\" \/>\n<meta name=\"author\" content=\"Agencias\" \/>\n<meta name=\"twitter:card\" content=\"summary_large_image\" \/>\n<meta name=\"twitter:label1\" content=\"Escrito por\" \/>\n\t<meta name=\"twitter:data1\" content=\"Agencias\" \/>\n\t<meta name=\"twitter:label2\" content=\"Tiempo de lectura\" \/>\n\t<meta name=\"twitter:data2\" content=\"2 minutos\" \/>\n<script type=\"application\/ld+json\" class=\"yoast-schema-graph\">{\"@context\":\"https:\\\/\\\/schema.org\",\"@graph\":[{\"@type\":\"Article\",\"@id\":\"https:\\\/\\\/www.bbmnoticias.com\\\/blog\\\/2025\\\/06\\\/09\\\/beca-rita-cetina-no-dara-pago-para-este-bimestre-por-esta-razon\\\/#article\",\"isPartOf\":{\"@id\":\"https:\\\/\\\/www.bbmnoticias.com\\\/labravaradiofm\\\/2025\\\/06\\\/09\\\/beca-rita-cetina-no-dara-pago-para-este-bimestre-por-esta-razon\\\/\"},\"author\":{\"name\":\"Agencias\",\"@id\":\"https:\\\/\\\/www.bbmnoticias.com\\\/labravaradiofm\\\/#\\\/schema\\\/person\\\/000bdaf0a8fb5bff0d537c4d0778e33f\"},\"headline\":\"Beca Rita Cetina no dar\u00e1 pago para este bimestre por esta raz\u00f3n\",\"datePublished\":\"2025-06-09T14:33:23+00:00\",\"dateModified\":\"2025-06-09T14:33:31+00:00\",\"mainEntityOfPage\":{\"@id\":\"https:\\\/\\\/www.bbmnoticias.com\\\/labravaradiofm\\\/2025\\\/06\\\/09\\\/beca-rita-cetina-no-dara-pago-para-este-bimestre-por-esta-razon\\\/\"},\"wordCount\":412,\"image\":{\"@id\":\"https:\\\/\\\/www.bbmnoticias.com\\\/blog\\\/2025\\\/06\\\/09\\\/beca-rita-cetina-no-dara-pago-para-este-bimestre-por-esta-razon\\\/#primaryimage\"},\"thumbnailUrl\":\"https:\\\/\\\/www.bbmnoticias.com\\\/labravaradiofm\\\/wp-content\\\/uploads\\\/sites\\\/5\\\/2025\\\/06\\\/beneficiaria-de-la-beca-benito-juarez-y-rita-cetina.jpg\",\"articleSection\":[\"LOCAL\",\"NACIONAL\"],\"inLanguage\":\"es\"},{\"@type\":\"WebPage\",\"@id\":\"https:\\\/\\\/www.bbmnoticias.com\\\/labravaradiofm\\\/2025\\\/06\\\/09\\\/beca-rita-cetina-no-dara-pago-para-este-bimestre-por-esta-razon\\\/\",\"url\":\"https:\\\/\\\/www.bbmnoticias.com\\\/blog\\\/2025\\\/06\\\/09\\\/beca-rita-cetina-no-dara-pago-para-este-bimestre-por-esta-razon\\\/\",\"name\":\"Beca Rita Cetina no dar\u00e1 pago para este bimestre por esta raz\u00f3n - LA BRAVA RADIO\",\"isPartOf\":{\"@id\":\"https:\\\/\\\/www.bbmnoticias.com\\\/labravaradiofm\\\/#website\"},\"primaryImageOfPage\":{\"@id\":\"https:\\\/\\\/www.bbmnoticias.com\\\/blog\\\/2025\\\/06\\\/09\\\/beca-rita-cetina-no-dara-pago-para-este-bimestre-por-esta-razon\\\/#primaryimage\"},\"image\":{\"@id\":\"https:\\\/\\\/www.bbmnoticias.com\\\/blog\\\/2025\\\/06\\\/09\\\/beca-rita-cetina-no-dara-pago-para-este-bimestre-por-esta-razon\\\/#primaryimage\"},\"thumbnailUrl\":\"https:\\\/\\\/www.bbmnoticias.com\\\/labravaradiofm\\\/wp-content\\\/uploads\\\/sites\\\/5\\\/2025\\\/06\\\/beneficiaria-de-la-beca-benito-juarez-y-rita-cetina.jpg\",\"datePublished\":\"2025-06-09T14:33:23+00:00\",\"dateModified\":\"2025-06-09T14:33:31+00:00\",\"author\":{\"@id\":\"https:\\\/\\\/www.bbmnoticias.com\\\/labravaradiofm\\\/#\\\/schema\\\/person\\\/000bdaf0a8fb5bff0d537c4d0778e33f\"},\"breadcrumb\":{\"@id\":\"https:\\\/\\\/www.bbmnoticias.com\\\/blog\\\/2025\\\/06\\\/09\\\/beca-rita-cetina-no-dara-pago-para-este-bimestre-por-esta-razon\\\/#breadcrumb\"},\"inLanguage\":\"es\",\"potentialAction\":[{\"@type\":\"ReadAction\",\"target\":[\"https:\\\/\\\/www.bbmnoticias.com\\\/blog\\\/2025\\\/06\\\/09\\\/beca-rita-cetina-no-dara-pago-para-este-bimestre-por-esta-razon\\\/\"]}]},{\"@type\":\"ImageObject\",\"inLanguage\":\"es\",\"@id\":\"https:\\\/\\\/www.bbmnoticias.com\\\/blog\\\/2025\\\/06\\\/09\\\/beca-rita-cetina-no-dara-pago-para-este-bimestre-por-esta-razon\\\/#primaryimage\",\"url\":\"https:\\\/\\\/www.bbmnoticias.com\\\/labravaradiofm\\\/wp-content\\\/uploads\\\/sites\\\/5\\\/2025\\\/06\\\/beneficiaria-de-la-beca-benito-juarez-y-rita-cetina.jpg\",\"contentUrl\":\"https:\\\/\\\/www.bbmnoticias.com\\\/labravaradiofm\\\/wp-content\\\/uploads\\\/sites\\\/5\\\/2025\\\/06\\\/beneficiaria-de-la-beca-benito-juarez-y-rita-cetina.jpg\",\"width\":1200,\"height\":676},{\"@type\":\"BreadcrumbList\",\"@id\":\"https:\\\/\\\/www.bbmnoticias.com\\\/blog\\\/2025\\\/06\\\/09\\\/beca-rita-cetina-no-dara-pago-para-este-bimestre-por-esta-razon\\\/#breadcrumb\",\"itemListElement\":[{\"@type\":\"ListItem\",\"position\":1,\"name\":\"Inicio\",\"item\":\"https:\\\/\\\/www.bbmnoticias.com\\\/labravaradiofm\\\/\"},{\"@type\":\"ListItem\",\"position\":2,\"name\":\"Beca Rita Cetina no dar\u00e1 pago para este bimestre por esta raz\u00f3n\"}]},{\"@type\":\"WebSite\",\"@id\":\"https:\\\/\\\/www.bbmnoticias.com\\\/labravaradiofm\\\/#website\",\"url\":\"https:\\\/\\\/www.bbmnoticias.com\\\/labravaradiofm\\\/\",\"name\":\"LA BRAVA RADIO\",\"description\":\"Empresa productora de medios, Radiodifusi\u00f3n, Noticias, tendencias y todo lo que necesitas saber de la pol\u00edtica mexicana e internacional; entretenimiento, espect\u00e1culos, salud y mucho m\u00e1s.\",\"potentialAction\":[{\"@type\":\"SearchAction\",\"target\":{\"@type\":\"EntryPoint\",\"urlTemplate\":\"https:\\\/\\\/www.bbmnoticias.com\\\/labravaradiofm\\\/?s={search_term_string}\"},\"query-input\":{\"@type\":\"PropertyValueSpecification\",\"valueRequired\":true,\"valueName\":\"search_term_string\"}}],\"inLanguage\":\"es\"},{\"@type\":\"Person\",\"@id\":\"https:\\\/\\\/www.bbmnoticias.com\\\/labravaradiofm\\\/#\\\/schema\\\/person\\\/000bdaf0a8fb5bff0d537c4d0778e33f\",\"name\":\"Agencias\",\"image\":{\"@type\":\"ImageObject\",\"inLanguage\":\"es\",\"@id\":\"https:\\\/\\\/secure.gravatar.com\\\/avatar\\\/739e0b61adf9e398b425c36718c8752286da0e8cd90f20ce9a86678abc26aa0d?s=96&d=mm&r=g\",\"url\":\"https:\\\/\\\/secure.gravatar.com\\\/avatar\\\/739e0b61adf9e398b425c36718c8752286da0e8cd90f20ce9a86678abc26aa0d?s=96&d=mm&r=g\",\"contentUrl\":\"https:\\\/\\\/secure.gravatar.com\\\/avatar\\\/739e0b61adf9e398b425c36718c8752286da0e8cd90f20ce9a86678abc26aa0d?s=96&d=mm&r=g\",\"caption\":\"Agencias\"},\"url\":\"https:\\\/\\\/www.bbmnoticias.com\\\/labravaradiofm\\\/author\\\/agencias\\\/\"}]}<\/script>\n<!-- \/ Yoast SEO plugin. -->","yoast_head_json":{"title":"Beca Rita Cetina no dar\u00e1 pago para este bimestre por esta raz\u00f3n - LA BRAVA RADIO","robots":{"index":"index","follow":"follow","max-snippet":"max-snippet:-1","max-image-preview":"max-image-preview:large","max-video-preview":"max-video-preview:-1"},"canonical":"https:\/\/www.bbmnoticias.com\/blog\/2025\/06\/09\/beca-rita-cetina-no-dara-pago-para-este-bimestre-por-esta-razon\/","og_locale":"es_MX","og_type":"article","og_title":"Beca Rita Cetina no dar\u00e1 pago para este bimestre por esta raz\u00f3n - LA BRAVA RADIO","og_description":"El calendario de pagos para la Beca Rita Cetina ya fue publicado para los dep\u00f3sitos correspondientes para el bimestre de mayo y junio, por lo que los 1,900 pesos; sin embargo, el programa social confirm\u00f3 que se suspender\u00e1 el pago para uno de los bimestres siguientes.\u00a0 De manera que el pago de la beca comenz\u00f3 [&hellip;]","og_url":"https:\/\/www.bbmnoticias.com\/blog\/2025\/06\/09\/beca-rita-cetina-no-dara-pago-para-este-bimestre-por-esta-razon\/","og_site_name":"LA BRAVA RADIO","article_published_time":"2025-06-09T14:33:23+00:00","article_modified_time":"2025-06-09T14:33:31+00:00","og_image":[{"width":1200,"height":676,"url":"https:\/\/www.bbmnoticias.com\/labravaradiofm\/wp-content\/uploads\/sites\/5\/2025\/06\/beneficiaria-de-la-beca-benito-juarez-y-rita-cetina.jpg","type":"image\/jpeg"}],"author":"Agencias","twitter_card":"summary_large_image","twitter_misc":{"Escrito por":"Agencias","Tiempo de lectura":"2 minutos"},"schema":{"@context":"https:\/\/schema.org","@graph":[{"@type":"Article","@id":"https:\/\/www.bbmnoticias.com\/blog\/2025\/06\/09\/beca-rita-cetina-no-dara-pago-para-este-bimestre-por-esta-razon\/#article","isPartOf":{"@id":"https:\/\/www.bbmnoticias.com\/labravaradiofm\/2025\/06\/09\/beca-rita-cetina-no-dara-pago-para-este-bimestre-por-esta-razon\/"},"author":{"name":"Agencias","@id":"https:\/\/www.bbmnoticias.com\/labravaradiofm\/#\/schema\/person\/000bdaf0a8fb5bff0d537c4d0778e33f"},"headline":"Beca Rita Cetina no dar\u00e1 pago para este bimestre por esta raz\u00f3n","datePublished":"2025-06-09T14:33:23+00:00","dateModified":"2025-06-09T14:33:31+00:00","mainEntityOfPage":{"@id":"https:\/\/www.bbmnoticias.com\/labravaradiofm\/2025\/06\/09\/beca-rita-cetina-no-dara-pago-para-este-bimestre-por-esta-razon\/"},"wordCount":412,"image":{"@id":"https:\/\/www.bbmnoticias.com\/blog\/2025\/06\/09\/beca-rita-cetina-no-dara-pago-para-este-bimestre-por-esta-razon\/#primaryimage"},"thumbnailUrl":"https:\/\/www.bbmnoticias.com\/labravaradiofm\/wp-content\/uploads\/sites\/5\/2025\/06\/beneficiaria-de-la-beca-benito-juarez-y-rita-cetina.jpg","articleSection":["LOCAL","NACIONAL"],"inLanguage":"es"},{"@type":"WebPage","@id":"https:\/\/www.bbmnoticias.com\/labravaradiofm\/2025\/06\/09\/beca-rita-cetina-no-dara-pago-para-este-bimestre-por-esta-razon\/","url":"https:\/\/www.bbmnoticias.com\/blog\/2025\/06\/09\/beca-rita-cetina-no-dara-pago-para-este-bimestre-por-esta-razon\/","name":"Beca Rita Cetina no dar\u00e1 pago para este bimestre por esta raz\u00f3n - LA BRAVA RADIO","isPartOf":{"@id":"https:\/\/www.bbmnoticias.com\/labravaradiofm\/#website"},"primaryImageOfPage":{"@id":"https:\/\/www.bbmnoticias.com\/blog\/2025\/06\/09\/beca-rita-cetina-no-dara-pago-para-este-bimestre-por-esta-razon\/#primaryimage"},"image":{"@id":"https:\/\/www.bbmnoticias.com\/blog\/2025\/06\/09\/beca-rita-cetina-no-dara-pago-para-este-bimestre-por-esta-razon\/#primaryimage"},"thumbnailUrl":"https:\/\/www.bbmnoticias.com\/labravaradiofm\/wp-content\/uploads\/sites\/5\/2025\/06\/beneficiaria-de-la-beca-benito-juarez-y-rita-cetina.jpg","datePublished":"2025-06-09T14:33:23+00:00","dateModified":"2025-06-09T14:33:31+00:00","author":{"@id":"https:\/\/www.bbmnoticias.com\/labravaradiofm\/#\/schema\/person\/000bdaf0a8fb5bff0d537c4d0778e33f"},"breadcrumb":{"@id":"https:\/\/www.bbmnoticias.com\/blog\/2025\/06\/09\/beca-rita-cetina-no-dara-pago-para-este-bimestre-por-esta-razon\/#breadcrumb"},"inLanguage":"es","potentialAction":[{"@type":"ReadAction","target":["https:\/\/www.bbmnoticias.com\/blog\/2025\/06\/09\/beca-rita-cetina-no-dara-pago-para-este-bimestre-por-esta-razon\/"]}]},{"@type":"ImageObject","inLanguage":"es","@id":"https:\/\/www.bbmnoticias.com\/blog\/2025\/06\/09\/beca-rita-cetina-no-dara-pago-para-este-bimestre-por-esta-razon\/#primaryimage","url":"https:\/\/www.bbmnoticias.com\/labravaradiofm\/wp-content\/uploads\/sites\/5\/2025\/06\/beneficiaria-de-la-beca-benito-juarez-y-rita-cetina.jpg","contentUrl":"https:\/\/www.bbmnoticias.com\/labravaradiofm\/wp-content\/uploads\/sites\/5\/2025\/06\/beneficiaria-de-la-beca-benito-juarez-y-rita-cetina.jpg","width":1200,"height":676},{"@type":"BreadcrumbList","@id":"https:\/\/www.bbmnoticias.com\/blog\/2025\/06\/09\/beca-rita-cetina-no-dara-pago-para-este-bimestre-por-esta-razon\/#breadcrumb","itemListElement":[{"@type":"ListItem","position":1,"name":"Inicio","item":"https:\/\/www.bbmnoticias.com\/labravaradiofm\/"},{"@type":"ListItem","position":2,"name":"Beca Rita Cetina no dar\u00e1 pago para este bimestre por esta raz\u00f3n"}]},{"@type":"WebSite","@id":"https:\/\/www.bbmnoticias.com\/labravaradiofm\/#website","url":"https:\/\/www.bbmnoticias.com\/labravaradiofm\/","name":"LA BRAVA RADIO","description":"Empresa productora de medios, Radiodifusi\u00f3n, Noticias, tendencias y todo lo que necesitas saber de la pol\u00edtica mexicana e internacional; entretenimiento, espect\u00e1culos, salud y mucho m\u00e1s.","potentialAction":[{"@type":"SearchAction","target":{"@type":"EntryPoint","urlTemplate":"https:\/\/www.bbmnoticias.com\/labravaradiofm\/?s={search_term_string}"},"query-input":{"@type":"PropertyValueSpecification","valueRequired":true,"valueName":"search_term_string"}}],"inLanguage":"es"},{"@type":"Person","@id":"https:\/\/www.bbmnoticias.com\/labravaradiofm\/#\/schema\/person\/000bdaf0a8fb5bff0d537c4d0778e33f","name":"Agencias","image":{"@type":"ImageObject","inLanguage":"es","@id":"https:\/\/secure.gravatar.com\/avatar\/739e0b61adf9e398b425c36718c8752286da0e8cd90f20ce9a86678abc26aa0d?s=96&d=mm&r=g","url":"https:\/\/secure.gravatar.com\/avatar\/739e0b61adf9e398b425c36718c8752286da0e8cd90f20ce9a86678abc26aa0d?s=96&d=mm&r=g","contentUrl":"https:\/\/secure.gravatar.com\/avatar\/739e0b61adf9e398b425c36718c8752286da0e8cd90f20ce9a86678abc26aa0d?s=96&d=mm&r=g","caption":"Agencias"},"url":"https:\/\/www.bbmnoticias.com\/labravaradiofm\/author\/agencias\/"}]}},"_links":{"self":[{"href":"https:\/\/www.bbmnoticias.com\/labravaradiofm\/wp-json\/wp\/v2\/posts\/61492","targetHints":{"allow":["GET"]}}],"collection":[{"href":"https:\/\/www.bbmnoticias.com\/labravaradiofm\/wp-json\/wp\/v2\/posts"}],"about":[{"href":"https:\/\/www.bbmnoticias.com\/labravaradiofm\/wp-json\/wp\/v2\/types\/post"}],"author":[{"embeddable":true,"href":"https:\/\/www.bbmnoticias.com\/labravaradiofm\/wp-json\/wp\/v2\/users\/4"}],"replies":[{"embeddable":true,"href":"https:\/\/www.bbmnoticias.com\/labravaradiofm\/wp-json\/wp\/v2\/comments?post=61492"}],"version-history":[{"count":0,"href":"https:\/\/www.bbmnoticias.com\/labravaradiofm\/wp-json\/wp\/v2\/posts\/61492\/revisions"}],"wp:featuredmedia":[{"embeddable":true,"href":"https:\/\/www.bbmnoticias.com\/labravaradiofm\/wp-json\/wp\/v2\/media\/61494"}],"wp:attachment":[{"href":"https:\/\/www.bbmnoticias.com\/labravaradiofm\/wp-json\/wp\/v2\/media?parent=61492"}],"wp:term":[{"taxonomy":"category","embeddable":true,"href":"https:\/\/www.bbmnoticias.com\/labravaradiofm\/wp-json\/wp\/v2\/categories?post=61492"},{"taxonomy":"post_tag","embeddable":true,"href":"https:\/\/www.bbmnoticias.com\/labravaradiofm\/wp-json\/wp\/v2\/tags?post=61492"}],"curies":[{"name":"wp","href":"https:\/\/api.w.org\/{rel}","templated":true}]}}