{"id":61489,"date":"2025-06-09T08:24:34","date_gmt":"2025-06-09T14:24:34","guid":{"rendered":"https:\/\/www.bbmnoticias.com\/labravaradiofm\/2025\/06\/09\/hombre-pierde-la-vida-tras-ser-atropellado-en-la-carretera-juchitan-matias-romero\/"},"modified":"2025-06-09T08:24:49","modified_gmt":"2025-06-09T14:24:49","slug":"hombre-pierde-la-vida-tras-ser-atropellado-en-la-carretera-juchitan-matias-romero","status":"publish","type":"post","link":"https:\/\/www.bbmnoticias.com\/labravaradiofm\/2025\/06\/09\/hombre-pierde-la-vida-tras-ser-atropellado-en-la-carretera-juchitan-matias-romero\/","title":{"rendered":"Hombre pierde la vida tras ser atropellado en la carretera Juchit\u00e1n\u2013Mat\u00edas Romero"},"content":{"rendered":"<div style=\"margin-top: 0px; margin-bottom: 0px;\" class=\"sharethis-inline-share-buttons\" ><\/div>\n<p>La Mata, Oaxaca. Un tr\u00e1gico accidente ocurri\u00f3 la noche de este domingo en la carretera federal Juchit\u00e1n\u2013Mat\u00edas Romero, a la altura de la localidad de La Mata, donde un hombre fue arrollado por un veh\u00edculo cuyo conductor se dio a la fuga.<\/p>\n\n\n\n<p>La v\u00edctima fue encontrada sin vida a un costado de la v\u00eda, con m\u00faltiples lesiones producto del impacto.<\/p>\n\n\n\n<p>Hasta el momento, las autoridades no han logrado identificar al fallecido, quien permanece en calidad de desconocido.<\/p>\n\n\n\n<p>Testigos informaron que el responsable no se detuvo para auxiliar a la persona atropellada y abandon\u00f3 la escena inmediatamente, por lo que ya se revisan c\u00e1maras cercanas para tratar de ubicar al veh\u00edculo implicado.<\/p>\n\n\n\n<p>Al lugar arribaron elementos del Heroico Cuerpo de Bomberos, polic\u00edas municipales, Guardia Nacional y personal de la Fiscal\u00eda de Oaxaca, quienes realizaron el levantamiento del cuerpo y comenzaron las investigaciones correspondientes.<\/p>\n","protected":false},"excerpt":{"rendered":"<p>La Mata, Oaxaca. Un tr\u00e1gico accidente ocurri\u00f3 la noche de este domingo en la carretera federal Juchit\u00e1n\u2013Mat\u00edas Romero, a la altura de la localidad de La Mata, donde un hombre fue arrollado por un veh\u00edculo cuyo conductor se dio a la fuga. La v\u00edctima fue encontrada sin vida a un costado de la v\u00eda, con [&hellip;]<\/p>\n","protected":false},"author":2,"featured_media":61491,"comment_status":"closed","ping_status":"","sticky":false,"template":"","format":"standard","meta":{"footnotes":""},"categories":[2,20],"tags":[],"class_list":{"0":"post-61489","1":"post","2":"type-post","3":"status-publish","4":"format-standard","5":"has-post-thumbnail","7":"category-oaxaca","8":"category-policiaca"},"yoast_head":"<!-- This site is optimized with the Yoast SEO plugin v27.4 - https:\/\/yoast.com\/product\/yoast-seo-wordpress\/ -->\n<title>Hombre pierde la vida tras ser atropellado en la carretera Juchit\u00e1n\u2013Mat\u00edas Romero - LA BRAVA RADIO<\/title>\n<meta name=\"robots\" content=\"index, follow, max-snippet:-1, max-image-preview:large, max-video-preview:-1\" \/>\n<link rel=\"canonical\" href=\"https:\/\/www.bbmnoticias.com\/blog\/2025\/06\/09\/hombre-pierde-la-vida-tras-ser-atropellado-en-la-carretera-juchitan-matias-romero\/\" \/>\n<meta property=\"og:locale\" content=\"es_MX\" \/>\n<meta property=\"og:type\" content=\"article\" \/>\n<meta property=\"og:title\" content=\"Hombre pierde la vida tras ser atropellado en la carretera Juchit\u00e1n\u2013Mat\u00edas Romero - LA BRAVA RADIO\" \/>\n<meta property=\"og:description\" content=\"La Mata, Oaxaca. Un tr\u00e1gico accidente ocurri\u00f3 la noche de este domingo en la carretera federal Juchit\u00e1n\u2013Mat\u00edas Romero, a la altura de la localidad de La Mata, donde un hombre fue arrollado por un veh\u00edculo cuyo conductor se dio a la fuga. La v\u00edctima fue encontrada sin vida a un costado de la v\u00eda, con [&hellip;]\" \/>\n<meta property=\"og:url\" content=\"https:\/\/www.bbmnoticias.com\/blog\/2025\/06\/09\/hombre-pierde-la-vida-tras-ser-atropellado-en-la-carretera-juchitan-matias-romero\/\" \/>\n<meta property=\"og:site_name\" content=\"LA BRAVA RADIO\" \/>\n<meta property=\"article:published_time\" content=\"2025-06-09T14:24:34+00:00\" \/>\n<meta property=\"article:modified_time\" content=\"2025-06-09T14:24:49+00:00\" \/>\n<meta property=\"og:image\" content=\"https:\/\/www.bbmnoticias.com\/labravaradiofm\/wp-content\/uploads\/sites\/5\/2025\/06\/persona_atropellada.jpg\" \/>\n\t<meta property=\"og:image:width\" content=\"900\" \/>\n\t<meta property=\"og:image:height\" content=\"704\" \/>\n\t<meta property=\"og:image:type\" content=\"image\/jpeg\" \/>\n<meta name=\"author\" content=\"Staff\" \/>\n<meta name=\"twitter:card\" content=\"summary_large_image\" \/>\n<meta name=\"twitter:label1\" content=\"Escrito por\" \/>\n\t<meta name=\"twitter:data1\" content=\"Staff\" \/>\n\t<meta name=\"twitter:label2\" content=\"Tiempo de lectura\" \/>\n\t<meta name=\"twitter:data2\" content=\"1 minuto\" \/>\n<script type=\"application\/ld+json\" class=\"yoast-schema-graph\">{\"@context\":\"https:\\\/\\\/schema.org\",\"@graph\":[{\"@type\":\"Article\",\"@id\":\"https:\\\/\\\/www.bbmnoticias.com\\\/blog\\\/2025\\\/06\\\/09\\\/hombre-pierde-la-vida-tras-ser-atropellado-en-la-carretera-juchitan-matias-romero\\\/#article\",\"isPartOf\":{\"@id\":\"https:\\\/\\\/www.bbmnoticias.com\\\/labravaradiofm\\\/2025\\\/06\\\/09\\\/hombre-pierde-la-vida-tras-ser-atropellado-en-la-carretera-juchitan-matias-romero\\\/\"},\"author\":{\"name\":\"Staff\",\"@id\":\"https:\\\/\\\/www.bbmnoticias.com\\\/labravaradiofm\\\/#\\\/schema\\\/person\\\/68a9e9036ef3c5b55aeb2b71dc8bab45\"},\"headline\":\"Hombre pierde la vida tras ser atropellado en la carretera Juchit\u00e1n\u2013Mat\u00edas Romero\",\"datePublished\":\"2025-06-09T14:24:34+00:00\",\"dateModified\":\"2025-06-09T14:24:49+00:00\",\"mainEntityOfPage\":{\"@id\":\"https:\\\/\\\/www.bbmnoticias.com\\\/labravaradiofm\\\/2025\\\/06\\\/09\\\/hombre-pierde-la-vida-tras-ser-atropellado-en-la-carretera-juchitan-matias-romero\\\/\"},\"wordCount\":169,\"image\":{\"@id\":\"https:\\\/\\\/www.bbmnoticias.com\\\/blog\\\/2025\\\/06\\\/09\\\/hombre-pierde-la-vida-tras-ser-atropellado-en-la-carretera-juchitan-matias-romero\\\/#primaryimage\"},\"thumbnailUrl\":\"https:\\\/\\\/www.bbmnoticias.com\\\/labravaradiofm\\\/wp-content\\\/uploads\\\/sites\\\/5\\\/2025\\\/06\\\/persona_atropellada.jpg\",\"articleSection\":[\"LOCAL\",\"POLICIACA\"],\"inLanguage\":\"es\"},{\"@type\":\"WebPage\",\"@id\":\"https:\\\/\\\/www.bbmnoticias.com\\\/labravaradiofm\\\/2025\\\/06\\\/09\\\/hombre-pierde-la-vida-tras-ser-atropellado-en-la-carretera-juchitan-matias-romero\\\/\",\"url\":\"https:\\\/\\\/www.bbmnoticias.com\\\/blog\\\/2025\\\/06\\\/09\\\/hombre-pierde-la-vida-tras-ser-atropellado-en-la-carretera-juchitan-matias-romero\\\/\",\"name\":\"Hombre pierde la vida tras ser atropellado en la carretera Juchit\u00e1n\u2013Mat\u00edas Romero - LA BRAVA RADIO\",\"isPartOf\":{\"@id\":\"https:\\\/\\\/www.bbmnoticias.com\\\/labravaradiofm\\\/#website\"},\"primaryImageOfPage\":{\"@id\":\"https:\\\/\\\/www.bbmnoticias.com\\\/blog\\\/2025\\\/06\\\/09\\\/hombre-pierde-la-vida-tras-ser-atropellado-en-la-carretera-juchitan-matias-romero\\\/#primaryimage\"},\"image\":{\"@id\":\"https:\\\/\\\/www.bbmnoticias.com\\\/blog\\\/2025\\\/06\\\/09\\\/hombre-pierde-la-vida-tras-ser-atropellado-en-la-carretera-juchitan-matias-romero\\\/#primaryimage\"},\"thumbnailUrl\":\"https:\\\/\\\/www.bbmnoticias.com\\\/labravaradiofm\\\/wp-content\\\/uploads\\\/sites\\\/5\\\/2025\\\/06\\\/persona_atropellada.jpg\",\"datePublished\":\"2025-06-09T14:24:34+00:00\",\"dateModified\":\"2025-06-09T14:24:49+00:00\",\"author\":{\"@id\":\"https:\\\/\\\/www.bbmnoticias.com\\\/labravaradiofm\\\/#\\\/schema\\\/person\\\/68a9e9036ef3c5b55aeb2b71dc8bab45\"},\"breadcrumb\":{\"@id\":\"https:\\\/\\\/www.bbmnoticias.com\\\/blog\\\/2025\\\/06\\\/09\\\/hombre-pierde-la-vida-tras-ser-atropellado-en-la-carretera-juchitan-matias-romero\\\/#breadcrumb\"},\"inLanguage\":\"es\",\"potentialAction\":[{\"@type\":\"ReadAction\",\"target\":[\"https:\\\/\\\/www.bbmnoticias.com\\\/blog\\\/2025\\\/06\\\/09\\\/hombre-pierde-la-vida-tras-ser-atropellado-en-la-carretera-juchitan-matias-romero\\\/\"]}]},{\"@type\":\"ImageObject\",\"inLanguage\":\"es\",\"@id\":\"https:\\\/\\\/www.bbmnoticias.com\\\/blog\\\/2025\\\/06\\\/09\\\/hombre-pierde-la-vida-tras-ser-atropellado-en-la-carretera-juchitan-matias-romero\\\/#primaryimage\",\"url\":\"https:\\\/\\\/www.bbmnoticias.com\\\/labravaradiofm\\\/wp-content\\\/uploads\\\/sites\\\/5\\\/2025\\\/06\\\/persona_atropellada.jpg\",\"contentUrl\":\"https:\\\/\\\/www.bbmnoticias.com\\\/labravaradiofm\\\/wp-content\\\/uploads\\\/sites\\\/5\\\/2025\\\/06\\\/persona_atropellada.jpg\",\"width\":900,\"height\":704},{\"@type\":\"BreadcrumbList\",\"@id\":\"https:\\\/\\\/www.bbmnoticias.com\\\/blog\\\/2025\\\/06\\\/09\\\/hombre-pierde-la-vida-tras-ser-atropellado-en-la-carretera-juchitan-matias-romero\\\/#breadcrumb\",\"itemListElement\":[{\"@type\":\"ListItem\",\"position\":1,\"name\":\"Inicio\",\"item\":\"https:\\\/\\\/www.bbmnoticias.com\\\/labravaradiofm\\\/\"},{\"@type\":\"ListItem\",\"position\":2,\"name\":\"Hombre pierde la vida tras ser atropellado en la carretera Juchit\u00e1n\u2013Mat\u00edas Romero\"}]},{\"@type\":\"WebSite\",\"@id\":\"https:\\\/\\\/www.bbmnoticias.com\\\/labravaradiofm\\\/#website\",\"url\":\"https:\\\/\\\/www.bbmnoticias.com\\\/labravaradiofm\\\/\",\"name\":\"LA BRAVA RADIO\",\"description\":\"Empresa productora de medios, Radiodifusi\u00f3n, Noticias, tendencias y todo lo que necesitas saber de la pol\u00edtica mexicana e internacional; entretenimiento, espect\u00e1culos, salud y mucho m\u00e1s.\",\"potentialAction\":[{\"@type\":\"SearchAction\",\"target\":{\"@type\":\"EntryPoint\",\"urlTemplate\":\"https:\\\/\\\/www.bbmnoticias.com\\\/labravaradiofm\\\/?s={search_term_string}\"},\"query-input\":{\"@type\":\"PropertyValueSpecification\",\"valueRequired\":true,\"valueName\":\"search_term_string\"}}],\"inLanguage\":\"es\"},{\"@type\":\"Person\",\"@id\":\"https:\\\/\\\/www.bbmnoticias.com\\\/labravaradiofm\\\/#\\\/schema\\\/person\\\/68a9e9036ef3c5b55aeb2b71dc8bab45\",\"name\":\"Staff\",\"image\":{\"@type\":\"ImageObject\",\"inLanguage\":\"es\",\"@id\":\"https:\\\/\\\/secure.gravatar.com\\\/avatar\\\/fdd21ad66fd8b98c407f9dee5b5e588cfe7f0d8579ec20fa6527cd59bab7f0f0?s=96&d=mm&r=g\",\"url\":\"https:\\\/\\\/secure.gravatar.com\\\/avatar\\\/fdd21ad66fd8b98c407f9dee5b5e588cfe7f0d8579ec20fa6527cd59bab7f0f0?s=96&d=mm&r=g\",\"contentUrl\":\"https:\\\/\\\/secure.gravatar.com\\\/avatar\\\/fdd21ad66fd8b98c407f9dee5b5e588cfe7f0d8579ec20fa6527cd59bab7f0f0?s=96&d=mm&r=g\",\"caption\":\"Staff\"},\"url\":\"https:\\\/\\\/www.bbmnoticias.com\\\/labravaradiofm\\\/author\\\/redaccion\\\/\"}]}<\/script>\n<!-- \/ Yoast SEO plugin. -->","yoast_head_json":{"title":"Hombre pierde la vida tras ser atropellado en la carretera Juchit\u00e1n\u2013Mat\u00edas Romero - LA BRAVA RADIO","robots":{"index":"index","follow":"follow","max-snippet":"max-snippet:-1","max-image-preview":"max-image-preview:large","max-video-preview":"max-video-preview:-1"},"canonical":"https:\/\/www.bbmnoticias.com\/blog\/2025\/06\/09\/hombre-pierde-la-vida-tras-ser-atropellado-en-la-carretera-juchitan-matias-romero\/","og_locale":"es_MX","og_type":"article","og_title":"Hombre pierde la vida tras ser atropellado en la carretera Juchit\u00e1n\u2013Mat\u00edas Romero - LA BRAVA RADIO","og_description":"La Mata, Oaxaca. Un tr\u00e1gico accidente ocurri\u00f3 la noche de este domingo en la carretera federal Juchit\u00e1n\u2013Mat\u00edas Romero, a la altura de la localidad de La Mata, donde un hombre fue arrollado por un veh\u00edculo cuyo conductor se dio a la fuga. La v\u00edctima fue encontrada sin vida a un costado de la v\u00eda, con [&hellip;]","og_url":"https:\/\/www.bbmnoticias.com\/blog\/2025\/06\/09\/hombre-pierde-la-vida-tras-ser-atropellado-en-la-carretera-juchitan-matias-romero\/","og_site_name":"LA BRAVA RADIO","article_published_time":"2025-06-09T14:24:34+00:00","article_modified_time":"2025-06-09T14:24:49+00:00","og_image":[{"width":900,"height":704,"url":"https:\/\/www.bbmnoticias.com\/labravaradiofm\/wp-content\/uploads\/sites\/5\/2025\/06\/persona_atropellada.jpg","type":"image\/jpeg"}],"author":"Staff","twitter_card":"summary_large_image","twitter_misc":{"Escrito por":"Staff","Tiempo de lectura":"1 minuto"},"schema":{"@context":"https:\/\/schema.org","@graph":[{"@type":"Article","@id":"https:\/\/www.bbmnoticias.com\/blog\/2025\/06\/09\/hombre-pierde-la-vida-tras-ser-atropellado-en-la-carretera-juchitan-matias-romero\/#article","isPartOf":{"@id":"https:\/\/www.bbmnoticias.com\/labravaradiofm\/2025\/06\/09\/hombre-pierde-la-vida-tras-ser-atropellado-en-la-carretera-juchitan-matias-romero\/"},"author":{"name":"Staff","@id":"https:\/\/www.bbmnoticias.com\/labravaradiofm\/#\/schema\/person\/68a9e9036ef3c5b55aeb2b71dc8bab45"},"headline":"Hombre pierde la vida tras ser atropellado en la carretera Juchit\u00e1n\u2013Mat\u00edas Romero","datePublished":"2025-06-09T14:24:34+00:00","dateModified":"2025-06-09T14:24:49+00:00","mainEntityOfPage":{"@id":"https:\/\/www.bbmnoticias.com\/labravaradiofm\/2025\/06\/09\/hombre-pierde-la-vida-tras-ser-atropellado-en-la-carretera-juchitan-matias-romero\/"},"wordCount":169,"image":{"@id":"https:\/\/www.bbmnoticias.com\/blog\/2025\/06\/09\/hombre-pierde-la-vida-tras-ser-atropellado-en-la-carretera-juchitan-matias-romero\/#primaryimage"},"thumbnailUrl":"https:\/\/www.bbmnoticias.com\/labravaradiofm\/wp-content\/uploads\/sites\/5\/2025\/06\/persona_atropellada.jpg","articleSection":["LOCAL","POLICIACA"],"inLanguage":"es"},{"@type":"WebPage","@id":"https:\/\/www.bbmnoticias.com\/labravaradiofm\/2025\/06\/09\/hombre-pierde-la-vida-tras-ser-atropellado-en-la-carretera-juchitan-matias-romero\/","url":"https:\/\/www.bbmnoticias.com\/blog\/2025\/06\/09\/hombre-pierde-la-vida-tras-ser-atropellado-en-la-carretera-juchitan-matias-romero\/","name":"Hombre pierde la vida tras ser atropellado en la carretera Juchit\u00e1n\u2013Mat\u00edas Romero - LA BRAVA RADIO","isPartOf":{"@id":"https:\/\/www.bbmnoticias.com\/labravaradiofm\/#website"},"primaryImageOfPage":{"@id":"https:\/\/www.bbmnoticias.com\/blog\/2025\/06\/09\/hombre-pierde-la-vida-tras-ser-atropellado-en-la-carretera-juchitan-matias-romero\/#primaryimage"},"image":{"@id":"https:\/\/www.bbmnoticias.com\/blog\/2025\/06\/09\/hombre-pierde-la-vida-tras-ser-atropellado-en-la-carretera-juchitan-matias-romero\/#primaryimage"},"thumbnailUrl":"https:\/\/www.bbmnoticias.com\/labravaradiofm\/wp-content\/uploads\/sites\/5\/2025\/06\/persona_atropellada.jpg","datePublished":"2025-06-09T14:24:34+00:00","dateModified":"2025-06-09T14:24:49+00:00","author":{"@id":"https:\/\/www.bbmnoticias.com\/labravaradiofm\/#\/schema\/person\/68a9e9036ef3c5b55aeb2b71dc8bab45"},"breadcrumb":{"@id":"https:\/\/www.bbmnoticias.com\/blog\/2025\/06\/09\/hombre-pierde-la-vida-tras-ser-atropellado-en-la-carretera-juchitan-matias-romero\/#breadcrumb"},"inLanguage":"es","potentialAction":[{"@type":"ReadAction","target":["https:\/\/www.bbmnoticias.com\/blog\/2025\/06\/09\/hombre-pierde-la-vida-tras-ser-atropellado-en-la-carretera-juchitan-matias-romero\/"]}]},{"@type":"ImageObject","inLanguage":"es","@id":"https:\/\/www.bbmnoticias.com\/blog\/2025\/06\/09\/hombre-pierde-la-vida-tras-ser-atropellado-en-la-carretera-juchitan-matias-romero\/#primaryimage","url":"https:\/\/www.bbmnoticias.com\/labravaradiofm\/wp-content\/uploads\/sites\/5\/2025\/06\/persona_atropellada.jpg","contentUrl":"https:\/\/www.bbmnoticias.com\/labravaradiofm\/wp-content\/uploads\/sites\/5\/2025\/06\/persona_atropellada.jpg","width":900,"height":704},{"@type":"BreadcrumbList","@id":"https:\/\/www.bbmnoticias.com\/blog\/2025\/06\/09\/hombre-pierde-la-vida-tras-ser-atropellado-en-la-carretera-juchitan-matias-romero\/#breadcrumb","itemListElement":[{"@type":"ListItem","position":1,"name":"Inicio","item":"https:\/\/www.bbmnoticias.com\/labravaradiofm\/"},{"@type":"ListItem","position":2,"name":"Hombre pierde la vida tras ser atropellado en la carretera Juchit\u00e1n\u2013Mat\u00edas Romero"}]},{"@type":"WebSite","@id":"https:\/\/www.bbmnoticias.com\/labravaradiofm\/#website","url":"https:\/\/www.bbmnoticias.com\/labravaradiofm\/","name":"LA BRAVA RADIO","description":"Empresa productora de medios, Radiodifusi\u00f3n, Noticias, tendencias y todo lo que necesitas saber de la pol\u00edtica mexicana e internacional; entretenimiento, espect\u00e1culos, salud y mucho m\u00e1s.","potentialAction":[{"@type":"SearchAction","target":{"@type":"EntryPoint","urlTemplate":"https:\/\/www.bbmnoticias.com\/labravaradiofm\/?s={search_term_string}"},"query-input":{"@type":"PropertyValueSpecification","valueRequired":true,"valueName":"search_term_string"}}],"inLanguage":"es"},{"@type":"Person","@id":"https:\/\/www.bbmnoticias.com\/labravaradiofm\/#\/schema\/person\/68a9e9036ef3c5b55aeb2b71dc8bab45","name":"Staff","image":{"@type":"ImageObject","inLanguage":"es","@id":"https:\/\/secure.gravatar.com\/avatar\/fdd21ad66fd8b98c407f9dee5b5e588cfe7f0d8579ec20fa6527cd59bab7f0f0?s=96&d=mm&r=g","url":"https:\/\/secure.gravatar.com\/avatar\/fdd21ad66fd8b98c407f9dee5b5e588cfe7f0d8579ec20fa6527cd59bab7f0f0?s=96&d=mm&r=g","contentUrl":"https:\/\/secure.gravatar.com\/avatar\/fdd21ad66fd8b98c407f9dee5b5e588cfe7f0d8579ec20fa6527cd59bab7f0f0?s=96&d=mm&r=g","caption":"Staff"},"url":"https:\/\/www.bbmnoticias.com\/labravaradiofm\/author\/redaccion\/"}]}},"_links":{"self":[{"href":"https:\/\/www.bbmnoticias.com\/labravaradiofm\/wp-json\/wp\/v2\/posts\/61489","targetHints":{"allow":["GET"]}}],"collection":[{"href":"https:\/\/www.bbmnoticias.com\/labravaradiofm\/wp-json\/wp\/v2\/posts"}],"about":[{"href":"https:\/\/www.bbmnoticias.com\/labravaradiofm\/wp-json\/wp\/v2\/types\/post"}],"author":[{"embeddable":true,"href":"https:\/\/www.bbmnoticias.com\/labravaradiofm\/wp-json\/wp\/v2\/users\/2"}],"replies":[{"embeddable":true,"href":"https:\/\/www.bbmnoticias.com\/labravaradiofm\/wp-json\/wp\/v2\/comments?post=61489"}],"version-history":[{"count":0,"href":"https:\/\/www.bbmnoticias.com\/labravaradiofm\/wp-json\/wp\/v2\/posts\/61489\/revisions"}],"wp:featuredmedia":[{"embeddable":true,"href":"https:\/\/www.bbmnoticias.com\/labravaradiofm\/wp-json\/wp\/v2\/media\/61491"}],"wp:attachment":[{"href":"https:\/\/www.bbmnoticias.com\/labravaradiofm\/wp-json\/wp\/v2\/media?parent=61489"}],"wp:term":[{"taxonomy":"category","embeddable":true,"href":"https:\/\/www.bbmnoticias.com\/labravaradiofm\/wp-json\/wp\/v2\/categories?post=61489"},{"taxonomy":"post_tag","embeddable":true,"href":"https:\/\/www.bbmnoticias.com\/labravaradiofm\/wp-json\/wp\/v2\/tags?post=61489"}],"curies":[{"name":"wp","href":"https:\/\/api.w.org\/{rel}","templated":true}]}}