{"id":61483,"date":"2025-06-09T08:14:46","date_gmt":"2025-06-09T14:14:46","guid":{"rendered":"https:\/\/www.bbmnoticias.com\/labravaradiofm\/2025\/06\/09\/continuaran-lluvias-de-intensidad-variable-en-la-mayor-parte-de-oaxaca\/"},"modified":"2025-06-09T08:15:19","modified_gmt":"2025-06-09T14:15:19","slug":"continuaran-lluvias-de-intensidad-variable-en-la-mayor-parte-de-oaxaca","status":"publish","type":"post","link":"https:\/\/www.bbmnoticias.com\/labravaradiofm\/2025\/06\/09\/continuaran-lluvias-de-intensidad-variable-en-la-mayor-parte-de-oaxaca\/","title":{"rendered":"Continuar\u00e1n lluvias de intensidad variable en la mayor parte de Oaxaca"},"content":{"rendered":"<div style=\"margin-top: 0px; margin-bottom: 0px;\" class=\"sharethis-inline-share-buttons\" ><\/div>\n<p>\u2022El ambiente permanecer\u00e1 caluroso con horas de bochorno en la Costa, Istmo y bajo del Papaloapan<\/p>\n\n\n\n<p>Oaxaca de Ju\u00e1rez, Oax. 9 de junio de 2025.- La Coordinaci\u00f3n Estatal de Protecci\u00f3n Civil y Gesti\u00f3n de Riesgos (CEPCyGR) informa que, para este lunes la inestabilidad atmosf\u00e9rica dejada por la tormenta tropical Barbara y otros eventos, seguir\u00e1n ocasionando lluvias de intensidad variable en la mayor parte del estado.<\/p>\n\n\n\n<p>De acuerdo con el pron\u00f3stico del tiempo emitido por la Comisi\u00f3n Nacional del Agua (Conagua), algunas tormentas asociadas con actividad el\u00e9ctrica y vientos arrachados se pueden presentar en la Costa y Sierra Sur. Asimismo, la zona costera permanecer\u00e1 con mar de fondo, acompa\u00f1ado de oleaje elevado y marejadas fuertes.<\/p>\n\n\n\n<p>Por otro lado, el ambiente seguir\u00e1 percibi\u00e9ndose caluroso con horas de bochorno en la Costa, Istmo de Tehuantepec y parte baja de la Cuenca del Papaloapan.<\/p>\n\n\n\n<p>Las temperaturas para este lunes son las siguientes:<\/p>\n\n\n\n<p>\u2022Valles Centrales, m\u00ednima de 14 y m\u00e1xima de 30 grados.<br>\u2022Istmo de Tehuantepec, m\u00ednima de 23 y m\u00e1xima de 35 grados.<br>\u2022Cuenca del Papaloapan, m\u00ednima de 22 y m\u00e1xima de 34 grados.<br>\u2022Costa, m\u00ednima de 23 y m\u00e1xima de 35 grados.<br>\u2022Mixteca, m\u00ednima de 14 y m\u00e1xima de 29 grados.<br>\u2022Sierra de Flores Mag\u00f3n, m\u00ednima de 16 y m\u00e1xima de 33 grados.<br>\u2022Sierra de Ju\u00e1rez, m\u00ednima de 11 y m\u00e1xima de 27 grados.<br>\u2022Sierra Sur, m\u00ednima de 12 y m\u00e1xima de 29 grados.<br>\u2022<br>Se exhorta a la poblaci\u00f3n atender las recomendaciones de Protecci\u00f3n Civil y Capitan\u00edas de Puerto, as\u00ed como a mantenerse informada de las condiciones meteorol\u00f3gicas a trav\u00e9s de los medios y redes sociales oficiales: Facebook @CEPCYGRGobOax y en X @CEPCyGR_GobOax.<\/p>\n","protected":false},"excerpt":{"rendered":"<p>\u2022El ambiente permanecer\u00e1 caluroso con horas de bochorno en la Costa, Istmo y bajo del Papaloapan Oaxaca de Ju\u00e1rez, Oax. 9 de junio de 2025.- La Coordinaci\u00f3n Estatal de Protecci\u00f3n Civil y Gesti\u00f3n de Riesgos (CEPCyGR) informa que, para este lunes la inestabilidad atmosf\u00e9rica dejada por la tormenta tropical Barbara y otros eventos, seguir\u00e1n ocasionando [&hellip;]<\/p>\n","protected":false},"author":2,"featured_media":61485,"comment_status":"closed","ping_status":"","sticky":false,"template":"","format":"standard","meta":{"footnotes":""},"categories":[2],"tags":[],"class_list":{"0":"post-61483","1":"post","2":"type-post","3":"status-publish","4":"format-standard","5":"has-post-thumbnail","7":"category-oaxaca"},"yoast_head":"<!-- This site is optimized with the Yoast SEO plugin v27.4 - https:\/\/yoast.com\/product\/yoast-seo-wordpress\/ -->\n<title>Continuar\u00e1n lluvias de intensidad variable en la mayor parte de Oaxaca - LA BRAVA RADIO<\/title>\n<meta name=\"robots\" content=\"index, follow, max-snippet:-1, max-image-preview:large, max-video-preview:-1\" \/>\n<link rel=\"canonical\" href=\"https:\/\/www.bbmnoticias.com\/blog\/2025\/06\/09\/continuaran-lluvias-de-intensidad-variable-en-la-mayor-parte-de-oaxaca\/\" \/>\n<meta property=\"og:locale\" content=\"es_MX\" \/>\n<meta property=\"og:type\" content=\"article\" \/>\n<meta property=\"og:title\" content=\"Continuar\u00e1n lluvias de intensidad variable en la mayor parte de Oaxaca - LA BRAVA RADIO\" \/>\n<meta property=\"og:description\" content=\"\u2022El ambiente permanecer\u00e1 caluroso con horas de bochorno en la Costa, Istmo y bajo del Papaloapan Oaxaca de Ju\u00e1rez, Oax. 9 de junio de 2025.- La Coordinaci\u00f3n Estatal de Protecci\u00f3n Civil y Gesti\u00f3n de Riesgos (CEPCyGR) informa que, para este lunes la inestabilidad atmosf\u00e9rica dejada por la tormenta tropical Barbara y otros eventos, seguir\u00e1n ocasionando [&hellip;]\" \/>\n<meta property=\"og:url\" content=\"https:\/\/www.bbmnoticias.com\/blog\/2025\/06\/09\/continuaran-lluvias-de-intensidad-variable-en-la-mayor-parte-de-oaxaca\/\" \/>\n<meta property=\"og:site_name\" content=\"LA BRAVA RADIO\" \/>\n<meta property=\"article:published_time\" content=\"2025-06-09T14:14:46+00:00\" \/>\n<meta property=\"article:modified_time\" content=\"2025-06-09T14:15:19+00:00\" \/>\n<meta property=\"og:image\" content=\"https:\/\/www.bbmnoticias.com\/labravaradiofm\/wp-content\/uploads\/sites\/5\/2025\/06\/clima_oaxaca-3.jpg\" \/>\n\t<meta property=\"og:image:width\" content=\"800\" \/>\n\t<meta property=\"og:image:height\" content=\"443\" \/>\n\t<meta property=\"og:image:type\" content=\"image\/jpeg\" \/>\n<meta name=\"author\" content=\"Staff\" \/>\n<meta name=\"twitter:card\" content=\"summary_large_image\" \/>\n<meta name=\"twitter:label1\" content=\"Escrito por\" \/>\n\t<meta name=\"twitter:data1\" content=\"Staff\" \/>\n\t<meta name=\"twitter:label2\" content=\"Tiempo de lectura\" \/>\n\t<meta name=\"twitter:data2\" content=\"1 minuto\" \/>\n<script type=\"application\/ld+json\" class=\"yoast-schema-graph\">{\"@context\":\"https:\\\/\\\/schema.org\",\"@graph\":[{\"@type\":\"Article\",\"@id\":\"https:\\\/\\\/www.bbmnoticias.com\\\/blog\\\/2025\\\/06\\\/09\\\/continuaran-lluvias-de-intensidad-variable-en-la-mayor-parte-de-oaxaca\\\/#article\",\"isPartOf\":{\"@id\":\"https:\\\/\\\/www.bbmnoticias.com\\\/labravaradiofm\\\/2025\\\/06\\\/09\\\/continuaran-lluvias-de-intensidad-variable-en-la-mayor-parte-de-oaxaca\\\/\"},\"author\":{\"name\":\"Staff\",\"@id\":\"https:\\\/\\\/www.bbmnoticias.com\\\/labravaradiofm\\\/#\\\/schema\\\/person\\\/68a9e9036ef3c5b55aeb2b71dc8bab45\"},\"headline\":\"Continuar\u00e1n lluvias de intensidad variable en la mayor parte de Oaxaca\",\"datePublished\":\"2025-06-09T14:14:46+00:00\",\"dateModified\":\"2025-06-09T14:15:19+00:00\",\"mainEntityOfPage\":{\"@id\":\"https:\\\/\\\/www.bbmnoticias.com\\\/labravaradiofm\\\/2025\\\/06\\\/09\\\/continuaran-lluvias-de-intensidad-variable-en-la-mayor-parte-de-oaxaca\\\/\"},\"wordCount\":300,\"image\":{\"@id\":\"https:\\\/\\\/www.bbmnoticias.com\\\/blog\\\/2025\\\/06\\\/09\\\/continuaran-lluvias-de-intensidad-variable-en-la-mayor-parte-de-oaxaca\\\/#primaryimage\"},\"thumbnailUrl\":\"https:\\\/\\\/www.bbmnoticias.com\\\/labravaradiofm\\\/wp-content\\\/uploads\\\/sites\\\/5\\\/2025\\\/06\\\/clima_oaxaca-3.jpg\",\"articleSection\":[\"LOCAL\"],\"inLanguage\":\"es\"},{\"@type\":\"WebPage\",\"@id\":\"https:\\\/\\\/www.bbmnoticias.com\\\/labravaradiofm\\\/2025\\\/06\\\/09\\\/continuaran-lluvias-de-intensidad-variable-en-la-mayor-parte-de-oaxaca\\\/\",\"url\":\"https:\\\/\\\/www.bbmnoticias.com\\\/blog\\\/2025\\\/06\\\/09\\\/continuaran-lluvias-de-intensidad-variable-en-la-mayor-parte-de-oaxaca\\\/\",\"name\":\"Continuar\u00e1n lluvias de intensidad variable en la mayor parte de Oaxaca - LA BRAVA RADIO\",\"isPartOf\":{\"@id\":\"https:\\\/\\\/www.bbmnoticias.com\\\/labravaradiofm\\\/#website\"},\"primaryImageOfPage\":{\"@id\":\"https:\\\/\\\/www.bbmnoticias.com\\\/blog\\\/2025\\\/06\\\/09\\\/continuaran-lluvias-de-intensidad-variable-en-la-mayor-parte-de-oaxaca\\\/#primaryimage\"},\"image\":{\"@id\":\"https:\\\/\\\/www.bbmnoticias.com\\\/blog\\\/2025\\\/06\\\/09\\\/continuaran-lluvias-de-intensidad-variable-en-la-mayor-parte-de-oaxaca\\\/#primaryimage\"},\"thumbnailUrl\":\"https:\\\/\\\/www.bbmnoticias.com\\\/labravaradiofm\\\/wp-content\\\/uploads\\\/sites\\\/5\\\/2025\\\/06\\\/clima_oaxaca-3.jpg\",\"datePublished\":\"2025-06-09T14:14:46+00:00\",\"dateModified\":\"2025-06-09T14:15:19+00:00\",\"author\":{\"@id\":\"https:\\\/\\\/www.bbmnoticias.com\\\/labravaradiofm\\\/#\\\/schema\\\/person\\\/68a9e9036ef3c5b55aeb2b71dc8bab45\"},\"breadcrumb\":{\"@id\":\"https:\\\/\\\/www.bbmnoticias.com\\\/blog\\\/2025\\\/06\\\/09\\\/continuaran-lluvias-de-intensidad-variable-en-la-mayor-parte-de-oaxaca\\\/#breadcrumb\"},\"inLanguage\":\"es\",\"potentialAction\":[{\"@type\":\"ReadAction\",\"target\":[\"https:\\\/\\\/www.bbmnoticias.com\\\/blog\\\/2025\\\/06\\\/09\\\/continuaran-lluvias-de-intensidad-variable-en-la-mayor-parte-de-oaxaca\\\/\"]}]},{\"@type\":\"ImageObject\",\"inLanguage\":\"es\",\"@id\":\"https:\\\/\\\/www.bbmnoticias.com\\\/blog\\\/2025\\\/06\\\/09\\\/continuaran-lluvias-de-intensidad-variable-en-la-mayor-parte-de-oaxaca\\\/#primaryimage\",\"url\":\"https:\\\/\\\/www.bbmnoticias.com\\\/labravaradiofm\\\/wp-content\\\/uploads\\\/sites\\\/5\\\/2025\\\/06\\\/clima_oaxaca-3.jpg\",\"contentUrl\":\"https:\\\/\\\/www.bbmnoticias.com\\\/labravaradiofm\\\/wp-content\\\/uploads\\\/sites\\\/5\\\/2025\\\/06\\\/clima_oaxaca-3.jpg\",\"width\":800,\"height\":443},{\"@type\":\"BreadcrumbList\",\"@id\":\"https:\\\/\\\/www.bbmnoticias.com\\\/blog\\\/2025\\\/06\\\/09\\\/continuaran-lluvias-de-intensidad-variable-en-la-mayor-parte-de-oaxaca\\\/#breadcrumb\",\"itemListElement\":[{\"@type\":\"ListItem\",\"position\":1,\"name\":\"Inicio\",\"item\":\"https:\\\/\\\/www.bbmnoticias.com\\\/labravaradiofm\\\/\"},{\"@type\":\"ListItem\",\"position\":2,\"name\":\"Continuar\u00e1n lluvias de intensidad variable en la mayor parte de Oaxaca\"}]},{\"@type\":\"WebSite\",\"@id\":\"https:\\\/\\\/www.bbmnoticias.com\\\/labravaradiofm\\\/#website\",\"url\":\"https:\\\/\\\/www.bbmnoticias.com\\\/labravaradiofm\\\/\",\"name\":\"LA BRAVA RADIO\",\"description\":\"Empresa productora de medios, Radiodifusi\u00f3n, Noticias, tendencias y todo lo que necesitas saber de la pol\u00edtica mexicana e internacional; entretenimiento, espect\u00e1culos, salud y mucho m\u00e1s.\",\"potentialAction\":[{\"@type\":\"SearchAction\",\"target\":{\"@type\":\"EntryPoint\",\"urlTemplate\":\"https:\\\/\\\/www.bbmnoticias.com\\\/labravaradiofm\\\/?s={search_term_string}\"},\"query-input\":{\"@type\":\"PropertyValueSpecification\",\"valueRequired\":true,\"valueName\":\"search_term_string\"}}],\"inLanguage\":\"es\"},{\"@type\":\"Person\",\"@id\":\"https:\\\/\\\/www.bbmnoticias.com\\\/labravaradiofm\\\/#\\\/schema\\\/person\\\/68a9e9036ef3c5b55aeb2b71dc8bab45\",\"name\":\"Staff\",\"image\":{\"@type\":\"ImageObject\",\"inLanguage\":\"es\",\"@id\":\"https:\\\/\\\/secure.gravatar.com\\\/avatar\\\/fdd21ad66fd8b98c407f9dee5b5e588cfe7f0d8579ec20fa6527cd59bab7f0f0?s=96&d=mm&r=g\",\"url\":\"https:\\\/\\\/secure.gravatar.com\\\/avatar\\\/fdd21ad66fd8b98c407f9dee5b5e588cfe7f0d8579ec20fa6527cd59bab7f0f0?s=96&d=mm&r=g\",\"contentUrl\":\"https:\\\/\\\/secure.gravatar.com\\\/avatar\\\/fdd21ad66fd8b98c407f9dee5b5e588cfe7f0d8579ec20fa6527cd59bab7f0f0?s=96&d=mm&r=g\",\"caption\":\"Staff\"},\"url\":\"https:\\\/\\\/www.bbmnoticias.com\\\/labravaradiofm\\\/author\\\/redaccion\\\/\"}]}<\/script>\n<!-- \/ Yoast SEO plugin. -->","yoast_head_json":{"title":"Continuar\u00e1n lluvias de intensidad variable en la mayor parte de Oaxaca - LA BRAVA RADIO","robots":{"index":"index","follow":"follow","max-snippet":"max-snippet:-1","max-image-preview":"max-image-preview:large","max-video-preview":"max-video-preview:-1"},"canonical":"https:\/\/www.bbmnoticias.com\/blog\/2025\/06\/09\/continuaran-lluvias-de-intensidad-variable-en-la-mayor-parte-de-oaxaca\/","og_locale":"es_MX","og_type":"article","og_title":"Continuar\u00e1n lluvias de intensidad variable en la mayor parte de Oaxaca - LA BRAVA RADIO","og_description":"\u2022El ambiente permanecer\u00e1 caluroso con horas de bochorno en la Costa, Istmo y bajo del Papaloapan Oaxaca de Ju\u00e1rez, Oax. 9 de junio de 2025.- La Coordinaci\u00f3n Estatal de Protecci\u00f3n Civil y Gesti\u00f3n de Riesgos (CEPCyGR) informa que, para este lunes la inestabilidad atmosf\u00e9rica dejada por la tormenta tropical Barbara y otros eventos, seguir\u00e1n ocasionando [&hellip;]","og_url":"https:\/\/www.bbmnoticias.com\/blog\/2025\/06\/09\/continuaran-lluvias-de-intensidad-variable-en-la-mayor-parte-de-oaxaca\/","og_site_name":"LA BRAVA RADIO","article_published_time":"2025-06-09T14:14:46+00:00","article_modified_time":"2025-06-09T14:15:19+00:00","og_image":[{"width":800,"height":443,"url":"https:\/\/www.bbmnoticias.com\/labravaradiofm\/wp-content\/uploads\/sites\/5\/2025\/06\/clima_oaxaca-3.jpg","type":"image\/jpeg"}],"author":"Staff","twitter_card":"summary_large_image","twitter_misc":{"Escrito por":"Staff","Tiempo de lectura":"1 minuto"},"schema":{"@context":"https:\/\/schema.org","@graph":[{"@type":"Article","@id":"https:\/\/www.bbmnoticias.com\/blog\/2025\/06\/09\/continuaran-lluvias-de-intensidad-variable-en-la-mayor-parte-de-oaxaca\/#article","isPartOf":{"@id":"https:\/\/www.bbmnoticias.com\/labravaradiofm\/2025\/06\/09\/continuaran-lluvias-de-intensidad-variable-en-la-mayor-parte-de-oaxaca\/"},"author":{"name":"Staff","@id":"https:\/\/www.bbmnoticias.com\/labravaradiofm\/#\/schema\/person\/68a9e9036ef3c5b55aeb2b71dc8bab45"},"headline":"Continuar\u00e1n lluvias de intensidad variable en la mayor parte de Oaxaca","datePublished":"2025-06-09T14:14:46+00:00","dateModified":"2025-06-09T14:15:19+00:00","mainEntityOfPage":{"@id":"https:\/\/www.bbmnoticias.com\/labravaradiofm\/2025\/06\/09\/continuaran-lluvias-de-intensidad-variable-en-la-mayor-parte-de-oaxaca\/"},"wordCount":300,"image":{"@id":"https:\/\/www.bbmnoticias.com\/blog\/2025\/06\/09\/continuaran-lluvias-de-intensidad-variable-en-la-mayor-parte-de-oaxaca\/#primaryimage"},"thumbnailUrl":"https:\/\/www.bbmnoticias.com\/labravaradiofm\/wp-content\/uploads\/sites\/5\/2025\/06\/clima_oaxaca-3.jpg","articleSection":["LOCAL"],"inLanguage":"es"},{"@type":"WebPage","@id":"https:\/\/www.bbmnoticias.com\/labravaradiofm\/2025\/06\/09\/continuaran-lluvias-de-intensidad-variable-en-la-mayor-parte-de-oaxaca\/","url":"https:\/\/www.bbmnoticias.com\/blog\/2025\/06\/09\/continuaran-lluvias-de-intensidad-variable-en-la-mayor-parte-de-oaxaca\/","name":"Continuar\u00e1n lluvias de intensidad variable en la mayor parte de Oaxaca - LA BRAVA RADIO","isPartOf":{"@id":"https:\/\/www.bbmnoticias.com\/labravaradiofm\/#website"},"primaryImageOfPage":{"@id":"https:\/\/www.bbmnoticias.com\/blog\/2025\/06\/09\/continuaran-lluvias-de-intensidad-variable-en-la-mayor-parte-de-oaxaca\/#primaryimage"},"image":{"@id":"https:\/\/www.bbmnoticias.com\/blog\/2025\/06\/09\/continuaran-lluvias-de-intensidad-variable-en-la-mayor-parte-de-oaxaca\/#primaryimage"},"thumbnailUrl":"https:\/\/www.bbmnoticias.com\/labravaradiofm\/wp-content\/uploads\/sites\/5\/2025\/06\/clima_oaxaca-3.jpg","datePublished":"2025-06-09T14:14:46+00:00","dateModified":"2025-06-09T14:15:19+00:00","author":{"@id":"https:\/\/www.bbmnoticias.com\/labravaradiofm\/#\/schema\/person\/68a9e9036ef3c5b55aeb2b71dc8bab45"},"breadcrumb":{"@id":"https:\/\/www.bbmnoticias.com\/blog\/2025\/06\/09\/continuaran-lluvias-de-intensidad-variable-en-la-mayor-parte-de-oaxaca\/#breadcrumb"},"inLanguage":"es","potentialAction":[{"@type":"ReadAction","target":["https:\/\/www.bbmnoticias.com\/blog\/2025\/06\/09\/continuaran-lluvias-de-intensidad-variable-en-la-mayor-parte-de-oaxaca\/"]}]},{"@type":"ImageObject","inLanguage":"es","@id":"https:\/\/www.bbmnoticias.com\/blog\/2025\/06\/09\/continuaran-lluvias-de-intensidad-variable-en-la-mayor-parte-de-oaxaca\/#primaryimage","url":"https:\/\/www.bbmnoticias.com\/labravaradiofm\/wp-content\/uploads\/sites\/5\/2025\/06\/clima_oaxaca-3.jpg","contentUrl":"https:\/\/www.bbmnoticias.com\/labravaradiofm\/wp-content\/uploads\/sites\/5\/2025\/06\/clima_oaxaca-3.jpg","width":800,"height":443},{"@type":"BreadcrumbList","@id":"https:\/\/www.bbmnoticias.com\/blog\/2025\/06\/09\/continuaran-lluvias-de-intensidad-variable-en-la-mayor-parte-de-oaxaca\/#breadcrumb","itemListElement":[{"@type":"ListItem","position":1,"name":"Inicio","item":"https:\/\/www.bbmnoticias.com\/labravaradiofm\/"},{"@type":"ListItem","position":2,"name":"Continuar\u00e1n lluvias de intensidad variable en la mayor parte de Oaxaca"}]},{"@type":"WebSite","@id":"https:\/\/www.bbmnoticias.com\/labravaradiofm\/#website","url":"https:\/\/www.bbmnoticias.com\/labravaradiofm\/","name":"LA BRAVA RADIO","description":"Empresa productora de medios, Radiodifusi\u00f3n, Noticias, tendencias y todo lo que necesitas saber de la pol\u00edtica mexicana e internacional; entretenimiento, espect\u00e1culos, salud y mucho m\u00e1s.","potentialAction":[{"@type":"SearchAction","target":{"@type":"EntryPoint","urlTemplate":"https:\/\/www.bbmnoticias.com\/labravaradiofm\/?s={search_term_string}"},"query-input":{"@type":"PropertyValueSpecification","valueRequired":true,"valueName":"search_term_string"}}],"inLanguage":"es"},{"@type":"Person","@id":"https:\/\/www.bbmnoticias.com\/labravaradiofm\/#\/schema\/person\/68a9e9036ef3c5b55aeb2b71dc8bab45","name":"Staff","image":{"@type":"ImageObject","inLanguage":"es","@id":"https:\/\/secure.gravatar.com\/avatar\/fdd21ad66fd8b98c407f9dee5b5e588cfe7f0d8579ec20fa6527cd59bab7f0f0?s=96&d=mm&r=g","url":"https:\/\/secure.gravatar.com\/avatar\/fdd21ad66fd8b98c407f9dee5b5e588cfe7f0d8579ec20fa6527cd59bab7f0f0?s=96&d=mm&r=g","contentUrl":"https:\/\/secure.gravatar.com\/avatar\/fdd21ad66fd8b98c407f9dee5b5e588cfe7f0d8579ec20fa6527cd59bab7f0f0?s=96&d=mm&r=g","caption":"Staff"},"url":"https:\/\/www.bbmnoticias.com\/labravaradiofm\/author\/redaccion\/"}]}},"_links":{"self":[{"href":"https:\/\/www.bbmnoticias.com\/labravaradiofm\/wp-json\/wp\/v2\/posts\/61483","targetHints":{"allow":["GET"]}}],"collection":[{"href":"https:\/\/www.bbmnoticias.com\/labravaradiofm\/wp-json\/wp\/v2\/posts"}],"about":[{"href":"https:\/\/www.bbmnoticias.com\/labravaradiofm\/wp-json\/wp\/v2\/types\/post"}],"author":[{"embeddable":true,"href":"https:\/\/www.bbmnoticias.com\/labravaradiofm\/wp-json\/wp\/v2\/users\/2"}],"replies":[{"embeddable":true,"href":"https:\/\/www.bbmnoticias.com\/labravaradiofm\/wp-json\/wp\/v2\/comments?post=61483"}],"version-history":[{"count":0,"href":"https:\/\/www.bbmnoticias.com\/labravaradiofm\/wp-json\/wp\/v2\/posts\/61483\/revisions"}],"wp:featuredmedia":[{"embeddable":true,"href":"https:\/\/www.bbmnoticias.com\/labravaradiofm\/wp-json\/wp\/v2\/media\/61485"}],"wp:attachment":[{"href":"https:\/\/www.bbmnoticias.com\/labravaradiofm\/wp-json\/wp\/v2\/media?parent=61483"}],"wp:term":[{"taxonomy":"category","embeddable":true,"href":"https:\/\/www.bbmnoticias.com\/labravaradiofm\/wp-json\/wp\/v2\/categories?post=61483"},{"taxonomy":"post_tag","embeddable":true,"href":"https:\/\/www.bbmnoticias.com\/labravaradiofm\/wp-json\/wp\/v2\/tags?post=61483"}],"curies":[{"name":"wp","href":"https:\/\/api.w.org\/{rel}","templated":true}]}}