{"id":61480,"date":"2025-06-07T09:45:03","date_gmt":"2025-06-07T15:45:03","guid":{"rendered":"https:\/\/www.bbmnoticias.com\/labravaradiofm\/2025\/06\/07\/cnte-comienza-retiro-del-planton-en-el-zocalo-capitalino\/"},"modified":"2025-06-07T09:45:13","modified_gmt":"2025-06-07T15:45:13","slug":"cnte-comienza-retiro-del-planton-en-el-zocalo-capitalino","status":"publish","type":"post","link":"https:\/\/www.bbmnoticias.com\/labravaradiofm\/2025\/06\/07\/cnte-comienza-retiro-del-planton-en-el-zocalo-capitalino\/","title":{"rendered":"CNTE comienza retiro del plant\u00f3n en el Z\u00f3calo capitalino"},"content":{"rendered":"<div style=\"margin-top: 0px; margin-bottom: 0px;\" class=\"sharethis-inline-share-buttons\" ><\/div>\n<p>Durante la ma\u00f1ana de este s\u00e1bado, integrantes de la<strong> Coordinadora Nacional de Trabajadores de la Educaci\u00f3n (CNTE)<\/strong> iniciaron el retiro del plant\u00f3n en la plancha del <strong>Z\u00f3calo<\/strong> capitalino, luego de m\u00e1s de<strong> 20 d\u00edas de manifestaciones.<\/strong><\/p>\n\n\n\n<p>Calles como<strong> Madero, 5 de mayo, 16 de septiembre y 5 de febrero<\/strong> tambi\u00e9n fueron liberadas, lo que ha permitido la reactivaci\u00f3n de actividades comerciales en la zona.<\/p>\n\n\n\n<p>Se prev\u00e9 que los manifestantes abandonen completamente el lugar<strong> alrededor de las 16:00 horas.<\/strong><\/p>\n\n\n\n<p>No obstante, la CNTE tiene programado un mitin este mismo s\u00e1bado para pronunciarse ante <strong>la falta de acuerdos en las mesas de di\u00e1logo con autoridades federales.<\/strong> Entre sus principales demandas est\u00e1n la abrogaci\u00f3n de la Ley del ISSSTE de 2007 y la Reforma Educativa, un aumento salarial del 100%, la reinstalaci\u00f3n de trabajadores cesados y mayor presupuesto para educaci\u00f3n y salud.<\/p>\n\n\n\n<p>Tambi\u00e9n exigen eliminar la<strong> Unidad de Medida y Actualizaci\u00f3n (UMA)<\/strong> en el c\u00e1lculo de pensiones y sustituirla por el salario m\u00ednimo, as\u00ed como promover la democracia sindical.<\/p>\n\n\n\n<p>Con informaci\u00f3n de Milenio.<\/p>\n","protected":false},"excerpt":{"rendered":"<p>Durante la ma\u00f1ana de este s\u00e1bado, integrantes de la Coordinadora Nacional de Trabajadores de la Educaci\u00f3n (CNTE) iniciaron el retiro del plant\u00f3n en la plancha del Z\u00f3calo capitalino, luego de m\u00e1s de 20 d\u00edas de manifestaciones. Calles como Madero, 5 de mayo, 16 de septiembre y 5 de febrero tambi\u00e9n fueron liberadas, lo que ha [&hellip;]<\/p>\n","protected":false},"author":4,"featured_media":61482,"comment_status":"closed","ping_status":"","sticky":false,"template":"","format":"standard","meta":{"footnotes":""},"categories":[2,19],"tags":[],"class_list":{"0":"post-61480","1":"post","2":"type-post","3":"status-publish","4":"format-standard","5":"has-post-thumbnail","7":"category-oaxaca","8":"category-nacional"},"yoast_head":"<!-- This site is optimized with the Yoast SEO plugin v27.4 - https:\/\/yoast.com\/product\/yoast-seo-wordpress\/ -->\n<title>CNTE comienza retiro del plant\u00f3n en el Z\u00f3calo capitalino - LA BRAVA RADIO<\/title>\n<meta name=\"robots\" content=\"index, follow, max-snippet:-1, max-image-preview:large, max-video-preview:-1\" \/>\n<link rel=\"canonical\" href=\"https:\/\/www.bbmnoticias.com\/blog\/2025\/06\/07\/cnte-comienza-retiro-del-planton-en-el-zocalo-capitalino\/\" \/>\n<meta property=\"og:locale\" content=\"es_MX\" \/>\n<meta property=\"og:type\" content=\"article\" \/>\n<meta property=\"og:title\" content=\"CNTE comienza retiro del plant\u00f3n en el Z\u00f3calo capitalino - LA BRAVA RADIO\" \/>\n<meta property=\"og:description\" content=\"Durante la ma\u00f1ana de este s\u00e1bado, integrantes de la Coordinadora Nacional de Trabajadores de la Educaci\u00f3n (CNTE) iniciaron el retiro del plant\u00f3n en la plancha del Z\u00f3calo capitalino, luego de m\u00e1s de 20 d\u00edas de manifestaciones. Calles como Madero, 5 de mayo, 16 de septiembre y 5 de febrero tambi\u00e9n fueron liberadas, lo que ha [&hellip;]\" \/>\n<meta property=\"og:url\" content=\"https:\/\/www.bbmnoticias.com\/blog\/2025\/06\/07\/cnte-comienza-retiro-del-planton-en-el-zocalo-capitalino\/\" \/>\n<meta property=\"og:site_name\" content=\"LA BRAVA RADIO\" \/>\n<meta property=\"article:published_time\" content=\"2025-06-07T15:45:03+00:00\" \/>\n<meta property=\"article:modified_time\" content=\"2025-06-07T15:45:13+00:00\" \/>\n<meta property=\"og:image\" content=\"https:\/\/www.bbmnoticias.com\/labravaradiofm\/wp-content\/uploads\/sites\/5\/2025\/06\/maestros-inician-retiro-de-planton-en-ciudad-de-mexico-tras-mas-de-tres-semanas-de-paro-1-1536x1024-1.jpg\" \/>\n\t<meta property=\"og:image:width\" content=\"1536\" \/>\n\t<meta property=\"og:image:height\" content=\"1024\" \/>\n\t<meta property=\"og:image:type\" content=\"image\/jpeg\" \/>\n<meta name=\"author\" content=\"Agencias\" \/>\n<meta name=\"twitter:card\" content=\"summary_large_image\" \/>\n<meta name=\"twitter:label1\" content=\"Escrito por\" \/>\n\t<meta name=\"twitter:data1\" content=\"Agencias\" \/>\n\t<meta name=\"twitter:label2\" content=\"Tiempo de lectura\" \/>\n\t<meta name=\"twitter:data2\" content=\"1 minuto\" \/>\n<script type=\"application\/ld+json\" class=\"yoast-schema-graph\">{\"@context\":\"https:\\\/\\\/schema.org\",\"@graph\":[{\"@type\":\"Article\",\"@id\":\"https:\\\/\\\/www.bbmnoticias.com\\\/blog\\\/2025\\\/06\\\/07\\\/cnte-comienza-retiro-del-planton-en-el-zocalo-capitalino\\\/#article\",\"isPartOf\":{\"@id\":\"https:\\\/\\\/www.bbmnoticias.com\\\/labravaradiofm\\\/2025\\\/06\\\/07\\\/cnte-comienza-retiro-del-planton-en-el-zocalo-capitalino\\\/\"},\"author\":{\"name\":\"Agencias\",\"@id\":\"https:\\\/\\\/www.bbmnoticias.com\\\/labravaradiofm\\\/#\\\/schema\\\/person\\\/000bdaf0a8fb5bff0d537c4d0778e33f\"},\"headline\":\"CNTE comienza retiro del plant\u00f3n en el Z\u00f3calo capitalino\",\"datePublished\":\"2025-06-07T15:45:03+00:00\",\"dateModified\":\"2025-06-07T15:45:13+00:00\",\"mainEntityOfPage\":{\"@id\":\"https:\\\/\\\/www.bbmnoticias.com\\\/labravaradiofm\\\/2025\\\/06\\\/07\\\/cnte-comienza-retiro-del-planton-en-el-zocalo-capitalino\\\/\"},\"wordCount\":194,\"image\":{\"@id\":\"https:\\\/\\\/www.bbmnoticias.com\\\/blog\\\/2025\\\/06\\\/07\\\/cnte-comienza-retiro-del-planton-en-el-zocalo-capitalino\\\/#primaryimage\"},\"thumbnailUrl\":\"https:\\\/\\\/www.bbmnoticias.com\\\/labravaradiofm\\\/wp-content\\\/uploads\\\/sites\\\/5\\\/2025\\\/06\\\/maestros-inician-retiro-de-planton-en-ciudad-de-mexico-tras-mas-de-tres-semanas-de-paro-1-1536x1024-1.jpg\",\"articleSection\":[\"LOCAL\",\"NACIONAL\"],\"inLanguage\":\"es\"},{\"@type\":\"WebPage\",\"@id\":\"https:\\\/\\\/www.bbmnoticias.com\\\/labravaradiofm\\\/2025\\\/06\\\/07\\\/cnte-comienza-retiro-del-planton-en-el-zocalo-capitalino\\\/\",\"url\":\"https:\\\/\\\/www.bbmnoticias.com\\\/blog\\\/2025\\\/06\\\/07\\\/cnte-comienza-retiro-del-planton-en-el-zocalo-capitalino\\\/\",\"name\":\"CNTE comienza retiro del plant\u00f3n en el Z\u00f3calo capitalino - LA BRAVA RADIO\",\"isPartOf\":{\"@id\":\"https:\\\/\\\/www.bbmnoticias.com\\\/labravaradiofm\\\/#website\"},\"primaryImageOfPage\":{\"@id\":\"https:\\\/\\\/www.bbmnoticias.com\\\/blog\\\/2025\\\/06\\\/07\\\/cnte-comienza-retiro-del-planton-en-el-zocalo-capitalino\\\/#primaryimage\"},\"image\":{\"@id\":\"https:\\\/\\\/www.bbmnoticias.com\\\/blog\\\/2025\\\/06\\\/07\\\/cnte-comienza-retiro-del-planton-en-el-zocalo-capitalino\\\/#primaryimage\"},\"thumbnailUrl\":\"https:\\\/\\\/www.bbmnoticias.com\\\/labravaradiofm\\\/wp-content\\\/uploads\\\/sites\\\/5\\\/2025\\\/06\\\/maestros-inician-retiro-de-planton-en-ciudad-de-mexico-tras-mas-de-tres-semanas-de-paro-1-1536x1024-1.jpg\",\"datePublished\":\"2025-06-07T15:45:03+00:00\",\"dateModified\":\"2025-06-07T15:45:13+00:00\",\"author\":{\"@id\":\"https:\\\/\\\/www.bbmnoticias.com\\\/labravaradiofm\\\/#\\\/schema\\\/person\\\/000bdaf0a8fb5bff0d537c4d0778e33f\"},\"breadcrumb\":{\"@id\":\"https:\\\/\\\/www.bbmnoticias.com\\\/blog\\\/2025\\\/06\\\/07\\\/cnte-comienza-retiro-del-planton-en-el-zocalo-capitalino\\\/#breadcrumb\"},\"inLanguage\":\"es\",\"potentialAction\":[{\"@type\":\"ReadAction\",\"target\":[\"https:\\\/\\\/www.bbmnoticias.com\\\/blog\\\/2025\\\/06\\\/07\\\/cnte-comienza-retiro-del-planton-en-el-zocalo-capitalino\\\/\"]}]},{\"@type\":\"ImageObject\",\"inLanguage\":\"es\",\"@id\":\"https:\\\/\\\/www.bbmnoticias.com\\\/blog\\\/2025\\\/06\\\/07\\\/cnte-comienza-retiro-del-planton-en-el-zocalo-capitalino\\\/#primaryimage\",\"url\":\"https:\\\/\\\/www.bbmnoticias.com\\\/labravaradiofm\\\/wp-content\\\/uploads\\\/sites\\\/5\\\/2025\\\/06\\\/maestros-inician-retiro-de-planton-en-ciudad-de-mexico-tras-mas-de-tres-semanas-de-paro-1-1536x1024-1.jpg\",\"contentUrl\":\"https:\\\/\\\/www.bbmnoticias.com\\\/labravaradiofm\\\/wp-content\\\/uploads\\\/sites\\\/5\\\/2025\\\/06\\\/maestros-inician-retiro-de-planton-en-ciudad-de-mexico-tras-mas-de-tres-semanas-de-paro-1-1536x1024-1.jpg\",\"width\":1536,\"height\":1024},{\"@type\":\"BreadcrumbList\",\"@id\":\"https:\\\/\\\/www.bbmnoticias.com\\\/blog\\\/2025\\\/06\\\/07\\\/cnte-comienza-retiro-del-planton-en-el-zocalo-capitalino\\\/#breadcrumb\",\"itemListElement\":[{\"@type\":\"ListItem\",\"position\":1,\"name\":\"Inicio\",\"item\":\"https:\\\/\\\/www.bbmnoticias.com\\\/labravaradiofm\\\/\"},{\"@type\":\"ListItem\",\"position\":2,\"name\":\"CNTE comienza retiro del plant\u00f3n en el Z\u00f3calo capitalino\"}]},{\"@type\":\"WebSite\",\"@id\":\"https:\\\/\\\/www.bbmnoticias.com\\\/labravaradiofm\\\/#website\",\"url\":\"https:\\\/\\\/www.bbmnoticias.com\\\/labravaradiofm\\\/\",\"name\":\"LA BRAVA RADIO\",\"description\":\"Empresa productora de medios, Radiodifusi\u00f3n, Noticias, tendencias y todo lo que necesitas saber de la pol\u00edtica mexicana e internacional; entretenimiento, espect\u00e1culos, salud y mucho m\u00e1s.\",\"potentialAction\":[{\"@type\":\"SearchAction\",\"target\":{\"@type\":\"EntryPoint\",\"urlTemplate\":\"https:\\\/\\\/www.bbmnoticias.com\\\/labravaradiofm\\\/?s={search_term_string}\"},\"query-input\":{\"@type\":\"PropertyValueSpecification\",\"valueRequired\":true,\"valueName\":\"search_term_string\"}}],\"inLanguage\":\"es\"},{\"@type\":\"Person\",\"@id\":\"https:\\\/\\\/www.bbmnoticias.com\\\/labravaradiofm\\\/#\\\/schema\\\/person\\\/000bdaf0a8fb5bff0d537c4d0778e33f\",\"name\":\"Agencias\",\"image\":{\"@type\":\"ImageObject\",\"inLanguage\":\"es\",\"@id\":\"https:\\\/\\\/secure.gravatar.com\\\/avatar\\\/739e0b61adf9e398b425c36718c8752286da0e8cd90f20ce9a86678abc26aa0d?s=96&d=mm&r=g\",\"url\":\"https:\\\/\\\/secure.gravatar.com\\\/avatar\\\/739e0b61adf9e398b425c36718c8752286da0e8cd90f20ce9a86678abc26aa0d?s=96&d=mm&r=g\",\"contentUrl\":\"https:\\\/\\\/secure.gravatar.com\\\/avatar\\\/739e0b61adf9e398b425c36718c8752286da0e8cd90f20ce9a86678abc26aa0d?s=96&d=mm&r=g\",\"caption\":\"Agencias\"},\"url\":\"https:\\\/\\\/www.bbmnoticias.com\\\/labravaradiofm\\\/author\\\/agencias\\\/\"}]}<\/script>\n<!-- \/ Yoast SEO plugin. -->","yoast_head_json":{"title":"CNTE comienza retiro del plant\u00f3n en el Z\u00f3calo capitalino - LA BRAVA RADIO","robots":{"index":"index","follow":"follow","max-snippet":"max-snippet:-1","max-image-preview":"max-image-preview:large","max-video-preview":"max-video-preview:-1"},"canonical":"https:\/\/www.bbmnoticias.com\/blog\/2025\/06\/07\/cnte-comienza-retiro-del-planton-en-el-zocalo-capitalino\/","og_locale":"es_MX","og_type":"article","og_title":"CNTE comienza retiro del plant\u00f3n en el Z\u00f3calo capitalino - LA BRAVA RADIO","og_description":"Durante la ma\u00f1ana de este s\u00e1bado, integrantes de la Coordinadora Nacional de Trabajadores de la Educaci\u00f3n (CNTE) iniciaron el retiro del plant\u00f3n en la plancha del Z\u00f3calo capitalino, luego de m\u00e1s de 20 d\u00edas de manifestaciones. Calles como Madero, 5 de mayo, 16 de septiembre y 5 de febrero tambi\u00e9n fueron liberadas, lo que ha [&hellip;]","og_url":"https:\/\/www.bbmnoticias.com\/blog\/2025\/06\/07\/cnte-comienza-retiro-del-planton-en-el-zocalo-capitalino\/","og_site_name":"LA BRAVA RADIO","article_published_time":"2025-06-07T15:45:03+00:00","article_modified_time":"2025-06-07T15:45:13+00:00","og_image":[{"width":1536,"height":1024,"url":"https:\/\/www.bbmnoticias.com\/labravaradiofm\/wp-content\/uploads\/sites\/5\/2025\/06\/maestros-inician-retiro-de-planton-en-ciudad-de-mexico-tras-mas-de-tres-semanas-de-paro-1-1536x1024-1.jpg","type":"image\/jpeg"}],"author":"Agencias","twitter_card":"summary_large_image","twitter_misc":{"Escrito por":"Agencias","Tiempo de lectura":"1 minuto"},"schema":{"@context":"https:\/\/schema.org","@graph":[{"@type":"Article","@id":"https:\/\/www.bbmnoticias.com\/blog\/2025\/06\/07\/cnte-comienza-retiro-del-planton-en-el-zocalo-capitalino\/#article","isPartOf":{"@id":"https:\/\/www.bbmnoticias.com\/labravaradiofm\/2025\/06\/07\/cnte-comienza-retiro-del-planton-en-el-zocalo-capitalino\/"},"author":{"name":"Agencias","@id":"https:\/\/www.bbmnoticias.com\/labravaradiofm\/#\/schema\/person\/000bdaf0a8fb5bff0d537c4d0778e33f"},"headline":"CNTE comienza retiro del plant\u00f3n en el Z\u00f3calo capitalino","datePublished":"2025-06-07T15:45:03+00:00","dateModified":"2025-06-07T15:45:13+00:00","mainEntityOfPage":{"@id":"https:\/\/www.bbmnoticias.com\/labravaradiofm\/2025\/06\/07\/cnte-comienza-retiro-del-planton-en-el-zocalo-capitalino\/"},"wordCount":194,"image":{"@id":"https:\/\/www.bbmnoticias.com\/blog\/2025\/06\/07\/cnte-comienza-retiro-del-planton-en-el-zocalo-capitalino\/#primaryimage"},"thumbnailUrl":"https:\/\/www.bbmnoticias.com\/labravaradiofm\/wp-content\/uploads\/sites\/5\/2025\/06\/maestros-inician-retiro-de-planton-en-ciudad-de-mexico-tras-mas-de-tres-semanas-de-paro-1-1536x1024-1.jpg","articleSection":["LOCAL","NACIONAL"],"inLanguage":"es"},{"@type":"WebPage","@id":"https:\/\/www.bbmnoticias.com\/labravaradiofm\/2025\/06\/07\/cnte-comienza-retiro-del-planton-en-el-zocalo-capitalino\/","url":"https:\/\/www.bbmnoticias.com\/blog\/2025\/06\/07\/cnte-comienza-retiro-del-planton-en-el-zocalo-capitalino\/","name":"CNTE comienza retiro del plant\u00f3n en el Z\u00f3calo capitalino - LA BRAVA RADIO","isPartOf":{"@id":"https:\/\/www.bbmnoticias.com\/labravaradiofm\/#website"},"primaryImageOfPage":{"@id":"https:\/\/www.bbmnoticias.com\/blog\/2025\/06\/07\/cnte-comienza-retiro-del-planton-en-el-zocalo-capitalino\/#primaryimage"},"image":{"@id":"https:\/\/www.bbmnoticias.com\/blog\/2025\/06\/07\/cnte-comienza-retiro-del-planton-en-el-zocalo-capitalino\/#primaryimage"},"thumbnailUrl":"https:\/\/www.bbmnoticias.com\/labravaradiofm\/wp-content\/uploads\/sites\/5\/2025\/06\/maestros-inician-retiro-de-planton-en-ciudad-de-mexico-tras-mas-de-tres-semanas-de-paro-1-1536x1024-1.jpg","datePublished":"2025-06-07T15:45:03+00:00","dateModified":"2025-06-07T15:45:13+00:00","author":{"@id":"https:\/\/www.bbmnoticias.com\/labravaradiofm\/#\/schema\/person\/000bdaf0a8fb5bff0d537c4d0778e33f"},"breadcrumb":{"@id":"https:\/\/www.bbmnoticias.com\/blog\/2025\/06\/07\/cnte-comienza-retiro-del-planton-en-el-zocalo-capitalino\/#breadcrumb"},"inLanguage":"es","potentialAction":[{"@type":"ReadAction","target":["https:\/\/www.bbmnoticias.com\/blog\/2025\/06\/07\/cnte-comienza-retiro-del-planton-en-el-zocalo-capitalino\/"]}]},{"@type":"ImageObject","inLanguage":"es","@id":"https:\/\/www.bbmnoticias.com\/blog\/2025\/06\/07\/cnte-comienza-retiro-del-planton-en-el-zocalo-capitalino\/#primaryimage","url":"https:\/\/www.bbmnoticias.com\/labravaradiofm\/wp-content\/uploads\/sites\/5\/2025\/06\/maestros-inician-retiro-de-planton-en-ciudad-de-mexico-tras-mas-de-tres-semanas-de-paro-1-1536x1024-1.jpg","contentUrl":"https:\/\/www.bbmnoticias.com\/labravaradiofm\/wp-content\/uploads\/sites\/5\/2025\/06\/maestros-inician-retiro-de-planton-en-ciudad-de-mexico-tras-mas-de-tres-semanas-de-paro-1-1536x1024-1.jpg","width":1536,"height":1024},{"@type":"BreadcrumbList","@id":"https:\/\/www.bbmnoticias.com\/blog\/2025\/06\/07\/cnte-comienza-retiro-del-planton-en-el-zocalo-capitalino\/#breadcrumb","itemListElement":[{"@type":"ListItem","position":1,"name":"Inicio","item":"https:\/\/www.bbmnoticias.com\/labravaradiofm\/"},{"@type":"ListItem","position":2,"name":"CNTE comienza retiro del plant\u00f3n en el Z\u00f3calo capitalino"}]},{"@type":"WebSite","@id":"https:\/\/www.bbmnoticias.com\/labravaradiofm\/#website","url":"https:\/\/www.bbmnoticias.com\/labravaradiofm\/","name":"LA BRAVA RADIO","description":"Empresa productora de medios, Radiodifusi\u00f3n, Noticias, tendencias y todo lo que necesitas saber de la pol\u00edtica mexicana e internacional; entretenimiento, espect\u00e1culos, salud y mucho m\u00e1s.","potentialAction":[{"@type":"SearchAction","target":{"@type":"EntryPoint","urlTemplate":"https:\/\/www.bbmnoticias.com\/labravaradiofm\/?s={search_term_string}"},"query-input":{"@type":"PropertyValueSpecification","valueRequired":true,"valueName":"search_term_string"}}],"inLanguage":"es"},{"@type":"Person","@id":"https:\/\/www.bbmnoticias.com\/labravaradiofm\/#\/schema\/person\/000bdaf0a8fb5bff0d537c4d0778e33f","name":"Agencias","image":{"@type":"ImageObject","inLanguage":"es","@id":"https:\/\/secure.gravatar.com\/avatar\/739e0b61adf9e398b425c36718c8752286da0e8cd90f20ce9a86678abc26aa0d?s=96&d=mm&r=g","url":"https:\/\/secure.gravatar.com\/avatar\/739e0b61adf9e398b425c36718c8752286da0e8cd90f20ce9a86678abc26aa0d?s=96&d=mm&r=g","contentUrl":"https:\/\/secure.gravatar.com\/avatar\/739e0b61adf9e398b425c36718c8752286da0e8cd90f20ce9a86678abc26aa0d?s=96&d=mm&r=g","caption":"Agencias"},"url":"https:\/\/www.bbmnoticias.com\/labravaradiofm\/author\/agencias\/"}]}},"_links":{"self":[{"href":"https:\/\/www.bbmnoticias.com\/labravaradiofm\/wp-json\/wp\/v2\/posts\/61480","targetHints":{"allow":["GET"]}}],"collection":[{"href":"https:\/\/www.bbmnoticias.com\/labravaradiofm\/wp-json\/wp\/v2\/posts"}],"about":[{"href":"https:\/\/www.bbmnoticias.com\/labravaradiofm\/wp-json\/wp\/v2\/types\/post"}],"author":[{"embeddable":true,"href":"https:\/\/www.bbmnoticias.com\/labravaradiofm\/wp-json\/wp\/v2\/users\/4"}],"replies":[{"embeddable":true,"href":"https:\/\/www.bbmnoticias.com\/labravaradiofm\/wp-json\/wp\/v2\/comments?post=61480"}],"version-history":[{"count":0,"href":"https:\/\/www.bbmnoticias.com\/labravaradiofm\/wp-json\/wp\/v2\/posts\/61480\/revisions"}],"wp:featuredmedia":[{"embeddable":true,"href":"https:\/\/www.bbmnoticias.com\/labravaradiofm\/wp-json\/wp\/v2\/media\/61482"}],"wp:attachment":[{"href":"https:\/\/www.bbmnoticias.com\/labravaradiofm\/wp-json\/wp\/v2\/media?parent=61480"}],"wp:term":[{"taxonomy":"category","embeddable":true,"href":"https:\/\/www.bbmnoticias.com\/labravaradiofm\/wp-json\/wp\/v2\/categories?post=61480"},{"taxonomy":"post_tag","embeddable":true,"href":"https:\/\/www.bbmnoticias.com\/labravaradiofm\/wp-json\/wp\/v2\/tags?post=61480"}],"curies":[{"name":"wp","href":"https:\/\/api.w.org\/{rel}","templated":true}]}}